{"id":5738,"date":"2021-10-18T11:37:39","date_gmt":"2021-10-18T14:37:39","guid":{"rendered":"http:\/\/10.101.10.197\/www\/?p=5738"},"modified":"2021-10-19T09:21:51","modified_gmt":"2021-10-19T12:21:51","slug":"presentacion-del-programa-de-economia-social-solidaria-comunitaria-popular-y-plural","status":"publish","type":"post","link":"https:\/\/www.fcejs.unsl.edu.ar\/index.php\/presentacion-del-programa-de-economia-social-solidaria-comunitaria-popular-y-plural\/","title":{"rendered":"Presentaci\u00f3n del Programa de Econom\u00eda Social, Solidaria, Comunitaria, Popular y Plural"},"content":{"rendered":"<p>Con las palabras de bienvenida del Vicedecano de la FCEJS, Esp. Esteban Arias, en la tarde del viernes 15 de octubre se llev\u00f3 a cabo la presentaci\u00f3n del Programa de Econom\u00eda Social, Solidaria, Comunitaria, Popular y Plural, dependiente de la Secretar\u00eda de Extensi\u00f3n Universitaria de la Facultad y coordinado por el Esp. Juan Norberto Carena.<\/p>\n<p>El Vicedecano expres\u00f3 que en este contexto, se hace necesario reconocer realidades, contenidos, percepciones e interpretaciones tan diferentes como v\u00e1lidas abonando a la construcci\u00f3n de un estado que no solo reconozca ciudadanos econ\u00f3micos sino una ciudadan\u00eda social con aportes fundamentales hacia la econom\u00eda y la introducci\u00f3n de una alternativa al proceso de la econom\u00eda de mercado, la Econom\u00eda Social y Solidaria, concluy\u00f3.<\/p>\n<p>La Secretaria de Extensi\u00f3n Universitaria, Lic. Marcela Calder\u00f3n expres\u00f3 que este nuevo programa nace a partir de reconocer las m\u00faltiples formas de organizaci\u00f3n econ\u00f3mica que est\u00e1n surgiendo en el pa\u00eds y en la comunidad de Villa Mercedes, en relaci\u00f3n a la econom\u00eda social que toman cuerpo a trav\u00e9s de proyectos asociativos, de cooperativas y de mutuales.<\/p>\n<p>Algunos de los objetivos del programa son aportar herramientas te\u00f3ricas, epistemol\u00f3gicas y pol\u00edticas que se vinculan a la econom\u00eda social y comunitaria; favorecer espacios de formaci\u00f3n a trabajadores y trabajadoras de la econom\u00eda social y a futuros profesionales a trav\u00e9s de un di\u00e1logo de saberes. \u201cOtra dimensi\u00f3n que pretende tomar este programa son los aportes de la econom\u00eda feminista, por ello una de las comisiones va a referir a la Econom\u00eda Social y G\u00e9nero, ya que los emprendimientos existentes en la regi\u00f3n vinculados a la econom\u00eda social est\u00e1n integrados en la gran mayor\u00eda por mujeres\u201d, puntualiz\u00f3 la licenciada.<\/p>\n<p><img fetchpriority=\"high\" decoding=\"async\" class=\"aligncenter size-large wp-image-5740\" src=\"https:\/\/www.fcejs.unsl.edu.ar\/wp-content\/uploads\/2021\/10\/Reunion-informativa-1024x575.jpg\" alt=\"\" width=\"843\" height=\"473\" srcset=\"https:\/\/www.fcejs.unsl.edu.ar\/wp-content\/uploads\/2021\/10\/Reunion-informativa-1024x575.jpg 1024w, https:\/\/www.fcejs.unsl.edu.ar\/wp-content\/uploads\/2021\/10\/Reunion-informativa-300x168.jpg 300w, https:\/\/www.fcejs.unsl.edu.ar\/wp-content\/uploads\/2021\/10\/Reunion-informativa-768x431.jpg 768w, https:\/\/www.fcejs.unsl.edu.ar\/wp-content\/uploads\/2021\/10\/Reunion-informativa.jpg 1152w\" sizes=\"(max-width: 843px) 100vw, 843px\" \/><\/p>\n<p>Para consultas escribir al Correo Electr\u00f3nico: programaeconomiasocialfcejys@gmail.com<\/p>\n","protected":false},"excerpt":{"rendered":"<p>Con las palabras de bienvenida del Vicedecano de la FCEJS, Esp. Esteban Arias, en la tarde del viernes 15 de octubre se llev\u00f3 a cabo&hellip;<\/p>\n","protected":false},"author":9,"featured_media":5739,"comment_status":"closed","ping_status":"closed","sticky":false,"template":"","format":"standard","meta":{"om_disable_all_campaigns":false,"_monsterinsights_skip_tracking":false,"_monsterinsights_sitenote_active":false,"_monsterinsights_sitenote_note":"","_monsterinsights_sitenote_category":0,"footnotes":""},"categories":[1],"tags":[],"class_list":["post-5738","post","type-post","status-publish","format-standard","has-post-thumbnail","hentry","category-noticias"],"yoast_head":"<!-- This site is optimized with the Yoast SEO plugin v27.4 - https:\/\/yoast.com\/product\/yoast-seo-wordpress\/ -->\n<title>Presentaci\u00f3n del Programa de Econom\u00eda Social, Solidaria, Comunitaria, Popular y Plural - Facultad de Ciencias Econ\u00f3micas, Jur\u00ed\u00addicas y Sociales<\/title>\n<meta name=\"robots\" content=\"index, follow, max-snippet:-1, max-image-preview:large, max-video-preview:-1\" \/>\n<link rel=\"canonical\" href=\"https:\/\/www.fcejs.unsl.edu.ar\/index.php\/presentacion-del-programa-de-economia-social-solidaria-comunitaria-popular-y-plural\/\" \/>\n<meta property=\"og:locale\" content=\"es_ES\" \/>\n<meta property=\"og:type\" content=\"article\" \/>\n<meta property=\"og:title\" content=\"Presentaci\u00f3n del Programa de Econom\u00eda Social, Solidaria, Comunitaria, Popular y Plural - Facultad de Ciencias Econ\u00f3micas, Jur\u00ed\u00addicas y Sociales\" \/>\n<meta property=\"og:description\" content=\"Con las palabras de bienvenida del Vicedecano de la FCEJS, Esp. Esteban Arias, en la tarde del viernes 15 de octubre se llev\u00f3 a cabo&hellip;\" \/>\n<meta property=\"og:url\" content=\"https:\/\/www.fcejs.unsl.edu.ar\/index.php\/presentacion-del-programa-de-economia-social-solidaria-comunitaria-popular-y-plural\/\" \/>\n<meta property=\"og:site_name\" content=\"Facultad de Ciencias Econ\u00f3micas, Jur\u00ed\u00addicas y Sociales\" \/>\n<meta property=\"article:publisher\" content=\"https:\/\/www.facebook.com\/FCEJS.UNSL\/\" \/>\n<meta property=\"article:published_time\" content=\"2021-10-18T14:37:39+00:00\" \/>\n<meta property=\"article:modified_time\" content=\"2021-10-19T12:21:51+00:00\" \/>\n<meta property=\"og:image\" content=\"https:\/\/www.fcejs.unsl.edu.ar\/wp-content\/uploads\/2021\/10\/Reunion-informativa-02.jpg\" \/>\n\t<meta property=\"og:image:width\" content=\"1152\" \/>\n\t<meta property=\"og:image:height\" content=\"647\" \/>\n\t<meta property=\"og:image:type\" content=\"image\/jpeg\" \/>\n<meta name=\"author\" content=\"DATI\" \/>\n<meta name=\"twitter:card\" content=\"summary_large_image\" \/>\n<meta name=\"twitter:creator\" content=\"@FCEJSUNSL\" \/>\n<meta name=\"twitter:site\" content=\"@FCEJSUNSL\" \/>\n<meta name=\"twitter:label1\" content=\"Escrito por\" \/>\n\t<meta name=\"twitter:data1\" content=\"DATI\" \/>\n\t<meta name=\"twitter:label2\" content=\"Tiempo de lectura\" \/>\n\t<meta name=\"twitter:data2\" content=\"2 minutos\" \/>\n<script type=\"application\/ld+json\" class=\"yoast-schema-graph\">{\"@context\":\"https:\\\/\\\/schema.org\",\"@graph\":[{\"@type\":\"Article\",\"@id\":\"https:\\\/\\\/www.fcejs.unsl.edu.ar\\\/index.php\\\/presentacion-del-programa-de-economia-social-solidaria-comunitaria-popular-y-plural\\\/#article\",\"isPartOf\":{\"@id\":\"https:\\\/\\\/www.fcejs.unsl.edu.ar\\\/index.php\\\/presentacion-del-programa-de-economia-social-solidaria-comunitaria-popular-y-plural\\\/\"},\"author\":{\"name\":\"DATI\",\"@id\":\"https:\\\/\\\/www.fcejs.unsl.edu.ar\\\/#\\\/schema\\\/person\\\/352ee6ed90c3f394c7cb5945f8956d34\"},\"headline\":\"Presentaci\u00f3n del Programa de Econom\u00eda Social, Solidaria, Comunitaria, Popular y Plural\",\"datePublished\":\"2021-10-18T14:37:39+00:00\",\"dateModified\":\"2021-10-19T12:21:51+00:00\",\"mainEntityOfPage\":{\"@id\":\"https:\\\/\\\/www.fcejs.unsl.edu.ar\\\/index.php\\\/presentacion-del-programa-de-economia-social-solidaria-comunitaria-popular-y-plural\\\/\"},\"wordCount\":331,\"publisher\":{\"@id\":\"https:\\\/\\\/www.fcejs.unsl.edu.ar\\\/#organization\"},\"image\":{\"@id\":\"https:\\\/\\\/www.fcejs.unsl.edu.ar\\\/index.php\\\/presentacion-del-programa-de-economia-social-solidaria-comunitaria-popular-y-plural\\\/#primaryimage\"},\"thumbnailUrl\":\"https:\\\/\\\/www.fcejs.unsl.edu.ar\\\/wp-content\\\/uploads\\\/2021\\\/10\\\/Reunion-informativa-02.jpg\",\"articleSection\":[\"Noticias\"],\"inLanguage\":\"es-AR\"},{\"@type\":\"WebPage\",\"@id\":\"https:\\\/\\\/www.fcejs.unsl.edu.ar\\\/index.php\\\/presentacion-del-programa-de-economia-social-solidaria-comunitaria-popular-y-plural\\\/\",\"url\":\"https:\\\/\\\/www.fcejs.unsl.edu.ar\\\/index.php\\\/presentacion-del-programa-de-economia-social-solidaria-comunitaria-popular-y-plural\\\/\",\"name\":\"Presentaci\u00f3n del Programa de Econom\u00eda Social, Solidaria, Comunitaria, Popular y Plural - Facultad de Ciencias Econ\u00f3micas, Jur\u00ed\u00addicas y Sociales\",\"isPartOf\":{\"@id\":\"https:\\\/\\\/www.fcejs.unsl.edu.ar\\\/#website\"},\"primaryImageOfPage\":{\"@id\":\"https:\\\/\\\/www.fcejs.unsl.edu.ar\\\/index.php\\\/presentacion-del-programa-de-economia-social-solidaria-comunitaria-popular-y-plural\\\/#primaryimage\"},\"image\":{\"@id\":\"https:\\\/\\\/www.fcejs.unsl.edu.ar\\\/index.php\\\/presentacion-del-programa-de-economia-social-solidaria-comunitaria-popular-y-plural\\\/#primaryimage\"},\"thumbnailUrl\":\"https:\\\/\\\/www.fcejs.unsl.edu.ar\\\/wp-content\\\/uploads\\\/2021\\\/10\\\/Reunion-informativa-02.jpg\",\"datePublished\":\"2021-10-18T14:37:39+00:00\",\"dateModified\":\"2021-10-19T12:21:51+00:00\",\"breadcrumb\":{\"@id\":\"https:\\\/\\\/www.fcejs.unsl.edu.ar\\\/index.php\\\/presentacion-del-programa-de-economia-social-solidaria-comunitaria-popular-y-plural\\\/#breadcrumb\"},\"inLanguage\":\"es-AR\",\"potentialAction\":[{\"@type\":\"ReadAction\",\"target\":[\"https:\\\/\\\/www.fcejs.unsl.edu.ar\\\/index.php\\\/presentacion-del-programa-de-economia-social-solidaria-comunitaria-popular-y-plural\\\/\"]}]},{\"@type\":\"ImageObject\",\"inLanguage\":\"es-AR\",\"@id\":\"https:\\\/\\\/www.fcejs.unsl.edu.ar\\\/index.php\\\/presentacion-del-programa-de-economia-social-solidaria-comunitaria-popular-y-plural\\\/#primaryimage\",\"url\":\"https:\\\/\\\/www.fcejs.unsl.edu.ar\\\/wp-content\\\/uploads\\\/2021\\\/10\\\/Reunion-informativa-02.jpg\",\"contentUrl\":\"https:\\\/\\\/www.fcejs.unsl.edu.ar\\\/wp-content\\\/uploads\\\/2021\\\/10\\\/Reunion-informativa-02.jpg\",\"width\":1152,\"height\":647},{\"@type\":\"BreadcrumbList\",\"@id\":\"https:\\\/\\\/www.fcejs.unsl.edu.ar\\\/index.php\\\/presentacion-del-programa-de-economia-social-solidaria-comunitaria-popular-y-plural\\\/#breadcrumb\",\"itemListElement\":[{\"@type\":\"ListItem\",\"position\":1,\"name\":\"Inicio\",\"item\":\"https:\\\/\\\/www.fcejs.unsl.edu.ar\\\/\"},{\"@type\":\"ListItem\",\"position\":2,\"name\":\"Presentaci\u00f3n del Programa de Econom\u00eda Social, Solidaria, Comunitaria, Popular y Plural\"}]},{\"@type\":\"WebSite\",\"@id\":\"https:\\\/\\\/www.fcejs.unsl.edu.ar\\\/#website\",\"url\":\"https:\\\/\\\/www.fcejs.unsl.edu.ar\\\/\",\"name\":\"Facultad de Ciencias Econ\u00f3micas, Jur\u00ed\u00addicas y Sociales\",\"description\":\"\",\"publisher\":{\"@id\":\"https:\\\/\\\/www.fcejs.unsl.edu.ar\\\/#organization\"},\"potentialAction\":[{\"@type\":\"SearchAction\",\"target\":{\"@type\":\"EntryPoint\",\"urlTemplate\":\"https:\\\/\\\/www.fcejs.unsl.edu.ar\\\/?s={search_term_string}\"},\"query-input\":{\"@type\":\"PropertyValueSpecification\",\"valueRequired\":true,\"valueName\":\"search_term_string\"}}],\"inLanguage\":\"es-AR\"},{\"@type\":\"Organization\",\"@id\":\"https:\\\/\\\/www.fcejs.unsl.edu.ar\\\/#organization\",\"name\":\"Facultad de Ciencias Econ\u00f3micas, Jur\u00eddicas y Sociales\",\"url\":\"https:\\\/\\\/www.fcejs.unsl.edu.ar\\\/\",\"logo\":{\"@type\":\"ImageObject\",\"inLanguage\":\"es-AR\",\"@id\":\"https:\\\/\\\/www.fcejs.unsl.edu.ar\\\/#\\\/schema\\\/logo\\\/image\\\/\",\"url\":\"https:\\\/\\\/www.fcejs.unsl.edu.ar\\\/wp-content\\\/uploads\\\/2021\\\/03\\\/logo-1.jpg\",\"contentUrl\":\"https:\\\/\\\/www.fcejs.unsl.edu.ar\\\/wp-content\\\/uploads\\\/2021\\\/03\\\/logo-1.jpg\",\"width\":471,\"height\":146,\"caption\":\"Facultad de Ciencias Econ\u00f3micas, Jur\u00eddicas y Sociales\"},\"image\":{\"@id\":\"https:\\\/\\\/www.fcejs.unsl.edu.ar\\\/#\\\/schema\\\/logo\\\/image\\\/\"},\"sameAs\":[\"https:\\\/\\\/www.facebook.com\\\/FCEJS.UNSL\\\/\",\"https:\\\/\\\/x.com\\\/FCEJSUNSL\",\"https:\\\/\\\/www.instagram.com\\\/fcejs.unsl\\\/\",\"https:\\\/\\\/www.youtube.com\\\/channel\\\/UCH-Ut6EaN_X5ogjIQMPe46g\\\/\"]},{\"@type\":\"Person\",\"@id\":\"https:\\\/\\\/www.fcejs.unsl.edu.ar\\\/#\\\/schema\\\/person\\\/352ee6ed90c3f394c7cb5945f8956d34\",\"name\":\"DATI\"}]}<\/script>\n<!-- \/ Yoast SEO plugin. -->","yoast_head_json":{"title":"Presentaci\u00f3n del Programa de Econom\u00eda Social, Solidaria, Comunitaria, Popular y Plural - Facultad de Ciencias Econ\u00f3micas, Jur\u00ed\u00addicas y Sociales","robots":{"index":"index","follow":"follow","max-snippet":"max-snippet:-1","max-image-preview":"max-image-preview:large","max-video-preview":"max-video-preview:-1"},"canonical":"https:\/\/www.fcejs.unsl.edu.ar\/index.php\/presentacion-del-programa-de-economia-social-solidaria-comunitaria-popular-y-plural\/","og_locale":"es_ES","og_type":"article","og_title":"Presentaci\u00f3n del Programa de Econom\u00eda Social, Solidaria, Comunitaria, Popular y Plural - Facultad de Ciencias Econ\u00f3micas, Jur\u00ed\u00addicas y Sociales","og_description":"Con las palabras de bienvenida del Vicedecano de la FCEJS, Esp. Esteban Arias, en la tarde del viernes 15 de octubre se llev\u00f3 a cabo&hellip;","og_url":"https:\/\/www.fcejs.unsl.edu.ar\/index.php\/presentacion-del-programa-de-economia-social-solidaria-comunitaria-popular-y-plural\/","og_site_name":"Facultad de Ciencias Econ\u00f3micas, Jur\u00ed\u00addicas y Sociales","article_publisher":"https:\/\/www.facebook.com\/FCEJS.UNSL\/","article_published_time":"2021-10-18T14:37:39+00:00","article_modified_time":"2021-10-19T12:21:51+00:00","og_image":[{"width":1152,"height":647,"url":"https:\/\/www.fcejs.unsl.edu.ar\/wp-content\/uploads\/2021\/10\/Reunion-informativa-02.jpg","type":"image\/jpeg"}],"author":"DATI","twitter_card":"summary_large_image","twitter_creator":"@FCEJSUNSL","twitter_site":"@FCEJSUNSL","twitter_misc":{"Escrito por":"DATI","Tiempo de lectura":"2 minutos"},"schema":{"@context":"https:\/\/schema.org","@graph":[{"@type":"Article","@id":"https:\/\/www.fcejs.unsl.edu.ar\/index.php\/presentacion-del-programa-de-economia-social-solidaria-comunitaria-popular-y-plural\/#article","isPartOf":{"@id":"https:\/\/www.fcejs.unsl.edu.ar\/index.php\/presentacion-del-programa-de-economia-social-solidaria-comunitaria-popular-y-plural\/"},"author":{"name":"DATI","@id":"https:\/\/www.fcejs.unsl.edu.ar\/#\/schema\/person\/352ee6ed90c3f394c7cb5945f8956d34"},"headline":"Presentaci\u00f3n del Programa de Econom\u00eda Social, Solidaria, Comunitaria, Popular y Plural","datePublished":"2021-10-18T14:37:39+00:00","dateModified":"2021-10-19T12:21:51+00:00","mainEntityOfPage":{"@id":"https:\/\/www.fcejs.unsl.edu.ar\/index.php\/presentacion-del-programa-de-economia-social-solidaria-comunitaria-popular-y-plural\/"},"wordCount":331,"publisher":{"@id":"https:\/\/www.fcejs.unsl.edu.ar\/#organization"},"image":{"@id":"https:\/\/www.fcejs.unsl.edu.ar\/index.php\/presentacion-del-programa-de-economia-social-solidaria-comunitaria-popular-y-plural\/#primaryimage"},"thumbnailUrl":"https:\/\/www.fcejs.unsl.edu.ar\/wp-content\/uploads\/2021\/10\/Reunion-informativa-02.jpg","articleSection":["Noticias"],"inLanguage":"es-AR"},{"@type":"WebPage","@id":"https:\/\/www.fcejs.unsl.edu.ar\/index.php\/presentacion-del-programa-de-economia-social-solidaria-comunitaria-popular-y-plural\/","url":"https:\/\/www.fcejs.unsl.edu.ar\/index.php\/presentacion-del-programa-de-economia-social-solidaria-comunitaria-popular-y-plural\/","name":"Presentaci\u00f3n del Programa de Econom\u00eda Social, Solidaria, Comunitaria, Popular y Plural - Facultad de Ciencias Econ\u00f3micas, Jur\u00ed\u00addicas y Sociales","isPartOf":{"@id":"https:\/\/www.fcejs.unsl.edu.ar\/#website"},"primaryImageOfPage":{"@id":"https:\/\/www.fcejs.unsl.edu.ar\/index.php\/presentacion-del-programa-de-economia-social-solidaria-comunitaria-popular-y-plural\/#primaryimage"},"image":{"@id":"https:\/\/www.fcejs.unsl.edu.ar\/index.php\/presentacion-del-programa-de-economia-social-solidaria-comunitaria-popular-y-plural\/#primaryimage"},"thumbnailUrl":"https:\/\/www.fcejs.unsl.edu.ar\/wp-content\/uploads\/2021\/10\/Reunion-informativa-02.jpg","datePublished":"2021-10-18T14:37:39+00:00","dateModified":"2021-10-19T12:21:51+00:00","breadcrumb":{"@id":"https:\/\/www.fcejs.unsl.edu.ar\/index.php\/presentacion-del-programa-de-economia-social-solidaria-comunitaria-popular-y-plural\/#breadcrumb"},"inLanguage":"es-AR","potentialAction":[{"@type":"ReadAction","target":["https:\/\/www.fcejs.unsl.edu.ar\/index.php\/presentacion-del-programa-de-economia-social-solidaria-comunitaria-popular-y-plural\/"]}]},{"@type":"ImageObject","inLanguage":"es-AR","@id":"https:\/\/www.fcejs.unsl.edu.ar\/index.php\/presentacion-del-programa-de-economia-social-solidaria-comunitaria-popular-y-plural\/#primaryimage","url":"https:\/\/www.fcejs.unsl.edu.ar\/wp-content\/uploads\/2021\/10\/Reunion-informativa-02.jpg","contentUrl":"https:\/\/www.fcejs.unsl.edu.ar\/wp-content\/uploads\/2021\/10\/Reunion-informativa-02.jpg","width":1152,"height":647},{"@type":"BreadcrumbList","@id":"https:\/\/www.fcejs.unsl.edu.ar\/index.php\/presentacion-del-programa-de-economia-social-solidaria-comunitaria-popular-y-plural\/#breadcrumb","itemListElement":[{"@type":"ListItem","position":1,"name":"Inicio","item":"https:\/\/www.fcejs.unsl.edu.ar\/"},{"@type":"ListItem","position":2,"name":"Presentaci\u00f3n del Programa de Econom\u00eda Social, Solidaria, Comunitaria, Popular y Plural"}]},{"@type":"WebSite","@id":"https:\/\/www.fcejs.unsl.edu.ar\/#website","url":"https:\/\/www.fcejs.unsl.edu.ar\/","name":"Facultad de Ciencias Econ\u00f3micas, Jur\u00ed\u00addicas y Sociales","description":"","publisher":{"@id":"https:\/\/www.fcejs.unsl.edu.ar\/#organization"},"potentialAction":[{"@type":"SearchAction","target":{"@type":"EntryPoint","urlTemplate":"https:\/\/www.fcejs.unsl.edu.ar\/?s={search_term_string}"},"query-input":{"@type":"PropertyValueSpecification","valueRequired":true,"valueName":"search_term_string"}}],"inLanguage":"es-AR"},{"@type":"Organization","@id":"https:\/\/www.fcejs.unsl.edu.ar\/#organization","name":"Facultad de Ciencias Econ\u00f3micas, Jur\u00eddicas y Sociales","url":"https:\/\/www.fcejs.unsl.edu.ar\/","logo":{"@type":"ImageObject","inLanguage":"es-AR","@id":"https:\/\/www.fcejs.unsl.edu.ar\/#\/schema\/logo\/image\/","url":"https:\/\/www.fcejs.unsl.edu.ar\/wp-content\/uploads\/2021\/03\/logo-1.jpg","contentUrl":"https:\/\/www.fcejs.unsl.edu.ar\/wp-content\/uploads\/2021\/03\/logo-1.jpg","width":471,"height":146,"caption":"Facultad de Ciencias Econ\u00f3micas, Jur\u00eddicas y Sociales"},"image":{"@id":"https:\/\/www.fcejs.unsl.edu.ar\/#\/schema\/logo\/image\/"},"sameAs":["https:\/\/www.facebook.com\/FCEJS.UNSL\/","https:\/\/x.com\/FCEJSUNSL","https:\/\/www.instagram.com\/fcejs.unsl\/","https:\/\/www.youtube.com\/channel\/UCH-Ut6EaN_X5ogjIQMPe46g\/"]},{"@type":"Person","@id":"https:\/\/www.fcejs.unsl.edu.ar\/#\/schema\/person\/352ee6ed90c3f394c7cb5945f8956d34","name":"DATI"}]}},"jetpack_featured_media_url":"https:\/\/www.fcejs.unsl.edu.ar\/wp-content\/uploads\/2021\/10\/Reunion-informativa-02.jpg","_links":{"self":[{"href":"https:\/\/www.fcejs.unsl.edu.ar\/index.php\/wp-json\/wp\/v2\/posts\/5738","targetHints":{"allow":["GET"]}}],"collection":[{"href":"https:\/\/www.fcejs.unsl.edu.ar\/index.php\/wp-json\/wp\/v2\/posts"}],"about":[{"href":"https:\/\/www.fcejs.unsl.edu.ar\/index.php\/wp-json\/wp\/v2\/types\/post"}],"author":[{"embeddable":true,"href":"https:\/\/www.fcejs.unsl.edu.ar\/index.php\/wp-json\/wp\/v2\/users\/9"}],"replies":[{"embeddable":true,"href":"https:\/\/www.fcejs.unsl.edu.ar\/index.php\/wp-json\/wp\/v2\/comments?post=5738"}],"version-history":[{"count":5,"href":"https:\/\/www.fcejs.unsl.edu.ar\/index.php\/wp-json\/wp\/v2\/posts\/5738\/revisions"}],"predecessor-version":[{"id":5745,"href":"https:\/\/www.fcejs.unsl.edu.ar\/index.php\/wp-json\/wp\/v2\/posts\/5738\/revisions\/5745"}],"wp:featuredmedia":[{"embeddable":true,"href":"https:\/\/www.fcejs.unsl.edu.ar\/index.php\/wp-json\/wp\/v2\/media\/5739"}],"wp:attachment":[{"href":"https:\/\/www.fcejs.unsl.edu.ar\/index.php\/wp-json\/wp\/v2\/media?parent=5738"}],"wp:term":[{"taxonomy":"category","embeddable":true,"href":"https:\/\/www.fcejs.unsl.edu.ar\/index.php\/wp-json\/wp\/v2\/categories?post=5738"},{"taxonomy":"post_tag","embeddable":true,"href":"https:\/\/www.fcejs.unsl.edu.ar\/index.php\/wp-json\/wp\/v2\/tags?post=5738"}],"curies":[{"name":"wp","href":"https:\/\/api.w.org\/{rel}","templated":true}]}}