{"id":5700,"date":"2021-10-12T09:45:36","date_gmt":"2021-10-12T12:45:36","guid":{"rendered":"http:\/\/10.101.10.197\/www\/?p=5700"},"modified":"2021-11-16T08:45:21","modified_gmt":"2021-11-16T11:45:21","slug":"envejecer-en-tiempos-cambiantes-dialogos-desde-y-con-la-universidad","status":"publish","type":"post","link":"https:\/\/www.fcejs.unsl.edu.ar\/index.php\/envejecer-en-tiempos-cambiantes-dialogos-desde-y-con-la-universidad\/","title":{"rendered":"Envejecer en tiempos cambiantes: di\u00e1logos desde y con la universidad"},"content":{"rendered":"<p style=\"font-weight: 400;\">Del 10 al 12 de noviembre se realizar\u00e1 de forma virtual el XIX Encuentro Nacional de Programas y Proyectos Universitarios para y con Personas Mayores (ENProPeMa). Ya est\u00e1 en l\u00ednea el Sitio Web con las dos primeras Circulares.<\/p>\n<p style=\"font-weight: 400;\">La decimonovena edici\u00f3n de este Encuentro Nacional es una nueva invitaci\u00f3n a establecer redes interinstitucionales que permitan reflexionar y repensar, a la luz de los cambios actuales, las acciones educativas y las pr\u00e1cticas integrales dirigidas hacia el logro y fortalecimiento del envejecimiento activo que, habilitando el di\u00e1logo y la confrontaci\u00f3n intergeneracional, y el ejercicio pleno de los derechos, posibilite la transformaci\u00f3n personal de sus participantes en un mundo que tambi\u00e9n est\u00e1 en constante transformaci\u00f3n.<\/p>\n<p style=\"font-weight: 400;\">En ENProPeMa est\u00e1 dirigido a profesionales, personas mayores, docentes, estudiantes, nodocentes, graduados, organizaciones, instituciones y p\u00fablico en general. Es una actividad para toda la comunidad que se realizar\u00e1 de manera virtual. Quienes deseen participar con sus trabajos\/videos\/posters tienen tiempo de presentarlos\u00a0<b><strong>hasta el lunes 25 de octubre de 2021<\/strong><\/b>.<\/p>\n<p style=\"font-weight: 400;\">En la\u00a0<b><strong><a href=\"http:\/\/enpropema.fcejs.unsl.edu.ar\/wp-content\/uploads\/2021\/10\/PRIMERA-CIRCULAR.pdf\">Primera Circular<\/a><\/strong><\/b>\u00a0encontrar\u00e1n la informaci\u00f3n general del Encuentro, con los 4 ejes tem\u00e1ticos. Y en la\u00a0<b><strong><a href=\"http:\/\/enpropema.fcejs.unsl.edu.ar\/wp-content\/uploads\/2021\/10\/SEGUNDA-CIRCULAR.pdf\">Segunda Circular<\/a><\/strong><\/b>\u00a0se incluyen las categor\u00edas de trabajos, todas ellas en tem\u00e1ticas relacionados a la gerontolog\u00eda, y el reglamento para la presentaci\u00f3n, tanto de los trabajos escritos, como de los videos y posters.<\/p>\n<p style=\"font-weight: 400;\"><b><strong>Sitio Web:<\/strong><\/b>\u00a0<b><strong><a href=\"http:\/\/enpropema.fcejs.unsl.edu.ar\/\">http:\/\/enpropema.fcejs.unsl.edu.ar<\/a><\/strong><\/b><\/p>\n<p style=\"font-weight: 400;\"><b><strong>Consultas:<\/strong><\/b><b><strong>\u00a0<a href=\"mailto:enpropemaunsl@gmail.com\">enpropemaunsl@gmail.com<\/a><\/strong><\/b><\/p>\n<p style=\"font-weight: 400;\"><b><strong>Organizan:<br \/>\n<\/strong><\/b>Universidad Nacional de San Luis (UNSL)<br \/>\nUniversidad Nacional de C\u00f3rdoba (UNC)<br \/>\nUniversidad Nacional de Villa Mar\u00eda (UNVM)<br \/>\nUniversidad Cat\u00f3lica de C\u00f3rdoba (UCC)<br \/>\nUniversidad Nacional de Entre R\u00edos (UNER)<br \/>\nUniversidad Nacional del Noroeste de la Provincia de Buenos Aires (UNNOBA)<br \/>\nUniversidad Nacional de La Plata (UNLP)<br \/>\nUniversidad Nacional de Lomas de Zamora (UNLZ)-Universidad para la Tercera Edad (UniTE)<br \/>\nUniversidad Nacional de Santiago del Estero (UNSE)<br \/>\nUniversidad Nacional de Mar del Plata (UNMdP)<br \/>\nUniversidad Nacional de San Antonio de Areco (UNSADA)<\/p>\n","protected":false},"excerpt":{"rendered":"<p>Del 10 al 12 de noviembre se realizar\u00e1 de forma virtual el XIX Encuentro Nacional de Programas y Proyectos Universitarios para y con Personas Mayores&hellip;<\/p>\n","protected":false},"author":9,"featured_media":5571,"comment_status":"closed","ping_status":"closed","sticky":false,"template":"","format":"standard","meta":{"om_disable_all_campaigns":false,"_monsterinsights_skip_tracking":false,"_monsterinsights_sitenote_active":false,"_monsterinsights_sitenote_note":"","_monsterinsights_sitenote_category":0,"footnotes":""},"categories":[21],"tags":[],"class_list":["post-5700","post","type-post","status-publish","format-standard","has-post-thumbnail","hentry","category-archivadas"],"yoast_head":"<!-- This site is optimized with the Yoast SEO plugin v27.5 - https:\/\/yoast.com\/product\/yoast-seo-wordpress\/ -->\n<title>Envejecer en tiempos cambiantes: di\u00e1logos desde y con la universidad - Facultad de Ciencias Econ\u00f3micas, Jur\u00ed\u00addicas y Sociales<\/title>\n<meta name=\"robots\" content=\"index, follow, max-snippet:-1, max-image-preview:large, max-video-preview:-1\" \/>\n<link rel=\"canonical\" href=\"https:\/\/www.fcejs.unsl.edu.ar\/index.php\/envejecer-en-tiempos-cambiantes-dialogos-desde-y-con-la-universidad\/\" \/>\n<meta property=\"og:locale\" content=\"es_ES\" \/>\n<meta property=\"og:type\" content=\"article\" \/>\n<meta property=\"og:title\" content=\"Envejecer en tiempos cambiantes: di\u00e1logos desde y con la universidad - Facultad de Ciencias Econ\u00f3micas, Jur\u00ed\u00addicas y Sociales\" \/>\n<meta property=\"og:description\" content=\"Del 10 al 12 de noviembre se realizar\u00e1 de forma virtual el XIX Encuentro Nacional de Programas y Proyectos Universitarios para y con Personas Mayores&hellip;\" \/>\n<meta property=\"og:url\" content=\"https:\/\/www.fcejs.unsl.edu.ar\/index.php\/envejecer-en-tiempos-cambiantes-dialogos-desde-y-con-la-universidad\/\" \/>\n<meta property=\"og:site_name\" content=\"Facultad de Ciencias Econ\u00f3micas, Jur\u00ed\u00addicas y Sociales\" \/>\n<meta property=\"article:publisher\" content=\"https:\/\/www.facebook.com\/FCEJS.UNSL\/\" \/>\n<meta property=\"article:published_time\" content=\"2021-10-12T12:45:36+00:00\" \/>\n<meta property=\"article:modified_time\" content=\"2021-11-16T11:45:21+00:00\" \/>\n<meta property=\"og:image\" content=\"https:\/\/www.fcejs.unsl.edu.ar\/wp-content\/uploads\/2021\/10\/noticia.jpg\" \/>\n\t<meta property=\"og:image:width\" content=\"1000\" \/>\n\t<meta property=\"og:image:height\" content=\"600\" \/>\n\t<meta property=\"og:image:type\" content=\"image\/jpeg\" \/>\n<meta name=\"author\" content=\"DATI\" \/>\n<meta name=\"twitter:card\" content=\"summary_large_image\" \/>\n<meta name=\"twitter:creator\" content=\"@FCEJSUNSL\" \/>\n<meta name=\"twitter:site\" content=\"@FCEJSUNSL\" \/>\n<meta name=\"twitter:label1\" content=\"Escrito por\" \/>\n\t<meta name=\"twitter:data1\" content=\"DATI\" \/>\n\t<meta name=\"twitter:label2\" content=\"Tiempo de lectura\" \/>\n\t<meta name=\"twitter:data2\" content=\"2 minutos\" \/>\n<script type=\"application\/ld+json\" class=\"yoast-schema-graph\">{\"@context\":\"https:\\\/\\\/schema.org\",\"@graph\":[{\"@type\":\"Article\",\"@id\":\"https:\\\/\\\/www.fcejs.unsl.edu.ar\\\/index.php\\\/envejecer-en-tiempos-cambiantes-dialogos-desde-y-con-la-universidad\\\/#article\",\"isPartOf\":{\"@id\":\"https:\\\/\\\/www.fcejs.unsl.edu.ar\\\/index.php\\\/envejecer-en-tiempos-cambiantes-dialogos-desde-y-con-la-universidad\\\/\"},\"author\":{\"name\":\"DATI\",\"@id\":\"https:\\\/\\\/www.fcejs.unsl.edu.ar\\\/#\\\/schema\\\/person\\\/352ee6ed90c3f394c7cb5945f8956d34\"},\"headline\":\"Envejecer en tiempos cambiantes: di\u00e1logos desde y con la universidad\",\"datePublished\":\"2021-10-12T12:45:36+00:00\",\"dateModified\":\"2021-11-16T11:45:21+00:00\",\"mainEntityOfPage\":{\"@id\":\"https:\\\/\\\/www.fcejs.unsl.edu.ar\\\/index.php\\\/envejecer-en-tiempos-cambiantes-dialogos-desde-y-con-la-universidad\\\/\"},\"wordCount\":335,\"publisher\":{\"@id\":\"https:\\\/\\\/www.fcejs.unsl.edu.ar\\\/#organization\"},\"image\":{\"@id\":\"https:\\\/\\\/www.fcejs.unsl.edu.ar\\\/index.php\\\/envejecer-en-tiempos-cambiantes-dialogos-desde-y-con-la-universidad\\\/#primaryimage\"},\"thumbnailUrl\":\"https:\\\/\\\/www.fcejs.unsl.edu.ar\\\/wp-content\\\/uploads\\\/2021\\\/10\\\/noticia.jpg\",\"articleSection\":[\"Archivadas\"],\"inLanguage\":\"es-AR\"},{\"@type\":\"WebPage\",\"@id\":\"https:\\\/\\\/www.fcejs.unsl.edu.ar\\\/index.php\\\/envejecer-en-tiempos-cambiantes-dialogos-desde-y-con-la-universidad\\\/\",\"url\":\"https:\\\/\\\/www.fcejs.unsl.edu.ar\\\/index.php\\\/envejecer-en-tiempos-cambiantes-dialogos-desde-y-con-la-universidad\\\/\",\"name\":\"Envejecer en tiempos cambiantes: di\u00e1logos desde y con la universidad - Facultad de Ciencias Econ\u00f3micas, Jur\u00ed\u00addicas y Sociales\",\"isPartOf\":{\"@id\":\"https:\\\/\\\/www.fcejs.unsl.edu.ar\\\/#website\"},\"primaryImageOfPage\":{\"@id\":\"https:\\\/\\\/www.fcejs.unsl.edu.ar\\\/index.php\\\/envejecer-en-tiempos-cambiantes-dialogos-desde-y-con-la-universidad\\\/#primaryimage\"},\"image\":{\"@id\":\"https:\\\/\\\/www.fcejs.unsl.edu.ar\\\/index.php\\\/envejecer-en-tiempos-cambiantes-dialogos-desde-y-con-la-universidad\\\/#primaryimage\"},\"thumbnailUrl\":\"https:\\\/\\\/www.fcejs.unsl.edu.ar\\\/wp-content\\\/uploads\\\/2021\\\/10\\\/noticia.jpg\",\"datePublished\":\"2021-10-12T12:45:36+00:00\",\"dateModified\":\"2021-11-16T11:45:21+00:00\",\"breadcrumb\":{\"@id\":\"https:\\\/\\\/www.fcejs.unsl.edu.ar\\\/index.php\\\/envejecer-en-tiempos-cambiantes-dialogos-desde-y-con-la-universidad\\\/#breadcrumb\"},\"inLanguage\":\"es-AR\",\"potentialAction\":[{\"@type\":\"ReadAction\",\"target\":[\"https:\\\/\\\/www.fcejs.unsl.edu.ar\\\/index.php\\\/envejecer-en-tiempos-cambiantes-dialogos-desde-y-con-la-universidad\\\/\"]}]},{\"@type\":\"ImageObject\",\"inLanguage\":\"es-AR\",\"@id\":\"https:\\\/\\\/www.fcejs.unsl.edu.ar\\\/index.php\\\/envejecer-en-tiempos-cambiantes-dialogos-desde-y-con-la-universidad\\\/#primaryimage\",\"url\":\"https:\\\/\\\/www.fcejs.unsl.edu.ar\\\/wp-content\\\/uploads\\\/2021\\\/10\\\/noticia.jpg\",\"contentUrl\":\"https:\\\/\\\/www.fcejs.unsl.edu.ar\\\/wp-content\\\/uploads\\\/2021\\\/10\\\/noticia.jpg\",\"width\":1000,\"height\":600},{\"@type\":\"BreadcrumbList\",\"@id\":\"https:\\\/\\\/www.fcejs.unsl.edu.ar\\\/index.php\\\/envejecer-en-tiempos-cambiantes-dialogos-desde-y-con-la-universidad\\\/#breadcrumb\",\"itemListElement\":[{\"@type\":\"ListItem\",\"position\":1,\"name\":\"Inicio\",\"item\":\"https:\\\/\\\/www.fcejs.unsl.edu.ar\\\/\"},{\"@type\":\"ListItem\",\"position\":2,\"name\":\"Envejecer en tiempos cambiantes: di\u00e1logos desde y con la universidad\"}]},{\"@type\":\"WebSite\",\"@id\":\"https:\\\/\\\/www.fcejs.unsl.edu.ar\\\/#website\",\"url\":\"https:\\\/\\\/www.fcejs.unsl.edu.ar\\\/\",\"name\":\"Facultad de Ciencias Econ\u00f3micas, Jur\u00ed\u00addicas y Sociales\",\"description\":\"\",\"publisher\":{\"@id\":\"https:\\\/\\\/www.fcejs.unsl.edu.ar\\\/#organization\"},\"potentialAction\":[{\"@type\":\"SearchAction\",\"target\":{\"@type\":\"EntryPoint\",\"urlTemplate\":\"https:\\\/\\\/www.fcejs.unsl.edu.ar\\\/?s={search_term_string}\"},\"query-input\":{\"@type\":\"PropertyValueSpecification\",\"valueRequired\":true,\"valueName\":\"search_term_string\"}}],\"inLanguage\":\"es-AR\"},{\"@type\":\"Organization\",\"@id\":\"https:\\\/\\\/www.fcejs.unsl.edu.ar\\\/#organization\",\"name\":\"Facultad de Ciencias Econ\u00f3micas, Jur\u00eddicas y Sociales\",\"url\":\"https:\\\/\\\/www.fcejs.unsl.edu.ar\\\/\",\"logo\":{\"@type\":\"ImageObject\",\"inLanguage\":\"es-AR\",\"@id\":\"https:\\\/\\\/www.fcejs.unsl.edu.ar\\\/#\\\/schema\\\/logo\\\/image\\\/\",\"url\":\"https:\\\/\\\/www.fcejs.unsl.edu.ar\\\/wp-content\\\/uploads\\\/2021\\\/03\\\/logo-1.jpg\",\"contentUrl\":\"https:\\\/\\\/www.fcejs.unsl.edu.ar\\\/wp-content\\\/uploads\\\/2021\\\/03\\\/logo-1.jpg\",\"width\":471,\"height\":146,\"caption\":\"Facultad de Ciencias Econ\u00f3micas, Jur\u00eddicas y Sociales\"},\"image\":{\"@id\":\"https:\\\/\\\/www.fcejs.unsl.edu.ar\\\/#\\\/schema\\\/logo\\\/image\\\/\"},\"sameAs\":[\"https:\\\/\\\/www.facebook.com\\\/FCEJS.UNSL\\\/\",\"https:\\\/\\\/x.com\\\/FCEJSUNSL\",\"https:\\\/\\\/www.instagram.com\\\/fcejs.unsl\\\/\",\"https:\\\/\\\/www.youtube.com\\\/channel\\\/UCH-Ut6EaN_X5ogjIQMPe46g\\\/\"]},{\"@type\":\"Person\",\"@id\":\"https:\\\/\\\/www.fcejs.unsl.edu.ar\\\/#\\\/schema\\\/person\\\/352ee6ed90c3f394c7cb5945f8956d34\",\"name\":\"DATI\"}]}<\/script>\n<!-- \/ Yoast SEO plugin. -->","yoast_head_json":{"title":"Envejecer en tiempos cambiantes: di\u00e1logos desde y con la universidad - Facultad de Ciencias Econ\u00f3micas, Jur\u00ed\u00addicas y Sociales","robots":{"index":"index","follow":"follow","max-snippet":"max-snippet:-1","max-image-preview":"max-image-preview:large","max-video-preview":"max-video-preview:-1"},"canonical":"https:\/\/www.fcejs.unsl.edu.ar\/index.php\/envejecer-en-tiempos-cambiantes-dialogos-desde-y-con-la-universidad\/","og_locale":"es_ES","og_type":"article","og_title":"Envejecer en tiempos cambiantes: di\u00e1logos desde y con la universidad - Facultad de Ciencias Econ\u00f3micas, Jur\u00ed\u00addicas y Sociales","og_description":"Del 10 al 12 de noviembre se realizar\u00e1 de forma virtual el XIX Encuentro Nacional de Programas y Proyectos Universitarios para y con Personas Mayores&hellip;","og_url":"https:\/\/www.fcejs.unsl.edu.ar\/index.php\/envejecer-en-tiempos-cambiantes-dialogos-desde-y-con-la-universidad\/","og_site_name":"Facultad de Ciencias Econ\u00f3micas, Jur\u00ed\u00addicas y Sociales","article_publisher":"https:\/\/www.facebook.com\/FCEJS.UNSL\/","article_published_time":"2021-10-12T12:45:36+00:00","article_modified_time":"2021-11-16T11:45:21+00:00","og_image":[{"width":1000,"height":600,"url":"https:\/\/www.fcejs.unsl.edu.ar\/wp-content\/uploads\/2021\/10\/noticia.jpg","type":"image\/jpeg"}],"author":"DATI","twitter_card":"summary_large_image","twitter_creator":"@FCEJSUNSL","twitter_site":"@FCEJSUNSL","twitter_misc":{"Escrito por":"DATI","Tiempo de lectura":"2 minutos"},"schema":{"@context":"https:\/\/schema.org","@graph":[{"@type":"Article","@id":"https:\/\/www.fcejs.unsl.edu.ar\/index.php\/envejecer-en-tiempos-cambiantes-dialogos-desde-y-con-la-universidad\/#article","isPartOf":{"@id":"https:\/\/www.fcejs.unsl.edu.ar\/index.php\/envejecer-en-tiempos-cambiantes-dialogos-desde-y-con-la-universidad\/"},"author":{"name":"DATI","@id":"https:\/\/www.fcejs.unsl.edu.ar\/#\/schema\/person\/352ee6ed90c3f394c7cb5945f8956d34"},"headline":"Envejecer en tiempos cambiantes: di\u00e1logos desde y con la universidad","datePublished":"2021-10-12T12:45:36+00:00","dateModified":"2021-11-16T11:45:21+00:00","mainEntityOfPage":{"@id":"https:\/\/www.fcejs.unsl.edu.ar\/index.php\/envejecer-en-tiempos-cambiantes-dialogos-desde-y-con-la-universidad\/"},"wordCount":335,"publisher":{"@id":"https:\/\/www.fcejs.unsl.edu.ar\/#organization"},"image":{"@id":"https:\/\/www.fcejs.unsl.edu.ar\/index.php\/envejecer-en-tiempos-cambiantes-dialogos-desde-y-con-la-universidad\/#primaryimage"},"thumbnailUrl":"https:\/\/www.fcejs.unsl.edu.ar\/wp-content\/uploads\/2021\/10\/noticia.jpg","articleSection":["Archivadas"],"inLanguage":"es-AR"},{"@type":"WebPage","@id":"https:\/\/www.fcejs.unsl.edu.ar\/index.php\/envejecer-en-tiempos-cambiantes-dialogos-desde-y-con-la-universidad\/","url":"https:\/\/www.fcejs.unsl.edu.ar\/index.php\/envejecer-en-tiempos-cambiantes-dialogos-desde-y-con-la-universidad\/","name":"Envejecer en tiempos cambiantes: di\u00e1logos desde y con la universidad - Facultad de Ciencias Econ\u00f3micas, Jur\u00ed\u00addicas y Sociales","isPartOf":{"@id":"https:\/\/www.fcejs.unsl.edu.ar\/#website"},"primaryImageOfPage":{"@id":"https:\/\/www.fcejs.unsl.edu.ar\/index.php\/envejecer-en-tiempos-cambiantes-dialogos-desde-y-con-la-universidad\/#primaryimage"},"image":{"@id":"https:\/\/www.fcejs.unsl.edu.ar\/index.php\/envejecer-en-tiempos-cambiantes-dialogos-desde-y-con-la-universidad\/#primaryimage"},"thumbnailUrl":"https:\/\/www.fcejs.unsl.edu.ar\/wp-content\/uploads\/2021\/10\/noticia.jpg","datePublished":"2021-10-12T12:45:36+00:00","dateModified":"2021-11-16T11:45:21+00:00","breadcrumb":{"@id":"https:\/\/www.fcejs.unsl.edu.ar\/index.php\/envejecer-en-tiempos-cambiantes-dialogos-desde-y-con-la-universidad\/#breadcrumb"},"inLanguage":"es-AR","potentialAction":[{"@type":"ReadAction","target":["https:\/\/www.fcejs.unsl.edu.ar\/index.php\/envejecer-en-tiempos-cambiantes-dialogos-desde-y-con-la-universidad\/"]}]},{"@type":"ImageObject","inLanguage":"es-AR","@id":"https:\/\/www.fcejs.unsl.edu.ar\/index.php\/envejecer-en-tiempos-cambiantes-dialogos-desde-y-con-la-universidad\/#primaryimage","url":"https:\/\/www.fcejs.unsl.edu.ar\/wp-content\/uploads\/2021\/10\/noticia.jpg","contentUrl":"https:\/\/www.fcejs.unsl.edu.ar\/wp-content\/uploads\/2021\/10\/noticia.jpg","width":1000,"height":600},{"@type":"BreadcrumbList","@id":"https:\/\/www.fcejs.unsl.edu.ar\/index.php\/envejecer-en-tiempos-cambiantes-dialogos-desde-y-con-la-universidad\/#breadcrumb","itemListElement":[{"@type":"ListItem","position":1,"name":"Inicio","item":"https:\/\/www.fcejs.unsl.edu.ar\/"},{"@type":"ListItem","position":2,"name":"Envejecer en tiempos cambiantes: di\u00e1logos desde y con la universidad"}]},{"@type":"WebSite","@id":"https:\/\/www.fcejs.unsl.edu.ar\/#website","url":"https:\/\/www.fcejs.unsl.edu.ar\/","name":"Facultad de Ciencias Econ\u00f3micas, Jur\u00ed\u00addicas y Sociales","description":"","publisher":{"@id":"https:\/\/www.fcejs.unsl.edu.ar\/#organization"},"potentialAction":[{"@type":"SearchAction","target":{"@type":"EntryPoint","urlTemplate":"https:\/\/www.fcejs.unsl.edu.ar\/?s={search_term_string}"},"query-input":{"@type":"PropertyValueSpecification","valueRequired":true,"valueName":"search_term_string"}}],"inLanguage":"es-AR"},{"@type":"Organization","@id":"https:\/\/www.fcejs.unsl.edu.ar\/#organization","name":"Facultad de Ciencias Econ\u00f3micas, Jur\u00eddicas y Sociales","url":"https:\/\/www.fcejs.unsl.edu.ar\/","logo":{"@type":"ImageObject","inLanguage":"es-AR","@id":"https:\/\/www.fcejs.unsl.edu.ar\/#\/schema\/logo\/image\/","url":"https:\/\/www.fcejs.unsl.edu.ar\/wp-content\/uploads\/2021\/03\/logo-1.jpg","contentUrl":"https:\/\/www.fcejs.unsl.edu.ar\/wp-content\/uploads\/2021\/03\/logo-1.jpg","width":471,"height":146,"caption":"Facultad de Ciencias Econ\u00f3micas, Jur\u00eddicas y Sociales"},"image":{"@id":"https:\/\/www.fcejs.unsl.edu.ar\/#\/schema\/logo\/image\/"},"sameAs":["https:\/\/www.facebook.com\/FCEJS.UNSL\/","https:\/\/x.com\/FCEJSUNSL","https:\/\/www.instagram.com\/fcejs.unsl\/","https:\/\/www.youtube.com\/channel\/UCH-Ut6EaN_X5ogjIQMPe46g\/"]},{"@type":"Person","@id":"https:\/\/www.fcejs.unsl.edu.ar\/#\/schema\/person\/352ee6ed90c3f394c7cb5945f8956d34","name":"DATI"}]}},"jetpack_featured_media_url":"https:\/\/www.fcejs.unsl.edu.ar\/wp-content\/uploads\/2021\/10\/noticia.jpg","_links":{"self":[{"href":"https:\/\/www.fcejs.unsl.edu.ar\/index.php\/wp-json\/wp\/v2\/posts\/5700","targetHints":{"allow":["GET"]}}],"collection":[{"href":"https:\/\/www.fcejs.unsl.edu.ar\/index.php\/wp-json\/wp\/v2\/posts"}],"about":[{"href":"https:\/\/www.fcejs.unsl.edu.ar\/index.php\/wp-json\/wp\/v2\/types\/post"}],"author":[{"embeddable":true,"href":"https:\/\/www.fcejs.unsl.edu.ar\/index.php\/wp-json\/wp\/v2\/users\/9"}],"replies":[{"embeddable":true,"href":"https:\/\/www.fcejs.unsl.edu.ar\/index.php\/wp-json\/wp\/v2\/comments?post=5700"}],"version-history":[{"count":1,"href":"https:\/\/www.fcejs.unsl.edu.ar\/index.php\/wp-json\/wp\/v2\/posts\/5700\/revisions"}],"predecessor-version":[{"id":5701,"href":"https:\/\/www.fcejs.unsl.edu.ar\/index.php\/wp-json\/wp\/v2\/posts\/5700\/revisions\/5701"}],"wp:featuredmedia":[{"embeddable":true,"href":"https:\/\/www.fcejs.unsl.edu.ar\/index.php\/wp-json\/wp\/v2\/media\/5571"}],"wp:attachment":[{"href":"https:\/\/www.fcejs.unsl.edu.ar\/index.php\/wp-json\/wp\/v2\/media?parent=5700"}],"wp:term":[{"taxonomy":"category","embeddable":true,"href":"https:\/\/www.fcejs.unsl.edu.ar\/index.php\/wp-json\/wp\/v2\/categories?post=5700"},{"taxonomy":"post_tag","embeddable":true,"href":"https:\/\/www.fcejs.unsl.edu.ar\/index.php\/wp-json\/wp\/v2\/tags?post=5700"}],"curies":[{"name":"wp","href":"https:\/\/api.w.org\/{rel}","templated":true}]}}