{"id":5559,"date":"2021-10-04T11:48:16","date_gmt":"2021-10-04T14:48:16","guid":{"rendered":"http:\/\/10.101.10.197\/www\/?p=5559"},"modified":"2021-10-14T09:00:44","modified_gmt":"2021-10-14T12:00:44","slug":"primera-jornada-de-desafios-de-la-reconstruccion-de-la-memoria-experiencias-y-reflexiones","status":"publish","type":"post","link":"https:\/\/www.fcejs.unsl.edu.ar\/index.php\/primera-jornada-de-desafios-de-la-reconstruccion-de-la-memoria-experiencias-y-reflexiones\/","title":{"rendered":"Primera Jornada de &#8220;Desaf\u00edos de la reconstrucci\u00f3n de la memoria&#8221;, experiencias y reflexiones"},"content":{"rendered":"<p>Desde la Comisi\u00f3n de la Memoria del CONICET, se invita para el 7 de octubre a las 9h y a las 14h (dos bloques) a la Primera Jornada de &#8220;Desaf\u00edos de la reconstrucci\u00f3n de la memoria&#8221;, experiencias y reflexiones, que se desarrollar\u00e1 de manera virtual por plataforma Zoom.<\/p>\n<p>El programa de la Jornada es el siguiente:<\/p>\n<p><strong>Primer bloque<\/strong><strong>: 9.00-12.30h<\/strong><\/p>\n<p>Palabras de apertura a cargo del vicepresidente de Asuntos Cient\u00edficos del CONICET, Dr. <strong>Mario <\/strong><strong>Pecheny<\/strong><\/p>\n<p>Palabras a cargo de la coordinadora del Eje Memoria, Verdad y Justicia de la Red de Investigaciones en Derechos Humanos del CONICET, Dra. <strong>Mar\u00eda Jos\u00e9 Sarrabayrouse Oliveira<\/strong><\/p>\n<p>Palabras a cargo del Director de la Direcci\u00f3n de Relaciones Institucionales del CONICET e integrante de la Comisi\u00f3n de la Memoria del CONICET, Dr. <strong>Antonio Ambrosini<\/strong><\/p>\n<p><strong>Tema: Universidades Nacionales &#8211; La dictadura en los claustros. Intercambio de experiencias en la reparaci\u00f3n de legajos<\/strong><\/p>\n<p><strong>Panel 1: Casos<\/strong><\/p>\n<p>&#8211;<strong>Universidad Nacional de La Plata <\/strong>&#8211; Lic. Guadalupe Godoy y Mg. Luc\u00eda Abbattista (Programa de Memoria y Reparaci\u00f3n hist\u00f3rica- Prosecretar\u00eda de DDHH\/UNLP)<\/p>\n<p>&#8211;<strong>Universidad Nacional de Rosario <\/strong>&#8211; Dra. Gabriela \u00c1guila y Dra. Laura Luciani (Programa de Preservaci\u00f3n documental \u201cLa Facultad de Humanidades y Artes: historia, memoria y pol\u00edtica\u201d\/UNR)<\/p>\n<p>&#8211;<strong>Universidad Nacional del Litoral <\/strong>&#8211; Mg. Fabiana Alonso y Dr. Luciano Alonso (Comisi\u00f3n de Reparaci\u00f3n Documental contra el Terrorismo de Estado- Programa Historia y Memoria \/UNL)<\/p>\n<p><strong>Panel 2: Casos<\/strong><\/p>\n<p>&#8211;<strong>Universidad Nacional de Cuyo <\/strong>&#8211; Lic. Leandro Ortega y Lic. Roberto Salim (Programa de Derechos Humanos UNCuyo &#8211; &#8220;Apuntes de la memoria&#8221;, Facultad de Ciencias Pol\u00edticas y Sociales, UNCuyo)<\/p>\n<p>&#8211;<strong>Universidad Nacional del Sur <\/strong>&#8211; Dra. Silvina Jensen, Dra. Mar\u00eda Lorena Montero, Lic. Ana In\u00e9s Seitz y Prof. Mat\u00edas Marinozzi (N\u00facleo de Estudios sobre Historia reciente, Memoria y DDHH, Departamento de Humanidades, Universidad Nacional del Sur, Bah\u00eda Blanca)<\/p>\n<p>&#8211;<strong>Archivo Provincial de la Memoria de C\u00f3rdoba <\/strong>&#8211; Mar\u00eda Eleonora Cristina (Dir. Archivo y Comisi\u00f3n Provincial de la Memoria de C\u00f3rdoba)<\/p>\n<p><strong>Moderador<\/strong>: Dr. Santiago Gara\u00f1o (CONICET-UNLA-UNTREF)<\/p>\n<p><strong>Relator\u00eda: <\/strong>Mg. Rosario Badano (Coordinadora Ejecutiva RIDDHH-CIN)<\/p>\n<p><strong>El evento es gratuito y para acceder, haga\u00a0<a href=\"http:\/\/phplist.conicet.gov.ar\/lists\/lt.php?tid=LBpVAwIBU1MBBB1TBABWFFVaBFIUWQ0BUkxTAwMFBVFRAAVSUFUYA1cDUQcFA1EUVQpXUhQMA1RSTARVBgZMBVwEVQJQV1RSB1YGTgACCwkECQEFFF5QBQZMUldTAExWXFZSHQ9QAggMUQBRBFYKAQ\">click aqu\u00ed<\/a>.<\/strong><\/p>\n<p><strong>Por consultas, escribir a:\u00a0<a href=\"mailto:comisiondelamemoria@conicet.gov.ar\">comisiondelamemoria@conicet.gov.ar<\/a><\/strong><\/p>\n<p><img fetchpriority=\"high\" decoding=\"async\" class=\"alignnone wp-image-5561\" src=\"https:\/\/www.fcejs.unsl.edu.ar\/wp-content\/uploads\/2021\/10\/flyer-evento-comision-de-la-memoria-300x300.jpg\" alt=\"\" width=\"779\" height=\"779\" srcset=\"https:\/\/www.fcejs.unsl.edu.ar\/wp-content\/uploads\/2021\/10\/flyer-evento-comision-de-la-memoria-300x300.jpg 300w, https:\/\/www.fcejs.unsl.edu.ar\/wp-content\/uploads\/2021\/10\/flyer-evento-comision-de-la-memoria-1024x1024.jpg 1024w, https:\/\/www.fcejs.unsl.edu.ar\/wp-content\/uploads\/2021\/10\/flyer-evento-comision-de-la-memoria-150x150.jpg 150w, https:\/\/www.fcejs.unsl.edu.ar\/wp-content\/uploads\/2021\/10\/flyer-evento-comision-de-la-memoria-768x768.jpg 768w, https:\/\/www.fcejs.unsl.edu.ar\/wp-content\/uploads\/2021\/10\/flyer-evento-comision-de-la-memoria.jpg 1080w\" sizes=\"(max-width: 779px) 100vw, 779px\" \/><\/p>\n","protected":false},"excerpt":{"rendered":"<p>Desde la Comisi\u00f3n de la Memoria del CONICET, se invita para el 7 de octubre a las 9h y a las 14h (dos bloques) a&hellip;<\/p>\n","protected":false},"author":9,"featured_media":5560,"comment_status":"closed","ping_status":"closed","sticky":false,"template":"","format":"standard","meta":{"om_disable_all_campaigns":false,"_monsterinsights_skip_tracking":false,"_monsterinsights_sitenote_active":false,"_monsterinsights_sitenote_note":"","_monsterinsights_sitenote_category":0,"footnotes":""},"categories":[21],"tags":[],"class_list":["post-5559","post","type-post","status-publish","format-standard","has-post-thumbnail","hentry","category-archivadas"],"yoast_head":"<!-- This site is optimized with the Yoast SEO plugin v27.5 - https:\/\/yoast.com\/product\/yoast-seo-wordpress\/ -->\n<title>Primera Jornada de &quot;Desaf\u00edos de la reconstrucci\u00f3n de la memoria&quot;, experiencias y reflexiones - Facultad de Ciencias Econ\u00f3micas, Jur\u00ed\u00addicas y Sociales<\/title>\n<meta name=\"robots\" content=\"index, follow, max-snippet:-1, max-image-preview:large, max-video-preview:-1\" \/>\n<link rel=\"canonical\" href=\"https:\/\/www.fcejs.unsl.edu.ar\/index.php\/primera-jornada-de-desafios-de-la-reconstruccion-de-la-memoria-experiencias-y-reflexiones\/\" \/>\n<meta property=\"og:locale\" content=\"es_ES\" \/>\n<meta property=\"og:type\" content=\"article\" \/>\n<meta property=\"og:title\" content=\"Primera Jornada de &quot;Desaf\u00edos de la reconstrucci\u00f3n de la memoria&quot;, experiencias y reflexiones - Facultad de Ciencias Econ\u00f3micas, Jur\u00ed\u00addicas y Sociales\" \/>\n<meta property=\"og:description\" content=\"Desde la Comisi\u00f3n de la Memoria del CONICET, se invita para el 7 de octubre a las 9h y a las 14h (dos bloques) a&hellip;\" \/>\n<meta property=\"og:url\" content=\"https:\/\/www.fcejs.unsl.edu.ar\/index.php\/primera-jornada-de-desafios-de-la-reconstruccion-de-la-memoria-experiencias-y-reflexiones\/\" \/>\n<meta property=\"og:site_name\" content=\"Facultad de Ciencias Econ\u00f3micas, Jur\u00ed\u00addicas y Sociales\" \/>\n<meta property=\"article:publisher\" content=\"https:\/\/www.facebook.com\/FCEJS.UNSL\/\" \/>\n<meta property=\"article:published_time\" content=\"2021-10-04T14:48:16+00:00\" \/>\n<meta property=\"article:modified_time\" content=\"2021-10-14T12:00:44+00:00\" \/>\n<meta property=\"og:image\" content=\"https:\/\/www.fcejs.unsl.edu.ar\/wp-content\/uploads\/2021\/10\/Captura.jpg\" \/>\n\t<meta property=\"og:image:width\" content=\"452\" \/>\n\t<meta property=\"og:image:height\" content=\"163\" \/>\n\t<meta property=\"og:image:type\" content=\"image\/jpeg\" \/>\n<meta name=\"author\" content=\"DATI\" \/>\n<meta name=\"twitter:card\" content=\"summary_large_image\" \/>\n<meta name=\"twitter:creator\" content=\"@FCEJSUNSL\" \/>\n<meta name=\"twitter:site\" content=\"@FCEJSUNSL\" \/>\n<meta name=\"twitter:label1\" content=\"Escrito por\" \/>\n\t<meta name=\"twitter:data1\" content=\"DATI\" \/>\n\t<meta name=\"twitter:label2\" content=\"Tiempo de lectura\" \/>\n\t<meta name=\"twitter:data2\" content=\"2 minutos\" \/>\n<script type=\"application\/ld+json\" class=\"yoast-schema-graph\">{\"@context\":\"https:\\\/\\\/schema.org\",\"@graph\":[{\"@type\":\"Article\",\"@id\":\"https:\\\/\\\/www.fcejs.unsl.edu.ar\\\/index.php\\\/primera-jornada-de-desafios-de-la-reconstruccion-de-la-memoria-experiencias-y-reflexiones\\\/#article\",\"isPartOf\":{\"@id\":\"https:\\\/\\\/www.fcejs.unsl.edu.ar\\\/index.php\\\/primera-jornada-de-desafios-de-la-reconstruccion-de-la-memoria-experiencias-y-reflexiones\\\/\"},\"author\":{\"name\":\"DATI\",\"@id\":\"https:\\\/\\\/www.fcejs.unsl.edu.ar\\\/#\\\/schema\\\/person\\\/352ee6ed90c3f394c7cb5945f8956d34\"},\"headline\":\"Primera Jornada de &#8220;Desaf\u00edos de la reconstrucci\u00f3n de la memoria&#8221;, experiencias y reflexiones\",\"datePublished\":\"2021-10-04T14:48:16+00:00\",\"dateModified\":\"2021-10-14T12:00:44+00:00\",\"mainEntityOfPage\":{\"@id\":\"https:\\\/\\\/www.fcejs.unsl.edu.ar\\\/index.php\\\/primera-jornada-de-desafios-de-la-reconstruccion-de-la-memoria-experiencias-y-reflexiones\\\/\"},\"wordCount\":385,\"publisher\":{\"@id\":\"https:\\\/\\\/www.fcejs.unsl.edu.ar\\\/#organization\"},\"image\":{\"@id\":\"https:\\\/\\\/www.fcejs.unsl.edu.ar\\\/index.php\\\/primera-jornada-de-desafios-de-la-reconstruccion-de-la-memoria-experiencias-y-reflexiones\\\/#primaryimage\"},\"thumbnailUrl\":\"https:\\\/\\\/www.fcejs.unsl.edu.ar\\\/wp-content\\\/uploads\\\/2021\\\/10\\\/Captura.jpg\",\"articleSection\":[\"Archivadas\"],\"inLanguage\":\"es-AR\"},{\"@type\":\"WebPage\",\"@id\":\"https:\\\/\\\/www.fcejs.unsl.edu.ar\\\/index.php\\\/primera-jornada-de-desafios-de-la-reconstruccion-de-la-memoria-experiencias-y-reflexiones\\\/\",\"url\":\"https:\\\/\\\/www.fcejs.unsl.edu.ar\\\/index.php\\\/primera-jornada-de-desafios-de-la-reconstruccion-de-la-memoria-experiencias-y-reflexiones\\\/\",\"name\":\"Primera Jornada de \\\"Desaf\u00edos de la reconstrucci\u00f3n de la memoria\\\", experiencias y reflexiones - Facultad de Ciencias Econ\u00f3micas, Jur\u00ed\u00addicas y Sociales\",\"isPartOf\":{\"@id\":\"https:\\\/\\\/www.fcejs.unsl.edu.ar\\\/#website\"},\"primaryImageOfPage\":{\"@id\":\"https:\\\/\\\/www.fcejs.unsl.edu.ar\\\/index.php\\\/primera-jornada-de-desafios-de-la-reconstruccion-de-la-memoria-experiencias-y-reflexiones\\\/#primaryimage\"},\"image\":{\"@id\":\"https:\\\/\\\/www.fcejs.unsl.edu.ar\\\/index.php\\\/primera-jornada-de-desafios-de-la-reconstruccion-de-la-memoria-experiencias-y-reflexiones\\\/#primaryimage\"},\"thumbnailUrl\":\"https:\\\/\\\/www.fcejs.unsl.edu.ar\\\/wp-content\\\/uploads\\\/2021\\\/10\\\/Captura.jpg\",\"datePublished\":\"2021-10-04T14:48:16+00:00\",\"dateModified\":\"2021-10-14T12:00:44+00:00\",\"breadcrumb\":{\"@id\":\"https:\\\/\\\/www.fcejs.unsl.edu.ar\\\/index.php\\\/primera-jornada-de-desafios-de-la-reconstruccion-de-la-memoria-experiencias-y-reflexiones\\\/#breadcrumb\"},\"inLanguage\":\"es-AR\",\"potentialAction\":[{\"@type\":\"ReadAction\",\"target\":[\"https:\\\/\\\/www.fcejs.unsl.edu.ar\\\/index.php\\\/primera-jornada-de-desafios-de-la-reconstruccion-de-la-memoria-experiencias-y-reflexiones\\\/\"]}]},{\"@type\":\"ImageObject\",\"inLanguage\":\"es-AR\",\"@id\":\"https:\\\/\\\/www.fcejs.unsl.edu.ar\\\/index.php\\\/primera-jornada-de-desafios-de-la-reconstruccion-de-la-memoria-experiencias-y-reflexiones\\\/#primaryimage\",\"url\":\"https:\\\/\\\/www.fcejs.unsl.edu.ar\\\/wp-content\\\/uploads\\\/2021\\\/10\\\/Captura.jpg\",\"contentUrl\":\"https:\\\/\\\/www.fcejs.unsl.edu.ar\\\/wp-content\\\/uploads\\\/2021\\\/10\\\/Captura.jpg\",\"width\":452,\"height\":163},{\"@type\":\"BreadcrumbList\",\"@id\":\"https:\\\/\\\/www.fcejs.unsl.edu.ar\\\/index.php\\\/primera-jornada-de-desafios-de-la-reconstruccion-de-la-memoria-experiencias-y-reflexiones\\\/#breadcrumb\",\"itemListElement\":[{\"@type\":\"ListItem\",\"position\":1,\"name\":\"Inicio\",\"item\":\"https:\\\/\\\/www.fcejs.unsl.edu.ar\\\/\"},{\"@type\":\"ListItem\",\"position\":2,\"name\":\"Primera Jornada de &#8220;Desaf\u00edos de la reconstrucci\u00f3n de la memoria&#8221;, experiencias y reflexiones\"}]},{\"@type\":\"WebSite\",\"@id\":\"https:\\\/\\\/www.fcejs.unsl.edu.ar\\\/#website\",\"url\":\"https:\\\/\\\/www.fcejs.unsl.edu.ar\\\/\",\"name\":\"Facultad de Ciencias Econ\u00f3micas, Jur\u00ed\u00addicas y Sociales\",\"description\":\"\",\"publisher\":{\"@id\":\"https:\\\/\\\/www.fcejs.unsl.edu.ar\\\/#organization\"},\"potentialAction\":[{\"@type\":\"SearchAction\",\"target\":{\"@type\":\"EntryPoint\",\"urlTemplate\":\"https:\\\/\\\/www.fcejs.unsl.edu.ar\\\/?s={search_term_string}\"},\"query-input\":{\"@type\":\"PropertyValueSpecification\",\"valueRequired\":true,\"valueName\":\"search_term_string\"}}],\"inLanguage\":\"es-AR\"},{\"@type\":\"Organization\",\"@id\":\"https:\\\/\\\/www.fcejs.unsl.edu.ar\\\/#organization\",\"name\":\"Facultad de Ciencias Econ\u00f3micas, Jur\u00eddicas y Sociales\",\"url\":\"https:\\\/\\\/www.fcejs.unsl.edu.ar\\\/\",\"logo\":{\"@type\":\"ImageObject\",\"inLanguage\":\"es-AR\",\"@id\":\"https:\\\/\\\/www.fcejs.unsl.edu.ar\\\/#\\\/schema\\\/logo\\\/image\\\/\",\"url\":\"https:\\\/\\\/www.fcejs.unsl.edu.ar\\\/wp-content\\\/uploads\\\/2021\\\/03\\\/logo-1.jpg\",\"contentUrl\":\"https:\\\/\\\/www.fcejs.unsl.edu.ar\\\/wp-content\\\/uploads\\\/2021\\\/03\\\/logo-1.jpg\",\"width\":471,\"height\":146,\"caption\":\"Facultad de Ciencias Econ\u00f3micas, Jur\u00eddicas y Sociales\"},\"image\":{\"@id\":\"https:\\\/\\\/www.fcejs.unsl.edu.ar\\\/#\\\/schema\\\/logo\\\/image\\\/\"},\"sameAs\":[\"https:\\\/\\\/www.facebook.com\\\/FCEJS.UNSL\\\/\",\"https:\\\/\\\/x.com\\\/FCEJSUNSL\",\"https:\\\/\\\/www.instagram.com\\\/fcejs.unsl\\\/\",\"https:\\\/\\\/www.youtube.com\\\/channel\\\/UCH-Ut6EaN_X5ogjIQMPe46g\\\/\"]},{\"@type\":\"Person\",\"@id\":\"https:\\\/\\\/www.fcejs.unsl.edu.ar\\\/#\\\/schema\\\/person\\\/352ee6ed90c3f394c7cb5945f8956d34\",\"name\":\"DATI\"}]}<\/script>\n<!-- \/ Yoast SEO plugin. -->","yoast_head_json":{"title":"Primera Jornada de \"Desaf\u00edos de la reconstrucci\u00f3n de la memoria\", experiencias y reflexiones - Facultad de Ciencias Econ\u00f3micas, Jur\u00ed\u00addicas y Sociales","robots":{"index":"index","follow":"follow","max-snippet":"max-snippet:-1","max-image-preview":"max-image-preview:large","max-video-preview":"max-video-preview:-1"},"canonical":"https:\/\/www.fcejs.unsl.edu.ar\/index.php\/primera-jornada-de-desafios-de-la-reconstruccion-de-la-memoria-experiencias-y-reflexiones\/","og_locale":"es_ES","og_type":"article","og_title":"Primera Jornada de \"Desaf\u00edos de la reconstrucci\u00f3n de la memoria\", experiencias y reflexiones - Facultad de Ciencias Econ\u00f3micas, Jur\u00ed\u00addicas y Sociales","og_description":"Desde la Comisi\u00f3n de la Memoria del CONICET, se invita para el 7 de octubre a las 9h y a las 14h (dos bloques) a&hellip;","og_url":"https:\/\/www.fcejs.unsl.edu.ar\/index.php\/primera-jornada-de-desafios-de-la-reconstruccion-de-la-memoria-experiencias-y-reflexiones\/","og_site_name":"Facultad de Ciencias Econ\u00f3micas, Jur\u00ed\u00addicas y Sociales","article_publisher":"https:\/\/www.facebook.com\/FCEJS.UNSL\/","article_published_time":"2021-10-04T14:48:16+00:00","article_modified_time":"2021-10-14T12:00:44+00:00","og_image":[{"width":452,"height":163,"url":"https:\/\/www.fcejs.unsl.edu.ar\/wp-content\/uploads\/2021\/10\/Captura.jpg","type":"image\/jpeg"}],"author":"DATI","twitter_card":"summary_large_image","twitter_creator":"@FCEJSUNSL","twitter_site":"@FCEJSUNSL","twitter_misc":{"Escrito por":"DATI","Tiempo de lectura":"2 minutos"},"schema":{"@context":"https:\/\/schema.org","@graph":[{"@type":"Article","@id":"https:\/\/www.fcejs.unsl.edu.ar\/index.php\/primera-jornada-de-desafios-de-la-reconstruccion-de-la-memoria-experiencias-y-reflexiones\/#article","isPartOf":{"@id":"https:\/\/www.fcejs.unsl.edu.ar\/index.php\/primera-jornada-de-desafios-de-la-reconstruccion-de-la-memoria-experiencias-y-reflexiones\/"},"author":{"name":"DATI","@id":"https:\/\/www.fcejs.unsl.edu.ar\/#\/schema\/person\/352ee6ed90c3f394c7cb5945f8956d34"},"headline":"Primera Jornada de &#8220;Desaf\u00edos de la reconstrucci\u00f3n de la memoria&#8221;, experiencias y reflexiones","datePublished":"2021-10-04T14:48:16+00:00","dateModified":"2021-10-14T12:00:44+00:00","mainEntityOfPage":{"@id":"https:\/\/www.fcejs.unsl.edu.ar\/index.php\/primera-jornada-de-desafios-de-la-reconstruccion-de-la-memoria-experiencias-y-reflexiones\/"},"wordCount":385,"publisher":{"@id":"https:\/\/www.fcejs.unsl.edu.ar\/#organization"},"image":{"@id":"https:\/\/www.fcejs.unsl.edu.ar\/index.php\/primera-jornada-de-desafios-de-la-reconstruccion-de-la-memoria-experiencias-y-reflexiones\/#primaryimage"},"thumbnailUrl":"https:\/\/www.fcejs.unsl.edu.ar\/wp-content\/uploads\/2021\/10\/Captura.jpg","articleSection":["Archivadas"],"inLanguage":"es-AR"},{"@type":"WebPage","@id":"https:\/\/www.fcejs.unsl.edu.ar\/index.php\/primera-jornada-de-desafios-de-la-reconstruccion-de-la-memoria-experiencias-y-reflexiones\/","url":"https:\/\/www.fcejs.unsl.edu.ar\/index.php\/primera-jornada-de-desafios-de-la-reconstruccion-de-la-memoria-experiencias-y-reflexiones\/","name":"Primera Jornada de \"Desaf\u00edos de la reconstrucci\u00f3n de la memoria\", experiencias y reflexiones - Facultad de Ciencias Econ\u00f3micas, Jur\u00ed\u00addicas y Sociales","isPartOf":{"@id":"https:\/\/www.fcejs.unsl.edu.ar\/#website"},"primaryImageOfPage":{"@id":"https:\/\/www.fcejs.unsl.edu.ar\/index.php\/primera-jornada-de-desafios-de-la-reconstruccion-de-la-memoria-experiencias-y-reflexiones\/#primaryimage"},"image":{"@id":"https:\/\/www.fcejs.unsl.edu.ar\/index.php\/primera-jornada-de-desafios-de-la-reconstruccion-de-la-memoria-experiencias-y-reflexiones\/#primaryimage"},"thumbnailUrl":"https:\/\/www.fcejs.unsl.edu.ar\/wp-content\/uploads\/2021\/10\/Captura.jpg","datePublished":"2021-10-04T14:48:16+00:00","dateModified":"2021-10-14T12:00:44+00:00","breadcrumb":{"@id":"https:\/\/www.fcejs.unsl.edu.ar\/index.php\/primera-jornada-de-desafios-de-la-reconstruccion-de-la-memoria-experiencias-y-reflexiones\/#breadcrumb"},"inLanguage":"es-AR","potentialAction":[{"@type":"ReadAction","target":["https:\/\/www.fcejs.unsl.edu.ar\/index.php\/primera-jornada-de-desafios-de-la-reconstruccion-de-la-memoria-experiencias-y-reflexiones\/"]}]},{"@type":"ImageObject","inLanguage":"es-AR","@id":"https:\/\/www.fcejs.unsl.edu.ar\/index.php\/primera-jornada-de-desafios-de-la-reconstruccion-de-la-memoria-experiencias-y-reflexiones\/#primaryimage","url":"https:\/\/www.fcejs.unsl.edu.ar\/wp-content\/uploads\/2021\/10\/Captura.jpg","contentUrl":"https:\/\/www.fcejs.unsl.edu.ar\/wp-content\/uploads\/2021\/10\/Captura.jpg","width":452,"height":163},{"@type":"BreadcrumbList","@id":"https:\/\/www.fcejs.unsl.edu.ar\/index.php\/primera-jornada-de-desafios-de-la-reconstruccion-de-la-memoria-experiencias-y-reflexiones\/#breadcrumb","itemListElement":[{"@type":"ListItem","position":1,"name":"Inicio","item":"https:\/\/www.fcejs.unsl.edu.ar\/"},{"@type":"ListItem","position":2,"name":"Primera Jornada de &#8220;Desaf\u00edos de la reconstrucci\u00f3n de la memoria&#8221;, experiencias y reflexiones"}]},{"@type":"WebSite","@id":"https:\/\/www.fcejs.unsl.edu.ar\/#website","url":"https:\/\/www.fcejs.unsl.edu.ar\/","name":"Facultad de Ciencias Econ\u00f3micas, Jur\u00ed\u00addicas y Sociales","description":"","publisher":{"@id":"https:\/\/www.fcejs.unsl.edu.ar\/#organization"},"potentialAction":[{"@type":"SearchAction","target":{"@type":"EntryPoint","urlTemplate":"https:\/\/www.fcejs.unsl.edu.ar\/?s={search_term_string}"},"query-input":{"@type":"PropertyValueSpecification","valueRequired":true,"valueName":"search_term_string"}}],"inLanguage":"es-AR"},{"@type":"Organization","@id":"https:\/\/www.fcejs.unsl.edu.ar\/#organization","name":"Facultad de Ciencias Econ\u00f3micas, Jur\u00eddicas y Sociales","url":"https:\/\/www.fcejs.unsl.edu.ar\/","logo":{"@type":"ImageObject","inLanguage":"es-AR","@id":"https:\/\/www.fcejs.unsl.edu.ar\/#\/schema\/logo\/image\/","url":"https:\/\/www.fcejs.unsl.edu.ar\/wp-content\/uploads\/2021\/03\/logo-1.jpg","contentUrl":"https:\/\/www.fcejs.unsl.edu.ar\/wp-content\/uploads\/2021\/03\/logo-1.jpg","width":471,"height":146,"caption":"Facultad de Ciencias Econ\u00f3micas, Jur\u00eddicas y Sociales"},"image":{"@id":"https:\/\/www.fcejs.unsl.edu.ar\/#\/schema\/logo\/image\/"},"sameAs":["https:\/\/www.facebook.com\/FCEJS.UNSL\/","https:\/\/x.com\/FCEJSUNSL","https:\/\/www.instagram.com\/fcejs.unsl\/","https:\/\/www.youtube.com\/channel\/UCH-Ut6EaN_X5ogjIQMPe46g\/"]},{"@type":"Person","@id":"https:\/\/www.fcejs.unsl.edu.ar\/#\/schema\/person\/352ee6ed90c3f394c7cb5945f8956d34","name":"DATI"}]}},"jetpack_featured_media_url":"https:\/\/www.fcejs.unsl.edu.ar\/wp-content\/uploads\/2021\/10\/Captura.jpg","_links":{"self":[{"href":"https:\/\/www.fcejs.unsl.edu.ar\/index.php\/wp-json\/wp\/v2\/posts\/5559","targetHints":{"allow":["GET"]}}],"collection":[{"href":"https:\/\/www.fcejs.unsl.edu.ar\/index.php\/wp-json\/wp\/v2\/posts"}],"about":[{"href":"https:\/\/www.fcejs.unsl.edu.ar\/index.php\/wp-json\/wp\/v2\/types\/post"}],"author":[{"embeddable":true,"href":"https:\/\/www.fcejs.unsl.edu.ar\/index.php\/wp-json\/wp\/v2\/users\/9"}],"replies":[{"embeddable":true,"href":"https:\/\/www.fcejs.unsl.edu.ar\/index.php\/wp-json\/wp\/v2\/comments?post=5559"}],"version-history":[{"count":1,"href":"https:\/\/www.fcejs.unsl.edu.ar\/index.php\/wp-json\/wp\/v2\/posts\/5559\/revisions"}],"predecessor-version":[{"id":5562,"href":"https:\/\/www.fcejs.unsl.edu.ar\/index.php\/wp-json\/wp\/v2\/posts\/5559\/revisions\/5562"}],"wp:featuredmedia":[{"embeddable":true,"href":"https:\/\/www.fcejs.unsl.edu.ar\/index.php\/wp-json\/wp\/v2\/media\/5560"}],"wp:attachment":[{"href":"https:\/\/www.fcejs.unsl.edu.ar\/index.php\/wp-json\/wp\/v2\/media?parent=5559"}],"wp:term":[{"taxonomy":"category","embeddable":true,"href":"https:\/\/www.fcejs.unsl.edu.ar\/index.php\/wp-json\/wp\/v2\/categories?post=5559"},{"taxonomy":"post_tag","embeddable":true,"href":"https:\/\/www.fcejs.unsl.edu.ar\/index.php\/wp-json\/wp\/v2\/tags?post=5559"}],"curies":[{"name":"wp","href":"https:\/\/api.w.org\/{rel}","templated":true}]}}