{"id":5503,"date":"2021-09-30T10:31:18","date_gmt":"2021-09-30T13:31:18","guid":{"rendered":"http:\/\/10.101.10.197\/www\/?p=5503"},"modified":"2021-10-14T09:04:18","modified_gmt":"2021-10-14T12:04:18","slug":"curso-de-posgrado-tecnologias-politica-y-cultura-popular-usos-y-narrativas-de-la-comunicacion-en-redes","status":"publish","type":"post","link":"https:\/\/www.fcejs.unsl.edu.ar\/index.php\/curso-de-posgrado-tecnologias-politica-y-cultura-popular-usos-y-narrativas-de-la-comunicacion-en-redes\/","title":{"rendered":"Curso de Posgrado: \u201cTecnolog\u00edas, Pol\u00edtica y Cultura Popular. Usos y Narrativas de la Comunicaci\u00f3n en Redes\u201d"},"content":{"rendered":"<p>La Facultad de Ciencias Humanas de la UNSL invita a participar del curso de posgrado: Tecnolog\u00edas, pol\u00edtica y cultura popular. Usos y narrativas de la comunicaci\u00f3n en redes, que dar\u00e1 inicio el d\u00eda 5 de octubre de 2021 a las 18h de forma virtual a trav\u00e9s de la Plataforma Google Meet.<\/p>\n<p>Organizado por el Departamento de Comunicaci\u00f3n (FCH-UNSL) y con la coordinaci\u00f3n de Natalia Vera y Claudia Garc\u00eda, este curso ser\u00e1 dictado por el Dr. Leonardo Murolo (UNQ-UNLP) y el Esp. Ignacio del Pizzo (UNQ) de forma bimodal: virtual\/presencial.<\/p>\n<p>La inscripci\u00f3n estar\u00e1 abierta hasta el lunes 4 de octubre.<\/p>\n<p>Los d\u00edas de dictado ser\u00e1n: 5, 12 y 19 de octubre y 3, 4 y 5 de noviembre<\/p>\n<p>Son destinatarios de este curso los egresados con t\u00edtulo universitario de grado de 4 a\u00f1os o m\u00e1s\u00a0en disciplinas afines\u00a0en \u00c1reas Disciplinares vinculadas a las Ciencias Humanas y Sociales, especialmente destinado a los del campo de la comunicaci\u00f3n y afines.<\/p>\n<p>El curso aborda los procesos de usos, apropiaciones, resignificaci\u00f3n y construcci\u00f3n de sentidos mediante tecnolog\u00edas. Las narrativas y din\u00e1micas contempor\u00e1neas de consumos medi\u00e1ticos digitales, la comunicaci\u00f3n pol\u00edtica y period\u00edstica en redes sociales.<\/p>\n<p>Auspicia la Secretar\u00eda de Comunicaci\u00f3n Institucional (UNSL)<\/p>\n<p>M\u00e1s informaci\u00f3n en: comunicacionenredes2021@gmail.com<\/p>\n<p>&nbsp;<\/p>\n<p><img fetchpriority=\"high\" decoding=\"async\" class=\"aligncenter size-large wp-image-5504\" src=\"https:\/\/www.fcejs.unsl.edu.ar\/wp-content\/uploads\/2021\/09\/1-3-1024x1024.jpg\" alt=\"\" width=\"843\" height=\"843\" srcset=\"https:\/\/www.fcejs.unsl.edu.ar\/wp-content\/uploads\/2021\/09\/1-3-1024x1024.jpg 1024w, https:\/\/www.fcejs.unsl.edu.ar\/wp-content\/uploads\/2021\/09\/1-3-300x300.jpg 300w, https:\/\/www.fcejs.unsl.edu.ar\/wp-content\/uploads\/2021\/09\/1-3-150x150.jpg 150w, https:\/\/www.fcejs.unsl.edu.ar\/wp-content\/uploads\/2021\/09\/1-3-768x768.jpg 768w, https:\/\/www.fcejs.unsl.edu.ar\/wp-content\/uploads\/2021\/09\/1-3.jpg 1280w\" sizes=\"(max-width: 843px) 100vw, 843px\" \/><\/p>\n","protected":false},"excerpt":{"rendered":"<p>La Facultad de Ciencias Humanas de la UNSL invita a participar del curso de posgrado: Tecnolog\u00edas, pol\u00edtica y cultura popular. Usos y narrativas de la&hellip;<\/p>\n","protected":false},"author":9,"featured_media":5508,"comment_status":"closed","ping_status":"closed","sticky":false,"template":"","format":"standard","meta":{"om_disable_all_campaigns":false,"_monsterinsights_skip_tracking":false,"_monsterinsights_sitenote_active":false,"_monsterinsights_sitenote_note":"","_monsterinsights_sitenote_category":0,"footnotes":""},"categories":[21],"tags":[],"class_list":["post-5503","post","type-post","status-publish","format-standard","has-post-thumbnail","hentry","category-archivadas"],"yoast_head":"<!-- This site is optimized with the Yoast SEO plugin v27.5 - https:\/\/yoast.com\/product\/yoast-seo-wordpress\/ -->\n<title>Curso de Posgrado: \u201cTecnolog\u00edas, Pol\u00edtica y Cultura Popular. Usos y Narrativas de la Comunicaci\u00f3n en Redes\u201d - Facultad de Ciencias Econ\u00f3micas, Jur\u00ed\u00addicas y Sociales<\/title>\n<meta name=\"robots\" content=\"index, follow, max-snippet:-1, max-image-preview:large, max-video-preview:-1\" \/>\n<link rel=\"canonical\" href=\"https:\/\/www.fcejs.unsl.edu.ar\/index.php\/curso-de-posgrado-tecnologias-politica-y-cultura-popular-usos-y-narrativas-de-la-comunicacion-en-redes\/\" \/>\n<meta property=\"og:locale\" content=\"es_ES\" \/>\n<meta property=\"og:type\" content=\"article\" \/>\n<meta property=\"og:title\" content=\"Curso de Posgrado: \u201cTecnolog\u00edas, Pol\u00edtica y Cultura Popular. Usos y Narrativas de la Comunicaci\u00f3n en Redes\u201d - Facultad de Ciencias Econ\u00f3micas, Jur\u00ed\u00addicas y Sociales\" \/>\n<meta property=\"og:description\" content=\"La Facultad de Ciencias Humanas de la UNSL invita a participar del curso de posgrado: Tecnolog\u00edas, pol\u00edtica y cultura popular. Usos y narrativas de la&hellip;\" \/>\n<meta property=\"og:url\" content=\"https:\/\/www.fcejs.unsl.edu.ar\/index.php\/curso-de-posgrado-tecnologias-politica-y-cultura-popular-usos-y-narrativas-de-la-comunicacion-en-redes\/\" \/>\n<meta property=\"og:site_name\" content=\"Facultad de Ciencias Econ\u00f3micas, Jur\u00ed\u00addicas y Sociales\" \/>\n<meta property=\"article:publisher\" content=\"https:\/\/www.facebook.com\/FCEJS.UNSL\/\" \/>\n<meta property=\"article:published_time\" content=\"2021-09-30T13:31:18+00:00\" \/>\n<meta property=\"article:modified_time\" content=\"2021-10-14T12:04:18+00:00\" \/>\n<meta property=\"og:image\" content=\"https:\/\/www.fcejs.unsl.edu.ar\/wp-content\/uploads\/2021\/09\/posgrado-humanas.jpg\" \/>\n\t<meta property=\"og:image:width\" content=\"1152\" \/>\n\t<meta property=\"og:image:height\" content=\"647\" \/>\n\t<meta property=\"og:image:type\" content=\"image\/jpeg\" \/>\n<meta name=\"author\" content=\"DATI\" \/>\n<meta name=\"twitter:card\" content=\"summary_large_image\" \/>\n<meta name=\"twitter:creator\" content=\"@FCEJSUNSL\" \/>\n<meta name=\"twitter:site\" content=\"@FCEJSUNSL\" \/>\n<meta name=\"twitter:label1\" content=\"Escrito por\" \/>\n\t<meta name=\"twitter:data1\" content=\"DATI\" \/>\n\t<meta name=\"twitter:label2\" content=\"Tiempo de lectura\" \/>\n\t<meta name=\"twitter:data2\" content=\"2 minutos\" \/>\n<script type=\"application\/ld+json\" class=\"yoast-schema-graph\">{\"@context\":\"https:\\\/\\\/schema.org\",\"@graph\":[{\"@type\":\"Article\",\"@id\":\"https:\\\/\\\/www.fcejs.unsl.edu.ar\\\/index.php\\\/curso-de-posgrado-tecnologias-politica-y-cultura-popular-usos-y-narrativas-de-la-comunicacion-en-redes\\\/#article\",\"isPartOf\":{\"@id\":\"https:\\\/\\\/www.fcejs.unsl.edu.ar\\\/index.php\\\/curso-de-posgrado-tecnologias-politica-y-cultura-popular-usos-y-narrativas-de-la-comunicacion-en-redes\\\/\"},\"author\":{\"name\":\"DATI\",\"@id\":\"https:\\\/\\\/www.fcejs.unsl.edu.ar\\\/#\\\/schema\\\/person\\\/352ee6ed90c3f394c7cb5945f8956d34\"},\"headline\":\"Curso de Posgrado: \u201cTecnolog\u00edas, Pol\u00edtica y Cultura Popular. Usos y Narrativas de la Comunicaci\u00f3n en Redes\u201d\",\"datePublished\":\"2021-09-30T13:31:18+00:00\",\"dateModified\":\"2021-10-14T12:04:18+00:00\",\"mainEntityOfPage\":{\"@id\":\"https:\\\/\\\/www.fcejs.unsl.edu.ar\\\/index.php\\\/curso-de-posgrado-tecnologias-politica-y-cultura-popular-usos-y-narrativas-de-la-comunicacion-en-redes\\\/\"},\"wordCount\":242,\"publisher\":{\"@id\":\"https:\\\/\\\/www.fcejs.unsl.edu.ar\\\/#organization\"},\"image\":{\"@id\":\"https:\\\/\\\/www.fcejs.unsl.edu.ar\\\/index.php\\\/curso-de-posgrado-tecnologias-politica-y-cultura-popular-usos-y-narrativas-de-la-comunicacion-en-redes\\\/#primaryimage\"},\"thumbnailUrl\":\"https:\\\/\\\/www.fcejs.unsl.edu.ar\\\/wp-content\\\/uploads\\\/2021\\\/09\\\/posgrado-humanas.jpg\",\"articleSection\":[\"Archivadas\"],\"inLanguage\":\"es-AR\"},{\"@type\":\"WebPage\",\"@id\":\"https:\\\/\\\/www.fcejs.unsl.edu.ar\\\/index.php\\\/curso-de-posgrado-tecnologias-politica-y-cultura-popular-usos-y-narrativas-de-la-comunicacion-en-redes\\\/\",\"url\":\"https:\\\/\\\/www.fcejs.unsl.edu.ar\\\/index.php\\\/curso-de-posgrado-tecnologias-politica-y-cultura-popular-usos-y-narrativas-de-la-comunicacion-en-redes\\\/\",\"name\":\"Curso de Posgrado: \u201cTecnolog\u00edas, Pol\u00edtica y Cultura Popular. Usos y Narrativas de la Comunicaci\u00f3n en Redes\u201d - Facultad de Ciencias Econ\u00f3micas, Jur\u00ed\u00addicas y Sociales\",\"isPartOf\":{\"@id\":\"https:\\\/\\\/www.fcejs.unsl.edu.ar\\\/#website\"},\"primaryImageOfPage\":{\"@id\":\"https:\\\/\\\/www.fcejs.unsl.edu.ar\\\/index.php\\\/curso-de-posgrado-tecnologias-politica-y-cultura-popular-usos-y-narrativas-de-la-comunicacion-en-redes\\\/#primaryimage\"},\"image\":{\"@id\":\"https:\\\/\\\/www.fcejs.unsl.edu.ar\\\/index.php\\\/curso-de-posgrado-tecnologias-politica-y-cultura-popular-usos-y-narrativas-de-la-comunicacion-en-redes\\\/#primaryimage\"},\"thumbnailUrl\":\"https:\\\/\\\/www.fcejs.unsl.edu.ar\\\/wp-content\\\/uploads\\\/2021\\\/09\\\/posgrado-humanas.jpg\",\"datePublished\":\"2021-09-30T13:31:18+00:00\",\"dateModified\":\"2021-10-14T12:04:18+00:00\",\"breadcrumb\":{\"@id\":\"https:\\\/\\\/www.fcejs.unsl.edu.ar\\\/index.php\\\/curso-de-posgrado-tecnologias-politica-y-cultura-popular-usos-y-narrativas-de-la-comunicacion-en-redes\\\/#breadcrumb\"},\"inLanguage\":\"es-AR\",\"potentialAction\":[{\"@type\":\"ReadAction\",\"target\":[\"https:\\\/\\\/www.fcejs.unsl.edu.ar\\\/index.php\\\/curso-de-posgrado-tecnologias-politica-y-cultura-popular-usos-y-narrativas-de-la-comunicacion-en-redes\\\/\"]}]},{\"@type\":\"ImageObject\",\"inLanguage\":\"es-AR\",\"@id\":\"https:\\\/\\\/www.fcejs.unsl.edu.ar\\\/index.php\\\/curso-de-posgrado-tecnologias-politica-y-cultura-popular-usos-y-narrativas-de-la-comunicacion-en-redes\\\/#primaryimage\",\"url\":\"https:\\\/\\\/www.fcejs.unsl.edu.ar\\\/wp-content\\\/uploads\\\/2021\\\/09\\\/posgrado-humanas.jpg\",\"contentUrl\":\"https:\\\/\\\/www.fcejs.unsl.edu.ar\\\/wp-content\\\/uploads\\\/2021\\\/09\\\/posgrado-humanas.jpg\",\"width\":1152,\"height\":647},{\"@type\":\"BreadcrumbList\",\"@id\":\"https:\\\/\\\/www.fcejs.unsl.edu.ar\\\/index.php\\\/curso-de-posgrado-tecnologias-politica-y-cultura-popular-usos-y-narrativas-de-la-comunicacion-en-redes\\\/#breadcrumb\",\"itemListElement\":[{\"@type\":\"ListItem\",\"position\":1,\"name\":\"Inicio\",\"item\":\"https:\\\/\\\/www.fcejs.unsl.edu.ar\\\/\"},{\"@type\":\"ListItem\",\"position\":2,\"name\":\"Curso de Posgrado: \u201cTecnolog\u00edas, Pol\u00edtica y Cultura Popular. Usos y Narrativas de la Comunicaci\u00f3n en Redes\u201d\"}]},{\"@type\":\"WebSite\",\"@id\":\"https:\\\/\\\/www.fcejs.unsl.edu.ar\\\/#website\",\"url\":\"https:\\\/\\\/www.fcejs.unsl.edu.ar\\\/\",\"name\":\"Facultad de Ciencias Econ\u00f3micas, Jur\u00ed\u00addicas y Sociales\",\"description\":\"\",\"publisher\":{\"@id\":\"https:\\\/\\\/www.fcejs.unsl.edu.ar\\\/#organization\"},\"potentialAction\":[{\"@type\":\"SearchAction\",\"target\":{\"@type\":\"EntryPoint\",\"urlTemplate\":\"https:\\\/\\\/www.fcejs.unsl.edu.ar\\\/?s={search_term_string}\"},\"query-input\":{\"@type\":\"PropertyValueSpecification\",\"valueRequired\":true,\"valueName\":\"search_term_string\"}}],\"inLanguage\":\"es-AR\"},{\"@type\":\"Organization\",\"@id\":\"https:\\\/\\\/www.fcejs.unsl.edu.ar\\\/#organization\",\"name\":\"Facultad de Ciencias Econ\u00f3micas, Jur\u00eddicas y Sociales\",\"url\":\"https:\\\/\\\/www.fcejs.unsl.edu.ar\\\/\",\"logo\":{\"@type\":\"ImageObject\",\"inLanguage\":\"es-AR\",\"@id\":\"https:\\\/\\\/www.fcejs.unsl.edu.ar\\\/#\\\/schema\\\/logo\\\/image\\\/\",\"url\":\"https:\\\/\\\/www.fcejs.unsl.edu.ar\\\/wp-content\\\/uploads\\\/2021\\\/03\\\/logo-1.jpg\",\"contentUrl\":\"https:\\\/\\\/www.fcejs.unsl.edu.ar\\\/wp-content\\\/uploads\\\/2021\\\/03\\\/logo-1.jpg\",\"width\":471,\"height\":146,\"caption\":\"Facultad de Ciencias Econ\u00f3micas, Jur\u00eddicas y Sociales\"},\"image\":{\"@id\":\"https:\\\/\\\/www.fcejs.unsl.edu.ar\\\/#\\\/schema\\\/logo\\\/image\\\/\"},\"sameAs\":[\"https:\\\/\\\/www.facebook.com\\\/FCEJS.UNSL\\\/\",\"https:\\\/\\\/x.com\\\/FCEJSUNSL\",\"https:\\\/\\\/www.instagram.com\\\/fcejs.unsl\\\/\",\"https:\\\/\\\/www.youtube.com\\\/channel\\\/UCH-Ut6EaN_X5ogjIQMPe46g\\\/\"]},{\"@type\":\"Person\",\"@id\":\"https:\\\/\\\/www.fcejs.unsl.edu.ar\\\/#\\\/schema\\\/person\\\/352ee6ed90c3f394c7cb5945f8956d34\",\"name\":\"DATI\"}]}<\/script>\n<!-- \/ Yoast SEO plugin. -->","yoast_head_json":{"title":"Curso de Posgrado: \u201cTecnolog\u00edas, Pol\u00edtica y Cultura Popular. Usos y Narrativas de la Comunicaci\u00f3n en Redes\u201d - Facultad de Ciencias Econ\u00f3micas, Jur\u00ed\u00addicas y Sociales","robots":{"index":"index","follow":"follow","max-snippet":"max-snippet:-1","max-image-preview":"max-image-preview:large","max-video-preview":"max-video-preview:-1"},"canonical":"https:\/\/www.fcejs.unsl.edu.ar\/index.php\/curso-de-posgrado-tecnologias-politica-y-cultura-popular-usos-y-narrativas-de-la-comunicacion-en-redes\/","og_locale":"es_ES","og_type":"article","og_title":"Curso de Posgrado: \u201cTecnolog\u00edas, Pol\u00edtica y Cultura Popular. Usos y Narrativas de la Comunicaci\u00f3n en Redes\u201d - Facultad de Ciencias Econ\u00f3micas, Jur\u00ed\u00addicas y Sociales","og_description":"La Facultad de Ciencias Humanas de la UNSL invita a participar del curso de posgrado: Tecnolog\u00edas, pol\u00edtica y cultura popular. Usos y narrativas de la&hellip;","og_url":"https:\/\/www.fcejs.unsl.edu.ar\/index.php\/curso-de-posgrado-tecnologias-politica-y-cultura-popular-usos-y-narrativas-de-la-comunicacion-en-redes\/","og_site_name":"Facultad de Ciencias Econ\u00f3micas, Jur\u00ed\u00addicas y Sociales","article_publisher":"https:\/\/www.facebook.com\/FCEJS.UNSL\/","article_published_time":"2021-09-30T13:31:18+00:00","article_modified_time":"2021-10-14T12:04:18+00:00","og_image":[{"width":1152,"height":647,"url":"https:\/\/www.fcejs.unsl.edu.ar\/wp-content\/uploads\/2021\/09\/posgrado-humanas.jpg","type":"image\/jpeg"}],"author":"DATI","twitter_card":"summary_large_image","twitter_creator":"@FCEJSUNSL","twitter_site":"@FCEJSUNSL","twitter_misc":{"Escrito por":"DATI","Tiempo de lectura":"2 minutos"},"schema":{"@context":"https:\/\/schema.org","@graph":[{"@type":"Article","@id":"https:\/\/www.fcejs.unsl.edu.ar\/index.php\/curso-de-posgrado-tecnologias-politica-y-cultura-popular-usos-y-narrativas-de-la-comunicacion-en-redes\/#article","isPartOf":{"@id":"https:\/\/www.fcejs.unsl.edu.ar\/index.php\/curso-de-posgrado-tecnologias-politica-y-cultura-popular-usos-y-narrativas-de-la-comunicacion-en-redes\/"},"author":{"name":"DATI","@id":"https:\/\/www.fcejs.unsl.edu.ar\/#\/schema\/person\/352ee6ed90c3f394c7cb5945f8956d34"},"headline":"Curso de Posgrado: \u201cTecnolog\u00edas, Pol\u00edtica y Cultura Popular. Usos y Narrativas de la Comunicaci\u00f3n en Redes\u201d","datePublished":"2021-09-30T13:31:18+00:00","dateModified":"2021-10-14T12:04:18+00:00","mainEntityOfPage":{"@id":"https:\/\/www.fcejs.unsl.edu.ar\/index.php\/curso-de-posgrado-tecnologias-politica-y-cultura-popular-usos-y-narrativas-de-la-comunicacion-en-redes\/"},"wordCount":242,"publisher":{"@id":"https:\/\/www.fcejs.unsl.edu.ar\/#organization"},"image":{"@id":"https:\/\/www.fcejs.unsl.edu.ar\/index.php\/curso-de-posgrado-tecnologias-politica-y-cultura-popular-usos-y-narrativas-de-la-comunicacion-en-redes\/#primaryimage"},"thumbnailUrl":"https:\/\/www.fcejs.unsl.edu.ar\/wp-content\/uploads\/2021\/09\/posgrado-humanas.jpg","articleSection":["Archivadas"],"inLanguage":"es-AR"},{"@type":"WebPage","@id":"https:\/\/www.fcejs.unsl.edu.ar\/index.php\/curso-de-posgrado-tecnologias-politica-y-cultura-popular-usos-y-narrativas-de-la-comunicacion-en-redes\/","url":"https:\/\/www.fcejs.unsl.edu.ar\/index.php\/curso-de-posgrado-tecnologias-politica-y-cultura-popular-usos-y-narrativas-de-la-comunicacion-en-redes\/","name":"Curso de Posgrado: \u201cTecnolog\u00edas, Pol\u00edtica y Cultura Popular. Usos y Narrativas de la Comunicaci\u00f3n en Redes\u201d - Facultad de Ciencias Econ\u00f3micas, Jur\u00ed\u00addicas y Sociales","isPartOf":{"@id":"https:\/\/www.fcejs.unsl.edu.ar\/#website"},"primaryImageOfPage":{"@id":"https:\/\/www.fcejs.unsl.edu.ar\/index.php\/curso-de-posgrado-tecnologias-politica-y-cultura-popular-usos-y-narrativas-de-la-comunicacion-en-redes\/#primaryimage"},"image":{"@id":"https:\/\/www.fcejs.unsl.edu.ar\/index.php\/curso-de-posgrado-tecnologias-politica-y-cultura-popular-usos-y-narrativas-de-la-comunicacion-en-redes\/#primaryimage"},"thumbnailUrl":"https:\/\/www.fcejs.unsl.edu.ar\/wp-content\/uploads\/2021\/09\/posgrado-humanas.jpg","datePublished":"2021-09-30T13:31:18+00:00","dateModified":"2021-10-14T12:04:18+00:00","breadcrumb":{"@id":"https:\/\/www.fcejs.unsl.edu.ar\/index.php\/curso-de-posgrado-tecnologias-politica-y-cultura-popular-usos-y-narrativas-de-la-comunicacion-en-redes\/#breadcrumb"},"inLanguage":"es-AR","potentialAction":[{"@type":"ReadAction","target":["https:\/\/www.fcejs.unsl.edu.ar\/index.php\/curso-de-posgrado-tecnologias-politica-y-cultura-popular-usos-y-narrativas-de-la-comunicacion-en-redes\/"]}]},{"@type":"ImageObject","inLanguage":"es-AR","@id":"https:\/\/www.fcejs.unsl.edu.ar\/index.php\/curso-de-posgrado-tecnologias-politica-y-cultura-popular-usos-y-narrativas-de-la-comunicacion-en-redes\/#primaryimage","url":"https:\/\/www.fcejs.unsl.edu.ar\/wp-content\/uploads\/2021\/09\/posgrado-humanas.jpg","contentUrl":"https:\/\/www.fcejs.unsl.edu.ar\/wp-content\/uploads\/2021\/09\/posgrado-humanas.jpg","width":1152,"height":647},{"@type":"BreadcrumbList","@id":"https:\/\/www.fcejs.unsl.edu.ar\/index.php\/curso-de-posgrado-tecnologias-politica-y-cultura-popular-usos-y-narrativas-de-la-comunicacion-en-redes\/#breadcrumb","itemListElement":[{"@type":"ListItem","position":1,"name":"Inicio","item":"https:\/\/www.fcejs.unsl.edu.ar\/"},{"@type":"ListItem","position":2,"name":"Curso de Posgrado: \u201cTecnolog\u00edas, Pol\u00edtica y Cultura Popular. Usos y Narrativas de la Comunicaci\u00f3n en Redes\u201d"}]},{"@type":"WebSite","@id":"https:\/\/www.fcejs.unsl.edu.ar\/#website","url":"https:\/\/www.fcejs.unsl.edu.ar\/","name":"Facultad de Ciencias Econ\u00f3micas, Jur\u00ed\u00addicas y Sociales","description":"","publisher":{"@id":"https:\/\/www.fcejs.unsl.edu.ar\/#organization"},"potentialAction":[{"@type":"SearchAction","target":{"@type":"EntryPoint","urlTemplate":"https:\/\/www.fcejs.unsl.edu.ar\/?s={search_term_string}"},"query-input":{"@type":"PropertyValueSpecification","valueRequired":true,"valueName":"search_term_string"}}],"inLanguage":"es-AR"},{"@type":"Organization","@id":"https:\/\/www.fcejs.unsl.edu.ar\/#organization","name":"Facultad de Ciencias Econ\u00f3micas, Jur\u00eddicas y Sociales","url":"https:\/\/www.fcejs.unsl.edu.ar\/","logo":{"@type":"ImageObject","inLanguage":"es-AR","@id":"https:\/\/www.fcejs.unsl.edu.ar\/#\/schema\/logo\/image\/","url":"https:\/\/www.fcejs.unsl.edu.ar\/wp-content\/uploads\/2021\/03\/logo-1.jpg","contentUrl":"https:\/\/www.fcejs.unsl.edu.ar\/wp-content\/uploads\/2021\/03\/logo-1.jpg","width":471,"height":146,"caption":"Facultad de Ciencias Econ\u00f3micas, Jur\u00eddicas y Sociales"},"image":{"@id":"https:\/\/www.fcejs.unsl.edu.ar\/#\/schema\/logo\/image\/"},"sameAs":["https:\/\/www.facebook.com\/FCEJS.UNSL\/","https:\/\/x.com\/FCEJSUNSL","https:\/\/www.instagram.com\/fcejs.unsl\/","https:\/\/www.youtube.com\/channel\/UCH-Ut6EaN_X5ogjIQMPe46g\/"]},{"@type":"Person","@id":"https:\/\/www.fcejs.unsl.edu.ar\/#\/schema\/person\/352ee6ed90c3f394c7cb5945f8956d34","name":"DATI"}]}},"jetpack_featured_media_url":"https:\/\/www.fcejs.unsl.edu.ar\/wp-content\/uploads\/2021\/09\/posgrado-humanas.jpg","_links":{"self":[{"href":"https:\/\/www.fcejs.unsl.edu.ar\/index.php\/wp-json\/wp\/v2\/posts\/5503","targetHints":{"allow":["GET"]}}],"collection":[{"href":"https:\/\/www.fcejs.unsl.edu.ar\/index.php\/wp-json\/wp\/v2\/posts"}],"about":[{"href":"https:\/\/www.fcejs.unsl.edu.ar\/index.php\/wp-json\/wp\/v2\/types\/post"}],"author":[{"embeddable":true,"href":"https:\/\/www.fcejs.unsl.edu.ar\/index.php\/wp-json\/wp\/v2\/users\/9"}],"replies":[{"embeddable":true,"href":"https:\/\/www.fcejs.unsl.edu.ar\/index.php\/wp-json\/wp\/v2\/comments?post=5503"}],"version-history":[{"count":4,"href":"https:\/\/www.fcejs.unsl.edu.ar\/index.php\/wp-json\/wp\/v2\/posts\/5503\/revisions"}],"predecessor-version":[{"id":5509,"href":"https:\/\/www.fcejs.unsl.edu.ar\/index.php\/wp-json\/wp\/v2\/posts\/5503\/revisions\/5509"}],"wp:featuredmedia":[{"embeddable":true,"href":"https:\/\/www.fcejs.unsl.edu.ar\/index.php\/wp-json\/wp\/v2\/media\/5508"}],"wp:attachment":[{"href":"https:\/\/www.fcejs.unsl.edu.ar\/index.php\/wp-json\/wp\/v2\/media?parent=5503"}],"wp:term":[{"taxonomy":"category","embeddable":true,"href":"https:\/\/www.fcejs.unsl.edu.ar\/index.php\/wp-json\/wp\/v2\/categories?post=5503"},{"taxonomy":"post_tag","embeddable":true,"href":"https:\/\/www.fcejs.unsl.edu.ar\/index.php\/wp-json\/wp\/v2\/tags?post=5503"}],"curies":[{"name":"wp","href":"https:\/\/api.w.org\/{rel}","templated":true}]}}