{"id":5495,"date":"2021-09-30T10:22:47","date_gmt":"2021-09-30T13:22:47","guid":{"rendered":"http:\/\/10.101.10.197\/www\/?p=5495"},"modified":"2021-11-16T08:47:58","modified_gmt":"2021-11-16T11:47:58","slug":"estudiantes-de-la-licenciatura-en-trabajo-social-podran-realizar-sus-residencias-en-la-municipalidad-de-villa-mercedes","status":"publish","type":"post","link":"https:\/\/www.fcejs.unsl.edu.ar\/index.php\/estudiantes-de-la-licenciatura-en-trabajo-social-podran-realizar-sus-residencias-en-la-municipalidad-de-villa-mercedes\/","title":{"rendered":"Estudiantes de la Licenciatura en Trabajo Social podr\u00e1n realizar sus residencias en la municipalidad de Villa Mercedes"},"content":{"rendered":"<p>En el Marco del Convenio N\u00ba 367\/2000 (homologado por R.R N\u00b0 832\/00) firmado entre la UNSL y la Municipalidad de Villa Mercedes, en la jornada del 29 de septiembre de 2021 se llev\u00f3 a cabo la firma de una nueva Acta Complementaria entre la FCEJS y la Secretar\u00eda de Desarrollo Social del Municipio, que beneficia a estudiantes de la carrera Licenciatura en Trabajo Social.<\/p>\n<p>Esta nueva acta tiene como objetivo prestar colaboraci\u00f3n y asistencia rec\u00edproca en beneficio de la sociedad, coordinando y desarrollando acciones sociales que lleva adelante la Secretar\u00eda de Desarrollo Social del Municipio de la ciudad de Villa Mercedes, con la intermediaci\u00f3n de los Estudiantes de 5\u00b0 A\u00f1o de la Carrera Licenciatura en Trabajo Social del ciclo lectivo 2021, que hayan optado por la modalidad de Residencia como Trabajo Final.<\/p>\n<p><img fetchpriority=\"high\" decoding=\"async\" class=\"aligncenter size-large wp-image-5499\" src=\"https:\/\/www.fcejs.unsl.edu.ar\/wp-content\/uploads\/2021\/09\/firma-convenio-lorena-02--1024x575.jpg\" alt=\"\" width=\"843\" height=\"473\" srcset=\"https:\/\/www.fcejs.unsl.edu.ar\/wp-content\/uploads\/2021\/09\/firma-convenio-lorena-02--1024x575.jpg 1024w, https:\/\/www.fcejs.unsl.edu.ar\/wp-content\/uploads\/2021\/09\/firma-convenio-lorena-02--300x168.jpg 300w, https:\/\/www.fcejs.unsl.edu.ar\/wp-content\/uploads\/2021\/09\/firma-convenio-lorena-02--768x431.jpg 768w, https:\/\/www.fcejs.unsl.edu.ar\/wp-content\/uploads\/2021\/09\/firma-convenio-lorena-02-.jpg 1152w\" sizes=\"(max-width: 843px) 100vw, 843px\" \/><\/p>\n<p>La r\u00fabrica fue realizada por el Decano de la FCEJS, Mgtr. Marcelo Casabene y por la Secretaria de Desarrollo Social, Lic. Lorena Mercado, ante la presencia de la responsable de la carrera, Esp. Andrea Corna, la directora del departamento de Ciencias Sociales, Esp. Graciela Carmen Andr\u00e9 y la Secretaria de Extensi\u00f3n Universitaria, Lic. Marcela Calder\u00f3n.<\/p>\n","protected":false},"excerpt":{"rendered":"<p>En el Marco del Convenio N\u00ba 367\/2000 (homologado por R.R N\u00b0 832\/00) firmado entre la UNSL y la Municipalidad de Villa Mercedes, en la jornada&hellip;<\/p>\n","protected":false},"author":9,"featured_media":5496,"comment_status":"closed","ping_status":"closed","sticky":false,"template":"","format":"standard","meta":{"om_disable_all_campaigns":false,"_monsterinsights_skip_tracking":false,"_monsterinsights_sitenote_active":false,"_monsterinsights_sitenote_note":"","_monsterinsights_sitenote_category":0,"footnotes":""},"categories":[1],"tags":[],"class_list":["post-5495","post","type-post","status-publish","format-standard","has-post-thumbnail","hentry","category-noticias"],"yoast_head":"<!-- This site is optimized with the Yoast SEO plugin v27.5 - https:\/\/yoast.com\/product\/yoast-seo-wordpress\/ -->\n<title>Estudiantes de la Licenciatura en Trabajo Social podr\u00e1n realizar sus residencias en la municipalidad de Villa Mercedes - Facultad de Ciencias Econ\u00f3micas, Jur\u00ed\u00addicas y Sociales<\/title>\n<meta name=\"robots\" content=\"index, follow, max-snippet:-1, max-image-preview:large, max-video-preview:-1\" \/>\n<link rel=\"canonical\" href=\"https:\/\/www.fcejs.unsl.edu.ar\/index.php\/estudiantes-de-la-licenciatura-en-trabajo-social-podran-realizar-sus-residencias-en-la-municipalidad-de-villa-mercedes\/\" \/>\n<meta property=\"og:locale\" content=\"es_ES\" \/>\n<meta property=\"og:type\" content=\"article\" \/>\n<meta property=\"og:title\" content=\"Estudiantes de la Licenciatura en Trabajo Social podr\u00e1n realizar sus residencias en la municipalidad de Villa Mercedes - Facultad de Ciencias Econ\u00f3micas, Jur\u00ed\u00addicas y Sociales\" \/>\n<meta property=\"og:description\" content=\"En el Marco del Convenio N\u00ba 367\/2000 (homologado por R.R N\u00b0 832\/00) firmado entre la UNSL y la Municipalidad de Villa Mercedes, en la jornada&hellip;\" \/>\n<meta property=\"og:url\" content=\"https:\/\/www.fcejs.unsl.edu.ar\/index.php\/estudiantes-de-la-licenciatura-en-trabajo-social-podran-realizar-sus-residencias-en-la-municipalidad-de-villa-mercedes\/\" \/>\n<meta property=\"og:site_name\" content=\"Facultad de Ciencias Econ\u00f3micas, Jur\u00ed\u00addicas y Sociales\" \/>\n<meta property=\"article:publisher\" content=\"https:\/\/www.facebook.com\/FCEJS.UNSL\/\" \/>\n<meta property=\"article:published_time\" content=\"2021-09-30T13:22:47+00:00\" \/>\n<meta property=\"article:modified_time\" content=\"2021-11-16T11:47:58+00:00\" \/>\n<meta property=\"og:image\" content=\"https:\/\/www.fcejs.unsl.edu.ar\/wp-content\/uploads\/2021\/09\/firma-convenio-lorena.jpg\" \/>\n\t<meta property=\"og:image:width\" content=\"1152\" \/>\n\t<meta property=\"og:image:height\" content=\"647\" \/>\n\t<meta property=\"og:image:type\" content=\"image\/jpeg\" \/>\n<meta name=\"author\" content=\"DATI\" \/>\n<meta name=\"twitter:card\" content=\"summary_large_image\" \/>\n<meta name=\"twitter:creator\" content=\"@FCEJSUNSL\" \/>\n<meta name=\"twitter:site\" content=\"@FCEJSUNSL\" \/>\n<meta name=\"twitter:label1\" content=\"Escrito por\" \/>\n\t<meta name=\"twitter:data1\" content=\"DATI\" \/>\n\t<meta name=\"twitter:label2\" content=\"Tiempo de lectura\" \/>\n\t<meta name=\"twitter:data2\" content=\"1 minuto\" \/>\n<script type=\"application\/ld+json\" class=\"yoast-schema-graph\">{\"@context\":\"https:\\\/\\\/schema.org\",\"@graph\":[{\"@type\":\"Article\",\"@id\":\"https:\\\/\\\/www.fcejs.unsl.edu.ar\\\/index.php\\\/estudiantes-de-la-licenciatura-en-trabajo-social-podran-realizar-sus-residencias-en-la-municipalidad-de-villa-mercedes\\\/#article\",\"isPartOf\":{\"@id\":\"https:\\\/\\\/www.fcejs.unsl.edu.ar\\\/index.php\\\/estudiantes-de-la-licenciatura-en-trabajo-social-podran-realizar-sus-residencias-en-la-municipalidad-de-villa-mercedes\\\/\"},\"author\":{\"name\":\"DATI\",\"@id\":\"https:\\\/\\\/www.fcejs.unsl.edu.ar\\\/#\\\/schema\\\/person\\\/352ee6ed90c3f394c7cb5945f8956d34\"},\"headline\":\"Estudiantes de la Licenciatura en Trabajo Social podr\u00e1n realizar sus residencias en la municipalidad de Villa Mercedes\",\"datePublished\":\"2021-09-30T13:22:47+00:00\",\"dateModified\":\"2021-11-16T11:47:58+00:00\",\"mainEntityOfPage\":{\"@id\":\"https:\\\/\\\/www.fcejs.unsl.edu.ar\\\/index.php\\\/estudiantes-de-la-licenciatura-en-trabajo-social-podran-realizar-sus-residencias-en-la-municipalidad-de-villa-mercedes\\\/\"},\"wordCount\":209,\"publisher\":{\"@id\":\"https:\\\/\\\/www.fcejs.unsl.edu.ar\\\/#organization\"},\"image\":{\"@id\":\"https:\\\/\\\/www.fcejs.unsl.edu.ar\\\/index.php\\\/estudiantes-de-la-licenciatura-en-trabajo-social-podran-realizar-sus-residencias-en-la-municipalidad-de-villa-mercedes\\\/#primaryimage\"},\"thumbnailUrl\":\"https:\\\/\\\/www.fcejs.unsl.edu.ar\\\/wp-content\\\/uploads\\\/2021\\\/09\\\/firma-convenio-lorena.jpg\",\"articleSection\":[\"Noticias\"],\"inLanguage\":\"es-AR\"},{\"@type\":\"WebPage\",\"@id\":\"https:\\\/\\\/www.fcejs.unsl.edu.ar\\\/index.php\\\/estudiantes-de-la-licenciatura-en-trabajo-social-podran-realizar-sus-residencias-en-la-municipalidad-de-villa-mercedes\\\/\",\"url\":\"https:\\\/\\\/www.fcejs.unsl.edu.ar\\\/index.php\\\/estudiantes-de-la-licenciatura-en-trabajo-social-podran-realizar-sus-residencias-en-la-municipalidad-de-villa-mercedes\\\/\",\"name\":\"Estudiantes de la Licenciatura en Trabajo Social podr\u00e1n realizar sus residencias en la municipalidad de Villa Mercedes - Facultad de Ciencias Econ\u00f3micas, Jur\u00ed\u00addicas y Sociales\",\"isPartOf\":{\"@id\":\"https:\\\/\\\/www.fcejs.unsl.edu.ar\\\/#website\"},\"primaryImageOfPage\":{\"@id\":\"https:\\\/\\\/www.fcejs.unsl.edu.ar\\\/index.php\\\/estudiantes-de-la-licenciatura-en-trabajo-social-podran-realizar-sus-residencias-en-la-municipalidad-de-villa-mercedes\\\/#primaryimage\"},\"image\":{\"@id\":\"https:\\\/\\\/www.fcejs.unsl.edu.ar\\\/index.php\\\/estudiantes-de-la-licenciatura-en-trabajo-social-podran-realizar-sus-residencias-en-la-municipalidad-de-villa-mercedes\\\/#primaryimage\"},\"thumbnailUrl\":\"https:\\\/\\\/www.fcejs.unsl.edu.ar\\\/wp-content\\\/uploads\\\/2021\\\/09\\\/firma-convenio-lorena.jpg\",\"datePublished\":\"2021-09-30T13:22:47+00:00\",\"dateModified\":\"2021-11-16T11:47:58+00:00\",\"breadcrumb\":{\"@id\":\"https:\\\/\\\/www.fcejs.unsl.edu.ar\\\/index.php\\\/estudiantes-de-la-licenciatura-en-trabajo-social-podran-realizar-sus-residencias-en-la-municipalidad-de-villa-mercedes\\\/#breadcrumb\"},\"inLanguage\":\"es-AR\",\"potentialAction\":[{\"@type\":\"ReadAction\",\"target\":[\"https:\\\/\\\/www.fcejs.unsl.edu.ar\\\/index.php\\\/estudiantes-de-la-licenciatura-en-trabajo-social-podran-realizar-sus-residencias-en-la-municipalidad-de-villa-mercedes\\\/\"]}]},{\"@type\":\"ImageObject\",\"inLanguage\":\"es-AR\",\"@id\":\"https:\\\/\\\/www.fcejs.unsl.edu.ar\\\/index.php\\\/estudiantes-de-la-licenciatura-en-trabajo-social-podran-realizar-sus-residencias-en-la-municipalidad-de-villa-mercedes\\\/#primaryimage\",\"url\":\"https:\\\/\\\/www.fcejs.unsl.edu.ar\\\/wp-content\\\/uploads\\\/2021\\\/09\\\/firma-convenio-lorena.jpg\",\"contentUrl\":\"https:\\\/\\\/www.fcejs.unsl.edu.ar\\\/wp-content\\\/uploads\\\/2021\\\/09\\\/firma-convenio-lorena.jpg\",\"width\":1152,\"height\":647},{\"@type\":\"BreadcrumbList\",\"@id\":\"https:\\\/\\\/www.fcejs.unsl.edu.ar\\\/index.php\\\/estudiantes-de-la-licenciatura-en-trabajo-social-podran-realizar-sus-residencias-en-la-municipalidad-de-villa-mercedes\\\/#breadcrumb\",\"itemListElement\":[{\"@type\":\"ListItem\",\"position\":1,\"name\":\"Inicio\",\"item\":\"https:\\\/\\\/www.fcejs.unsl.edu.ar\\\/\"},{\"@type\":\"ListItem\",\"position\":2,\"name\":\"Estudiantes de la Licenciatura en Trabajo Social podr\u00e1n realizar sus residencias en la municipalidad de Villa Mercedes\"}]},{\"@type\":\"WebSite\",\"@id\":\"https:\\\/\\\/www.fcejs.unsl.edu.ar\\\/#website\",\"url\":\"https:\\\/\\\/www.fcejs.unsl.edu.ar\\\/\",\"name\":\"Facultad de Ciencias Econ\u00f3micas, Jur\u00ed\u00addicas y Sociales\",\"description\":\"\",\"publisher\":{\"@id\":\"https:\\\/\\\/www.fcejs.unsl.edu.ar\\\/#organization\"},\"potentialAction\":[{\"@type\":\"SearchAction\",\"target\":{\"@type\":\"EntryPoint\",\"urlTemplate\":\"https:\\\/\\\/www.fcejs.unsl.edu.ar\\\/?s={search_term_string}\"},\"query-input\":{\"@type\":\"PropertyValueSpecification\",\"valueRequired\":true,\"valueName\":\"search_term_string\"}}],\"inLanguage\":\"es-AR\"},{\"@type\":\"Organization\",\"@id\":\"https:\\\/\\\/www.fcejs.unsl.edu.ar\\\/#organization\",\"name\":\"Facultad de Ciencias Econ\u00f3micas, Jur\u00eddicas y Sociales\",\"url\":\"https:\\\/\\\/www.fcejs.unsl.edu.ar\\\/\",\"logo\":{\"@type\":\"ImageObject\",\"inLanguage\":\"es-AR\",\"@id\":\"https:\\\/\\\/www.fcejs.unsl.edu.ar\\\/#\\\/schema\\\/logo\\\/image\\\/\",\"url\":\"https:\\\/\\\/www.fcejs.unsl.edu.ar\\\/wp-content\\\/uploads\\\/2021\\\/03\\\/logo-1.jpg\",\"contentUrl\":\"https:\\\/\\\/www.fcejs.unsl.edu.ar\\\/wp-content\\\/uploads\\\/2021\\\/03\\\/logo-1.jpg\",\"width\":471,\"height\":146,\"caption\":\"Facultad de Ciencias Econ\u00f3micas, Jur\u00eddicas y Sociales\"},\"image\":{\"@id\":\"https:\\\/\\\/www.fcejs.unsl.edu.ar\\\/#\\\/schema\\\/logo\\\/image\\\/\"},\"sameAs\":[\"https:\\\/\\\/www.facebook.com\\\/FCEJS.UNSL\\\/\",\"https:\\\/\\\/x.com\\\/FCEJSUNSL\",\"https:\\\/\\\/www.instagram.com\\\/fcejs.unsl\\\/\",\"https:\\\/\\\/www.youtube.com\\\/channel\\\/UCH-Ut6EaN_X5ogjIQMPe46g\\\/\"]},{\"@type\":\"Person\",\"@id\":\"https:\\\/\\\/www.fcejs.unsl.edu.ar\\\/#\\\/schema\\\/person\\\/352ee6ed90c3f394c7cb5945f8956d34\",\"name\":\"DATI\"}]}<\/script>\n<!-- \/ Yoast SEO plugin. -->","yoast_head_json":{"title":"Estudiantes de la Licenciatura en Trabajo Social podr\u00e1n realizar sus residencias en la municipalidad de Villa Mercedes - Facultad de Ciencias Econ\u00f3micas, Jur\u00ed\u00addicas y Sociales","robots":{"index":"index","follow":"follow","max-snippet":"max-snippet:-1","max-image-preview":"max-image-preview:large","max-video-preview":"max-video-preview:-1"},"canonical":"https:\/\/www.fcejs.unsl.edu.ar\/index.php\/estudiantes-de-la-licenciatura-en-trabajo-social-podran-realizar-sus-residencias-en-la-municipalidad-de-villa-mercedes\/","og_locale":"es_ES","og_type":"article","og_title":"Estudiantes de la Licenciatura en Trabajo Social podr\u00e1n realizar sus residencias en la municipalidad de Villa Mercedes - Facultad de Ciencias Econ\u00f3micas, Jur\u00ed\u00addicas y Sociales","og_description":"En el Marco del Convenio N\u00ba 367\/2000 (homologado por R.R N\u00b0 832\/00) firmado entre la UNSL y la Municipalidad de Villa Mercedes, en la jornada&hellip;","og_url":"https:\/\/www.fcejs.unsl.edu.ar\/index.php\/estudiantes-de-la-licenciatura-en-trabajo-social-podran-realizar-sus-residencias-en-la-municipalidad-de-villa-mercedes\/","og_site_name":"Facultad de Ciencias Econ\u00f3micas, Jur\u00ed\u00addicas y Sociales","article_publisher":"https:\/\/www.facebook.com\/FCEJS.UNSL\/","article_published_time":"2021-09-30T13:22:47+00:00","article_modified_time":"2021-11-16T11:47:58+00:00","og_image":[{"width":1152,"height":647,"url":"https:\/\/www.fcejs.unsl.edu.ar\/wp-content\/uploads\/2021\/09\/firma-convenio-lorena.jpg","type":"image\/jpeg"}],"author":"DATI","twitter_card":"summary_large_image","twitter_creator":"@FCEJSUNSL","twitter_site":"@FCEJSUNSL","twitter_misc":{"Escrito por":"DATI","Tiempo de lectura":"1 minuto"},"schema":{"@context":"https:\/\/schema.org","@graph":[{"@type":"Article","@id":"https:\/\/www.fcejs.unsl.edu.ar\/index.php\/estudiantes-de-la-licenciatura-en-trabajo-social-podran-realizar-sus-residencias-en-la-municipalidad-de-villa-mercedes\/#article","isPartOf":{"@id":"https:\/\/www.fcejs.unsl.edu.ar\/index.php\/estudiantes-de-la-licenciatura-en-trabajo-social-podran-realizar-sus-residencias-en-la-municipalidad-de-villa-mercedes\/"},"author":{"name":"DATI","@id":"https:\/\/www.fcejs.unsl.edu.ar\/#\/schema\/person\/352ee6ed90c3f394c7cb5945f8956d34"},"headline":"Estudiantes de la Licenciatura en Trabajo Social podr\u00e1n realizar sus residencias en la municipalidad de Villa Mercedes","datePublished":"2021-09-30T13:22:47+00:00","dateModified":"2021-11-16T11:47:58+00:00","mainEntityOfPage":{"@id":"https:\/\/www.fcejs.unsl.edu.ar\/index.php\/estudiantes-de-la-licenciatura-en-trabajo-social-podran-realizar-sus-residencias-en-la-municipalidad-de-villa-mercedes\/"},"wordCount":209,"publisher":{"@id":"https:\/\/www.fcejs.unsl.edu.ar\/#organization"},"image":{"@id":"https:\/\/www.fcejs.unsl.edu.ar\/index.php\/estudiantes-de-la-licenciatura-en-trabajo-social-podran-realizar-sus-residencias-en-la-municipalidad-de-villa-mercedes\/#primaryimage"},"thumbnailUrl":"https:\/\/www.fcejs.unsl.edu.ar\/wp-content\/uploads\/2021\/09\/firma-convenio-lorena.jpg","articleSection":["Noticias"],"inLanguage":"es-AR"},{"@type":"WebPage","@id":"https:\/\/www.fcejs.unsl.edu.ar\/index.php\/estudiantes-de-la-licenciatura-en-trabajo-social-podran-realizar-sus-residencias-en-la-municipalidad-de-villa-mercedes\/","url":"https:\/\/www.fcejs.unsl.edu.ar\/index.php\/estudiantes-de-la-licenciatura-en-trabajo-social-podran-realizar-sus-residencias-en-la-municipalidad-de-villa-mercedes\/","name":"Estudiantes de la Licenciatura en Trabajo Social podr\u00e1n realizar sus residencias en la municipalidad de Villa Mercedes - Facultad de Ciencias Econ\u00f3micas, Jur\u00ed\u00addicas y Sociales","isPartOf":{"@id":"https:\/\/www.fcejs.unsl.edu.ar\/#website"},"primaryImageOfPage":{"@id":"https:\/\/www.fcejs.unsl.edu.ar\/index.php\/estudiantes-de-la-licenciatura-en-trabajo-social-podran-realizar-sus-residencias-en-la-municipalidad-de-villa-mercedes\/#primaryimage"},"image":{"@id":"https:\/\/www.fcejs.unsl.edu.ar\/index.php\/estudiantes-de-la-licenciatura-en-trabajo-social-podran-realizar-sus-residencias-en-la-municipalidad-de-villa-mercedes\/#primaryimage"},"thumbnailUrl":"https:\/\/www.fcejs.unsl.edu.ar\/wp-content\/uploads\/2021\/09\/firma-convenio-lorena.jpg","datePublished":"2021-09-30T13:22:47+00:00","dateModified":"2021-11-16T11:47:58+00:00","breadcrumb":{"@id":"https:\/\/www.fcejs.unsl.edu.ar\/index.php\/estudiantes-de-la-licenciatura-en-trabajo-social-podran-realizar-sus-residencias-en-la-municipalidad-de-villa-mercedes\/#breadcrumb"},"inLanguage":"es-AR","potentialAction":[{"@type":"ReadAction","target":["https:\/\/www.fcejs.unsl.edu.ar\/index.php\/estudiantes-de-la-licenciatura-en-trabajo-social-podran-realizar-sus-residencias-en-la-municipalidad-de-villa-mercedes\/"]}]},{"@type":"ImageObject","inLanguage":"es-AR","@id":"https:\/\/www.fcejs.unsl.edu.ar\/index.php\/estudiantes-de-la-licenciatura-en-trabajo-social-podran-realizar-sus-residencias-en-la-municipalidad-de-villa-mercedes\/#primaryimage","url":"https:\/\/www.fcejs.unsl.edu.ar\/wp-content\/uploads\/2021\/09\/firma-convenio-lorena.jpg","contentUrl":"https:\/\/www.fcejs.unsl.edu.ar\/wp-content\/uploads\/2021\/09\/firma-convenio-lorena.jpg","width":1152,"height":647},{"@type":"BreadcrumbList","@id":"https:\/\/www.fcejs.unsl.edu.ar\/index.php\/estudiantes-de-la-licenciatura-en-trabajo-social-podran-realizar-sus-residencias-en-la-municipalidad-de-villa-mercedes\/#breadcrumb","itemListElement":[{"@type":"ListItem","position":1,"name":"Inicio","item":"https:\/\/www.fcejs.unsl.edu.ar\/"},{"@type":"ListItem","position":2,"name":"Estudiantes de la Licenciatura en Trabajo Social podr\u00e1n realizar sus residencias en la municipalidad de Villa Mercedes"}]},{"@type":"WebSite","@id":"https:\/\/www.fcejs.unsl.edu.ar\/#website","url":"https:\/\/www.fcejs.unsl.edu.ar\/","name":"Facultad de Ciencias Econ\u00f3micas, Jur\u00ed\u00addicas y Sociales","description":"","publisher":{"@id":"https:\/\/www.fcejs.unsl.edu.ar\/#organization"},"potentialAction":[{"@type":"SearchAction","target":{"@type":"EntryPoint","urlTemplate":"https:\/\/www.fcejs.unsl.edu.ar\/?s={search_term_string}"},"query-input":{"@type":"PropertyValueSpecification","valueRequired":true,"valueName":"search_term_string"}}],"inLanguage":"es-AR"},{"@type":"Organization","@id":"https:\/\/www.fcejs.unsl.edu.ar\/#organization","name":"Facultad de Ciencias Econ\u00f3micas, Jur\u00eddicas y Sociales","url":"https:\/\/www.fcejs.unsl.edu.ar\/","logo":{"@type":"ImageObject","inLanguage":"es-AR","@id":"https:\/\/www.fcejs.unsl.edu.ar\/#\/schema\/logo\/image\/","url":"https:\/\/www.fcejs.unsl.edu.ar\/wp-content\/uploads\/2021\/03\/logo-1.jpg","contentUrl":"https:\/\/www.fcejs.unsl.edu.ar\/wp-content\/uploads\/2021\/03\/logo-1.jpg","width":471,"height":146,"caption":"Facultad de Ciencias Econ\u00f3micas, Jur\u00eddicas y Sociales"},"image":{"@id":"https:\/\/www.fcejs.unsl.edu.ar\/#\/schema\/logo\/image\/"},"sameAs":["https:\/\/www.facebook.com\/FCEJS.UNSL\/","https:\/\/x.com\/FCEJSUNSL","https:\/\/www.instagram.com\/fcejs.unsl\/","https:\/\/www.youtube.com\/channel\/UCH-Ut6EaN_X5ogjIQMPe46g\/"]},{"@type":"Person","@id":"https:\/\/www.fcejs.unsl.edu.ar\/#\/schema\/person\/352ee6ed90c3f394c7cb5945f8956d34","name":"DATI"}]}},"jetpack_featured_media_url":"https:\/\/www.fcejs.unsl.edu.ar\/wp-content\/uploads\/2021\/09\/firma-convenio-lorena.jpg","_links":{"self":[{"href":"https:\/\/www.fcejs.unsl.edu.ar\/index.php\/wp-json\/wp\/v2\/posts\/5495","targetHints":{"allow":["GET"]}}],"collection":[{"href":"https:\/\/www.fcejs.unsl.edu.ar\/index.php\/wp-json\/wp\/v2\/posts"}],"about":[{"href":"https:\/\/www.fcejs.unsl.edu.ar\/index.php\/wp-json\/wp\/v2\/types\/post"}],"author":[{"embeddable":true,"href":"https:\/\/www.fcejs.unsl.edu.ar\/index.php\/wp-json\/wp\/v2\/users\/9"}],"replies":[{"embeddable":true,"href":"https:\/\/www.fcejs.unsl.edu.ar\/index.php\/wp-json\/wp\/v2\/comments?post=5495"}],"version-history":[{"count":3,"href":"https:\/\/www.fcejs.unsl.edu.ar\/index.php\/wp-json\/wp\/v2\/posts\/5495\/revisions"}],"predecessor-version":[{"id":5502,"href":"https:\/\/www.fcejs.unsl.edu.ar\/index.php\/wp-json\/wp\/v2\/posts\/5495\/revisions\/5502"}],"wp:featuredmedia":[{"embeddable":true,"href":"https:\/\/www.fcejs.unsl.edu.ar\/index.php\/wp-json\/wp\/v2\/media\/5496"}],"wp:attachment":[{"href":"https:\/\/www.fcejs.unsl.edu.ar\/index.php\/wp-json\/wp\/v2\/media?parent=5495"}],"wp:term":[{"taxonomy":"category","embeddable":true,"href":"https:\/\/www.fcejs.unsl.edu.ar\/index.php\/wp-json\/wp\/v2\/categories?post=5495"},{"taxonomy":"post_tag","embeddable":true,"href":"https:\/\/www.fcejs.unsl.edu.ar\/index.php\/wp-json\/wp\/v2\/tags?post=5495"}],"curies":[{"name":"wp","href":"https:\/\/api.w.org\/{rel}","templated":true}]}}