{"id":5361,"date":"2021-09-21T15:00:57","date_gmt":"2021-09-21T18:00:57","guid":{"rendered":"http:\/\/10.101.10.197\/www\/?p=5361"},"modified":"2021-09-21T15:04:11","modified_gmt":"2021-09-21T18:04:11","slug":"proico-15-0120-publico-el-libro-codigo-penal-parte-especial","status":"publish","type":"post","link":"https:\/\/www.fcejs.unsl.edu.ar\/index.php\/proico-15-0120-publico-el-libro-codigo-penal-parte-especial\/","title":{"rendered":"PROICO 15-0120: public\u00f3 el libro \u201cC\u00f3digo Penal. Parte Especial\u201d"},"content":{"rendered":"<p>La Secretar\u00eda de Investigaci\u00f3n y Posgrado, tiene el agrado de informar a la comunidad universitaria que recientemente ha salido publicado el libro \u201cC\u00f3digo Penal. Parte Especial\u201d dirigido por el Dr. Rub\u00e9n E. Figari y la coordinaci\u00f3n el Dr. Abelardo Manzano.<\/p>\n<p>El libro ha salido publicado por la editorial La Ley-Thomson Reuters de Buenos Aires consta de tres tomos con un total de 2032 p\u00e1ginas dirigidos por el Dr. Rub\u00e9n E. Figari, docente de la FCEJS, lo cual representa un gran logro y orgullo para \u00e9sta casa de estudios y\u00a0fue elaborada en el marco del proyecto de investigaci\u00f3n PROICO N\u00ba 15-0120 \u201cDerecho y Lenguaje: alcance y delimitaci\u00f3n de criterios judiciales\u201d..<\/p>\n<p>Participan en este libro autores de la talla de: Aboso; Bas\u00edlico; Buompadre; Figari; Lema; Manzano; Pravia; Romero Villanueva; Tazza; Terragni; Vera Barros y Villada.-<\/p>\n<p>En el primer tomo se hace un desarrollo de los T\u00edtulos \u201cDelitos contra las personas\u201d (arts. 79 al 108) comentado por Rub\u00e9n E. Figari; en el segundo \u201cDelitos contra el honor\u201d (arts. 109 al 117 bis.) comentado por Jorge L. Villada; el tercero \u201cDelitos contra la integridad sexual\u201d (arts. 118 al 133) comentado por Rub\u00e9n E. Figari. El segundo tomo comprende los T\u00edtulos \u201cDelitos contra el Estado Civil\u201d (arts. 134 al 139 bis.) abordado por Abelardo M. Manzano y Alberto Pravia; \u201cDelitos contra la libertad\u201d (arts. 140 al 161) comentado por Gustavo E. Aboso; \u201cDelitos contra la propiedad\u201d (arts. 162 al 185) desplegado por Jorge E. Buompadre; \u201cDelitos contra la seguridad p\u00fablica\u201d (arts. 186 al 208) comentado por Ricardo Bas\u00edlico y Mariano Lema y \u201cDelitos contra el orden p\u00fablico\u201d (arts. 209 al 213 bis.) por Marco A. Terragni. El tomo tres comprende\u00a0 los T\u00edtulos \u201cDelitos contra la seguridad de la Naci\u00f3n\u201d (arts. 214 al 225) y \u201cDelitos contra los poderes p\u00fablicos y el orden constitucional\u201d (arts. 226 al 235) ambos comentados por Alejandro Tazza; \u201cDelitos contra la administraci\u00f3n p\u00fablica\u201d (arts. 237 al 281 bis.) abordado por Jorge E. Buompadre; \u201cDelitos contra la fe p\u00fablica\u201d (arts. 282 al 302) narrado por Oscar. T Vera Barros y \u201cDelitos contra el orden econ\u00f3mico y financiero\u201d (arts. 303 al 313) desarrollado por Horacio J. Romero Villanueva.<\/p>\n<p>Cabe se\u00f1alar que este aporte acad\u00e9mico es de suma importancia para la comunidad universitaria de todo el pa\u00eds y de los pa\u00edses de habla castellana emergiendo de la iniciativa de un docente de la FCJES.<\/p>\n","protected":false},"excerpt":{"rendered":"<p>La Secretar\u00eda de Investigaci\u00f3n y Posgrado, tiene el agrado de informar a la comunidad universitaria que recientemente ha salido publicado el libro \u201cC\u00f3digo Penal. Parte&hellip;<\/p>\n","protected":false},"author":9,"featured_media":5365,"comment_status":"closed","ping_status":"closed","sticky":false,"template":"","format":"standard","meta":{"om_disable_all_campaigns":false,"_monsterinsights_skip_tracking":false,"_monsterinsights_sitenote_active":false,"_monsterinsights_sitenote_note":"","_monsterinsights_sitenote_category":0,"footnotes":""},"categories":[1],"tags":[],"class_list":["post-5361","post","type-post","status-publish","format-standard","has-post-thumbnail","hentry","category-noticias"],"yoast_head":"<!-- This site is optimized with the Yoast SEO plugin v27.4 - https:\/\/yoast.com\/product\/yoast-seo-wordpress\/ -->\n<title>PROICO 15-0120: public\u00f3 el libro \u201cC\u00f3digo Penal. Parte Especial\u201d - Facultad de Ciencias Econ\u00f3micas, Jur\u00ed\u00addicas y Sociales<\/title>\n<meta name=\"robots\" content=\"index, follow, max-snippet:-1, max-image-preview:large, max-video-preview:-1\" \/>\n<link rel=\"canonical\" href=\"https:\/\/www.fcejs.unsl.edu.ar\/index.php\/proico-15-0120-publico-el-libro-codigo-penal-parte-especial\/\" \/>\n<meta property=\"og:locale\" content=\"es_ES\" \/>\n<meta property=\"og:type\" content=\"article\" \/>\n<meta property=\"og:title\" content=\"PROICO 15-0120: public\u00f3 el libro \u201cC\u00f3digo Penal. Parte Especial\u201d - Facultad de Ciencias Econ\u00f3micas, Jur\u00ed\u00addicas y Sociales\" \/>\n<meta property=\"og:description\" content=\"La Secretar\u00eda de Investigaci\u00f3n y Posgrado, tiene el agrado de informar a la comunidad universitaria que recientemente ha salido publicado el libro \u201cC\u00f3digo Penal. Parte&hellip;\" \/>\n<meta property=\"og:url\" content=\"https:\/\/www.fcejs.unsl.edu.ar\/index.php\/proico-15-0120-publico-el-libro-codigo-penal-parte-especial\/\" \/>\n<meta property=\"og:site_name\" content=\"Facultad de Ciencias Econ\u00f3micas, Jur\u00ed\u00addicas y Sociales\" \/>\n<meta property=\"article:publisher\" content=\"https:\/\/www.facebook.com\/FCEJS.UNSL\/\" \/>\n<meta property=\"article:published_time\" content=\"2021-09-21T18:00:57+00:00\" \/>\n<meta property=\"article:modified_time\" content=\"2021-09-21T18:04:11+00:00\" \/>\n<meta property=\"og:image\" content=\"https:\/\/www.fcejs.unsl.edu.ar\/wp-content\/uploads\/2021\/09\/Captura-3.jpg\" \/>\n\t<meta property=\"og:image:width\" content=\"661\" \/>\n\t<meta property=\"og:image:height\" content=\"473\" \/>\n\t<meta property=\"og:image:type\" content=\"image\/jpeg\" \/>\n<meta name=\"author\" content=\"DATI\" \/>\n<meta name=\"twitter:card\" content=\"summary_large_image\" \/>\n<meta name=\"twitter:creator\" content=\"@FCEJSUNSL\" \/>\n<meta name=\"twitter:site\" content=\"@FCEJSUNSL\" \/>\n<meta name=\"twitter:label1\" content=\"Escrito por\" \/>\n\t<meta name=\"twitter:data1\" content=\"DATI\" \/>\n\t<meta name=\"twitter:label2\" content=\"Tiempo de lectura\" \/>\n\t<meta name=\"twitter:data2\" content=\"2 minutos\" \/>\n<script type=\"application\/ld+json\" class=\"yoast-schema-graph\">{\"@context\":\"https:\\\/\\\/schema.org\",\"@graph\":[{\"@type\":\"Article\",\"@id\":\"https:\\\/\\\/www.fcejs.unsl.edu.ar\\\/index.php\\\/proico-15-0120-publico-el-libro-codigo-penal-parte-especial\\\/#article\",\"isPartOf\":{\"@id\":\"https:\\\/\\\/www.fcejs.unsl.edu.ar\\\/index.php\\\/proico-15-0120-publico-el-libro-codigo-penal-parte-especial\\\/\"},\"author\":{\"name\":\"DATI\",\"@id\":\"https:\\\/\\\/www.fcejs.unsl.edu.ar\\\/#\\\/schema\\\/person\\\/352ee6ed90c3f394c7cb5945f8956d34\"},\"headline\":\"PROICO 15-0120: public\u00f3 el libro \u201cC\u00f3digo Penal. Parte Especial\u201d\",\"datePublished\":\"2021-09-21T18:00:57+00:00\",\"dateModified\":\"2021-09-21T18:04:11+00:00\",\"mainEntityOfPage\":{\"@id\":\"https:\\\/\\\/www.fcejs.unsl.edu.ar\\\/index.php\\\/proico-15-0120-publico-el-libro-codigo-penal-parte-especial\\\/\"},\"wordCount\":403,\"publisher\":{\"@id\":\"https:\\\/\\\/www.fcejs.unsl.edu.ar\\\/#organization\"},\"image\":{\"@id\":\"https:\\\/\\\/www.fcejs.unsl.edu.ar\\\/index.php\\\/proico-15-0120-publico-el-libro-codigo-penal-parte-especial\\\/#primaryimage\"},\"thumbnailUrl\":\"https:\\\/\\\/www.fcejs.unsl.edu.ar\\\/wp-content\\\/uploads\\\/2021\\\/09\\\/Captura-3.jpg\",\"articleSection\":[\"Noticias\"],\"inLanguage\":\"es-AR\"},{\"@type\":\"WebPage\",\"@id\":\"https:\\\/\\\/www.fcejs.unsl.edu.ar\\\/index.php\\\/proico-15-0120-publico-el-libro-codigo-penal-parte-especial\\\/\",\"url\":\"https:\\\/\\\/www.fcejs.unsl.edu.ar\\\/index.php\\\/proico-15-0120-publico-el-libro-codigo-penal-parte-especial\\\/\",\"name\":\"PROICO 15-0120: public\u00f3 el libro \u201cC\u00f3digo Penal. Parte Especial\u201d - Facultad de Ciencias Econ\u00f3micas, Jur\u00ed\u00addicas y Sociales\",\"isPartOf\":{\"@id\":\"https:\\\/\\\/www.fcejs.unsl.edu.ar\\\/#website\"},\"primaryImageOfPage\":{\"@id\":\"https:\\\/\\\/www.fcejs.unsl.edu.ar\\\/index.php\\\/proico-15-0120-publico-el-libro-codigo-penal-parte-especial\\\/#primaryimage\"},\"image\":{\"@id\":\"https:\\\/\\\/www.fcejs.unsl.edu.ar\\\/index.php\\\/proico-15-0120-publico-el-libro-codigo-penal-parte-especial\\\/#primaryimage\"},\"thumbnailUrl\":\"https:\\\/\\\/www.fcejs.unsl.edu.ar\\\/wp-content\\\/uploads\\\/2021\\\/09\\\/Captura-3.jpg\",\"datePublished\":\"2021-09-21T18:00:57+00:00\",\"dateModified\":\"2021-09-21T18:04:11+00:00\",\"breadcrumb\":{\"@id\":\"https:\\\/\\\/www.fcejs.unsl.edu.ar\\\/index.php\\\/proico-15-0120-publico-el-libro-codigo-penal-parte-especial\\\/#breadcrumb\"},\"inLanguage\":\"es-AR\",\"potentialAction\":[{\"@type\":\"ReadAction\",\"target\":[\"https:\\\/\\\/www.fcejs.unsl.edu.ar\\\/index.php\\\/proico-15-0120-publico-el-libro-codigo-penal-parte-especial\\\/\"]}]},{\"@type\":\"ImageObject\",\"inLanguage\":\"es-AR\",\"@id\":\"https:\\\/\\\/www.fcejs.unsl.edu.ar\\\/index.php\\\/proico-15-0120-publico-el-libro-codigo-penal-parte-especial\\\/#primaryimage\",\"url\":\"https:\\\/\\\/www.fcejs.unsl.edu.ar\\\/wp-content\\\/uploads\\\/2021\\\/09\\\/Captura-3.jpg\",\"contentUrl\":\"https:\\\/\\\/www.fcejs.unsl.edu.ar\\\/wp-content\\\/uploads\\\/2021\\\/09\\\/Captura-3.jpg\",\"width\":661,\"height\":473},{\"@type\":\"BreadcrumbList\",\"@id\":\"https:\\\/\\\/www.fcejs.unsl.edu.ar\\\/index.php\\\/proico-15-0120-publico-el-libro-codigo-penal-parte-especial\\\/#breadcrumb\",\"itemListElement\":[{\"@type\":\"ListItem\",\"position\":1,\"name\":\"Inicio\",\"item\":\"https:\\\/\\\/www.fcejs.unsl.edu.ar\\\/\"},{\"@type\":\"ListItem\",\"position\":2,\"name\":\"PROICO 15-0120: public\u00f3 el libro \u201cC\u00f3digo Penal. Parte Especial\u201d\"}]},{\"@type\":\"WebSite\",\"@id\":\"https:\\\/\\\/www.fcejs.unsl.edu.ar\\\/#website\",\"url\":\"https:\\\/\\\/www.fcejs.unsl.edu.ar\\\/\",\"name\":\"Facultad de Ciencias Econ\u00f3micas, Jur\u00ed\u00addicas y Sociales\",\"description\":\"\",\"publisher\":{\"@id\":\"https:\\\/\\\/www.fcejs.unsl.edu.ar\\\/#organization\"},\"potentialAction\":[{\"@type\":\"SearchAction\",\"target\":{\"@type\":\"EntryPoint\",\"urlTemplate\":\"https:\\\/\\\/www.fcejs.unsl.edu.ar\\\/?s={search_term_string}\"},\"query-input\":{\"@type\":\"PropertyValueSpecification\",\"valueRequired\":true,\"valueName\":\"search_term_string\"}}],\"inLanguage\":\"es-AR\"},{\"@type\":\"Organization\",\"@id\":\"https:\\\/\\\/www.fcejs.unsl.edu.ar\\\/#organization\",\"name\":\"Facultad de Ciencias Econ\u00f3micas, Jur\u00eddicas y Sociales\",\"url\":\"https:\\\/\\\/www.fcejs.unsl.edu.ar\\\/\",\"logo\":{\"@type\":\"ImageObject\",\"inLanguage\":\"es-AR\",\"@id\":\"https:\\\/\\\/www.fcejs.unsl.edu.ar\\\/#\\\/schema\\\/logo\\\/image\\\/\",\"url\":\"https:\\\/\\\/www.fcejs.unsl.edu.ar\\\/wp-content\\\/uploads\\\/2021\\\/03\\\/logo-1.jpg\",\"contentUrl\":\"https:\\\/\\\/www.fcejs.unsl.edu.ar\\\/wp-content\\\/uploads\\\/2021\\\/03\\\/logo-1.jpg\",\"width\":471,\"height\":146,\"caption\":\"Facultad de Ciencias Econ\u00f3micas, Jur\u00eddicas y Sociales\"},\"image\":{\"@id\":\"https:\\\/\\\/www.fcejs.unsl.edu.ar\\\/#\\\/schema\\\/logo\\\/image\\\/\"},\"sameAs\":[\"https:\\\/\\\/www.facebook.com\\\/FCEJS.UNSL\\\/\",\"https:\\\/\\\/x.com\\\/FCEJSUNSL\",\"https:\\\/\\\/www.instagram.com\\\/fcejs.unsl\\\/\",\"https:\\\/\\\/www.youtube.com\\\/channel\\\/UCH-Ut6EaN_X5ogjIQMPe46g\\\/\"]},{\"@type\":\"Person\",\"@id\":\"https:\\\/\\\/www.fcejs.unsl.edu.ar\\\/#\\\/schema\\\/person\\\/352ee6ed90c3f394c7cb5945f8956d34\",\"name\":\"DATI\"}]}<\/script>\n<!-- \/ Yoast SEO plugin. -->","yoast_head_json":{"title":"PROICO 15-0120: public\u00f3 el libro \u201cC\u00f3digo Penal. Parte Especial\u201d - Facultad de Ciencias Econ\u00f3micas, Jur\u00ed\u00addicas y Sociales","robots":{"index":"index","follow":"follow","max-snippet":"max-snippet:-1","max-image-preview":"max-image-preview:large","max-video-preview":"max-video-preview:-1"},"canonical":"https:\/\/www.fcejs.unsl.edu.ar\/index.php\/proico-15-0120-publico-el-libro-codigo-penal-parte-especial\/","og_locale":"es_ES","og_type":"article","og_title":"PROICO 15-0120: public\u00f3 el libro \u201cC\u00f3digo Penal. Parte Especial\u201d - Facultad de Ciencias Econ\u00f3micas, Jur\u00ed\u00addicas y Sociales","og_description":"La Secretar\u00eda de Investigaci\u00f3n y Posgrado, tiene el agrado de informar a la comunidad universitaria que recientemente ha salido publicado el libro \u201cC\u00f3digo Penal. Parte&hellip;","og_url":"https:\/\/www.fcejs.unsl.edu.ar\/index.php\/proico-15-0120-publico-el-libro-codigo-penal-parte-especial\/","og_site_name":"Facultad de Ciencias Econ\u00f3micas, Jur\u00ed\u00addicas y Sociales","article_publisher":"https:\/\/www.facebook.com\/FCEJS.UNSL\/","article_published_time":"2021-09-21T18:00:57+00:00","article_modified_time":"2021-09-21T18:04:11+00:00","og_image":[{"width":661,"height":473,"url":"https:\/\/www.fcejs.unsl.edu.ar\/wp-content\/uploads\/2021\/09\/Captura-3.jpg","type":"image\/jpeg"}],"author":"DATI","twitter_card":"summary_large_image","twitter_creator":"@FCEJSUNSL","twitter_site":"@FCEJSUNSL","twitter_misc":{"Escrito por":"DATI","Tiempo de lectura":"2 minutos"},"schema":{"@context":"https:\/\/schema.org","@graph":[{"@type":"Article","@id":"https:\/\/www.fcejs.unsl.edu.ar\/index.php\/proico-15-0120-publico-el-libro-codigo-penal-parte-especial\/#article","isPartOf":{"@id":"https:\/\/www.fcejs.unsl.edu.ar\/index.php\/proico-15-0120-publico-el-libro-codigo-penal-parte-especial\/"},"author":{"name":"DATI","@id":"https:\/\/www.fcejs.unsl.edu.ar\/#\/schema\/person\/352ee6ed90c3f394c7cb5945f8956d34"},"headline":"PROICO 15-0120: public\u00f3 el libro \u201cC\u00f3digo Penal. Parte Especial\u201d","datePublished":"2021-09-21T18:00:57+00:00","dateModified":"2021-09-21T18:04:11+00:00","mainEntityOfPage":{"@id":"https:\/\/www.fcejs.unsl.edu.ar\/index.php\/proico-15-0120-publico-el-libro-codigo-penal-parte-especial\/"},"wordCount":403,"publisher":{"@id":"https:\/\/www.fcejs.unsl.edu.ar\/#organization"},"image":{"@id":"https:\/\/www.fcejs.unsl.edu.ar\/index.php\/proico-15-0120-publico-el-libro-codigo-penal-parte-especial\/#primaryimage"},"thumbnailUrl":"https:\/\/www.fcejs.unsl.edu.ar\/wp-content\/uploads\/2021\/09\/Captura-3.jpg","articleSection":["Noticias"],"inLanguage":"es-AR"},{"@type":"WebPage","@id":"https:\/\/www.fcejs.unsl.edu.ar\/index.php\/proico-15-0120-publico-el-libro-codigo-penal-parte-especial\/","url":"https:\/\/www.fcejs.unsl.edu.ar\/index.php\/proico-15-0120-publico-el-libro-codigo-penal-parte-especial\/","name":"PROICO 15-0120: public\u00f3 el libro \u201cC\u00f3digo Penal. Parte Especial\u201d - Facultad de Ciencias Econ\u00f3micas, Jur\u00ed\u00addicas y Sociales","isPartOf":{"@id":"https:\/\/www.fcejs.unsl.edu.ar\/#website"},"primaryImageOfPage":{"@id":"https:\/\/www.fcejs.unsl.edu.ar\/index.php\/proico-15-0120-publico-el-libro-codigo-penal-parte-especial\/#primaryimage"},"image":{"@id":"https:\/\/www.fcejs.unsl.edu.ar\/index.php\/proico-15-0120-publico-el-libro-codigo-penal-parte-especial\/#primaryimage"},"thumbnailUrl":"https:\/\/www.fcejs.unsl.edu.ar\/wp-content\/uploads\/2021\/09\/Captura-3.jpg","datePublished":"2021-09-21T18:00:57+00:00","dateModified":"2021-09-21T18:04:11+00:00","breadcrumb":{"@id":"https:\/\/www.fcejs.unsl.edu.ar\/index.php\/proico-15-0120-publico-el-libro-codigo-penal-parte-especial\/#breadcrumb"},"inLanguage":"es-AR","potentialAction":[{"@type":"ReadAction","target":["https:\/\/www.fcejs.unsl.edu.ar\/index.php\/proico-15-0120-publico-el-libro-codigo-penal-parte-especial\/"]}]},{"@type":"ImageObject","inLanguage":"es-AR","@id":"https:\/\/www.fcejs.unsl.edu.ar\/index.php\/proico-15-0120-publico-el-libro-codigo-penal-parte-especial\/#primaryimage","url":"https:\/\/www.fcejs.unsl.edu.ar\/wp-content\/uploads\/2021\/09\/Captura-3.jpg","contentUrl":"https:\/\/www.fcejs.unsl.edu.ar\/wp-content\/uploads\/2021\/09\/Captura-3.jpg","width":661,"height":473},{"@type":"BreadcrumbList","@id":"https:\/\/www.fcejs.unsl.edu.ar\/index.php\/proico-15-0120-publico-el-libro-codigo-penal-parte-especial\/#breadcrumb","itemListElement":[{"@type":"ListItem","position":1,"name":"Inicio","item":"https:\/\/www.fcejs.unsl.edu.ar\/"},{"@type":"ListItem","position":2,"name":"PROICO 15-0120: public\u00f3 el libro \u201cC\u00f3digo Penal. Parte Especial\u201d"}]},{"@type":"WebSite","@id":"https:\/\/www.fcejs.unsl.edu.ar\/#website","url":"https:\/\/www.fcejs.unsl.edu.ar\/","name":"Facultad de Ciencias Econ\u00f3micas, Jur\u00ed\u00addicas y Sociales","description":"","publisher":{"@id":"https:\/\/www.fcejs.unsl.edu.ar\/#organization"},"potentialAction":[{"@type":"SearchAction","target":{"@type":"EntryPoint","urlTemplate":"https:\/\/www.fcejs.unsl.edu.ar\/?s={search_term_string}"},"query-input":{"@type":"PropertyValueSpecification","valueRequired":true,"valueName":"search_term_string"}}],"inLanguage":"es-AR"},{"@type":"Organization","@id":"https:\/\/www.fcejs.unsl.edu.ar\/#organization","name":"Facultad de Ciencias Econ\u00f3micas, Jur\u00eddicas y Sociales","url":"https:\/\/www.fcejs.unsl.edu.ar\/","logo":{"@type":"ImageObject","inLanguage":"es-AR","@id":"https:\/\/www.fcejs.unsl.edu.ar\/#\/schema\/logo\/image\/","url":"https:\/\/www.fcejs.unsl.edu.ar\/wp-content\/uploads\/2021\/03\/logo-1.jpg","contentUrl":"https:\/\/www.fcejs.unsl.edu.ar\/wp-content\/uploads\/2021\/03\/logo-1.jpg","width":471,"height":146,"caption":"Facultad de Ciencias Econ\u00f3micas, Jur\u00eddicas y Sociales"},"image":{"@id":"https:\/\/www.fcejs.unsl.edu.ar\/#\/schema\/logo\/image\/"},"sameAs":["https:\/\/www.facebook.com\/FCEJS.UNSL\/","https:\/\/x.com\/FCEJSUNSL","https:\/\/www.instagram.com\/fcejs.unsl\/","https:\/\/www.youtube.com\/channel\/UCH-Ut6EaN_X5ogjIQMPe46g\/"]},{"@type":"Person","@id":"https:\/\/www.fcejs.unsl.edu.ar\/#\/schema\/person\/352ee6ed90c3f394c7cb5945f8956d34","name":"DATI"}]}},"jetpack_featured_media_url":"https:\/\/www.fcejs.unsl.edu.ar\/wp-content\/uploads\/2021\/09\/Captura-3.jpg","_links":{"self":[{"href":"https:\/\/www.fcejs.unsl.edu.ar\/index.php\/wp-json\/wp\/v2\/posts\/5361","targetHints":{"allow":["GET"]}}],"collection":[{"href":"https:\/\/www.fcejs.unsl.edu.ar\/index.php\/wp-json\/wp\/v2\/posts"}],"about":[{"href":"https:\/\/www.fcejs.unsl.edu.ar\/index.php\/wp-json\/wp\/v2\/types\/post"}],"author":[{"embeddable":true,"href":"https:\/\/www.fcejs.unsl.edu.ar\/index.php\/wp-json\/wp\/v2\/users\/9"}],"replies":[{"embeddable":true,"href":"https:\/\/www.fcejs.unsl.edu.ar\/index.php\/wp-json\/wp\/v2\/comments?post=5361"}],"version-history":[{"count":2,"href":"https:\/\/www.fcejs.unsl.edu.ar\/index.php\/wp-json\/wp\/v2\/posts\/5361\/revisions"}],"predecessor-version":[{"id":5364,"href":"https:\/\/www.fcejs.unsl.edu.ar\/index.php\/wp-json\/wp\/v2\/posts\/5361\/revisions\/5364"}],"wp:featuredmedia":[{"embeddable":true,"href":"https:\/\/www.fcejs.unsl.edu.ar\/index.php\/wp-json\/wp\/v2\/media\/5365"}],"wp:attachment":[{"href":"https:\/\/www.fcejs.unsl.edu.ar\/index.php\/wp-json\/wp\/v2\/media?parent=5361"}],"wp:term":[{"taxonomy":"category","embeddable":true,"href":"https:\/\/www.fcejs.unsl.edu.ar\/index.php\/wp-json\/wp\/v2\/categories?post=5361"},{"taxonomy":"post_tag","embeddable":true,"href":"https:\/\/www.fcejs.unsl.edu.ar\/index.php\/wp-json\/wp\/v2\/tags?post=5361"}],"curies":[{"name":"wp","href":"https:\/\/api.w.org\/{rel}","templated":true}]}}