{"id":5339,"date":"2021-09-20T19:46:29","date_gmt":"2021-09-20T22:46:29","guid":{"rendered":"http:\/\/10.101.10.197\/www\/?p=5339"},"modified":"2021-09-27T09:04:30","modified_gmt":"2021-09-27T12:04:30","slug":"tercer-encuentro-del-ciclo-de-conversaciones-virtual-investigar-en-el-campo-educativo-en-pandemia","status":"publish","type":"post","link":"https:\/\/www.fcejs.unsl.edu.ar\/index.php\/tercer-encuentro-del-ciclo-de-conversaciones-virtual-investigar-en-el-campo-educativo-en-pandemia\/","title":{"rendered":"Tercer encuentro del Ciclo de Conversaciones Virtual \u201cInvestigar en el campo educativo en pandemia: &#8230;\u201d"},"content":{"rendered":"<p>La Secretar\u00eda de Investigaci\u00f3n y Posgrado informa que el viernes 24 de septiembre, desde las 16 horas, se llevar\u00e1 a cabo el tercer encuentro del Ciclo de Conversaciones Virtual \u201cInvestigar en el campo educativo en pandemia: problemas y horizontes de posibilidad\u201d.<\/p>\n<p>En este tercer encuentro participar\u00e1n referentes de la Universidad Nacional de Tucum\u00e1n (UNT) y la Universidad Nacional de San Luis. Disertar\u00e1n la Lic. Luisa Arias (UNSL); la Mag. Mar\u00eda Laura Gonz\u00e1lez de la Universidad Nacional de Tucum\u00e1n (UNT); y la Dra. Stella Pasquariello, de la Facultad de Ciencias Sociales de la Universidad Nacional del Centro (FACSO-UNICEN).<\/p>\n<p>En esta oportunidad llevar\u00e1n a cabo un balance de los problemas y posibilidades que la pandemia y el distanciamiento social produjeron en la investigaci\u00f3n educativa. La moderaci\u00f3n la realizar\u00e1 la Dra. Ana Visca\u00edno (FACSO &#8211; UNICEN).<\/p>\n<p>La propuesta tiene como objetivo compartir con otros actores del campo de la educaci\u00f3n su mirada sobre la coyuntura actual, al entender que la pandemia instal\u00f3 un nuevo horizonte para la vida social que se tradujo en nudos problem\u00e1ticos, desaf\u00edos, aperturas y cancelaciones en el \u00e1mbito de la educaci\u00f3n secundaria.<\/p>\n<p>Organiza la Facultad de Ciencias Sociales de la UNICEN, con la colaboraci\u00f3n de la Universidad Nacional de San Luis y la Universidad Nacional de Tucum\u00e1n.<\/p>\n<p>El Ciclo de Conversaciones \u201cInvestigar en el campo educativo en pandemia: problemas y horizontes de posibilidad\u201d es organizado por integrantes del GRUPO 5, que conforman docentes e investigadores\/as que desarrollan su tarea en el marco del N\u00facleo de Investigaciones en Formaci\u00f3n Inicial y Pr\u00e1cticas Educativas (IFIPRAC_ED) de la Facultad de Ciencias Sociales de la Universidad Nacional del Centro.<\/p>\n<p>La actividad ser\u00e1 transmitida en vivo por el Canal de Youtube de la Facultad de Ciencias Sociales, en el se encuentran disponibles los videos de las charlas previas.<\/p>\n<p>Las\/os interesados en participar pueden inscribirse para recibir el recordatorio y el enlace directo a la plataforma a trav\u00e9s del formulario disponible <strong><a href=\"https:\/\/docs.google.com\/forms\/d\/e\/1FAIpQLSegpbQBBhUt_gKFJ37zx4I0ARwn9Rafjrb8FOEExueigve3pA\/viewform?vc=0&amp;c=0&amp;w=1&amp;flr=0\" target=\"_blank\" rel=\"noopener\">aqu\u00ed<\/a><\/strong>.<\/p>\n<p><img fetchpriority=\"high\" decoding=\"async\" class=\"aligncenter size-full wp-image-5341\" src=\"https:\/\/www.fcejs.unsl.edu.ar\/wp-content\/uploads\/2021\/09\/pandemia.jpg\" alt=\"\" width=\"1002\" height=\"990\" srcset=\"https:\/\/www.fcejs.unsl.edu.ar\/wp-content\/uploads\/2021\/09\/pandemia.jpg 1002w, https:\/\/www.fcejs.unsl.edu.ar\/wp-content\/uploads\/2021\/09\/pandemia-300x296.jpg 300w, https:\/\/www.fcejs.unsl.edu.ar\/wp-content\/uploads\/2021\/09\/pandemia-768x759.jpg 768w\" sizes=\"(max-width: 1002px) 100vw, 1002px\" \/><\/p>\n","protected":false},"excerpt":{"rendered":"<p>La Secretar\u00eda de Investigaci\u00f3n y Posgrado informa que el viernes 24 de septiembre, desde las 16 horas, se llevar\u00e1 a cabo el tercer encuentro del&hellip;<\/p>\n","protected":false},"author":9,"featured_media":5340,"comment_status":"closed","ping_status":"closed","sticky":false,"template":"","format":"standard","meta":{"om_disable_all_campaigns":false,"_monsterinsights_skip_tracking":false,"_monsterinsights_sitenote_active":false,"_monsterinsights_sitenote_note":"","_monsterinsights_sitenote_category":0,"footnotes":""},"categories":[21],"tags":[],"class_list":["post-5339","post","type-post","status-publish","format-standard","has-post-thumbnail","hentry","category-archivadas"],"yoast_head":"<!-- This site is optimized with the Yoast SEO plugin v27.4 - https:\/\/yoast.com\/product\/yoast-seo-wordpress\/ -->\n<title>Tercer encuentro del Ciclo de Conversaciones Virtual \u201cInvestigar en el campo educativo en pandemia: ...\u201d - Facultad de Ciencias Econ\u00f3micas, Jur\u00ed\u00addicas y Sociales<\/title>\n<meta name=\"robots\" content=\"index, follow, max-snippet:-1, max-image-preview:large, max-video-preview:-1\" \/>\n<link rel=\"canonical\" href=\"https:\/\/www.fcejs.unsl.edu.ar\/index.php\/tercer-encuentro-del-ciclo-de-conversaciones-virtual-investigar-en-el-campo-educativo-en-pandemia\/\" \/>\n<meta property=\"og:locale\" content=\"es_ES\" \/>\n<meta property=\"og:type\" content=\"article\" \/>\n<meta property=\"og:title\" content=\"Tercer encuentro del Ciclo de Conversaciones Virtual \u201cInvestigar en el campo educativo en pandemia: ...\u201d - Facultad de Ciencias Econ\u00f3micas, Jur\u00ed\u00addicas y Sociales\" \/>\n<meta property=\"og:description\" content=\"La Secretar\u00eda de Investigaci\u00f3n y Posgrado informa que el viernes 24 de septiembre, desde las 16 horas, se llevar\u00e1 a cabo el tercer encuentro del&hellip;\" \/>\n<meta property=\"og:url\" content=\"https:\/\/www.fcejs.unsl.edu.ar\/index.php\/tercer-encuentro-del-ciclo-de-conversaciones-virtual-investigar-en-el-campo-educativo-en-pandemia\/\" \/>\n<meta property=\"og:site_name\" content=\"Facultad de Ciencias Econ\u00f3micas, Jur\u00ed\u00addicas y Sociales\" \/>\n<meta property=\"article:publisher\" content=\"https:\/\/www.facebook.com\/FCEJS.UNSL\/\" \/>\n<meta property=\"article:published_time\" content=\"2021-09-20T22:46:29+00:00\" \/>\n<meta property=\"article:modified_time\" content=\"2021-09-27T12:04:30+00:00\" \/>\n<meta property=\"og:image\" content=\"https:\/\/www.fcejs.unsl.edu.ar\/wp-content\/uploads\/2021\/09\/pandemia-front.jpg\" \/>\n\t<meta property=\"og:image:width\" content=\"1152\" \/>\n\t<meta property=\"og:image:height\" content=\"647\" \/>\n\t<meta property=\"og:image:type\" content=\"image\/jpeg\" \/>\n<meta name=\"author\" content=\"DATI\" \/>\n<meta name=\"twitter:card\" content=\"summary_large_image\" \/>\n<meta name=\"twitter:creator\" content=\"@FCEJSUNSL\" \/>\n<meta name=\"twitter:site\" content=\"@FCEJSUNSL\" \/>\n<meta name=\"twitter:label1\" content=\"Escrito por\" \/>\n\t<meta name=\"twitter:data1\" content=\"DATI\" \/>\n\t<meta name=\"twitter:label2\" content=\"Tiempo de lectura\" \/>\n\t<meta name=\"twitter:data2\" content=\"2 minutos\" \/>\n<script type=\"application\/ld+json\" class=\"yoast-schema-graph\">{\"@context\":\"https:\\\/\\\/schema.org\",\"@graph\":[{\"@type\":\"Article\",\"@id\":\"https:\\\/\\\/www.fcejs.unsl.edu.ar\\\/index.php\\\/tercer-encuentro-del-ciclo-de-conversaciones-virtual-investigar-en-el-campo-educativo-en-pandemia\\\/#article\",\"isPartOf\":{\"@id\":\"https:\\\/\\\/www.fcejs.unsl.edu.ar\\\/index.php\\\/tercer-encuentro-del-ciclo-de-conversaciones-virtual-investigar-en-el-campo-educativo-en-pandemia\\\/\"},\"author\":{\"name\":\"DATI\",\"@id\":\"https:\\\/\\\/www.fcejs.unsl.edu.ar\\\/#\\\/schema\\\/person\\\/352ee6ed90c3f394c7cb5945f8956d34\"},\"headline\":\"Tercer encuentro del Ciclo de Conversaciones Virtual \u201cInvestigar en el campo educativo en pandemia: &#8230;\u201d\",\"datePublished\":\"2021-09-20T22:46:29+00:00\",\"dateModified\":\"2021-09-27T12:04:30+00:00\",\"mainEntityOfPage\":{\"@id\":\"https:\\\/\\\/www.fcejs.unsl.edu.ar\\\/index.php\\\/tercer-encuentro-del-ciclo-de-conversaciones-virtual-investigar-en-el-campo-educativo-en-pandemia\\\/\"},\"wordCount\":353,\"publisher\":{\"@id\":\"https:\\\/\\\/www.fcejs.unsl.edu.ar\\\/#organization\"},\"image\":{\"@id\":\"https:\\\/\\\/www.fcejs.unsl.edu.ar\\\/index.php\\\/tercer-encuentro-del-ciclo-de-conversaciones-virtual-investigar-en-el-campo-educativo-en-pandemia\\\/#primaryimage\"},\"thumbnailUrl\":\"https:\\\/\\\/www.fcejs.unsl.edu.ar\\\/wp-content\\\/uploads\\\/2021\\\/09\\\/pandemia-front.jpg\",\"articleSection\":[\"Archivadas\"],\"inLanguage\":\"es-AR\"},{\"@type\":\"WebPage\",\"@id\":\"https:\\\/\\\/www.fcejs.unsl.edu.ar\\\/index.php\\\/tercer-encuentro-del-ciclo-de-conversaciones-virtual-investigar-en-el-campo-educativo-en-pandemia\\\/\",\"url\":\"https:\\\/\\\/www.fcejs.unsl.edu.ar\\\/index.php\\\/tercer-encuentro-del-ciclo-de-conversaciones-virtual-investigar-en-el-campo-educativo-en-pandemia\\\/\",\"name\":\"Tercer encuentro del Ciclo de Conversaciones Virtual \u201cInvestigar en el campo educativo en pandemia: ...\u201d - Facultad de Ciencias Econ\u00f3micas, Jur\u00ed\u00addicas y Sociales\",\"isPartOf\":{\"@id\":\"https:\\\/\\\/www.fcejs.unsl.edu.ar\\\/#website\"},\"primaryImageOfPage\":{\"@id\":\"https:\\\/\\\/www.fcejs.unsl.edu.ar\\\/index.php\\\/tercer-encuentro-del-ciclo-de-conversaciones-virtual-investigar-en-el-campo-educativo-en-pandemia\\\/#primaryimage\"},\"image\":{\"@id\":\"https:\\\/\\\/www.fcejs.unsl.edu.ar\\\/index.php\\\/tercer-encuentro-del-ciclo-de-conversaciones-virtual-investigar-en-el-campo-educativo-en-pandemia\\\/#primaryimage\"},\"thumbnailUrl\":\"https:\\\/\\\/www.fcejs.unsl.edu.ar\\\/wp-content\\\/uploads\\\/2021\\\/09\\\/pandemia-front.jpg\",\"datePublished\":\"2021-09-20T22:46:29+00:00\",\"dateModified\":\"2021-09-27T12:04:30+00:00\",\"breadcrumb\":{\"@id\":\"https:\\\/\\\/www.fcejs.unsl.edu.ar\\\/index.php\\\/tercer-encuentro-del-ciclo-de-conversaciones-virtual-investigar-en-el-campo-educativo-en-pandemia\\\/#breadcrumb\"},\"inLanguage\":\"es-AR\",\"potentialAction\":[{\"@type\":\"ReadAction\",\"target\":[\"https:\\\/\\\/www.fcejs.unsl.edu.ar\\\/index.php\\\/tercer-encuentro-del-ciclo-de-conversaciones-virtual-investigar-en-el-campo-educativo-en-pandemia\\\/\"]}]},{\"@type\":\"ImageObject\",\"inLanguage\":\"es-AR\",\"@id\":\"https:\\\/\\\/www.fcejs.unsl.edu.ar\\\/index.php\\\/tercer-encuentro-del-ciclo-de-conversaciones-virtual-investigar-en-el-campo-educativo-en-pandemia\\\/#primaryimage\",\"url\":\"https:\\\/\\\/www.fcejs.unsl.edu.ar\\\/wp-content\\\/uploads\\\/2021\\\/09\\\/pandemia-front.jpg\",\"contentUrl\":\"https:\\\/\\\/www.fcejs.unsl.edu.ar\\\/wp-content\\\/uploads\\\/2021\\\/09\\\/pandemia-front.jpg\",\"width\":1152,\"height\":647},{\"@type\":\"BreadcrumbList\",\"@id\":\"https:\\\/\\\/www.fcejs.unsl.edu.ar\\\/index.php\\\/tercer-encuentro-del-ciclo-de-conversaciones-virtual-investigar-en-el-campo-educativo-en-pandemia\\\/#breadcrumb\",\"itemListElement\":[{\"@type\":\"ListItem\",\"position\":1,\"name\":\"Inicio\",\"item\":\"https:\\\/\\\/www.fcejs.unsl.edu.ar\\\/\"},{\"@type\":\"ListItem\",\"position\":2,\"name\":\"Tercer encuentro del Ciclo de Conversaciones Virtual \u201cInvestigar en el campo educativo en pandemia: &#8230;\u201d\"}]},{\"@type\":\"WebSite\",\"@id\":\"https:\\\/\\\/www.fcejs.unsl.edu.ar\\\/#website\",\"url\":\"https:\\\/\\\/www.fcejs.unsl.edu.ar\\\/\",\"name\":\"Facultad de Ciencias Econ\u00f3micas, Jur\u00ed\u00addicas y Sociales\",\"description\":\"\",\"publisher\":{\"@id\":\"https:\\\/\\\/www.fcejs.unsl.edu.ar\\\/#organization\"},\"potentialAction\":[{\"@type\":\"SearchAction\",\"target\":{\"@type\":\"EntryPoint\",\"urlTemplate\":\"https:\\\/\\\/www.fcejs.unsl.edu.ar\\\/?s={search_term_string}\"},\"query-input\":{\"@type\":\"PropertyValueSpecification\",\"valueRequired\":true,\"valueName\":\"search_term_string\"}}],\"inLanguage\":\"es-AR\"},{\"@type\":\"Organization\",\"@id\":\"https:\\\/\\\/www.fcejs.unsl.edu.ar\\\/#organization\",\"name\":\"Facultad de Ciencias Econ\u00f3micas, Jur\u00eddicas y Sociales\",\"url\":\"https:\\\/\\\/www.fcejs.unsl.edu.ar\\\/\",\"logo\":{\"@type\":\"ImageObject\",\"inLanguage\":\"es-AR\",\"@id\":\"https:\\\/\\\/www.fcejs.unsl.edu.ar\\\/#\\\/schema\\\/logo\\\/image\\\/\",\"url\":\"https:\\\/\\\/www.fcejs.unsl.edu.ar\\\/wp-content\\\/uploads\\\/2021\\\/03\\\/logo-1.jpg\",\"contentUrl\":\"https:\\\/\\\/www.fcejs.unsl.edu.ar\\\/wp-content\\\/uploads\\\/2021\\\/03\\\/logo-1.jpg\",\"width\":471,\"height\":146,\"caption\":\"Facultad de Ciencias Econ\u00f3micas, Jur\u00eddicas y Sociales\"},\"image\":{\"@id\":\"https:\\\/\\\/www.fcejs.unsl.edu.ar\\\/#\\\/schema\\\/logo\\\/image\\\/\"},\"sameAs\":[\"https:\\\/\\\/www.facebook.com\\\/FCEJS.UNSL\\\/\",\"https:\\\/\\\/x.com\\\/FCEJSUNSL\",\"https:\\\/\\\/www.instagram.com\\\/fcejs.unsl\\\/\",\"https:\\\/\\\/www.youtube.com\\\/channel\\\/UCH-Ut6EaN_X5ogjIQMPe46g\\\/\"]},{\"@type\":\"Person\",\"@id\":\"https:\\\/\\\/www.fcejs.unsl.edu.ar\\\/#\\\/schema\\\/person\\\/352ee6ed90c3f394c7cb5945f8956d34\",\"name\":\"DATI\"}]}<\/script>\n<!-- \/ Yoast SEO plugin. -->","yoast_head_json":{"title":"Tercer encuentro del Ciclo de Conversaciones Virtual \u201cInvestigar en el campo educativo en pandemia: ...\u201d - Facultad de Ciencias Econ\u00f3micas, Jur\u00ed\u00addicas y Sociales","robots":{"index":"index","follow":"follow","max-snippet":"max-snippet:-1","max-image-preview":"max-image-preview:large","max-video-preview":"max-video-preview:-1"},"canonical":"https:\/\/www.fcejs.unsl.edu.ar\/index.php\/tercer-encuentro-del-ciclo-de-conversaciones-virtual-investigar-en-el-campo-educativo-en-pandemia\/","og_locale":"es_ES","og_type":"article","og_title":"Tercer encuentro del Ciclo de Conversaciones Virtual \u201cInvestigar en el campo educativo en pandemia: ...\u201d - Facultad de Ciencias Econ\u00f3micas, Jur\u00ed\u00addicas y Sociales","og_description":"La Secretar\u00eda de Investigaci\u00f3n y Posgrado informa que el viernes 24 de septiembre, desde las 16 horas, se llevar\u00e1 a cabo el tercer encuentro del&hellip;","og_url":"https:\/\/www.fcejs.unsl.edu.ar\/index.php\/tercer-encuentro-del-ciclo-de-conversaciones-virtual-investigar-en-el-campo-educativo-en-pandemia\/","og_site_name":"Facultad de Ciencias Econ\u00f3micas, Jur\u00ed\u00addicas y Sociales","article_publisher":"https:\/\/www.facebook.com\/FCEJS.UNSL\/","article_published_time":"2021-09-20T22:46:29+00:00","article_modified_time":"2021-09-27T12:04:30+00:00","og_image":[{"width":1152,"height":647,"url":"https:\/\/www.fcejs.unsl.edu.ar\/wp-content\/uploads\/2021\/09\/pandemia-front.jpg","type":"image\/jpeg"}],"author":"DATI","twitter_card":"summary_large_image","twitter_creator":"@FCEJSUNSL","twitter_site":"@FCEJSUNSL","twitter_misc":{"Escrito por":"DATI","Tiempo de lectura":"2 minutos"},"schema":{"@context":"https:\/\/schema.org","@graph":[{"@type":"Article","@id":"https:\/\/www.fcejs.unsl.edu.ar\/index.php\/tercer-encuentro-del-ciclo-de-conversaciones-virtual-investigar-en-el-campo-educativo-en-pandemia\/#article","isPartOf":{"@id":"https:\/\/www.fcejs.unsl.edu.ar\/index.php\/tercer-encuentro-del-ciclo-de-conversaciones-virtual-investigar-en-el-campo-educativo-en-pandemia\/"},"author":{"name":"DATI","@id":"https:\/\/www.fcejs.unsl.edu.ar\/#\/schema\/person\/352ee6ed90c3f394c7cb5945f8956d34"},"headline":"Tercer encuentro del Ciclo de Conversaciones Virtual \u201cInvestigar en el campo educativo en pandemia: &#8230;\u201d","datePublished":"2021-09-20T22:46:29+00:00","dateModified":"2021-09-27T12:04:30+00:00","mainEntityOfPage":{"@id":"https:\/\/www.fcejs.unsl.edu.ar\/index.php\/tercer-encuentro-del-ciclo-de-conversaciones-virtual-investigar-en-el-campo-educativo-en-pandemia\/"},"wordCount":353,"publisher":{"@id":"https:\/\/www.fcejs.unsl.edu.ar\/#organization"},"image":{"@id":"https:\/\/www.fcejs.unsl.edu.ar\/index.php\/tercer-encuentro-del-ciclo-de-conversaciones-virtual-investigar-en-el-campo-educativo-en-pandemia\/#primaryimage"},"thumbnailUrl":"https:\/\/www.fcejs.unsl.edu.ar\/wp-content\/uploads\/2021\/09\/pandemia-front.jpg","articleSection":["Archivadas"],"inLanguage":"es-AR"},{"@type":"WebPage","@id":"https:\/\/www.fcejs.unsl.edu.ar\/index.php\/tercer-encuentro-del-ciclo-de-conversaciones-virtual-investigar-en-el-campo-educativo-en-pandemia\/","url":"https:\/\/www.fcejs.unsl.edu.ar\/index.php\/tercer-encuentro-del-ciclo-de-conversaciones-virtual-investigar-en-el-campo-educativo-en-pandemia\/","name":"Tercer encuentro del Ciclo de Conversaciones Virtual \u201cInvestigar en el campo educativo en pandemia: ...\u201d - Facultad de Ciencias Econ\u00f3micas, Jur\u00ed\u00addicas y Sociales","isPartOf":{"@id":"https:\/\/www.fcejs.unsl.edu.ar\/#website"},"primaryImageOfPage":{"@id":"https:\/\/www.fcejs.unsl.edu.ar\/index.php\/tercer-encuentro-del-ciclo-de-conversaciones-virtual-investigar-en-el-campo-educativo-en-pandemia\/#primaryimage"},"image":{"@id":"https:\/\/www.fcejs.unsl.edu.ar\/index.php\/tercer-encuentro-del-ciclo-de-conversaciones-virtual-investigar-en-el-campo-educativo-en-pandemia\/#primaryimage"},"thumbnailUrl":"https:\/\/www.fcejs.unsl.edu.ar\/wp-content\/uploads\/2021\/09\/pandemia-front.jpg","datePublished":"2021-09-20T22:46:29+00:00","dateModified":"2021-09-27T12:04:30+00:00","breadcrumb":{"@id":"https:\/\/www.fcejs.unsl.edu.ar\/index.php\/tercer-encuentro-del-ciclo-de-conversaciones-virtual-investigar-en-el-campo-educativo-en-pandemia\/#breadcrumb"},"inLanguage":"es-AR","potentialAction":[{"@type":"ReadAction","target":["https:\/\/www.fcejs.unsl.edu.ar\/index.php\/tercer-encuentro-del-ciclo-de-conversaciones-virtual-investigar-en-el-campo-educativo-en-pandemia\/"]}]},{"@type":"ImageObject","inLanguage":"es-AR","@id":"https:\/\/www.fcejs.unsl.edu.ar\/index.php\/tercer-encuentro-del-ciclo-de-conversaciones-virtual-investigar-en-el-campo-educativo-en-pandemia\/#primaryimage","url":"https:\/\/www.fcejs.unsl.edu.ar\/wp-content\/uploads\/2021\/09\/pandemia-front.jpg","contentUrl":"https:\/\/www.fcejs.unsl.edu.ar\/wp-content\/uploads\/2021\/09\/pandemia-front.jpg","width":1152,"height":647},{"@type":"BreadcrumbList","@id":"https:\/\/www.fcejs.unsl.edu.ar\/index.php\/tercer-encuentro-del-ciclo-de-conversaciones-virtual-investigar-en-el-campo-educativo-en-pandemia\/#breadcrumb","itemListElement":[{"@type":"ListItem","position":1,"name":"Inicio","item":"https:\/\/www.fcejs.unsl.edu.ar\/"},{"@type":"ListItem","position":2,"name":"Tercer encuentro del Ciclo de Conversaciones Virtual \u201cInvestigar en el campo educativo en pandemia: &#8230;\u201d"}]},{"@type":"WebSite","@id":"https:\/\/www.fcejs.unsl.edu.ar\/#website","url":"https:\/\/www.fcejs.unsl.edu.ar\/","name":"Facultad de Ciencias Econ\u00f3micas, Jur\u00ed\u00addicas y Sociales","description":"","publisher":{"@id":"https:\/\/www.fcejs.unsl.edu.ar\/#organization"},"potentialAction":[{"@type":"SearchAction","target":{"@type":"EntryPoint","urlTemplate":"https:\/\/www.fcejs.unsl.edu.ar\/?s={search_term_string}"},"query-input":{"@type":"PropertyValueSpecification","valueRequired":true,"valueName":"search_term_string"}}],"inLanguage":"es-AR"},{"@type":"Organization","@id":"https:\/\/www.fcejs.unsl.edu.ar\/#organization","name":"Facultad de Ciencias Econ\u00f3micas, Jur\u00eddicas y Sociales","url":"https:\/\/www.fcejs.unsl.edu.ar\/","logo":{"@type":"ImageObject","inLanguage":"es-AR","@id":"https:\/\/www.fcejs.unsl.edu.ar\/#\/schema\/logo\/image\/","url":"https:\/\/www.fcejs.unsl.edu.ar\/wp-content\/uploads\/2021\/03\/logo-1.jpg","contentUrl":"https:\/\/www.fcejs.unsl.edu.ar\/wp-content\/uploads\/2021\/03\/logo-1.jpg","width":471,"height":146,"caption":"Facultad de Ciencias Econ\u00f3micas, Jur\u00eddicas y Sociales"},"image":{"@id":"https:\/\/www.fcejs.unsl.edu.ar\/#\/schema\/logo\/image\/"},"sameAs":["https:\/\/www.facebook.com\/FCEJS.UNSL\/","https:\/\/x.com\/FCEJSUNSL","https:\/\/www.instagram.com\/fcejs.unsl\/","https:\/\/www.youtube.com\/channel\/UCH-Ut6EaN_X5ogjIQMPe46g\/"]},{"@type":"Person","@id":"https:\/\/www.fcejs.unsl.edu.ar\/#\/schema\/person\/352ee6ed90c3f394c7cb5945f8956d34","name":"DATI"}]}},"jetpack_featured_media_url":"https:\/\/www.fcejs.unsl.edu.ar\/wp-content\/uploads\/2021\/09\/pandemia-front.jpg","_links":{"self":[{"href":"https:\/\/www.fcejs.unsl.edu.ar\/index.php\/wp-json\/wp\/v2\/posts\/5339","targetHints":{"allow":["GET"]}}],"collection":[{"href":"https:\/\/www.fcejs.unsl.edu.ar\/index.php\/wp-json\/wp\/v2\/posts"}],"about":[{"href":"https:\/\/www.fcejs.unsl.edu.ar\/index.php\/wp-json\/wp\/v2\/types\/post"}],"author":[{"embeddable":true,"href":"https:\/\/www.fcejs.unsl.edu.ar\/index.php\/wp-json\/wp\/v2\/users\/9"}],"replies":[{"embeddable":true,"href":"https:\/\/www.fcejs.unsl.edu.ar\/index.php\/wp-json\/wp\/v2\/comments?post=5339"}],"version-history":[{"count":3,"href":"https:\/\/www.fcejs.unsl.edu.ar\/index.php\/wp-json\/wp\/v2\/posts\/5339\/revisions"}],"predecessor-version":[{"id":5344,"href":"https:\/\/www.fcejs.unsl.edu.ar\/index.php\/wp-json\/wp\/v2\/posts\/5339\/revisions\/5344"}],"wp:featuredmedia":[{"embeddable":true,"href":"https:\/\/www.fcejs.unsl.edu.ar\/index.php\/wp-json\/wp\/v2\/media\/5340"}],"wp:attachment":[{"href":"https:\/\/www.fcejs.unsl.edu.ar\/index.php\/wp-json\/wp\/v2\/media?parent=5339"}],"wp:term":[{"taxonomy":"category","embeddable":true,"href":"https:\/\/www.fcejs.unsl.edu.ar\/index.php\/wp-json\/wp\/v2\/categories?post=5339"},{"taxonomy":"post_tag","embeddable":true,"href":"https:\/\/www.fcejs.unsl.edu.ar\/index.php\/wp-json\/wp\/v2\/tags?post=5339"}],"curies":[{"name":"wp","href":"https:\/\/api.w.org\/{rel}","templated":true}]}}