{"id":5310,"date":"2021-09-17T10:02:56","date_gmt":"2021-09-17T13:02:56","guid":{"rendered":"http:\/\/10.101.10.197\/www\/?p=5310"},"modified":"2021-09-21T15:40:58","modified_gmt":"2021-09-21T18:40:58","slug":"iniciaron-las-jornadas-preparatorias-de-las-xxviii-jornadas-nacionales-de-derecho-civil","status":"publish","type":"post","link":"https:\/\/www.fcejs.unsl.edu.ar\/index.php\/iniciaron-las-jornadas-preparatorias-de-las-xxviii-jornadas-nacionales-de-derecho-civil\/","title":{"rendered":"Iniciaron las Jornadas Preparatorias de las XXVIII Jornadas Nacionales de Derecho Civil"},"content":{"rendered":"<p>Durante los d\u00edas 16 y 17 de septiembre, la FCEJS lleva a cabo de forma virtual actividades acad\u00e9micas en la que disertar\u00e1n destacados juristas nacionales de las provincias de Mendoza, San Juan y Buenos Aires, como parte de las jornadas preparatorias a las XXVIII Jornadas Nacionales de Derecho Civil.<\/p>\n<p>Coordinada por la Abg. Patricia Alegre, la apertura de las Jornadas cont\u00f3 con las palabras de bienvenida del Decano de la FCEJS, Mag. Marcelo Casabene, quien agradeci\u00f3 a las autoridades de la Academia Nacional de Derecho y Ciencias Sociales de C\u00f3rdoba, por brindarle la oportunidad a la Facultad de ser una de las 15 sedes elegidas para realizar estas actividades preparatorias de las XXVIII Jornadas Nacionales de Derecho Civil, que se llevar\u00e1n a cabo el 22, 23 y 24 de setiembre del a\u00f1o 2022, en la ciudad de Mendoza. \u201cDestac\u00f3 el trabajo realizado por la Abg. Patricia Alegre y el equipo docente de la asignatura \u201cDerecho Privado I\u201d de las carreras CPN y Lic. en Administraci\u00f3n, que han logrado transformar a la ciudad de Villa Mercedes en una de las sedes de este importante evento nacional\u201d, puntualiz\u00f3 el Decano de la FCEJS.<\/p>\n<p>Las actividades continuar\u00e1n este viernes 17 a partir de las 18 horas de forma virtual. Compartimos el enlace de la transmisi\u00f3n: https:\/\/youtu.be\/2u29mwOtTf0<\/p>\n<p>Estas actividades no aranceladas, son destinadas a docentes universitarios\/as, abogados\/as, procuradores, estudiantes, magistrados\/as, funcionarios\/as y empleados\/as judiciales. Durante los dos d\u00edas participar\u00e1n Dra. Mariel Molina; Dr. Juan Carlos Pandiella; Dra. Lidia Garrido Cordobera y el Dr. Pascual Alferillo.<\/p>\n<p>Estas pre-jornadas son organizadas por la FCEJS junto a la Academia Nacional de Derecho y Ciencias Sociales de C\u00f3rdoba. Cuentan con el auspicio del Instituto de Capacitaci\u00f3n \u201cDr. Juan Cris\u00f3stomo Lafinur\u201d del Poder Judicial de San Luis; del Colegio de Abogados y Procuradores de Villa Mercedes y del Colegio de Magistrados y Funcionarios de la provincia de San Luis.<\/p>\n<p>Las pr\u00f3ximas jornadas preparatorias tendr\u00e1n lugar el 4 y 5 de octubre en la Universidad Nacional del Litoral; y el 14 y 15 de octubre en UM y UNCUYO.<\/p>\n<p>&nbsp;<\/p>\n<p>&nbsp;<\/p>\n","protected":false},"excerpt":{"rendered":"<p>Durante los d\u00edas 16 y 17 de septiembre, la FCEJS lleva a cabo de forma virtual actividades acad\u00e9micas en la que disertar\u00e1n destacados juristas nacionales&hellip;<\/p>\n","protected":false},"author":9,"featured_media":5311,"comment_status":"closed","ping_status":"closed","sticky":false,"template":"","format":"standard","meta":{"om_disable_all_campaigns":false,"_monsterinsights_skip_tracking":false,"_monsterinsights_sitenote_active":false,"_monsterinsights_sitenote_note":"","_monsterinsights_sitenote_category":0,"footnotes":""},"categories":[1],"tags":[],"class_list":["post-5310","post","type-post","status-publish","format-standard","has-post-thumbnail","hentry","category-noticias"],"yoast_head":"<!-- This site is optimized with the Yoast SEO plugin v27.4 - https:\/\/yoast.com\/product\/yoast-seo-wordpress\/ -->\n<title>Iniciaron las Jornadas Preparatorias de las XXVIII Jornadas Nacionales de Derecho Civil - Facultad de Ciencias Econ\u00f3micas, Jur\u00ed\u00addicas y Sociales<\/title>\n<meta name=\"robots\" content=\"index, follow, max-snippet:-1, max-image-preview:large, max-video-preview:-1\" \/>\n<link rel=\"canonical\" href=\"https:\/\/www.fcejs.unsl.edu.ar\/index.php\/iniciaron-las-jornadas-preparatorias-de-las-xxviii-jornadas-nacionales-de-derecho-civil\/\" \/>\n<meta property=\"og:locale\" content=\"es_ES\" \/>\n<meta property=\"og:type\" content=\"article\" \/>\n<meta property=\"og:title\" content=\"Iniciaron las Jornadas Preparatorias de las XXVIII Jornadas Nacionales de Derecho Civil - Facultad de Ciencias Econ\u00f3micas, Jur\u00ed\u00addicas y Sociales\" \/>\n<meta property=\"og:description\" content=\"Durante los d\u00edas 16 y 17 de septiembre, la FCEJS lleva a cabo de forma virtual actividades acad\u00e9micas en la que disertar\u00e1n destacados juristas nacionales&hellip;\" \/>\n<meta property=\"og:url\" content=\"https:\/\/www.fcejs.unsl.edu.ar\/index.php\/iniciaron-las-jornadas-preparatorias-de-las-xxviii-jornadas-nacionales-de-derecho-civil\/\" \/>\n<meta property=\"og:site_name\" content=\"Facultad de Ciencias Econ\u00f3micas, Jur\u00ed\u00addicas y Sociales\" \/>\n<meta property=\"article:publisher\" content=\"https:\/\/www.facebook.com\/FCEJS.UNSL\/\" \/>\n<meta property=\"article:published_time\" content=\"2021-09-17T13:02:56+00:00\" \/>\n<meta property=\"article:modified_time\" content=\"2021-09-21T18:40:58+00:00\" \/>\n<meta property=\"og:image\" content=\"https:\/\/www.fcejs.unsl.edu.ar\/wp-content\/uploads\/2021\/09\/PRESENTACIO-01-up.jpg\" \/>\n\t<meta property=\"og:image:width\" content=\"1152\" \/>\n\t<meta property=\"og:image:height\" content=\"647\" \/>\n\t<meta property=\"og:image:type\" content=\"image\/jpeg\" \/>\n<meta name=\"author\" content=\"DATI\" \/>\n<meta name=\"twitter:card\" content=\"summary_large_image\" \/>\n<meta name=\"twitter:creator\" content=\"@FCEJSUNSL\" \/>\n<meta name=\"twitter:site\" content=\"@FCEJSUNSL\" \/>\n<meta name=\"twitter:label1\" content=\"Escrito por\" \/>\n\t<meta name=\"twitter:data1\" content=\"DATI\" \/>\n\t<meta name=\"twitter:label2\" content=\"Tiempo de lectura\" \/>\n\t<meta name=\"twitter:data2\" content=\"2 minutos\" \/>\n<script type=\"application\/ld+json\" class=\"yoast-schema-graph\">{\"@context\":\"https:\\\/\\\/schema.org\",\"@graph\":[{\"@type\":\"Article\",\"@id\":\"https:\\\/\\\/www.fcejs.unsl.edu.ar\\\/index.php\\\/iniciaron-las-jornadas-preparatorias-de-las-xxviii-jornadas-nacionales-de-derecho-civil\\\/#article\",\"isPartOf\":{\"@id\":\"https:\\\/\\\/www.fcejs.unsl.edu.ar\\\/index.php\\\/iniciaron-las-jornadas-preparatorias-de-las-xxviii-jornadas-nacionales-de-derecho-civil\\\/\"},\"author\":{\"name\":\"DATI\",\"@id\":\"https:\\\/\\\/www.fcejs.unsl.edu.ar\\\/#\\\/schema\\\/person\\\/352ee6ed90c3f394c7cb5945f8956d34\"},\"headline\":\"Iniciaron las Jornadas Preparatorias de las XXVIII Jornadas Nacionales de Derecho Civil\",\"datePublished\":\"2021-09-17T13:02:56+00:00\",\"dateModified\":\"2021-09-21T18:40:58+00:00\",\"mainEntityOfPage\":{\"@id\":\"https:\\\/\\\/www.fcejs.unsl.edu.ar\\\/index.php\\\/iniciaron-las-jornadas-preparatorias-de-las-xxviii-jornadas-nacionales-de-derecho-civil\\\/\"},\"wordCount\":365,\"publisher\":{\"@id\":\"https:\\\/\\\/www.fcejs.unsl.edu.ar\\\/#organization\"},\"image\":{\"@id\":\"https:\\\/\\\/www.fcejs.unsl.edu.ar\\\/index.php\\\/iniciaron-las-jornadas-preparatorias-de-las-xxviii-jornadas-nacionales-de-derecho-civil\\\/#primaryimage\"},\"thumbnailUrl\":\"https:\\\/\\\/www.fcejs.unsl.edu.ar\\\/wp-content\\\/uploads\\\/2021\\\/09\\\/PRESENTACIO-01-up.jpg\",\"articleSection\":[\"Noticias\"],\"inLanguage\":\"es-AR\"},{\"@type\":\"WebPage\",\"@id\":\"https:\\\/\\\/www.fcejs.unsl.edu.ar\\\/index.php\\\/iniciaron-las-jornadas-preparatorias-de-las-xxviii-jornadas-nacionales-de-derecho-civil\\\/\",\"url\":\"https:\\\/\\\/www.fcejs.unsl.edu.ar\\\/index.php\\\/iniciaron-las-jornadas-preparatorias-de-las-xxviii-jornadas-nacionales-de-derecho-civil\\\/\",\"name\":\"Iniciaron las Jornadas Preparatorias de las XXVIII Jornadas Nacionales de Derecho Civil - Facultad de Ciencias Econ\u00f3micas, Jur\u00ed\u00addicas y Sociales\",\"isPartOf\":{\"@id\":\"https:\\\/\\\/www.fcejs.unsl.edu.ar\\\/#website\"},\"primaryImageOfPage\":{\"@id\":\"https:\\\/\\\/www.fcejs.unsl.edu.ar\\\/index.php\\\/iniciaron-las-jornadas-preparatorias-de-las-xxviii-jornadas-nacionales-de-derecho-civil\\\/#primaryimage\"},\"image\":{\"@id\":\"https:\\\/\\\/www.fcejs.unsl.edu.ar\\\/index.php\\\/iniciaron-las-jornadas-preparatorias-de-las-xxviii-jornadas-nacionales-de-derecho-civil\\\/#primaryimage\"},\"thumbnailUrl\":\"https:\\\/\\\/www.fcejs.unsl.edu.ar\\\/wp-content\\\/uploads\\\/2021\\\/09\\\/PRESENTACIO-01-up.jpg\",\"datePublished\":\"2021-09-17T13:02:56+00:00\",\"dateModified\":\"2021-09-21T18:40:58+00:00\",\"breadcrumb\":{\"@id\":\"https:\\\/\\\/www.fcejs.unsl.edu.ar\\\/index.php\\\/iniciaron-las-jornadas-preparatorias-de-las-xxviii-jornadas-nacionales-de-derecho-civil\\\/#breadcrumb\"},\"inLanguage\":\"es-AR\",\"potentialAction\":[{\"@type\":\"ReadAction\",\"target\":[\"https:\\\/\\\/www.fcejs.unsl.edu.ar\\\/index.php\\\/iniciaron-las-jornadas-preparatorias-de-las-xxviii-jornadas-nacionales-de-derecho-civil\\\/\"]}]},{\"@type\":\"ImageObject\",\"inLanguage\":\"es-AR\",\"@id\":\"https:\\\/\\\/www.fcejs.unsl.edu.ar\\\/index.php\\\/iniciaron-las-jornadas-preparatorias-de-las-xxviii-jornadas-nacionales-de-derecho-civil\\\/#primaryimage\",\"url\":\"https:\\\/\\\/www.fcejs.unsl.edu.ar\\\/wp-content\\\/uploads\\\/2021\\\/09\\\/PRESENTACIO-01-up.jpg\",\"contentUrl\":\"https:\\\/\\\/www.fcejs.unsl.edu.ar\\\/wp-content\\\/uploads\\\/2021\\\/09\\\/PRESENTACIO-01-up.jpg\",\"width\":1152,\"height\":647},{\"@type\":\"BreadcrumbList\",\"@id\":\"https:\\\/\\\/www.fcejs.unsl.edu.ar\\\/index.php\\\/iniciaron-las-jornadas-preparatorias-de-las-xxviii-jornadas-nacionales-de-derecho-civil\\\/#breadcrumb\",\"itemListElement\":[{\"@type\":\"ListItem\",\"position\":1,\"name\":\"Inicio\",\"item\":\"https:\\\/\\\/www.fcejs.unsl.edu.ar\\\/\"},{\"@type\":\"ListItem\",\"position\":2,\"name\":\"Iniciaron las Jornadas Preparatorias de las XXVIII Jornadas Nacionales de Derecho Civil\"}]},{\"@type\":\"WebSite\",\"@id\":\"https:\\\/\\\/www.fcejs.unsl.edu.ar\\\/#website\",\"url\":\"https:\\\/\\\/www.fcejs.unsl.edu.ar\\\/\",\"name\":\"Facultad de Ciencias Econ\u00f3micas, Jur\u00ed\u00addicas y Sociales\",\"description\":\"\",\"publisher\":{\"@id\":\"https:\\\/\\\/www.fcejs.unsl.edu.ar\\\/#organization\"},\"potentialAction\":[{\"@type\":\"SearchAction\",\"target\":{\"@type\":\"EntryPoint\",\"urlTemplate\":\"https:\\\/\\\/www.fcejs.unsl.edu.ar\\\/?s={search_term_string}\"},\"query-input\":{\"@type\":\"PropertyValueSpecification\",\"valueRequired\":true,\"valueName\":\"search_term_string\"}}],\"inLanguage\":\"es-AR\"},{\"@type\":\"Organization\",\"@id\":\"https:\\\/\\\/www.fcejs.unsl.edu.ar\\\/#organization\",\"name\":\"Facultad de Ciencias Econ\u00f3micas, Jur\u00eddicas y Sociales\",\"url\":\"https:\\\/\\\/www.fcejs.unsl.edu.ar\\\/\",\"logo\":{\"@type\":\"ImageObject\",\"inLanguage\":\"es-AR\",\"@id\":\"https:\\\/\\\/www.fcejs.unsl.edu.ar\\\/#\\\/schema\\\/logo\\\/image\\\/\",\"url\":\"https:\\\/\\\/www.fcejs.unsl.edu.ar\\\/wp-content\\\/uploads\\\/2021\\\/03\\\/logo-1.jpg\",\"contentUrl\":\"https:\\\/\\\/www.fcejs.unsl.edu.ar\\\/wp-content\\\/uploads\\\/2021\\\/03\\\/logo-1.jpg\",\"width\":471,\"height\":146,\"caption\":\"Facultad de Ciencias Econ\u00f3micas, Jur\u00eddicas y Sociales\"},\"image\":{\"@id\":\"https:\\\/\\\/www.fcejs.unsl.edu.ar\\\/#\\\/schema\\\/logo\\\/image\\\/\"},\"sameAs\":[\"https:\\\/\\\/www.facebook.com\\\/FCEJS.UNSL\\\/\",\"https:\\\/\\\/x.com\\\/FCEJSUNSL\",\"https:\\\/\\\/www.instagram.com\\\/fcejs.unsl\\\/\",\"https:\\\/\\\/www.youtube.com\\\/channel\\\/UCH-Ut6EaN_X5ogjIQMPe46g\\\/\"]},{\"@type\":\"Person\",\"@id\":\"https:\\\/\\\/www.fcejs.unsl.edu.ar\\\/#\\\/schema\\\/person\\\/352ee6ed90c3f394c7cb5945f8956d34\",\"name\":\"DATI\"}]}<\/script>\n<!-- \/ Yoast SEO plugin. -->","yoast_head_json":{"title":"Iniciaron las Jornadas Preparatorias de las XXVIII Jornadas Nacionales de Derecho Civil - Facultad de Ciencias Econ\u00f3micas, Jur\u00ed\u00addicas y Sociales","robots":{"index":"index","follow":"follow","max-snippet":"max-snippet:-1","max-image-preview":"max-image-preview:large","max-video-preview":"max-video-preview:-1"},"canonical":"https:\/\/www.fcejs.unsl.edu.ar\/index.php\/iniciaron-las-jornadas-preparatorias-de-las-xxviii-jornadas-nacionales-de-derecho-civil\/","og_locale":"es_ES","og_type":"article","og_title":"Iniciaron las Jornadas Preparatorias de las XXVIII Jornadas Nacionales de Derecho Civil - Facultad de Ciencias Econ\u00f3micas, Jur\u00ed\u00addicas y Sociales","og_description":"Durante los d\u00edas 16 y 17 de septiembre, la FCEJS lleva a cabo de forma virtual actividades acad\u00e9micas en la que disertar\u00e1n destacados juristas nacionales&hellip;","og_url":"https:\/\/www.fcejs.unsl.edu.ar\/index.php\/iniciaron-las-jornadas-preparatorias-de-las-xxviii-jornadas-nacionales-de-derecho-civil\/","og_site_name":"Facultad de Ciencias Econ\u00f3micas, Jur\u00ed\u00addicas y Sociales","article_publisher":"https:\/\/www.facebook.com\/FCEJS.UNSL\/","article_published_time":"2021-09-17T13:02:56+00:00","article_modified_time":"2021-09-21T18:40:58+00:00","og_image":[{"width":1152,"height":647,"url":"https:\/\/www.fcejs.unsl.edu.ar\/wp-content\/uploads\/2021\/09\/PRESENTACIO-01-up.jpg","type":"image\/jpeg"}],"author":"DATI","twitter_card":"summary_large_image","twitter_creator":"@FCEJSUNSL","twitter_site":"@FCEJSUNSL","twitter_misc":{"Escrito por":"DATI","Tiempo de lectura":"2 minutos"},"schema":{"@context":"https:\/\/schema.org","@graph":[{"@type":"Article","@id":"https:\/\/www.fcejs.unsl.edu.ar\/index.php\/iniciaron-las-jornadas-preparatorias-de-las-xxviii-jornadas-nacionales-de-derecho-civil\/#article","isPartOf":{"@id":"https:\/\/www.fcejs.unsl.edu.ar\/index.php\/iniciaron-las-jornadas-preparatorias-de-las-xxviii-jornadas-nacionales-de-derecho-civil\/"},"author":{"name":"DATI","@id":"https:\/\/www.fcejs.unsl.edu.ar\/#\/schema\/person\/352ee6ed90c3f394c7cb5945f8956d34"},"headline":"Iniciaron las Jornadas Preparatorias de las XXVIII Jornadas Nacionales de Derecho Civil","datePublished":"2021-09-17T13:02:56+00:00","dateModified":"2021-09-21T18:40:58+00:00","mainEntityOfPage":{"@id":"https:\/\/www.fcejs.unsl.edu.ar\/index.php\/iniciaron-las-jornadas-preparatorias-de-las-xxviii-jornadas-nacionales-de-derecho-civil\/"},"wordCount":365,"publisher":{"@id":"https:\/\/www.fcejs.unsl.edu.ar\/#organization"},"image":{"@id":"https:\/\/www.fcejs.unsl.edu.ar\/index.php\/iniciaron-las-jornadas-preparatorias-de-las-xxviii-jornadas-nacionales-de-derecho-civil\/#primaryimage"},"thumbnailUrl":"https:\/\/www.fcejs.unsl.edu.ar\/wp-content\/uploads\/2021\/09\/PRESENTACIO-01-up.jpg","articleSection":["Noticias"],"inLanguage":"es-AR"},{"@type":"WebPage","@id":"https:\/\/www.fcejs.unsl.edu.ar\/index.php\/iniciaron-las-jornadas-preparatorias-de-las-xxviii-jornadas-nacionales-de-derecho-civil\/","url":"https:\/\/www.fcejs.unsl.edu.ar\/index.php\/iniciaron-las-jornadas-preparatorias-de-las-xxviii-jornadas-nacionales-de-derecho-civil\/","name":"Iniciaron las Jornadas Preparatorias de las XXVIII Jornadas Nacionales de Derecho Civil - Facultad de Ciencias Econ\u00f3micas, Jur\u00ed\u00addicas y Sociales","isPartOf":{"@id":"https:\/\/www.fcejs.unsl.edu.ar\/#website"},"primaryImageOfPage":{"@id":"https:\/\/www.fcejs.unsl.edu.ar\/index.php\/iniciaron-las-jornadas-preparatorias-de-las-xxviii-jornadas-nacionales-de-derecho-civil\/#primaryimage"},"image":{"@id":"https:\/\/www.fcejs.unsl.edu.ar\/index.php\/iniciaron-las-jornadas-preparatorias-de-las-xxviii-jornadas-nacionales-de-derecho-civil\/#primaryimage"},"thumbnailUrl":"https:\/\/www.fcejs.unsl.edu.ar\/wp-content\/uploads\/2021\/09\/PRESENTACIO-01-up.jpg","datePublished":"2021-09-17T13:02:56+00:00","dateModified":"2021-09-21T18:40:58+00:00","breadcrumb":{"@id":"https:\/\/www.fcejs.unsl.edu.ar\/index.php\/iniciaron-las-jornadas-preparatorias-de-las-xxviii-jornadas-nacionales-de-derecho-civil\/#breadcrumb"},"inLanguage":"es-AR","potentialAction":[{"@type":"ReadAction","target":["https:\/\/www.fcejs.unsl.edu.ar\/index.php\/iniciaron-las-jornadas-preparatorias-de-las-xxviii-jornadas-nacionales-de-derecho-civil\/"]}]},{"@type":"ImageObject","inLanguage":"es-AR","@id":"https:\/\/www.fcejs.unsl.edu.ar\/index.php\/iniciaron-las-jornadas-preparatorias-de-las-xxviii-jornadas-nacionales-de-derecho-civil\/#primaryimage","url":"https:\/\/www.fcejs.unsl.edu.ar\/wp-content\/uploads\/2021\/09\/PRESENTACIO-01-up.jpg","contentUrl":"https:\/\/www.fcejs.unsl.edu.ar\/wp-content\/uploads\/2021\/09\/PRESENTACIO-01-up.jpg","width":1152,"height":647},{"@type":"BreadcrumbList","@id":"https:\/\/www.fcejs.unsl.edu.ar\/index.php\/iniciaron-las-jornadas-preparatorias-de-las-xxviii-jornadas-nacionales-de-derecho-civil\/#breadcrumb","itemListElement":[{"@type":"ListItem","position":1,"name":"Inicio","item":"https:\/\/www.fcejs.unsl.edu.ar\/"},{"@type":"ListItem","position":2,"name":"Iniciaron las Jornadas Preparatorias de las XXVIII Jornadas Nacionales de Derecho Civil"}]},{"@type":"WebSite","@id":"https:\/\/www.fcejs.unsl.edu.ar\/#website","url":"https:\/\/www.fcejs.unsl.edu.ar\/","name":"Facultad de Ciencias Econ\u00f3micas, Jur\u00ed\u00addicas y Sociales","description":"","publisher":{"@id":"https:\/\/www.fcejs.unsl.edu.ar\/#organization"},"potentialAction":[{"@type":"SearchAction","target":{"@type":"EntryPoint","urlTemplate":"https:\/\/www.fcejs.unsl.edu.ar\/?s={search_term_string}"},"query-input":{"@type":"PropertyValueSpecification","valueRequired":true,"valueName":"search_term_string"}}],"inLanguage":"es-AR"},{"@type":"Organization","@id":"https:\/\/www.fcejs.unsl.edu.ar\/#organization","name":"Facultad de Ciencias Econ\u00f3micas, Jur\u00eddicas y Sociales","url":"https:\/\/www.fcejs.unsl.edu.ar\/","logo":{"@type":"ImageObject","inLanguage":"es-AR","@id":"https:\/\/www.fcejs.unsl.edu.ar\/#\/schema\/logo\/image\/","url":"https:\/\/www.fcejs.unsl.edu.ar\/wp-content\/uploads\/2021\/03\/logo-1.jpg","contentUrl":"https:\/\/www.fcejs.unsl.edu.ar\/wp-content\/uploads\/2021\/03\/logo-1.jpg","width":471,"height":146,"caption":"Facultad de Ciencias Econ\u00f3micas, Jur\u00eddicas y Sociales"},"image":{"@id":"https:\/\/www.fcejs.unsl.edu.ar\/#\/schema\/logo\/image\/"},"sameAs":["https:\/\/www.facebook.com\/FCEJS.UNSL\/","https:\/\/x.com\/FCEJSUNSL","https:\/\/www.instagram.com\/fcejs.unsl\/","https:\/\/www.youtube.com\/channel\/UCH-Ut6EaN_X5ogjIQMPe46g\/"]},{"@type":"Person","@id":"https:\/\/www.fcejs.unsl.edu.ar\/#\/schema\/person\/352ee6ed90c3f394c7cb5945f8956d34","name":"DATI"}]}},"jetpack_featured_media_url":"https:\/\/www.fcejs.unsl.edu.ar\/wp-content\/uploads\/2021\/09\/PRESENTACIO-01-up.jpg","_links":{"self":[{"href":"https:\/\/www.fcejs.unsl.edu.ar\/index.php\/wp-json\/wp\/v2\/posts\/5310","targetHints":{"allow":["GET"]}}],"collection":[{"href":"https:\/\/www.fcejs.unsl.edu.ar\/index.php\/wp-json\/wp\/v2\/posts"}],"about":[{"href":"https:\/\/www.fcejs.unsl.edu.ar\/index.php\/wp-json\/wp\/v2\/types\/post"}],"author":[{"embeddable":true,"href":"https:\/\/www.fcejs.unsl.edu.ar\/index.php\/wp-json\/wp\/v2\/users\/9"}],"replies":[{"embeddable":true,"href":"https:\/\/www.fcejs.unsl.edu.ar\/index.php\/wp-json\/wp\/v2\/comments?post=5310"}],"version-history":[{"count":5,"href":"https:\/\/www.fcejs.unsl.edu.ar\/index.php\/wp-json\/wp\/v2\/posts\/5310\/revisions"}],"predecessor-version":[{"id":5317,"href":"https:\/\/www.fcejs.unsl.edu.ar\/index.php\/wp-json\/wp\/v2\/posts\/5310\/revisions\/5317"}],"wp:featuredmedia":[{"embeddable":true,"href":"https:\/\/www.fcejs.unsl.edu.ar\/index.php\/wp-json\/wp\/v2\/media\/5311"}],"wp:attachment":[{"href":"https:\/\/www.fcejs.unsl.edu.ar\/index.php\/wp-json\/wp\/v2\/media?parent=5310"}],"wp:term":[{"taxonomy":"category","embeddable":true,"href":"https:\/\/www.fcejs.unsl.edu.ar\/index.php\/wp-json\/wp\/v2\/categories?post=5310"},{"taxonomy":"post_tag","embeddable":true,"href":"https:\/\/www.fcejs.unsl.edu.ar\/index.php\/wp-json\/wp\/v2\/tags?post=5310"}],"curies":[{"name":"wp","href":"https:\/\/api.w.org\/{rel}","templated":true}]}}