{"id":5128,"date":"2021-09-10T13:28:24","date_gmt":"2021-09-10T16:28:24","guid":{"rendered":"http:\/\/10.101.10.197\/www\/?p=5128"},"modified":"2021-09-27T09:06:13","modified_gmt":"2021-09-27T12:06:13","slug":"jornada-de-trabajo-sobre-violencia-de-genero-herramientas-colectivas-para-un-abordaje-urgente","status":"publish","type":"post","link":"https:\/\/www.fcejs.unsl.edu.ar\/index.php\/jornada-de-trabajo-sobre-violencia-de-genero-herramientas-colectivas-para-un-abordaje-urgente\/","title":{"rendered":"Jornada de Trabajo sobre Violencia de G\u00e9nero: &#8220;Herramientas colectivas para un abordaje urgente&#8221;"},"content":{"rendered":"<p>La Secretar\u00eda de Extensi\u00f3n Universitaria informa que, durante los d\u00edas 16, 17 y 22 de setiembre de 2021 se podr\u00e1 participar de tres actividades en el marco de la Jornada de Trabajo sobre Violencia de G\u00e9nero, denominada &#8220;Herramientas colectivas para un abordaje urgente&#8221;.<\/p>\n<p>Esta actividad organizada por el Programa de G\u00e9nero, Sociedad y Universidad de la FCEJS, el centro de estudiantes\u00a0Conducci\u00f3n Franja Morada y la Secretar\u00eda de Bienestar Estudiantil, constar\u00e1 de dos conferencias virtuales y una clase presencial.<\/p>\n<p>Las primeras corresponden a dos temas centrales a la hora de pensar en las problem\u00e1ticas de violencia basadas en el g\u00e9nero y se realizar\u00e1n en forma virtual:<\/p>\n<p><span style=\"text-decoration: underline;\"><strong>CONFERENCIA 1:<\/strong><\/span><\/p>\n<p>Las masculinidades. Lo individual y lo pol\u00edtico como claves para desarmar la masculinidad hegem\u00f3nica.<\/p>\n<p>Expositor: Claudio Robles \u00a0UBA \u2013 UNLaM<\/p>\n<p>Jueves 16 de Septiembre a las 18 h.<\/p>\n<p><strong>Enlace a Canal de You Tube:\u00a0 <a href=\"https:\/\/www.youtube.com\/watch?v=RYZggzRt3-Q&amp;ab_channel=FCEJSUNSL\">https:\/\/www.youtube.com\/watch?v=RYZggzRt3-Q&amp;ab_channel=FCEJSUNSL<\/a><\/strong><\/p>\n<p><strong>INFORMES:\u00a0<a href=\"mailto:generosociedadyuniversidad@gmail.com\">generosociedadyuniversidad@gmail.com<\/a><\/strong><\/p>\n<p><strong>INSCRIPCIONES:\u00a0<a href=\"https:\/\/docs.google.com\/forms\/d\/1rx-avpIE5rFxEV9gwbCPgMUs1Xeb3aETnt-qVV4wzPE\/edit\">https:\/\/docs.google.com\/forms\/d\/1rx-avpIE5rFxEV9gwbCPgMUs1Xeb3aETnt-qVV4wzPE\/edit<\/a><\/strong><\/p>\n<p><span style=\"text-decoration: underline;\"><strong>CONFERENCIA 2:<\/strong><\/span><\/p>\n<p>Procedimientos jur\u00eddicos frente a situaciones de violencia de g\u00e9nero<\/p>\n<p>Expositora: Abg. Laura Rodr\u00edguez\u2013 FCEJS-UNSL &#8211; Programa G\u00e9nero, Sociedad y Universidad<\/p>\n<p>Viernes 17 de Septiembre 18 h.<\/p>\n<p><strong>Enlace a Canal de You Tube: <a href=\"https:\/\/www.youtube.com\/watch?v=ERTOx_qynns&amp;ab_channel=FCEJSUNSL\">https:\/\/www.youtube.com\/watch?v=ERTOx_qynns&amp;ab_channel=FCEJSUNSL<\/a><\/strong><\/p>\n<p><strong>INFORMES:\u00a0<a href=\"mailto:generosociedadyuniversidad@gmail.com\">generosociedadyuniversidad@gmail.com<\/a><\/strong><\/p>\n<p><strong>INSCRIPCIONES:\u00a0<a href=\"https:\/\/docs.google.com\/forms\/d\/1rx-avpIE5rFxEV9gwbCPgMUs1Xeb3aETnt-qVV4wzPE\/edit\">https:\/\/docs.google.com\/forms\/d\/1rx-avpIE5rFxEV9gwbCPgMUs1Xeb3aETnt-qVV4wzPE\/edit<\/a><\/strong><\/p>\n<p>Finalmente, se cierra la Jornada con una clase presencial la cual est\u00e1 destinada a mujeres pertenecientes a la UNSL, tiene un cupo de 25 personas y se realizar\u00e1 en el Club Universitario ubicado en la calle Las Heras 116 de la ciudad de Villa Mercedes (S.L.) el d\u00eda Mi\u00e9rcoles 22 de Septiembre de 15h a 19 h.<\/p>\n<p>Estrategias de defensa personal<\/p>\n<p>Expositores: Cristian Mucaria y Matias\u00a0 Antequera. Instructores. Centro de Entrenamiento en Seguridad Especializada. Villa Mercedes.<\/p>\n<p><strong>INSCRIPCIONES: <a href=\"https:\/\/docs.google.com\/forms\/d\/e\/1FAIpQLScub3sITKqvQspmkkjkza20wkMUGw3j3sd5RhaX_d8prLoc-g\/viewform?usp=pp_url\">https:\/\/docs.google.com\/forms\/d\/e\/1FAIpQLScub3sITKqvQspmkkjkza20wkMUGw3j3sd5RhaX_d8prLoc-g\/viewform?usp=pp_url<\/a><\/strong><\/p>\n<p>Las consultas pueden dirigirlas al correo:\u00a0\u00a0<strong><a href=\"mailto:generosociedadyuniversidad@gmail.com\">generosociedadyuniversidad@gmail.com<\/a><\/strong><\/p>\n<p>&nbsp;<\/p>\n<p><img fetchpriority=\"high\" decoding=\"async\" class=\"aligncenter size-large wp-image-5129\" src=\"https:\/\/www.fcejs.unsl.edu.ar\/wp-content\/uploads\/2021\/09\/FLYER-HERRAMIENTAS-VIOLENCIA-DE-GENERO-819x1024.jpg\" alt=\"\" width=\"819\" height=\"1024\" srcset=\"https:\/\/www.fcejs.unsl.edu.ar\/wp-content\/uploads\/2021\/09\/FLYER-HERRAMIENTAS-VIOLENCIA-DE-GENERO-819x1024.jpg 819w, https:\/\/www.fcejs.unsl.edu.ar\/wp-content\/uploads\/2021\/09\/FLYER-HERRAMIENTAS-VIOLENCIA-DE-GENERO-240x300.jpg 240w, https:\/\/www.fcejs.unsl.edu.ar\/wp-content\/uploads\/2021\/09\/FLYER-HERRAMIENTAS-VIOLENCIA-DE-GENERO-768x960.jpg 768w, https:\/\/www.fcejs.unsl.edu.ar\/wp-content\/uploads\/2021\/09\/FLYER-HERRAMIENTAS-VIOLENCIA-DE-GENERO-1229x1536.jpg 1229w, https:\/\/www.fcejs.unsl.edu.ar\/wp-content\/uploads\/2021\/09\/FLYER-HERRAMIENTAS-VIOLENCIA-DE-GENERO-1638x2048.jpg 1638w, https:\/\/www.fcejs.unsl.edu.ar\/wp-content\/uploads\/2021\/09\/FLYER-HERRAMIENTAS-VIOLENCIA-DE-GENERO-scaled.jpg 2048w\" sizes=\"(max-width: 819px) 100vw, 819px\" \/><\/p>\n","protected":false},"excerpt":{"rendered":"<p>La Secretar\u00eda de Extensi\u00f3n Universitaria informa que, durante los d\u00edas 16, 17 y 22 de setiembre de 2021 se podr\u00e1 participar de tres actividades en&hellip;<\/p>\n","protected":false},"author":9,"featured_media":5230,"comment_status":"closed","ping_status":"closed","sticky":false,"template":"","format":"standard","meta":{"om_disable_all_campaigns":false,"_monsterinsights_skip_tracking":false,"_monsterinsights_sitenote_active":false,"_monsterinsights_sitenote_note":"","_monsterinsights_sitenote_category":0,"footnotes":""},"categories":[21],"tags":[],"class_list":["post-5128","post","type-post","status-publish","format-standard","has-post-thumbnail","hentry","category-archivadas"],"yoast_head":"<!-- This site is optimized with the Yoast SEO plugin v27.5 - https:\/\/yoast.com\/product\/yoast-seo-wordpress\/ -->\n<title>Jornada de Trabajo sobre Violencia de G\u00e9nero: &quot;Herramientas colectivas para un abordaje urgente&quot; - Facultad de Ciencias Econ\u00f3micas, Jur\u00ed\u00addicas y Sociales<\/title>\n<meta name=\"robots\" content=\"index, follow, max-snippet:-1, max-image-preview:large, max-video-preview:-1\" \/>\n<link rel=\"canonical\" href=\"https:\/\/www.fcejs.unsl.edu.ar\/index.php\/jornada-de-trabajo-sobre-violencia-de-genero-herramientas-colectivas-para-un-abordaje-urgente\/\" \/>\n<meta property=\"og:locale\" content=\"es_ES\" \/>\n<meta property=\"og:type\" content=\"article\" \/>\n<meta property=\"og:title\" content=\"Jornada de Trabajo sobre Violencia de G\u00e9nero: &quot;Herramientas colectivas para un abordaje urgente&quot; - Facultad de Ciencias Econ\u00f3micas, Jur\u00ed\u00addicas y Sociales\" \/>\n<meta property=\"og:description\" content=\"La Secretar\u00eda de Extensi\u00f3n Universitaria informa que, durante los d\u00edas 16, 17 y 22 de setiembre de 2021 se podr\u00e1 participar de tres actividades en&hellip;\" \/>\n<meta property=\"og:url\" content=\"https:\/\/www.fcejs.unsl.edu.ar\/index.php\/jornada-de-trabajo-sobre-violencia-de-genero-herramientas-colectivas-para-un-abordaje-urgente\/\" \/>\n<meta property=\"og:site_name\" content=\"Facultad de Ciencias Econ\u00f3micas, Jur\u00ed\u00addicas y Sociales\" \/>\n<meta property=\"article:publisher\" content=\"https:\/\/www.facebook.com\/FCEJS.UNSL\/\" \/>\n<meta property=\"article:published_time\" content=\"2021-09-10T16:28:24+00:00\" \/>\n<meta property=\"article:modified_time\" content=\"2021-09-27T12:06:13+00:00\" \/>\n<meta property=\"og:image\" content=\"https:\/\/www.fcejs.unsl.edu.ar\/wp-content\/uploads\/2021\/09\/jornada-violencia-.jpg\" \/>\n\t<meta property=\"og:image:width\" content=\"1152\" \/>\n\t<meta property=\"og:image:height\" content=\"647\" \/>\n\t<meta property=\"og:image:type\" content=\"image\/jpeg\" \/>\n<meta name=\"author\" content=\"DATI\" \/>\n<meta name=\"twitter:card\" content=\"summary_large_image\" \/>\n<meta name=\"twitter:creator\" content=\"@FCEJSUNSL\" \/>\n<meta name=\"twitter:site\" content=\"@FCEJSUNSL\" \/>\n<meta name=\"twitter:label1\" content=\"Escrito por\" \/>\n\t<meta name=\"twitter:data1\" content=\"DATI\" \/>\n\t<meta name=\"twitter:label2\" content=\"Tiempo de lectura\" \/>\n\t<meta name=\"twitter:data2\" content=\"2 minutos\" \/>\n<script type=\"application\/ld+json\" class=\"yoast-schema-graph\">{\"@context\":\"https:\\\/\\\/schema.org\",\"@graph\":[{\"@type\":\"Article\",\"@id\":\"https:\\\/\\\/www.fcejs.unsl.edu.ar\\\/index.php\\\/jornada-de-trabajo-sobre-violencia-de-genero-herramientas-colectivas-para-un-abordaje-urgente\\\/#article\",\"isPartOf\":{\"@id\":\"https:\\\/\\\/www.fcejs.unsl.edu.ar\\\/index.php\\\/jornada-de-trabajo-sobre-violencia-de-genero-herramientas-colectivas-para-un-abordaje-urgente\\\/\"},\"author\":{\"name\":\"DATI\",\"@id\":\"https:\\\/\\\/www.fcejs.unsl.edu.ar\\\/#\\\/schema\\\/person\\\/352ee6ed90c3f394c7cb5945f8956d34\"},\"headline\":\"Jornada de Trabajo sobre Violencia de G\u00e9nero: &#8220;Herramientas colectivas para un abordaje urgente&#8221;\",\"datePublished\":\"2021-09-10T16:28:24+00:00\",\"dateModified\":\"2021-09-27T12:06:13+00:00\",\"mainEntityOfPage\":{\"@id\":\"https:\\\/\\\/www.fcejs.unsl.edu.ar\\\/index.php\\\/jornada-de-trabajo-sobre-violencia-de-genero-herramientas-colectivas-para-un-abordaje-urgente\\\/\"},\"wordCount\":360,\"publisher\":{\"@id\":\"https:\\\/\\\/www.fcejs.unsl.edu.ar\\\/#organization\"},\"image\":{\"@id\":\"https:\\\/\\\/www.fcejs.unsl.edu.ar\\\/index.php\\\/jornada-de-trabajo-sobre-violencia-de-genero-herramientas-colectivas-para-un-abordaje-urgente\\\/#primaryimage\"},\"thumbnailUrl\":\"https:\\\/\\\/www.fcejs.unsl.edu.ar\\\/wp-content\\\/uploads\\\/2021\\\/09\\\/jornada-violencia-.jpg\",\"articleSection\":[\"Archivadas\"],\"inLanguage\":\"es-AR\"},{\"@type\":\"WebPage\",\"@id\":\"https:\\\/\\\/www.fcejs.unsl.edu.ar\\\/index.php\\\/jornada-de-trabajo-sobre-violencia-de-genero-herramientas-colectivas-para-un-abordaje-urgente\\\/\",\"url\":\"https:\\\/\\\/www.fcejs.unsl.edu.ar\\\/index.php\\\/jornada-de-trabajo-sobre-violencia-de-genero-herramientas-colectivas-para-un-abordaje-urgente\\\/\",\"name\":\"Jornada de Trabajo sobre Violencia de G\u00e9nero: \\\"Herramientas colectivas para un abordaje urgente\\\" - Facultad de Ciencias Econ\u00f3micas, Jur\u00ed\u00addicas y Sociales\",\"isPartOf\":{\"@id\":\"https:\\\/\\\/www.fcejs.unsl.edu.ar\\\/#website\"},\"primaryImageOfPage\":{\"@id\":\"https:\\\/\\\/www.fcejs.unsl.edu.ar\\\/index.php\\\/jornada-de-trabajo-sobre-violencia-de-genero-herramientas-colectivas-para-un-abordaje-urgente\\\/#primaryimage\"},\"image\":{\"@id\":\"https:\\\/\\\/www.fcejs.unsl.edu.ar\\\/index.php\\\/jornada-de-trabajo-sobre-violencia-de-genero-herramientas-colectivas-para-un-abordaje-urgente\\\/#primaryimage\"},\"thumbnailUrl\":\"https:\\\/\\\/www.fcejs.unsl.edu.ar\\\/wp-content\\\/uploads\\\/2021\\\/09\\\/jornada-violencia-.jpg\",\"datePublished\":\"2021-09-10T16:28:24+00:00\",\"dateModified\":\"2021-09-27T12:06:13+00:00\",\"breadcrumb\":{\"@id\":\"https:\\\/\\\/www.fcejs.unsl.edu.ar\\\/index.php\\\/jornada-de-trabajo-sobre-violencia-de-genero-herramientas-colectivas-para-un-abordaje-urgente\\\/#breadcrumb\"},\"inLanguage\":\"es-AR\",\"potentialAction\":[{\"@type\":\"ReadAction\",\"target\":[\"https:\\\/\\\/www.fcejs.unsl.edu.ar\\\/index.php\\\/jornada-de-trabajo-sobre-violencia-de-genero-herramientas-colectivas-para-un-abordaje-urgente\\\/\"]}]},{\"@type\":\"ImageObject\",\"inLanguage\":\"es-AR\",\"@id\":\"https:\\\/\\\/www.fcejs.unsl.edu.ar\\\/index.php\\\/jornada-de-trabajo-sobre-violencia-de-genero-herramientas-colectivas-para-un-abordaje-urgente\\\/#primaryimage\",\"url\":\"https:\\\/\\\/www.fcejs.unsl.edu.ar\\\/wp-content\\\/uploads\\\/2021\\\/09\\\/jornada-violencia-.jpg\",\"contentUrl\":\"https:\\\/\\\/www.fcejs.unsl.edu.ar\\\/wp-content\\\/uploads\\\/2021\\\/09\\\/jornada-violencia-.jpg\",\"width\":1152,\"height\":647},{\"@type\":\"BreadcrumbList\",\"@id\":\"https:\\\/\\\/www.fcejs.unsl.edu.ar\\\/index.php\\\/jornada-de-trabajo-sobre-violencia-de-genero-herramientas-colectivas-para-un-abordaje-urgente\\\/#breadcrumb\",\"itemListElement\":[{\"@type\":\"ListItem\",\"position\":1,\"name\":\"Inicio\",\"item\":\"https:\\\/\\\/www.fcejs.unsl.edu.ar\\\/\"},{\"@type\":\"ListItem\",\"position\":2,\"name\":\"Jornada de Trabajo sobre Violencia de G\u00e9nero: &#8220;Herramientas colectivas para un abordaje urgente&#8221;\"}]},{\"@type\":\"WebSite\",\"@id\":\"https:\\\/\\\/www.fcejs.unsl.edu.ar\\\/#website\",\"url\":\"https:\\\/\\\/www.fcejs.unsl.edu.ar\\\/\",\"name\":\"Facultad de Ciencias Econ\u00f3micas, Jur\u00ed\u00addicas y Sociales\",\"description\":\"\",\"publisher\":{\"@id\":\"https:\\\/\\\/www.fcejs.unsl.edu.ar\\\/#organization\"},\"potentialAction\":[{\"@type\":\"SearchAction\",\"target\":{\"@type\":\"EntryPoint\",\"urlTemplate\":\"https:\\\/\\\/www.fcejs.unsl.edu.ar\\\/?s={search_term_string}\"},\"query-input\":{\"@type\":\"PropertyValueSpecification\",\"valueRequired\":true,\"valueName\":\"search_term_string\"}}],\"inLanguage\":\"es-AR\"},{\"@type\":\"Organization\",\"@id\":\"https:\\\/\\\/www.fcejs.unsl.edu.ar\\\/#organization\",\"name\":\"Facultad de Ciencias Econ\u00f3micas, Jur\u00eddicas y Sociales\",\"url\":\"https:\\\/\\\/www.fcejs.unsl.edu.ar\\\/\",\"logo\":{\"@type\":\"ImageObject\",\"inLanguage\":\"es-AR\",\"@id\":\"https:\\\/\\\/www.fcejs.unsl.edu.ar\\\/#\\\/schema\\\/logo\\\/image\\\/\",\"url\":\"https:\\\/\\\/www.fcejs.unsl.edu.ar\\\/wp-content\\\/uploads\\\/2021\\\/03\\\/logo-1.jpg\",\"contentUrl\":\"https:\\\/\\\/www.fcejs.unsl.edu.ar\\\/wp-content\\\/uploads\\\/2021\\\/03\\\/logo-1.jpg\",\"width\":471,\"height\":146,\"caption\":\"Facultad de Ciencias Econ\u00f3micas, Jur\u00eddicas y Sociales\"},\"image\":{\"@id\":\"https:\\\/\\\/www.fcejs.unsl.edu.ar\\\/#\\\/schema\\\/logo\\\/image\\\/\"},\"sameAs\":[\"https:\\\/\\\/www.facebook.com\\\/FCEJS.UNSL\\\/\",\"https:\\\/\\\/x.com\\\/FCEJSUNSL\",\"https:\\\/\\\/www.instagram.com\\\/fcejs.unsl\\\/\",\"https:\\\/\\\/www.youtube.com\\\/channel\\\/UCH-Ut6EaN_X5ogjIQMPe46g\\\/\"]},{\"@type\":\"Person\",\"@id\":\"https:\\\/\\\/www.fcejs.unsl.edu.ar\\\/#\\\/schema\\\/person\\\/352ee6ed90c3f394c7cb5945f8956d34\",\"name\":\"DATI\"}]}<\/script>\n<!-- \/ Yoast SEO plugin. -->","yoast_head_json":{"title":"Jornada de Trabajo sobre Violencia de G\u00e9nero: \"Herramientas colectivas para un abordaje urgente\" - Facultad de Ciencias Econ\u00f3micas, Jur\u00ed\u00addicas y Sociales","robots":{"index":"index","follow":"follow","max-snippet":"max-snippet:-1","max-image-preview":"max-image-preview:large","max-video-preview":"max-video-preview:-1"},"canonical":"https:\/\/www.fcejs.unsl.edu.ar\/index.php\/jornada-de-trabajo-sobre-violencia-de-genero-herramientas-colectivas-para-un-abordaje-urgente\/","og_locale":"es_ES","og_type":"article","og_title":"Jornada de Trabajo sobre Violencia de G\u00e9nero: \"Herramientas colectivas para un abordaje urgente\" - Facultad de Ciencias Econ\u00f3micas, Jur\u00ed\u00addicas y Sociales","og_description":"La Secretar\u00eda de Extensi\u00f3n Universitaria informa que, durante los d\u00edas 16, 17 y 22 de setiembre de 2021 se podr\u00e1 participar de tres actividades en&hellip;","og_url":"https:\/\/www.fcejs.unsl.edu.ar\/index.php\/jornada-de-trabajo-sobre-violencia-de-genero-herramientas-colectivas-para-un-abordaje-urgente\/","og_site_name":"Facultad de Ciencias Econ\u00f3micas, Jur\u00ed\u00addicas y Sociales","article_publisher":"https:\/\/www.facebook.com\/FCEJS.UNSL\/","article_published_time":"2021-09-10T16:28:24+00:00","article_modified_time":"2021-09-27T12:06:13+00:00","og_image":[{"width":1152,"height":647,"url":"https:\/\/www.fcejs.unsl.edu.ar\/wp-content\/uploads\/2021\/09\/jornada-violencia-.jpg","type":"image\/jpeg"}],"author":"DATI","twitter_card":"summary_large_image","twitter_creator":"@FCEJSUNSL","twitter_site":"@FCEJSUNSL","twitter_misc":{"Escrito por":"DATI","Tiempo de lectura":"2 minutos"},"schema":{"@context":"https:\/\/schema.org","@graph":[{"@type":"Article","@id":"https:\/\/www.fcejs.unsl.edu.ar\/index.php\/jornada-de-trabajo-sobre-violencia-de-genero-herramientas-colectivas-para-un-abordaje-urgente\/#article","isPartOf":{"@id":"https:\/\/www.fcejs.unsl.edu.ar\/index.php\/jornada-de-trabajo-sobre-violencia-de-genero-herramientas-colectivas-para-un-abordaje-urgente\/"},"author":{"name":"DATI","@id":"https:\/\/www.fcejs.unsl.edu.ar\/#\/schema\/person\/352ee6ed90c3f394c7cb5945f8956d34"},"headline":"Jornada de Trabajo sobre Violencia de G\u00e9nero: &#8220;Herramientas colectivas para un abordaje urgente&#8221;","datePublished":"2021-09-10T16:28:24+00:00","dateModified":"2021-09-27T12:06:13+00:00","mainEntityOfPage":{"@id":"https:\/\/www.fcejs.unsl.edu.ar\/index.php\/jornada-de-trabajo-sobre-violencia-de-genero-herramientas-colectivas-para-un-abordaje-urgente\/"},"wordCount":360,"publisher":{"@id":"https:\/\/www.fcejs.unsl.edu.ar\/#organization"},"image":{"@id":"https:\/\/www.fcejs.unsl.edu.ar\/index.php\/jornada-de-trabajo-sobre-violencia-de-genero-herramientas-colectivas-para-un-abordaje-urgente\/#primaryimage"},"thumbnailUrl":"https:\/\/www.fcejs.unsl.edu.ar\/wp-content\/uploads\/2021\/09\/jornada-violencia-.jpg","articleSection":["Archivadas"],"inLanguage":"es-AR"},{"@type":"WebPage","@id":"https:\/\/www.fcejs.unsl.edu.ar\/index.php\/jornada-de-trabajo-sobre-violencia-de-genero-herramientas-colectivas-para-un-abordaje-urgente\/","url":"https:\/\/www.fcejs.unsl.edu.ar\/index.php\/jornada-de-trabajo-sobre-violencia-de-genero-herramientas-colectivas-para-un-abordaje-urgente\/","name":"Jornada de Trabajo sobre Violencia de G\u00e9nero: \"Herramientas colectivas para un abordaje urgente\" - Facultad de Ciencias Econ\u00f3micas, Jur\u00ed\u00addicas y Sociales","isPartOf":{"@id":"https:\/\/www.fcejs.unsl.edu.ar\/#website"},"primaryImageOfPage":{"@id":"https:\/\/www.fcejs.unsl.edu.ar\/index.php\/jornada-de-trabajo-sobre-violencia-de-genero-herramientas-colectivas-para-un-abordaje-urgente\/#primaryimage"},"image":{"@id":"https:\/\/www.fcejs.unsl.edu.ar\/index.php\/jornada-de-trabajo-sobre-violencia-de-genero-herramientas-colectivas-para-un-abordaje-urgente\/#primaryimage"},"thumbnailUrl":"https:\/\/www.fcejs.unsl.edu.ar\/wp-content\/uploads\/2021\/09\/jornada-violencia-.jpg","datePublished":"2021-09-10T16:28:24+00:00","dateModified":"2021-09-27T12:06:13+00:00","breadcrumb":{"@id":"https:\/\/www.fcejs.unsl.edu.ar\/index.php\/jornada-de-trabajo-sobre-violencia-de-genero-herramientas-colectivas-para-un-abordaje-urgente\/#breadcrumb"},"inLanguage":"es-AR","potentialAction":[{"@type":"ReadAction","target":["https:\/\/www.fcejs.unsl.edu.ar\/index.php\/jornada-de-trabajo-sobre-violencia-de-genero-herramientas-colectivas-para-un-abordaje-urgente\/"]}]},{"@type":"ImageObject","inLanguage":"es-AR","@id":"https:\/\/www.fcejs.unsl.edu.ar\/index.php\/jornada-de-trabajo-sobre-violencia-de-genero-herramientas-colectivas-para-un-abordaje-urgente\/#primaryimage","url":"https:\/\/www.fcejs.unsl.edu.ar\/wp-content\/uploads\/2021\/09\/jornada-violencia-.jpg","contentUrl":"https:\/\/www.fcejs.unsl.edu.ar\/wp-content\/uploads\/2021\/09\/jornada-violencia-.jpg","width":1152,"height":647},{"@type":"BreadcrumbList","@id":"https:\/\/www.fcejs.unsl.edu.ar\/index.php\/jornada-de-trabajo-sobre-violencia-de-genero-herramientas-colectivas-para-un-abordaje-urgente\/#breadcrumb","itemListElement":[{"@type":"ListItem","position":1,"name":"Inicio","item":"https:\/\/www.fcejs.unsl.edu.ar\/"},{"@type":"ListItem","position":2,"name":"Jornada de Trabajo sobre Violencia de G\u00e9nero: &#8220;Herramientas colectivas para un abordaje urgente&#8221;"}]},{"@type":"WebSite","@id":"https:\/\/www.fcejs.unsl.edu.ar\/#website","url":"https:\/\/www.fcejs.unsl.edu.ar\/","name":"Facultad de Ciencias Econ\u00f3micas, Jur\u00ed\u00addicas y Sociales","description":"","publisher":{"@id":"https:\/\/www.fcejs.unsl.edu.ar\/#organization"},"potentialAction":[{"@type":"SearchAction","target":{"@type":"EntryPoint","urlTemplate":"https:\/\/www.fcejs.unsl.edu.ar\/?s={search_term_string}"},"query-input":{"@type":"PropertyValueSpecification","valueRequired":true,"valueName":"search_term_string"}}],"inLanguage":"es-AR"},{"@type":"Organization","@id":"https:\/\/www.fcejs.unsl.edu.ar\/#organization","name":"Facultad de Ciencias Econ\u00f3micas, Jur\u00eddicas y Sociales","url":"https:\/\/www.fcejs.unsl.edu.ar\/","logo":{"@type":"ImageObject","inLanguage":"es-AR","@id":"https:\/\/www.fcejs.unsl.edu.ar\/#\/schema\/logo\/image\/","url":"https:\/\/www.fcejs.unsl.edu.ar\/wp-content\/uploads\/2021\/03\/logo-1.jpg","contentUrl":"https:\/\/www.fcejs.unsl.edu.ar\/wp-content\/uploads\/2021\/03\/logo-1.jpg","width":471,"height":146,"caption":"Facultad de Ciencias Econ\u00f3micas, Jur\u00eddicas y Sociales"},"image":{"@id":"https:\/\/www.fcejs.unsl.edu.ar\/#\/schema\/logo\/image\/"},"sameAs":["https:\/\/www.facebook.com\/FCEJS.UNSL\/","https:\/\/x.com\/FCEJSUNSL","https:\/\/www.instagram.com\/fcejs.unsl\/","https:\/\/www.youtube.com\/channel\/UCH-Ut6EaN_X5ogjIQMPe46g\/"]},{"@type":"Person","@id":"https:\/\/www.fcejs.unsl.edu.ar\/#\/schema\/person\/352ee6ed90c3f394c7cb5945f8956d34","name":"DATI"}]}},"jetpack_featured_media_url":"https:\/\/www.fcejs.unsl.edu.ar\/wp-content\/uploads\/2021\/09\/jornada-violencia-.jpg","_links":{"self":[{"href":"https:\/\/www.fcejs.unsl.edu.ar\/index.php\/wp-json\/wp\/v2\/posts\/5128","targetHints":{"allow":["GET"]}}],"collection":[{"href":"https:\/\/www.fcejs.unsl.edu.ar\/index.php\/wp-json\/wp\/v2\/posts"}],"about":[{"href":"https:\/\/www.fcejs.unsl.edu.ar\/index.php\/wp-json\/wp\/v2\/types\/post"}],"author":[{"embeddable":true,"href":"https:\/\/www.fcejs.unsl.edu.ar\/index.php\/wp-json\/wp\/v2\/users\/9"}],"replies":[{"embeddable":true,"href":"https:\/\/www.fcejs.unsl.edu.ar\/index.php\/wp-json\/wp\/v2\/comments?post=5128"}],"version-history":[{"count":6,"href":"https:\/\/www.fcejs.unsl.edu.ar\/index.php\/wp-json\/wp\/v2\/posts\/5128\/revisions"}],"predecessor-version":[{"id":5229,"href":"https:\/\/www.fcejs.unsl.edu.ar\/index.php\/wp-json\/wp\/v2\/posts\/5128\/revisions\/5229"}],"wp:featuredmedia":[{"embeddable":true,"href":"https:\/\/www.fcejs.unsl.edu.ar\/index.php\/wp-json\/wp\/v2\/media\/5230"}],"wp:attachment":[{"href":"https:\/\/www.fcejs.unsl.edu.ar\/index.php\/wp-json\/wp\/v2\/media?parent=5128"}],"wp:term":[{"taxonomy":"category","embeddable":true,"href":"https:\/\/www.fcejs.unsl.edu.ar\/index.php\/wp-json\/wp\/v2\/categories?post=5128"},{"taxonomy":"post_tag","embeddable":true,"href":"https:\/\/www.fcejs.unsl.edu.ar\/index.php\/wp-json\/wp\/v2\/tags?post=5128"}],"curies":[{"name":"wp","href":"https:\/\/api.w.org\/{rel}","templated":true}]}}