{"id":5010,"date":"2021-09-03T13:00:16","date_gmt":"2021-09-03T16:00:16","guid":{"rendered":"http:\/\/10.101.10.197\/www\/?p=5010"},"modified":"2021-09-03T14:22:11","modified_gmt":"2021-09-03T17:22:11","slug":"pronunciamiento-del-programa-genero-sociedad-y-universidad","status":"publish","type":"post","link":"https:\/\/www.fcejs.unsl.edu.ar\/index.php\/pronunciamiento-del-programa-genero-sociedad-y-universidad\/","title":{"rendered":"Pronunciamiento del Programa Genero, Sociedad y Universidad"},"content":{"rendered":"<p><em><span style=\"font-family: helvetica;\">&#8220;Desde el Programa Genero, Sociedad y Universidad nos queremos pronunciar ante el hecho de p\u00fablico conocimiento difundido por las redes sociales en el cual se repudia la presencia en el acto eleccionario del mi\u00e9rcoles 1 de septiembre de un miembro de una agrupaci\u00f3n se\u00f1alado por violencia de g\u00e9nero.<\/span><\/em><\/p>\n<p><em><span style=\"font-family: helvetica;\">Este hecho se produce en el marco de las elecciones del Centro de estudiantes de la FCEJS. <\/span><\/em> <em><span style=\"font-family: helvetica;\">En primer lugar, celebramos y apoyamos las acciones democr\u00e1ticas que fortalecen la vida institucional de nuestra Facultad. Sin embargo, entendemos que est\u00e1s instancias no pueden verse empa\u00f1adas por hechos como este.<\/span><\/em><\/p>\n<p><em><span style=\"font-family: helvetica;\">Como Programa que busca erradicar y construir espacios libres de violencia y discriminaci\u00f3n dentro de la Facultad repudiamos tambi\u00e9n este hecho. Se\u00f1alamos que esta situaci\u00f3n no pasa inadvertida para este Programa, el cual promueve desde el a\u00f1o 2016 instancias de participaci\u00f3n libres de violencias impulsando y desarrollando pol\u00edticas concretas en este mismo sentido.<\/span><\/em><\/p>\n<p><em><span style=\"font-family: helvetica;\">Desde el a\u00f1o 2019, se llevan a cabo diversas actividades orientadas a estudiantes, entre ellas cabe mencionar que desde el a\u00f1o 2020 estamos trabajando en talleres de sensibilizaci\u00f3n y erradicaci\u00f3n de las violencias en el marco de la Ley Micaela. <\/span><\/em><\/p>\n<p><em><span style=\"font-family: helvetica;\">Invitamos a todas las personas involucradas directamente y a la comunidad universitaria a que conozcan y puedan utilizar los canales institucionales para poder denunciar toda situaci\u00f3n que implique violencias basadas en el g\u00e9nero y as\u00ed contribuir a universidades justas e inclusivas.<\/span><\/em> <em><span style=\"font-family: helvetica;\">En este mismo sentido, que puedan hacer uso del Protocolo de intervenci\u00f3n institucional ante denuncias por situaciones de violencia de g\u00e9nero, identidad de g\u00e9nero y discriminaci\u00f3n de la UNSL. Asimismo, la Universidad cuenta con el Equipo T\u00e9cnico Interdisciplinario que es el \u00f3rgano encargado de vehiculizar estas problem\u00e1ticas.<\/span><\/em><\/p>\n<p><em><span style=\"font-family: helvetica;\">En el \u00e1mbito de la FCEJS disponemos del Programa Genero, Sociedad y Universidad que es otra herramienta institucional que puede canalizar diversas demandas de erradicaci\u00f3n de toda violencia y\/o discriminaci\u00f3n basadas en el g\u00e9nero.<\/span><\/em><\/p>\n<p><em><span style=\"font-family: helvetica;\">Invitamos a recurrir a estos canales de modo que estas instancias que tanto afectan a nuestra instituci\u00f3n y a las personas en particular, sean erradicadas.&#8221;<\/span><\/em><\/p>\n<p><em><strong>Programa de Genero Sociedad y Universidad<\/strong><\/em><br \/>\n<em><strong>FCEJS-UNSL<\/strong><\/em><br \/>\n<em><strong>03 de septiembre de 2021<\/strong><\/em><\/p>\n","protected":false},"excerpt":{"rendered":"<p>&#8220;Desde el Programa Genero, Sociedad y Universidad nos queremos pronunciar ante el hecho de p\u00fablico conocimiento difundido por las redes sociales en el cual se&hellip;<\/p>\n","protected":false},"author":9,"featured_media":2519,"comment_status":"closed","ping_status":"closed","sticky":false,"template":"","format":"standard","meta":{"om_disable_all_campaigns":false,"_monsterinsights_skip_tracking":false,"_monsterinsights_sitenote_active":false,"_monsterinsights_sitenote_note":"","_monsterinsights_sitenote_category":0,"footnotes":""},"categories":[1],"tags":[],"class_list":["post-5010","post","type-post","status-publish","format-standard","has-post-thumbnail","hentry","category-noticias"],"yoast_head":"<!-- This site is optimized with the Yoast SEO plugin v27.5 - https:\/\/yoast.com\/product\/yoast-seo-wordpress\/ -->\n<title>Pronunciamiento del Programa Genero, Sociedad y Universidad - Facultad de Ciencias Econ\u00f3micas, Jur\u00ed\u00addicas y Sociales<\/title>\n<meta name=\"robots\" content=\"index, follow, max-snippet:-1, max-image-preview:large, max-video-preview:-1\" \/>\n<link rel=\"canonical\" href=\"https:\/\/www.fcejs.unsl.edu.ar\/index.php\/pronunciamiento-del-programa-genero-sociedad-y-universidad\/\" \/>\n<meta property=\"og:locale\" content=\"es_ES\" \/>\n<meta property=\"og:type\" content=\"article\" \/>\n<meta property=\"og:title\" content=\"Pronunciamiento del Programa Genero, Sociedad y Universidad - Facultad de Ciencias Econ\u00f3micas, Jur\u00ed\u00addicas y Sociales\" \/>\n<meta property=\"og:description\" content=\"&#8220;Desde el Programa Genero, Sociedad y Universidad nos queremos pronunciar ante el hecho de p\u00fablico conocimiento difundido por las redes sociales en el cual se&hellip;\" \/>\n<meta property=\"og:url\" content=\"https:\/\/www.fcejs.unsl.edu.ar\/index.php\/pronunciamiento-del-programa-genero-sociedad-y-universidad\/\" \/>\n<meta property=\"og:site_name\" content=\"Facultad de Ciencias Econ\u00f3micas, Jur\u00ed\u00addicas y Sociales\" \/>\n<meta property=\"article:publisher\" content=\"https:\/\/www.facebook.com\/FCEJS.UNSL\/\" \/>\n<meta property=\"article:published_time\" content=\"2021-09-03T16:00:16+00:00\" \/>\n<meta property=\"article:modified_time\" content=\"2021-09-03T17:22:11+00:00\" \/>\n<meta property=\"og:image\" content=\"https:\/\/www.fcejs.unsl.edu.ar\/wp-content\/uploads\/2021\/03\/genero-sociedad-05.jpg\" \/>\n\t<meta property=\"og:image:width\" content=\"1020\" \/>\n\t<meta property=\"og:image:height\" content=\"574\" \/>\n\t<meta property=\"og:image:type\" content=\"image\/jpeg\" \/>\n<meta name=\"author\" content=\"DATI\" \/>\n<meta name=\"twitter:card\" content=\"summary_large_image\" \/>\n<meta name=\"twitter:creator\" content=\"@FCEJSUNSL\" \/>\n<meta name=\"twitter:site\" content=\"@FCEJSUNSL\" \/>\n<meta name=\"twitter:label1\" content=\"Escrito por\" \/>\n\t<meta name=\"twitter:data1\" content=\"DATI\" \/>\n\t<meta name=\"twitter:label2\" content=\"Tiempo de lectura\" \/>\n\t<meta name=\"twitter:data2\" content=\"2 minutos\" \/>\n<script type=\"application\/ld+json\" class=\"yoast-schema-graph\">{\"@context\":\"https:\\\/\\\/schema.org\",\"@graph\":[{\"@type\":\"Article\",\"@id\":\"https:\\\/\\\/www.fcejs.unsl.edu.ar\\\/index.php\\\/pronunciamiento-del-programa-genero-sociedad-y-universidad\\\/#article\",\"isPartOf\":{\"@id\":\"https:\\\/\\\/www.fcejs.unsl.edu.ar\\\/index.php\\\/pronunciamiento-del-programa-genero-sociedad-y-universidad\\\/\"},\"author\":{\"name\":\"DATI\",\"@id\":\"https:\\\/\\\/www.fcejs.unsl.edu.ar\\\/#\\\/schema\\\/person\\\/352ee6ed90c3f394c7cb5945f8956d34\"},\"headline\":\"Pronunciamiento del Programa Genero, Sociedad y Universidad\",\"datePublished\":\"2021-09-03T16:00:16+00:00\",\"dateModified\":\"2021-09-03T17:22:11+00:00\",\"mainEntityOfPage\":{\"@id\":\"https:\\\/\\\/www.fcejs.unsl.edu.ar\\\/index.php\\\/pronunciamiento-del-programa-genero-sociedad-y-universidad\\\/\"},\"wordCount\":381,\"publisher\":{\"@id\":\"https:\\\/\\\/www.fcejs.unsl.edu.ar\\\/#organization\"},\"image\":{\"@id\":\"https:\\\/\\\/www.fcejs.unsl.edu.ar\\\/index.php\\\/pronunciamiento-del-programa-genero-sociedad-y-universidad\\\/#primaryimage\"},\"thumbnailUrl\":\"https:\\\/\\\/www.fcejs.unsl.edu.ar\\\/wp-content\\\/uploads\\\/2021\\\/03\\\/genero-sociedad-05.jpg\",\"articleSection\":[\"Noticias\"],\"inLanguage\":\"es-AR\"},{\"@type\":\"WebPage\",\"@id\":\"https:\\\/\\\/www.fcejs.unsl.edu.ar\\\/index.php\\\/pronunciamiento-del-programa-genero-sociedad-y-universidad\\\/\",\"url\":\"https:\\\/\\\/www.fcejs.unsl.edu.ar\\\/index.php\\\/pronunciamiento-del-programa-genero-sociedad-y-universidad\\\/\",\"name\":\"Pronunciamiento del Programa Genero, Sociedad y Universidad - Facultad de Ciencias Econ\u00f3micas, Jur\u00ed\u00addicas y Sociales\",\"isPartOf\":{\"@id\":\"https:\\\/\\\/www.fcejs.unsl.edu.ar\\\/#website\"},\"primaryImageOfPage\":{\"@id\":\"https:\\\/\\\/www.fcejs.unsl.edu.ar\\\/index.php\\\/pronunciamiento-del-programa-genero-sociedad-y-universidad\\\/#primaryimage\"},\"image\":{\"@id\":\"https:\\\/\\\/www.fcejs.unsl.edu.ar\\\/index.php\\\/pronunciamiento-del-programa-genero-sociedad-y-universidad\\\/#primaryimage\"},\"thumbnailUrl\":\"https:\\\/\\\/www.fcejs.unsl.edu.ar\\\/wp-content\\\/uploads\\\/2021\\\/03\\\/genero-sociedad-05.jpg\",\"datePublished\":\"2021-09-03T16:00:16+00:00\",\"dateModified\":\"2021-09-03T17:22:11+00:00\",\"breadcrumb\":{\"@id\":\"https:\\\/\\\/www.fcejs.unsl.edu.ar\\\/index.php\\\/pronunciamiento-del-programa-genero-sociedad-y-universidad\\\/#breadcrumb\"},\"inLanguage\":\"es-AR\",\"potentialAction\":[{\"@type\":\"ReadAction\",\"target\":[\"https:\\\/\\\/www.fcejs.unsl.edu.ar\\\/index.php\\\/pronunciamiento-del-programa-genero-sociedad-y-universidad\\\/\"]}]},{\"@type\":\"ImageObject\",\"inLanguage\":\"es-AR\",\"@id\":\"https:\\\/\\\/www.fcejs.unsl.edu.ar\\\/index.php\\\/pronunciamiento-del-programa-genero-sociedad-y-universidad\\\/#primaryimage\",\"url\":\"https:\\\/\\\/www.fcejs.unsl.edu.ar\\\/wp-content\\\/uploads\\\/2021\\\/03\\\/genero-sociedad-05.jpg\",\"contentUrl\":\"https:\\\/\\\/www.fcejs.unsl.edu.ar\\\/wp-content\\\/uploads\\\/2021\\\/03\\\/genero-sociedad-05.jpg\",\"width\":1020,\"height\":574},{\"@type\":\"BreadcrumbList\",\"@id\":\"https:\\\/\\\/www.fcejs.unsl.edu.ar\\\/index.php\\\/pronunciamiento-del-programa-genero-sociedad-y-universidad\\\/#breadcrumb\",\"itemListElement\":[{\"@type\":\"ListItem\",\"position\":1,\"name\":\"Inicio\",\"item\":\"https:\\\/\\\/www.fcejs.unsl.edu.ar\\\/\"},{\"@type\":\"ListItem\",\"position\":2,\"name\":\"Pronunciamiento del Programa Genero, Sociedad y Universidad\"}]},{\"@type\":\"WebSite\",\"@id\":\"https:\\\/\\\/www.fcejs.unsl.edu.ar\\\/#website\",\"url\":\"https:\\\/\\\/www.fcejs.unsl.edu.ar\\\/\",\"name\":\"Facultad de Ciencias Econ\u00f3micas, Jur\u00ed\u00addicas y Sociales\",\"description\":\"\",\"publisher\":{\"@id\":\"https:\\\/\\\/www.fcejs.unsl.edu.ar\\\/#organization\"},\"potentialAction\":[{\"@type\":\"SearchAction\",\"target\":{\"@type\":\"EntryPoint\",\"urlTemplate\":\"https:\\\/\\\/www.fcejs.unsl.edu.ar\\\/?s={search_term_string}\"},\"query-input\":{\"@type\":\"PropertyValueSpecification\",\"valueRequired\":true,\"valueName\":\"search_term_string\"}}],\"inLanguage\":\"es-AR\"},{\"@type\":\"Organization\",\"@id\":\"https:\\\/\\\/www.fcejs.unsl.edu.ar\\\/#organization\",\"name\":\"Facultad de Ciencias Econ\u00f3micas, Jur\u00eddicas y Sociales\",\"url\":\"https:\\\/\\\/www.fcejs.unsl.edu.ar\\\/\",\"logo\":{\"@type\":\"ImageObject\",\"inLanguage\":\"es-AR\",\"@id\":\"https:\\\/\\\/www.fcejs.unsl.edu.ar\\\/#\\\/schema\\\/logo\\\/image\\\/\",\"url\":\"https:\\\/\\\/www.fcejs.unsl.edu.ar\\\/wp-content\\\/uploads\\\/2021\\\/03\\\/logo-1.jpg\",\"contentUrl\":\"https:\\\/\\\/www.fcejs.unsl.edu.ar\\\/wp-content\\\/uploads\\\/2021\\\/03\\\/logo-1.jpg\",\"width\":471,\"height\":146,\"caption\":\"Facultad de Ciencias Econ\u00f3micas, Jur\u00eddicas y Sociales\"},\"image\":{\"@id\":\"https:\\\/\\\/www.fcejs.unsl.edu.ar\\\/#\\\/schema\\\/logo\\\/image\\\/\"},\"sameAs\":[\"https:\\\/\\\/www.facebook.com\\\/FCEJS.UNSL\\\/\",\"https:\\\/\\\/x.com\\\/FCEJSUNSL\",\"https:\\\/\\\/www.instagram.com\\\/fcejs.unsl\\\/\",\"https:\\\/\\\/www.youtube.com\\\/channel\\\/UCH-Ut6EaN_X5ogjIQMPe46g\\\/\"]},{\"@type\":\"Person\",\"@id\":\"https:\\\/\\\/www.fcejs.unsl.edu.ar\\\/#\\\/schema\\\/person\\\/352ee6ed90c3f394c7cb5945f8956d34\",\"name\":\"DATI\"}]}<\/script>\n<!-- \/ Yoast SEO plugin. -->","yoast_head_json":{"title":"Pronunciamiento del Programa Genero, Sociedad y Universidad - Facultad de Ciencias Econ\u00f3micas, Jur\u00ed\u00addicas y Sociales","robots":{"index":"index","follow":"follow","max-snippet":"max-snippet:-1","max-image-preview":"max-image-preview:large","max-video-preview":"max-video-preview:-1"},"canonical":"https:\/\/www.fcejs.unsl.edu.ar\/index.php\/pronunciamiento-del-programa-genero-sociedad-y-universidad\/","og_locale":"es_ES","og_type":"article","og_title":"Pronunciamiento del Programa Genero, Sociedad y Universidad - Facultad de Ciencias Econ\u00f3micas, Jur\u00ed\u00addicas y Sociales","og_description":"&#8220;Desde el Programa Genero, Sociedad y Universidad nos queremos pronunciar ante el hecho de p\u00fablico conocimiento difundido por las redes sociales en el cual se&hellip;","og_url":"https:\/\/www.fcejs.unsl.edu.ar\/index.php\/pronunciamiento-del-programa-genero-sociedad-y-universidad\/","og_site_name":"Facultad de Ciencias Econ\u00f3micas, Jur\u00ed\u00addicas y Sociales","article_publisher":"https:\/\/www.facebook.com\/FCEJS.UNSL\/","article_published_time":"2021-09-03T16:00:16+00:00","article_modified_time":"2021-09-03T17:22:11+00:00","og_image":[{"width":1020,"height":574,"url":"https:\/\/www.fcejs.unsl.edu.ar\/wp-content\/uploads\/2021\/03\/genero-sociedad-05.jpg","type":"image\/jpeg"}],"author":"DATI","twitter_card":"summary_large_image","twitter_creator":"@FCEJSUNSL","twitter_site":"@FCEJSUNSL","twitter_misc":{"Escrito por":"DATI","Tiempo de lectura":"2 minutos"},"schema":{"@context":"https:\/\/schema.org","@graph":[{"@type":"Article","@id":"https:\/\/www.fcejs.unsl.edu.ar\/index.php\/pronunciamiento-del-programa-genero-sociedad-y-universidad\/#article","isPartOf":{"@id":"https:\/\/www.fcejs.unsl.edu.ar\/index.php\/pronunciamiento-del-programa-genero-sociedad-y-universidad\/"},"author":{"name":"DATI","@id":"https:\/\/www.fcejs.unsl.edu.ar\/#\/schema\/person\/352ee6ed90c3f394c7cb5945f8956d34"},"headline":"Pronunciamiento del Programa Genero, Sociedad y Universidad","datePublished":"2021-09-03T16:00:16+00:00","dateModified":"2021-09-03T17:22:11+00:00","mainEntityOfPage":{"@id":"https:\/\/www.fcejs.unsl.edu.ar\/index.php\/pronunciamiento-del-programa-genero-sociedad-y-universidad\/"},"wordCount":381,"publisher":{"@id":"https:\/\/www.fcejs.unsl.edu.ar\/#organization"},"image":{"@id":"https:\/\/www.fcejs.unsl.edu.ar\/index.php\/pronunciamiento-del-programa-genero-sociedad-y-universidad\/#primaryimage"},"thumbnailUrl":"https:\/\/www.fcejs.unsl.edu.ar\/wp-content\/uploads\/2021\/03\/genero-sociedad-05.jpg","articleSection":["Noticias"],"inLanguage":"es-AR"},{"@type":"WebPage","@id":"https:\/\/www.fcejs.unsl.edu.ar\/index.php\/pronunciamiento-del-programa-genero-sociedad-y-universidad\/","url":"https:\/\/www.fcejs.unsl.edu.ar\/index.php\/pronunciamiento-del-programa-genero-sociedad-y-universidad\/","name":"Pronunciamiento del Programa Genero, Sociedad y Universidad - Facultad de Ciencias Econ\u00f3micas, Jur\u00ed\u00addicas y Sociales","isPartOf":{"@id":"https:\/\/www.fcejs.unsl.edu.ar\/#website"},"primaryImageOfPage":{"@id":"https:\/\/www.fcejs.unsl.edu.ar\/index.php\/pronunciamiento-del-programa-genero-sociedad-y-universidad\/#primaryimage"},"image":{"@id":"https:\/\/www.fcejs.unsl.edu.ar\/index.php\/pronunciamiento-del-programa-genero-sociedad-y-universidad\/#primaryimage"},"thumbnailUrl":"https:\/\/www.fcejs.unsl.edu.ar\/wp-content\/uploads\/2021\/03\/genero-sociedad-05.jpg","datePublished":"2021-09-03T16:00:16+00:00","dateModified":"2021-09-03T17:22:11+00:00","breadcrumb":{"@id":"https:\/\/www.fcejs.unsl.edu.ar\/index.php\/pronunciamiento-del-programa-genero-sociedad-y-universidad\/#breadcrumb"},"inLanguage":"es-AR","potentialAction":[{"@type":"ReadAction","target":["https:\/\/www.fcejs.unsl.edu.ar\/index.php\/pronunciamiento-del-programa-genero-sociedad-y-universidad\/"]}]},{"@type":"ImageObject","inLanguage":"es-AR","@id":"https:\/\/www.fcejs.unsl.edu.ar\/index.php\/pronunciamiento-del-programa-genero-sociedad-y-universidad\/#primaryimage","url":"https:\/\/www.fcejs.unsl.edu.ar\/wp-content\/uploads\/2021\/03\/genero-sociedad-05.jpg","contentUrl":"https:\/\/www.fcejs.unsl.edu.ar\/wp-content\/uploads\/2021\/03\/genero-sociedad-05.jpg","width":1020,"height":574},{"@type":"BreadcrumbList","@id":"https:\/\/www.fcejs.unsl.edu.ar\/index.php\/pronunciamiento-del-programa-genero-sociedad-y-universidad\/#breadcrumb","itemListElement":[{"@type":"ListItem","position":1,"name":"Inicio","item":"https:\/\/www.fcejs.unsl.edu.ar\/"},{"@type":"ListItem","position":2,"name":"Pronunciamiento del Programa Genero, Sociedad y Universidad"}]},{"@type":"WebSite","@id":"https:\/\/www.fcejs.unsl.edu.ar\/#website","url":"https:\/\/www.fcejs.unsl.edu.ar\/","name":"Facultad de Ciencias Econ\u00f3micas, Jur\u00ed\u00addicas y Sociales","description":"","publisher":{"@id":"https:\/\/www.fcejs.unsl.edu.ar\/#organization"},"potentialAction":[{"@type":"SearchAction","target":{"@type":"EntryPoint","urlTemplate":"https:\/\/www.fcejs.unsl.edu.ar\/?s={search_term_string}"},"query-input":{"@type":"PropertyValueSpecification","valueRequired":true,"valueName":"search_term_string"}}],"inLanguage":"es-AR"},{"@type":"Organization","@id":"https:\/\/www.fcejs.unsl.edu.ar\/#organization","name":"Facultad de Ciencias Econ\u00f3micas, Jur\u00eddicas y Sociales","url":"https:\/\/www.fcejs.unsl.edu.ar\/","logo":{"@type":"ImageObject","inLanguage":"es-AR","@id":"https:\/\/www.fcejs.unsl.edu.ar\/#\/schema\/logo\/image\/","url":"https:\/\/www.fcejs.unsl.edu.ar\/wp-content\/uploads\/2021\/03\/logo-1.jpg","contentUrl":"https:\/\/www.fcejs.unsl.edu.ar\/wp-content\/uploads\/2021\/03\/logo-1.jpg","width":471,"height":146,"caption":"Facultad de Ciencias Econ\u00f3micas, Jur\u00eddicas y Sociales"},"image":{"@id":"https:\/\/www.fcejs.unsl.edu.ar\/#\/schema\/logo\/image\/"},"sameAs":["https:\/\/www.facebook.com\/FCEJS.UNSL\/","https:\/\/x.com\/FCEJSUNSL","https:\/\/www.instagram.com\/fcejs.unsl\/","https:\/\/www.youtube.com\/channel\/UCH-Ut6EaN_X5ogjIQMPe46g\/"]},{"@type":"Person","@id":"https:\/\/www.fcejs.unsl.edu.ar\/#\/schema\/person\/352ee6ed90c3f394c7cb5945f8956d34","name":"DATI"}]}},"jetpack_featured_media_url":"https:\/\/www.fcejs.unsl.edu.ar\/wp-content\/uploads\/2021\/03\/genero-sociedad-05.jpg","_links":{"self":[{"href":"https:\/\/www.fcejs.unsl.edu.ar\/index.php\/wp-json\/wp\/v2\/posts\/5010","targetHints":{"allow":["GET"]}}],"collection":[{"href":"https:\/\/www.fcejs.unsl.edu.ar\/index.php\/wp-json\/wp\/v2\/posts"}],"about":[{"href":"https:\/\/www.fcejs.unsl.edu.ar\/index.php\/wp-json\/wp\/v2\/types\/post"}],"author":[{"embeddable":true,"href":"https:\/\/www.fcejs.unsl.edu.ar\/index.php\/wp-json\/wp\/v2\/users\/9"}],"replies":[{"embeddable":true,"href":"https:\/\/www.fcejs.unsl.edu.ar\/index.php\/wp-json\/wp\/v2\/comments?post=5010"}],"version-history":[{"count":7,"href":"https:\/\/www.fcejs.unsl.edu.ar\/index.php\/wp-json\/wp\/v2\/posts\/5010\/revisions"}],"predecessor-version":[{"id":5018,"href":"https:\/\/www.fcejs.unsl.edu.ar\/index.php\/wp-json\/wp\/v2\/posts\/5010\/revisions\/5018"}],"wp:featuredmedia":[{"embeddable":true,"href":"https:\/\/www.fcejs.unsl.edu.ar\/index.php\/wp-json\/wp\/v2\/media\/2519"}],"wp:attachment":[{"href":"https:\/\/www.fcejs.unsl.edu.ar\/index.php\/wp-json\/wp\/v2\/media?parent=5010"}],"wp:term":[{"taxonomy":"category","embeddable":true,"href":"https:\/\/www.fcejs.unsl.edu.ar\/index.php\/wp-json\/wp\/v2\/categories?post=5010"},{"taxonomy":"post_tag","embeddable":true,"href":"https:\/\/www.fcejs.unsl.edu.ar\/index.php\/wp-json\/wp\/v2\/tags?post=5010"}],"curies":[{"name":"wp","href":"https:\/\/api.w.org\/{rel}","templated":true}]}}