{"id":4999,"date":"2021-09-02T09:58:22","date_gmt":"2021-09-02T12:58:22","guid":{"rendered":"http:\/\/10.101.10.197\/www\/?p=4999"},"modified":"2021-09-07T15:19:43","modified_gmt":"2021-09-07T18:19:43","slug":"nuevo-aviso-bibliotecas-digitales-2021","status":"publish","type":"post","link":"https:\/\/www.fcejs.unsl.edu.ar\/index.php\/nuevo-aviso-bibliotecas-digitales-2021\/","title":{"rendered":"Nuevo aviso: Bibliotecas Digitales 2021"},"content":{"rendered":"<p>El Sistema de Bibliotecas de la UNSL informa a la comunidad universitaria que ha suscripto, en el marco del consorcio establecido con las Universidades integrantes de la Red Interuniversitarias Argentina de Bibliotecas (RedIAB) &#8211; Regi\u00f3n Cuyo, al servicio de dos Bibliotecas Digitales. Una, corresponde a la Editorial M\u00e9dica Panamericana ofrecido por BiDi (Vi-da Tec) y otra de la Editorial Pearson Educaci\u00f3n brindado por la empresa e-Libro.<\/p>\n<p>El servicio de Bibliotecas Digitales forma parte de una de las l\u00edneas estrat\u00e9gicas del Programa de Virtualizaci\u00f3n de la Educaci\u00f3n Superior elaborado por la Secretar\u00eda Acad\u00e9mica de la UNSL, aprobado por RR N\u00b0 1290\/20.<\/p>\n<p>Las Bibliotecas est\u00e1n disponibles en el campus virtual y en las p\u00e1ginas de las Unidades de Informaci\u00f3n del Sistema de Bibliotecas de la UNSL.<\/p>\n<p>Se adjunta una breve gu\u00eda para su uso, como as\u00ed tutoriales que ayudaran a la mejor comprensi\u00f3n y uso del servicio.<\/p>\n<p><strong>eLibro:<\/strong><br \/>\nIngresar al campus virtual de la UNSL https:\/\/campus.unsl.edu.ar\/<br \/>\nIniciar con el usuario del campus. En caso de no tenerlo crear uno en Registrarse como usuario.<br \/>\nEn el men\u00fa de la izquierda, elegir enlace eLibro.<br \/>\nQuiz\u00e1s la primera vez que ingresa con un nuevo usuario le aparezca un bot\u00f3n de Automatriculaci\u00f3n, debe hacer click all\u00ed.<br \/>\nEn la p\u00e1gina Acceso a ELibro Inicio, hacer click en el Enlace: eLibro<br \/>\nNos abre una nueva ventana en el navegador y lleva al sitio de eLibro UNSL<br \/>\nBuscar el t\u00edtulo con las opciones de B\u00fasqueda o hacer click en Opci\u00f3n del men\u00fa superior: T\u00edtulos Adquiridos. Lista 431 T\u00edtulos de Ed. Pearson Education.<\/p>\n<p><strong>Tutorial presentaci\u00f3n<\/strong><br \/>\n<iframe title=\"eLibro 2019: presentamos nuestra nueva plataforma de servicios para Bibliotecas\" width=\"843\" height=\"474\" src=\"https:\/\/www.youtube.com\/embed\/o6MwimbDzIY?feature=oembed\" frameborder=\"0\" allow=\"accelerometer; autoplay; clipboard-write; encrypted-media; gyroscope; picture-in-picture\" allowfullscreen><\/iframe><br \/>\n<strong>Tutorial b\u00fasquedas:<\/strong><br \/>\n<iframe title=\"eLibro 2019: herramientas de b\u00fasqueda\" width=\"843\" height=\"474\" src=\"https:\/\/www.youtube.com\/embed\/yiCDCjKOVq0?feature=oembed\" frameborder=\"0\" allow=\"accelerometer; autoplay; clipboard-write; encrypted-media; gyroscope; picture-in-picture\" allowfullscreen><\/iframe><br \/>\n<strong>Tutorial herramientas<\/strong><br \/>\n<iframe title=\"eLibro 2019: herramientas para lectura online y offline\" width=\"843\" height=\"474\" src=\"https:\/\/www.youtube.com\/embed\/r3A_vxlwzeY?feature=oembed\" frameborder=\"0\" allow=\"accelerometer; autoplay; clipboard-write; encrypted-media; gyroscope; picture-in-picture\" allowfullscreen><\/iframe><\/p>\n<p><strong>BiDi:<\/strong><br \/>\nAcceder a: https:\/\/campus.unsl.edu.ar\/local\/bidi\/access.php<br \/>\nIniciar Sesi\u00f3n con el usuario del campus. Como en el caso anterior (eLibro), si no tiene uno, debe registrarse.<br \/>\nAl acceder, se ingresa a la p\u00e1gina bidi.la correspondiente a la UNSL y se muestran los libros de Ed. M\u00e9dica Panamericana o hacer click en Ver Cat\u00e1logo.<\/p>\n<p><strong>Tutorial:<\/strong><br \/>\nhttps:\/\/www.bidi.la\/tutorialusuario<\/p>\n<p>A la brevedad se informar\u00e1 sobre el dictado de talleres sobre el uso de los recursos.<\/p>\n<p>Para mayor informaci\u00f3n y consultas comunicarse a las siguientes direcciones:<br \/>\n<strong>bettymorcon@gmail.com<\/strong><br \/>\n<strong>regsamu@gmail.com<\/strong><\/p>\n","protected":false},"excerpt":{"rendered":"<p>El Sistema de Bibliotecas de la UNSL informa a la comunidad universitaria que ha suscripto, en el marco del consorcio establecido con las Universidades integrantes&hellip;<\/p>\n","protected":false},"author":9,"featured_media":2070,"comment_status":"closed","ping_status":"closed","sticky":false,"template":"","format":"standard","meta":{"om_disable_all_campaigns":false,"_monsterinsights_skip_tracking":false,"_monsterinsights_sitenote_active":false,"_monsterinsights_sitenote_note":"","_monsterinsights_sitenote_category":0,"footnotes":""},"categories":[1],"tags":[],"class_list":["post-4999","post","type-post","status-publish","format-standard","has-post-thumbnail","hentry","category-noticias"],"yoast_head":"<!-- This site is optimized with the Yoast SEO plugin v27.5 - https:\/\/yoast.com\/product\/yoast-seo-wordpress\/ -->\n<title>Nuevo aviso: Bibliotecas Digitales 2021 - Facultad de Ciencias Econ\u00f3micas, Jur\u00ed\u00addicas y Sociales<\/title>\n<meta name=\"robots\" content=\"index, follow, max-snippet:-1, max-image-preview:large, max-video-preview:-1\" \/>\n<link rel=\"canonical\" href=\"https:\/\/www.fcejs.unsl.edu.ar\/index.php\/nuevo-aviso-bibliotecas-digitales-2021\/\" \/>\n<meta property=\"og:locale\" content=\"es_ES\" \/>\n<meta property=\"og:type\" content=\"article\" \/>\n<meta property=\"og:title\" content=\"Nuevo aviso: Bibliotecas Digitales 2021 - Facultad de Ciencias Econ\u00f3micas, Jur\u00ed\u00addicas y Sociales\" \/>\n<meta property=\"og:description\" content=\"El Sistema de Bibliotecas de la UNSL informa a la comunidad universitaria que ha suscripto, en el marco del consorcio establecido con las Universidades integrantes&hellip;\" \/>\n<meta property=\"og:url\" content=\"https:\/\/www.fcejs.unsl.edu.ar\/index.php\/nuevo-aviso-bibliotecas-digitales-2021\/\" \/>\n<meta property=\"og:site_name\" content=\"Facultad de Ciencias Econ\u00f3micas, Jur\u00ed\u00addicas y Sociales\" \/>\n<meta property=\"article:publisher\" content=\"https:\/\/www.facebook.com\/FCEJS.UNSL\/\" \/>\n<meta property=\"article:published_time\" content=\"2021-09-02T12:58:22+00:00\" \/>\n<meta property=\"article:modified_time\" content=\"2021-09-07T18:19:43+00:00\" \/>\n<meta property=\"og:image\" content=\"https:\/\/www.fcejs.unsl.edu.ar\/wp-content\/uploads\/2021\/03\/02.jpg\" \/>\n\t<meta property=\"og:image:width\" content=\"1280\" \/>\n\t<meta property=\"og:image:height\" content=\"960\" \/>\n\t<meta property=\"og:image:type\" content=\"image\/jpeg\" \/>\n<meta name=\"author\" content=\"DATI\" \/>\n<meta name=\"twitter:card\" content=\"summary_large_image\" \/>\n<meta name=\"twitter:creator\" content=\"@FCEJSUNSL\" \/>\n<meta name=\"twitter:site\" content=\"@FCEJSUNSL\" \/>\n<meta name=\"twitter:label1\" content=\"Escrito por\" \/>\n\t<meta name=\"twitter:data1\" content=\"DATI\" \/>\n\t<meta name=\"twitter:label2\" content=\"Tiempo de lectura\" \/>\n\t<meta name=\"twitter:data2\" content=\"2 minutos\" \/>\n<script type=\"application\/ld+json\" class=\"yoast-schema-graph\">{\"@context\":\"https:\\\/\\\/schema.org\",\"@graph\":[{\"@type\":\"Article\",\"@id\":\"https:\\\/\\\/www.fcejs.unsl.edu.ar\\\/index.php\\\/nuevo-aviso-bibliotecas-digitales-2021\\\/#article\",\"isPartOf\":{\"@id\":\"https:\\\/\\\/www.fcejs.unsl.edu.ar\\\/index.php\\\/nuevo-aviso-bibliotecas-digitales-2021\\\/\"},\"author\":{\"name\":\"DATI\",\"@id\":\"https:\\\/\\\/www.fcejs.unsl.edu.ar\\\/#\\\/schema\\\/person\\\/352ee6ed90c3f394c7cb5945f8956d34\"},\"headline\":\"Nuevo aviso: Bibliotecas Digitales 2021\",\"datePublished\":\"2021-09-02T12:58:22+00:00\",\"dateModified\":\"2021-09-07T18:19:43+00:00\",\"mainEntityOfPage\":{\"@id\":\"https:\\\/\\\/www.fcejs.unsl.edu.ar\\\/index.php\\\/nuevo-aviso-bibliotecas-digitales-2021\\\/\"},\"wordCount\":416,\"publisher\":{\"@id\":\"https:\\\/\\\/www.fcejs.unsl.edu.ar\\\/#organization\"},\"image\":{\"@id\":\"https:\\\/\\\/www.fcejs.unsl.edu.ar\\\/index.php\\\/nuevo-aviso-bibliotecas-digitales-2021\\\/#primaryimage\"},\"thumbnailUrl\":\"https:\\\/\\\/www.fcejs.unsl.edu.ar\\\/wp-content\\\/uploads\\\/2021\\\/03\\\/02.jpg\",\"articleSection\":[\"Noticias\"],\"inLanguage\":\"es-AR\"},{\"@type\":\"WebPage\",\"@id\":\"https:\\\/\\\/www.fcejs.unsl.edu.ar\\\/index.php\\\/nuevo-aviso-bibliotecas-digitales-2021\\\/\",\"url\":\"https:\\\/\\\/www.fcejs.unsl.edu.ar\\\/index.php\\\/nuevo-aviso-bibliotecas-digitales-2021\\\/\",\"name\":\"Nuevo aviso: Bibliotecas Digitales 2021 - Facultad de Ciencias Econ\u00f3micas, Jur\u00ed\u00addicas y Sociales\",\"isPartOf\":{\"@id\":\"https:\\\/\\\/www.fcejs.unsl.edu.ar\\\/#website\"},\"primaryImageOfPage\":{\"@id\":\"https:\\\/\\\/www.fcejs.unsl.edu.ar\\\/index.php\\\/nuevo-aviso-bibliotecas-digitales-2021\\\/#primaryimage\"},\"image\":{\"@id\":\"https:\\\/\\\/www.fcejs.unsl.edu.ar\\\/index.php\\\/nuevo-aviso-bibliotecas-digitales-2021\\\/#primaryimage\"},\"thumbnailUrl\":\"https:\\\/\\\/www.fcejs.unsl.edu.ar\\\/wp-content\\\/uploads\\\/2021\\\/03\\\/02.jpg\",\"datePublished\":\"2021-09-02T12:58:22+00:00\",\"dateModified\":\"2021-09-07T18:19:43+00:00\",\"breadcrumb\":{\"@id\":\"https:\\\/\\\/www.fcejs.unsl.edu.ar\\\/index.php\\\/nuevo-aviso-bibliotecas-digitales-2021\\\/#breadcrumb\"},\"inLanguage\":\"es-AR\",\"potentialAction\":[{\"@type\":\"ReadAction\",\"target\":[\"https:\\\/\\\/www.fcejs.unsl.edu.ar\\\/index.php\\\/nuevo-aviso-bibliotecas-digitales-2021\\\/\"]}]},{\"@type\":\"ImageObject\",\"inLanguage\":\"es-AR\",\"@id\":\"https:\\\/\\\/www.fcejs.unsl.edu.ar\\\/index.php\\\/nuevo-aviso-bibliotecas-digitales-2021\\\/#primaryimage\",\"url\":\"https:\\\/\\\/www.fcejs.unsl.edu.ar\\\/wp-content\\\/uploads\\\/2021\\\/03\\\/02.jpg\",\"contentUrl\":\"https:\\\/\\\/www.fcejs.unsl.edu.ar\\\/wp-content\\\/uploads\\\/2021\\\/03\\\/02.jpg\",\"width\":1280,\"height\":960},{\"@type\":\"BreadcrumbList\",\"@id\":\"https:\\\/\\\/www.fcejs.unsl.edu.ar\\\/index.php\\\/nuevo-aviso-bibliotecas-digitales-2021\\\/#breadcrumb\",\"itemListElement\":[{\"@type\":\"ListItem\",\"position\":1,\"name\":\"Inicio\",\"item\":\"https:\\\/\\\/www.fcejs.unsl.edu.ar\\\/\"},{\"@type\":\"ListItem\",\"position\":2,\"name\":\"Nuevo aviso: Bibliotecas Digitales 2021\"}]},{\"@type\":\"WebSite\",\"@id\":\"https:\\\/\\\/www.fcejs.unsl.edu.ar\\\/#website\",\"url\":\"https:\\\/\\\/www.fcejs.unsl.edu.ar\\\/\",\"name\":\"Facultad de Ciencias Econ\u00f3micas, Jur\u00ed\u00addicas y Sociales\",\"description\":\"\",\"publisher\":{\"@id\":\"https:\\\/\\\/www.fcejs.unsl.edu.ar\\\/#organization\"},\"potentialAction\":[{\"@type\":\"SearchAction\",\"target\":{\"@type\":\"EntryPoint\",\"urlTemplate\":\"https:\\\/\\\/www.fcejs.unsl.edu.ar\\\/?s={search_term_string}\"},\"query-input\":{\"@type\":\"PropertyValueSpecification\",\"valueRequired\":true,\"valueName\":\"search_term_string\"}}],\"inLanguage\":\"es-AR\"},{\"@type\":\"Organization\",\"@id\":\"https:\\\/\\\/www.fcejs.unsl.edu.ar\\\/#organization\",\"name\":\"Facultad de Ciencias Econ\u00f3micas, Jur\u00eddicas y Sociales\",\"url\":\"https:\\\/\\\/www.fcejs.unsl.edu.ar\\\/\",\"logo\":{\"@type\":\"ImageObject\",\"inLanguage\":\"es-AR\",\"@id\":\"https:\\\/\\\/www.fcejs.unsl.edu.ar\\\/#\\\/schema\\\/logo\\\/image\\\/\",\"url\":\"https:\\\/\\\/www.fcejs.unsl.edu.ar\\\/wp-content\\\/uploads\\\/2021\\\/03\\\/logo-1.jpg\",\"contentUrl\":\"https:\\\/\\\/www.fcejs.unsl.edu.ar\\\/wp-content\\\/uploads\\\/2021\\\/03\\\/logo-1.jpg\",\"width\":471,\"height\":146,\"caption\":\"Facultad de Ciencias Econ\u00f3micas, Jur\u00eddicas y Sociales\"},\"image\":{\"@id\":\"https:\\\/\\\/www.fcejs.unsl.edu.ar\\\/#\\\/schema\\\/logo\\\/image\\\/\"},\"sameAs\":[\"https:\\\/\\\/www.facebook.com\\\/FCEJS.UNSL\\\/\",\"https:\\\/\\\/x.com\\\/FCEJSUNSL\",\"https:\\\/\\\/www.instagram.com\\\/fcejs.unsl\\\/\",\"https:\\\/\\\/www.youtube.com\\\/channel\\\/UCH-Ut6EaN_X5ogjIQMPe46g\\\/\"]},{\"@type\":\"Person\",\"@id\":\"https:\\\/\\\/www.fcejs.unsl.edu.ar\\\/#\\\/schema\\\/person\\\/352ee6ed90c3f394c7cb5945f8956d34\",\"name\":\"DATI\"}]}<\/script>\n<!-- \/ Yoast SEO plugin. -->","yoast_head_json":{"title":"Nuevo aviso: Bibliotecas Digitales 2021 - Facultad de Ciencias Econ\u00f3micas, Jur\u00ed\u00addicas y Sociales","robots":{"index":"index","follow":"follow","max-snippet":"max-snippet:-1","max-image-preview":"max-image-preview:large","max-video-preview":"max-video-preview:-1"},"canonical":"https:\/\/www.fcejs.unsl.edu.ar\/index.php\/nuevo-aviso-bibliotecas-digitales-2021\/","og_locale":"es_ES","og_type":"article","og_title":"Nuevo aviso: Bibliotecas Digitales 2021 - Facultad de Ciencias Econ\u00f3micas, Jur\u00ed\u00addicas y Sociales","og_description":"El Sistema de Bibliotecas de la UNSL informa a la comunidad universitaria que ha suscripto, en el marco del consorcio establecido con las Universidades integrantes&hellip;","og_url":"https:\/\/www.fcejs.unsl.edu.ar\/index.php\/nuevo-aviso-bibliotecas-digitales-2021\/","og_site_name":"Facultad de Ciencias Econ\u00f3micas, Jur\u00ed\u00addicas y Sociales","article_publisher":"https:\/\/www.facebook.com\/FCEJS.UNSL\/","article_published_time":"2021-09-02T12:58:22+00:00","article_modified_time":"2021-09-07T18:19:43+00:00","og_image":[{"width":1280,"height":960,"url":"https:\/\/www.fcejs.unsl.edu.ar\/wp-content\/uploads\/2021\/03\/02.jpg","type":"image\/jpeg"}],"author":"DATI","twitter_card":"summary_large_image","twitter_creator":"@FCEJSUNSL","twitter_site":"@FCEJSUNSL","twitter_misc":{"Escrito por":"DATI","Tiempo de lectura":"2 minutos"},"schema":{"@context":"https:\/\/schema.org","@graph":[{"@type":"Article","@id":"https:\/\/www.fcejs.unsl.edu.ar\/index.php\/nuevo-aviso-bibliotecas-digitales-2021\/#article","isPartOf":{"@id":"https:\/\/www.fcejs.unsl.edu.ar\/index.php\/nuevo-aviso-bibliotecas-digitales-2021\/"},"author":{"name":"DATI","@id":"https:\/\/www.fcejs.unsl.edu.ar\/#\/schema\/person\/352ee6ed90c3f394c7cb5945f8956d34"},"headline":"Nuevo aviso: Bibliotecas Digitales 2021","datePublished":"2021-09-02T12:58:22+00:00","dateModified":"2021-09-07T18:19:43+00:00","mainEntityOfPage":{"@id":"https:\/\/www.fcejs.unsl.edu.ar\/index.php\/nuevo-aviso-bibliotecas-digitales-2021\/"},"wordCount":416,"publisher":{"@id":"https:\/\/www.fcejs.unsl.edu.ar\/#organization"},"image":{"@id":"https:\/\/www.fcejs.unsl.edu.ar\/index.php\/nuevo-aviso-bibliotecas-digitales-2021\/#primaryimage"},"thumbnailUrl":"https:\/\/www.fcejs.unsl.edu.ar\/wp-content\/uploads\/2021\/03\/02.jpg","articleSection":["Noticias"],"inLanguage":"es-AR"},{"@type":"WebPage","@id":"https:\/\/www.fcejs.unsl.edu.ar\/index.php\/nuevo-aviso-bibliotecas-digitales-2021\/","url":"https:\/\/www.fcejs.unsl.edu.ar\/index.php\/nuevo-aviso-bibliotecas-digitales-2021\/","name":"Nuevo aviso: Bibliotecas Digitales 2021 - Facultad de Ciencias Econ\u00f3micas, Jur\u00ed\u00addicas y Sociales","isPartOf":{"@id":"https:\/\/www.fcejs.unsl.edu.ar\/#website"},"primaryImageOfPage":{"@id":"https:\/\/www.fcejs.unsl.edu.ar\/index.php\/nuevo-aviso-bibliotecas-digitales-2021\/#primaryimage"},"image":{"@id":"https:\/\/www.fcejs.unsl.edu.ar\/index.php\/nuevo-aviso-bibliotecas-digitales-2021\/#primaryimage"},"thumbnailUrl":"https:\/\/www.fcejs.unsl.edu.ar\/wp-content\/uploads\/2021\/03\/02.jpg","datePublished":"2021-09-02T12:58:22+00:00","dateModified":"2021-09-07T18:19:43+00:00","breadcrumb":{"@id":"https:\/\/www.fcejs.unsl.edu.ar\/index.php\/nuevo-aviso-bibliotecas-digitales-2021\/#breadcrumb"},"inLanguage":"es-AR","potentialAction":[{"@type":"ReadAction","target":["https:\/\/www.fcejs.unsl.edu.ar\/index.php\/nuevo-aviso-bibliotecas-digitales-2021\/"]}]},{"@type":"ImageObject","inLanguage":"es-AR","@id":"https:\/\/www.fcejs.unsl.edu.ar\/index.php\/nuevo-aviso-bibliotecas-digitales-2021\/#primaryimage","url":"https:\/\/www.fcejs.unsl.edu.ar\/wp-content\/uploads\/2021\/03\/02.jpg","contentUrl":"https:\/\/www.fcejs.unsl.edu.ar\/wp-content\/uploads\/2021\/03\/02.jpg","width":1280,"height":960},{"@type":"BreadcrumbList","@id":"https:\/\/www.fcejs.unsl.edu.ar\/index.php\/nuevo-aviso-bibliotecas-digitales-2021\/#breadcrumb","itemListElement":[{"@type":"ListItem","position":1,"name":"Inicio","item":"https:\/\/www.fcejs.unsl.edu.ar\/"},{"@type":"ListItem","position":2,"name":"Nuevo aviso: Bibliotecas Digitales 2021"}]},{"@type":"WebSite","@id":"https:\/\/www.fcejs.unsl.edu.ar\/#website","url":"https:\/\/www.fcejs.unsl.edu.ar\/","name":"Facultad de Ciencias Econ\u00f3micas, Jur\u00ed\u00addicas y Sociales","description":"","publisher":{"@id":"https:\/\/www.fcejs.unsl.edu.ar\/#organization"},"potentialAction":[{"@type":"SearchAction","target":{"@type":"EntryPoint","urlTemplate":"https:\/\/www.fcejs.unsl.edu.ar\/?s={search_term_string}"},"query-input":{"@type":"PropertyValueSpecification","valueRequired":true,"valueName":"search_term_string"}}],"inLanguage":"es-AR"},{"@type":"Organization","@id":"https:\/\/www.fcejs.unsl.edu.ar\/#organization","name":"Facultad de Ciencias Econ\u00f3micas, Jur\u00eddicas y Sociales","url":"https:\/\/www.fcejs.unsl.edu.ar\/","logo":{"@type":"ImageObject","inLanguage":"es-AR","@id":"https:\/\/www.fcejs.unsl.edu.ar\/#\/schema\/logo\/image\/","url":"https:\/\/www.fcejs.unsl.edu.ar\/wp-content\/uploads\/2021\/03\/logo-1.jpg","contentUrl":"https:\/\/www.fcejs.unsl.edu.ar\/wp-content\/uploads\/2021\/03\/logo-1.jpg","width":471,"height":146,"caption":"Facultad de Ciencias Econ\u00f3micas, Jur\u00eddicas y Sociales"},"image":{"@id":"https:\/\/www.fcejs.unsl.edu.ar\/#\/schema\/logo\/image\/"},"sameAs":["https:\/\/www.facebook.com\/FCEJS.UNSL\/","https:\/\/x.com\/FCEJSUNSL","https:\/\/www.instagram.com\/fcejs.unsl\/","https:\/\/www.youtube.com\/channel\/UCH-Ut6EaN_X5ogjIQMPe46g\/"]},{"@type":"Person","@id":"https:\/\/www.fcejs.unsl.edu.ar\/#\/schema\/person\/352ee6ed90c3f394c7cb5945f8956d34","name":"DATI"}]}},"jetpack_featured_media_url":"https:\/\/www.fcejs.unsl.edu.ar\/wp-content\/uploads\/2021\/03\/02.jpg","_links":{"self":[{"href":"https:\/\/www.fcejs.unsl.edu.ar\/index.php\/wp-json\/wp\/v2\/posts\/4999","targetHints":{"allow":["GET"]}}],"collection":[{"href":"https:\/\/www.fcejs.unsl.edu.ar\/index.php\/wp-json\/wp\/v2\/posts"}],"about":[{"href":"https:\/\/www.fcejs.unsl.edu.ar\/index.php\/wp-json\/wp\/v2\/types\/post"}],"author":[{"embeddable":true,"href":"https:\/\/www.fcejs.unsl.edu.ar\/index.php\/wp-json\/wp\/v2\/users\/9"}],"replies":[{"embeddable":true,"href":"https:\/\/www.fcejs.unsl.edu.ar\/index.php\/wp-json\/wp\/v2\/comments?post=4999"}],"version-history":[{"count":1,"href":"https:\/\/www.fcejs.unsl.edu.ar\/index.php\/wp-json\/wp\/v2\/posts\/4999\/revisions"}],"predecessor-version":[{"id":5000,"href":"https:\/\/www.fcejs.unsl.edu.ar\/index.php\/wp-json\/wp\/v2\/posts\/4999\/revisions\/5000"}],"wp:featuredmedia":[{"embeddable":true,"href":"https:\/\/www.fcejs.unsl.edu.ar\/index.php\/wp-json\/wp\/v2\/media\/2070"}],"wp:attachment":[{"href":"https:\/\/www.fcejs.unsl.edu.ar\/index.php\/wp-json\/wp\/v2\/media?parent=4999"}],"wp:term":[{"taxonomy":"category","embeddable":true,"href":"https:\/\/www.fcejs.unsl.edu.ar\/index.php\/wp-json\/wp\/v2\/categories?post=4999"},{"taxonomy":"post_tag","embeddable":true,"href":"https:\/\/www.fcejs.unsl.edu.ar\/index.php\/wp-json\/wp\/v2\/tags?post=4999"}],"curies":[{"name":"wp","href":"https:\/\/api.w.org\/{rel}","templated":true}]}}