{"id":4909,"date":"2021-08-30T09:40:03","date_gmt":"2021-08-30T12:40:03","guid":{"rendered":"http:\/\/10.101.10.197\/www\/?p=4909"},"modified":"2021-10-25T08:45:24","modified_gmt":"2021-10-25T11:45:24","slug":"clacso-seminarios-virtuales","status":"publish","type":"post","link":"https:\/\/www.fcejs.unsl.edu.ar\/index.php\/clacso-seminarios-virtuales\/","title":{"rendered":"CLACSO: Seminarios virtuales"},"content":{"rendered":"<p>El Consejo Latinoamericano de Ciencias Sociales (CLACSO) a trav\u00e9s del Espacio de Formaci\u00f3n Virtual de la Red CLACSO de Posgrados ofrece un completo programa de seminarios virtuales dirigido a investigadores e investigadoras, estudiantes de doctorado y maestr\u00eda, responsables de pol\u00edticas p\u00fablicas y p\u00fablico en general, interesados en realizar una formaci\u00f3n cr\u00edtica y rigurosa sobre los m\u00e1s diversos temas y disciplinas de las Ciencias Sociales, que dar\u00e1n comienzo en el mes de setiembre de 2021.<\/p>\n<p>La plataforma de ense\u00f1anza virtual de CLACSO ha sido pionera en el campo de la educaci\u00f3n virtual, desarrollando, desde hace casi dos d\u00e9cadas, cursos virtuales caracterizados por su calidad acad\u00e9mica y su compromiso pol\u00edtico con los grandes temas y problemas de nuestra regi\u00f3n. Usted puede ver el historial de los cursos virtuales dictados desde 1999 hasta la fecha aqu\u00ed.<\/p>\n<p><strong>Consultas: cursosvirtuales@clacso.edu.ar<\/strong><\/p>\n<p><strong>Listado de Cursos Virtuales<\/strong><\/p>\n<p>\u25ba <strong>El campo religioso en Am\u00e9rica Latina: continuidades, transformaciones y conflictos<\/strong><br \/>\nCoordinaci\u00f3n: Ren\u00e9e de la Torre (Centro de Investigaciones y Estudios en Antropolog\u00eda Social, M\u00e9xico) y Pablo Sem\u00e1n (Universidad Nacional de San Mart\u00edn, Argentina)<br \/>\n<a href=\"https:\/\/r.noticias.clacso.edu.ar\/mk\/cl\/f\/pPUtl7Lo1B6CDvwyANUDl3vRpHIqpeUlB2tKgl_nVzSVjyV_38kcfzfhRdbwqF6gKoXRyT83XewAm1Yq8YSpAWNMbX1jVPgx3VEnK8eWObvDK7HAsXy1D6npmxJFBEKufA3xhv22EUREbWUEtPl97_INU-UrSFD06g_HRundRg0ClY5bPselYmUWVpj_xqeYukumEsMRcKxxSaA7ahHsFPUoznxAGc5NzzXtG_s6r-0VhCtls7ujerRT3Slw3QwuHsbR6MRHfHU3IDY7VAuiSNhx\"><strong>[+] Informaci\u00f3n<\/strong><\/a><\/p>\n<p>\u25ba <strong>Ense\u00f1anza de la Historia en perspectiva latinoamericana: problem\u00e1ticas y desaf\u00edos<\/strong><br \/>\nCoordinaci\u00f3n: Sebasti\u00e1n Pl\u00e1 (Universidad Nacional Aut\u00f3noma de M\u00e9xico, M\u00e9xico)<br \/>\n<a href=\"https:\/\/r.noticias.clacso.edu.ar\/mk\/cl\/f\/AIHeblWDwUIzyulyw3JYfAtLK6JwYi6vIAcm0B4wH_H9kU62YFpGsjd7b_n8eJjQQd5O8OoSdO8koBPLwMl6y64R3QUM6N19OdeU5gLjqZhug_rDBG9cmcwxr5pMXkI60IOYF8CNvJ8MIxiF_gab_oOQtT3X5U731QhB9gThMAerZYaB3vKjL6zvVVIzs6GDByeyxT_VLcTzDAPv4Ayhmt4-6RwMxnIdikCc3OGkrAnLSn3Ea4HZXxZ16e9VYFPULYG2yhKnfgXSbYYZttiRw6zN\"><strong>[+] Informaci\u00f3n<\/strong><\/a><\/p>\n<p>\u25ba <strong>Debates conceptuales y metodol\u00f3gicos sobre el cuidado<\/strong><br \/>\nCoordinaci\u00f3n: Karina Batthy\u00e1ny (CLACSO y Universidad de la Rep\u00fablica, Uruguay), Joan Tronto (Universidad de Minnesota, Estados Unidos) y Valentina Perrotta (Universidad de la Rep\u00fablica, Uruguay)<br \/>\n<a href=\"https:\/\/r.noticias.clacso.edu.ar\/mk\/cl\/f\/QhB9pWxHNoG_cR1XPxKCa2fy5y1joBu0TahIHkSPVKZ2xrNxBYu4w8YSJHjP0fvO47zFmEJNbxAmP3mYEe0XgUqCMPONN5CDAnV4yWbMDxczbEeH5ND9UeY73AJAiqL0IqTVSCYKUWVbN4o3W1wl3MIKc2VrJLMPP4eWUO9SYv-MEBvK_jB0-a5vTVP8bWqGJi4frn1zJzqnJ9NJEPg9U4EYCfR48QX1i_4GX2VJcgdBhpyjbxlt\"><strong>[+] Informaci\u00f3n<\/strong><\/a><\/p>\n<p>\u25ba <strong>La organizaci\u00f3n social del cuidado<\/strong><br \/>\nCoordinaci\u00f3n: Eleonor Faur (Universidad Nacional de San Mart\u00edn, Argentina)<br \/>\n<a href=\"https:\/\/r.noticias.clacso.edu.ar\/mk\/cl\/f\/KyRzMwFsQNDRbXvdafmSpYmDlO0RIuykXJ3WO-bUT7TWY4S2QgtVpq_P2tv7SYKEKgZP1HpfCy-mOt8UTNHwlU1xbkeiMPKYZ4tYnUXvXo9QZGKX-ctBrUG3n_ibrdh-PUmaDA4K5LDVahuon1Nc9O-Ux5182wataYqedGO1UcZKUI2G_PJmKb0U2Fc5Wzi7FQQqaGCMvIoUhpDeYMokAC4mmnSPsg\"><strong>[+] Informaci\u00f3n<\/strong><\/a><\/p>\n<p>\u25ba <strong>Educaci\u00f3n ambiental: un abordaje desde la pedagog\u00eda del conflicto ambiental<\/strong><br \/>\nCoordinaci\u00f3n: Edgar Gonz\u00e1lez Gaudiano (Universidad Nacional de Educaci\u00f3n a Distancia, M\u00e9xico), Mar\u00eda Laura Canciani (Universidad Nacional de Moreno, Argentina) y Aldana Telias (Universidad Nacional de Luj\u00e1n, Argentina)<br \/>\n<a href=\"https:\/\/r.noticias.clacso.edu.ar\/mk\/cl\/f\/v3vYrfoz6KZGhZSfvEdiNfFJWgMvWmBycvjm9GtWnSKYOVuZKN1CCRimdqCy_a3B8HbluKtOtIMRn_vpdrToWIySGOPa-dFGrm_RXr3dlblyAmmgW08x97jqlpYJkcncYxrhBJSedEYAXWqf1VQ0o0oFMuS2BcZiAmeIoX874n9NqYlrL5qmRsZaPvECaI08Rxuww1aOywyaqEDH1scOTICrcJzeF9-ZxzVNCnPSNHOtHp3OsJ0q7PU4dGePkr2nhGBB1UnEiluLo1h0\"><strong>[+] Informaci\u00f3n<\/strong><\/a><\/p>\n<p>\u25ba<strong> Historia y memoria: distinciones conceptuales y posibilidades pol\u00edticas para su ense\u00f1anza en el campo de las ciencias sociales<\/strong><br \/>\nCoordinaci\u00f3n: Sandra Patricia Rodr\u00edguez \u00c1vila y Wilson Armando Acosta Jim\u00e9nez (Universidad Pedag\u00f3gica Nacional, Colombia)<br \/>\n<a href=\"https:\/\/r.noticias.clacso.edu.ar\/mk\/cl\/f\/OY-k2viNyh2phawX6KjwI4uKcYPZ-fVitSjPjaDJzzWALKU1yNRD6RvkOU3Xk9F4Eac6D-YoSX2f0m7o_UlUgLVX9CUNmUqLpTvfatNEnaY58hIHbDKryi0TIMwRT5e332_oilekocdanPPTYxVgjqaK-JxS4OMhaEV-BvgYMdapmyH4JWGH2al9rNRUdOYz8SZmubPy3x2g-udV91B8-wP6LdjkSxNhTgPY5yLt0rOETTOE-rDB2IlxHrBgIwLE2CIbJ1w5zBpplYgFMtRVHWyQfIIiP57wFOL5XhDE5bNKNjv4wyVSh-PmUht-9k5MvHfmXLVtzTttvyq2N4L-F0oBOiGaJ1cEJ9xnEe0Fnm5yJhJxdWej38JjMfgl3nWJlwLhKuHu8Cc\"><strong>[+] Informaci\u00f3n<\/strong><\/a><\/p>\n<p>\u25ba <strong>Educaci\u00f3n, g\u00e9nero y pol\u00edticas contra la violencia de g\u00e9nero en la escuela<\/strong><br \/>\nCoordinaci\u00f3n: Graciela Morgade, Paula Fainsod y Jesica B\u00e1ez (Universidad de Buenos Aires, Argentina)<br \/>\n<a href=\"https:\/\/r.noticias.clacso.edu.ar\/mk\/cl\/f\/dZerMw1QRFra30TDneidSX6EL7cKVETnfeWx-s_WwUtcZEbxalkZ9wmH0THNeiwtwXqzymLZfgnol5MMCC3pcR1IoDU5V0Lav8akbF8Me0h8xO8Ai46ISaNUoDS7zkSC1hD8_8QDMZx9_tURdRT2C8oqFdJz680XFU7UaL4U6HTUMcGzo5uLz2b9urU8THDEBAP3Mhp5esB6q21DEgK9xin-3b4x8bnRBVqmJjwKGxaCz9GzDwL4lU_Kd-pRmkIiIZMzVzlHF5bLEA\"><strong>[+] Informaci\u00f3n<\/strong><\/a><\/p>\n<p>\u25ba <strong>Debates conceptuales y enfoques te\u00f3ricos en torno a la violencia por razones de g\u00e9nero desde una perspectiva interseccional<\/strong><br \/>\nCoordinaci\u00f3n: Vivian Souza (Universidad del Estado de Rio de Janeiro, Brasil)<br \/>\n<a href=\"https:\/\/r.noticias.clacso.edu.ar\/mk\/cl\/f\/044fLzbqaDE2iv6XUZgLyOpfpZeG1HKt8qIf6vL8GllFdgbgJ3gEPcMw9zcWDMPxqNmkof4_gvyTZ8mKjKyOOj4ti0JjqKUYYeuH6XXwgt_OhJwwHTXNchby0NUOILf9aD9R9sMczWlxhbtc1VhLbrZrXFjG2jweJ9Uqv0ajnnmTEEjZRLCapZTmjMIsOq7ypbAGmoifpCN848x5pF9kuL6rgbCtMvFVMtznAZqdcla56zBAczQaE5f2EQDYGyDHdrZIFjCRgOeg5QFDyDXxAETbCBxNzNWBwWXepXtoDgQw9bmzxJRw0N3HTUUfnFnKtDrtZwkwpCCIt52zmg\"><strong>[+] Informaci\u00f3n<\/strong><\/a><\/p>\n<p>\u25ba<strong> Feminismos negros<\/strong><br \/>\nCoordinaci\u00f3n: Rosa Campoalegre Septien (Centro de Investigaciones Psicologicas y Sociol\u00f3gicas, Cuba) y Claudia Miranda (Universidade Federal do Estado do Rio de Janeiro, Brasil)<br \/>\n<a href=\"https:\/\/r.noticias.clacso.edu.ar\/mk\/cl\/f\/IgW6rEj06cttEs09xo2QulN04BzstgyewZSai8S-e8GMfkodeWGyD7DzNLPCYHWjEWsmxCK9mDaC96DWzbglR84OosgFQWd999HU3sBRuWznWZ5XrdmxczNGUttFJyZysoKT3IeqwqAtg83Grt1ywkRlafYGfWRj6FAOGW1uODrFEPYx32ZkmR9aZvHiPq5eKhjfbblLEYYRfozrhQNNb66i6lf0iPEiaEFGh6jwoYDANuU4Yugv21ZlTulGII2kQ88INvwWWVdtKw\"><strong>[+] Informaci\u00f3n<\/strong><\/a><\/p>\n<p>\u25ba<strong> Enfrentando el racismo epist\u00e9mico<\/strong><br \/>\nCoordinaci\u00f3n: Anna Canavarro Benite (Universidade Federal de Goi\u00e1s, Brasil) y Anny Ocor\u00f3 Loango (Facultad Latinoamericana de Ciencias Sociales, Argentina)<br \/>\n<a href=\"https:\/\/r.noticias.clacso.edu.ar\/mk\/cl\/f\/r8B7bID_brgu4VaDUidT6W0IVCQANE8Im9IjtIxRpRLooK9GnMEEJTY0assl9wCy4c_XTA_ZbLaMeS6Q4bbfKJN75CjOeN6Rwb_0mW2jUL84my087fDZhGwcgsjQvUAbuI136TeRlUSDrGOn5E2JJV6Y_cWhKgh6xqbpYbymu0AI8-azaRPgaKyvBTLwinJIbpFqxME3skGIvLtDqTkCPq1eDQWhOQ\"><strong>[+] Informaci\u00f3n<\/strong><\/a><\/p>\n<p>\u25ba<strong> La ense\u00f1anza de las ciencias sociales frente a los desaf\u00edos de la digitalidad<\/strong><br \/>\nCoordinaci\u00f3n: In\u00e9s Dussel (DIE-CINVESTAV, M\u00e9xico), Patricia Ferrante y Manuel Becerra (Universidad Pedag\u00f3gica Nacional, Argentina)<br \/>\n<a href=\"https:\/\/r.noticias.clacso.edu.ar\/mk\/cl\/f\/KvQlarBJBWC5cKo6fPmCEqnzAZF3p3wB37PmibgdGO7EpQ0dIkRDygWWOWiFciiCRGqvozXYBc_sWnlqFAFkumPW-_smnhHtdeRVEOY7gtGvu_CBWpdPgiXY6yEY5pF4Ddu60fY7bxp4tJImLuB5QffsOCWPAhGttfCiT--wbn5wQFlgzpDFzKk1NDWIWq6N-cwr-a9Iv0dKR3kEkWtRhELkvgf2A6MvalSGR80nXsLS3WTJwP5WCtuxZFO5MkLw9MGvwpXbkOFKUlob5HIMG-Y6\"><strong>[+] Informaci\u00f3n<\/strong><\/a><\/p>\n<p>\u25ba <strong>Mujeres, migraciones y refugios: violencias y vulnerabilidades<\/strong><br \/>\nCoordinaci\u00f3n: Elaini Silva (FLACSO Brasil)<br \/>\n<a href=\"https:\/\/r.noticias.clacso.edu.ar\/mk\/cl\/f\/_QWzboRz9WZVsZ2pWB0XRFMkLmVoS65B8co6uuP4ddSMeN3hBEq4ScmdrchhwB6hT6vyXiEviB3M-NNy8cThMmM1CgBw2aYe_Ghl9OV8PvhdOFqrTA5s-KCCP1b3pxwN5Slf04YfeNM-1cm2IZu1DKMJd6BUt9mso_bNumswncjt1JuCGkECXcX_jZhp0IoOrrXM98cUHxlz_5bhrTWgDlVnl9s0unvvtf-ppSJNHlylBqbo8gqM4PL1ZTlk7l8\"><strong>[+] Informaci\u00f3n<\/strong><\/a><\/p>\n<p>\u25ba <strong>Educar a trav\u00e9s de los museos. Ense\u00f1anza del pasado, formaci\u00f3n de la ciudadan\u00eda y curadur\u00eda did\u00e1ctica<\/strong><br \/>\nCoordinaci\u00f3n: \u00c1lvaro Fern\u00e1ndez Bravo (CONICET, Argentina)<\/p>\n<p><a href=\"https:\/\/r.noticias.clacso.edu.ar\/mk\/cl\/f\/u-agh9kS15Aowl-n2LeOwD5sp8FFXRuZDVCRuoD1pfcvsJH4fDNUvfw5nDNBZkupSmuP7omrsbaKoTS9lFmgxz6tqzhZEfBm_yZmAN1PaIMYt2jZp2Wrz_oBd387XHs4RMZ4wWfKWgpOrFiIMpfLlqwKBjA8CUMwvQANIXrVrmtnI5_lTsncPKQWVKw3asRiiSnb9BuREw5gckwawQxErLnoI6RsQSyMi6QNxYN2hfMUm9bdi3pEhpX9iMvyQc9mZ-adMV4cX1El6KNuvnQ_UeG2AxZJnSBxVpy2ragNhKjzMFVAPAg\"><strong>[+] Informaci\u00f3n<\/strong><\/a><\/p>\n<p>\u25ba <strong>Memorias colectivas y luchas pol\u00edticas<\/strong><br \/>\nCoordinaci\u00f3n: Isabel Piper Shafir (Universidad de Chile)<br \/>\n<a href=\"https:\/\/r.noticias.clacso.edu.ar\/mk\/cl\/f\/lwESUa8_rzQvm4M1dORdiTsoCsaob4pHB9gyjZKHRbPQ3asWsWH4HkbMHJK2uEJFJmyggSCWmJjOapmM2jYiNDDnnWao9xF8-6xUFR70UpbE8PXOBoneJEX2DQZSzSKRbXlb_do58MZL-SjfbK4xzMT0dwH_-JjeW6x1Kl6cPvOed1X5ogU9rOey_9M4p4DMaxKAgs8yEUKFH9hwq6cLHM9ljf96D8y-QT1Q\"><strong>[+] Informaci\u00f3n<\/strong><\/a><\/p>\n<p>\u25ba<strong> Memorias colectivas y perspectivas feministas<\/strong><br \/>\nCoordinaci\u00f3n: Caterine Galaz (Universidad de Chile) y Marisela Montenegro (Universidad Aut\u00f3noma de Barcelona)<br \/>\n<a href=\"https:\/\/r.noticias.clacso.edu.ar\/mk\/cl\/f\/7sF_7EU09EbYK8sPtz_2luxqwu60S2WxlU6xS2L2SldyLi1O2aXQ3kOV-Tsmevuf5WVcJophqW2UkIHTHWLvykdL1fc50js9md0OFUYkwQ_f1A3XjSC1fdZMIpwkxWLg5RpnOuLi7XTcWkVfnorvYo98GaSw9gYY0HAXlFdcqYhpbEgEo4kGCUugB_T1zSXVO3Bw-vBaZaQ_zueeZTahl7vEDw14Kgy6wqyQcwaBHYTxEw\"><strong>[+] Informaci\u00f3n<\/strong><\/a><\/p>\n<p>\u25ba<strong> Memorias migrantes<\/strong><br \/>\nCoordinaci\u00f3n: Bel\u00e9n Rojas Silva (Universidad de Utrecht, Pa\u00edses Bajos)<br \/>\n<a href=\"https:\/\/r.noticias.clacso.edu.ar\/mk\/cl\/f\/tG-GikYptLqakCzY6qQ5rQJa9QNq2yHyxIRMbInlXZZyGqJTFtr-F_XN9lbh6pwgy8mDsEDka5PsVYeSRw38cjpizNcXg-Lpap90eE_1Ogas9xRTkR4zSTbE3biTEjr3lPvvikkEM0E4wwyCoF3k3OoOgyHzxyKRWG7q2zdhKqLy5OT9KyN9O6DOz5jUhgH45NtEYbNXhw\"><strong>[+] Informaci\u00f3n<\/strong><\/a><\/p>\n<p><a href=\"https:\/\/r.noticias.clacso.edu.ar\/mk\/cl\/f\/a-KvT7RNSpDwrrNF5dV2dlm-zVOgwNp57tRUikDSbcsZnsZKGUWhxlefQW5BXqdBRb44ie3S8OOTC2rYIE4MUs5DE4bV31sK5i0pJwYZ14aOJAt5ST6IKFYxJQxbYkZodnkZcPbOo7Yte0przYaIoeC72T_DfaaKArOYbVN6F916s-biIxHCSCg89m0wGuI8IX_GX3cHE2xEK1fAvX6tEeZkNA\"><strong>INFORMES E INSCRIPCI\u00d3N<\/strong><\/a><\/p>\n","protected":false},"excerpt":{"rendered":"<p>El Consejo Latinoamericano de Ciencias Sociales (CLACSO) a trav\u00e9s del Espacio de Formaci\u00f3n Virtual de la Red CLACSO de Posgrados ofrece un completo programa de&hellip;<\/p>\n","protected":false},"author":9,"featured_media":4911,"comment_status":"closed","ping_status":"closed","sticky":false,"template":"","format":"standard","meta":{"om_disable_all_campaigns":false,"_monsterinsights_skip_tracking":false,"_monsterinsights_sitenote_active":false,"_monsterinsights_sitenote_note":"","_monsterinsights_sitenote_category":0,"footnotes":""},"categories":[20],"tags":[],"class_list":["post-4909","post","type-post","status-publish","format-standard","has-post-thumbnail","hentry","category-medios"],"yoast_head":"<!-- This site is optimized with the Yoast SEO plugin v27.4 - https:\/\/yoast.com\/product\/yoast-seo-wordpress\/ -->\n<title>CLACSO: Seminarios virtuales - Facultad de Ciencias Econ\u00f3micas, Jur\u00ed\u00addicas y Sociales<\/title>\n<meta name=\"robots\" content=\"index, follow, max-snippet:-1, max-image-preview:large, max-video-preview:-1\" \/>\n<link rel=\"canonical\" href=\"https:\/\/www.fcejs.unsl.edu.ar\/index.php\/clacso-seminarios-virtuales\/\" \/>\n<meta property=\"og:locale\" content=\"es_ES\" \/>\n<meta property=\"og:type\" content=\"article\" \/>\n<meta property=\"og:title\" content=\"CLACSO: Seminarios virtuales - Facultad de Ciencias Econ\u00f3micas, Jur\u00ed\u00addicas y Sociales\" \/>\n<meta property=\"og:description\" content=\"El Consejo Latinoamericano de Ciencias Sociales (CLACSO) a trav\u00e9s del Espacio de Formaci\u00f3n Virtual de la Red CLACSO de Posgrados ofrece un completo programa de&hellip;\" \/>\n<meta property=\"og:url\" content=\"https:\/\/www.fcejs.unsl.edu.ar\/index.php\/clacso-seminarios-virtuales\/\" \/>\n<meta property=\"og:site_name\" content=\"Facultad de Ciencias Econ\u00f3micas, Jur\u00ed\u00addicas y Sociales\" \/>\n<meta property=\"article:publisher\" content=\"https:\/\/www.facebook.com\/FCEJS.UNSL\/\" \/>\n<meta property=\"article:published_time\" content=\"2021-08-30T12:40:03+00:00\" \/>\n<meta property=\"article:modified_time\" content=\"2021-10-25T11:45:24+00:00\" \/>\n<meta property=\"og:image\" content=\"https:\/\/www.fcejs.unsl.edu.ar\/wp-content\/uploads\/2021\/08\/1-1.jpg\" \/>\n\t<meta property=\"og:image:width\" content=\"796\" \/>\n\t<meta property=\"og:image:height\" content=\"664\" \/>\n\t<meta property=\"og:image:type\" content=\"image\/jpeg\" \/>\n<meta name=\"author\" content=\"DATI\" \/>\n<meta name=\"twitter:card\" content=\"summary_large_image\" \/>\n<meta name=\"twitter:creator\" content=\"@FCEJSUNSL\" \/>\n<meta name=\"twitter:site\" content=\"@FCEJSUNSL\" \/>\n<meta name=\"twitter:label1\" content=\"Escrito por\" \/>\n\t<meta name=\"twitter:data1\" content=\"DATI\" \/>\n\t<meta name=\"twitter:label2\" content=\"Tiempo de lectura\" \/>\n\t<meta name=\"twitter:data2\" content=\"3 minutos\" \/>\n<script type=\"application\/ld+json\" class=\"yoast-schema-graph\">{\"@context\":\"https:\\\/\\\/schema.org\",\"@graph\":[{\"@type\":\"Article\",\"@id\":\"https:\\\/\\\/www.fcejs.unsl.edu.ar\\\/index.php\\\/clacso-seminarios-virtuales\\\/#article\",\"isPartOf\":{\"@id\":\"https:\\\/\\\/www.fcejs.unsl.edu.ar\\\/index.php\\\/clacso-seminarios-virtuales\\\/\"},\"author\":{\"name\":\"DATI\",\"@id\":\"https:\\\/\\\/www.fcejs.unsl.edu.ar\\\/#\\\/schema\\\/person\\\/352ee6ed90c3f394c7cb5945f8956d34\"},\"headline\":\"CLACSO: Seminarios virtuales\",\"datePublished\":\"2021-08-30T12:40:03+00:00\",\"dateModified\":\"2021-10-25T11:45:24+00:00\",\"mainEntityOfPage\":{\"@id\":\"https:\\\/\\\/www.fcejs.unsl.edu.ar\\\/index.php\\\/clacso-seminarios-virtuales\\\/\"},\"wordCount\":639,\"publisher\":{\"@id\":\"https:\\\/\\\/www.fcejs.unsl.edu.ar\\\/#organization\"},\"image\":{\"@id\":\"https:\\\/\\\/www.fcejs.unsl.edu.ar\\\/index.php\\\/clacso-seminarios-virtuales\\\/#primaryimage\"},\"thumbnailUrl\":\"https:\\\/\\\/www.fcejs.unsl.edu.ar\\\/wp-content\\\/uploads\\\/2021\\\/08\\\/1-1.jpg\",\"articleSection\":[\"Medios\"],\"inLanguage\":\"es-AR\"},{\"@type\":\"WebPage\",\"@id\":\"https:\\\/\\\/www.fcejs.unsl.edu.ar\\\/index.php\\\/clacso-seminarios-virtuales\\\/\",\"url\":\"https:\\\/\\\/www.fcejs.unsl.edu.ar\\\/index.php\\\/clacso-seminarios-virtuales\\\/\",\"name\":\"CLACSO: Seminarios virtuales - Facultad de Ciencias Econ\u00f3micas, Jur\u00ed\u00addicas y Sociales\",\"isPartOf\":{\"@id\":\"https:\\\/\\\/www.fcejs.unsl.edu.ar\\\/#website\"},\"primaryImageOfPage\":{\"@id\":\"https:\\\/\\\/www.fcejs.unsl.edu.ar\\\/index.php\\\/clacso-seminarios-virtuales\\\/#primaryimage\"},\"image\":{\"@id\":\"https:\\\/\\\/www.fcejs.unsl.edu.ar\\\/index.php\\\/clacso-seminarios-virtuales\\\/#primaryimage\"},\"thumbnailUrl\":\"https:\\\/\\\/www.fcejs.unsl.edu.ar\\\/wp-content\\\/uploads\\\/2021\\\/08\\\/1-1.jpg\",\"datePublished\":\"2021-08-30T12:40:03+00:00\",\"dateModified\":\"2021-10-25T11:45:24+00:00\",\"breadcrumb\":{\"@id\":\"https:\\\/\\\/www.fcejs.unsl.edu.ar\\\/index.php\\\/clacso-seminarios-virtuales\\\/#breadcrumb\"},\"inLanguage\":\"es-AR\",\"potentialAction\":[{\"@type\":\"ReadAction\",\"target\":[\"https:\\\/\\\/www.fcejs.unsl.edu.ar\\\/index.php\\\/clacso-seminarios-virtuales\\\/\"]}]},{\"@type\":\"ImageObject\",\"inLanguage\":\"es-AR\",\"@id\":\"https:\\\/\\\/www.fcejs.unsl.edu.ar\\\/index.php\\\/clacso-seminarios-virtuales\\\/#primaryimage\",\"url\":\"https:\\\/\\\/www.fcejs.unsl.edu.ar\\\/wp-content\\\/uploads\\\/2021\\\/08\\\/1-1.jpg\",\"contentUrl\":\"https:\\\/\\\/www.fcejs.unsl.edu.ar\\\/wp-content\\\/uploads\\\/2021\\\/08\\\/1-1.jpg\",\"width\":796,\"height\":664},{\"@type\":\"BreadcrumbList\",\"@id\":\"https:\\\/\\\/www.fcejs.unsl.edu.ar\\\/index.php\\\/clacso-seminarios-virtuales\\\/#breadcrumb\",\"itemListElement\":[{\"@type\":\"ListItem\",\"position\":1,\"name\":\"Inicio\",\"item\":\"https:\\\/\\\/www.fcejs.unsl.edu.ar\\\/\"},{\"@type\":\"ListItem\",\"position\":2,\"name\":\"CLACSO: Seminarios virtuales\"}]},{\"@type\":\"WebSite\",\"@id\":\"https:\\\/\\\/www.fcejs.unsl.edu.ar\\\/#website\",\"url\":\"https:\\\/\\\/www.fcejs.unsl.edu.ar\\\/\",\"name\":\"Facultad de Ciencias Econ\u00f3micas, Jur\u00ed\u00addicas y Sociales\",\"description\":\"\",\"publisher\":{\"@id\":\"https:\\\/\\\/www.fcejs.unsl.edu.ar\\\/#organization\"},\"potentialAction\":[{\"@type\":\"SearchAction\",\"target\":{\"@type\":\"EntryPoint\",\"urlTemplate\":\"https:\\\/\\\/www.fcejs.unsl.edu.ar\\\/?s={search_term_string}\"},\"query-input\":{\"@type\":\"PropertyValueSpecification\",\"valueRequired\":true,\"valueName\":\"search_term_string\"}}],\"inLanguage\":\"es-AR\"},{\"@type\":\"Organization\",\"@id\":\"https:\\\/\\\/www.fcejs.unsl.edu.ar\\\/#organization\",\"name\":\"Facultad de Ciencias Econ\u00f3micas, Jur\u00eddicas y Sociales\",\"url\":\"https:\\\/\\\/www.fcejs.unsl.edu.ar\\\/\",\"logo\":{\"@type\":\"ImageObject\",\"inLanguage\":\"es-AR\",\"@id\":\"https:\\\/\\\/www.fcejs.unsl.edu.ar\\\/#\\\/schema\\\/logo\\\/image\\\/\",\"url\":\"https:\\\/\\\/www.fcejs.unsl.edu.ar\\\/wp-content\\\/uploads\\\/2021\\\/03\\\/logo-1.jpg\",\"contentUrl\":\"https:\\\/\\\/www.fcejs.unsl.edu.ar\\\/wp-content\\\/uploads\\\/2021\\\/03\\\/logo-1.jpg\",\"width\":471,\"height\":146,\"caption\":\"Facultad de Ciencias Econ\u00f3micas, Jur\u00eddicas y Sociales\"},\"image\":{\"@id\":\"https:\\\/\\\/www.fcejs.unsl.edu.ar\\\/#\\\/schema\\\/logo\\\/image\\\/\"},\"sameAs\":[\"https:\\\/\\\/www.facebook.com\\\/FCEJS.UNSL\\\/\",\"https:\\\/\\\/x.com\\\/FCEJSUNSL\",\"https:\\\/\\\/www.instagram.com\\\/fcejs.unsl\\\/\",\"https:\\\/\\\/www.youtube.com\\\/channel\\\/UCH-Ut6EaN_X5ogjIQMPe46g\\\/\"]},{\"@type\":\"Person\",\"@id\":\"https:\\\/\\\/www.fcejs.unsl.edu.ar\\\/#\\\/schema\\\/person\\\/352ee6ed90c3f394c7cb5945f8956d34\",\"name\":\"DATI\"}]}<\/script>\n<!-- \/ Yoast SEO plugin. -->","yoast_head_json":{"title":"CLACSO: Seminarios virtuales - Facultad de Ciencias Econ\u00f3micas, Jur\u00ed\u00addicas y Sociales","robots":{"index":"index","follow":"follow","max-snippet":"max-snippet:-1","max-image-preview":"max-image-preview:large","max-video-preview":"max-video-preview:-1"},"canonical":"https:\/\/www.fcejs.unsl.edu.ar\/index.php\/clacso-seminarios-virtuales\/","og_locale":"es_ES","og_type":"article","og_title":"CLACSO: Seminarios virtuales - Facultad de Ciencias Econ\u00f3micas, Jur\u00ed\u00addicas y Sociales","og_description":"El Consejo Latinoamericano de Ciencias Sociales (CLACSO) a trav\u00e9s del Espacio de Formaci\u00f3n Virtual de la Red CLACSO de Posgrados ofrece un completo programa de&hellip;","og_url":"https:\/\/www.fcejs.unsl.edu.ar\/index.php\/clacso-seminarios-virtuales\/","og_site_name":"Facultad de Ciencias Econ\u00f3micas, Jur\u00ed\u00addicas y Sociales","article_publisher":"https:\/\/www.facebook.com\/FCEJS.UNSL\/","article_published_time":"2021-08-30T12:40:03+00:00","article_modified_time":"2021-10-25T11:45:24+00:00","og_image":[{"width":796,"height":664,"url":"https:\/\/www.fcejs.unsl.edu.ar\/wp-content\/uploads\/2021\/08\/1-1.jpg","type":"image\/jpeg"}],"author":"DATI","twitter_card":"summary_large_image","twitter_creator":"@FCEJSUNSL","twitter_site":"@FCEJSUNSL","twitter_misc":{"Escrito por":"DATI","Tiempo de lectura":"3 minutos"},"schema":{"@context":"https:\/\/schema.org","@graph":[{"@type":"Article","@id":"https:\/\/www.fcejs.unsl.edu.ar\/index.php\/clacso-seminarios-virtuales\/#article","isPartOf":{"@id":"https:\/\/www.fcejs.unsl.edu.ar\/index.php\/clacso-seminarios-virtuales\/"},"author":{"name":"DATI","@id":"https:\/\/www.fcejs.unsl.edu.ar\/#\/schema\/person\/352ee6ed90c3f394c7cb5945f8956d34"},"headline":"CLACSO: Seminarios virtuales","datePublished":"2021-08-30T12:40:03+00:00","dateModified":"2021-10-25T11:45:24+00:00","mainEntityOfPage":{"@id":"https:\/\/www.fcejs.unsl.edu.ar\/index.php\/clacso-seminarios-virtuales\/"},"wordCount":639,"publisher":{"@id":"https:\/\/www.fcejs.unsl.edu.ar\/#organization"},"image":{"@id":"https:\/\/www.fcejs.unsl.edu.ar\/index.php\/clacso-seminarios-virtuales\/#primaryimage"},"thumbnailUrl":"https:\/\/www.fcejs.unsl.edu.ar\/wp-content\/uploads\/2021\/08\/1-1.jpg","articleSection":["Medios"],"inLanguage":"es-AR"},{"@type":"WebPage","@id":"https:\/\/www.fcejs.unsl.edu.ar\/index.php\/clacso-seminarios-virtuales\/","url":"https:\/\/www.fcejs.unsl.edu.ar\/index.php\/clacso-seminarios-virtuales\/","name":"CLACSO: Seminarios virtuales - Facultad de Ciencias Econ\u00f3micas, Jur\u00ed\u00addicas y Sociales","isPartOf":{"@id":"https:\/\/www.fcejs.unsl.edu.ar\/#website"},"primaryImageOfPage":{"@id":"https:\/\/www.fcejs.unsl.edu.ar\/index.php\/clacso-seminarios-virtuales\/#primaryimage"},"image":{"@id":"https:\/\/www.fcejs.unsl.edu.ar\/index.php\/clacso-seminarios-virtuales\/#primaryimage"},"thumbnailUrl":"https:\/\/www.fcejs.unsl.edu.ar\/wp-content\/uploads\/2021\/08\/1-1.jpg","datePublished":"2021-08-30T12:40:03+00:00","dateModified":"2021-10-25T11:45:24+00:00","breadcrumb":{"@id":"https:\/\/www.fcejs.unsl.edu.ar\/index.php\/clacso-seminarios-virtuales\/#breadcrumb"},"inLanguage":"es-AR","potentialAction":[{"@type":"ReadAction","target":["https:\/\/www.fcejs.unsl.edu.ar\/index.php\/clacso-seminarios-virtuales\/"]}]},{"@type":"ImageObject","inLanguage":"es-AR","@id":"https:\/\/www.fcejs.unsl.edu.ar\/index.php\/clacso-seminarios-virtuales\/#primaryimage","url":"https:\/\/www.fcejs.unsl.edu.ar\/wp-content\/uploads\/2021\/08\/1-1.jpg","contentUrl":"https:\/\/www.fcejs.unsl.edu.ar\/wp-content\/uploads\/2021\/08\/1-1.jpg","width":796,"height":664},{"@type":"BreadcrumbList","@id":"https:\/\/www.fcejs.unsl.edu.ar\/index.php\/clacso-seminarios-virtuales\/#breadcrumb","itemListElement":[{"@type":"ListItem","position":1,"name":"Inicio","item":"https:\/\/www.fcejs.unsl.edu.ar\/"},{"@type":"ListItem","position":2,"name":"CLACSO: Seminarios virtuales"}]},{"@type":"WebSite","@id":"https:\/\/www.fcejs.unsl.edu.ar\/#website","url":"https:\/\/www.fcejs.unsl.edu.ar\/","name":"Facultad de Ciencias Econ\u00f3micas, Jur\u00ed\u00addicas y Sociales","description":"","publisher":{"@id":"https:\/\/www.fcejs.unsl.edu.ar\/#organization"},"potentialAction":[{"@type":"SearchAction","target":{"@type":"EntryPoint","urlTemplate":"https:\/\/www.fcejs.unsl.edu.ar\/?s={search_term_string}"},"query-input":{"@type":"PropertyValueSpecification","valueRequired":true,"valueName":"search_term_string"}}],"inLanguage":"es-AR"},{"@type":"Organization","@id":"https:\/\/www.fcejs.unsl.edu.ar\/#organization","name":"Facultad de Ciencias Econ\u00f3micas, Jur\u00eddicas y Sociales","url":"https:\/\/www.fcejs.unsl.edu.ar\/","logo":{"@type":"ImageObject","inLanguage":"es-AR","@id":"https:\/\/www.fcejs.unsl.edu.ar\/#\/schema\/logo\/image\/","url":"https:\/\/www.fcejs.unsl.edu.ar\/wp-content\/uploads\/2021\/03\/logo-1.jpg","contentUrl":"https:\/\/www.fcejs.unsl.edu.ar\/wp-content\/uploads\/2021\/03\/logo-1.jpg","width":471,"height":146,"caption":"Facultad de Ciencias Econ\u00f3micas, Jur\u00eddicas y Sociales"},"image":{"@id":"https:\/\/www.fcejs.unsl.edu.ar\/#\/schema\/logo\/image\/"},"sameAs":["https:\/\/www.facebook.com\/FCEJS.UNSL\/","https:\/\/x.com\/FCEJSUNSL","https:\/\/www.instagram.com\/fcejs.unsl\/","https:\/\/www.youtube.com\/channel\/UCH-Ut6EaN_X5ogjIQMPe46g\/"]},{"@type":"Person","@id":"https:\/\/www.fcejs.unsl.edu.ar\/#\/schema\/person\/352ee6ed90c3f394c7cb5945f8956d34","name":"DATI"}]}},"jetpack_featured_media_url":"https:\/\/www.fcejs.unsl.edu.ar\/wp-content\/uploads\/2021\/08\/1-1.jpg","_links":{"self":[{"href":"https:\/\/www.fcejs.unsl.edu.ar\/index.php\/wp-json\/wp\/v2\/posts\/4909","targetHints":{"allow":["GET"]}}],"collection":[{"href":"https:\/\/www.fcejs.unsl.edu.ar\/index.php\/wp-json\/wp\/v2\/posts"}],"about":[{"href":"https:\/\/www.fcejs.unsl.edu.ar\/index.php\/wp-json\/wp\/v2\/types\/post"}],"author":[{"embeddable":true,"href":"https:\/\/www.fcejs.unsl.edu.ar\/index.php\/wp-json\/wp\/v2\/users\/9"}],"replies":[{"embeddable":true,"href":"https:\/\/www.fcejs.unsl.edu.ar\/index.php\/wp-json\/wp\/v2\/comments?post=4909"}],"version-history":[{"count":2,"href":"https:\/\/www.fcejs.unsl.edu.ar\/index.php\/wp-json\/wp\/v2\/posts\/4909\/revisions"}],"predecessor-version":[{"id":4912,"href":"https:\/\/www.fcejs.unsl.edu.ar\/index.php\/wp-json\/wp\/v2\/posts\/4909\/revisions\/4912"}],"wp:featuredmedia":[{"embeddable":true,"href":"https:\/\/www.fcejs.unsl.edu.ar\/index.php\/wp-json\/wp\/v2\/media\/4911"}],"wp:attachment":[{"href":"https:\/\/www.fcejs.unsl.edu.ar\/index.php\/wp-json\/wp\/v2\/media?parent=4909"}],"wp:term":[{"taxonomy":"category","embeddable":true,"href":"https:\/\/www.fcejs.unsl.edu.ar\/index.php\/wp-json\/wp\/v2\/categories?post=4909"},{"taxonomy":"post_tag","embeddable":true,"href":"https:\/\/www.fcejs.unsl.edu.ar\/index.php\/wp-json\/wp\/v2\/tags?post=4909"}],"curies":[{"name":"wp","href":"https:\/\/api.w.org\/{rel}","templated":true}]}}