{"id":4874,"date":"2021-09-08T10:42:29","date_gmt":"2021-09-08T13:42:29","guid":{"rendered":"http:\/\/10.101.10.197\/www\/?p=4874"},"modified":"2021-09-13T08:22:48","modified_gmt":"2021-09-13T11:22:48","slug":"primera-colacion-de-grados-2021-en-villa-mercedes","status":"publish","type":"post","link":"https:\/\/www.fcejs.unsl.edu.ar\/index.php\/primera-colacion-de-grados-2021-en-villa-mercedes\/","title":{"rendered":"Primera Colaci\u00f3n de Grados 2021 en Villa Mercedes"},"content":{"rendered":"<p>La Subsecretar\u00eda de Comunicaci\u00f3n, Ceremonial y Protocolo informa que, el viernes de 10 de septiembre, se llevar\u00e1 a cabo el Acto Acad\u00e9mico de la Primera Colaci\u00f3n de Grados 2021 de la <strong>Facultad de Ciencias Econ\u00f3micas, Jur\u00eddicas y Sociales<\/strong> a partir de las 11h.<\/p>\n<p>Bajo un estricto protocolo de presencialidad adaptada, la ceremonia se celebrar\u00e1 en el aula 16 del Campus Universitario (Ruta Provincial N\u00b0 55, Extremo Norte).<\/p>\n<p>Los egresados deber\u00e1n concurrir con puntualidad munido de su documento de identidad. La ceremonia ser\u00e1 emitida por el canal de YouTube de UNSL. Al pie de la nota se adjunta el enlace de la transmisi\u00f3n.<\/p>\n<p><strong style=\"color: #800080;\">FACULTAD DE CIENCIAS ECON\u00d3MICAS, JUR\u00cdDICAS Y SOCIALES<\/strong><\/p>\n<p>Recibir\u00e1n sus Diplomas los siguientes egresados:<\/p>\n<p><strong>MARTILLERO Y CORREDOR P\u00daBLICO<\/strong><\/p>\n<ul>\n<li>Tobares, Norma Daiana<\/li>\n<li>Andr\u00e9, F\u00e9lix Maximino<\/li>\n<\/ul>\n<p><strong>PROCURADOR<\/strong><\/p>\n<ul>\n<li>Perassi, Mat\u00edas Nicol\u00e1s<\/li>\n<li>P\u00e9rez Figueroa, Laura Cecilia<\/li>\n<\/ul>\n<p><strong>TECNICATURA UNIVERSITARIA EN ACOMPA\u00d1AMIENTO TERAP\u00c9UTICO<\/strong><\/p>\n<ul>\n<li>Alaniz, Cinthia Marina<\/li>\n<li>Fiorani, Jesica Pamela<\/li>\n<li>Oviedo, Graciela Del Carmen<\/li>\n<\/ul>\n<p><strong>TECNICATURA UNIVERSITARIA EN ASISTENCIA JUR\u00cdDICA<\/strong><\/p>\n<ul>\n<li>C\u00e1ceres, Jorge Alejandro<\/li>\n<\/ul>\n<p><strong>TECNICATURA UNIVERSITARIA EN GESTI\u00d3N FINANCIERA<\/strong><\/p>\n<ul>\n<li>Vara, Claudio Marcelo<\/li>\n<\/ul>\n<p><strong>ABOGACIA<\/strong><\/p>\n<ul>\n<li>Cometto, Agustina Bel\u00e9n<\/li>\n<li>Suares, Facundo Cesar<\/li>\n<\/ul>\n<p><strong>CONTADOR P\u00daBLICO NACIONAL<\/strong><\/p>\n<ul>\n<li>Gurruchaga, Ignacio Nicol\u00e1s<\/li>\n<li>Rovira, Facundo Exequiel<\/li>\n<li>Salina, Amorina Evelyn<\/li>\n<li>Sena, Daniel Alejandro<\/li>\n<li>Noto, Paula Victoria<\/li>\n<li>Villegas, Virginia Jael<\/li>\n<\/ul>\n<p><strong>LICENCIATURA EN ADMINISTRACI\u00d3N<\/strong><\/p>\n<ul>\n<li>Gamaleri, Fabiana Andrea<\/li>\n<li>Bertoli, Sergio Javier<\/li>\n<\/ul>\n<p><strong>LICENCIATURA EN TRABAJO SOCIAL<\/strong><\/p>\n<ul>\n<li>G\u00f3mez, Valeria Edith<\/li>\n<li>Lemos, Jos\u00e9 Alberto<\/li>\n<\/ul>\n<p><strong>ESPECIALIZACI\u00d3N EN ESTUDIOS SOCIOECON\u00d3MICOS LATINOAMERICANOS<\/strong><\/p>\n<ul>\n<li>Morales, Hugo Adri\u00e1n<\/li>\n<li>Valinotti, Mar\u00eda Florencia<\/li>\n<\/ul>\n<p><strong>ESPECIALIZACI\u00d3N EN INTERVENCIONES SOCIALES NI\u00d1OS\/AS, ADOLESCENTES Y J\u00d3VENES<\/strong><\/p>\n<ul>\n<li>Galetto, Mar\u00eda Cristina<\/li>\n<\/ul>\n<p><strong>MAESTR\u00cdA &#8220;ECONOM\u00cdA Y NEGOCIOS&#8221;<\/strong><\/p>\n<ul>\n<li>Catuogno, Alicia Edith<\/li>\n<\/ul>\n<p><strong>MAESTR\u00cdA &#8220;SOCIEDAD E INSTITUCIONES&#8221;<\/strong><\/p>\n<ul>\n<li>Ingignioli, Pamela Luz<\/li>\n<\/ul>\n<p><strong>Diploma al M\u00e9rito Acad\u00e9mico<\/strong>: Andr\u00e9, F\u00e9lix Maximino (Martillero y Corredor P\u00fablico &#8211; 9,04); Alaniz, Cinthia Marina (T\u00e9cnico Universitario en Acompa\u00f1amiento Terap\u00e9utico &#8211; 9,05) y Fiorani, Jesica Pamela (T\u00e9cnico Universitario en Acompa\u00f1amiento Terap\u00e9utico &#8211; 9,15)<\/p>\n<p>&nbsp;<\/p>\n<p><iframe title=\"Acto colaci\u00f3n FCEJS Septiembre 2021\" width=\"843\" height=\"474\" src=\"https:\/\/www.youtube.com\/embed\/phrCf-eJnhU?feature=oembed\" frameborder=\"0\" allow=\"accelerometer; autoplay; clipboard-write; encrypted-media; gyroscope; picture-in-picture\" allowfullscreen><\/iframe><\/p>\n","protected":false},"excerpt":{"rendered":"<p>La Subsecretar\u00eda de Comunicaci\u00f3n, Ceremonial y Protocolo informa que, el viernes de 10 de septiembre, se llevar\u00e1 a cabo el Acto Acad\u00e9mico de la Primera&hellip;<\/p>\n","protected":false},"author":9,"featured_media":3947,"comment_status":"closed","ping_status":"closed","sticky":false,"template":"","format":"standard","meta":{"om_disable_all_campaigns":false,"_monsterinsights_skip_tracking":false,"_monsterinsights_sitenote_active":false,"_monsterinsights_sitenote_note":"","_monsterinsights_sitenote_category":0,"footnotes":""},"categories":[21],"tags":[],"class_list":["post-4874","post","type-post","status-publish","format-standard","has-post-thumbnail","hentry","category-archivadas"],"yoast_head":"<!-- This site is optimized with the Yoast SEO plugin v27.5 - https:\/\/yoast.com\/product\/yoast-seo-wordpress\/ -->\n<title>Primera Colaci\u00f3n de Grados 2021 en Villa Mercedes - Facultad de Ciencias Econ\u00f3micas, Jur\u00ed\u00addicas y Sociales<\/title>\n<meta name=\"robots\" content=\"index, follow, max-snippet:-1, max-image-preview:large, max-video-preview:-1\" \/>\n<link rel=\"canonical\" href=\"https:\/\/www.fcejs.unsl.edu.ar\/index.php\/primera-colacion-de-grados-2021-en-villa-mercedes\/\" \/>\n<meta property=\"og:locale\" content=\"es_ES\" \/>\n<meta property=\"og:type\" content=\"article\" \/>\n<meta property=\"og:title\" content=\"Primera Colaci\u00f3n de Grados 2021 en Villa Mercedes - Facultad de Ciencias Econ\u00f3micas, Jur\u00ed\u00addicas y Sociales\" \/>\n<meta property=\"og:description\" content=\"La Subsecretar\u00eda de Comunicaci\u00f3n, Ceremonial y Protocolo informa que, el viernes de 10 de septiembre, se llevar\u00e1 a cabo el Acto Acad\u00e9mico de la Primera&hellip;\" \/>\n<meta property=\"og:url\" content=\"https:\/\/www.fcejs.unsl.edu.ar\/index.php\/primera-colacion-de-grados-2021-en-villa-mercedes\/\" \/>\n<meta property=\"og:site_name\" content=\"Facultad de Ciencias Econ\u00f3micas, Jur\u00ed\u00addicas y Sociales\" \/>\n<meta property=\"article:publisher\" content=\"https:\/\/www.facebook.com\/FCEJS.UNSL\/\" \/>\n<meta property=\"article:published_time\" content=\"2021-09-08T13:42:29+00:00\" \/>\n<meta property=\"article:modified_time\" content=\"2021-09-13T11:22:48+00:00\" \/>\n<meta property=\"og:image\" content=\"https:\/\/www.fcejs.unsl.edu.ar\/wp-content\/uploads\/2021\/06\/front.jpg\" \/>\n\t<meta property=\"og:image:width\" content=\"1061\" \/>\n\t<meta property=\"og:image:height\" content=\"600\" \/>\n\t<meta property=\"og:image:type\" content=\"image\/jpeg\" \/>\n<meta name=\"author\" content=\"DATI\" \/>\n<meta name=\"twitter:card\" content=\"summary_large_image\" \/>\n<meta name=\"twitter:creator\" content=\"@FCEJSUNSL\" \/>\n<meta name=\"twitter:site\" content=\"@FCEJSUNSL\" \/>\n<meta name=\"twitter:label1\" content=\"Escrito por\" \/>\n\t<meta name=\"twitter:data1\" content=\"DATI\" \/>\n\t<meta name=\"twitter:label2\" content=\"Tiempo de lectura\" \/>\n\t<meta name=\"twitter:data2\" content=\"2 minutos\" \/>\n<script type=\"application\/ld+json\" class=\"yoast-schema-graph\">{\"@context\":\"https:\\\/\\\/schema.org\",\"@graph\":[{\"@type\":\"Article\",\"@id\":\"https:\\\/\\\/www.fcejs.unsl.edu.ar\\\/index.php\\\/primera-colacion-de-grados-2021-en-villa-mercedes\\\/#article\",\"isPartOf\":{\"@id\":\"https:\\\/\\\/www.fcejs.unsl.edu.ar\\\/index.php\\\/primera-colacion-de-grados-2021-en-villa-mercedes\\\/\"},\"author\":{\"name\":\"DATI\",\"@id\":\"https:\\\/\\\/www.fcejs.unsl.edu.ar\\\/#\\\/schema\\\/person\\\/352ee6ed90c3f394c7cb5945f8956d34\"},\"headline\":\"Primera Colaci\u00f3n de Grados 2021 en Villa Mercedes\",\"datePublished\":\"2021-09-08T13:42:29+00:00\",\"dateModified\":\"2021-09-13T11:22:48+00:00\",\"mainEntityOfPage\":{\"@id\":\"https:\\\/\\\/www.fcejs.unsl.edu.ar\\\/index.php\\\/primera-colacion-de-grados-2021-en-villa-mercedes\\\/\"},\"wordCount\":337,\"publisher\":{\"@id\":\"https:\\\/\\\/www.fcejs.unsl.edu.ar\\\/#organization\"},\"image\":{\"@id\":\"https:\\\/\\\/www.fcejs.unsl.edu.ar\\\/index.php\\\/primera-colacion-de-grados-2021-en-villa-mercedes\\\/#primaryimage\"},\"thumbnailUrl\":\"https:\\\/\\\/www.fcejs.unsl.edu.ar\\\/wp-content\\\/uploads\\\/2021\\\/06\\\/front.jpg\",\"articleSection\":[\"Archivadas\"],\"inLanguage\":\"es-AR\"},{\"@type\":\"WebPage\",\"@id\":\"https:\\\/\\\/www.fcejs.unsl.edu.ar\\\/index.php\\\/primera-colacion-de-grados-2021-en-villa-mercedes\\\/\",\"url\":\"https:\\\/\\\/www.fcejs.unsl.edu.ar\\\/index.php\\\/primera-colacion-de-grados-2021-en-villa-mercedes\\\/\",\"name\":\"Primera Colaci\u00f3n de Grados 2021 en Villa Mercedes - Facultad de Ciencias Econ\u00f3micas, Jur\u00ed\u00addicas y Sociales\",\"isPartOf\":{\"@id\":\"https:\\\/\\\/www.fcejs.unsl.edu.ar\\\/#website\"},\"primaryImageOfPage\":{\"@id\":\"https:\\\/\\\/www.fcejs.unsl.edu.ar\\\/index.php\\\/primera-colacion-de-grados-2021-en-villa-mercedes\\\/#primaryimage\"},\"image\":{\"@id\":\"https:\\\/\\\/www.fcejs.unsl.edu.ar\\\/index.php\\\/primera-colacion-de-grados-2021-en-villa-mercedes\\\/#primaryimage\"},\"thumbnailUrl\":\"https:\\\/\\\/www.fcejs.unsl.edu.ar\\\/wp-content\\\/uploads\\\/2021\\\/06\\\/front.jpg\",\"datePublished\":\"2021-09-08T13:42:29+00:00\",\"dateModified\":\"2021-09-13T11:22:48+00:00\",\"breadcrumb\":{\"@id\":\"https:\\\/\\\/www.fcejs.unsl.edu.ar\\\/index.php\\\/primera-colacion-de-grados-2021-en-villa-mercedes\\\/#breadcrumb\"},\"inLanguage\":\"es-AR\",\"potentialAction\":[{\"@type\":\"ReadAction\",\"target\":[\"https:\\\/\\\/www.fcejs.unsl.edu.ar\\\/index.php\\\/primera-colacion-de-grados-2021-en-villa-mercedes\\\/\"]}]},{\"@type\":\"ImageObject\",\"inLanguage\":\"es-AR\",\"@id\":\"https:\\\/\\\/www.fcejs.unsl.edu.ar\\\/index.php\\\/primera-colacion-de-grados-2021-en-villa-mercedes\\\/#primaryimage\",\"url\":\"https:\\\/\\\/www.fcejs.unsl.edu.ar\\\/wp-content\\\/uploads\\\/2021\\\/06\\\/front.jpg\",\"contentUrl\":\"https:\\\/\\\/www.fcejs.unsl.edu.ar\\\/wp-content\\\/uploads\\\/2021\\\/06\\\/front.jpg\",\"width\":1061,\"height\":600},{\"@type\":\"BreadcrumbList\",\"@id\":\"https:\\\/\\\/www.fcejs.unsl.edu.ar\\\/index.php\\\/primera-colacion-de-grados-2021-en-villa-mercedes\\\/#breadcrumb\",\"itemListElement\":[{\"@type\":\"ListItem\",\"position\":1,\"name\":\"Inicio\",\"item\":\"https:\\\/\\\/www.fcejs.unsl.edu.ar\\\/\"},{\"@type\":\"ListItem\",\"position\":2,\"name\":\"Primera Colaci\u00f3n de Grados 2021 en Villa Mercedes\"}]},{\"@type\":\"WebSite\",\"@id\":\"https:\\\/\\\/www.fcejs.unsl.edu.ar\\\/#website\",\"url\":\"https:\\\/\\\/www.fcejs.unsl.edu.ar\\\/\",\"name\":\"Facultad de Ciencias Econ\u00f3micas, Jur\u00ed\u00addicas y Sociales\",\"description\":\"\",\"publisher\":{\"@id\":\"https:\\\/\\\/www.fcejs.unsl.edu.ar\\\/#organization\"},\"potentialAction\":[{\"@type\":\"SearchAction\",\"target\":{\"@type\":\"EntryPoint\",\"urlTemplate\":\"https:\\\/\\\/www.fcejs.unsl.edu.ar\\\/?s={search_term_string}\"},\"query-input\":{\"@type\":\"PropertyValueSpecification\",\"valueRequired\":true,\"valueName\":\"search_term_string\"}}],\"inLanguage\":\"es-AR\"},{\"@type\":\"Organization\",\"@id\":\"https:\\\/\\\/www.fcejs.unsl.edu.ar\\\/#organization\",\"name\":\"Facultad de Ciencias Econ\u00f3micas, Jur\u00eddicas y Sociales\",\"url\":\"https:\\\/\\\/www.fcejs.unsl.edu.ar\\\/\",\"logo\":{\"@type\":\"ImageObject\",\"inLanguage\":\"es-AR\",\"@id\":\"https:\\\/\\\/www.fcejs.unsl.edu.ar\\\/#\\\/schema\\\/logo\\\/image\\\/\",\"url\":\"https:\\\/\\\/www.fcejs.unsl.edu.ar\\\/wp-content\\\/uploads\\\/2021\\\/03\\\/logo-1.jpg\",\"contentUrl\":\"https:\\\/\\\/www.fcejs.unsl.edu.ar\\\/wp-content\\\/uploads\\\/2021\\\/03\\\/logo-1.jpg\",\"width\":471,\"height\":146,\"caption\":\"Facultad de Ciencias Econ\u00f3micas, Jur\u00eddicas y Sociales\"},\"image\":{\"@id\":\"https:\\\/\\\/www.fcejs.unsl.edu.ar\\\/#\\\/schema\\\/logo\\\/image\\\/\"},\"sameAs\":[\"https:\\\/\\\/www.facebook.com\\\/FCEJS.UNSL\\\/\",\"https:\\\/\\\/x.com\\\/FCEJSUNSL\",\"https:\\\/\\\/www.instagram.com\\\/fcejs.unsl\\\/\",\"https:\\\/\\\/www.youtube.com\\\/channel\\\/UCH-Ut6EaN_X5ogjIQMPe46g\\\/\"]},{\"@type\":\"Person\",\"@id\":\"https:\\\/\\\/www.fcejs.unsl.edu.ar\\\/#\\\/schema\\\/person\\\/352ee6ed90c3f394c7cb5945f8956d34\",\"name\":\"DATI\"}]}<\/script>\n<!-- \/ Yoast SEO plugin. -->","yoast_head_json":{"title":"Primera Colaci\u00f3n de Grados 2021 en Villa Mercedes - Facultad de Ciencias Econ\u00f3micas, Jur\u00ed\u00addicas y Sociales","robots":{"index":"index","follow":"follow","max-snippet":"max-snippet:-1","max-image-preview":"max-image-preview:large","max-video-preview":"max-video-preview:-1"},"canonical":"https:\/\/www.fcejs.unsl.edu.ar\/index.php\/primera-colacion-de-grados-2021-en-villa-mercedes\/","og_locale":"es_ES","og_type":"article","og_title":"Primera Colaci\u00f3n de Grados 2021 en Villa Mercedes - Facultad de Ciencias Econ\u00f3micas, Jur\u00ed\u00addicas y Sociales","og_description":"La Subsecretar\u00eda de Comunicaci\u00f3n, Ceremonial y Protocolo informa que, el viernes de 10 de septiembre, se llevar\u00e1 a cabo el Acto Acad\u00e9mico de la Primera&hellip;","og_url":"https:\/\/www.fcejs.unsl.edu.ar\/index.php\/primera-colacion-de-grados-2021-en-villa-mercedes\/","og_site_name":"Facultad de Ciencias Econ\u00f3micas, Jur\u00ed\u00addicas y Sociales","article_publisher":"https:\/\/www.facebook.com\/FCEJS.UNSL\/","article_published_time":"2021-09-08T13:42:29+00:00","article_modified_time":"2021-09-13T11:22:48+00:00","og_image":[{"width":1061,"height":600,"url":"https:\/\/www.fcejs.unsl.edu.ar\/wp-content\/uploads\/2021\/06\/front.jpg","type":"image\/jpeg"}],"author":"DATI","twitter_card":"summary_large_image","twitter_creator":"@FCEJSUNSL","twitter_site":"@FCEJSUNSL","twitter_misc":{"Escrito por":"DATI","Tiempo de lectura":"2 minutos"},"schema":{"@context":"https:\/\/schema.org","@graph":[{"@type":"Article","@id":"https:\/\/www.fcejs.unsl.edu.ar\/index.php\/primera-colacion-de-grados-2021-en-villa-mercedes\/#article","isPartOf":{"@id":"https:\/\/www.fcejs.unsl.edu.ar\/index.php\/primera-colacion-de-grados-2021-en-villa-mercedes\/"},"author":{"name":"DATI","@id":"https:\/\/www.fcejs.unsl.edu.ar\/#\/schema\/person\/352ee6ed90c3f394c7cb5945f8956d34"},"headline":"Primera Colaci\u00f3n de Grados 2021 en Villa Mercedes","datePublished":"2021-09-08T13:42:29+00:00","dateModified":"2021-09-13T11:22:48+00:00","mainEntityOfPage":{"@id":"https:\/\/www.fcejs.unsl.edu.ar\/index.php\/primera-colacion-de-grados-2021-en-villa-mercedes\/"},"wordCount":337,"publisher":{"@id":"https:\/\/www.fcejs.unsl.edu.ar\/#organization"},"image":{"@id":"https:\/\/www.fcejs.unsl.edu.ar\/index.php\/primera-colacion-de-grados-2021-en-villa-mercedes\/#primaryimage"},"thumbnailUrl":"https:\/\/www.fcejs.unsl.edu.ar\/wp-content\/uploads\/2021\/06\/front.jpg","articleSection":["Archivadas"],"inLanguage":"es-AR"},{"@type":"WebPage","@id":"https:\/\/www.fcejs.unsl.edu.ar\/index.php\/primera-colacion-de-grados-2021-en-villa-mercedes\/","url":"https:\/\/www.fcejs.unsl.edu.ar\/index.php\/primera-colacion-de-grados-2021-en-villa-mercedes\/","name":"Primera Colaci\u00f3n de Grados 2021 en Villa Mercedes - Facultad de Ciencias Econ\u00f3micas, Jur\u00ed\u00addicas y Sociales","isPartOf":{"@id":"https:\/\/www.fcejs.unsl.edu.ar\/#website"},"primaryImageOfPage":{"@id":"https:\/\/www.fcejs.unsl.edu.ar\/index.php\/primera-colacion-de-grados-2021-en-villa-mercedes\/#primaryimage"},"image":{"@id":"https:\/\/www.fcejs.unsl.edu.ar\/index.php\/primera-colacion-de-grados-2021-en-villa-mercedes\/#primaryimage"},"thumbnailUrl":"https:\/\/www.fcejs.unsl.edu.ar\/wp-content\/uploads\/2021\/06\/front.jpg","datePublished":"2021-09-08T13:42:29+00:00","dateModified":"2021-09-13T11:22:48+00:00","breadcrumb":{"@id":"https:\/\/www.fcejs.unsl.edu.ar\/index.php\/primera-colacion-de-grados-2021-en-villa-mercedes\/#breadcrumb"},"inLanguage":"es-AR","potentialAction":[{"@type":"ReadAction","target":["https:\/\/www.fcejs.unsl.edu.ar\/index.php\/primera-colacion-de-grados-2021-en-villa-mercedes\/"]}]},{"@type":"ImageObject","inLanguage":"es-AR","@id":"https:\/\/www.fcejs.unsl.edu.ar\/index.php\/primera-colacion-de-grados-2021-en-villa-mercedes\/#primaryimage","url":"https:\/\/www.fcejs.unsl.edu.ar\/wp-content\/uploads\/2021\/06\/front.jpg","contentUrl":"https:\/\/www.fcejs.unsl.edu.ar\/wp-content\/uploads\/2021\/06\/front.jpg","width":1061,"height":600},{"@type":"BreadcrumbList","@id":"https:\/\/www.fcejs.unsl.edu.ar\/index.php\/primera-colacion-de-grados-2021-en-villa-mercedes\/#breadcrumb","itemListElement":[{"@type":"ListItem","position":1,"name":"Inicio","item":"https:\/\/www.fcejs.unsl.edu.ar\/"},{"@type":"ListItem","position":2,"name":"Primera Colaci\u00f3n de Grados 2021 en Villa Mercedes"}]},{"@type":"WebSite","@id":"https:\/\/www.fcejs.unsl.edu.ar\/#website","url":"https:\/\/www.fcejs.unsl.edu.ar\/","name":"Facultad de Ciencias Econ\u00f3micas, Jur\u00ed\u00addicas y Sociales","description":"","publisher":{"@id":"https:\/\/www.fcejs.unsl.edu.ar\/#organization"},"potentialAction":[{"@type":"SearchAction","target":{"@type":"EntryPoint","urlTemplate":"https:\/\/www.fcejs.unsl.edu.ar\/?s={search_term_string}"},"query-input":{"@type":"PropertyValueSpecification","valueRequired":true,"valueName":"search_term_string"}}],"inLanguage":"es-AR"},{"@type":"Organization","@id":"https:\/\/www.fcejs.unsl.edu.ar\/#organization","name":"Facultad de Ciencias Econ\u00f3micas, Jur\u00eddicas y Sociales","url":"https:\/\/www.fcejs.unsl.edu.ar\/","logo":{"@type":"ImageObject","inLanguage":"es-AR","@id":"https:\/\/www.fcejs.unsl.edu.ar\/#\/schema\/logo\/image\/","url":"https:\/\/www.fcejs.unsl.edu.ar\/wp-content\/uploads\/2021\/03\/logo-1.jpg","contentUrl":"https:\/\/www.fcejs.unsl.edu.ar\/wp-content\/uploads\/2021\/03\/logo-1.jpg","width":471,"height":146,"caption":"Facultad de Ciencias Econ\u00f3micas, Jur\u00eddicas y Sociales"},"image":{"@id":"https:\/\/www.fcejs.unsl.edu.ar\/#\/schema\/logo\/image\/"},"sameAs":["https:\/\/www.facebook.com\/FCEJS.UNSL\/","https:\/\/x.com\/FCEJSUNSL","https:\/\/www.instagram.com\/fcejs.unsl\/","https:\/\/www.youtube.com\/channel\/UCH-Ut6EaN_X5ogjIQMPe46g\/"]},{"@type":"Person","@id":"https:\/\/www.fcejs.unsl.edu.ar\/#\/schema\/person\/352ee6ed90c3f394c7cb5945f8956d34","name":"DATI"}]}},"jetpack_featured_media_url":"https:\/\/www.fcejs.unsl.edu.ar\/wp-content\/uploads\/2021\/06\/front.jpg","_links":{"self":[{"href":"https:\/\/www.fcejs.unsl.edu.ar\/index.php\/wp-json\/wp\/v2\/posts\/4874","targetHints":{"allow":["GET"]}}],"collection":[{"href":"https:\/\/www.fcejs.unsl.edu.ar\/index.php\/wp-json\/wp\/v2\/posts"}],"about":[{"href":"https:\/\/www.fcejs.unsl.edu.ar\/index.php\/wp-json\/wp\/v2\/types\/post"}],"author":[{"embeddable":true,"href":"https:\/\/www.fcejs.unsl.edu.ar\/index.php\/wp-json\/wp\/v2\/users\/9"}],"replies":[{"embeddable":true,"href":"https:\/\/www.fcejs.unsl.edu.ar\/index.php\/wp-json\/wp\/v2\/comments?post=4874"}],"version-history":[{"count":9,"href":"https:\/\/www.fcejs.unsl.edu.ar\/index.php\/wp-json\/wp\/v2\/posts\/4874\/revisions"}],"predecessor-version":[{"id":5044,"href":"https:\/\/www.fcejs.unsl.edu.ar\/index.php\/wp-json\/wp\/v2\/posts\/4874\/revisions\/5044"}],"wp:featuredmedia":[{"embeddable":true,"href":"https:\/\/www.fcejs.unsl.edu.ar\/index.php\/wp-json\/wp\/v2\/media\/3947"}],"wp:attachment":[{"href":"https:\/\/www.fcejs.unsl.edu.ar\/index.php\/wp-json\/wp\/v2\/media?parent=4874"}],"wp:term":[{"taxonomy":"category","embeddable":true,"href":"https:\/\/www.fcejs.unsl.edu.ar\/index.php\/wp-json\/wp\/v2\/categories?post=4874"},{"taxonomy":"post_tag","embeddable":true,"href":"https:\/\/www.fcejs.unsl.edu.ar\/index.php\/wp-json\/wp\/v2\/tags?post=4874"}],"curies":[{"name":"wp","href":"https:\/\/api.w.org\/{rel}","templated":true}]}}