{"id":4776,"date":"2021-09-15T12:55:42","date_gmt":"2021-09-15T15:55:42","guid":{"rendered":"http:\/\/10.101.10.197\/www\/?p=4776"},"modified":"2021-09-20T08:47:06","modified_gmt":"2021-09-20T11:47:06","slug":"curso-de-posgrado-procesos-de-subjetivacion-en-el-neoliberalismo-claves-de-lectura-y-caminos-de-resistencia","status":"publish","type":"post","link":"https:\/\/www.fcejs.unsl.edu.ar\/index.php\/curso-de-posgrado-procesos-de-subjetivacion-en-el-neoliberalismo-claves-de-lectura-y-caminos-de-resistencia\/","title":{"rendered":"Curso de Posgrado: Procesos de subjetivaci\u00f3n en el neoliberalismo: claves de lectura y caminos de resistencia"},"content":{"rendered":"<p>La Secretar\u00eda de Investigaci\u00f3n y Posgrado informa que el d\u00eda 17 de setiembre de 2021 comienza el dictado del Curso de Posgrado: Procesos de subjetivaci\u00f3n en el neoliberalismo: claves de lectura y caminos de resistencia, en forma virtual a trav\u00e9s de la plataforma Google Meet.<\/p>\n<p>La Docente Responsable del dictado del curso es la Doctora en Psicolog\u00eda Andrea Bonvillani (UNC) con la coordinaci\u00f3n del Mag. Yussef Becher.<\/p>\n<p><strong>OBJETIVOS:<\/strong><\/p>\n<p><strong>Objetivo General<\/strong><\/p>\n<p>-Discutir cr\u00edticamente la fertilidad conceptual e investigativa de la categor\u00eda \u201csubjetividad(es)\u201d para la investigaci\u00f3n y la intervenci\u00f3n de distintos procesos psico-sociales<\/p>\n<p><strong>Objetivos espec\u00edficos<\/strong><\/p>\n<p>-Caracterizar el proceso de subjetivaci\u00f3n en la condici\u00f3n actual del neoliberalismo<\/p>\n<p>-Recorrer algunos de los planteos conceptuales m\u00e1s significativos producidos en torno a esta categor\u00eda en el campo de las Ciencias sociales, realizando una lectura paradigm\u00e1tica de los mismos<\/p>\n<p>-Desarrollar el concepto de \u201csubjetividades pol\u00edticas\u201d a la luz de la tensi\u00f3n entre sujeci\u00f3n a un orden y alternativas de emancipaci\u00f3n y resistencia.<\/p>\n<p><strong>DESTINATARIOS Y REQUISITOS DE INSCRIPCI\u00d3N:<\/strong><\/p>\n<p>Graduados\/as de carreras universitarias de grado o de carreras superiores a cuatro (4) a\u00f1os en \u00e1reas disciplinares vinculadas a las ciencias sociales. El principal requisito es presentar copia del t\u00edtulo otorgado por la instituci\u00f3n educativa.<\/p>\n<p>Para consultas, informes e inscripci\u00f3n escribir al correo: <a href=\"mailto:sociedadeinstituciones@gmail.com\"><strong>sociedadeinstituciones@gmail.com<\/strong><\/a><\/p>\n<p><img fetchpriority=\"high\" decoding=\"async\" class=\"alignnone wp-image-4777 size-full\" src=\"https:\/\/www.fcejs.unsl.edu.ar\/wp-content\/uploads\/2021\/08\/1-1.jpeg\" alt=\"\" width=\"1275\" height=\"1650\" srcset=\"https:\/\/www.fcejs.unsl.edu.ar\/wp-content\/uploads\/2021\/08\/1-1.jpeg 1275w, https:\/\/www.fcejs.unsl.edu.ar\/wp-content\/uploads\/2021\/08\/1-1-232x300.jpeg 232w, https:\/\/www.fcejs.unsl.edu.ar\/wp-content\/uploads\/2021\/08\/1-1-791x1024.jpeg 791w, https:\/\/www.fcejs.unsl.edu.ar\/wp-content\/uploads\/2021\/08\/1-1-768x994.jpeg 768w, https:\/\/www.fcejs.unsl.edu.ar\/wp-content\/uploads\/2021\/08\/1-1-1187x1536.jpeg 1187w\" sizes=\"(max-width: 1275px) 100vw, 1275px\" \/><\/p>\n","protected":false},"excerpt":{"rendered":"<p>La Secretar\u00eda de Investigaci\u00f3n y Posgrado informa que el d\u00eda 17 de setiembre de 2021 comienza el dictado del Curso de Posgrado: Procesos de subjetivaci\u00f3n&hellip;<\/p>\n","protected":false},"author":9,"featured_media":4797,"comment_status":"closed","ping_status":"closed","sticky":false,"template":"","format":"standard","meta":{"om_disable_all_campaigns":false,"_monsterinsights_skip_tracking":false,"_monsterinsights_sitenote_active":false,"_monsterinsights_sitenote_note":"","_monsterinsights_sitenote_category":0,"footnotes":""},"categories":[21],"tags":[],"class_list":["post-4776","post","type-post","status-publish","format-standard","has-post-thumbnail","hentry","category-archivadas"],"yoast_head":"<!-- This site is optimized with the Yoast SEO plugin v27.4 - https:\/\/yoast.com\/product\/yoast-seo-wordpress\/ -->\n<title>Curso de Posgrado: Procesos de subjetivaci\u00f3n en el neoliberalismo: claves de lectura y caminos de resistencia - Facultad de Ciencias Econ\u00f3micas, Jur\u00ed\u00addicas y Sociales<\/title>\n<meta name=\"robots\" content=\"index, follow, max-snippet:-1, max-image-preview:large, max-video-preview:-1\" \/>\n<link rel=\"canonical\" href=\"https:\/\/www.fcejs.unsl.edu.ar\/index.php\/curso-de-posgrado-procesos-de-subjetivacion-en-el-neoliberalismo-claves-de-lectura-y-caminos-de-resistencia\/\" \/>\n<meta property=\"og:locale\" content=\"es_ES\" \/>\n<meta property=\"og:type\" content=\"article\" \/>\n<meta property=\"og:title\" content=\"Curso de Posgrado: Procesos de subjetivaci\u00f3n en el neoliberalismo: claves de lectura y caminos de resistencia - Facultad de Ciencias Econ\u00f3micas, Jur\u00ed\u00addicas y Sociales\" \/>\n<meta property=\"og:description\" content=\"La Secretar\u00eda de Investigaci\u00f3n y Posgrado informa que el d\u00eda 17 de setiembre de 2021 comienza el dictado del Curso de Posgrado: Procesos de subjetivaci\u00f3n&hellip;\" \/>\n<meta property=\"og:url\" content=\"https:\/\/www.fcejs.unsl.edu.ar\/index.php\/curso-de-posgrado-procesos-de-subjetivacion-en-el-neoliberalismo-claves-de-lectura-y-caminos-de-resistencia\/\" \/>\n<meta property=\"og:site_name\" content=\"Facultad de Ciencias Econ\u00f3micas, Jur\u00ed\u00addicas y Sociales\" \/>\n<meta property=\"article:publisher\" content=\"https:\/\/www.facebook.com\/FCEJS.UNSL\/\" \/>\n<meta property=\"article:published_time\" content=\"2021-09-15T15:55:42+00:00\" \/>\n<meta property=\"article:modified_time\" content=\"2021-09-20T11:47:06+00:00\" \/>\n<meta property=\"og:image\" content=\"https:\/\/www.fcejs.unsl.edu.ar\/wp-content\/uploads\/2021\/08\/Procesos-de-subjetivacion.jpg\" \/>\n\t<meta property=\"og:image:width\" content=\"1152\" \/>\n\t<meta property=\"og:image:height\" content=\"647\" \/>\n\t<meta property=\"og:image:type\" content=\"image\/jpeg\" \/>\n<meta name=\"author\" content=\"DATI\" \/>\n<meta name=\"twitter:card\" content=\"summary_large_image\" \/>\n<meta name=\"twitter:creator\" content=\"@FCEJSUNSL\" \/>\n<meta name=\"twitter:site\" content=\"@FCEJSUNSL\" \/>\n<meta name=\"twitter:label1\" content=\"Escrito por\" \/>\n\t<meta name=\"twitter:data1\" content=\"DATI\" \/>\n\t<meta name=\"twitter:label2\" content=\"Tiempo de lectura\" \/>\n\t<meta name=\"twitter:data2\" content=\"2 minutos\" \/>\n<script type=\"application\/ld+json\" class=\"yoast-schema-graph\">{\"@context\":\"https:\\\/\\\/schema.org\",\"@graph\":[{\"@type\":\"Article\",\"@id\":\"https:\\\/\\\/www.fcejs.unsl.edu.ar\\\/index.php\\\/curso-de-posgrado-procesos-de-subjetivacion-en-el-neoliberalismo-claves-de-lectura-y-caminos-de-resistencia\\\/#article\",\"isPartOf\":{\"@id\":\"https:\\\/\\\/www.fcejs.unsl.edu.ar\\\/index.php\\\/curso-de-posgrado-procesos-de-subjetivacion-en-el-neoliberalismo-claves-de-lectura-y-caminos-de-resistencia\\\/\"},\"author\":{\"name\":\"DATI\",\"@id\":\"https:\\\/\\\/www.fcejs.unsl.edu.ar\\\/#\\\/schema\\\/person\\\/352ee6ed90c3f394c7cb5945f8956d34\"},\"headline\":\"Curso de Posgrado: Procesos de subjetivaci\u00f3n en el neoliberalismo: claves de lectura y caminos de resistencia\",\"datePublished\":\"2021-09-15T15:55:42+00:00\",\"dateModified\":\"2021-09-20T11:47:06+00:00\",\"mainEntityOfPage\":{\"@id\":\"https:\\\/\\\/www.fcejs.unsl.edu.ar\\\/index.php\\\/curso-de-posgrado-procesos-de-subjetivacion-en-el-neoliberalismo-claves-de-lectura-y-caminos-de-resistencia\\\/\"},\"wordCount\":248,\"publisher\":{\"@id\":\"https:\\\/\\\/www.fcejs.unsl.edu.ar\\\/#organization\"},\"image\":{\"@id\":\"https:\\\/\\\/www.fcejs.unsl.edu.ar\\\/index.php\\\/curso-de-posgrado-procesos-de-subjetivacion-en-el-neoliberalismo-claves-de-lectura-y-caminos-de-resistencia\\\/#primaryimage\"},\"thumbnailUrl\":\"https:\\\/\\\/www.fcejs.unsl.edu.ar\\\/wp-content\\\/uploads\\\/2021\\\/08\\\/Procesos-de-subjetivacion.jpg\",\"articleSection\":[\"Archivadas\"],\"inLanguage\":\"es-AR\"},{\"@type\":\"WebPage\",\"@id\":\"https:\\\/\\\/www.fcejs.unsl.edu.ar\\\/index.php\\\/curso-de-posgrado-procesos-de-subjetivacion-en-el-neoliberalismo-claves-de-lectura-y-caminos-de-resistencia\\\/\",\"url\":\"https:\\\/\\\/www.fcejs.unsl.edu.ar\\\/index.php\\\/curso-de-posgrado-procesos-de-subjetivacion-en-el-neoliberalismo-claves-de-lectura-y-caminos-de-resistencia\\\/\",\"name\":\"Curso de Posgrado: Procesos de subjetivaci\u00f3n en el neoliberalismo: claves de lectura y caminos de resistencia - Facultad de Ciencias Econ\u00f3micas, Jur\u00ed\u00addicas y Sociales\",\"isPartOf\":{\"@id\":\"https:\\\/\\\/www.fcejs.unsl.edu.ar\\\/#website\"},\"primaryImageOfPage\":{\"@id\":\"https:\\\/\\\/www.fcejs.unsl.edu.ar\\\/index.php\\\/curso-de-posgrado-procesos-de-subjetivacion-en-el-neoliberalismo-claves-de-lectura-y-caminos-de-resistencia\\\/#primaryimage\"},\"image\":{\"@id\":\"https:\\\/\\\/www.fcejs.unsl.edu.ar\\\/index.php\\\/curso-de-posgrado-procesos-de-subjetivacion-en-el-neoliberalismo-claves-de-lectura-y-caminos-de-resistencia\\\/#primaryimage\"},\"thumbnailUrl\":\"https:\\\/\\\/www.fcejs.unsl.edu.ar\\\/wp-content\\\/uploads\\\/2021\\\/08\\\/Procesos-de-subjetivacion.jpg\",\"datePublished\":\"2021-09-15T15:55:42+00:00\",\"dateModified\":\"2021-09-20T11:47:06+00:00\",\"breadcrumb\":{\"@id\":\"https:\\\/\\\/www.fcejs.unsl.edu.ar\\\/index.php\\\/curso-de-posgrado-procesos-de-subjetivacion-en-el-neoliberalismo-claves-de-lectura-y-caminos-de-resistencia\\\/#breadcrumb\"},\"inLanguage\":\"es-AR\",\"potentialAction\":[{\"@type\":\"ReadAction\",\"target\":[\"https:\\\/\\\/www.fcejs.unsl.edu.ar\\\/index.php\\\/curso-de-posgrado-procesos-de-subjetivacion-en-el-neoliberalismo-claves-de-lectura-y-caminos-de-resistencia\\\/\"]}]},{\"@type\":\"ImageObject\",\"inLanguage\":\"es-AR\",\"@id\":\"https:\\\/\\\/www.fcejs.unsl.edu.ar\\\/index.php\\\/curso-de-posgrado-procesos-de-subjetivacion-en-el-neoliberalismo-claves-de-lectura-y-caminos-de-resistencia\\\/#primaryimage\",\"url\":\"https:\\\/\\\/www.fcejs.unsl.edu.ar\\\/wp-content\\\/uploads\\\/2021\\\/08\\\/Procesos-de-subjetivacion.jpg\",\"contentUrl\":\"https:\\\/\\\/www.fcejs.unsl.edu.ar\\\/wp-content\\\/uploads\\\/2021\\\/08\\\/Procesos-de-subjetivacion.jpg\",\"width\":1152,\"height\":647},{\"@type\":\"BreadcrumbList\",\"@id\":\"https:\\\/\\\/www.fcejs.unsl.edu.ar\\\/index.php\\\/curso-de-posgrado-procesos-de-subjetivacion-en-el-neoliberalismo-claves-de-lectura-y-caminos-de-resistencia\\\/#breadcrumb\",\"itemListElement\":[{\"@type\":\"ListItem\",\"position\":1,\"name\":\"Inicio\",\"item\":\"https:\\\/\\\/www.fcejs.unsl.edu.ar\\\/\"},{\"@type\":\"ListItem\",\"position\":2,\"name\":\"Curso de Posgrado: Procesos de subjetivaci\u00f3n en el neoliberalismo: claves de lectura y caminos de resistencia\"}]},{\"@type\":\"WebSite\",\"@id\":\"https:\\\/\\\/www.fcejs.unsl.edu.ar\\\/#website\",\"url\":\"https:\\\/\\\/www.fcejs.unsl.edu.ar\\\/\",\"name\":\"Facultad de Ciencias Econ\u00f3micas, Jur\u00ed\u00addicas y Sociales\",\"description\":\"\",\"publisher\":{\"@id\":\"https:\\\/\\\/www.fcejs.unsl.edu.ar\\\/#organization\"},\"potentialAction\":[{\"@type\":\"SearchAction\",\"target\":{\"@type\":\"EntryPoint\",\"urlTemplate\":\"https:\\\/\\\/www.fcejs.unsl.edu.ar\\\/?s={search_term_string}\"},\"query-input\":{\"@type\":\"PropertyValueSpecification\",\"valueRequired\":true,\"valueName\":\"search_term_string\"}}],\"inLanguage\":\"es-AR\"},{\"@type\":\"Organization\",\"@id\":\"https:\\\/\\\/www.fcejs.unsl.edu.ar\\\/#organization\",\"name\":\"Facultad de Ciencias Econ\u00f3micas, Jur\u00eddicas y Sociales\",\"url\":\"https:\\\/\\\/www.fcejs.unsl.edu.ar\\\/\",\"logo\":{\"@type\":\"ImageObject\",\"inLanguage\":\"es-AR\",\"@id\":\"https:\\\/\\\/www.fcejs.unsl.edu.ar\\\/#\\\/schema\\\/logo\\\/image\\\/\",\"url\":\"https:\\\/\\\/www.fcejs.unsl.edu.ar\\\/wp-content\\\/uploads\\\/2021\\\/03\\\/logo-1.jpg\",\"contentUrl\":\"https:\\\/\\\/www.fcejs.unsl.edu.ar\\\/wp-content\\\/uploads\\\/2021\\\/03\\\/logo-1.jpg\",\"width\":471,\"height\":146,\"caption\":\"Facultad de Ciencias Econ\u00f3micas, Jur\u00eddicas y Sociales\"},\"image\":{\"@id\":\"https:\\\/\\\/www.fcejs.unsl.edu.ar\\\/#\\\/schema\\\/logo\\\/image\\\/\"},\"sameAs\":[\"https:\\\/\\\/www.facebook.com\\\/FCEJS.UNSL\\\/\",\"https:\\\/\\\/x.com\\\/FCEJSUNSL\",\"https:\\\/\\\/www.instagram.com\\\/fcejs.unsl\\\/\",\"https:\\\/\\\/www.youtube.com\\\/channel\\\/UCH-Ut6EaN_X5ogjIQMPe46g\\\/\"]},{\"@type\":\"Person\",\"@id\":\"https:\\\/\\\/www.fcejs.unsl.edu.ar\\\/#\\\/schema\\\/person\\\/352ee6ed90c3f394c7cb5945f8956d34\",\"name\":\"DATI\"}]}<\/script>\n<!-- \/ Yoast SEO plugin. -->","yoast_head_json":{"title":"Curso de Posgrado: Procesos de subjetivaci\u00f3n en el neoliberalismo: claves de lectura y caminos de resistencia - Facultad de Ciencias Econ\u00f3micas, Jur\u00ed\u00addicas y Sociales","robots":{"index":"index","follow":"follow","max-snippet":"max-snippet:-1","max-image-preview":"max-image-preview:large","max-video-preview":"max-video-preview:-1"},"canonical":"https:\/\/www.fcejs.unsl.edu.ar\/index.php\/curso-de-posgrado-procesos-de-subjetivacion-en-el-neoliberalismo-claves-de-lectura-y-caminos-de-resistencia\/","og_locale":"es_ES","og_type":"article","og_title":"Curso de Posgrado: Procesos de subjetivaci\u00f3n en el neoliberalismo: claves de lectura y caminos de resistencia - Facultad de Ciencias Econ\u00f3micas, Jur\u00ed\u00addicas y Sociales","og_description":"La Secretar\u00eda de Investigaci\u00f3n y Posgrado informa que el d\u00eda 17 de setiembre de 2021 comienza el dictado del Curso de Posgrado: Procesos de subjetivaci\u00f3n&hellip;","og_url":"https:\/\/www.fcejs.unsl.edu.ar\/index.php\/curso-de-posgrado-procesos-de-subjetivacion-en-el-neoliberalismo-claves-de-lectura-y-caminos-de-resistencia\/","og_site_name":"Facultad de Ciencias Econ\u00f3micas, Jur\u00ed\u00addicas y Sociales","article_publisher":"https:\/\/www.facebook.com\/FCEJS.UNSL\/","article_published_time":"2021-09-15T15:55:42+00:00","article_modified_time":"2021-09-20T11:47:06+00:00","og_image":[{"width":1152,"height":647,"url":"https:\/\/www.fcejs.unsl.edu.ar\/wp-content\/uploads\/2021\/08\/Procesos-de-subjetivacion.jpg","type":"image\/jpeg"}],"author":"DATI","twitter_card":"summary_large_image","twitter_creator":"@FCEJSUNSL","twitter_site":"@FCEJSUNSL","twitter_misc":{"Escrito por":"DATI","Tiempo de lectura":"2 minutos"},"schema":{"@context":"https:\/\/schema.org","@graph":[{"@type":"Article","@id":"https:\/\/www.fcejs.unsl.edu.ar\/index.php\/curso-de-posgrado-procesos-de-subjetivacion-en-el-neoliberalismo-claves-de-lectura-y-caminos-de-resistencia\/#article","isPartOf":{"@id":"https:\/\/www.fcejs.unsl.edu.ar\/index.php\/curso-de-posgrado-procesos-de-subjetivacion-en-el-neoliberalismo-claves-de-lectura-y-caminos-de-resistencia\/"},"author":{"name":"DATI","@id":"https:\/\/www.fcejs.unsl.edu.ar\/#\/schema\/person\/352ee6ed90c3f394c7cb5945f8956d34"},"headline":"Curso de Posgrado: Procesos de subjetivaci\u00f3n en el neoliberalismo: claves de lectura y caminos de resistencia","datePublished":"2021-09-15T15:55:42+00:00","dateModified":"2021-09-20T11:47:06+00:00","mainEntityOfPage":{"@id":"https:\/\/www.fcejs.unsl.edu.ar\/index.php\/curso-de-posgrado-procesos-de-subjetivacion-en-el-neoliberalismo-claves-de-lectura-y-caminos-de-resistencia\/"},"wordCount":248,"publisher":{"@id":"https:\/\/www.fcejs.unsl.edu.ar\/#organization"},"image":{"@id":"https:\/\/www.fcejs.unsl.edu.ar\/index.php\/curso-de-posgrado-procesos-de-subjetivacion-en-el-neoliberalismo-claves-de-lectura-y-caminos-de-resistencia\/#primaryimage"},"thumbnailUrl":"https:\/\/www.fcejs.unsl.edu.ar\/wp-content\/uploads\/2021\/08\/Procesos-de-subjetivacion.jpg","articleSection":["Archivadas"],"inLanguage":"es-AR"},{"@type":"WebPage","@id":"https:\/\/www.fcejs.unsl.edu.ar\/index.php\/curso-de-posgrado-procesos-de-subjetivacion-en-el-neoliberalismo-claves-de-lectura-y-caminos-de-resistencia\/","url":"https:\/\/www.fcejs.unsl.edu.ar\/index.php\/curso-de-posgrado-procesos-de-subjetivacion-en-el-neoliberalismo-claves-de-lectura-y-caminos-de-resistencia\/","name":"Curso de Posgrado: Procesos de subjetivaci\u00f3n en el neoliberalismo: claves de lectura y caminos de resistencia - Facultad de Ciencias Econ\u00f3micas, Jur\u00ed\u00addicas y Sociales","isPartOf":{"@id":"https:\/\/www.fcejs.unsl.edu.ar\/#website"},"primaryImageOfPage":{"@id":"https:\/\/www.fcejs.unsl.edu.ar\/index.php\/curso-de-posgrado-procesos-de-subjetivacion-en-el-neoliberalismo-claves-de-lectura-y-caminos-de-resistencia\/#primaryimage"},"image":{"@id":"https:\/\/www.fcejs.unsl.edu.ar\/index.php\/curso-de-posgrado-procesos-de-subjetivacion-en-el-neoliberalismo-claves-de-lectura-y-caminos-de-resistencia\/#primaryimage"},"thumbnailUrl":"https:\/\/www.fcejs.unsl.edu.ar\/wp-content\/uploads\/2021\/08\/Procesos-de-subjetivacion.jpg","datePublished":"2021-09-15T15:55:42+00:00","dateModified":"2021-09-20T11:47:06+00:00","breadcrumb":{"@id":"https:\/\/www.fcejs.unsl.edu.ar\/index.php\/curso-de-posgrado-procesos-de-subjetivacion-en-el-neoliberalismo-claves-de-lectura-y-caminos-de-resistencia\/#breadcrumb"},"inLanguage":"es-AR","potentialAction":[{"@type":"ReadAction","target":["https:\/\/www.fcejs.unsl.edu.ar\/index.php\/curso-de-posgrado-procesos-de-subjetivacion-en-el-neoliberalismo-claves-de-lectura-y-caminos-de-resistencia\/"]}]},{"@type":"ImageObject","inLanguage":"es-AR","@id":"https:\/\/www.fcejs.unsl.edu.ar\/index.php\/curso-de-posgrado-procesos-de-subjetivacion-en-el-neoliberalismo-claves-de-lectura-y-caminos-de-resistencia\/#primaryimage","url":"https:\/\/www.fcejs.unsl.edu.ar\/wp-content\/uploads\/2021\/08\/Procesos-de-subjetivacion.jpg","contentUrl":"https:\/\/www.fcejs.unsl.edu.ar\/wp-content\/uploads\/2021\/08\/Procesos-de-subjetivacion.jpg","width":1152,"height":647},{"@type":"BreadcrumbList","@id":"https:\/\/www.fcejs.unsl.edu.ar\/index.php\/curso-de-posgrado-procesos-de-subjetivacion-en-el-neoliberalismo-claves-de-lectura-y-caminos-de-resistencia\/#breadcrumb","itemListElement":[{"@type":"ListItem","position":1,"name":"Inicio","item":"https:\/\/www.fcejs.unsl.edu.ar\/"},{"@type":"ListItem","position":2,"name":"Curso de Posgrado: Procesos de subjetivaci\u00f3n en el neoliberalismo: claves de lectura y caminos de resistencia"}]},{"@type":"WebSite","@id":"https:\/\/www.fcejs.unsl.edu.ar\/#website","url":"https:\/\/www.fcejs.unsl.edu.ar\/","name":"Facultad de Ciencias Econ\u00f3micas, Jur\u00ed\u00addicas y Sociales","description":"","publisher":{"@id":"https:\/\/www.fcejs.unsl.edu.ar\/#organization"},"potentialAction":[{"@type":"SearchAction","target":{"@type":"EntryPoint","urlTemplate":"https:\/\/www.fcejs.unsl.edu.ar\/?s={search_term_string}"},"query-input":{"@type":"PropertyValueSpecification","valueRequired":true,"valueName":"search_term_string"}}],"inLanguage":"es-AR"},{"@type":"Organization","@id":"https:\/\/www.fcejs.unsl.edu.ar\/#organization","name":"Facultad de Ciencias Econ\u00f3micas, Jur\u00eddicas y Sociales","url":"https:\/\/www.fcejs.unsl.edu.ar\/","logo":{"@type":"ImageObject","inLanguage":"es-AR","@id":"https:\/\/www.fcejs.unsl.edu.ar\/#\/schema\/logo\/image\/","url":"https:\/\/www.fcejs.unsl.edu.ar\/wp-content\/uploads\/2021\/03\/logo-1.jpg","contentUrl":"https:\/\/www.fcejs.unsl.edu.ar\/wp-content\/uploads\/2021\/03\/logo-1.jpg","width":471,"height":146,"caption":"Facultad de Ciencias Econ\u00f3micas, Jur\u00eddicas y Sociales"},"image":{"@id":"https:\/\/www.fcejs.unsl.edu.ar\/#\/schema\/logo\/image\/"},"sameAs":["https:\/\/www.facebook.com\/FCEJS.UNSL\/","https:\/\/x.com\/FCEJSUNSL","https:\/\/www.instagram.com\/fcejs.unsl\/","https:\/\/www.youtube.com\/channel\/UCH-Ut6EaN_X5ogjIQMPe46g\/"]},{"@type":"Person","@id":"https:\/\/www.fcejs.unsl.edu.ar\/#\/schema\/person\/352ee6ed90c3f394c7cb5945f8956d34","name":"DATI"}]}},"jetpack_featured_media_url":"https:\/\/www.fcejs.unsl.edu.ar\/wp-content\/uploads\/2021\/08\/Procesos-de-subjetivacion.jpg","_links":{"self":[{"href":"https:\/\/www.fcejs.unsl.edu.ar\/index.php\/wp-json\/wp\/v2\/posts\/4776","targetHints":{"allow":["GET"]}}],"collection":[{"href":"https:\/\/www.fcejs.unsl.edu.ar\/index.php\/wp-json\/wp\/v2\/posts"}],"about":[{"href":"https:\/\/www.fcejs.unsl.edu.ar\/index.php\/wp-json\/wp\/v2\/types\/post"}],"author":[{"embeddable":true,"href":"https:\/\/www.fcejs.unsl.edu.ar\/index.php\/wp-json\/wp\/v2\/users\/9"}],"replies":[{"embeddable":true,"href":"https:\/\/www.fcejs.unsl.edu.ar\/index.php\/wp-json\/wp\/v2\/comments?post=4776"}],"version-history":[{"count":5,"href":"https:\/\/www.fcejs.unsl.edu.ar\/index.php\/wp-json\/wp\/v2\/posts\/4776\/revisions"}],"predecessor-version":[{"id":5324,"href":"https:\/\/www.fcejs.unsl.edu.ar\/index.php\/wp-json\/wp\/v2\/posts\/4776\/revisions\/5324"}],"wp:featuredmedia":[{"embeddable":true,"href":"https:\/\/www.fcejs.unsl.edu.ar\/index.php\/wp-json\/wp\/v2\/media\/4797"}],"wp:attachment":[{"href":"https:\/\/www.fcejs.unsl.edu.ar\/index.php\/wp-json\/wp\/v2\/media?parent=4776"}],"wp:term":[{"taxonomy":"category","embeddable":true,"href":"https:\/\/www.fcejs.unsl.edu.ar\/index.php\/wp-json\/wp\/v2\/categories?post=4776"},{"taxonomy":"post_tag","embeddable":true,"href":"https:\/\/www.fcejs.unsl.edu.ar\/index.php\/wp-json\/wp\/v2\/tags?post=4776"}],"curies":[{"name":"wp","href":"https:\/\/api.w.org\/{rel}","templated":true}]}}