{"id":4721,"date":"2021-08-19T09:46:17","date_gmt":"2021-08-19T12:46:17","guid":{"rendered":"http:\/\/10.101.10.197\/www\/?p=4721"},"modified":"2021-10-14T09:23:41","modified_gmt":"2021-10-14T12:23:41","slug":"seminario-de-posgrado-genero-y-salud-un-abordaje-antropologico","status":"publish","type":"post","link":"https:\/\/www.fcejs.unsl.edu.ar\/index.php\/seminario-de-posgrado-genero-y-salud-un-abordaje-antropologico\/","title":{"rendered":"Seminario de posgrado: G\u00e9nero y Salud: Un Abordaje Antropol\u00f3gico"},"content":{"rendered":"<p>La Secretar\u00eda de Investigaci\u00f3n y Posgrado informa que, en el marco de la carrera Especializaci\u00f3n en <em>Abordajes de Problem\u00e1ticas Sociales desde la Perspectiva de G\u00e9nero y Diversidad de la FCEJS-UNSL<\/em>, se dictar\u00e1 el Seminario de posgrado <strong>\u201c<\/strong><strong>GENERO Y SALUD: UN ABORDAJE ANTROPOLOGICO\u201d <\/strong>a cargo de la Doctora Ana Dominguez Mon y la coordinaci\u00f3n de la Esp. Mariela De Marco.<\/p>\n<p>Se llevar\u00e1 a cabo en septiembre, los d\u00edas viernes 03, 10, 17 de 18 a 20 h y los s\u00e1bados 04, 11 de 10 a 12 h., siendo la modalidad de dictado virtual a trav\u00e9s de la plataforma Google Meet.<\/p>\n<p><strong><u>Objetivos:<\/u><\/strong><\/p>\n<p>&#8211; Que los cursantes puedan establecer vinculaciones entre las problem\u00e1ticas te\u00f3rico metodol\u00f3gicas de la Antropolog\u00eda Social y las teor\u00edas de g\u00e9nero en los an\u00e1lisis de las interseccionalidades.<\/p>\n<p>&#8211; Proveer de instrumentos anal\u00edticos para la incorporaci\u00f3n estrategias de reconocimiento la subjetivaci\u00f3n e intersubjetividades en las relaciones sociales y categorizaci\u00f3n presentes en la salud\/enfermedad\/atenci\u00f3n\/cuidados en las pol\u00edticas p\u00fablicas y con perspectiva de g\u00e9nero.<\/p>\n<p>&#8211; Aplicar una mirada y an\u00e1lisis cr\u00edtico sobre las formas de trabajar en el campo de la salud: la prevenci\u00f3n y\/o promoci\u00f3n, as\u00ed como los procesos de gesti\u00f3n de la salud y la enfermedad<\/p>\n<p>&#8211; Aportar elementos para el reconocimiento pr\u00e1ctico de abordajes t\u00e9cnico-metodol\u00f3gicos del oficio del\/de la investigador\/a\/e de campo en el campo acad\u00e9mico y profesional para el tratamiento de las cuestiones de salud en la investigaci\u00f3n en ciencias sociales en articulaci\u00f3n con la docencia y las actividades de extensi\u00f3n universitaria.<\/p>\n<p>Tendr\u00e1 una carga horaria de 30 horas y est\u00e1 destinado a egresadas\/os con t\u00edtulo universitario de grado de 4 a\u00f1os o m\u00e1s. Este Seminaria puede realizarse de manera individual, y es acreditable para cualquier curso de posgrado sean maestr\u00edas o doctorados.<\/p>\n<p><strong>Informes e Inscripci\u00f3n<\/strong>: \u00a0<a href=\"mailto:cursoposgradogeneroysalud@gmail.com\">cursoposgradogeneroysalud@gmail.com<\/a><\/p>\n<p><img fetchpriority=\"high\" decoding=\"async\" class=\"alignnone wp-image-4722 size-full\" src=\"https:\/\/www.fcejs.unsl.edu.ar\/wp-content\/uploads\/2021\/08\/flyer-GENERO-Y-SALUD-scaled.jpg\" alt=\"\" width=\"1996\" height=\"2560\" srcset=\"https:\/\/www.fcejs.unsl.edu.ar\/wp-content\/uploads\/2021\/08\/flyer-GENERO-Y-SALUD-scaled.jpg 1996w, https:\/\/www.fcejs.unsl.edu.ar\/wp-content\/uploads\/2021\/08\/flyer-GENERO-Y-SALUD-234x300.jpg 234w, https:\/\/www.fcejs.unsl.edu.ar\/wp-content\/uploads\/2021\/08\/flyer-GENERO-Y-SALUD-798x1024.jpg 798w, https:\/\/www.fcejs.unsl.edu.ar\/wp-content\/uploads\/2021\/08\/flyer-GENERO-Y-SALUD-768x985.jpg 768w, https:\/\/www.fcejs.unsl.edu.ar\/wp-content\/uploads\/2021\/08\/flyer-GENERO-Y-SALUD-1198x1536.jpg 1198w, https:\/\/www.fcejs.unsl.edu.ar\/wp-content\/uploads\/2021\/08\/flyer-GENERO-Y-SALUD-1597x2048.jpg 1597w\" sizes=\"(max-width: 1996px) 100vw, 1996px\" \/><\/p>\n","protected":false},"excerpt":{"rendered":"<p>La Secretar\u00eda de Investigaci\u00f3n y Posgrado informa que, en el marco de la carrera Especializaci\u00f3n en Abordajes de Problem\u00e1ticas Sociales desde la Perspectiva de G\u00e9nero&hellip;<\/p>\n","protected":false},"author":9,"featured_media":4745,"comment_status":"closed","ping_status":"closed","sticky":false,"template":"","format":"standard","meta":{"om_disable_all_campaigns":false,"_monsterinsights_skip_tracking":false,"_monsterinsights_sitenote_active":false,"_monsterinsights_sitenote_note":"","_monsterinsights_sitenote_category":0,"footnotes":""},"categories":[21],"tags":[],"class_list":["post-4721","post","type-post","status-publish","format-standard","has-post-thumbnail","hentry","category-archivadas"],"yoast_head":"<!-- This site is optimized with the Yoast SEO plugin v27.5 - https:\/\/yoast.com\/product\/yoast-seo-wordpress\/ -->\n<title>Seminario de posgrado: G\u00e9nero y Salud: Un Abordaje Antropol\u00f3gico - Facultad de Ciencias Econ\u00f3micas, Jur\u00ed\u00addicas y Sociales<\/title>\n<meta name=\"robots\" content=\"index, follow, max-snippet:-1, max-image-preview:large, max-video-preview:-1\" \/>\n<link rel=\"canonical\" href=\"https:\/\/www.fcejs.unsl.edu.ar\/index.php\/seminario-de-posgrado-genero-y-salud-un-abordaje-antropologico\/\" \/>\n<meta property=\"og:locale\" content=\"es_ES\" \/>\n<meta property=\"og:type\" content=\"article\" \/>\n<meta property=\"og:title\" content=\"Seminario de posgrado: G\u00e9nero y Salud: Un Abordaje Antropol\u00f3gico - Facultad de Ciencias Econ\u00f3micas, Jur\u00ed\u00addicas y Sociales\" \/>\n<meta property=\"og:description\" content=\"La Secretar\u00eda de Investigaci\u00f3n y Posgrado informa que, en el marco de la carrera Especializaci\u00f3n en Abordajes de Problem\u00e1ticas Sociales desde la Perspectiva de G\u00e9nero&hellip;\" \/>\n<meta property=\"og:url\" content=\"https:\/\/www.fcejs.unsl.edu.ar\/index.php\/seminario-de-posgrado-genero-y-salud-un-abordaje-antropologico\/\" \/>\n<meta property=\"og:site_name\" content=\"Facultad de Ciencias Econ\u00f3micas, Jur\u00ed\u00addicas y Sociales\" \/>\n<meta property=\"article:publisher\" content=\"https:\/\/www.facebook.com\/FCEJS.UNSL\/\" \/>\n<meta property=\"article:published_time\" content=\"2021-08-19T12:46:17+00:00\" \/>\n<meta property=\"article:modified_time\" content=\"2021-10-14T12:23:41+00:00\" \/>\n<meta property=\"og:image\" content=\"https:\/\/www.fcejs.unsl.edu.ar\/wp-content\/uploads\/2021\/08\/Genero-y-Salud-semianrio.jpg\" \/>\n\t<meta property=\"og:image:width\" content=\"1152\" \/>\n\t<meta property=\"og:image:height\" content=\"647\" \/>\n\t<meta property=\"og:image:type\" content=\"image\/jpeg\" \/>\n<meta name=\"author\" content=\"DATI\" \/>\n<meta name=\"twitter:card\" content=\"summary_large_image\" \/>\n<meta name=\"twitter:creator\" content=\"@FCEJSUNSL\" \/>\n<meta name=\"twitter:site\" content=\"@FCEJSUNSL\" \/>\n<meta name=\"twitter:label1\" content=\"Escrito por\" \/>\n\t<meta name=\"twitter:data1\" content=\"DATI\" \/>\n\t<meta name=\"twitter:label2\" content=\"Tiempo de lectura\" \/>\n\t<meta name=\"twitter:data2\" content=\"2 minutos\" \/>\n<script type=\"application\/ld+json\" class=\"yoast-schema-graph\">{\"@context\":\"https:\\\/\\\/schema.org\",\"@graph\":[{\"@type\":\"Article\",\"@id\":\"https:\\\/\\\/www.fcejs.unsl.edu.ar\\\/index.php\\\/seminario-de-posgrado-genero-y-salud-un-abordaje-antropologico\\\/#article\",\"isPartOf\":{\"@id\":\"https:\\\/\\\/www.fcejs.unsl.edu.ar\\\/index.php\\\/seminario-de-posgrado-genero-y-salud-un-abordaje-antropologico\\\/\"},\"author\":{\"name\":\"DATI\",\"@id\":\"https:\\\/\\\/www.fcejs.unsl.edu.ar\\\/#\\\/schema\\\/person\\\/352ee6ed90c3f394c7cb5945f8956d34\"},\"headline\":\"Seminario de posgrado: G\u00e9nero y Salud: Un Abordaje Antropol\u00f3gico\",\"datePublished\":\"2021-08-19T12:46:17+00:00\",\"dateModified\":\"2021-10-14T12:23:41+00:00\",\"mainEntityOfPage\":{\"@id\":\"https:\\\/\\\/www.fcejs.unsl.edu.ar\\\/index.php\\\/seminario-de-posgrado-genero-y-salud-un-abordaje-antropologico\\\/\"},\"wordCount\":339,\"publisher\":{\"@id\":\"https:\\\/\\\/www.fcejs.unsl.edu.ar\\\/#organization\"},\"image\":{\"@id\":\"https:\\\/\\\/www.fcejs.unsl.edu.ar\\\/index.php\\\/seminario-de-posgrado-genero-y-salud-un-abordaje-antropologico\\\/#primaryimage\"},\"thumbnailUrl\":\"https:\\\/\\\/www.fcejs.unsl.edu.ar\\\/wp-content\\\/uploads\\\/2021\\\/08\\\/Genero-y-Salud-semianrio.jpg\",\"articleSection\":[\"Archivadas\"],\"inLanguage\":\"es-AR\"},{\"@type\":\"WebPage\",\"@id\":\"https:\\\/\\\/www.fcejs.unsl.edu.ar\\\/index.php\\\/seminario-de-posgrado-genero-y-salud-un-abordaje-antropologico\\\/\",\"url\":\"https:\\\/\\\/www.fcejs.unsl.edu.ar\\\/index.php\\\/seminario-de-posgrado-genero-y-salud-un-abordaje-antropologico\\\/\",\"name\":\"Seminario de posgrado: G\u00e9nero y Salud: Un Abordaje Antropol\u00f3gico - Facultad de Ciencias Econ\u00f3micas, Jur\u00ed\u00addicas y Sociales\",\"isPartOf\":{\"@id\":\"https:\\\/\\\/www.fcejs.unsl.edu.ar\\\/#website\"},\"primaryImageOfPage\":{\"@id\":\"https:\\\/\\\/www.fcejs.unsl.edu.ar\\\/index.php\\\/seminario-de-posgrado-genero-y-salud-un-abordaje-antropologico\\\/#primaryimage\"},\"image\":{\"@id\":\"https:\\\/\\\/www.fcejs.unsl.edu.ar\\\/index.php\\\/seminario-de-posgrado-genero-y-salud-un-abordaje-antropologico\\\/#primaryimage\"},\"thumbnailUrl\":\"https:\\\/\\\/www.fcejs.unsl.edu.ar\\\/wp-content\\\/uploads\\\/2021\\\/08\\\/Genero-y-Salud-semianrio.jpg\",\"datePublished\":\"2021-08-19T12:46:17+00:00\",\"dateModified\":\"2021-10-14T12:23:41+00:00\",\"breadcrumb\":{\"@id\":\"https:\\\/\\\/www.fcejs.unsl.edu.ar\\\/index.php\\\/seminario-de-posgrado-genero-y-salud-un-abordaje-antropologico\\\/#breadcrumb\"},\"inLanguage\":\"es-AR\",\"potentialAction\":[{\"@type\":\"ReadAction\",\"target\":[\"https:\\\/\\\/www.fcejs.unsl.edu.ar\\\/index.php\\\/seminario-de-posgrado-genero-y-salud-un-abordaje-antropologico\\\/\"]}]},{\"@type\":\"ImageObject\",\"inLanguage\":\"es-AR\",\"@id\":\"https:\\\/\\\/www.fcejs.unsl.edu.ar\\\/index.php\\\/seminario-de-posgrado-genero-y-salud-un-abordaje-antropologico\\\/#primaryimage\",\"url\":\"https:\\\/\\\/www.fcejs.unsl.edu.ar\\\/wp-content\\\/uploads\\\/2021\\\/08\\\/Genero-y-Salud-semianrio.jpg\",\"contentUrl\":\"https:\\\/\\\/www.fcejs.unsl.edu.ar\\\/wp-content\\\/uploads\\\/2021\\\/08\\\/Genero-y-Salud-semianrio.jpg\",\"width\":1152,\"height\":647},{\"@type\":\"BreadcrumbList\",\"@id\":\"https:\\\/\\\/www.fcejs.unsl.edu.ar\\\/index.php\\\/seminario-de-posgrado-genero-y-salud-un-abordaje-antropologico\\\/#breadcrumb\",\"itemListElement\":[{\"@type\":\"ListItem\",\"position\":1,\"name\":\"Inicio\",\"item\":\"https:\\\/\\\/www.fcejs.unsl.edu.ar\\\/\"},{\"@type\":\"ListItem\",\"position\":2,\"name\":\"Seminario de posgrado: G\u00e9nero y Salud: Un Abordaje Antropol\u00f3gico\"}]},{\"@type\":\"WebSite\",\"@id\":\"https:\\\/\\\/www.fcejs.unsl.edu.ar\\\/#website\",\"url\":\"https:\\\/\\\/www.fcejs.unsl.edu.ar\\\/\",\"name\":\"Facultad de Ciencias Econ\u00f3micas, Jur\u00ed\u00addicas y Sociales\",\"description\":\"\",\"publisher\":{\"@id\":\"https:\\\/\\\/www.fcejs.unsl.edu.ar\\\/#organization\"},\"potentialAction\":[{\"@type\":\"SearchAction\",\"target\":{\"@type\":\"EntryPoint\",\"urlTemplate\":\"https:\\\/\\\/www.fcejs.unsl.edu.ar\\\/?s={search_term_string}\"},\"query-input\":{\"@type\":\"PropertyValueSpecification\",\"valueRequired\":true,\"valueName\":\"search_term_string\"}}],\"inLanguage\":\"es-AR\"},{\"@type\":\"Organization\",\"@id\":\"https:\\\/\\\/www.fcejs.unsl.edu.ar\\\/#organization\",\"name\":\"Facultad de Ciencias Econ\u00f3micas, Jur\u00eddicas y Sociales\",\"url\":\"https:\\\/\\\/www.fcejs.unsl.edu.ar\\\/\",\"logo\":{\"@type\":\"ImageObject\",\"inLanguage\":\"es-AR\",\"@id\":\"https:\\\/\\\/www.fcejs.unsl.edu.ar\\\/#\\\/schema\\\/logo\\\/image\\\/\",\"url\":\"https:\\\/\\\/www.fcejs.unsl.edu.ar\\\/wp-content\\\/uploads\\\/2021\\\/03\\\/logo-1.jpg\",\"contentUrl\":\"https:\\\/\\\/www.fcejs.unsl.edu.ar\\\/wp-content\\\/uploads\\\/2021\\\/03\\\/logo-1.jpg\",\"width\":471,\"height\":146,\"caption\":\"Facultad de Ciencias Econ\u00f3micas, Jur\u00eddicas y Sociales\"},\"image\":{\"@id\":\"https:\\\/\\\/www.fcejs.unsl.edu.ar\\\/#\\\/schema\\\/logo\\\/image\\\/\"},\"sameAs\":[\"https:\\\/\\\/www.facebook.com\\\/FCEJS.UNSL\\\/\",\"https:\\\/\\\/x.com\\\/FCEJSUNSL\",\"https:\\\/\\\/www.instagram.com\\\/fcejs.unsl\\\/\",\"https:\\\/\\\/www.youtube.com\\\/channel\\\/UCH-Ut6EaN_X5ogjIQMPe46g\\\/\"]},{\"@type\":\"Person\",\"@id\":\"https:\\\/\\\/www.fcejs.unsl.edu.ar\\\/#\\\/schema\\\/person\\\/352ee6ed90c3f394c7cb5945f8956d34\",\"name\":\"DATI\"}]}<\/script>\n<!-- \/ Yoast SEO plugin. -->","yoast_head_json":{"title":"Seminario de posgrado: G\u00e9nero y Salud: Un Abordaje Antropol\u00f3gico - Facultad de Ciencias Econ\u00f3micas, Jur\u00ed\u00addicas y Sociales","robots":{"index":"index","follow":"follow","max-snippet":"max-snippet:-1","max-image-preview":"max-image-preview:large","max-video-preview":"max-video-preview:-1"},"canonical":"https:\/\/www.fcejs.unsl.edu.ar\/index.php\/seminario-de-posgrado-genero-y-salud-un-abordaje-antropologico\/","og_locale":"es_ES","og_type":"article","og_title":"Seminario de posgrado: G\u00e9nero y Salud: Un Abordaje Antropol\u00f3gico - Facultad de Ciencias Econ\u00f3micas, Jur\u00ed\u00addicas y Sociales","og_description":"La Secretar\u00eda de Investigaci\u00f3n y Posgrado informa que, en el marco de la carrera Especializaci\u00f3n en Abordajes de Problem\u00e1ticas Sociales desde la Perspectiva de G\u00e9nero&hellip;","og_url":"https:\/\/www.fcejs.unsl.edu.ar\/index.php\/seminario-de-posgrado-genero-y-salud-un-abordaje-antropologico\/","og_site_name":"Facultad de Ciencias Econ\u00f3micas, Jur\u00ed\u00addicas y Sociales","article_publisher":"https:\/\/www.facebook.com\/FCEJS.UNSL\/","article_published_time":"2021-08-19T12:46:17+00:00","article_modified_time":"2021-10-14T12:23:41+00:00","og_image":[{"width":1152,"height":647,"url":"https:\/\/www.fcejs.unsl.edu.ar\/wp-content\/uploads\/2021\/08\/Genero-y-Salud-semianrio.jpg","type":"image\/jpeg"}],"author":"DATI","twitter_card":"summary_large_image","twitter_creator":"@FCEJSUNSL","twitter_site":"@FCEJSUNSL","twitter_misc":{"Escrito por":"DATI","Tiempo de lectura":"2 minutos"},"schema":{"@context":"https:\/\/schema.org","@graph":[{"@type":"Article","@id":"https:\/\/www.fcejs.unsl.edu.ar\/index.php\/seminario-de-posgrado-genero-y-salud-un-abordaje-antropologico\/#article","isPartOf":{"@id":"https:\/\/www.fcejs.unsl.edu.ar\/index.php\/seminario-de-posgrado-genero-y-salud-un-abordaje-antropologico\/"},"author":{"name":"DATI","@id":"https:\/\/www.fcejs.unsl.edu.ar\/#\/schema\/person\/352ee6ed90c3f394c7cb5945f8956d34"},"headline":"Seminario de posgrado: G\u00e9nero y Salud: Un Abordaje Antropol\u00f3gico","datePublished":"2021-08-19T12:46:17+00:00","dateModified":"2021-10-14T12:23:41+00:00","mainEntityOfPage":{"@id":"https:\/\/www.fcejs.unsl.edu.ar\/index.php\/seminario-de-posgrado-genero-y-salud-un-abordaje-antropologico\/"},"wordCount":339,"publisher":{"@id":"https:\/\/www.fcejs.unsl.edu.ar\/#organization"},"image":{"@id":"https:\/\/www.fcejs.unsl.edu.ar\/index.php\/seminario-de-posgrado-genero-y-salud-un-abordaje-antropologico\/#primaryimage"},"thumbnailUrl":"https:\/\/www.fcejs.unsl.edu.ar\/wp-content\/uploads\/2021\/08\/Genero-y-Salud-semianrio.jpg","articleSection":["Archivadas"],"inLanguage":"es-AR"},{"@type":"WebPage","@id":"https:\/\/www.fcejs.unsl.edu.ar\/index.php\/seminario-de-posgrado-genero-y-salud-un-abordaje-antropologico\/","url":"https:\/\/www.fcejs.unsl.edu.ar\/index.php\/seminario-de-posgrado-genero-y-salud-un-abordaje-antropologico\/","name":"Seminario de posgrado: G\u00e9nero y Salud: Un Abordaje Antropol\u00f3gico - Facultad de Ciencias Econ\u00f3micas, Jur\u00ed\u00addicas y Sociales","isPartOf":{"@id":"https:\/\/www.fcejs.unsl.edu.ar\/#website"},"primaryImageOfPage":{"@id":"https:\/\/www.fcejs.unsl.edu.ar\/index.php\/seminario-de-posgrado-genero-y-salud-un-abordaje-antropologico\/#primaryimage"},"image":{"@id":"https:\/\/www.fcejs.unsl.edu.ar\/index.php\/seminario-de-posgrado-genero-y-salud-un-abordaje-antropologico\/#primaryimage"},"thumbnailUrl":"https:\/\/www.fcejs.unsl.edu.ar\/wp-content\/uploads\/2021\/08\/Genero-y-Salud-semianrio.jpg","datePublished":"2021-08-19T12:46:17+00:00","dateModified":"2021-10-14T12:23:41+00:00","breadcrumb":{"@id":"https:\/\/www.fcejs.unsl.edu.ar\/index.php\/seminario-de-posgrado-genero-y-salud-un-abordaje-antropologico\/#breadcrumb"},"inLanguage":"es-AR","potentialAction":[{"@type":"ReadAction","target":["https:\/\/www.fcejs.unsl.edu.ar\/index.php\/seminario-de-posgrado-genero-y-salud-un-abordaje-antropologico\/"]}]},{"@type":"ImageObject","inLanguage":"es-AR","@id":"https:\/\/www.fcejs.unsl.edu.ar\/index.php\/seminario-de-posgrado-genero-y-salud-un-abordaje-antropologico\/#primaryimage","url":"https:\/\/www.fcejs.unsl.edu.ar\/wp-content\/uploads\/2021\/08\/Genero-y-Salud-semianrio.jpg","contentUrl":"https:\/\/www.fcejs.unsl.edu.ar\/wp-content\/uploads\/2021\/08\/Genero-y-Salud-semianrio.jpg","width":1152,"height":647},{"@type":"BreadcrumbList","@id":"https:\/\/www.fcejs.unsl.edu.ar\/index.php\/seminario-de-posgrado-genero-y-salud-un-abordaje-antropologico\/#breadcrumb","itemListElement":[{"@type":"ListItem","position":1,"name":"Inicio","item":"https:\/\/www.fcejs.unsl.edu.ar\/"},{"@type":"ListItem","position":2,"name":"Seminario de posgrado: G\u00e9nero y Salud: Un Abordaje Antropol\u00f3gico"}]},{"@type":"WebSite","@id":"https:\/\/www.fcejs.unsl.edu.ar\/#website","url":"https:\/\/www.fcejs.unsl.edu.ar\/","name":"Facultad de Ciencias Econ\u00f3micas, Jur\u00ed\u00addicas y Sociales","description":"","publisher":{"@id":"https:\/\/www.fcejs.unsl.edu.ar\/#organization"},"potentialAction":[{"@type":"SearchAction","target":{"@type":"EntryPoint","urlTemplate":"https:\/\/www.fcejs.unsl.edu.ar\/?s={search_term_string}"},"query-input":{"@type":"PropertyValueSpecification","valueRequired":true,"valueName":"search_term_string"}}],"inLanguage":"es-AR"},{"@type":"Organization","@id":"https:\/\/www.fcejs.unsl.edu.ar\/#organization","name":"Facultad de Ciencias Econ\u00f3micas, Jur\u00eddicas y Sociales","url":"https:\/\/www.fcejs.unsl.edu.ar\/","logo":{"@type":"ImageObject","inLanguage":"es-AR","@id":"https:\/\/www.fcejs.unsl.edu.ar\/#\/schema\/logo\/image\/","url":"https:\/\/www.fcejs.unsl.edu.ar\/wp-content\/uploads\/2021\/03\/logo-1.jpg","contentUrl":"https:\/\/www.fcejs.unsl.edu.ar\/wp-content\/uploads\/2021\/03\/logo-1.jpg","width":471,"height":146,"caption":"Facultad de Ciencias Econ\u00f3micas, Jur\u00eddicas y Sociales"},"image":{"@id":"https:\/\/www.fcejs.unsl.edu.ar\/#\/schema\/logo\/image\/"},"sameAs":["https:\/\/www.facebook.com\/FCEJS.UNSL\/","https:\/\/x.com\/FCEJSUNSL","https:\/\/www.instagram.com\/fcejs.unsl\/","https:\/\/www.youtube.com\/channel\/UCH-Ut6EaN_X5ogjIQMPe46g\/"]},{"@type":"Person","@id":"https:\/\/www.fcejs.unsl.edu.ar\/#\/schema\/person\/352ee6ed90c3f394c7cb5945f8956d34","name":"DATI"}]}},"jetpack_featured_media_url":"https:\/\/www.fcejs.unsl.edu.ar\/wp-content\/uploads\/2021\/08\/Genero-y-Salud-semianrio.jpg","_links":{"self":[{"href":"https:\/\/www.fcejs.unsl.edu.ar\/index.php\/wp-json\/wp\/v2\/posts\/4721","targetHints":{"allow":["GET"]}}],"collection":[{"href":"https:\/\/www.fcejs.unsl.edu.ar\/index.php\/wp-json\/wp\/v2\/posts"}],"about":[{"href":"https:\/\/www.fcejs.unsl.edu.ar\/index.php\/wp-json\/wp\/v2\/types\/post"}],"author":[{"embeddable":true,"href":"https:\/\/www.fcejs.unsl.edu.ar\/index.php\/wp-json\/wp\/v2\/users\/9"}],"replies":[{"embeddable":true,"href":"https:\/\/www.fcejs.unsl.edu.ar\/index.php\/wp-json\/wp\/v2\/comments?post=4721"}],"version-history":[{"count":2,"href":"https:\/\/www.fcejs.unsl.edu.ar\/index.php\/wp-json\/wp\/v2\/posts\/4721\/revisions"}],"predecessor-version":[{"id":4744,"href":"https:\/\/www.fcejs.unsl.edu.ar\/index.php\/wp-json\/wp\/v2\/posts\/4721\/revisions\/4744"}],"wp:featuredmedia":[{"embeddable":true,"href":"https:\/\/www.fcejs.unsl.edu.ar\/index.php\/wp-json\/wp\/v2\/media\/4745"}],"wp:attachment":[{"href":"https:\/\/www.fcejs.unsl.edu.ar\/index.php\/wp-json\/wp\/v2\/media?parent=4721"}],"wp:term":[{"taxonomy":"category","embeddable":true,"href":"https:\/\/www.fcejs.unsl.edu.ar\/index.php\/wp-json\/wp\/v2\/categories?post=4721"},{"taxonomy":"post_tag","embeddable":true,"href":"https:\/\/www.fcejs.unsl.edu.ar\/index.php\/wp-json\/wp\/v2\/tags?post=4721"}],"curies":[{"name":"wp","href":"https:\/\/api.w.org\/{rel}","templated":true}]}}