{"id":4670,"date":"2021-08-13T11:05:09","date_gmt":"2021-08-13T14:05:09","guid":{"rendered":"http:\/\/10.101.10.197\/www\/?p=4670"},"modified":"2021-09-02T08:56:43","modified_gmt":"2021-09-02T11:56:43","slug":"conversatorio-ingreso-y-derecho-a-la-educacion-superior-sentidos-politicos-en-tiempos-de-virtualizacion","status":"publish","type":"post","link":"https:\/\/www.fcejs.unsl.edu.ar\/index.php\/conversatorio-ingreso-y-derecho-a-la-educacion-superior-sentidos-politicos-en-tiempos-de-virtualizacion\/","title":{"rendered":"Conversatorio &#8220;Ingreso y derecho a la educaci\u00f3n superior. Sentidos pol\u00edticos en tiempos de virtualizaci\u00f3n&#8221;"},"content":{"rendered":"<p>En camino hacia el IX Encuentro Nacional y VI Latinoamericano sobre Ingreso &#8211; UNSL 2022, el pr\u00f3ximo martes 24 de agosto de 2021, se llevar\u00e1 a cabo el Conversatorio &#8220;Ingreso y derecho a la educaci\u00f3n superior. Sentidos pol\u00edticos en tiempos de virtualizaci\u00f3n&#8221;.<\/p>\n<p>De forma virtual a partir de las 18 horas, debatir\u00e1n Eduardo Rinesi (Dr. en Filosof\u00eda por la Universidad de San Pablo, Brasil), Gabriela Diker (Dra. en Educaci\u00f3n por la Universidad del Valle, Colombia) y Sonia Araujo (Dra. en Filosof\u00eda y Ciencias de la Educaci\u00f3n por la UNED, Espa\u00f1a).<\/p>\n<p>Esta actividad gratuita y destinada a personal de los niveles secundario y superior universitario, es organizada por la Red de Ingreso, Permanencia y Graduaci\u00f3n de las Universidad P\u00fablicas (RIUP). No se entregar\u00e1n certificados.<\/p>\n<h4 style=\"text-align: center;\"><a href=\"https:\/\/docs.google.com\/forms\/d\/e\/1FAIpQLSfRMGpmAopUBi9pHZSXu_kDJDWEyerGvvONUjvMjMaFA8YmfA\/viewform\" target=\"_blank\" rel=\"noopener\"><strong>INSCRIPCIONES<\/strong><\/a><\/h4>\n<p>&nbsp;<\/p>\n<p><iframe title=\"Conversatorio: Ingreso y derecho a la educaci\u00f3n superior.\" width=\"843\" height=\"474\" src=\"https:\/\/www.youtube.com\/embed\/OYR2jwIhj1Y?feature=oembed\" frameborder=\"0\" allow=\"accelerometer; autoplay; clipboard-write; encrypted-media; gyroscope; picture-in-picture\" allowfullscreen><\/iframe><\/p>\n<p>&nbsp;<\/p>\n<p><span style=\"font-size: 14pt;\"><strong>IX Encuentro Nacional y VI Latinoamericano sobre Ingreso &#8211; UNSL 2022<\/strong><\/span><\/p>\n<p>La Facultad de Ciencias Humanas de la UNSL, junto a las unidades acad\u00e9micas de la sede central y de Villa Mercedes y Merlo, convocan a todas las universidades p\u00fablicas a participar del IX Encuentro Nacional y VI Latinoamericano sobre Ingreso Universitario: La Educaci\u00f3n Superior como Derecho: sentidos, pr\u00e1cticas y apuestas para una agenda de Ingreso y Permanencia en las Universidades P\u00fablicas.<\/p>\n<p>El prop\u00f3sito de este encuentro, que se llevar\u00e1 a cabo el 28, 29 y 30 de marzo 2022 de manera virtual, es generar un espacio de encuentro que recupere las memorias acumuladas y los desaf\u00edos del presente, permitiendo la revisi\u00f3n y producci\u00f3n de sentidos, pr\u00e1cticas, apuestas acerca del Ingreso y Permanencia en las Universidades P\u00fablicas.<\/p>\n","protected":false},"excerpt":{"rendered":"<p>En camino hacia el IX Encuentro Nacional y VI Latinoamericano sobre Ingreso &#8211; UNSL 2022, el pr\u00f3ximo martes 24 de agosto de 2021, se llevar\u00e1&hellip;<\/p>\n","protected":false},"author":9,"featured_media":4671,"comment_status":"closed","ping_status":"closed","sticky":false,"template":"","format":"standard","meta":{"om_disable_all_campaigns":false,"_monsterinsights_skip_tracking":false,"_monsterinsights_sitenote_active":false,"_monsterinsights_sitenote_note":"","_monsterinsights_sitenote_category":0,"footnotes":""},"categories":[21],"tags":[],"class_list":["post-4670","post","type-post","status-publish","format-standard","has-post-thumbnail","hentry","category-archivadas"],"yoast_head":"<!-- This site is optimized with the Yoast SEO plugin v27.5 - https:\/\/yoast.com\/product\/yoast-seo-wordpress\/ -->\n<title>Conversatorio &quot;Ingreso y derecho a la educaci\u00f3n superior. Sentidos pol\u00edticos en tiempos de virtualizaci\u00f3n&quot; - Facultad de Ciencias Econ\u00f3micas, Jur\u00ed\u00addicas y Sociales<\/title>\n<meta name=\"robots\" content=\"index, follow, max-snippet:-1, max-image-preview:large, max-video-preview:-1\" \/>\n<link rel=\"canonical\" href=\"https:\/\/www.fcejs.unsl.edu.ar\/index.php\/conversatorio-ingreso-y-derecho-a-la-educacion-superior-sentidos-politicos-en-tiempos-de-virtualizacion\/\" \/>\n<meta property=\"og:locale\" content=\"es_ES\" \/>\n<meta property=\"og:type\" content=\"article\" \/>\n<meta property=\"og:title\" content=\"Conversatorio &quot;Ingreso y derecho a la educaci\u00f3n superior. Sentidos pol\u00edticos en tiempos de virtualizaci\u00f3n&quot; - Facultad de Ciencias Econ\u00f3micas, Jur\u00ed\u00addicas y Sociales\" \/>\n<meta property=\"og:description\" content=\"En camino hacia el IX Encuentro Nacional y VI Latinoamericano sobre Ingreso &#8211; UNSL 2022, el pr\u00f3ximo martes 24 de agosto de 2021, se llevar\u00e1&hellip;\" \/>\n<meta property=\"og:url\" content=\"https:\/\/www.fcejs.unsl.edu.ar\/index.php\/conversatorio-ingreso-y-derecho-a-la-educacion-superior-sentidos-politicos-en-tiempos-de-virtualizacion\/\" \/>\n<meta property=\"og:site_name\" content=\"Facultad de Ciencias Econ\u00f3micas, Jur\u00ed\u00addicas y Sociales\" \/>\n<meta property=\"article:publisher\" content=\"https:\/\/www.facebook.com\/FCEJS.UNSL\/\" \/>\n<meta property=\"article:published_time\" content=\"2021-08-13T14:05:09+00:00\" \/>\n<meta property=\"article:modified_time\" content=\"2021-09-02T11:56:43+00:00\" \/>\n<meta property=\"og:image\" content=\"https:\/\/www.fcejs.unsl.edu.ar\/wp-content\/uploads\/2021\/08\/ingreso-jornadas.jpg\" \/>\n\t<meta property=\"og:image:width\" content=\"1152\" \/>\n\t<meta property=\"og:image:height\" content=\"647\" \/>\n\t<meta property=\"og:image:type\" content=\"image\/jpeg\" \/>\n<meta name=\"author\" content=\"DATI\" \/>\n<meta name=\"twitter:card\" content=\"summary_large_image\" \/>\n<meta name=\"twitter:creator\" content=\"@FCEJSUNSL\" \/>\n<meta name=\"twitter:site\" content=\"@FCEJSUNSL\" \/>\n<meta name=\"twitter:label1\" content=\"Escrito por\" \/>\n\t<meta name=\"twitter:data1\" content=\"DATI\" \/>\n\t<meta name=\"twitter:label2\" content=\"Tiempo de lectura\" \/>\n\t<meta name=\"twitter:data2\" content=\"2 minutos\" \/>\n<script type=\"application\/ld+json\" class=\"yoast-schema-graph\">{\"@context\":\"https:\\\/\\\/schema.org\",\"@graph\":[{\"@type\":\"Article\",\"@id\":\"https:\\\/\\\/www.fcejs.unsl.edu.ar\\\/index.php\\\/conversatorio-ingreso-y-derecho-a-la-educacion-superior-sentidos-politicos-en-tiempos-de-virtualizacion\\\/#article\",\"isPartOf\":{\"@id\":\"https:\\\/\\\/www.fcejs.unsl.edu.ar\\\/index.php\\\/conversatorio-ingreso-y-derecho-a-la-educacion-superior-sentidos-politicos-en-tiempos-de-virtualizacion\\\/\"},\"author\":{\"name\":\"DATI\",\"@id\":\"https:\\\/\\\/www.fcejs.unsl.edu.ar\\\/#\\\/schema\\\/person\\\/352ee6ed90c3f394c7cb5945f8956d34\"},\"headline\":\"Conversatorio &#8220;Ingreso y derecho a la educaci\u00f3n superior. Sentidos pol\u00edticos en tiempos de virtualizaci\u00f3n&#8221;\",\"datePublished\":\"2021-08-13T14:05:09+00:00\",\"dateModified\":\"2021-09-02T11:56:43+00:00\",\"mainEntityOfPage\":{\"@id\":\"https:\\\/\\\/www.fcejs.unsl.edu.ar\\\/index.php\\\/conversatorio-ingreso-y-derecho-a-la-educacion-superior-sentidos-politicos-en-tiempos-de-virtualizacion\\\/\"},\"wordCount\":296,\"publisher\":{\"@id\":\"https:\\\/\\\/www.fcejs.unsl.edu.ar\\\/#organization\"},\"image\":{\"@id\":\"https:\\\/\\\/www.fcejs.unsl.edu.ar\\\/index.php\\\/conversatorio-ingreso-y-derecho-a-la-educacion-superior-sentidos-politicos-en-tiempos-de-virtualizacion\\\/#primaryimage\"},\"thumbnailUrl\":\"https:\\\/\\\/www.fcejs.unsl.edu.ar\\\/wp-content\\\/uploads\\\/2021\\\/08\\\/ingreso-jornadas.jpg\",\"articleSection\":[\"Archivadas\"],\"inLanguage\":\"es-AR\"},{\"@type\":\"WebPage\",\"@id\":\"https:\\\/\\\/www.fcejs.unsl.edu.ar\\\/index.php\\\/conversatorio-ingreso-y-derecho-a-la-educacion-superior-sentidos-politicos-en-tiempos-de-virtualizacion\\\/\",\"url\":\"https:\\\/\\\/www.fcejs.unsl.edu.ar\\\/index.php\\\/conversatorio-ingreso-y-derecho-a-la-educacion-superior-sentidos-politicos-en-tiempos-de-virtualizacion\\\/\",\"name\":\"Conversatorio \\\"Ingreso y derecho a la educaci\u00f3n superior. Sentidos pol\u00edticos en tiempos de virtualizaci\u00f3n\\\" - Facultad de Ciencias Econ\u00f3micas, Jur\u00ed\u00addicas y Sociales\",\"isPartOf\":{\"@id\":\"https:\\\/\\\/www.fcejs.unsl.edu.ar\\\/#website\"},\"primaryImageOfPage\":{\"@id\":\"https:\\\/\\\/www.fcejs.unsl.edu.ar\\\/index.php\\\/conversatorio-ingreso-y-derecho-a-la-educacion-superior-sentidos-politicos-en-tiempos-de-virtualizacion\\\/#primaryimage\"},\"image\":{\"@id\":\"https:\\\/\\\/www.fcejs.unsl.edu.ar\\\/index.php\\\/conversatorio-ingreso-y-derecho-a-la-educacion-superior-sentidos-politicos-en-tiempos-de-virtualizacion\\\/#primaryimage\"},\"thumbnailUrl\":\"https:\\\/\\\/www.fcejs.unsl.edu.ar\\\/wp-content\\\/uploads\\\/2021\\\/08\\\/ingreso-jornadas.jpg\",\"datePublished\":\"2021-08-13T14:05:09+00:00\",\"dateModified\":\"2021-09-02T11:56:43+00:00\",\"breadcrumb\":{\"@id\":\"https:\\\/\\\/www.fcejs.unsl.edu.ar\\\/index.php\\\/conversatorio-ingreso-y-derecho-a-la-educacion-superior-sentidos-politicos-en-tiempos-de-virtualizacion\\\/#breadcrumb\"},\"inLanguage\":\"es-AR\",\"potentialAction\":[{\"@type\":\"ReadAction\",\"target\":[\"https:\\\/\\\/www.fcejs.unsl.edu.ar\\\/index.php\\\/conversatorio-ingreso-y-derecho-a-la-educacion-superior-sentidos-politicos-en-tiempos-de-virtualizacion\\\/\"]}]},{\"@type\":\"ImageObject\",\"inLanguage\":\"es-AR\",\"@id\":\"https:\\\/\\\/www.fcejs.unsl.edu.ar\\\/index.php\\\/conversatorio-ingreso-y-derecho-a-la-educacion-superior-sentidos-politicos-en-tiempos-de-virtualizacion\\\/#primaryimage\",\"url\":\"https:\\\/\\\/www.fcejs.unsl.edu.ar\\\/wp-content\\\/uploads\\\/2021\\\/08\\\/ingreso-jornadas.jpg\",\"contentUrl\":\"https:\\\/\\\/www.fcejs.unsl.edu.ar\\\/wp-content\\\/uploads\\\/2021\\\/08\\\/ingreso-jornadas.jpg\",\"width\":1152,\"height\":647},{\"@type\":\"BreadcrumbList\",\"@id\":\"https:\\\/\\\/www.fcejs.unsl.edu.ar\\\/index.php\\\/conversatorio-ingreso-y-derecho-a-la-educacion-superior-sentidos-politicos-en-tiempos-de-virtualizacion\\\/#breadcrumb\",\"itemListElement\":[{\"@type\":\"ListItem\",\"position\":1,\"name\":\"Inicio\",\"item\":\"https:\\\/\\\/www.fcejs.unsl.edu.ar\\\/\"},{\"@type\":\"ListItem\",\"position\":2,\"name\":\"Conversatorio &#8220;Ingreso y derecho a la educaci\u00f3n superior. Sentidos pol\u00edticos en tiempos de virtualizaci\u00f3n&#8221;\"}]},{\"@type\":\"WebSite\",\"@id\":\"https:\\\/\\\/www.fcejs.unsl.edu.ar\\\/#website\",\"url\":\"https:\\\/\\\/www.fcejs.unsl.edu.ar\\\/\",\"name\":\"Facultad de Ciencias Econ\u00f3micas, Jur\u00ed\u00addicas y Sociales\",\"description\":\"\",\"publisher\":{\"@id\":\"https:\\\/\\\/www.fcejs.unsl.edu.ar\\\/#organization\"},\"potentialAction\":[{\"@type\":\"SearchAction\",\"target\":{\"@type\":\"EntryPoint\",\"urlTemplate\":\"https:\\\/\\\/www.fcejs.unsl.edu.ar\\\/?s={search_term_string}\"},\"query-input\":{\"@type\":\"PropertyValueSpecification\",\"valueRequired\":true,\"valueName\":\"search_term_string\"}}],\"inLanguage\":\"es-AR\"},{\"@type\":\"Organization\",\"@id\":\"https:\\\/\\\/www.fcejs.unsl.edu.ar\\\/#organization\",\"name\":\"Facultad de Ciencias Econ\u00f3micas, Jur\u00eddicas y Sociales\",\"url\":\"https:\\\/\\\/www.fcejs.unsl.edu.ar\\\/\",\"logo\":{\"@type\":\"ImageObject\",\"inLanguage\":\"es-AR\",\"@id\":\"https:\\\/\\\/www.fcejs.unsl.edu.ar\\\/#\\\/schema\\\/logo\\\/image\\\/\",\"url\":\"https:\\\/\\\/www.fcejs.unsl.edu.ar\\\/wp-content\\\/uploads\\\/2021\\\/03\\\/logo-1.jpg\",\"contentUrl\":\"https:\\\/\\\/www.fcejs.unsl.edu.ar\\\/wp-content\\\/uploads\\\/2021\\\/03\\\/logo-1.jpg\",\"width\":471,\"height\":146,\"caption\":\"Facultad de Ciencias Econ\u00f3micas, Jur\u00eddicas y Sociales\"},\"image\":{\"@id\":\"https:\\\/\\\/www.fcejs.unsl.edu.ar\\\/#\\\/schema\\\/logo\\\/image\\\/\"},\"sameAs\":[\"https:\\\/\\\/www.facebook.com\\\/FCEJS.UNSL\\\/\",\"https:\\\/\\\/x.com\\\/FCEJSUNSL\",\"https:\\\/\\\/www.instagram.com\\\/fcejs.unsl\\\/\",\"https:\\\/\\\/www.youtube.com\\\/channel\\\/UCH-Ut6EaN_X5ogjIQMPe46g\\\/\"]},{\"@type\":\"Person\",\"@id\":\"https:\\\/\\\/www.fcejs.unsl.edu.ar\\\/#\\\/schema\\\/person\\\/352ee6ed90c3f394c7cb5945f8956d34\",\"name\":\"DATI\"}]}<\/script>\n<!-- \/ Yoast SEO plugin. -->","yoast_head_json":{"title":"Conversatorio \"Ingreso y derecho a la educaci\u00f3n superior. Sentidos pol\u00edticos en tiempos de virtualizaci\u00f3n\" - Facultad de Ciencias Econ\u00f3micas, Jur\u00ed\u00addicas y Sociales","robots":{"index":"index","follow":"follow","max-snippet":"max-snippet:-1","max-image-preview":"max-image-preview:large","max-video-preview":"max-video-preview:-1"},"canonical":"https:\/\/www.fcejs.unsl.edu.ar\/index.php\/conversatorio-ingreso-y-derecho-a-la-educacion-superior-sentidos-politicos-en-tiempos-de-virtualizacion\/","og_locale":"es_ES","og_type":"article","og_title":"Conversatorio \"Ingreso y derecho a la educaci\u00f3n superior. Sentidos pol\u00edticos en tiempos de virtualizaci\u00f3n\" - Facultad de Ciencias Econ\u00f3micas, Jur\u00ed\u00addicas y Sociales","og_description":"En camino hacia el IX Encuentro Nacional y VI Latinoamericano sobre Ingreso &#8211; UNSL 2022, el pr\u00f3ximo martes 24 de agosto de 2021, se llevar\u00e1&hellip;","og_url":"https:\/\/www.fcejs.unsl.edu.ar\/index.php\/conversatorio-ingreso-y-derecho-a-la-educacion-superior-sentidos-politicos-en-tiempos-de-virtualizacion\/","og_site_name":"Facultad de Ciencias Econ\u00f3micas, Jur\u00ed\u00addicas y Sociales","article_publisher":"https:\/\/www.facebook.com\/FCEJS.UNSL\/","article_published_time":"2021-08-13T14:05:09+00:00","article_modified_time":"2021-09-02T11:56:43+00:00","og_image":[{"width":1152,"height":647,"url":"https:\/\/www.fcejs.unsl.edu.ar\/wp-content\/uploads\/2021\/08\/ingreso-jornadas.jpg","type":"image\/jpeg"}],"author":"DATI","twitter_card":"summary_large_image","twitter_creator":"@FCEJSUNSL","twitter_site":"@FCEJSUNSL","twitter_misc":{"Escrito por":"DATI","Tiempo de lectura":"2 minutos"},"schema":{"@context":"https:\/\/schema.org","@graph":[{"@type":"Article","@id":"https:\/\/www.fcejs.unsl.edu.ar\/index.php\/conversatorio-ingreso-y-derecho-a-la-educacion-superior-sentidos-politicos-en-tiempos-de-virtualizacion\/#article","isPartOf":{"@id":"https:\/\/www.fcejs.unsl.edu.ar\/index.php\/conversatorio-ingreso-y-derecho-a-la-educacion-superior-sentidos-politicos-en-tiempos-de-virtualizacion\/"},"author":{"name":"DATI","@id":"https:\/\/www.fcejs.unsl.edu.ar\/#\/schema\/person\/352ee6ed90c3f394c7cb5945f8956d34"},"headline":"Conversatorio &#8220;Ingreso y derecho a la educaci\u00f3n superior. Sentidos pol\u00edticos en tiempos de virtualizaci\u00f3n&#8221;","datePublished":"2021-08-13T14:05:09+00:00","dateModified":"2021-09-02T11:56:43+00:00","mainEntityOfPage":{"@id":"https:\/\/www.fcejs.unsl.edu.ar\/index.php\/conversatorio-ingreso-y-derecho-a-la-educacion-superior-sentidos-politicos-en-tiempos-de-virtualizacion\/"},"wordCount":296,"publisher":{"@id":"https:\/\/www.fcejs.unsl.edu.ar\/#organization"},"image":{"@id":"https:\/\/www.fcejs.unsl.edu.ar\/index.php\/conversatorio-ingreso-y-derecho-a-la-educacion-superior-sentidos-politicos-en-tiempos-de-virtualizacion\/#primaryimage"},"thumbnailUrl":"https:\/\/www.fcejs.unsl.edu.ar\/wp-content\/uploads\/2021\/08\/ingreso-jornadas.jpg","articleSection":["Archivadas"],"inLanguage":"es-AR"},{"@type":"WebPage","@id":"https:\/\/www.fcejs.unsl.edu.ar\/index.php\/conversatorio-ingreso-y-derecho-a-la-educacion-superior-sentidos-politicos-en-tiempos-de-virtualizacion\/","url":"https:\/\/www.fcejs.unsl.edu.ar\/index.php\/conversatorio-ingreso-y-derecho-a-la-educacion-superior-sentidos-politicos-en-tiempos-de-virtualizacion\/","name":"Conversatorio \"Ingreso y derecho a la educaci\u00f3n superior. Sentidos pol\u00edticos en tiempos de virtualizaci\u00f3n\" - Facultad de Ciencias Econ\u00f3micas, Jur\u00ed\u00addicas y Sociales","isPartOf":{"@id":"https:\/\/www.fcejs.unsl.edu.ar\/#website"},"primaryImageOfPage":{"@id":"https:\/\/www.fcejs.unsl.edu.ar\/index.php\/conversatorio-ingreso-y-derecho-a-la-educacion-superior-sentidos-politicos-en-tiempos-de-virtualizacion\/#primaryimage"},"image":{"@id":"https:\/\/www.fcejs.unsl.edu.ar\/index.php\/conversatorio-ingreso-y-derecho-a-la-educacion-superior-sentidos-politicos-en-tiempos-de-virtualizacion\/#primaryimage"},"thumbnailUrl":"https:\/\/www.fcejs.unsl.edu.ar\/wp-content\/uploads\/2021\/08\/ingreso-jornadas.jpg","datePublished":"2021-08-13T14:05:09+00:00","dateModified":"2021-09-02T11:56:43+00:00","breadcrumb":{"@id":"https:\/\/www.fcejs.unsl.edu.ar\/index.php\/conversatorio-ingreso-y-derecho-a-la-educacion-superior-sentidos-politicos-en-tiempos-de-virtualizacion\/#breadcrumb"},"inLanguage":"es-AR","potentialAction":[{"@type":"ReadAction","target":["https:\/\/www.fcejs.unsl.edu.ar\/index.php\/conversatorio-ingreso-y-derecho-a-la-educacion-superior-sentidos-politicos-en-tiempos-de-virtualizacion\/"]}]},{"@type":"ImageObject","inLanguage":"es-AR","@id":"https:\/\/www.fcejs.unsl.edu.ar\/index.php\/conversatorio-ingreso-y-derecho-a-la-educacion-superior-sentidos-politicos-en-tiempos-de-virtualizacion\/#primaryimage","url":"https:\/\/www.fcejs.unsl.edu.ar\/wp-content\/uploads\/2021\/08\/ingreso-jornadas.jpg","contentUrl":"https:\/\/www.fcejs.unsl.edu.ar\/wp-content\/uploads\/2021\/08\/ingreso-jornadas.jpg","width":1152,"height":647},{"@type":"BreadcrumbList","@id":"https:\/\/www.fcejs.unsl.edu.ar\/index.php\/conversatorio-ingreso-y-derecho-a-la-educacion-superior-sentidos-politicos-en-tiempos-de-virtualizacion\/#breadcrumb","itemListElement":[{"@type":"ListItem","position":1,"name":"Inicio","item":"https:\/\/www.fcejs.unsl.edu.ar\/"},{"@type":"ListItem","position":2,"name":"Conversatorio &#8220;Ingreso y derecho a la educaci\u00f3n superior. Sentidos pol\u00edticos en tiempos de virtualizaci\u00f3n&#8221;"}]},{"@type":"WebSite","@id":"https:\/\/www.fcejs.unsl.edu.ar\/#website","url":"https:\/\/www.fcejs.unsl.edu.ar\/","name":"Facultad de Ciencias Econ\u00f3micas, Jur\u00ed\u00addicas y Sociales","description":"","publisher":{"@id":"https:\/\/www.fcejs.unsl.edu.ar\/#organization"},"potentialAction":[{"@type":"SearchAction","target":{"@type":"EntryPoint","urlTemplate":"https:\/\/www.fcejs.unsl.edu.ar\/?s={search_term_string}"},"query-input":{"@type":"PropertyValueSpecification","valueRequired":true,"valueName":"search_term_string"}}],"inLanguage":"es-AR"},{"@type":"Organization","@id":"https:\/\/www.fcejs.unsl.edu.ar\/#organization","name":"Facultad de Ciencias Econ\u00f3micas, Jur\u00eddicas y Sociales","url":"https:\/\/www.fcejs.unsl.edu.ar\/","logo":{"@type":"ImageObject","inLanguage":"es-AR","@id":"https:\/\/www.fcejs.unsl.edu.ar\/#\/schema\/logo\/image\/","url":"https:\/\/www.fcejs.unsl.edu.ar\/wp-content\/uploads\/2021\/03\/logo-1.jpg","contentUrl":"https:\/\/www.fcejs.unsl.edu.ar\/wp-content\/uploads\/2021\/03\/logo-1.jpg","width":471,"height":146,"caption":"Facultad de Ciencias Econ\u00f3micas, Jur\u00eddicas y Sociales"},"image":{"@id":"https:\/\/www.fcejs.unsl.edu.ar\/#\/schema\/logo\/image\/"},"sameAs":["https:\/\/www.facebook.com\/FCEJS.UNSL\/","https:\/\/x.com\/FCEJSUNSL","https:\/\/www.instagram.com\/fcejs.unsl\/","https:\/\/www.youtube.com\/channel\/UCH-Ut6EaN_X5ogjIQMPe46g\/"]},{"@type":"Person","@id":"https:\/\/www.fcejs.unsl.edu.ar\/#\/schema\/person\/352ee6ed90c3f394c7cb5945f8956d34","name":"DATI"}]}},"jetpack_featured_media_url":"https:\/\/www.fcejs.unsl.edu.ar\/wp-content\/uploads\/2021\/08\/ingreso-jornadas.jpg","_links":{"self":[{"href":"https:\/\/www.fcejs.unsl.edu.ar\/index.php\/wp-json\/wp\/v2\/posts\/4670","targetHints":{"allow":["GET"]}}],"collection":[{"href":"https:\/\/www.fcejs.unsl.edu.ar\/index.php\/wp-json\/wp\/v2\/posts"}],"about":[{"href":"https:\/\/www.fcejs.unsl.edu.ar\/index.php\/wp-json\/wp\/v2\/types\/post"}],"author":[{"embeddable":true,"href":"https:\/\/www.fcejs.unsl.edu.ar\/index.php\/wp-json\/wp\/v2\/users\/9"}],"replies":[{"embeddable":true,"href":"https:\/\/www.fcejs.unsl.edu.ar\/index.php\/wp-json\/wp\/v2\/comments?post=4670"}],"version-history":[{"count":5,"href":"https:\/\/www.fcejs.unsl.edu.ar\/index.php\/wp-json\/wp\/v2\/posts\/4670\/revisions"}],"predecessor-version":[{"id":4676,"href":"https:\/\/www.fcejs.unsl.edu.ar\/index.php\/wp-json\/wp\/v2\/posts\/4670\/revisions\/4676"}],"wp:featuredmedia":[{"embeddable":true,"href":"https:\/\/www.fcejs.unsl.edu.ar\/index.php\/wp-json\/wp\/v2\/media\/4671"}],"wp:attachment":[{"href":"https:\/\/www.fcejs.unsl.edu.ar\/index.php\/wp-json\/wp\/v2\/media?parent=4670"}],"wp:term":[{"taxonomy":"category","embeddable":true,"href":"https:\/\/www.fcejs.unsl.edu.ar\/index.php\/wp-json\/wp\/v2\/categories?post=4670"},{"taxonomy":"post_tag","embeddable":true,"href":"https:\/\/www.fcejs.unsl.edu.ar\/index.php\/wp-json\/wp\/v2\/tags?post=4670"}],"curies":[{"name":"wp","href":"https:\/\/api.w.org\/{rel}","templated":true}]}}