{"id":4646,"date":"2022-08-11T10:00:19","date_gmt":"2022-08-11T13:00:19","guid":{"rendered":"http:\/\/10.101.10.197\/www\/?p=4646"},"modified":"2022-08-31T11:37:09","modified_gmt":"2022-08-31T14:37:09","slug":"ingreso-2023-inscripcion-para-mayores-de-25-anos-con-secundario-incompleto","status":"publish","type":"post","link":"https:\/\/www.fcejs.unsl.edu.ar\/index.php\/ingreso-2023-inscripcion-para-mayores-de-25-anos-con-secundario-incompleto\/","title":{"rendered":"Ingreso 2023: Inscripci\u00f3n para mayores de 25 a\u00f1os con secundario incompleto"},"content":{"rendered":"<p>La Secretar\u00eda Acad\u00e9mica de la UNSL, informa que del 8 al 19 de agosto estar\u00e1 habilitado el formulario online de inscripci\u00f3n para mayores de 25 a\u00f1os con secundario incompleto aspirantes a ingresar a la Universidad Nacional de San Luis (UNSL) para el ciclo 2023.<\/p>\n<p>El art\u00edculo 7 de la Ley 24.521 de Educaci\u00f3n Superior establece que para ingresar como alumno\/a a las instituciones de Nivel Superior se debe haber aprobado el Nivel Medio o el Ciclo Polimodal.<\/p>\n<p>Excepcionalmente, los mayores de 25 a\u00f1os que no re\u00fanan esta condici\u00f3n podr\u00e1n ingresar a la Universidad, siempre que demuestren tener preparaci\u00f3n y\/o experiencia laboral acorde con los estudios que se proponen iniciar, as\u00ed como aptitudes y conocimientos suficientes para cursarlos satisfactoriamente, a trav\u00e9s de las evaluaciones que establezca la instituci\u00f3n.<\/p>\n<h4 style=\"text-align: center;\"><strong><u><a href=\"https:\/\/formularios.unsl.edu.ar\/mayoresde25\/\" target=\"_blank\" rel=\"noopener\">FORMULARIO DE INSCRIPCI\u00d3N<\/a><\/u><\/strong><\/h4>\n<p>La UNSL ha establecido requisitos a cumplimentar a trav\u00e9s de la Ordenanza 25\/95 del Consejo Superior. Los mismos son:<\/p>\n<ul>\n<li>Poseer estudios primarios completos como requisito para inscripci\u00f3n y adem\u00e1s se deber\u00e1n aprobar dos (2) tipos de ex\u00e1menes: uno general que incluye dos (2) pruebas y otro espec\u00edfico para la carrera elegida, actividad que se lleva a cabo en cada Facultad.<\/li>\n<li>La inscripci\u00f3n se efect\u00faa en todo el mes de agosto de cada a\u00f1o, ante el Departamento de Alumnos de las Facultades. Para el ingreso a las carreras del Instituto Polit\u00e9cnico y Art\u00edstico Universitario (IPAU) se establecer\u00e1 un cronograma espec\u00edfico.<\/li>\n<li>Existe un formulario especial que cada aspirante deber\u00e1 completar, el que incluye una carta que se\u00f1ale las razones por las cuales el\/la interesado\/a desea cursar esa carrera, acompa\u00f1ando -de ser posible- probanzas de alg\u00fan estudio o trabajo en el \u00e1rea.<\/li>\n<li>Al momento de la inscripci\u00f3n debe presentarse necesariamente el comprobante de finalizaci\u00f3n de estudios primarios o el certificado anal\u00edtico de los estudios medios que haya cursado en forma incompleta. Debe entregarse fotocopia, presentando el original para su verificaci\u00f3n.<\/li>\n<li>Todas las solicitudes presentadas ante cada Unidad Acad\u00e9mica son analizadas por una Comisi\u00f3n Especial, la que dictamina la pertinencia de lo solicitado sobre la base de la documentaci\u00f3n y antecedentes presentados, en base a ello se acepta o rechaza la solicitud.<\/li>\n<li>Todos\/as los\/as aspirantes aceptados\/as deber\u00e1n rendir el Examen General en la misma fecha y hora, y con igual contenido, dicho examen es el mismo para todos\/as los\/as postulantes a todas las carreras de la Universidad y consiste en dos (2) pruebas: una de Resoluci\u00f3n de Problemas y otra de Comprensi\u00f3n de Textos y Expresi\u00f3n Escrita.<\/li>\n<\/ul>\n<p><strong>Los postulantes mayores de 25 a\u00f1os con secundario incompleto, deber\u00e1n:<\/strong><\/p>\n<ul>\n<li>Llenar el formulario online en el plazo estipulado para inscribirse en cada Facultad y presentar toda la documentaci\u00f3n completa para que este formulario quede debidamente ingresado.<\/li>\n<li>Posteriormente, deber\u00e1n realizar el curso de acompa\u00f1amiento y rendir y aprobar los m\u00f3dulos de nivelaci\u00f3n.<br \/>\nAquellos\/as que aprueban el curso de nivelaci\u00f3n, quedar\u00e1n en condici\u00f3n de ingresar y deber\u00e1n cumplir con los requisitos de los\/as ingresantes a la UNSL.<\/li>\n<li>Llenar el formulario de inscripci\u00f3n y presentar toda la documentaci\u00f3n completa para ingresantes, en la fecha que se estipule.<\/li>\n<li>Iniciar el curso de ingreso del a\u00f1o lectivo en el que aspiran a ingresar a la UNSL.<\/li>\n<li>El curso de ingreso para ingresantes UNSL es obligatorio, pero no eliminatorio.<\/li>\n<\/ul>\n<p>Para m\u00e1s informaci\u00f3n: <strong><a href=\"https:\/\/www.fcejs.unsl.edu.ar\/wp-content\/uploads\/2022\/08\/RR-1473-2022-Calendario-Mayores-de-25.pdf\">RR 1473-2022-Calendario Mayores de 25<\/a><\/strong><\/p>\n","protected":false},"excerpt":{"rendered":"<p>La Secretar\u00eda Acad\u00e9mica de la UNSL, informa que del 8 al 19 de agosto estar\u00e1 habilitado el formulario online de inscripci\u00f3n para mayores de 25&hellip;<\/p>\n","protected":false},"author":9,"featured_media":4647,"comment_status":"closed","ping_status":"closed","sticky":false,"template":"","format":"standard","meta":{"om_disable_all_campaigns":false,"_monsterinsights_skip_tracking":false,"_monsterinsights_sitenote_active":false,"_monsterinsights_sitenote_note":"","_monsterinsights_sitenote_category":0,"footnotes":""},"categories":[1],"tags":[],"class_list":["post-4646","post","type-post","status-publish","format-standard","has-post-thumbnail","hentry","category-noticias"],"yoast_head":"<!-- This site is optimized with the Yoast SEO plugin v27.4 - https:\/\/yoast.com\/product\/yoast-seo-wordpress\/ -->\n<title>Ingreso 2023: Inscripci\u00f3n para mayores de 25 a\u00f1os con secundario incompleto - Facultad de Ciencias Econ\u00f3micas, Jur\u00ed\u00addicas y Sociales<\/title>\n<meta name=\"robots\" content=\"index, follow, max-snippet:-1, max-image-preview:large, max-video-preview:-1\" \/>\n<link rel=\"canonical\" href=\"https:\/\/www.fcejs.unsl.edu.ar\/index.php\/ingreso-2023-inscripcion-para-mayores-de-25-anos-con-secundario-incompleto\/\" \/>\n<meta property=\"og:locale\" content=\"es_ES\" \/>\n<meta property=\"og:type\" content=\"article\" \/>\n<meta property=\"og:title\" content=\"Ingreso 2023: Inscripci\u00f3n para mayores de 25 a\u00f1os con secundario incompleto - Facultad de Ciencias Econ\u00f3micas, Jur\u00ed\u00addicas y Sociales\" \/>\n<meta property=\"og:description\" content=\"La Secretar\u00eda Acad\u00e9mica de la UNSL, informa que del 8 al 19 de agosto estar\u00e1 habilitado el formulario online de inscripci\u00f3n para mayores de 25&hellip;\" \/>\n<meta property=\"og:url\" content=\"https:\/\/www.fcejs.unsl.edu.ar\/index.php\/ingreso-2023-inscripcion-para-mayores-de-25-anos-con-secundario-incompleto\/\" \/>\n<meta property=\"og:site_name\" content=\"Facultad de Ciencias Econ\u00f3micas, Jur\u00ed\u00addicas y Sociales\" \/>\n<meta property=\"article:publisher\" content=\"https:\/\/www.facebook.com\/FCEJS.UNSL\/\" \/>\n<meta property=\"article:published_time\" content=\"2022-08-11T13:00:19+00:00\" \/>\n<meta property=\"article:modified_time\" content=\"2022-08-31T14:37:09+00:00\" \/>\n<meta property=\"og:image\" content=\"https:\/\/www.fcejs.unsl.edu.ar\/wp-content\/uploads\/2021\/08\/ingreso-2021-25anos.jpg\" \/>\n\t<meta property=\"og:image:width\" content=\"1152\" \/>\n\t<meta property=\"og:image:height\" content=\"647\" \/>\n\t<meta property=\"og:image:type\" content=\"image\/jpeg\" \/>\n<meta name=\"author\" content=\"DATI\" \/>\n<meta name=\"twitter:card\" content=\"summary_large_image\" \/>\n<meta name=\"twitter:creator\" content=\"@FCEJSUNSL\" \/>\n<meta name=\"twitter:site\" content=\"@FCEJSUNSL\" \/>\n<meta name=\"twitter:label1\" content=\"Escrito por\" \/>\n\t<meta name=\"twitter:data1\" content=\"DATI\" \/>\n\t<meta name=\"twitter:label2\" content=\"Tiempo de lectura\" \/>\n\t<meta name=\"twitter:data2\" content=\"3 minutos\" \/>\n<script type=\"application\/ld+json\" class=\"yoast-schema-graph\">{\"@context\":\"https:\\\/\\\/schema.org\",\"@graph\":[{\"@type\":\"Article\",\"@id\":\"https:\\\/\\\/www.fcejs.unsl.edu.ar\\\/index.php\\\/ingreso-2023-inscripcion-para-mayores-de-25-anos-con-secundario-incompleto\\\/#article\",\"isPartOf\":{\"@id\":\"https:\\\/\\\/www.fcejs.unsl.edu.ar\\\/index.php\\\/ingreso-2023-inscripcion-para-mayores-de-25-anos-con-secundario-incompleto\\\/\"},\"author\":{\"name\":\"DATI\",\"@id\":\"https:\\\/\\\/www.fcejs.unsl.edu.ar\\\/#\\\/schema\\\/person\\\/352ee6ed90c3f394c7cb5945f8956d34\"},\"headline\":\"Ingreso 2023: Inscripci\u00f3n para mayores de 25 a\u00f1os con secundario incompleto\",\"datePublished\":\"2022-08-11T13:00:19+00:00\",\"dateModified\":\"2022-08-31T14:37:09+00:00\",\"mainEntityOfPage\":{\"@id\":\"https:\\\/\\\/www.fcejs.unsl.edu.ar\\\/index.php\\\/ingreso-2023-inscripcion-para-mayores-de-25-anos-con-secundario-incompleto\\\/\"},\"wordCount\":600,\"publisher\":{\"@id\":\"https:\\\/\\\/www.fcejs.unsl.edu.ar\\\/#organization\"},\"image\":{\"@id\":\"https:\\\/\\\/www.fcejs.unsl.edu.ar\\\/index.php\\\/ingreso-2023-inscripcion-para-mayores-de-25-anos-con-secundario-incompleto\\\/#primaryimage\"},\"thumbnailUrl\":\"https:\\\/\\\/www.fcejs.unsl.edu.ar\\\/wp-content\\\/uploads\\\/2021\\\/08\\\/ingreso-2021-25anos.jpg\",\"articleSection\":[\"Noticias\"],\"inLanguage\":\"es-AR\"},{\"@type\":\"WebPage\",\"@id\":\"https:\\\/\\\/www.fcejs.unsl.edu.ar\\\/index.php\\\/ingreso-2023-inscripcion-para-mayores-de-25-anos-con-secundario-incompleto\\\/\",\"url\":\"https:\\\/\\\/www.fcejs.unsl.edu.ar\\\/index.php\\\/ingreso-2023-inscripcion-para-mayores-de-25-anos-con-secundario-incompleto\\\/\",\"name\":\"Ingreso 2023: Inscripci\u00f3n para mayores de 25 a\u00f1os con secundario incompleto - Facultad de Ciencias Econ\u00f3micas, Jur\u00ed\u00addicas y Sociales\",\"isPartOf\":{\"@id\":\"https:\\\/\\\/www.fcejs.unsl.edu.ar\\\/#website\"},\"primaryImageOfPage\":{\"@id\":\"https:\\\/\\\/www.fcejs.unsl.edu.ar\\\/index.php\\\/ingreso-2023-inscripcion-para-mayores-de-25-anos-con-secundario-incompleto\\\/#primaryimage\"},\"image\":{\"@id\":\"https:\\\/\\\/www.fcejs.unsl.edu.ar\\\/index.php\\\/ingreso-2023-inscripcion-para-mayores-de-25-anos-con-secundario-incompleto\\\/#primaryimage\"},\"thumbnailUrl\":\"https:\\\/\\\/www.fcejs.unsl.edu.ar\\\/wp-content\\\/uploads\\\/2021\\\/08\\\/ingreso-2021-25anos.jpg\",\"datePublished\":\"2022-08-11T13:00:19+00:00\",\"dateModified\":\"2022-08-31T14:37:09+00:00\",\"breadcrumb\":{\"@id\":\"https:\\\/\\\/www.fcejs.unsl.edu.ar\\\/index.php\\\/ingreso-2023-inscripcion-para-mayores-de-25-anos-con-secundario-incompleto\\\/#breadcrumb\"},\"inLanguage\":\"es-AR\",\"potentialAction\":[{\"@type\":\"ReadAction\",\"target\":[\"https:\\\/\\\/www.fcejs.unsl.edu.ar\\\/index.php\\\/ingreso-2023-inscripcion-para-mayores-de-25-anos-con-secundario-incompleto\\\/\"]}]},{\"@type\":\"ImageObject\",\"inLanguage\":\"es-AR\",\"@id\":\"https:\\\/\\\/www.fcejs.unsl.edu.ar\\\/index.php\\\/ingreso-2023-inscripcion-para-mayores-de-25-anos-con-secundario-incompleto\\\/#primaryimage\",\"url\":\"https:\\\/\\\/www.fcejs.unsl.edu.ar\\\/wp-content\\\/uploads\\\/2021\\\/08\\\/ingreso-2021-25anos.jpg\",\"contentUrl\":\"https:\\\/\\\/www.fcejs.unsl.edu.ar\\\/wp-content\\\/uploads\\\/2021\\\/08\\\/ingreso-2021-25anos.jpg\",\"width\":1152,\"height\":647},{\"@type\":\"BreadcrumbList\",\"@id\":\"https:\\\/\\\/www.fcejs.unsl.edu.ar\\\/index.php\\\/ingreso-2023-inscripcion-para-mayores-de-25-anos-con-secundario-incompleto\\\/#breadcrumb\",\"itemListElement\":[{\"@type\":\"ListItem\",\"position\":1,\"name\":\"Inicio\",\"item\":\"https:\\\/\\\/www.fcejs.unsl.edu.ar\\\/\"},{\"@type\":\"ListItem\",\"position\":2,\"name\":\"Ingreso 2023: Inscripci\u00f3n para mayores de 25 a\u00f1os con secundario incompleto\"}]},{\"@type\":\"WebSite\",\"@id\":\"https:\\\/\\\/www.fcejs.unsl.edu.ar\\\/#website\",\"url\":\"https:\\\/\\\/www.fcejs.unsl.edu.ar\\\/\",\"name\":\"Facultad de Ciencias Econ\u00f3micas, Jur\u00ed\u00addicas y Sociales\",\"description\":\"\",\"publisher\":{\"@id\":\"https:\\\/\\\/www.fcejs.unsl.edu.ar\\\/#organization\"},\"potentialAction\":[{\"@type\":\"SearchAction\",\"target\":{\"@type\":\"EntryPoint\",\"urlTemplate\":\"https:\\\/\\\/www.fcejs.unsl.edu.ar\\\/?s={search_term_string}\"},\"query-input\":{\"@type\":\"PropertyValueSpecification\",\"valueRequired\":true,\"valueName\":\"search_term_string\"}}],\"inLanguage\":\"es-AR\"},{\"@type\":\"Organization\",\"@id\":\"https:\\\/\\\/www.fcejs.unsl.edu.ar\\\/#organization\",\"name\":\"Facultad de Ciencias Econ\u00f3micas, Jur\u00eddicas y Sociales\",\"url\":\"https:\\\/\\\/www.fcejs.unsl.edu.ar\\\/\",\"logo\":{\"@type\":\"ImageObject\",\"inLanguage\":\"es-AR\",\"@id\":\"https:\\\/\\\/www.fcejs.unsl.edu.ar\\\/#\\\/schema\\\/logo\\\/image\\\/\",\"url\":\"https:\\\/\\\/www.fcejs.unsl.edu.ar\\\/wp-content\\\/uploads\\\/2021\\\/03\\\/logo-1.jpg\",\"contentUrl\":\"https:\\\/\\\/www.fcejs.unsl.edu.ar\\\/wp-content\\\/uploads\\\/2021\\\/03\\\/logo-1.jpg\",\"width\":471,\"height\":146,\"caption\":\"Facultad de Ciencias Econ\u00f3micas, Jur\u00eddicas y Sociales\"},\"image\":{\"@id\":\"https:\\\/\\\/www.fcejs.unsl.edu.ar\\\/#\\\/schema\\\/logo\\\/image\\\/\"},\"sameAs\":[\"https:\\\/\\\/www.facebook.com\\\/FCEJS.UNSL\\\/\",\"https:\\\/\\\/x.com\\\/FCEJSUNSL\",\"https:\\\/\\\/www.instagram.com\\\/fcejs.unsl\\\/\",\"https:\\\/\\\/www.youtube.com\\\/channel\\\/UCH-Ut6EaN_X5ogjIQMPe46g\\\/\"]},{\"@type\":\"Person\",\"@id\":\"https:\\\/\\\/www.fcejs.unsl.edu.ar\\\/#\\\/schema\\\/person\\\/352ee6ed90c3f394c7cb5945f8956d34\",\"name\":\"DATI\"}]}<\/script>\n<!-- \/ Yoast SEO plugin. -->","yoast_head_json":{"title":"Ingreso 2023: Inscripci\u00f3n para mayores de 25 a\u00f1os con secundario incompleto - Facultad de Ciencias Econ\u00f3micas, Jur\u00ed\u00addicas y Sociales","robots":{"index":"index","follow":"follow","max-snippet":"max-snippet:-1","max-image-preview":"max-image-preview:large","max-video-preview":"max-video-preview:-1"},"canonical":"https:\/\/www.fcejs.unsl.edu.ar\/index.php\/ingreso-2023-inscripcion-para-mayores-de-25-anos-con-secundario-incompleto\/","og_locale":"es_ES","og_type":"article","og_title":"Ingreso 2023: Inscripci\u00f3n para mayores de 25 a\u00f1os con secundario incompleto - Facultad de Ciencias Econ\u00f3micas, Jur\u00ed\u00addicas y Sociales","og_description":"La Secretar\u00eda Acad\u00e9mica de la UNSL, informa que del 8 al 19 de agosto estar\u00e1 habilitado el formulario online de inscripci\u00f3n para mayores de 25&hellip;","og_url":"https:\/\/www.fcejs.unsl.edu.ar\/index.php\/ingreso-2023-inscripcion-para-mayores-de-25-anos-con-secundario-incompleto\/","og_site_name":"Facultad de Ciencias Econ\u00f3micas, Jur\u00ed\u00addicas y Sociales","article_publisher":"https:\/\/www.facebook.com\/FCEJS.UNSL\/","article_published_time":"2022-08-11T13:00:19+00:00","article_modified_time":"2022-08-31T14:37:09+00:00","og_image":[{"width":1152,"height":647,"url":"https:\/\/www.fcejs.unsl.edu.ar\/wp-content\/uploads\/2021\/08\/ingreso-2021-25anos.jpg","type":"image\/jpeg"}],"author":"DATI","twitter_card":"summary_large_image","twitter_creator":"@FCEJSUNSL","twitter_site":"@FCEJSUNSL","twitter_misc":{"Escrito por":"DATI","Tiempo de lectura":"3 minutos"},"schema":{"@context":"https:\/\/schema.org","@graph":[{"@type":"Article","@id":"https:\/\/www.fcejs.unsl.edu.ar\/index.php\/ingreso-2023-inscripcion-para-mayores-de-25-anos-con-secundario-incompleto\/#article","isPartOf":{"@id":"https:\/\/www.fcejs.unsl.edu.ar\/index.php\/ingreso-2023-inscripcion-para-mayores-de-25-anos-con-secundario-incompleto\/"},"author":{"name":"DATI","@id":"https:\/\/www.fcejs.unsl.edu.ar\/#\/schema\/person\/352ee6ed90c3f394c7cb5945f8956d34"},"headline":"Ingreso 2023: Inscripci\u00f3n para mayores de 25 a\u00f1os con secundario incompleto","datePublished":"2022-08-11T13:00:19+00:00","dateModified":"2022-08-31T14:37:09+00:00","mainEntityOfPage":{"@id":"https:\/\/www.fcejs.unsl.edu.ar\/index.php\/ingreso-2023-inscripcion-para-mayores-de-25-anos-con-secundario-incompleto\/"},"wordCount":600,"publisher":{"@id":"https:\/\/www.fcejs.unsl.edu.ar\/#organization"},"image":{"@id":"https:\/\/www.fcejs.unsl.edu.ar\/index.php\/ingreso-2023-inscripcion-para-mayores-de-25-anos-con-secundario-incompleto\/#primaryimage"},"thumbnailUrl":"https:\/\/www.fcejs.unsl.edu.ar\/wp-content\/uploads\/2021\/08\/ingreso-2021-25anos.jpg","articleSection":["Noticias"],"inLanguage":"es-AR"},{"@type":"WebPage","@id":"https:\/\/www.fcejs.unsl.edu.ar\/index.php\/ingreso-2023-inscripcion-para-mayores-de-25-anos-con-secundario-incompleto\/","url":"https:\/\/www.fcejs.unsl.edu.ar\/index.php\/ingreso-2023-inscripcion-para-mayores-de-25-anos-con-secundario-incompleto\/","name":"Ingreso 2023: Inscripci\u00f3n para mayores de 25 a\u00f1os con secundario incompleto - Facultad de Ciencias Econ\u00f3micas, Jur\u00ed\u00addicas y Sociales","isPartOf":{"@id":"https:\/\/www.fcejs.unsl.edu.ar\/#website"},"primaryImageOfPage":{"@id":"https:\/\/www.fcejs.unsl.edu.ar\/index.php\/ingreso-2023-inscripcion-para-mayores-de-25-anos-con-secundario-incompleto\/#primaryimage"},"image":{"@id":"https:\/\/www.fcejs.unsl.edu.ar\/index.php\/ingreso-2023-inscripcion-para-mayores-de-25-anos-con-secundario-incompleto\/#primaryimage"},"thumbnailUrl":"https:\/\/www.fcejs.unsl.edu.ar\/wp-content\/uploads\/2021\/08\/ingreso-2021-25anos.jpg","datePublished":"2022-08-11T13:00:19+00:00","dateModified":"2022-08-31T14:37:09+00:00","breadcrumb":{"@id":"https:\/\/www.fcejs.unsl.edu.ar\/index.php\/ingreso-2023-inscripcion-para-mayores-de-25-anos-con-secundario-incompleto\/#breadcrumb"},"inLanguage":"es-AR","potentialAction":[{"@type":"ReadAction","target":["https:\/\/www.fcejs.unsl.edu.ar\/index.php\/ingreso-2023-inscripcion-para-mayores-de-25-anos-con-secundario-incompleto\/"]}]},{"@type":"ImageObject","inLanguage":"es-AR","@id":"https:\/\/www.fcejs.unsl.edu.ar\/index.php\/ingreso-2023-inscripcion-para-mayores-de-25-anos-con-secundario-incompleto\/#primaryimage","url":"https:\/\/www.fcejs.unsl.edu.ar\/wp-content\/uploads\/2021\/08\/ingreso-2021-25anos.jpg","contentUrl":"https:\/\/www.fcejs.unsl.edu.ar\/wp-content\/uploads\/2021\/08\/ingreso-2021-25anos.jpg","width":1152,"height":647},{"@type":"BreadcrumbList","@id":"https:\/\/www.fcejs.unsl.edu.ar\/index.php\/ingreso-2023-inscripcion-para-mayores-de-25-anos-con-secundario-incompleto\/#breadcrumb","itemListElement":[{"@type":"ListItem","position":1,"name":"Inicio","item":"https:\/\/www.fcejs.unsl.edu.ar\/"},{"@type":"ListItem","position":2,"name":"Ingreso 2023: Inscripci\u00f3n para mayores de 25 a\u00f1os con secundario incompleto"}]},{"@type":"WebSite","@id":"https:\/\/www.fcejs.unsl.edu.ar\/#website","url":"https:\/\/www.fcejs.unsl.edu.ar\/","name":"Facultad de Ciencias Econ\u00f3micas, Jur\u00ed\u00addicas y Sociales","description":"","publisher":{"@id":"https:\/\/www.fcejs.unsl.edu.ar\/#organization"},"potentialAction":[{"@type":"SearchAction","target":{"@type":"EntryPoint","urlTemplate":"https:\/\/www.fcejs.unsl.edu.ar\/?s={search_term_string}"},"query-input":{"@type":"PropertyValueSpecification","valueRequired":true,"valueName":"search_term_string"}}],"inLanguage":"es-AR"},{"@type":"Organization","@id":"https:\/\/www.fcejs.unsl.edu.ar\/#organization","name":"Facultad de Ciencias Econ\u00f3micas, Jur\u00eddicas y Sociales","url":"https:\/\/www.fcejs.unsl.edu.ar\/","logo":{"@type":"ImageObject","inLanguage":"es-AR","@id":"https:\/\/www.fcejs.unsl.edu.ar\/#\/schema\/logo\/image\/","url":"https:\/\/www.fcejs.unsl.edu.ar\/wp-content\/uploads\/2021\/03\/logo-1.jpg","contentUrl":"https:\/\/www.fcejs.unsl.edu.ar\/wp-content\/uploads\/2021\/03\/logo-1.jpg","width":471,"height":146,"caption":"Facultad de Ciencias Econ\u00f3micas, Jur\u00eddicas y Sociales"},"image":{"@id":"https:\/\/www.fcejs.unsl.edu.ar\/#\/schema\/logo\/image\/"},"sameAs":["https:\/\/www.facebook.com\/FCEJS.UNSL\/","https:\/\/x.com\/FCEJSUNSL","https:\/\/www.instagram.com\/fcejs.unsl\/","https:\/\/www.youtube.com\/channel\/UCH-Ut6EaN_X5ogjIQMPe46g\/"]},{"@type":"Person","@id":"https:\/\/www.fcejs.unsl.edu.ar\/#\/schema\/person\/352ee6ed90c3f394c7cb5945f8956d34","name":"DATI"}]}},"jetpack_featured_media_url":"https:\/\/www.fcejs.unsl.edu.ar\/wp-content\/uploads\/2021\/08\/ingreso-2021-25anos.jpg","_links":{"self":[{"href":"https:\/\/www.fcejs.unsl.edu.ar\/index.php\/wp-json\/wp\/v2\/posts\/4646","targetHints":{"allow":["GET"]}}],"collection":[{"href":"https:\/\/www.fcejs.unsl.edu.ar\/index.php\/wp-json\/wp\/v2\/posts"}],"about":[{"href":"https:\/\/www.fcejs.unsl.edu.ar\/index.php\/wp-json\/wp\/v2\/types\/post"}],"author":[{"embeddable":true,"href":"https:\/\/www.fcejs.unsl.edu.ar\/index.php\/wp-json\/wp\/v2\/users\/9"}],"replies":[{"embeddable":true,"href":"https:\/\/www.fcejs.unsl.edu.ar\/index.php\/wp-json\/wp\/v2\/comments?post=4646"}],"version-history":[{"count":7,"href":"https:\/\/www.fcejs.unsl.edu.ar\/index.php\/wp-json\/wp\/v2\/posts\/4646\/revisions"}],"predecessor-version":[{"id":8663,"href":"https:\/\/www.fcejs.unsl.edu.ar\/index.php\/wp-json\/wp\/v2\/posts\/4646\/revisions\/8663"}],"wp:featuredmedia":[{"embeddable":true,"href":"https:\/\/www.fcejs.unsl.edu.ar\/index.php\/wp-json\/wp\/v2\/media\/4647"}],"wp:attachment":[{"href":"https:\/\/www.fcejs.unsl.edu.ar\/index.php\/wp-json\/wp\/v2\/media?parent=4646"}],"wp:term":[{"taxonomy":"category","embeddable":true,"href":"https:\/\/www.fcejs.unsl.edu.ar\/index.php\/wp-json\/wp\/v2\/categories?post=4646"},{"taxonomy":"post_tag","embeddable":true,"href":"https:\/\/www.fcejs.unsl.edu.ar\/index.php\/wp-json\/wp\/v2\/tags?post=4646"}],"curies":[{"name":"wp","href":"https:\/\/api.w.org\/{rel}","templated":true}]}}