{"id":4617,"date":"2021-08-06T13:15:35","date_gmt":"2021-08-06T16:15:35","guid":{"rendered":"http:\/\/10.101.10.197\/www\/?p=4617"},"modified":"2021-08-23T10:40:50","modified_gmt":"2021-08-23T13:40:50","slug":"entre-lazos-convocatoria-hasta-el-20-de-agosto","status":"publish","type":"post","link":"https:\/\/www.fcejs.unsl.edu.ar\/index.php\/entre-lazos-convocatoria-hasta-el-20-de-agosto\/","title":{"rendered":"Entre-Lazos: Convocatoria hasta el 20 de agosto"},"content":{"rendered":"<p style=\"font-weight: 400;\">La Secretar\u00eda de Extensi\u00f3n Universitaria (SEU) informa que la recepci\u00f3n de art\u00edculos para el primer n\u00famero de la revista de Extensi\u00f3n Universitaria \u201cEntre-Lazos\u201d se extiende hasta el viernes 20 de agosto.<\/p>\n<p style=\"font-weight: 400;\"><em>Entre-Lazos<\/em>\u00a0se crea con el prop\u00f3sito de generar un espacio de comunicaci\u00f3n p\u00fablica de vinculaci\u00f3n con la comunidad, que promueva la reflexi\u00f3n cr\u00edtica de las m\u00faltiples experiencias extensionistas y el fortalecimiento del di\u00e1logo de saberes entre Universidad y Territorios, y entre las unidades acad\u00e9micas de la Universidad Nacional de San Luis (UNSL).<\/p>\n<p style=\"font-weight: 400;\"><b><strong>\u201cLa Extensi\u00f3n en territorios in\u00e9ditos: di\u00e1logos de saberes y nuevos tejidos sociales\u201d<\/strong><\/b>\u00a0es el eje tem\u00e1tico del primer n\u00famero y las contribuciones se pueden realizar en las siguientes secciones:<\/p>\n<ol>\n<li style=\"font-weight: 400;\">a)\u00a0<b><strong>Editorial<\/strong><\/b>. En esta secci\u00f3n se publicar\u00e1 un art\u00edculo cuya autor\u00eda estar\u00e1 bajo la responsabilidad de un miembro del cuerpo editorial de la Revista. En este espacio se abrir\u00e1 el debate sobre el tema o los temas tratados en la publicaci\u00f3n de cada n\u00famero. En general se tratar\u00e1 de opini\u00f3n institucional para discutir y resolver problem\u00e1ticas en torno a la extensi\u00f3n universitaria.<\/li>\n<li style=\"font-weight: 400;\">b)\u00a0<b><strong>Art\u00edculos de reflexi\u00f3n desde las pr\u00e1cticas de extensi\u00f3n<\/strong><\/b>, relato de experiencias y sistematizaciones. Esta secci\u00f3n busca poner de relieve las reflexiones que emergen desde las pr\u00e1cticas y los procesos que sostienen el trabajo conjunto entre universidad y comunidad. Particularmente, aspira a dar lugar a las experiencias que se desarrollan a nivel local como estrategia de fortalecimiento de la extensi\u00f3n en la UNSL. Podr\u00e1n conformar esta secci\u00f3n relatos, sistematizaci\u00f3n de experiencias, evaluacionesde los resultados con sentido cr\u00edtico y superador, entre otros.<\/li>\n<li style=\"font-weight: 400;\">c)\u00a0<b><strong>Art\u00edculos de reflexi\u00f3n y producci\u00f3n te\u00f3rica<\/strong><\/b>: Esta secci\u00f3n estar\u00e1 formada por art\u00edculos sugeridos por el equipo Editorial de la revista. Las\/os contribuyentes podr\u00e1n ser referentes de universidades, centros educativos y diversas entidades del Pa\u00eds o de la Regi\u00f3n. Este apartado constituir\u00e1 un espacio para la reflexi\u00f3n y discusi\u00f3n del rol de la Universidad en la comunidad y el alcance de la Extensi\u00f3n, interpelando diferentes Corrientes conceptuales, indicadores de la extensi\u00f3n y otros aspectos que nutran el saber de las pr\u00e1cticas extensionistas y de los lectores de la Revista en general.<\/li>\n<li style=\"font-weight: 400;\">d)\u00a0<b><strong>Divulgaci\u00f3n<\/strong><\/b>:En esta secci\u00f3n se publicar\u00e1n art\u00edculos period\u00edsticos que recaben informaci\u00f3n sobre eventos y reuniones extensionistas que fortalezcan las redes interuniversitarias e intersectoriales, con el prop\u00f3sito de difundir estas actividadespara conocimiento de la comunidad.<\/li>\n<li style=\"font-weight: 400;\">e)\u00a0<b><strong>Expresiones abiertas<\/strong><\/b>: entrevistas, informes, producciones culturales, etc.: En esta secci\u00f3n podr\u00e1n ser incorporadas entrevistas a diferentes actores sociales, informes sobre tem\u00e1ticas y\/o problem\u00e1ticas de relevancia social a nivel local, producciones y expresiones art\u00edsticas que surgen desde las experiencias de extensi\u00f3n de la UNSL y dimensiones socioculturales de los distintos colectivos sociales. Este apartado se constituye como un espacio de formatos expresivos flexibles, por lo cual no se agota en lo referido y busca contener nuevas formas que la experiencia en la construcci\u00f3n de la revista vaya proponiendo.<\/li>\n<\/ol>\n<p style=\"font-weight: 400;\"><b><strong>Normas de la publicaci\u00f3n<\/strong><\/b><\/p>\n<p style=\"font-weight: 400;\"><b><strong>-Cierre de recepci\u00f3n de trabajos<\/strong><\/b>: viernes 20 de agosto a las 12 hs<\/p>\n<p style=\"font-weight: 400;\"><b><strong>-Extensi\u00f3n de los trabajos<\/strong><\/b>: Los art\u00edculos deber\u00e1n tener una extensi\u00f3n de no m\u00e1s de 10 p\u00e1ginas, en formato A4 de Word, con tipograf\u00eda Arial 12 e interlineado normal. Deben incluir bibliograf\u00eda.<\/p>\n<p style=\"font-weight: 400;\"><b><strong>-T\u00edtulos y subt\u00edtulos<\/strong><\/b>: Los t\u00edtulos y subt\u00edtulos deber\u00e1n ser concisos para lograr una lectura m\u00e1s r\u00e1pida y amena.<\/p>\n<p style=\"font-weight: 400;\"><b><strong>-Im\u00e1genes<\/strong><\/b>: Todas las ilustraciones (fotos, gr\u00e1ficos, tablas, etc.) deben tener referencia de su autor. Sin bien las fotos pueden venir incluidas en el texto de Word, es necesario enviarlas tambi\u00e9n por separado como archivos con extensi\u00f3n JPG.<\/p>\n<p style=\"font-weight: 400;\"><b><strong>-Datos<\/strong><\/b>: Acompa\u00f1ar el material con los datos de contacto de los autores (mail y tel\u00e9fono)<\/p>\n<p style=\"font-weight: 400;\"><b><strong>Consultas previas a la presentaci\u00f3n<\/strong><\/b>:\u00a0<a href=\"mailto:seu.unsl@gmail.com\">seu.unsl@gmail.com<\/a>\u00a0(SEU)<\/p>\n<p style=\"font-weight: 400;\"><b><strong>Env\u00edo de trabajos<\/strong><\/b>:\u00a0<a href=\"mailto:unslneu@gmail.com\">unslneu@gmail.com<\/a>\u00a0(Nueva Editorial Universitaria)<\/p>\n<p style=\"font-weight: 400;\"><b><strong>Informaci\u00f3n detallada<\/strong><\/b>:\u00a0<a href=\"http:\/\/digesto.unsl.edu.ar\/docs\/202104\/20210414131841_22493.pdf\">Resoluci\u00f3n Rectoral N\u00ba 333\/21<\/a><\/p>\n","protected":false},"excerpt":{"rendered":"<p>La Secretar\u00eda de Extensi\u00f3n Universitaria (SEU) informa que la recepci\u00f3n de art\u00edculos para el primer n\u00famero de la revista de Extensi\u00f3n Universitaria \u201cEntre-Lazos\u201d se extiende&hellip;<\/p>\n","protected":false},"author":9,"featured_media":3676,"comment_status":"closed","ping_status":"closed","sticky":false,"template":"","format":"standard","meta":{"om_disable_all_campaigns":false,"_monsterinsights_skip_tracking":false,"_monsterinsights_sitenote_active":false,"_monsterinsights_sitenote_note":"","_monsterinsights_sitenote_category":0,"footnotes":""},"categories":[21],"tags":[],"class_list":["post-4617","post","type-post","status-publish","format-standard","has-post-thumbnail","hentry","category-archivadas"],"yoast_head":"<!-- This site is optimized with the Yoast SEO plugin v27.5 - https:\/\/yoast.com\/product\/yoast-seo-wordpress\/ -->\n<title>Entre-Lazos: Convocatoria hasta el 20 de agosto - Facultad de Ciencias Econ\u00f3micas, Jur\u00ed\u00addicas y Sociales<\/title>\n<meta name=\"robots\" content=\"index, follow, max-snippet:-1, max-image-preview:large, max-video-preview:-1\" \/>\n<link rel=\"canonical\" href=\"https:\/\/www.fcejs.unsl.edu.ar\/index.php\/entre-lazos-convocatoria-hasta-el-20-de-agosto\/\" \/>\n<meta property=\"og:locale\" content=\"es_ES\" \/>\n<meta property=\"og:type\" content=\"article\" \/>\n<meta property=\"og:title\" content=\"Entre-Lazos: Convocatoria hasta el 20 de agosto - Facultad de Ciencias Econ\u00f3micas, Jur\u00ed\u00addicas y Sociales\" \/>\n<meta property=\"og:description\" content=\"La Secretar\u00eda de Extensi\u00f3n Universitaria (SEU) informa que la recepci\u00f3n de art\u00edculos para el primer n\u00famero de la revista de Extensi\u00f3n Universitaria \u201cEntre-Lazos\u201d se extiende&hellip;\" \/>\n<meta property=\"og:url\" content=\"https:\/\/www.fcejs.unsl.edu.ar\/index.php\/entre-lazos-convocatoria-hasta-el-20-de-agosto\/\" \/>\n<meta property=\"og:site_name\" content=\"Facultad de Ciencias Econ\u00f3micas, Jur\u00ed\u00addicas y Sociales\" \/>\n<meta property=\"article:publisher\" content=\"https:\/\/www.facebook.com\/FCEJS.UNSL\/\" \/>\n<meta property=\"article:published_time\" content=\"2021-08-06T16:15:35+00:00\" \/>\n<meta property=\"article:modified_time\" content=\"2021-08-23T13:40:50+00:00\" \/>\n<meta property=\"og:image\" content=\"https:\/\/www.fcejs.unsl.edu.ar\/wp-content\/uploads\/2021\/05\/1-3.jpg\" \/>\n\t<meta property=\"og:image:width\" content=\"930\" \/>\n\t<meta property=\"og:image:height\" content=\"600\" \/>\n\t<meta property=\"og:image:type\" content=\"image\/jpeg\" \/>\n<meta name=\"author\" content=\"DATI\" \/>\n<meta name=\"twitter:card\" content=\"summary_large_image\" \/>\n<meta name=\"twitter:creator\" content=\"@FCEJSUNSL\" \/>\n<meta name=\"twitter:site\" content=\"@FCEJSUNSL\" \/>\n<meta name=\"twitter:label1\" content=\"Escrito por\" \/>\n\t<meta name=\"twitter:data1\" content=\"DATI\" \/>\n\t<meta name=\"twitter:label2\" content=\"Tiempo de lectura\" \/>\n\t<meta name=\"twitter:data2\" content=\"3 minutos\" \/>\n<script type=\"application\/ld+json\" class=\"yoast-schema-graph\">{\"@context\":\"https:\\\/\\\/schema.org\",\"@graph\":[{\"@type\":\"Article\",\"@id\":\"https:\\\/\\\/www.fcejs.unsl.edu.ar\\\/index.php\\\/entre-lazos-convocatoria-hasta-el-20-de-agosto\\\/#article\",\"isPartOf\":{\"@id\":\"https:\\\/\\\/www.fcejs.unsl.edu.ar\\\/index.php\\\/entre-lazos-convocatoria-hasta-el-20-de-agosto\\\/\"},\"author\":{\"name\":\"DATI\",\"@id\":\"https:\\\/\\\/www.fcejs.unsl.edu.ar\\\/#\\\/schema\\\/person\\\/352ee6ed90c3f394c7cb5945f8956d34\"},\"headline\":\"Entre-Lazos: Convocatoria hasta el 20 de agosto\",\"datePublished\":\"2021-08-06T16:15:35+00:00\",\"dateModified\":\"2021-08-23T13:40:50+00:00\",\"mainEntityOfPage\":{\"@id\":\"https:\\\/\\\/www.fcejs.unsl.edu.ar\\\/index.php\\\/entre-lazos-convocatoria-hasta-el-20-de-agosto\\\/\"},\"wordCount\":708,\"publisher\":{\"@id\":\"https:\\\/\\\/www.fcejs.unsl.edu.ar\\\/#organization\"},\"image\":{\"@id\":\"https:\\\/\\\/www.fcejs.unsl.edu.ar\\\/index.php\\\/entre-lazos-convocatoria-hasta-el-20-de-agosto\\\/#primaryimage\"},\"thumbnailUrl\":\"https:\\\/\\\/www.fcejs.unsl.edu.ar\\\/wp-content\\\/uploads\\\/2021\\\/05\\\/1-3.jpg\",\"articleSection\":[\"Archivadas\"],\"inLanguage\":\"es-AR\"},{\"@type\":\"WebPage\",\"@id\":\"https:\\\/\\\/www.fcejs.unsl.edu.ar\\\/index.php\\\/entre-lazos-convocatoria-hasta-el-20-de-agosto\\\/\",\"url\":\"https:\\\/\\\/www.fcejs.unsl.edu.ar\\\/index.php\\\/entre-lazos-convocatoria-hasta-el-20-de-agosto\\\/\",\"name\":\"Entre-Lazos: Convocatoria hasta el 20 de agosto - Facultad de Ciencias Econ\u00f3micas, Jur\u00ed\u00addicas y Sociales\",\"isPartOf\":{\"@id\":\"https:\\\/\\\/www.fcejs.unsl.edu.ar\\\/#website\"},\"primaryImageOfPage\":{\"@id\":\"https:\\\/\\\/www.fcejs.unsl.edu.ar\\\/index.php\\\/entre-lazos-convocatoria-hasta-el-20-de-agosto\\\/#primaryimage\"},\"image\":{\"@id\":\"https:\\\/\\\/www.fcejs.unsl.edu.ar\\\/index.php\\\/entre-lazos-convocatoria-hasta-el-20-de-agosto\\\/#primaryimage\"},\"thumbnailUrl\":\"https:\\\/\\\/www.fcejs.unsl.edu.ar\\\/wp-content\\\/uploads\\\/2021\\\/05\\\/1-3.jpg\",\"datePublished\":\"2021-08-06T16:15:35+00:00\",\"dateModified\":\"2021-08-23T13:40:50+00:00\",\"breadcrumb\":{\"@id\":\"https:\\\/\\\/www.fcejs.unsl.edu.ar\\\/index.php\\\/entre-lazos-convocatoria-hasta-el-20-de-agosto\\\/#breadcrumb\"},\"inLanguage\":\"es-AR\",\"potentialAction\":[{\"@type\":\"ReadAction\",\"target\":[\"https:\\\/\\\/www.fcejs.unsl.edu.ar\\\/index.php\\\/entre-lazos-convocatoria-hasta-el-20-de-agosto\\\/\"]}]},{\"@type\":\"ImageObject\",\"inLanguage\":\"es-AR\",\"@id\":\"https:\\\/\\\/www.fcejs.unsl.edu.ar\\\/index.php\\\/entre-lazos-convocatoria-hasta-el-20-de-agosto\\\/#primaryimage\",\"url\":\"https:\\\/\\\/www.fcejs.unsl.edu.ar\\\/wp-content\\\/uploads\\\/2021\\\/05\\\/1-3.jpg\",\"contentUrl\":\"https:\\\/\\\/www.fcejs.unsl.edu.ar\\\/wp-content\\\/uploads\\\/2021\\\/05\\\/1-3.jpg\",\"width\":930,\"height\":600},{\"@type\":\"BreadcrumbList\",\"@id\":\"https:\\\/\\\/www.fcejs.unsl.edu.ar\\\/index.php\\\/entre-lazos-convocatoria-hasta-el-20-de-agosto\\\/#breadcrumb\",\"itemListElement\":[{\"@type\":\"ListItem\",\"position\":1,\"name\":\"Inicio\",\"item\":\"https:\\\/\\\/www.fcejs.unsl.edu.ar\\\/\"},{\"@type\":\"ListItem\",\"position\":2,\"name\":\"Entre-Lazos: Convocatoria hasta el 20 de agosto\"}]},{\"@type\":\"WebSite\",\"@id\":\"https:\\\/\\\/www.fcejs.unsl.edu.ar\\\/#website\",\"url\":\"https:\\\/\\\/www.fcejs.unsl.edu.ar\\\/\",\"name\":\"Facultad de Ciencias Econ\u00f3micas, Jur\u00ed\u00addicas y Sociales\",\"description\":\"\",\"publisher\":{\"@id\":\"https:\\\/\\\/www.fcejs.unsl.edu.ar\\\/#organization\"},\"potentialAction\":[{\"@type\":\"SearchAction\",\"target\":{\"@type\":\"EntryPoint\",\"urlTemplate\":\"https:\\\/\\\/www.fcejs.unsl.edu.ar\\\/?s={search_term_string}\"},\"query-input\":{\"@type\":\"PropertyValueSpecification\",\"valueRequired\":true,\"valueName\":\"search_term_string\"}}],\"inLanguage\":\"es-AR\"},{\"@type\":\"Organization\",\"@id\":\"https:\\\/\\\/www.fcejs.unsl.edu.ar\\\/#organization\",\"name\":\"Facultad de Ciencias Econ\u00f3micas, Jur\u00eddicas y Sociales\",\"url\":\"https:\\\/\\\/www.fcejs.unsl.edu.ar\\\/\",\"logo\":{\"@type\":\"ImageObject\",\"inLanguage\":\"es-AR\",\"@id\":\"https:\\\/\\\/www.fcejs.unsl.edu.ar\\\/#\\\/schema\\\/logo\\\/image\\\/\",\"url\":\"https:\\\/\\\/www.fcejs.unsl.edu.ar\\\/wp-content\\\/uploads\\\/2021\\\/03\\\/logo-1.jpg\",\"contentUrl\":\"https:\\\/\\\/www.fcejs.unsl.edu.ar\\\/wp-content\\\/uploads\\\/2021\\\/03\\\/logo-1.jpg\",\"width\":471,\"height\":146,\"caption\":\"Facultad de Ciencias Econ\u00f3micas, Jur\u00eddicas y Sociales\"},\"image\":{\"@id\":\"https:\\\/\\\/www.fcejs.unsl.edu.ar\\\/#\\\/schema\\\/logo\\\/image\\\/\"},\"sameAs\":[\"https:\\\/\\\/www.facebook.com\\\/FCEJS.UNSL\\\/\",\"https:\\\/\\\/x.com\\\/FCEJSUNSL\",\"https:\\\/\\\/www.instagram.com\\\/fcejs.unsl\\\/\",\"https:\\\/\\\/www.youtube.com\\\/channel\\\/UCH-Ut6EaN_X5ogjIQMPe46g\\\/\"]},{\"@type\":\"Person\",\"@id\":\"https:\\\/\\\/www.fcejs.unsl.edu.ar\\\/#\\\/schema\\\/person\\\/352ee6ed90c3f394c7cb5945f8956d34\",\"name\":\"DATI\"}]}<\/script>\n<!-- \/ Yoast SEO plugin. -->","yoast_head_json":{"title":"Entre-Lazos: Convocatoria hasta el 20 de agosto - Facultad de Ciencias Econ\u00f3micas, Jur\u00ed\u00addicas y Sociales","robots":{"index":"index","follow":"follow","max-snippet":"max-snippet:-1","max-image-preview":"max-image-preview:large","max-video-preview":"max-video-preview:-1"},"canonical":"https:\/\/www.fcejs.unsl.edu.ar\/index.php\/entre-lazos-convocatoria-hasta-el-20-de-agosto\/","og_locale":"es_ES","og_type":"article","og_title":"Entre-Lazos: Convocatoria hasta el 20 de agosto - Facultad de Ciencias Econ\u00f3micas, Jur\u00ed\u00addicas y Sociales","og_description":"La Secretar\u00eda de Extensi\u00f3n Universitaria (SEU) informa que la recepci\u00f3n de art\u00edculos para el primer n\u00famero de la revista de Extensi\u00f3n Universitaria \u201cEntre-Lazos\u201d se extiende&hellip;","og_url":"https:\/\/www.fcejs.unsl.edu.ar\/index.php\/entre-lazos-convocatoria-hasta-el-20-de-agosto\/","og_site_name":"Facultad de Ciencias Econ\u00f3micas, Jur\u00ed\u00addicas y Sociales","article_publisher":"https:\/\/www.facebook.com\/FCEJS.UNSL\/","article_published_time":"2021-08-06T16:15:35+00:00","article_modified_time":"2021-08-23T13:40:50+00:00","og_image":[{"width":930,"height":600,"url":"https:\/\/www.fcejs.unsl.edu.ar\/wp-content\/uploads\/2021\/05\/1-3.jpg","type":"image\/jpeg"}],"author":"DATI","twitter_card":"summary_large_image","twitter_creator":"@FCEJSUNSL","twitter_site":"@FCEJSUNSL","twitter_misc":{"Escrito por":"DATI","Tiempo de lectura":"3 minutos"},"schema":{"@context":"https:\/\/schema.org","@graph":[{"@type":"Article","@id":"https:\/\/www.fcejs.unsl.edu.ar\/index.php\/entre-lazos-convocatoria-hasta-el-20-de-agosto\/#article","isPartOf":{"@id":"https:\/\/www.fcejs.unsl.edu.ar\/index.php\/entre-lazos-convocatoria-hasta-el-20-de-agosto\/"},"author":{"name":"DATI","@id":"https:\/\/www.fcejs.unsl.edu.ar\/#\/schema\/person\/352ee6ed90c3f394c7cb5945f8956d34"},"headline":"Entre-Lazos: Convocatoria hasta el 20 de agosto","datePublished":"2021-08-06T16:15:35+00:00","dateModified":"2021-08-23T13:40:50+00:00","mainEntityOfPage":{"@id":"https:\/\/www.fcejs.unsl.edu.ar\/index.php\/entre-lazos-convocatoria-hasta-el-20-de-agosto\/"},"wordCount":708,"publisher":{"@id":"https:\/\/www.fcejs.unsl.edu.ar\/#organization"},"image":{"@id":"https:\/\/www.fcejs.unsl.edu.ar\/index.php\/entre-lazos-convocatoria-hasta-el-20-de-agosto\/#primaryimage"},"thumbnailUrl":"https:\/\/www.fcejs.unsl.edu.ar\/wp-content\/uploads\/2021\/05\/1-3.jpg","articleSection":["Archivadas"],"inLanguage":"es-AR"},{"@type":"WebPage","@id":"https:\/\/www.fcejs.unsl.edu.ar\/index.php\/entre-lazos-convocatoria-hasta-el-20-de-agosto\/","url":"https:\/\/www.fcejs.unsl.edu.ar\/index.php\/entre-lazos-convocatoria-hasta-el-20-de-agosto\/","name":"Entre-Lazos: Convocatoria hasta el 20 de agosto - Facultad de Ciencias Econ\u00f3micas, Jur\u00ed\u00addicas y Sociales","isPartOf":{"@id":"https:\/\/www.fcejs.unsl.edu.ar\/#website"},"primaryImageOfPage":{"@id":"https:\/\/www.fcejs.unsl.edu.ar\/index.php\/entre-lazos-convocatoria-hasta-el-20-de-agosto\/#primaryimage"},"image":{"@id":"https:\/\/www.fcejs.unsl.edu.ar\/index.php\/entre-lazos-convocatoria-hasta-el-20-de-agosto\/#primaryimage"},"thumbnailUrl":"https:\/\/www.fcejs.unsl.edu.ar\/wp-content\/uploads\/2021\/05\/1-3.jpg","datePublished":"2021-08-06T16:15:35+00:00","dateModified":"2021-08-23T13:40:50+00:00","breadcrumb":{"@id":"https:\/\/www.fcejs.unsl.edu.ar\/index.php\/entre-lazos-convocatoria-hasta-el-20-de-agosto\/#breadcrumb"},"inLanguage":"es-AR","potentialAction":[{"@type":"ReadAction","target":["https:\/\/www.fcejs.unsl.edu.ar\/index.php\/entre-lazos-convocatoria-hasta-el-20-de-agosto\/"]}]},{"@type":"ImageObject","inLanguage":"es-AR","@id":"https:\/\/www.fcejs.unsl.edu.ar\/index.php\/entre-lazos-convocatoria-hasta-el-20-de-agosto\/#primaryimage","url":"https:\/\/www.fcejs.unsl.edu.ar\/wp-content\/uploads\/2021\/05\/1-3.jpg","contentUrl":"https:\/\/www.fcejs.unsl.edu.ar\/wp-content\/uploads\/2021\/05\/1-3.jpg","width":930,"height":600},{"@type":"BreadcrumbList","@id":"https:\/\/www.fcejs.unsl.edu.ar\/index.php\/entre-lazos-convocatoria-hasta-el-20-de-agosto\/#breadcrumb","itemListElement":[{"@type":"ListItem","position":1,"name":"Inicio","item":"https:\/\/www.fcejs.unsl.edu.ar\/"},{"@type":"ListItem","position":2,"name":"Entre-Lazos: Convocatoria hasta el 20 de agosto"}]},{"@type":"WebSite","@id":"https:\/\/www.fcejs.unsl.edu.ar\/#website","url":"https:\/\/www.fcejs.unsl.edu.ar\/","name":"Facultad de Ciencias Econ\u00f3micas, Jur\u00ed\u00addicas y Sociales","description":"","publisher":{"@id":"https:\/\/www.fcejs.unsl.edu.ar\/#organization"},"potentialAction":[{"@type":"SearchAction","target":{"@type":"EntryPoint","urlTemplate":"https:\/\/www.fcejs.unsl.edu.ar\/?s={search_term_string}"},"query-input":{"@type":"PropertyValueSpecification","valueRequired":true,"valueName":"search_term_string"}}],"inLanguage":"es-AR"},{"@type":"Organization","@id":"https:\/\/www.fcejs.unsl.edu.ar\/#organization","name":"Facultad de Ciencias Econ\u00f3micas, Jur\u00eddicas y Sociales","url":"https:\/\/www.fcejs.unsl.edu.ar\/","logo":{"@type":"ImageObject","inLanguage":"es-AR","@id":"https:\/\/www.fcejs.unsl.edu.ar\/#\/schema\/logo\/image\/","url":"https:\/\/www.fcejs.unsl.edu.ar\/wp-content\/uploads\/2021\/03\/logo-1.jpg","contentUrl":"https:\/\/www.fcejs.unsl.edu.ar\/wp-content\/uploads\/2021\/03\/logo-1.jpg","width":471,"height":146,"caption":"Facultad de Ciencias Econ\u00f3micas, Jur\u00eddicas y Sociales"},"image":{"@id":"https:\/\/www.fcejs.unsl.edu.ar\/#\/schema\/logo\/image\/"},"sameAs":["https:\/\/www.facebook.com\/FCEJS.UNSL\/","https:\/\/x.com\/FCEJSUNSL","https:\/\/www.instagram.com\/fcejs.unsl\/","https:\/\/www.youtube.com\/channel\/UCH-Ut6EaN_X5ogjIQMPe46g\/"]},{"@type":"Person","@id":"https:\/\/www.fcejs.unsl.edu.ar\/#\/schema\/person\/352ee6ed90c3f394c7cb5945f8956d34","name":"DATI"}]}},"jetpack_featured_media_url":"https:\/\/www.fcejs.unsl.edu.ar\/wp-content\/uploads\/2021\/05\/1-3.jpg","_links":{"self":[{"href":"https:\/\/www.fcejs.unsl.edu.ar\/index.php\/wp-json\/wp\/v2\/posts\/4617","targetHints":{"allow":["GET"]}}],"collection":[{"href":"https:\/\/www.fcejs.unsl.edu.ar\/index.php\/wp-json\/wp\/v2\/posts"}],"about":[{"href":"https:\/\/www.fcejs.unsl.edu.ar\/index.php\/wp-json\/wp\/v2\/types\/post"}],"author":[{"embeddable":true,"href":"https:\/\/www.fcejs.unsl.edu.ar\/index.php\/wp-json\/wp\/v2\/users\/9"}],"replies":[{"embeddable":true,"href":"https:\/\/www.fcejs.unsl.edu.ar\/index.php\/wp-json\/wp\/v2\/comments?post=4617"}],"version-history":[{"count":1,"href":"https:\/\/www.fcejs.unsl.edu.ar\/index.php\/wp-json\/wp\/v2\/posts\/4617\/revisions"}],"predecessor-version":[{"id":4618,"href":"https:\/\/www.fcejs.unsl.edu.ar\/index.php\/wp-json\/wp\/v2\/posts\/4617\/revisions\/4618"}],"wp:featuredmedia":[{"embeddable":true,"href":"https:\/\/www.fcejs.unsl.edu.ar\/index.php\/wp-json\/wp\/v2\/media\/3676"}],"wp:attachment":[{"href":"https:\/\/www.fcejs.unsl.edu.ar\/index.php\/wp-json\/wp\/v2\/media?parent=4617"}],"wp:term":[{"taxonomy":"category","embeddable":true,"href":"https:\/\/www.fcejs.unsl.edu.ar\/index.php\/wp-json\/wp\/v2\/categories?post=4617"},{"taxonomy":"post_tag","embeddable":true,"href":"https:\/\/www.fcejs.unsl.edu.ar\/index.php\/wp-json\/wp\/v2\/tags?post=4617"}],"curies":[{"name":"wp","href":"https:\/\/api.w.org\/{rel}","templated":true}]}}