{"id":4567,"date":"2021-08-04T10:59:14","date_gmt":"2021-08-04T13:59:14","guid":{"rendered":"http:\/\/10.101.10.197\/www\/?p=4567"},"modified":"2021-09-03T11:12:14","modified_gmt":"2021-09-03T14:12:14","slug":"consejo-superior-nuevas-fechas-de-elecciones-de-consejeros-estudiantiles-y-graduados","status":"publish","type":"post","link":"https:\/\/www.fcejs.unsl.edu.ar\/index.php\/consejo-superior-nuevas-fechas-de-elecciones-de-consejeros-estudiantiles-y-graduados\/","title":{"rendered":"Consejo Superior: Nuevas fechas de elecciones de consejeros estudiantiles y graduados"},"content":{"rendered":"<p>En la \u00faltima sesi\u00f3n del Consejo Superior, realizada el martes 3 de agosto de 2021, se definieron nuevas fechas de elecciones de consejeros estudiantiles y graduados, emitiendo la <a href=\"https:\/\/www.fcejs.unsl.edu.ar\/wp-content\/uploads\/2021\/08\/RCS-No-127-2021.pdf\"><strong>Resoluci\u00f3n CS N\u00ba 127\/2021<\/strong><\/a><strong>.<\/strong> El proceso electoral tendr\u00e1 lugar los d\u00edas <strong>31 de agosto, 1 y 2 de septiembre<\/strong>.<\/p>\n<p>Por la pandemia de COVID-19, este proceso se llevar\u00e1 a cabo en fechas separadas, para evitar la aglomeraci\u00f3n de personas en los edificios. De esta manera, el 31 de agosto ser\u00e1n las elecciones de la Facultad de Psicolog\u00eda (FaPsi), la Facultad de Ciencias F\u00edsico, Matem\u00e1ticas y Naturales (FCFMyN) y de la Facultad de Ingenier\u00eda y Ciencias Agropecuarias (FICA).<\/p>\n<p>El 1 de septiembre tendr\u00e1n lugar las de la Facultad de Qu\u00edmica, Bioqu\u00edmica y Farmacia (FQByF), de la Facultad de Ciencias Humanas (FCH) y de la Facultad de Ciencias Econ\u00f3micas, Jur\u00eddicas y Sociales (FCEJS). Por \u00faltimo, el 2 de septiembre ser\u00e1n las de la Facultad de Ciencias de la Salud (FCS) y de la Facultad de Turismo y Urbanismo (FTU) de la Villa de Merlo.<\/p>\n<p>Sobre la decisi\u00f3n, el secretario General de la Universidad Nacional de San Luis (UNSL), Dr. Ra\u00fal Gil, explic\u00f3 que hubo distintas propuestas: una de ellas por parte de San Luis Independiente, de modificarlo para la segunda semana de septiembre, otra desde Franja Morada, de abastecer la cantidad m\u00ednima del 50% de estudiantes con actividades presenciales. Otra propuesta surgi\u00f3 en el mismo debate por parte de decanas, de hacerlo los primeros d\u00edas h\u00e1biles de septiembre, para que los\/as nuevos\/as consejeros\/as puedan asumir el 17 de septiembre y poder as\u00ed tener un (1) a\u00f1o de mandato.<\/p>\n<p>\u00abEstas elecciones eran las que correspond\u00edan hacerse el a\u00f1o pasado, y los mandatos son de un (1) a\u00f1o y medio; por la pandemia se ha ido postergando y ya se han prorrogado seis (6) meses los mandatos de consejeros\/as actuales, por lo que quienes asuman tendr\u00e1n un mandato de un (1) a\u00f1o\u00bb, explic\u00f3 el funcionario.<\/p>\n<p><strong><a href=\"https:\/\/www.fcejs.unsl.edu.ar\/wp-content\/uploads\/2021\/08\/RCS-No-127-2021.pdf\">RCS N\u00ba 127-2021<\/a><\/strong><\/p>\n","protected":false},"excerpt":{"rendered":"<p>En la \u00faltima sesi\u00f3n del Consejo Superior, realizada el martes 3 de agosto de 2021, se definieron nuevas fechas de elecciones de consejeros estudiantiles y&hellip;<\/p>\n","protected":false},"author":9,"featured_media":4568,"comment_status":"closed","ping_status":"closed","sticky":false,"template":"","format":"standard","meta":{"om_disable_all_campaigns":false,"_monsterinsights_skip_tracking":false,"_monsterinsights_sitenote_active":false,"_monsterinsights_sitenote_note":"","_monsterinsights_sitenote_category":0,"footnotes":""},"categories":[21],"tags":[],"class_list":["post-4567","post","type-post","status-publish","format-standard","has-post-thumbnail","hentry","category-archivadas"],"yoast_head":"<!-- This site is optimized with the Yoast SEO plugin v27.4 - https:\/\/yoast.com\/product\/yoast-seo-wordpress\/ -->\n<title>Consejo Superior: Nuevas fechas de elecciones de consejeros estudiantiles y graduados - Facultad de Ciencias Econ\u00f3micas, Jur\u00ed\u00addicas y Sociales<\/title>\n<meta name=\"robots\" content=\"index, follow, max-snippet:-1, max-image-preview:large, max-video-preview:-1\" \/>\n<link rel=\"canonical\" href=\"https:\/\/www.fcejs.unsl.edu.ar\/index.php\/consejo-superior-nuevas-fechas-de-elecciones-de-consejeros-estudiantiles-y-graduados\/\" \/>\n<meta property=\"og:locale\" content=\"es_ES\" \/>\n<meta property=\"og:type\" content=\"article\" \/>\n<meta property=\"og:title\" content=\"Consejo Superior: Nuevas fechas de elecciones de consejeros estudiantiles y graduados - Facultad de Ciencias Econ\u00f3micas, Jur\u00ed\u00addicas y Sociales\" \/>\n<meta property=\"og:description\" content=\"En la \u00faltima sesi\u00f3n del Consejo Superior, realizada el martes 3 de agosto de 2021, se definieron nuevas fechas de elecciones de consejeros estudiantiles y&hellip;\" \/>\n<meta property=\"og:url\" content=\"https:\/\/www.fcejs.unsl.edu.ar\/index.php\/consejo-superior-nuevas-fechas-de-elecciones-de-consejeros-estudiantiles-y-graduados\/\" \/>\n<meta property=\"og:site_name\" content=\"Facultad de Ciencias Econ\u00f3micas, Jur\u00ed\u00addicas y Sociales\" \/>\n<meta property=\"article:publisher\" content=\"https:\/\/www.facebook.com\/FCEJS.UNSL\/\" \/>\n<meta property=\"article:published_time\" content=\"2021-08-04T13:59:14+00:00\" \/>\n<meta property=\"article:modified_time\" content=\"2021-09-03T14:12:14+00:00\" \/>\n<meta property=\"og:image\" content=\"https:\/\/www.fcejs.unsl.edu.ar\/wp-content\/uploads\/2021\/08\/210803-Consejo-Superior-10-5-1000x600-1.jpg\" \/>\n\t<meta property=\"og:image:width\" content=\"1061\" \/>\n\t<meta property=\"og:image:height\" content=\"600\" \/>\n\t<meta property=\"og:image:type\" content=\"image\/jpeg\" \/>\n<meta name=\"author\" content=\"DATI\" \/>\n<meta name=\"twitter:card\" content=\"summary_large_image\" \/>\n<meta name=\"twitter:creator\" content=\"@FCEJSUNSL\" \/>\n<meta name=\"twitter:site\" content=\"@FCEJSUNSL\" \/>\n<meta name=\"twitter:label1\" content=\"Escrito por\" \/>\n\t<meta name=\"twitter:data1\" content=\"DATI\" \/>\n\t<meta name=\"twitter:label2\" content=\"Tiempo de lectura\" \/>\n\t<meta name=\"twitter:data2\" content=\"2 minutos\" \/>\n<script type=\"application\/ld+json\" class=\"yoast-schema-graph\">{\"@context\":\"https:\\\/\\\/schema.org\",\"@graph\":[{\"@type\":\"Article\",\"@id\":\"https:\\\/\\\/www.fcejs.unsl.edu.ar\\\/index.php\\\/consejo-superior-nuevas-fechas-de-elecciones-de-consejeros-estudiantiles-y-graduados\\\/#article\",\"isPartOf\":{\"@id\":\"https:\\\/\\\/www.fcejs.unsl.edu.ar\\\/index.php\\\/consejo-superior-nuevas-fechas-de-elecciones-de-consejeros-estudiantiles-y-graduados\\\/\"},\"author\":{\"name\":\"DATI\",\"@id\":\"https:\\\/\\\/www.fcejs.unsl.edu.ar\\\/#\\\/schema\\\/person\\\/352ee6ed90c3f394c7cb5945f8956d34\"},\"headline\":\"Consejo Superior: Nuevas fechas de elecciones de consejeros estudiantiles y graduados\",\"datePublished\":\"2021-08-04T13:59:14+00:00\",\"dateModified\":\"2021-09-03T14:12:14+00:00\",\"mainEntityOfPage\":{\"@id\":\"https:\\\/\\\/www.fcejs.unsl.edu.ar\\\/index.php\\\/consejo-superior-nuevas-fechas-de-elecciones-de-consejeros-estudiantiles-y-graduados\\\/\"},\"wordCount\":348,\"publisher\":{\"@id\":\"https:\\\/\\\/www.fcejs.unsl.edu.ar\\\/#organization\"},\"image\":{\"@id\":\"https:\\\/\\\/www.fcejs.unsl.edu.ar\\\/index.php\\\/consejo-superior-nuevas-fechas-de-elecciones-de-consejeros-estudiantiles-y-graduados\\\/#primaryimage\"},\"thumbnailUrl\":\"https:\\\/\\\/www.fcejs.unsl.edu.ar\\\/wp-content\\\/uploads\\\/2021\\\/08\\\/210803-Consejo-Superior-10-5-1000x600-1.jpg\",\"articleSection\":[\"Archivadas\"],\"inLanguage\":\"es-AR\"},{\"@type\":\"WebPage\",\"@id\":\"https:\\\/\\\/www.fcejs.unsl.edu.ar\\\/index.php\\\/consejo-superior-nuevas-fechas-de-elecciones-de-consejeros-estudiantiles-y-graduados\\\/\",\"url\":\"https:\\\/\\\/www.fcejs.unsl.edu.ar\\\/index.php\\\/consejo-superior-nuevas-fechas-de-elecciones-de-consejeros-estudiantiles-y-graduados\\\/\",\"name\":\"Consejo Superior: Nuevas fechas de elecciones de consejeros estudiantiles y graduados - Facultad de Ciencias Econ\u00f3micas, Jur\u00ed\u00addicas y Sociales\",\"isPartOf\":{\"@id\":\"https:\\\/\\\/www.fcejs.unsl.edu.ar\\\/#website\"},\"primaryImageOfPage\":{\"@id\":\"https:\\\/\\\/www.fcejs.unsl.edu.ar\\\/index.php\\\/consejo-superior-nuevas-fechas-de-elecciones-de-consejeros-estudiantiles-y-graduados\\\/#primaryimage\"},\"image\":{\"@id\":\"https:\\\/\\\/www.fcejs.unsl.edu.ar\\\/index.php\\\/consejo-superior-nuevas-fechas-de-elecciones-de-consejeros-estudiantiles-y-graduados\\\/#primaryimage\"},\"thumbnailUrl\":\"https:\\\/\\\/www.fcejs.unsl.edu.ar\\\/wp-content\\\/uploads\\\/2021\\\/08\\\/210803-Consejo-Superior-10-5-1000x600-1.jpg\",\"datePublished\":\"2021-08-04T13:59:14+00:00\",\"dateModified\":\"2021-09-03T14:12:14+00:00\",\"breadcrumb\":{\"@id\":\"https:\\\/\\\/www.fcejs.unsl.edu.ar\\\/index.php\\\/consejo-superior-nuevas-fechas-de-elecciones-de-consejeros-estudiantiles-y-graduados\\\/#breadcrumb\"},\"inLanguage\":\"es-AR\",\"potentialAction\":[{\"@type\":\"ReadAction\",\"target\":[\"https:\\\/\\\/www.fcejs.unsl.edu.ar\\\/index.php\\\/consejo-superior-nuevas-fechas-de-elecciones-de-consejeros-estudiantiles-y-graduados\\\/\"]}]},{\"@type\":\"ImageObject\",\"inLanguage\":\"es-AR\",\"@id\":\"https:\\\/\\\/www.fcejs.unsl.edu.ar\\\/index.php\\\/consejo-superior-nuevas-fechas-de-elecciones-de-consejeros-estudiantiles-y-graduados\\\/#primaryimage\",\"url\":\"https:\\\/\\\/www.fcejs.unsl.edu.ar\\\/wp-content\\\/uploads\\\/2021\\\/08\\\/210803-Consejo-Superior-10-5-1000x600-1.jpg\",\"contentUrl\":\"https:\\\/\\\/www.fcejs.unsl.edu.ar\\\/wp-content\\\/uploads\\\/2021\\\/08\\\/210803-Consejo-Superior-10-5-1000x600-1.jpg\",\"width\":1061,\"height\":600},{\"@type\":\"BreadcrumbList\",\"@id\":\"https:\\\/\\\/www.fcejs.unsl.edu.ar\\\/index.php\\\/consejo-superior-nuevas-fechas-de-elecciones-de-consejeros-estudiantiles-y-graduados\\\/#breadcrumb\",\"itemListElement\":[{\"@type\":\"ListItem\",\"position\":1,\"name\":\"Inicio\",\"item\":\"https:\\\/\\\/www.fcejs.unsl.edu.ar\\\/\"},{\"@type\":\"ListItem\",\"position\":2,\"name\":\"Consejo Superior: Nuevas fechas de elecciones de consejeros estudiantiles y graduados\"}]},{\"@type\":\"WebSite\",\"@id\":\"https:\\\/\\\/www.fcejs.unsl.edu.ar\\\/#website\",\"url\":\"https:\\\/\\\/www.fcejs.unsl.edu.ar\\\/\",\"name\":\"Facultad de Ciencias Econ\u00f3micas, Jur\u00ed\u00addicas y Sociales\",\"description\":\"\",\"publisher\":{\"@id\":\"https:\\\/\\\/www.fcejs.unsl.edu.ar\\\/#organization\"},\"potentialAction\":[{\"@type\":\"SearchAction\",\"target\":{\"@type\":\"EntryPoint\",\"urlTemplate\":\"https:\\\/\\\/www.fcejs.unsl.edu.ar\\\/?s={search_term_string}\"},\"query-input\":{\"@type\":\"PropertyValueSpecification\",\"valueRequired\":true,\"valueName\":\"search_term_string\"}}],\"inLanguage\":\"es-AR\"},{\"@type\":\"Organization\",\"@id\":\"https:\\\/\\\/www.fcejs.unsl.edu.ar\\\/#organization\",\"name\":\"Facultad de Ciencias Econ\u00f3micas, Jur\u00eddicas y Sociales\",\"url\":\"https:\\\/\\\/www.fcejs.unsl.edu.ar\\\/\",\"logo\":{\"@type\":\"ImageObject\",\"inLanguage\":\"es-AR\",\"@id\":\"https:\\\/\\\/www.fcejs.unsl.edu.ar\\\/#\\\/schema\\\/logo\\\/image\\\/\",\"url\":\"https:\\\/\\\/www.fcejs.unsl.edu.ar\\\/wp-content\\\/uploads\\\/2021\\\/03\\\/logo-1.jpg\",\"contentUrl\":\"https:\\\/\\\/www.fcejs.unsl.edu.ar\\\/wp-content\\\/uploads\\\/2021\\\/03\\\/logo-1.jpg\",\"width\":471,\"height\":146,\"caption\":\"Facultad de Ciencias Econ\u00f3micas, Jur\u00eddicas y Sociales\"},\"image\":{\"@id\":\"https:\\\/\\\/www.fcejs.unsl.edu.ar\\\/#\\\/schema\\\/logo\\\/image\\\/\"},\"sameAs\":[\"https:\\\/\\\/www.facebook.com\\\/FCEJS.UNSL\\\/\",\"https:\\\/\\\/x.com\\\/FCEJSUNSL\",\"https:\\\/\\\/www.instagram.com\\\/fcejs.unsl\\\/\",\"https:\\\/\\\/www.youtube.com\\\/channel\\\/UCH-Ut6EaN_X5ogjIQMPe46g\\\/\"]},{\"@type\":\"Person\",\"@id\":\"https:\\\/\\\/www.fcejs.unsl.edu.ar\\\/#\\\/schema\\\/person\\\/352ee6ed90c3f394c7cb5945f8956d34\",\"name\":\"DATI\"}]}<\/script>\n<!-- \/ Yoast SEO plugin. -->","yoast_head_json":{"title":"Consejo Superior: Nuevas fechas de elecciones de consejeros estudiantiles y graduados - Facultad de Ciencias Econ\u00f3micas, Jur\u00ed\u00addicas y Sociales","robots":{"index":"index","follow":"follow","max-snippet":"max-snippet:-1","max-image-preview":"max-image-preview:large","max-video-preview":"max-video-preview:-1"},"canonical":"https:\/\/www.fcejs.unsl.edu.ar\/index.php\/consejo-superior-nuevas-fechas-de-elecciones-de-consejeros-estudiantiles-y-graduados\/","og_locale":"es_ES","og_type":"article","og_title":"Consejo Superior: Nuevas fechas de elecciones de consejeros estudiantiles y graduados - Facultad de Ciencias Econ\u00f3micas, Jur\u00ed\u00addicas y Sociales","og_description":"En la \u00faltima sesi\u00f3n del Consejo Superior, realizada el martes 3 de agosto de 2021, se definieron nuevas fechas de elecciones de consejeros estudiantiles y&hellip;","og_url":"https:\/\/www.fcejs.unsl.edu.ar\/index.php\/consejo-superior-nuevas-fechas-de-elecciones-de-consejeros-estudiantiles-y-graduados\/","og_site_name":"Facultad de Ciencias Econ\u00f3micas, Jur\u00ed\u00addicas y Sociales","article_publisher":"https:\/\/www.facebook.com\/FCEJS.UNSL\/","article_published_time":"2021-08-04T13:59:14+00:00","article_modified_time":"2021-09-03T14:12:14+00:00","og_image":[{"width":1061,"height":600,"url":"https:\/\/www.fcejs.unsl.edu.ar\/wp-content\/uploads\/2021\/08\/210803-Consejo-Superior-10-5-1000x600-1.jpg","type":"image\/jpeg"}],"author":"DATI","twitter_card":"summary_large_image","twitter_creator":"@FCEJSUNSL","twitter_site":"@FCEJSUNSL","twitter_misc":{"Escrito por":"DATI","Tiempo de lectura":"2 minutos"},"schema":{"@context":"https:\/\/schema.org","@graph":[{"@type":"Article","@id":"https:\/\/www.fcejs.unsl.edu.ar\/index.php\/consejo-superior-nuevas-fechas-de-elecciones-de-consejeros-estudiantiles-y-graduados\/#article","isPartOf":{"@id":"https:\/\/www.fcejs.unsl.edu.ar\/index.php\/consejo-superior-nuevas-fechas-de-elecciones-de-consejeros-estudiantiles-y-graduados\/"},"author":{"name":"DATI","@id":"https:\/\/www.fcejs.unsl.edu.ar\/#\/schema\/person\/352ee6ed90c3f394c7cb5945f8956d34"},"headline":"Consejo Superior: Nuevas fechas de elecciones de consejeros estudiantiles y graduados","datePublished":"2021-08-04T13:59:14+00:00","dateModified":"2021-09-03T14:12:14+00:00","mainEntityOfPage":{"@id":"https:\/\/www.fcejs.unsl.edu.ar\/index.php\/consejo-superior-nuevas-fechas-de-elecciones-de-consejeros-estudiantiles-y-graduados\/"},"wordCount":348,"publisher":{"@id":"https:\/\/www.fcejs.unsl.edu.ar\/#organization"},"image":{"@id":"https:\/\/www.fcejs.unsl.edu.ar\/index.php\/consejo-superior-nuevas-fechas-de-elecciones-de-consejeros-estudiantiles-y-graduados\/#primaryimage"},"thumbnailUrl":"https:\/\/www.fcejs.unsl.edu.ar\/wp-content\/uploads\/2021\/08\/210803-Consejo-Superior-10-5-1000x600-1.jpg","articleSection":["Archivadas"],"inLanguage":"es-AR"},{"@type":"WebPage","@id":"https:\/\/www.fcejs.unsl.edu.ar\/index.php\/consejo-superior-nuevas-fechas-de-elecciones-de-consejeros-estudiantiles-y-graduados\/","url":"https:\/\/www.fcejs.unsl.edu.ar\/index.php\/consejo-superior-nuevas-fechas-de-elecciones-de-consejeros-estudiantiles-y-graduados\/","name":"Consejo Superior: Nuevas fechas de elecciones de consejeros estudiantiles y graduados - Facultad de Ciencias Econ\u00f3micas, Jur\u00ed\u00addicas y Sociales","isPartOf":{"@id":"https:\/\/www.fcejs.unsl.edu.ar\/#website"},"primaryImageOfPage":{"@id":"https:\/\/www.fcejs.unsl.edu.ar\/index.php\/consejo-superior-nuevas-fechas-de-elecciones-de-consejeros-estudiantiles-y-graduados\/#primaryimage"},"image":{"@id":"https:\/\/www.fcejs.unsl.edu.ar\/index.php\/consejo-superior-nuevas-fechas-de-elecciones-de-consejeros-estudiantiles-y-graduados\/#primaryimage"},"thumbnailUrl":"https:\/\/www.fcejs.unsl.edu.ar\/wp-content\/uploads\/2021\/08\/210803-Consejo-Superior-10-5-1000x600-1.jpg","datePublished":"2021-08-04T13:59:14+00:00","dateModified":"2021-09-03T14:12:14+00:00","breadcrumb":{"@id":"https:\/\/www.fcejs.unsl.edu.ar\/index.php\/consejo-superior-nuevas-fechas-de-elecciones-de-consejeros-estudiantiles-y-graduados\/#breadcrumb"},"inLanguage":"es-AR","potentialAction":[{"@type":"ReadAction","target":["https:\/\/www.fcejs.unsl.edu.ar\/index.php\/consejo-superior-nuevas-fechas-de-elecciones-de-consejeros-estudiantiles-y-graduados\/"]}]},{"@type":"ImageObject","inLanguage":"es-AR","@id":"https:\/\/www.fcejs.unsl.edu.ar\/index.php\/consejo-superior-nuevas-fechas-de-elecciones-de-consejeros-estudiantiles-y-graduados\/#primaryimage","url":"https:\/\/www.fcejs.unsl.edu.ar\/wp-content\/uploads\/2021\/08\/210803-Consejo-Superior-10-5-1000x600-1.jpg","contentUrl":"https:\/\/www.fcejs.unsl.edu.ar\/wp-content\/uploads\/2021\/08\/210803-Consejo-Superior-10-5-1000x600-1.jpg","width":1061,"height":600},{"@type":"BreadcrumbList","@id":"https:\/\/www.fcejs.unsl.edu.ar\/index.php\/consejo-superior-nuevas-fechas-de-elecciones-de-consejeros-estudiantiles-y-graduados\/#breadcrumb","itemListElement":[{"@type":"ListItem","position":1,"name":"Inicio","item":"https:\/\/www.fcejs.unsl.edu.ar\/"},{"@type":"ListItem","position":2,"name":"Consejo Superior: Nuevas fechas de elecciones de consejeros estudiantiles y graduados"}]},{"@type":"WebSite","@id":"https:\/\/www.fcejs.unsl.edu.ar\/#website","url":"https:\/\/www.fcejs.unsl.edu.ar\/","name":"Facultad de Ciencias Econ\u00f3micas, Jur\u00ed\u00addicas y Sociales","description":"","publisher":{"@id":"https:\/\/www.fcejs.unsl.edu.ar\/#organization"},"potentialAction":[{"@type":"SearchAction","target":{"@type":"EntryPoint","urlTemplate":"https:\/\/www.fcejs.unsl.edu.ar\/?s={search_term_string}"},"query-input":{"@type":"PropertyValueSpecification","valueRequired":true,"valueName":"search_term_string"}}],"inLanguage":"es-AR"},{"@type":"Organization","@id":"https:\/\/www.fcejs.unsl.edu.ar\/#organization","name":"Facultad de Ciencias Econ\u00f3micas, Jur\u00eddicas y Sociales","url":"https:\/\/www.fcejs.unsl.edu.ar\/","logo":{"@type":"ImageObject","inLanguage":"es-AR","@id":"https:\/\/www.fcejs.unsl.edu.ar\/#\/schema\/logo\/image\/","url":"https:\/\/www.fcejs.unsl.edu.ar\/wp-content\/uploads\/2021\/03\/logo-1.jpg","contentUrl":"https:\/\/www.fcejs.unsl.edu.ar\/wp-content\/uploads\/2021\/03\/logo-1.jpg","width":471,"height":146,"caption":"Facultad de Ciencias Econ\u00f3micas, Jur\u00eddicas y Sociales"},"image":{"@id":"https:\/\/www.fcejs.unsl.edu.ar\/#\/schema\/logo\/image\/"},"sameAs":["https:\/\/www.facebook.com\/FCEJS.UNSL\/","https:\/\/x.com\/FCEJSUNSL","https:\/\/www.instagram.com\/fcejs.unsl\/","https:\/\/www.youtube.com\/channel\/UCH-Ut6EaN_X5ogjIQMPe46g\/"]},{"@type":"Person","@id":"https:\/\/www.fcejs.unsl.edu.ar\/#\/schema\/person\/352ee6ed90c3f394c7cb5945f8956d34","name":"DATI"}]}},"jetpack_featured_media_url":"https:\/\/www.fcejs.unsl.edu.ar\/wp-content\/uploads\/2021\/08\/210803-Consejo-Superior-10-5-1000x600-1.jpg","_links":{"self":[{"href":"https:\/\/www.fcejs.unsl.edu.ar\/index.php\/wp-json\/wp\/v2\/posts\/4567","targetHints":{"allow":["GET"]}}],"collection":[{"href":"https:\/\/www.fcejs.unsl.edu.ar\/index.php\/wp-json\/wp\/v2\/posts"}],"about":[{"href":"https:\/\/www.fcejs.unsl.edu.ar\/index.php\/wp-json\/wp\/v2\/types\/post"}],"author":[{"embeddable":true,"href":"https:\/\/www.fcejs.unsl.edu.ar\/index.php\/wp-json\/wp\/v2\/users\/9"}],"replies":[{"embeddable":true,"href":"https:\/\/www.fcejs.unsl.edu.ar\/index.php\/wp-json\/wp\/v2\/comments?post=4567"}],"version-history":[{"count":3,"href":"https:\/\/www.fcejs.unsl.edu.ar\/index.php\/wp-json\/wp\/v2\/posts\/4567\/revisions"}],"predecessor-version":[{"id":4656,"href":"https:\/\/www.fcejs.unsl.edu.ar\/index.php\/wp-json\/wp\/v2\/posts\/4567\/revisions\/4656"}],"wp:featuredmedia":[{"embeddable":true,"href":"https:\/\/www.fcejs.unsl.edu.ar\/index.php\/wp-json\/wp\/v2\/media\/4568"}],"wp:attachment":[{"href":"https:\/\/www.fcejs.unsl.edu.ar\/index.php\/wp-json\/wp\/v2\/media?parent=4567"}],"wp:term":[{"taxonomy":"category","embeddable":true,"href":"https:\/\/www.fcejs.unsl.edu.ar\/index.php\/wp-json\/wp\/v2\/categories?post=4567"},{"taxonomy":"post_tag","embeddable":true,"href":"https:\/\/www.fcejs.unsl.edu.ar\/index.php\/wp-json\/wp\/v2\/tags?post=4567"}],"curies":[{"name":"wp","href":"https:\/\/api.w.org\/{rel}","templated":true}]}}