{"id":4546,"date":"2021-07-30T09:53:47","date_gmt":"2021-07-30T12:53:47","guid":{"rendered":"http:\/\/10.101.10.197\/www\/?p=4546"},"modified":"2021-08-13T13:32:28","modified_gmt":"2021-08-13T16:32:28","slug":"curso-de-posgrado-regimenes-fascistas-dictaduras-la-nueva-derecha-el-caso-latinoamericano-un-enfoque-historico-comparativo-2","status":"publish","type":"post","link":"https:\/\/www.fcejs.unsl.edu.ar\/index.php\/curso-de-posgrado-regimenes-fascistas-dictaduras-la-nueva-derecha-el-caso-latinoamericano-un-enfoque-historico-comparativo-2\/","title":{"rendered":"Curso de Posgrado \u201cReg\u00edmenes fascistas, dictaduras, la nueva derecha. El caso latinoamericano. Un enfoque hist\u00f3rico comparativo\u201d."},"content":{"rendered":"<p>La Secretar\u00eda de Investigaci\u00f3n y Posgrado informa que el viernes 6 de agosto inicia el dictado del Curso de Posgrado \u201cReg\u00edmenes fascistas, dictaduras, la nueva derecha. El caso latinoamericano. Un enfoque hist\u00f3rico comparativo\u201d. Ser\u00e1 dictado por el Mag. Daniel Campione.<\/p>\n<p>Es una propuesta no arancelada es financiada por el Programa de Capacitaci\u00f3n Docente Gratuito de la Asociaci\u00f3n de Docentes Universitarios (ADU-San Luis). Se realizar\u00e1 con modalidad virtual, cada 15 d\u00edas.<\/p>\n<p>Tiene como objetivos proporcionar a los cursantes un enfoque te\u00f3rico e hist\u00f3rico sobre distintos reg\u00edmenes y sistemas de ideas desarrollados a lo largo del siglo XX y lo que va del XXI, con atenci\u00f3n a los casos europeos y latinoamericanos. Desarrollar un enfoque cr\u00edtico que estimule la comprensi\u00f3n de la realidad actual en base al conocimiento del proceso hist\u00f3rico precedente. Poner en relaci\u00f3n los temas abordados en el curso con las cuestiones abordadas por los alumnos en sus proyectos de tesis o de investigaci\u00f3n<\/p>\n<p>Est\u00e1 destinado a egresados con t\u00edtulo de grado universitario o de nivel superior de 4 a\u00f1os o m\u00e1s. Acreditable a carreras de posgrado.<\/p>\n<p>Para consultas: mbrolfi@gmail.com (Bel\u00e9n Rolfi)<\/p>\n<p>Aquellos interesados en asistir, deben realizar la preinscripci\u00f3n a trav\u00e9s del siguiente link:<\/p>\n<p style=\"text-align: center;\"><strong><a href=\"https:\/\/forms.gle\/WtnNmwLTVjAJW9X79\" target=\"_blank\" rel=\"noopener\">PREINSCRIPCI\u00d3N<\/a><\/strong><\/p>\n<p>&nbsp;<\/p>\n<p><img fetchpriority=\"high\" decoding=\"async\" class=\"aligncenter size-full wp-image-4547\" src=\"https:\/\/www.fcejs.unsl.edu.ar\/wp-content\/uploads\/2021\/08\/WhatsApp-Image-2021-07-08-at-08.41.55.jpeg\" alt=\"\" width=\"650\" height=\"977\" srcset=\"https:\/\/www.fcejs.unsl.edu.ar\/wp-content\/uploads\/2021\/08\/WhatsApp-Image-2021-07-08-at-08.41.55.jpeg 650w, https:\/\/www.fcejs.unsl.edu.ar\/wp-content\/uploads\/2021\/08\/WhatsApp-Image-2021-07-08-at-08.41.55-200x300.jpeg 200w\" sizes=\"(max-width: 650px) 100vw, 650px\" \/><\/p>\n","protected":false},"excerpt":{"rendered":"<p>La Secretar\u00eda de Investigaci\u00f3n y Posgrado informa que el viernes 6 de agosto inicia el dictado del Curso de Posgrado \u201cReg\u00edmenes fascistas, dictaduras, la nueva&hellip;<\/p>\n","protected":false},"author":9,"featured_media":4548,"comment_status":"closed","ping_status":"closed","sticky":false,"template":"","format":"standard","meta":{"om_disable_all_campaigns":false,"_monsterinsights_skip_tracking":false,"_monsterinsights_sitenote_active":false,"_monsterinsights_sitenote_note":"","_monsterinsights_sitenote_category":0,"footnotes":""},"categories":[21],"tags":[],"class_list":["post-4546","post","type-post","status-publish","format-standard","has-post-thumbnail","hentry","category-archivadas"],"yoast_head":"<!-- This site is optimized with the Yoast SEO plugin v27.4 - https:\/\/yoast.com\/product\/yoast-seo-wordpress\/ -->\n<title>Curso de Posgrado \u201cReg\u00edmenes fascistas, dictaduras, la nueva derecha. El caso latinoamericano. Un enfoque hist\u00f3rico comparativo\u201d. - Facultad de Ciencias Econ\u00f3micas, Jur\u00ed\u00addicas y Sociales<\/title>\n<meta name=\"robots\" content=\"index, follow, max-snippet:-1, max-image-preview:large, max-video-preview:-1\" \/>\n<link rel=\"canonical\" href=\"https:\/\/www.fcejs.unsl.edu.ar\/index.php\/curso-de-posgrado-regimenes-fascistas-dictaduras-la-nueva-derecha-el-caso-latinoamericano-un-enfoque-historico-comparativo-2\/\" \/>\n<meta property=\"og:locale\" content=\"es_ES\" \/>\n<meta property=\"og:type\" content=\"article\" \/>\n<meta property=\"og:title\" content=\"Curso de Posgrado \u201cReg\u00edmenes fascistas, dictaduras, la nueva derecha. El caso latinoamericano. Un enfoque hist\u00f3rico comparativo\u201d. - Facultad de Ciencias Econ\u00f3micas, Jur\u00ed\u00addicas y Sociales\" \/>\n<meta property=\"og:description\" content=\"La Secretar\u00eda de Investigaci\u00f3n y Posgrado informa que el viernes 6 de agosto inicia el dictado del Curso de Posgrado \u201cReg\u00edmenes fascistas, dictaduras, la nueva&hellip;\" \/>\n<meta property=\"og:url\" content=\"https:\/\/www.fcejs.unsl.edu.ar\/index.php\/curso-de-posgrado-regimenes-fascistas-dictaduras-la-nueva-derecha-el-caso-latinoamericano-un-enfoque-historico-comparativo-2\/\" \/>\n<meta property=\"og:site_name\" content=\"Facultad de Ciencias Econ\u00f3micas, Jur\u00ed\u00addicas y Sociales\" \/>\n<meta property=\"article:publisher\" content=\"https:\/\/www.facebook.com\/FCEJS.UNSL\/\" \/>\n<meta property=\"article:published_time\" content=\"2021-07-30T12:53:47+00:00\" \/>\n<meta property=\"article:modified_time\" content=\"2021-08-13T16:32:28+00:00\" \/>\n<meta property=\"og:image\" content=\"https:\/\/www.fcejs.unsl.edu.ar\/wp-content\/uploads\/2021\/08\/campione.jpg\" \/>\n\t<meta property=\"og:image:width\" content=\"1152\" \/>\n\t<meta property=\"og:image:height\" content=\"647\" \/>\n\t<meta property=\"og:image:type\" content=\"image\/jpeg\" \/>\n<meta name=\"author\" content=\"DATI\" \/>\n<meta name=\"twitter:card\" content=\"summary_large_image\" \/>\n<meta name=\"twitter:creator\" content=\"@FCEJSUNSL\" \/>\n<meta name=\"twitter:site\" content=\"@FCEJSUNSL\" \/>\n<meta name=\"twitter:label1\" content=\"Escrito por\" \/>\n\t<meta name=\"twitter:data1\" content=\"DATI\" \/>\n\t<meta name=\"twitter:label2\" content=\"Tiempo de lectura\" \/>\n\t<meta name=\"twitter:data2\" content=\"2 minutos\" \/>\n<script type=\"application\/ld+json\" class=\"yoast-schema-graph\">{\"@context\":\"https:\\\/\\\/schema.org\",\"@graph\":[{\"@type\":\"Article\",\"@id\":\"https:\\\/\\\/www.fcejs.unsl.edu.ar\\\/index.php\\\/curso-de-posgrado-regimenes-fascistas-dictaduras-la-nueva-derecha-el-caso-latinoamericano-un-enfoque-historico-comparativo-2\\\/#article\",\"isPartOf\":{\"@id\":\"https:\\\/\\\/www.fcejs.unsl.edu.ar\\\/index.php\\\/curso-de-posgrado-regimenes-fascistas-dictaduras-la-nueva-derecha-el-caso-latinoamericano-un-enfoque-historico-comparativo-2\\\/\"},\"author\":{\"name\":\"DATI\",\"@id\":\"https:\\\/\\\/www.fcejs.unsl.edu.ar\\\/#\\\/schema\\\/person\\\/352ee6ed90c3f394c7cb5945f8956d34\"},\"headline\":\"Curso de Posgrado \u201cReg\u00edmenes fascistas, dictaduras, la nueva derecha. El caso latinoamericano. Un enfoque hist\u00f3rico comparativo\u201d.\",\"datePublished\":\"2021-07-30T12:53:47+00:00\",\"dateModified\":\"2021-08-13T16:32:28+00:00\",\"mainEntityOfPage\":{\"@id\":\"https:\\\/\\\/www.fcejs.unsl.edu.ar\\\/index.php\\\/curso-de-posgrado-regimenes-fascistas-dictaduras-la-nueva-derecha-el-caso-latinoamericano-un-enfoque-historico-comparativo-2\\\/\"},\"wordCount\":237,\"publisher\":{\"@id\":\"https:\\\/\\\/www.fcejs.unsl.edu.ar\\\/#organization\"},\"image\":{\"@id\":\"https:\\\/\\\/www.fcejs.unsl.edu.ar\\\/index.php\\\/curso-de-posgrado-regimenes-fascistas-dictaduras-la-nueva-derecha-el-caso-latinoamericano-un-enfoque-historico-comparativo-2\\\/#primaryimage\"},\"thumbnailUrl\":\"https:\\\/\\\/www.fcejs.unsl.edu.ar\\\/wp-content\\\/uploads\\\/2021\\\/08\\\/campione.jpg\",\"articleSection\":[\"Archivadas\"],\"inLanguage\":\"es-AR\"},{\"@type\":\"WebPage\",\"@id\":\"https:\\\/\\\/www.fcejs.unsl.edu.ar\\\/index.php\\\/curso-de-posgrado-regimenes-fascistas-dictaduras-la-nueva-derecha-el-caso-latinoamericano-un-enfoque-historico-comparativo-2\\\/\",\"url\":\"https:\\\/\\\/www.fcejs.unsl.edu.ar\\\/index.php\\\/curso-de-posgrado-regimenes-fascistas-dictaduras-la-nueva-derecha-el-caso-latinoamericano-un-enfoque-historico-comparativo-2\\\/\",\"name\":\"Curso de Posgrado \u201cReg\u00edmenes fascistas, dictaduras, la nueva derecha. El caso latinoamericano. Un enfoque hist\u00f3rico comparativo\u201d. - Facultad de Ciencias Econ\u00f3micas, Jur\u00ed\u00addicas y Sociales\",\"isPartOf\":{\"@id\":\"https:\\\/\\\/www.fcejs.unsl.edu.ar\\\/#website\"},\"primaryImageOfPage\":{\"@id\":\"https:\\\/\\\/www.fcejs.unsl.edu.ar\\\/index.php\\\/curso-de-posgrado-regimenes-fascistas-dictaduras-la-nueva-derecha-el-caso-latinoamericano-un-enfoque-historico-comparativo-2\\\/#primaryimage\"},\"image\":{\"@id\":\"https:\\\/\\\/www.fcejs.unsl.edu.ar\\\/index.php\\\/curso-de-posgrado-regimenes-fascistas-dictaduras-la-nueva-derecha-el-caso-latinoamericano-un-enfoque-historico-comparativo-2\\\/#primaryimage\"},\"thumbnailUrl\":\"https:\\\/\\\/www.fcejs.unsl.edu.ar\\\/wp-content\\\/uploads\\\/2021\\\/08\\\/campione.jpg\",\"datePublished\":\"2021-07-30T12:53:47+00:00\",\"dateModified\":\"2021-08-13T16:32:28+00:00\",\"breadcrumb\":{\"@id\":\"https:\\\/\\\/www.fcejs.unsl.edu.ar\\\/index.php\\\/curso-de-posgrado-regimenes-fascistas-dictaduras-la-nueva-derecha-el-caso-latinoamericano-un-enfoque-historico-comparativo-2\\\/#breadcrumb\"},\"inLanguage\":\"es-AR\",\"potentialAction\":[{\"@type\":\"ReadAction\",\"target\":[\"https:\\\/\\\/www.fcejs.unsl.edu.ar\\\/index.php\\\/curso-de-posgrado-regimenes-fascistas-dictaduras-la-nueva-derecha-el-caso-latinoamericano-un-enfoque-historico-comparativo-2\\\/\"]}]},{\"@type\":\"ImageObject\",\"inLanguage\":\"es-AR\",\"@id\":\"https:\\\/\\\/www.fcejs.unsl.edu.ar\\\/index.php\\\/curso-de-posgrado-regimenes-fascistas-dictaduras-la-nueva-derecha-el-caso-latinoamericano-un-enfoque-historico-comparativo-2\\\/#primaryimage\",\"url\":\"https:\\\/\\\/www.fcejs.unsl.edu.ar\\\/wp-content\\\/uploads\\\/2021\\\/08\\\/campione.jpg\",\"contentUrl\":\"https:\\\/\\\/www.fcejs.unsl.edu.ar\\\/wp-content\\\/uploads\\\/2021\\\/08\\\/campione.jpg\",\"width\":1152,\"height\":647},{\"@type\":\"BreadcrumbList\",\"@id\":\"https:\\\/\\\/www.fcejs.unsl.edu.ar\\\/index.php\\\/curso-de-posgrado-regimenes-fascistas-dictaduras-la-nueva-derecha-el-caso-latinoamericano-un-enfoque-historico-comparativo-2\\\/#breadcrumb\",\"itemListElement\":[{\"@type\":\"ListItem\",\"position\":1,\"name\":\"Inicio\",\"item\":\"https:\\\/\\\/www.fcejs.unsl.edu.ar\\\/\"},{\"@type\":\"ListItem\",\"position\":2,\"name\":\"Curso de Posgrado \u201cReg\u00edmenes fascistas, dictaduras, la nueva derecha. El caso latinoamericano. Un enfoque hist\u00f3rico comparativo\u201d.\"}]},{\"@type\":\"WebSite\",\"@id\":\"https:\\\/\\\/www.fcejs.unsl.edu.ar\\\/#website\",\"url\":\"https:\\\/\\\/www.fcejs.unsl.edu.ar\\\/\",\"name\":\"Facultad de Ciencias Econ\u00f3micas, Jur\u00ed\u00addicas y Sociales\",\"description\":\"\",\"publisher\":{\"@id\":\"https:\\\/\\\/www.fcejs.unsl.edu.ar\\\/#organization\"},\"potentialAction\":[{\"@type\":\"SearchAction\",\"target\":{\"@type\":\"EntryPoint\",\"urlTemplate\":\"https:\\\/\\\/www.fcejs.unsl.edu.ar\\\/?s={search_term_string}\"},\"query-input\":{\"@type\":\"PropertyValueSpecification\",\"valueRequired\":true,\"valueName\":\"search_term_string\"}}],\"inLanguage\":\"es-AR\"},{\"@type\":\"Organization\",\"@id\":\"https:\\\/\\\/www.fcejs.unsl.edu.ar\\\/#organization\",\"name\":\"Facultad de Ciencias Econ\u00f3micas, Jur\u00eddicas y Sociales\",\"url\":\"https:\\\/\\\/www.fcejs.unsl.edu.ar\\\/\",\"logo\":{\"@type\":\"ImageObject\",\"inLanguage\":\"es-AR\",\"@id\":\"https:\\\/\\\/www.fcejs.unsl.edu.ar\\\/#\\\/schema\\\/logo\\\/image\\\/\",\"url\":\"https:\\\/\\\/www.fcejs.unsl.edu.ar\\\/wp-content\\\/uploads\\\/2021\\\/03\\\/logo-1.jpg\",\"contentUrl\":\"https:\\\/\\\/www.fcejs.unsl.edu.ar\\\/wp-content\\\/uploads\\\/2021\\\/03\\\/logo-1.jpg\",\"width\":471,\"height\":146,\"caption\":\"Facultad de Ciencias Econ\u00f3micas, Jur\u00eddicas y Sociales\"},\"image\":{\"@id\":\"https:\\\/\\\/www.fcejs.unsl.edu.ar\\\/#\\\/schema\\\/logo\\\/image\\\/\"},\"sameAs\":[\"https:\\\/\\\/www.facebook.com\\\/FCEJS.UNSL\\\/\",\"https:\\\/\\\/x.com\\\/FCEJSUNSL\",\"https:\\\/\\\/www.instagram.com\\\/fcejs.unsl\\\/\",\"https:\\\/\\\/www.youtube.com\\\/channel\\\/UCH-Ut6EaN_X5ogjIQMPe46g\\\/\"]},{\"@type\":\"Person\",\"@id\":\"https:\\\/\\\/www.fcejs.unsl.edu.ar\\\/#\\\/schema\\\/person\\\/352ee6ed90c3f394c7cb5945f8956d34\",\"name\":\"DATI\"}]}<\/script>\n<!-- \/ Yoast SEO plugin. -->","yoast_head_json":{"title":"Curso de Posgrado \u201cReg\u00edmenes fascistas, dictaduras, la nueva derecha. El caso latinoamericano. Un enfoque hist\u00f3rico comparativo\u201d. - Facultad de Ciencias Econ\u00f3micas, Jur\u00ed\u00addicas y Sociales","robots":{"index":"index","follow":"follow","max-snippet":"max-snippet:-1","max-image-preview":"max-image-preview:large","max-video-preview":"max-video-preview:-1"},"canonical":"https:\/\/www.fcejs.unsl.edu.ar\/index.php\/curso-de-posgrado-regimenes-fascistas-dictaduras-la-nueva-derecha-el-caso-latinoamericano-un-enfoque-historico-comparativo-2\/","og_locale":"es_ES","og_type":"article","og_title":"Curso de Posgrado \u201cReg\u00edmenes fascistas, dictaduras, la nueva derecha. El caso latinoamericano. Un enfoque hist\u00f3rico comparativo\u201d. - Facultad de Ciencias Econ\u00f3micas, Jur\u00ed\u00addicas y Sociales","og_description":"La Secretar\u00eda de Investigaci\u00f3n y Posgrado informa que el viernes 6 de agosto inicia el dictado del Curso de Posgrado \u201cReg\u00edmenes fascistas, dictaduras, la nueva&hellip;","og_url":"https:\/\/www.fcejs.unsl.edu.ar\/index.php\/curso-de-posgrado-regimenes-fascistas-dictaduras-la-nueva-derecha-el-caso-latinoamericano-un-enfoque-historico-comparativo-2\/","og_site_name":"Facultad de Ciencias Econ\u00f3micas, Jur\u00ed\u00addicas y Sociales","article_publisher":"https:\/\/www.facebook.com\/FCEJS.UNSL\/","article_published_time":"2021-07-30T12:53:47+00:00","article_modified_time":"2021-08-13T16:32:28+00:00","og_image":[{"width":1152,"height":647,"url":"https:\/\/www.fcejs.unsl.edu.ar\/wp-content\/uploads\/2021\/08\/campione.jpg","type":"image\/jpeg"}],"author":"DATI","twitter_card":"summary_large_image","twitter_creator":"@FCEJSUNSL","twitter_site":"@FCEJSUNSL","twitter_misc":{"Escrito por":"DATI","Tiempo de lectura":"2 minutos"},"schema":{"@context":"https:\/\/schema.org","@graph":[{"@type":"Article","@id":"https:\/\/www.fcejs.unsl.edu.ar\/index.php\/curso-de-posgrado-regimenes-fascistas-dictaduras-la-nueva-derecha-el-caso-latinoamericano-un-enfoque-historico-comparativo-2\/#article","isPartOf":{"@id":"https:\/\/www.fcejs.unsl.edu.ar\/index.php\/curso-de-posgrado-regimenes-fascistas-dictaduras-la-nueva-derecha-el-caso-latinoamericano-un-enfoque-historico-comparativo-2\/"},"author":{"name":"DATI","@id":"https:\/\/www.fcejs.unsl.edu.ar\/#\/schema\/person\/352ee6ed90c3f394c7cb5945f8956d34"},"headline":"Curso de Posgrado \u201cReg\u00edmenes fascistas, dictaduras, la nueva derecha. El caso latinoamericano. Un enfoque hist\u00f3rico comparativo\u201d.","datePublished":"2021-07-30T12:53:47+00:00","dateModified":"2021-08-13T16:32:28+00:00","mainEntityOfPage":{"@id":"https:\/\/www.fcejs.unsl.edu.ar\/index.php\/curso-de-posgrado-regimenes-fascistas-dictaduras-la-nueva-derecha-el-caso-latinoamericano-un-enfoque-historico-comparativo-2\/"},"wordCount":237,"publisher":{"@id":"https:\/\/www.fcejs.unsl.edu.ar\/#organization"},"image":{"@id":"https:\/\/www.fcejs.unsl.edu.ar\/index.php\/curso-de-posgrado-regimenes-fascistas-dictaduras-la-nueva-derecha-el-caso-latinoamericano-un-enfoque-historico-comparativo-2\/#primaryimage"},"thumbnailUrl":"https:\/\/www.fcejs.unsl.edu.ar\/wp-content\/uploads\/2021\/08\/campione.jpg","articleSection":["Archivadas"],"inLanguage":"es-AR"},{"@type":"WebPage","@id":"https:\/\/www.fcejs.unsl.edu.ar\/index.php\/curso-de-posgrado-regimenes-fascistas-dictaduras-la-nueva-derecha-el-caso-latinoamericano-un-enfoque-historico-comparativo-2\/","url":"https:\/\/www.fcejs.unsl.edu.ar\/index.php\/curso-de-posgrado-regimenes-fascistas-dictaduras-la-nueva-derecha-el-caso-latinoamericano-un-enfoque-historico-comparativo-2\/","name":"Curso de Posgrado \u201cReg\u00edmenes fascistas, dictaduras, la nueva derecha. El caso latinoamericano. Un enfoque hist\u00f3rico comparativo\u201d. - Facultad de Ciencias Econ\u00f3micas, Jur\u00ed\u00addicas y Sociales","isPartOf":{"@id":"https:\/\/www.fcejs.unsl.edu.ar\/#website"},"primaryImageOfPage":{"@id":"https:\/\/www.fcejs.unsl.edu.ar\/index.php\/curso-de-posgrado-regimenes-fascistas-dictaduras-la-nueva-derecha-el-caso-latinoamericano-un-enfoque-historico-comparativo-2\/#primaryimage"},"image":{"@id":"https:\/\/www.fcejs.unsl.edu.ar\/index.php\/curso-de-posgrado-regimenes-fascistas-dictaduras-la-nueva-derecha-el-caso-latinoamericano-un-enfoque-historico-comparativo-2\/#primaryimage"},"thumbnailUrl":"https:\/\/www.fcejs.unsl.edu.ar\/wp-content\/uploads\/2021\/08\/campione.jpg","datePublished":"2021-07-30T12:53:47+00:00","dateModified":"2021-08-13T16:32:28+00:00","breadcrumb":{"@id":"https:\/\/www.fcejs.unsl.edu.ar\/index.php\/curso-de-posgrado-regimenes-fascistas-dictaduras-la-nueva-derecha-el-caso-latinoamericano-un-enfoque-historico-comparativo-2\/#breadcrumb"},"inLanguage":"es-AR","potentialAction":[{"@type":"ReadAction","target":["https:\/\/www.fcejs.unsl.edu.ar\/index.php\/curso-de-posgrado-regimenes-fascistas-dictaduras-la-nueva-derecha-el-caso-latinoamericano-un-enfoque-historico-comparativo-2\/"]}]},{"@type":"ImageObject","inLanguage":"es-AR","@id":"https:\/\/www.fcejs.unsl.edu.ar\/index.php\/curso-de-posgrado-regimenes-fascistas-dictaduras-la-nueva-derecha-el-caso-latinoamericano-un-enfoque-historico-comparativo-2\/#primaryimage","url":"https:\/\/www.fcejs.unsl.edu.ar\/wp-content\/uploads\/2021\/08\/campione.jpg","contentUrl":"https:\/\/www.fcejs.unsl.edu.ar\/wp-content\/uploads\/2021\/08\/campione.jpg","width":1152,"height":647},{"@type":"BreadcrumbList","@id":"https:\/\/www.fcejs.unsl.edu.ar\/index.php\/curso-de-posgrado-regimenes-fascistas-dictaduras-la-nueva-derecha-el-caso-latinoamericano-un-enfoque-historico-comparativo-2\/#breadcrumb","itemListElement":[{"@type":"ListItem","position":1,"name":"Inicio","item":"https:\/\/www.fcejs.unsl.edu.ar\/"},{"@type":"ListItem","position":2,"name":"Curso de Posgrado \u201cReg\u00edmenes fascistas, dictaduras, la nueva derecha. El caso latinoamericano. Un enfoque hist\u00f3rico comparativo\u201d."}]},{"@type":"WebSite","@id":"https:\/\/www.fcejs.unsl.edu.ar\/#website","url":"https:\/\/www.fcejs.unsl.edu.ar\/","name":"Facultad de Ciencias Econ\u00f3micas, Jur\u00ed\u00addicas y Sociales","description":"","publisher":{"@id":"https:\/\/www.fcejs.unsl.edu.ar\/#organization"},"potentialAction":[{"@type":"SearchAction","target":{"@type":"EntryPoint","urlTemplate":"https:\/\/www.fcejs.unsl.edu.ar\/?s={search_term_string}"},"query-input":{"@type":"PropertyValueSpecification","valueRequired":true,"valueName":"search_term_string"}}],"inLanguage":"es-AR"},{"@type":"Organization","@id":"https:\/\/www.fcejs.unsl.edu.ar\/#organization","name":"Facultad de Ciencias Econ\u00f3micas, Jur\u00eddicas y Sociales","url":"https:\/\/www.fcejs.unsl.edu.ar\/","logo":{"@type":"ImageObject","inLanguage":"es-AR","@id":"https:\/\/www.fcejs.unsl.edu.ar\/#\/schema\/logo\/image\/","url":"https:\/\/www.fcejs.unsl.edu.ar\/wp-content\/uploads\/2021\/03\/logo-1.jpg","contentUrl":"https:\/\/www.fcejs.unsl.edu.ar\/wp-content\/uploads\/2021\/03\/logo-1.jpg","width":471,"height":146,"caption":"Facultad de Ciencias Econ\u00f3micas, Jur\u00eddicas y Sociales"},"image":{"@id":"https:\/\/www.fcejs.unsl.edu.ar\/#\/schema\/logo\/image\/"},"sameAs":["https:\/\/www.facebook.com\/FCEJS.UNSL\/","https:\/\/x.com\/FCEJSUNSL","https:\/\/www.instagram.com\/fcejs.unsl\/","https:\/\/www.youtube.com\/channel\/UCH-Ut6EaN_X5ogjIQMPe46g\/"]},{"@type":"Person","@id":"https:\/\/www.fcejs.unsl.edu.ar\/#\/schema\/person\/352ee6ed90c3f394c7cb5945f8956d34","name":"DATI"}]}},"jetpack_featured_media_url":"https:\/\/www.fcejs.unsl.edu.ar\/wp-content\/uploads\/2021\/08\/campione.jpg","_links":{"self":[{"href":"https:\/\/www.fcejs.unsl.edu.ar\/index.php\/wp-json\/wp\/v2\/posts\/4546","targetHints":{"allow":["GET"]}}],"collection":[{"href":"https:\/\/www.fcejs.unsl.edu.ar\/index.php\/wp-json\/wp\/v2\/posts"}],"about":[{"href":"https:\/\/www.fcejs.unsl.edu.ar\/index.php\/wp-json\/wp\/v2\/types\/post"}],"author":[{"embeddable":true,"href":"https:\/\/www.fcejs.unsl.edu.ar\/index.php\/wp-json\/wp\/v2\/users\/9"}],"replies":[{"embeddable":true,"href":"https:\/\/www.fcejs.unsl.edu.ar\/index.php\/wp-json\/wp\/v2\/comments?post=4546"}],"version-history":[{"count":3,"href":"https:\/\/www.fcejs.unsl.edu.ar\/index.php\/wp-json\/wp\/v2\/posts\/4546\/revisions"}],"predecessor-version":[{"id":4554,"href":"https:\/\/www.fcejs.unsl.edu.ar\/index.php\/wp-json\/wp\/v2\/posts\/4546\/revisions\/4554"}],"wp:featuredmedia":[{"embeddable":true,"href":"https:\/\/www.fcejs.unsl.edu.ar\/index.php\/wp-json\/wp\/v2\/media\/4548"}],"wp:attachment":[{"href":"https:\/\/www.fcejs.unsl.edu.ar\/index.php\/wp-json\/wp\/v2\/media?parent=4546"}],"wp:term":[{"taxonomy":"category","embeddable":true,"href":"https:\/\/www.fcejs.unsl.edu.ar\/index.php\/wp-json\/wp\/v2\/categories?post=4546"},{"taxonomy":"post_tag","embeddable":true,"href":"https:\/\/www.fcejs.unsl.edu.ar\/index.php\/wp-json\/wp\/v2\/tags?post=4546"}],"curies":[{"name":"wp","href":"https:\/\/api.w.org\/{rel}","templated":true}]}}