{"id":4540,"date":"2021-07-29T09:42:31","date_gmt":"2021-07-29T12:42:31","guid":{"rendered":"http:\/\/10.101.10.197\/www\/?p=4540"},"modified":"2021-09-15T08:52:02","modified_gmt":"2021-09-15T11:52:02","slug":"primeras-jornadas-internacionales-de-conocimiento-cientifico-tecnico-y-cuarto-seminario-en-desarrollo-territorial-y-agregado-de-valor","status":"publish","type":"post","link":"https:\/\/www.fcejs.unsl.edu.ar\/index.php\/primeras-jornadas-internacionales-de-conocimiento-cientifico-tecnico-y-cuarto-seminario-en-desarrollo-territorial-y-agregado-de-valor\/","title":{"rendered":"Primeras Jornadas Internacionales de Conocimiento Cient\u00edfico T\u00e9cnico y Cuarto Seminario en Desarrollo Territorial y Agregado de Valor"},"content":{"rendered":"<p>La Secretar\u00eda de Investigaci\u00f3n y Posgrado informa que durante los d\u00edas 9 y 10 de septiembre de 2021 se realizar\u00e1n las \u201cPrimeras Jornadas Internacionales de Conocimiento Cient\u00edfico T\u00e9cnico y Cuarto Seminario en Desarrollo Territorial y Agregado de Valor \u2013 Lema: Desarrollo Sostenible y Territorialidad\u201d.<\/p>\n<p>Estas instancias surgen a partir de la iniciativa de equipos de investigaci\u00f3n de universidades iberoamericanas con el objetivo de promover un espacio de intercambio de conocimiento cient\u00edfico, tecnol\u00f3gico y difundir la producci\u00f3n cient\u00edfica en \u00e1mbitos acad\u00e9micos.<\/p>\n<p>Se podr\u00e1 participar a trav\u00e9s de la presentaci\u00f3n de trabajos de investigaci\u00f3n de car\u00e1cter cient\u00edfico o tecnol\u00f3gico referidos al \u00e1rea disciplinar de incumbencia al Desarrollo Sostenible y Territorio. Dichos trabajos pueden tener distintos grados de avance, lo que comprende tanto investigaciones concluidas como en curso. Se aceptar\u00e1n trabajos originales que no hayan sido objeto de publicaci\u00f3n en revistas ni en otros congresos, jornadas u otros eventos similares. Las presentaciones se realizar\u00e1n en formato de Ponencia. Los becarios pueden presentar sus avances de investigaci\u00f3n, en forma individual, bajo el formato de P\u00f3sters.<\/p>\n<p>Tanto para la presentaci\u00f3n bajo el formato Ponencia o P\u00f3ster, se debe presentar un Resumen Extendido que ser\u00e1 considerado por el Comit\u00e9 Acad\u00e9mico-Evaluador de las Jornadas para efectuar la evaluaci\u00f3n y decidir acerca de la aceptaci\u00f3n de estos.<\/p>\n<p>A continuaci\u00f3n, disponen de los enlaces correspondientes al Proyecto y a la Primera Circular de las Jornadas.<\/p>\n<p>&nbsp;<\/p>\n<h4 style=\"text-align: center;\"><strong><a href=\"https:\/\/www.eco.unrc.edu.ar\/seccion\/2021\/07\/primeras-jornadas-internacionales-de-conocimiento-cientifico-tecnico-y-cuarto-seminario-en-desarrollo-territorial-y-agregado-de-valor-6\/#\" target=\"_blank\" rel=\"noopener\">DESCARGAR<\/a><\/strong><\/h4>\n<p>&nbsp;<\/p>\n","protected":false},"excerpt":{"rendered":"<p>La Secretar\u00eda de Investigaci\u00f3n y Posgrado informa que durante los d\u00edas 9 y 10 de septiembre de 2021 se realizar\u00e1n las \u201cPrimeras Jornadas Internacionales de&hellip;<\/p>\n","protected":false},"author":9,"featured_media":4544,"comment_status":"closed","ping_status":"closed","sticky":false,"template":"","format":"standard","meta":{"om_disable_all_campaigns":false,"_monsterinsights_skip_tracking":false,"_monsterinsights_sitenote_active":false,"_monsterinsights_sitenote_note":"","_monsterinsights_sitenote_category":0,"footnotes":""},"categories":[21],"tags":[],"class_list":["post-4540","post","type-post","status-publish","format-standard","has-post-thumbnail","hentry","category-archivadas"],"yoast_head":"<!-- This site is optimized with the Yoast SEO plugin v27.5 - https:\/\/yoast.com\/product\/yoast-seo-wordpress\/ -->\n<title>Primeras Jornadas Internacionales de Conocimiento Cient\u00edfico T\u00e9cnico y Cuarto Seminario en Desarrollo Territorial y Agregado de Valor - Facultad de Ciencias Econ\u00f3micas, Jur\u00ed\u00addicas y Sociales<\/title>\n<meta name=\"robots\" content=\"index, follow, max-snippet:-1, max-image-preview:large, max-video-preview:-1\" \/>\n<link rel=\"canonical\" href=\"https:\/\/www.fcejs.unsl.edu.ar\/index.php\/primeras-jornadas-internacionales-de-conocimiento-cientifico-tecnico-y-cuarto-seminario-en-desarrollo-territorial-y-agregado-de-valor\/\" \/>\n<meta property=\"og:locale\" content=\"es_ES\" \/>\n<meta property=\"og:type\" content=\"article\" \/>\n<meta property=\"og:title\" content=\"Primeras Jornadas Internacionales de Conocimiento Cient\u00edfico T\u00e9cnico y Cuarto Seminario en Desarrollo Territorial y Agregado de Valor - Facultad de Ciencias Econ\u00f3micas, Jur\u00ed\u00addicas y Sociales\" \/>\n<meta property=\"og:description\" content=\"La Secretar\u00eda de Investigaci\u00f3n y Posgrado informa que durante los d\u00edas 9 y 10 de septiembre de 2021 se realizar\u00e1n las \u201cPrimeras Jornadas Internacionales de&hellip;\" \/>\n<meta property=\"og:url\" content=\"https:\/\/www.fcejs.unsl.edu.ar\/index.php\/primeras-jornadas-internacionales-de-conocimiento-cientifico-tecnico-y-cuarto-seminario-en-desarrollo-territorial-y-agregado-de-valor\/\" \/>\n<meta property=\"og:site_name\" content=\"Facultad de Ciencias Econ\u00f3micas, Jur\u00ed\u00addicas y Sociales\" \/>\n<meta property=\"article:publisher\" content=\"https:\/\/www.facebook.com\/FCEJS.UNSL\/\" \/>\n<meta property=\"article:published_time\" content=\"2021-07-29T12:42:31+00:00\" \/>\n<meta property=\"article:modified_time\" content=\"2021-09-15T11:52:02+00:00\" \/>\n<meta property=\"og:image\" content=\"https:\/\/www.fcejs.unsl.edu.ar\/wp-content\/uploads\/2021\/07\/joicc-21.jpg\" \/>\n\t<meta property=\"og:image:width\" content=\"1152\" \/>\n\t<meta property=\"og:image:height\" content=\"647\" \/>\n\t<meta property=\"og:image:type\" content=\"image\/jpeg\" \/>\n<meta name=\"author\" content=\"DATI\" \/>\n<meta name=\"twitter:card\" content=\"summary_large_image\" \/>\n<meta name=\"twitter:creator\" content=\"@FCEJSUNSL\" \/>\n<meta name=\"twitter:site\" content=\"@FCEJSUNSL\" \/>\n<meta name=\"twitter:label1\" content=\"Escrito por\" \/>\n\t<meta name=\"twitter:data1\" content=\"DATI\" \/>\n\t<meta name=\"twitter:label2\" content=\"Tiempo de lectura\" \/>\n\t<meta name=\"twitter:data2\" content=\"1 minuto\" \/>\n<script type=\"application\/ld+json\" class=\"yoast-schema-graph\">{\"@context\":\"https:\\\/\\\/schema.org\",\"@graph\":[{\"@type\":\"Article\",\"@id\":\"https:\\\/\\\/www.fcejs.unsl.edu.ar\\\/index.php\\\/primeras-jornadas-internacionales-de-conocimiento-cientifico-tecnico-y-cuarto-seminario-en-desarrollo-territorial-y-agregado-de-valor\\\/#article\",\"isPartOf\":{\"@id\":\"https:\\\/\\\/www.fcejs.unsl.edu.ar\\\/index.php\\\/primeras-jornadas-internacionales-de-conocimiento-cientifico-tecnico-y-cuarto-seminario-en-desarrollo-territorial-y-agregado-de-valor\\\/\"},\"author\":{\"name\":\"DATI\",\"@id\":\"https:\\\/\\\/www.fcejs.unsl.edu.ar\\\/#\\\/schema\\\/person\\\/352ee6ed90c3f394c7cb5945f8956d34\"},\"headline\":\"Primeras Jornadas Internacionales de Conocimiento Cient\u00edfico T\u00e9cnico y Cuarto Seminario en Desarrollo Territorial y Agregado de Valor\",\"datePublished\":\"2021-07-29T12:42:31+00:00\",\"dateModified\":\"2021-09-15T11:52:02+00:00\",\"mainEntityOfPage\":{\"@id\":\"https:\\\/\\\/www.fcejs.unsl.edu.ar\\\/index.php\\\/primeras-jornadas-internacionales-de-conocimiento-cientifico-tecnico-y-cuarto-seminario-en-desarrollo-territorial-y-agregado-de-valor\\\/\"},\"wordCount\":273,\"publisher\":{\"@id\":\"https:\\\/\\\/www.fcejs.unsl.edu.ar\\\/#organization\"},\"image\":{\"@id\":\"https:\\\/\\\/www.fcejs.unsl.edu.ar\\\/index.php\\\/primeras-jornadas-internacionales-de-conocimiento-cientifico-tecnico-y-cuarto-seminario-en-desarrollo-territorial-y-agregado-de-valor\\\/#primaryimage\"},\"thumbnailUrl\":\"https:\\\/\\\/www.fcejs.unsl.edu.ar\\\/wp-content\\\/uploads\\\/2021\\\/07\\\/joicc-21.jpg\",\"articleSection\":[\"Archivadas\"],\"inLanguage\":\"es-AR\"},{\"@type\":\"WebPage\",\"@id\":\"https:\\\/\\\/www.fcejs.unsl.edu.ar\\\/index.php\\\/primeras-jornadas-internacionales-de-conocimiento-cientifico-tecnico-y-cuarto-seminario-en-desarrollo-territorial-y-agregado-de-valor\\\/\",\"url\":\"https:\\\/\\\/www.fcejs.unsl.edu.ar\\\/index.php\\\/primeras-jornadas-internacionales-de-conocimiento-cientifico-tecnico-y-cuarto-seminario-en-desarrollo-territorial-y-agregado-de-valor\\\/\",\"name\":\"Primeras Jornadas Internacionales de Conocimiento Cient\u00edfico T\u00e9cnico y Cuarto Seminario en Desarrollo Territorial y Agregado de Valor - Facultad de Ciencias Econ\u00f3micas, Jur\u00ed\u00addicas y Sociales\",\"isPartOf\":{\"@id\":\"https:\\\/\\\/www.fcejs.unsl.edu.ar\\\/#website\"},\"primaryImageOfPage\":{\"@id\":\"https:\\\/\\\/www.fcejs.unsl.edu.ar\\\/index.php\\\/primeras-jornadas-internacionales-de-conocimiento-cientifico-tecnico-y-cuarto-seminario-en-desarrollo-territorial-y-agregado-de-valor\\\/#primaryimage\"},\"image\":{\"@id\":\"https:\\\/\\\/www.fcejs.unsl.edu.ar\\\/index.php\\\/primeras-jornadas-internacionales-de-conocimiento-cientifico-tecnico-y-cuarto-seminario-en-desarrollo-territorial-y-agregado-de-valor\\\/#primaryimage\"},\"thumbnailUrl\":\"https:\\\/\\\/www.fcejs.unsl.edu.ar\\\/wp-content\\\/uploads\\\/2021\\\/07\\\/joicc-21.jpg\",\"datePublished\":\"2021-07-29T12:42:31+00:00\",\"dateModified\":\"2021-09-15T11:52:02+00:00\",\"breadcrumb\":{\"@id\":\"https:\\\/\\\/www.fcejs.unsl.edu.ar\\\/index.php\\\/primeras-jornadas-internacionales-de-conocimiento-cientifico-tecnico-y-cuarto-seminario-en-desarrollo-territorial-y-agregado-de-valor\\\/#breadcrumb\"},\"inLanguage\":\"es-AR\",\"potentialAction\":[{\"@type\":\"ReadAction\",\"target\":[\"https:\\\/\\\/www.fcejs.unsl.edu.ar\\\/index.php\\\/primeras-jornadas-internacionales-de-conocimiento-cientifico-tecnico-y-cuarto-seminario-en-desarrollo-territorial-y-agregado-de-valor\\\/\"]}]},{\"@type\":\"ImageObject\",\"inLanguage\":\"es-AR\",\"@id\":\"https:\\\/\\\/www.fcejs.unsl.edu.ar\\\/index.php\\\/primeras-jornadas-internacionales-de-conocimiento-cientifico-tecnico-y-cuarto-seminario-en-desarrollo-territorial-y-agregado-de-valor\\\/#primaryimage\",\"url\":\"https:\\\/\\\/www.fcejs.unsl.edu.ar\\\/wp-content\\\/uploads\\\/2021\\\/07\\\/joicc-21.jpg\",\"contentUrl\":\"https:\\\/\\\/www.fcejs.unsl.edu.ar\\\/wp-content\\\/uploads\\\/2021\\\/07\\\/joicc-21.jpg\",\"width\":1152,\"height\":647},{\"@type\":\"BreadcrumbList\",\"@id\":\"https:\\\/\\\/www.fcejs.unsl.edu.ar\\\/index.php\\\/primeras-jornadas-internacionales-de-conocimiento-cientifico-tecnico-y-cuarto-seminario-en-desarrollo-territorial-y-agregado-de-valor\\\/#breadcrumb\",\"itemListElement\":[{\"@type\":\"ListItem\",\"position\":1,\"name\":\"Inicio\",\"item\":\"https:\\\/\\\/www.fcejs.unsl.edu.ar\\\/\"},{\"@type\":\"ListItem\",\"position\":2,\"name\":\"Primeras Jornadas Internacionales de Conocimiento Cient\u00edfico T\u00e9cnico y Cuarto Seminario en Desarrollo Territorial y Agregado de Valor\"}]},{\"@type\":\"WebSite\",\"@id\":\"https:\\\/\\\/www.fcejs.unsl.edu.ar\\\/#website\",\"url\":\"https:\\\/\\\/www.fcejs.unsl.edu.ar\\\/\",\"name\":\"Facultad de Ciencias Econ\u00f3micas, Jur\u00ed\u00addicas y Sociales\",\"description\":\"\",\"publisher\":{\"@id\":\"https:\\\/\\\/www.fcejs.unsl.edu.ar\\\/#organization\"},\"potentialAction\":[{\"@type\":\"SearchAction\",\"target\":{\"@type\":\"EntryPoint\",\"urlTemplate\":\"https:\\\/\\\/www.fcejs.unsl.edu.ar\\\/?s={search_term_string}\"},\"query-input\":{\"@type\":\"PropertyValueSpecification\",\"valueRequired\":true,\"valueName\":\"search_term_string\"}}],\"inLanguage\":\"es-AR\"},{\"@type\":\"Organization\",\"@id\":\"https:\\\/\\\/www.fcejs.unsl.edu.ar\\\/#organization\",\"name\":\"Facultad de Ciencias Econ\u00f3micas, Jur\u00eddicas y Sociales\",\"url\":\"https:\\\/\\\/www.fcejs.unsl.edu.ar\\\/\",\"logo\":{\"@type\":\"ImageObject\",\"inLanguage\":\"es-AR\",\"@id\":\"https:\\\/\\\/www.fcejs.unsl.edu.ar\\\/#\\\/schema\\\/logo\\\/image\\\/\",\"url\":\"https:\\\/\\\/www.fcejs.unsl.edu.ar\\\/wp-content\\\/uploads\\\/2021\\\/03\\\/logo-1.jpg\",\"contentUrl\":\"https:\\\/\\\/www.fcejs.unsl.edu.ar\\\/wp-content\\\/uploads\\\/2021\\\/03\\\/logo-1.jpg\",\"width\":471,\"height\":146,\"caption\":\"Facultad de Ciencias Econ\u00f3micas, Jur\u00eddicas y Sociales\"},\"image\":{\"@id\":\"https:\\\/\\\/www.fcejs.unsl.edu.ar\\\/#\\\/schema\\\/logo\\\/image\\\/\"},\"sameAs\":[\"https:\\\/\\\/www.facebook.com\\\/FCEJS.UNSL\\\/\",\"https:\\\/\\\/x.com\\\/FCEJSUNSL\",\"https:\\\/\\\/www.instagram.com\\\/fcejs.unsl\\\/\",\"https:\\\/\\\/www.youtube.com\\\/channel\\\/UCH-Ut6EaN_X5ogjIQMPe46g\\\/\"]},{\"@type\":\"Person\",\"@id\":\"https:\\\/\\\/www.fcejs.unsl.edu.ar\\\/#\\\/schema\\\/person\\\/352ee6ed90c3f394c7cb5945f8956d34\",\"name\":\"DATI\"}]}<\/script>\n<!-- \/ Yoast SEO plugin. -->","yoast_head_json":{"title":"Primeras Jornadas Internacionales de Conocimiento Cient\u00edfico T\u00e9cnico y Cuarto Seminario en Desarrollo Territorial y Agregado de Valor - Facultad de Ciencias Econ\u00f3micas, Jur\u00ed\u00addicas y Sociales","robots":{"index":"index","follow":"follow","max-snippet":"max-snippet:-1","max-image-preview":"max-image-preview:large","max-video-preview":"max-video-preview:-1"},"canonical":"https:\/\/www.fcejs.unsl.edu.ar\/index.php\/primeras-jornadas-internacionales-de-conocimiento-cientifico-tecnico-y-cuarto-seminario-en-desarrollo-territorial-y-agregado-de-valor\/","og_locale":"es_ES","og_type":"article","og_title":"Primeras Jornadas Internacionales de Conocimiento Cient\u00edfico T\u00e9cnico y Cuarto Seminario en Desarrollo Territorial y Agregado de Valor - Facultad de Ciencias Econ\u00f3micas, Jur\u00ed\u00addicas y Sociales","og_description":"La Secretar\u00eda de Investigaci\u00f3n y Posgrado informa que durante los d\u00edas 9 y 10 de septiembre de 2021 se realizar\u00e1n las \u201cPrimeras Jornadas Internacionales de&hellip;","og_url":"https:\/\/www.fcejs.unsl.edu.ar\/index.php\/primeras-jornadas-internacionales-de-conocimiento-cientifico-tecnico-y-cuarto-seminario-en-desarrollo-territorial-y-agregado-de-valor\/","og_site_name":"Facultad de Ciencias Econ\u00f3micas, Jur\u00ed\u00addicas y Sociales","article_publisher":"https:\/\/www.facebook.com\/FCEJS.UNSL\/","article_published_time":"2021-07-29T12:42:31+00:00","article_modified_time":"2021-09-15T11:52:02+00:00","og_image":[{"width":1152,"height":647,"url":"https:\/\/www.fcejs.unsl.edu.ar\/wp-content\/uploads\/2021\/07\/joicc-21.jpg","type":"image\/jpeg"}],"author":"DATI","twitter_card":"summary_large_image","twitter_creator":"@FCEJSUNSL","twitter_site":"@FCEJSUNSL","twitter_misc":{"Escrito por":"DATI","Tiempo de lectura":"1 minuto"},"schema":{"@context":"https:\/\/schema.org","@graph":[{"@type":"Article","@id":"https:\/\/www.fcejs.unsl.edu.ar\/index.php\/primeras-jornadas-internacionales-de-conocimiento-cientifico-tecnico-y-cuarto-seminario-en-desarrollo-territorial-y-agregado-de-valor\/#article","isPartOf":{"@id":"https:\/\/www.fcejs.unsl.edu.ar\/index.php\/primeras-jornadas-internacionales-de-conocimiento-cientifico-tecnico-y-cuarto-seminario-en-desarrollo-territorial-y-agregado-de-valor\/"},"author":{"name":"DATI","@id":"https:\/\/www.fcejs.unsl.edu.ar\/#\/schema\/person\/352ee6ed90c3f394c7cb5945f8956d34"},"headline":"Primeras Jornadas Internacionales de Conocimiento Cient\u00edfico T\u00e9cnico y Cuarto Seminario en Desarrollo Territorial y Agregado de Valor","datePublished":"2021-07-29T12:42:31+00:00","dateModified":"2021-09-15T11:52:02+00:00","mainEntityOfPage":{"@id":"https:\/\/www.fcejs.unsl.edu.ar\/index.php\/primeras-jornadas-internacionales-de-conocimiento-cientifico-tecnico-y-cuarto-seminario-en-desarrollo-territorial-y-agregado-de-valor\/"},"wordCount":273,"publisher":{"@id":"https:\/\/www.fcejs.unsl.edu.ar\/#organization"},"image":{"@id":"https:\/\/www.fcejs.unsl.edu.ar\/index.php\/primeras-jornadas-internacionales-de-conocimiento-cientifico-tecnico-y-cuarto-seminario-en-desarrollo-territorial-y-agregado-de-valor\/#primaryimage"},"thumbnailUrl":"https:\/\/www.fcejs.unsl.edu.ar\/wp-content\/uploads\/2021\/07\/joicc-21.jpg","articleSection":["Archivadas"],"inLanguage":"es-AR"},{"@type":"WebPage","@id":"https:\/\/www.fcejs.unsl.edu.ar\/index.php\/primeras-jornadas-internacionales-de-conocimiento-cientifico-tecnico-y-cuarto-seminario-en-desarrollo-territorial-y-agregado-de-valor\/","url":"https:\/\/www.fcejs.unsl.edu.ar\/index.php\/primeras-jornadas-internacionales-de-conocimiento-cientifico-tecnico-y-cuarto-seminario-en-desarrollo-territorial-y-agregado-de-valor\/","name":"Primeras Jornadas Internacionales de Conocimiento Cient\u00edfico T\u00e9cnico y Cuarto Seminario en Desarrollo Territorial y Agregado de Valor - Facultad de Ciencias Econ\u00f3micas, Jur\u00ed\u00addicas y Sociales","isPartOf":{"@id":"https:\/\/www.fcejs.unsl.edu.ar\/#website"},"primaryImageOfPage":{"@id":"https:\/\/www.fcejs.unsl.edu.ar\/index.php\/primeras-jornadas-internacionales-de-conocimiento-cientifico-tecnico-y-cuarto-seminario-en-desarrollo-territorial-y-agregado-de-valor\/#primaryimage"},"image":{"@id":"https:\/\/www.fcejs.unsl.edu.ar\/index.php\/primeras-jornadas-internacionales-de-conocimiento-cientifico-tecnico-y-cuarto-seminario-en-desarrollo-territorial-y-agregado-de-valor\/#primaryimage"},"thumbnailUrl":"https:\/\/www.fcejs.unsl.edu.ar\/wp-content\/uploads\/2021\/07\/joicc-21.jpg","datePublished":"2021-07-29T12:42:31+00:00","dateModified":"2021-09-15T11:52:02+00:00","breadcrumb":{"@id":"https:\/\/www.fcejs.unsl.edu.ar\/index.php\/primeras-jornadas-internacionales-de-conocimiento-cientifico-tecnico-y-cuarto-seminario-en-desarrollo-territorial-y-agregado-de-valor\/#breadcrumb"},"inLanguage":"es-AR","potentialAction":[{"@type":"ReadAction","target":["https:\/\/www.fcejs.unsl.edu.ar\/index.php\/primeras-jornadas-internacionales-de-conocimiento-cientifico-tecnico-y-cuarto-seminario-en-desarrollo-territorial-y-agregado-de-valor\/"]}]},{"@type":"ImageObject","inLanguage":"es-AR","@id":"https:\/\/www.fcejs.unsl.edu.ar\/index.php\/primeras-jornadas-internacionales-de-conocimiento-cientifico-tecnico-y-cuarto-seminario-en-desarrollo-territorial-y-agregado-de-valor\/#primaryimage","url":"https:\/\/www.fcejs.unsl.edu.ar\/wp-content\/uploads\/2021\/07\/joicc-21.jpg","contentUrl":"https:\/\/www.fcejs.unsl.edu.ar\/wp-content\/uploads\/2021\/07\/joicc-21.jpg","width":1152,"height":647},{"@type":"BreadcrumbList","@id":"https:\/\/www.fcejs.unsl.edu.ar\/index.php\/primeras-jornadas-internacionales-de-conocimiento-cientifico-tecnico-y-cuarto-seminario-en-desarrollo-territorial-y-agregado-de-valor\/#breadcrumb","itemListElement":[{"@type":"ListItem","position":1,"name":"Inicio","item":"https:\/\/www.fcejs.unsl.edu.ar\/"},{"@type":"ListItem","position":2,"name":"Primeras Jornadas Internacionales de Conocimiento Cient\u00edfico T\u00e9cnico y Cuarto Seminario en Desarrollo Territorial y Agregado de Valor"}]},{"@type":"WebSite","@id":"https:\/\/www.fcejs.unsl.edu.ar\/#website","url":"https:\/\/www.fcejs.unsl.edu.ar\/","name":"Facultad de Ciencias Econ\u00f3micas, Jur\u00ed\u00addicas y Sociales","description":"","publisher":{"@id":"https:\/\/www.fcejs.unsl.edu.ar\/#organization"},"potentialAction":[{"@type":"SearchAction","target":{"@type":"EntryPoint","urlTemplate":"https:\/\/www.fcejs.unsl.edu.ar\/?s={search_term_string}"},"query-input":{"@type":"PropertyValueSpecification","valueRequired":true,"valueName":"search_term_string"}}],"inLanguage":"es-AR"},{"@type":"Organization","@id":"https:\/\/www.fcejs.unsl.edu.ar\/#organization","name":"Facultad de Ciencias Econ\u00f3micas, Jur\u00eddicas y Sociales","url":"https:\/\/www.fcejs.unsl.edu.ar\/","logo":{"@type":"ImageObject","inLanguage":"es-AR","@id":"https:\/\/www.fcejs.unsl.edu.ar\/#\/schema\/logo\/image\/","url":"https:\/\/www.fcejs.unsl.edu.ar\/wp-content\/uploads\/2021\/03\/logo-1.jpg","contentUrl":"https:\/\/www.fcejs.unsl.edu.ar\/wp-content\/uploads\/2021\/03\/logo-1.jpg","width":471,"height":146,"caption":"Facultad de Ciencias Econ\u00f3micas, Jur\u00eddicas y Sociales"},"image":{"@id":"https:\/\/www.fcejs.unsl.edu.ar\/#\/schema\/logo\/image\/"},"sameAs":["https:\/\/www.facebook.com\/FCEJS.UNSL\/","https:\/\/x.com\/FCEJSUNSL","https:\/\/www.instagram.com\/fcejs.unsl\/","https:\/\/www.youtube.com\/channel\/UCH-Ut6EaN_X5ogjIQMPe46g\/"]},{"@type":"Person","@id":"https:\/\/www.fcejs.unsl.edu.ar\/#\/schema\/person\/352ee6ed90c3f394c7cb5945f8956d34","name":"DATI"}]}},"jetpack_featured_media_url":"https:\/\/www.fcejs.unsl.edu.ar\/wp-content\/uploads\/2021\/07\/joicc-21.jpg","_links":{"self":[{"href":"https:\/\/www.fcejs.unsl.edu.ar\/index.php\/wp-json\/wp\/v2\/posts\/4540","targetHints":{"allow":["GET"]}}],"collection":[{"href":"https:\/\/www.fcejs.unsl.edu.ar\/index.php\/wp-json\/wp\/v2\/posts"}],"about":[{"href":"https:\/\/www.fcejs.unsl.edu.ar\/index.php\/wp-json\/wp\/v2\/types\/post"}],"author":[{"embeddable":true,"href":"https:\/\/www.fcejs.unsl.edu.ar\/index.php\/wp-json\/wp\/v2\/users\/9"}],"replies":[{"embeddable":true,"href":"https:\/\/www.fcejs.unsl.edu.ar\/index.php\/wp-json\/wp\/v2\/comments?post=4540"}],"version-history":[{"count":2,"href":"https:\/\/www.fcejs.unsl.edu.ar\/index.php\/wp-json\/wp\/v2\/posts\/4540\/revisions"}],"predecessor-version":[{"id":4545,"href":"https:\/\/www.fcejs.unsl.edu.ar\/index.php\/wp-json\/wp\/v2\/posts\/4540\/revisions\/4545"}],"wp:featuredmedia":[{"embeddable":true,"href":"https:\/\/www.fcejs.unsl.edu.ar\/index.php\/wp-json\/wp\/v2\/media\/4544"}],"wp:attachment":[{"href":"https:\/\/www.fcejs.unsl.edu.ar\/index.php\/wp-json\/wp\/v2\/media?parent=4540"}],"wp:term":[{"taxonomy":"category","embeddable":true,"href":"https:\/\/www.fcejs.unsl.edu.ar\/index.php\/wp-json\/wp\/v2\/categories?post=4540"},{"taxonomy":"post_tag","embeddable":true,"href":"https:\/\/www.fcejs.unsl.edu.ar\/index.php\/wp-json\/wp\/v2\/tags?post=4540"}],"curies":[{"name":"wp","href":"https:\/\/api.w.org\/{rel}","templated":true}]}}