{"id":4445,"date":"2021-07-09T11:33:44","date_gmt":"2021-07-09T14:33:44","guid":{"rendered":"http:\/\/10.101.10.197\/www\/?p=4445"},"modified":"2021-08-02T09:17:57","modified_gmt":"2021-08-02T12:17:57","slug":"centro-de-pensamiento-critico-pedro-paz-jornada-de-evaluacion-del-ciclo-de-talleres-2021","status":"publish","type":"post","link":"https:\/\/www.fcejs.unsl.edu.ar\/index.php\/centro-de-pensamiento-critico-pedro-paz-jornada-de-evaluacion-del-ciclo-de-talleres-2021\/","title":{"rendered":"Centro de Pensamiento Cr\u00edtico Pedro Paz: &#8220;Jornada de Evaluaci\u00f3n del Ciclo de Talleres 2021&#8221;"},"content":{"rendered":"<p>El Centro de Pensamiento Cr\u00edtico Pedro Paz informa que se llevar\u00e1 a cabo, de forma virtual, el d\u00eda martes 13 de julio de 2021 a las 9h una Jornada de Evaluaci\u00f3n del Ciclo de Talleres 2021, donde participar\u00e1n Beatriz Rajland, Julio Gambina y Patricia Collado, integrantes del Comit\u00e9 Acad\u00e9mico de la Especializaci\u00f3n en Estudios Socioecon\u00f3micos Latinoamericanos.<\/p>\n<p>Se realizar\u00e1 a trav\u00e9s de la plataforma Google Meet, pudiendo seguirse la actividad por Facebook y canal de YouTube del CPC Pedro Paz.<\/p>\n<p>Para mayor informaci\u00f3n e inscripciones escribir al siguiente correo electr\u00f3nico: enriqueelorza@gmail.com.<\/p>\n<p><img fetchpriority=\"high\" decoding=\"async\" class=\"aligncenter wp-image-4447 size-full\" src=\"https:\/\/www.fcejs.unsl.edu.ar\/wp-content\/uploads\/2021\/07\/1-1.jpeg\" alt=\"\" width=\"650\" height=\"977\" srcset=\"https:\/\/www.fcejs.unsl.edu.ar\/wp-content\/uploads\/2021\/07\/1-1.jpeg 650w, https:\/\/www.fcejs.unsl.edu.ar\/wp-content\/uploads\/2021\/07\/1-1-200x300.jpeg 200w\" sizes=\"(max-width: 650px) 100vw, 650px\" \/><\/p>\n","protected":false},"excerpt":{"rendered":"<p>El Centro de Pensamiento Cr\u00edtico Pedro Paz informa que se llevar\u00e1 a cabo, de forma virtual, el d\u00eda martes 13 de julio de 2021 a&hellip;<\/p>\n","protected":false},"author":9,"featured_media":4463,"comment_status":"closed","ping_status":"closed","sticky":false,"template":"","format":"standard","meta":{"om_disable_all_campaigns":false,"_monsterinsights_skip_tracking":false,"_monsterinsights_sitenote_active":false,"_monsterinsights_sitenote_note":"","_monsterinsights_sitenote_category":0,"footnotes":""},"categories":[21],"tags":[],"class_list":["post-4445","post","type-post","status-publish","format-standard","has-post-thumbnail","hentry","category-archivadas"],"yoast_head":"<!-- This site is optimized with the Yoast SEO plugin v27.5 - https:\/\/yoast.com\/product\/yoast-seo-wordpress\/ -->\n<title>Centro de Pensamiento Cr\u00edtico Pedro Paz: &quot;Jornada de Evaluaci\u00f3n del Ciclo de Talleres 2021&quot; - Facultad de Ciencias Econ\u00f3micas, Jur\u00ed\u00addicas y Sociales<\/title>\n<meta name=\"robots\" content=\"index, follow, max-snippet:-1, max-image-preview:large, max-video-preview:-1\" \/>\n<link rel=\"canonical\" href=\"https:\/\/www.fcejs.unsl.edu.ar\/index.php\/centro-de-pensamiento-critico-pedro-paz-jornada-de-evaluacion-del-ciclo-de-talleres-2021\/\" \/>\n<meta property=\"og:locale\" content=\"es_ES\" \/>\n<meta property=\"og:type\" content=\"article\" \/>\n<meta property=\"og:title\" content=\"Centro de Pensamiento Cr\u00edtico Pedro Paz: &quot;Jornada de Evaluaci\u00f3n del Ciclo de Talleres 2021&quot; - Facultad de Ciencias Econ\u00f3micas, Jur\u00ed\u00addicas y Sociales\" \/>\n<meta property=\"og:description\" content=\"El Centro de Pensamiento Cr\u00edtico Pedro Paz informa que se llevar\u00e1 a cabo, de forma virtual, el d\u00eda martes 13 de julio de 2021 a&hellip;\" \/>\n<meta property=\"og:url\" content=\"https:\/\/www.fcejs.unsl.edu.ar\/index.php\/centro-de-pensamiento-critico-pedro-paz-jornada-de-evaluacion-del-ciclo-de-talleres-2021\/\" \/>\n<meta property=\"og:site_name\" content=\"Facultad de Ciencias Econ\u00f3micas, Jur\u00ed\u00addicas y Sociales\" \/>\n<meta property=\"article:publisher\" content=\"https:\/\/www.facebook.com\/FCEJS.UNSL\/\" \/>\n<meta property=\"article:published_time\" content=\"2021-07-09T14:33:44+00:00\" \/>\n<meta property=\"article:modified_time\" content=\"2021-08-02T12:17:57+00:00\" \/>\n<meta property=\"og:image\" content=\"https:\/\/www.fcejs.unsl.edu.ar\/wp-content\/uploads\/2021\/07\/10mo-encuentro-front.jpg\" \/>\n\t<meta property=\"og:image:width\" content=\"1020\" \/>\n\t<meta property=\"og:image:height\" content=\"600\" \/>\n\t<meta property=\"og:image:type\" content=\"image\/jpeg\" \/>\n<meta name=\"author\" content=\"DATI\" \/>\n<meta name=\"twitter:card\" content=\"summary_large_image\" \/>\n<meta name=\"twitter:creator\" content=\"@FCEJSUNSL\" \/>\n<meta name=\"twitter:site\" content=\"@FCEJSUNSL\" \/>\n<meta name=\"twitter:label1\" content=\"Escrito por\" \/>\n\t<meta name=\"twitter:data1\" content=\"DATI\" \/>\n\t<meta name=\"twitter:label2\" content=\"Tiempo de lectura\" \/>\n\t<meta name=\"twitter:data2\" content=\"1 minuto\" \/>\n<script type=\"application\/ld+json\" class=\"yoast-schema-graph\">{\"@context\":\"https:\\\/\\\/schema.org\",\"@graph\":[{\"@type\":\"Article\",\"@id\":\"https:\\\/\\\/www.fcejs.unsl.edu.ar\\\/index.php\\\/centro-de-pensamiento-critico-pedro-paz-jornada-de-evaluacion-del-ciclo-de-talleres-2021\\\/#article\",\"isPartOf\":{\"@id\":\"https:\\\/\\\/www.fcejs.unsl.edu.ar\\\/index.php\\\/centro-de-pensamiento-critico-pedro-paz-jornada-de-evaluacion-del-ciclo-de-talleres-2021\\\/\"},\"author\":{\"name\":\"DATI\",\"@id\":\"https:\\\/\\\/www.fcejs.unsl.edu.ar\\\/#\\\/schema\\\/person\\\/352ee6ed90c3f394c7cb5945f8956d34\"},\"headline\":\"Centro de Pensamiento Cr\u00edtico Pedro Paz: &#8220;Jornada de Evaluaci\u00f3n del Ciclo de Talleres 2021&#8221;\",\"datePublished\":\"2021-07-09T14:33:44+00:00\",\"dateModified\":\"2021-08-02T12:17:57+00:00\",\"mainEntityOfPage\":{\"@id\":\"https:\\\/\\\/www.fcejs.unsl.edu.ar\\\/index.php\\\/centro-de-pensamiento-critico-pedro-paz-jornada-de-evaluacion-del-ciclo-de-talleres-2021\\\/\"},\"wordCount\":114,\"publisher\":{\"@id\":\"https:\\\/\\\/www.fcejs.unsl.edu.ar\\\/#organization\"},\"image\":{\"@id\":\"https:\\\/\\\/www.fcejs.unsl.edu.ar\\\/index.php\\\/centro-de-pensamiento-critico-pedro-paz-jornada-de-evaluacion-del-ciclo-de-talleres-2021\\\/#primaryimage\"},\"thumbnailUrl\":\"https:\\\/\\\/www.fcejs.unsl.edu.ar\\\/wp-content\\\/uploads\\\/2021\\\/07\\\/10mo-encuentro-front.jpg\",\"articleSection\":[\"Archivadas\"],\"inLanguage\":\"es-AR\"},{\"@type\":\"WebPage\",\"@id\":\"https:\\\/\\\/www.fcejs.unsl.edu.ar\\\/index.php\\\/centro-de-pensamiento-critico-pedro-paz-jornada-de-evaluacion-del-ciclo-de-talleres-2021\\\/\",\"url\":\"https:\\\/\\\/www.fcejs.unsl.edu.ar\\\/index.php\\\/centro-de-pensamiento-critico-pedro-paz-jornada-de-evaluacion-del-ciclo-de-talleres-2021\\\/\",\"name\":\"Centro de Pensamiento Cr\u00edtico Pedro Paz: \\\"Jornada de Evaluaci\u00f3n del Ciclo de Talleres 2021\\\" - Facultad de Ciencias Econ\u00f3micas, Jur\u00ed\u00addicas y Sociales\",\"isPartOf\":{\"@id\":\"https:\\\/\\\/www.fcejs.unsl.edu.ar\\\/#website\"},\"primaryImageOfPage\":{\"@id\":\"https:\\\/\\\/www.fcejs.unsl.edu.ar\\\/index.php\\\/centro-de-pensamiento-critico-pedro-paz-jornada-de-evaluacion-del-ciclo-de-talleres-2021\\\/#primaryimage\"},\"image\":{\"@id\":\"https:\\\/\\\/www.fcejs.unsl.edu.ar\\\/index.php\\\/centro-de-pensamiento-critico-pedro-paz-jornada-de-evaluacion-del-ciclo-de-talleres-2021\\\/#primaryimage\"},\"thumbnailUrl\":\"https:\\\/\\\/www.fcejs.unsl.edu.ar\\\/wp-content\\\/uploads\\\/2021\\\/07\\\/10mo-encuentro-front.jpg\",\"datePublished\":\"2021-07-09T14:33:44+00:00\",\"dateModified\":\"2021-08-02T12:17:57+00:00\",\"breadcrumb\":{\"@id\":\"https:\\\/\\\/www.fcejs.unsl.edu.ar\\\/index.php\\\/centro-de-pensamiento-critico-pedro-paz-jornada-de-evaluacion-del-ciclo-de-talleres-2021\\\/#breadcrumb\"},\"inLanguage\":\"es-AR\",\"potentialAction\":[{\"@type\":\"ReadAction\",\"target\":[\"https:\\\/\\\/www.fcejs.unsl.edu.ar\\\/index.php\\\/centro-de-pensamiento-critico-pedro-paz-jornada-de-evaluacion-del-ciclo-de-talleres-2021\\\/\"]}]},{\"@type\":\"ImageObject\",\"inLanguage\":\"es-AR\",\"@id\":\"https:\\\/\\\/www.fcejs.unsl.edu.ar\\\/index.php\\\/centro-de-pensamiento-critico-pedro-paz-jornada-de-evaluacion-del-ciclo-de-talleres-2021\\\/#primaryimage\",\"url\":\"https:\\\/\\\/www.fcejs.unsl.edu.ar\\\/wp-content\\\/uploads\\\/2021\\\/07\\\/10mo-encuentro-front.jpg\",\"contentUrl\":\"https:\\\/\\\/www.fcejs.unsl.edu.ar\\\/wp-content\\\/uploads\\\/2021\\\/07\\\/10mo-encuentro-front.jpg\",\"width\":1020,\"height\":600},{\"@type\":\"BreadcrumbList\",\"@id\":\"https:\\\/\\\/www.fcejs.unsl.edu.ar\\\/index.php\\\/centro-de-pensamiento-critico-pedro-paz-jornada-de-evaluacion-del-ciclo-de-talleres-2021\\\/#breadcrumb\",\"itemListElement\":[{\"@type\":\"ListItem\",\"position\":1,\"name\":\"Inicio\",\"item\":\"https:\\\/\\\/www.fcejs.unsl.edu.ar\\\/\"},{\"@type\":\"ListItem\",\"position\":2,\"name\":\"Centro de Pensamiento Cr\u00edtico Pedro Paz: &#8220;Jornada de Evaluaci\u00f3n del Ciclo de Talleres 2021&#8221;\"}]},{\"@type\":\"WebSite\",\"@id\":\"https:\\\/\\\/www.fcejs.unsl.edu.ar\\\/#website\",\"url\":\"https:\\\/\\\/www.fcejs.unsl.edu.ar\\\/\",\"name\":\"Facultad de Ciencias Econ\u00f3micas, Jur\u00ed\u00addicas y Sociales\",\"description\":\"\",\"publisher\":{\"@id\":\"https:\\\/\\\/www.fcejs.unsl.edu.ar\\\/#organization\"},\"potentialAction\":[{\"@type\":\"SearchAction\",\"target\":{\"@type\":\"EntryPoint\",\"urlTemplate\":\"https:\\\/\\\/www.fcejs.unsl.edu.ar\\\/?s={search_term_string}\"},\"query-input\":{\"@type\":\"PropertyValueSpecification\",\"valueRequired\":true,\"valueName\":\"search_term_string\"}}],\"inLanguage\":\"es-AR\"},{\"@type\":\"Organization\",\"@id\":\"https:\\\/\\\/www.fcejs.unsl.edu.ar\\\/#organization\",\"name\":\"Facultad de Ciencias Econ\u00f3micas, Jur\u00eddicas y Sociales\",\"url\":\"https:\\\/\\\/www.fcejs.unsl.edu.ar\\\/\",\"logo\":{\"@type\":\"ImageObject\",\"inLanguage\":\"es-AR\",\"@id\":\"https:\\\/\\\/www.fcejs.unsl.edu.ar\\\/#\\\/schema\\\/logo\\\/image\\\/\",\"url\":\"https:\\\/\\\/www.fcejs.unsl.edu.ar\\\/wp-content\\\/uploads\\\/2021\\\/03\\\/logo-1.jpg\",\"contentUrl\":\"https:\\\/\\\/www.fcejs.unsl.edu.ar\\\/wp-content\\\/uploads\\\/2021\\\/03\\\/logo-1.jpg\",\"width\":471,\"height\":146,\"caption\":\"Facultad de Ciencias Econ\u00f3micas, Jur\u00eddicas y Sociales\"},\"image\":{\"@id\":\"https:\\\/\\\/www.fcejs.unsl.edu.ar\\\/#\\\/schema\\\/logo\\\/image\\\/\"},\"sameAs\":[\"https:\\\/\\\/www.facebook.com\\\/FCEJS.UNSL\\\/\",\"https:\\\/\\\/x.com\\\/FCEJSUNSL\",\"https:\\\/\\\/www.instagram.com\\\/fcejs.unsl\\\/\",\"https:\\\/\\\/www.youtube.com\\\/channel\\\/UCH-Ut6EaN_X5ogjIQMPe46g\\\/\"]},{\"@type\":\"Person\",\"@id\":\"https:\\\/\\\/www.fcejs.unsl.edu.ar\\\/#\\\/schema\\\/person\\\/352ee6ed90c3f394c7cb5945f8956d34\",\"name\":\"DATI\"}]}<\/script>\n<!-- \/ Yoast SEO plugin. -->","yoast_head_json":{"title":"Centro de Pensamiento Cr\u00edtico Pedro Paz: \"Jornada de Evaluaci\u00f3n del Ciclo de Talleres 2021\" - Facultad de Ciencias Econ\u00f3micas, Jur\u00ed\u00addicas y Sociales","robots":{"index":"index","follow":"follow","max-snippet":"max-snippet:-1","max-image-preview":"max-image-preview:large","max-video-preview":"max-video-preview:-1"},"canonical":"https:\/\/www.fcejs.unsl.edu.ar\/index.php\/centro-de-pensamiento-critico-pedro-paz-jornada-de-evaluacion-del-ciclo-de-talleres-2021\/","og_locale":"es_ES","og_type":"article","og_title":"Centro de Pensamiento Cr\u00edtico Pedro Paz: \"Jornada de Evaluaci\u00f3n del Ciclo de Talleres 2021\" - Facultad de Ciencias Econ\u00f3micas, Jur\u00ed\u00addicas y Sociales","og_description":"El Centro de Pensamiento Cr\u00edtico Pedro Paz informa que se llevar\u00e1 a cabo, de forma virtual, el d\u00eda martes 13 de julio de 2021 a&hellip;","og_url":"https:\/\/www.fcejs.unsl.edu.ar\/index.php\/centro-de-pensamiento-critico-pedro-paz-jornada-de-evaluacion-del-ciclo-de-talleres-2021\/","og_site_name":"Facultad de Ciencias Econ\u00f3micas, Jur\u00ed\u00addicas y Sociales","article_publisher":"https:\/\/www.facebook.com\/FCEJS.UNSL\/","article_published_time":"2021-07-09T14:33:44+00:00","article_modified_time":"2021-08-02T12:17:57+00:00","og_image":[{"width":1020,"height":600,"url":"https:\/\/www.fcejs.unsl.edu.ar\/wp-content\/uploads\/2021\/07\/10mo-encuentro-front.jpg","type":"image\/jpeg"}],"author":"DATI","twitter_card":"summary_large_image","twitter_creator":"@FCEJSUNSL","twitter_site":"@FCEJSUNSL","twitter_misc":{"Escrito por":"DATI","Tiempo de lectura":"1 minuto"},"schema":{"@context":"https:\/\/schema.org","@graph":[{"@type":"Article","@id":"https:\/\/www.fcejs.unsl.edu.ar\/index.php\/centro-de-pensamiento-critico-pedro-paz-jornada-de-evaluacion-del-ciclo-de-talleres-2021\/#article","isPartOf":{"@id":"https:\/\/www.fcejs.unsl.edu.ar\/index.php\/centro-de-pensamiento-critico-pedro-paz-jornada-de-evaluacion-del-ciclo-de-talleres-2021\/"},"author":{"name":"DATI","@id":"https:\/\/www.fcejs.unsl.edu.ar\/#\/schema\/person\/352ee6ed90c3f394c7cb5945f8956d34"},"headline":"Centro de Pensamiento Cr\u00edtico Pedro Paz: &#8220;Jornada de Evaluaci\u00f3n del Ciclo de Talleres 2021&#8221;","datePublished":"2021-07-09T14:33:44+00:00","dateModified":"2021-08-02T12:17:57+00:00","mainEntityOfPage":{"@id":"https:\/\/www.fcejs.unsl.edu.ar\/index.php\/centro-de-pensamiento-critico-pedro-paz-jornada-de-evaluacion-del-ciclo-de-talleres-2021\/"},"wordCount":114,"publisher":{"@id":"https:\/\/www.fcejs.unsl.edu.ar\/#organization"},"image":{"@id":"https:\/\/www.fcejs.unsl.edu.ar\/index.php\/centro-de-pensamiento-critico-pedro-paz-jornada-de-evaluacion-del-ciclo-de-talleres-2021\/#primaryimage"},"thumbnailUrl":"https:\/\/www.fcejs.unsl.edu.ar\/wp-content\/uploads\/2021\/07\/10mo-encuentro-front.jpg","articleSection":["Archivadas"],"inLanguage":"es-AR"},{"@type":"WebPage","@id":"https:\/\/www.fcejs.unsl.edu.ar\/index.php\/centro-de-pensamiento-critico-pedro-paz-jornada-de-evaluacion-del-ciclo-de-talleres-2021\/","url":"https:\/\/www.fcejs.unsl.edu.ar\/index.php\/centro-de-pensamiento-critico-pedro-paz-jornada-de-evaluacion-del-ciclo-de-talleres-2021\/","name":"Centro de Pensamiento Cr\u00edtico Pedro Paz: \"Jornada de Evaluaci\u00f3n del Ciclo de Talleres 2021\" - Facultad de Ciencias Econ\u00f3micas, Jur\u00ed\u00addicas y Sociales","isPartOf":{"@id":"https:\/\/www.fcejs.unsl.edu.ar\/#website"},"primaryImageOfPage":{"@id":"https:\/\/www.fcejs.unsl.edu.ar\/index.php\/centro-de-pensamiento-critico-pedro-paz-jornada-de-evaluacion-del-ciclo-de-talleres-2021\/#primaryimage"},"image":{"@id":"https:\/\/www.fcejs.unsl.edu.ar\/index.php\/centro-de-pensamiento-critico-pedro-paz-jornada-de-evaluacion-del-ciclo-de-talleres-2021\/#primaryimage"},"thumbnailUrl":"https:\/\/www.fcejs.unsl.edu.ar\/wp-content\/uploads\/2021\/07\/10mo-encuentro-front.jpg","datePublished":"2021-07-09T14:33:44+00:00","dateModified":"2021-08-02T12:17:57+00:00","breadcrumb":{"@id":"https:\/\/www.fcejs.unsl.edu.ar\/index.php\/centro-de-pensamiento-critico-pedro-paz-jornada-de-evaluacion-del-ciclo-de-talleres-2021\/#breadcrumb"},"inLanguage":"es-AR","potentialAction":[{"@type":"ReadAction","target":["https:\/\/www.fcejs.unsl.edu.ar\/index.php\/centro-de-pensamiento-critico-pedro-paz-jornada-de-evaluacion-del-ciclo-de-talleres-2021\/"]}]},{"@type":"ImageObject","inLanguage":"es-AR","@id":"https:\/\/www.fcejs.unsl.edu.ar\/index.php\/centro-de-pensamiento-critico-pedro-paz-jornada-de-evaluacion-del-ciclo-de-talleres-2021\/#primaryimage","url":"https:\/\/www.fcejs.unsl.edu.ar\/wp-content\/uploads\/2021\/07\/10mo-encuentro-front.jpg","contentUrl":"https:\/\/www.fcejs.unsl.edu.ar\/wp-content\/uploads\/2021\/07\/10mo-encuentro-front.jpg","width":1020,"height":600},{"@type":"BreadcrumbList","@id":"https:\/\/www.fcejs.unsl.edu.ar\/index.php\/centro-de-pensamiento-critico-pedro-paz-jornada-de-evaluacion-del-ciclo-de-talleres-2021\/#breadcrumb","itemListElement":[{"@type":"ListItem","position":1,"name":"Inicio","item":"https:\/\/www.fcejs.unsl.edu.ar\/"},{"@type":"ListItem","position":2,"name":"Centro de Pensamiento Cr\u00edtico Pedro Paz: &#8220;Jornada de Evaluaci\u00f3n del Ciclo de Talleres 2021&#8221;"}]},{"@type":"WebSite","@id":"https:\/\/www.fcejs.unsl.edu.ar\/#website","url":"https:\/\/www.fcejs.unsl.edu.ar\/","name":"Facultad de Ciencias Econ\u00f3micas, Jur\u00ed\u00addicas y Sociales","description":"","publisher":{"@id":"https:\/\/www.fcejs.unsl.edu.ar\/#organization"},"potentialAction":[{"@type":"SearchAction","target":{"@type":"EntryPoint","urlTemplate":"https:\/\/www.fcejs.unsl.edu.ar\/?s={search_term_string}"},"query-input":{"@type":"PropertyValueSpecification","valueRequired":true,"valueName":"search_term_string"}}],"inLanguage":"es-AR"},{"@type":"Organization","@id":"https:\/\/www.fcejs.unsl.edu.ar\/#organization","name":"Facultad de Ciencias Econ\u00f3micas, Jur\u00eddicas y Sociales","url":"https:\/\/www.fcejs.unsl.edu.ar\/","logo":{"@type":"ImageObject","inLanguage":"es-AR","@id":"https:\/\/www.fcejs.unsl.edu.ar\/#\/schema\/logo\/image\/","url":"https:\/\/www.fcejs.unsl.edu.ar\/wp-content\/uploads\/2021\/03\/logo-1.jpg","contentUrl":"https:\/\/www.fcejs.unsl.edu.ar\/wp-content\/uploads\/2021\/03\/logo-1.jpg","width":471,"height":146,"caption":"Facultad de Ciencias Econ\u00f3micas, Jur\u00eddicas y Sociales"},"image":{"@id":"https:\/\/www.fcejs.unsl.edu.ar\/#\/schema\/logo\/image\/"},"sameAs":["https:\/\/www.facebook.com\/FCEJS.UNSL\/","https:\/\/x.com\/FCEJSUNSL","https:\/\/www.instagram.com\/fcejs.unsl\/","https:\/\/www.youtube.com\/channel\/UCH-Ut6EaN_X5ogjIQMPe46g\/"]},{"@type":"Person","@id":"https:\/\/www.fcejs.unsl.edu.ar\/#\/schema\/person\/352ee6ed90c3f394c7cb5945f8956d34","name":"DATI"}]}},"jetpack_featured_media_url":"https:\/\/www.fcejs.unsl.edu.ar\/wp-content\/uploads\/2021\/07\/10mo-encuentro-front.jpg","_links":{"self":[{"href":"https:\/\/www.fcejs.unsl.edu.ar\/index.php\/wp-json\/wp\/v2\/posts\/4445","targetHints":{"allow":["GET"]}}],"collection":[{"href":"https:\/\/www.fcejs.unsl.edu.ar\/index.php\/wp-json\/wp\/v2\/posts"}],"about":[{"href":"https:\/\/www.fcejs.unsl.edu.ar\/index.php\/wp-json\/wp\/v2\/types\/post"}],"author":[{"embeddable":true,"href":"https:\/\/www.fcejs.unsl.edu.ar\/index.php\/wp-json\/wp\/v2\/users\/9"}],"replies":[{"embeddable":true,"href":"https:\/\/www.fcejs.unsl.edu.ar\/index.php\/wp-json\/wp\/v2\/comments?post=4445"}],"version-history":[{"count":3,"href":"https:\/\/www.fcejs.unsl.edu.ar\/index.php\/wp-json\/wp\/v2\/posts\/4445\/revisions"}],"predecessor-version":[{"id":4464,"href":"https:\/\/www.fcejs.unsl.edu.ar\/index.php\/wp-json\/wp\/v2\/posts\/4445\/revisions\/4464"}],"wp:featuredmedia":[{"embeddable":true,"href":"https:\/\/www.fcejs.unsl.edu.ar\/index.php\/wp-json\/wp\/v2\/media\/4463"}],"wp:attachment":[{"href":"https:\/\/www.fcejs.unsl.edu.ar\/index.php\/wp-json\/wp\/v2\/media?parent=4445"}],"wp:term":[{"taxonomy":"category","embeddable":true,"href":"https:\/\/www.fcejs.unsl.edu.ar\/index.php\/wp-json\/wp\/v2\/categories?post=4445"},{"taxonomy":"post_tag","embeddable":true,"href":"https:\/\/www.fcejs.unsl.edu.ar\/index.php\/wp-json\/wp\/v2\/tags?post=4445"}],"curies":[{"name":"wp","href":"https:\/\/api.w.org\/{rel}","templated":true}]}}