{"id":4436,"date":"2021-07-08T10:54:09","date_gmt":"2021-07-08T13:54:09","guid":{"rendered":"http:\/\/10.101.10.197\/www\/?p=4436"},"modified":"2021-08-03T10:30:24","modified_gmt":"2021-08-03T13:30:24","slug":"curso-de-posgrado-regimenes-fascistas-dictaduras-la-nueva-derecha-el-caso-latinoamericano-un-enfoque-historico-comparativo","status":"publish","type":"post","link":"https:\/\/www.fcejs.unsl.edu.ar\/index.php\/curso-de-posgrado-regimenes-fascistas-dictaduras-la-nueva-derecha-el-caso-latinoamericano-un-enfoque-historico-comparativo\/","title":{"rendered":"Curso de Posgrado: \u201cReg\u00edmenes fascistas, dictaduras, la nueva derecha. El caso latinoamericano. Un enfoque hist\u00f3rico comparativo\u201d"},"content":{"rendered":"<p>La Secretar\u00eda de Investigaci\u00f3n y Posgrado informa que el viernes 6 de agosto de 2021 dar\u00e1 comienzo, en forma virtual cada 15 d\u00edas, el Curso de Posgrado: \u201cReg\u00edmenes fascistas, dictaduras, la nueva derecha. El caso latinoamericano. Un enfoque hist\u00f3rico comparativo\u201d.<\/p>\n<p>Este curso ser\u00e1 dictado por el Mag. Daniel Campione, es una propuesta NO ARANCELADA y se financia a trav\u00e9s del Programa de Capacitaci\u00f3n Docente Gratuito de la Asociaci\u00f3n de Docentes Universitarios (ADU-San Luis), en la Facultad de Ciencias Econ\u00f3micas, Jur\u00eddicas y Sociales de la UNSL.<\/p>\n<p>Tiene por objetivos: a) Proporcionar a los cursantes un enfoque te\u00f3rico e hist\u00f3rico sobre distintos reg\u00edmenes y sistemas de ideas desarrollados a lo largo del siglo XX y lo que va del XXI, con atenci\u00f3n a los casos europeos y latinoamericanos. B) Desarrollar un enfoque cr\u00edtico que estimule la comprensi\u00f3n de la realidad actual en base al conocimiento del proceso hist\u00f3rico precedente. C) Poner en relaci\u00f3n los temas abordados en el curso con las cuestiones abordadas por los alumnos en sus proyectos de tesis o de investigaci\u00f3n<\/p>\n<p>Est\u00e1 destinado a egresados con t\u00edtulo de grado universitario o de nivel superior de 4 a\u00f1os o m\u00e1s y es acreditable a carreras de posgrado.<\/p>\n<p>Para CONSULTAS escribir a:<strong> mbrolfi@gmail.com<\/strong> (Bel\u00e9n Rolfi)<\/p>\n<p>PREINSCRIPCI\u00d3N a trav\u00e9s del siguiente link: <strong><a href=\"https:\/\/forms.gle\/WtnNmwLTVjAJW9X79\">https:\/\/forms.gle\/WtnNmwLTVjAJW9X79<\/a><\/strong><\/p>\n","protected":false},"excerpt":{"rendered":"<p>La Secretar\u00eda de Investigaci\u00f3n y Posgrado informa que el viernes 6 de agosto de 2021 dar\u00e1 comienzo, en forma virtual cada 15 d\u00edas, el Curso&hellip;<\/p>\n","protected":false},"author":9,"featured_media":4438,"comment_status":"closed","ping_status":"closed","sticky":false,"template":"","format":"standard","meta":{"om_disable_all_campaigns":false,"_monsterinsights_skip_tracking":false,"_monsterinsights_sitenote_active":false,"_monsterinsights_sitenote_note":"","_monsterinsights_sitenote_category":0,"footnotes":""},"categories":[21],"tags":[],"class_list":["post-4436","post","type-post","status-publish","format-standard","has-post-thumbnail","hentry","category-archivadas"],"yoast_head":"<!-- This site is optimized with the Yoast SEO plugin v27.5 - https:\/\/yoast.com\/product\/yoast-seo-wordpress\/ -->\n<title>Curso de Posgrado: \u201cReg\u00edmenes fascistas, dictaduras, la nueva derecha. El caso latinoamericano. Un enfoque hist\u00f3rico comparativo\u201d - Facultad de Ciencias Econ\u00f3micas, Jur\u00ed\u00addicas y Sociales<\/title>\n<meta name=\"robots\" content=\"index, follow, max-snippet:-1, max-image-preview:large, max-video-preview:-1\" \/>\n<link rel=\"canonical\" href=\"https:\/\/www.fcejs.unsl.edu.ar\/index.php\/curso-de-posgrado-regimenes-fascistas-dictaduras-la-nueva-derecha-el-caso-latinoamericano-un-enfoque-historico-comparativo\/\" \/>\n<meta property=\"og:locale\" content=\"es_ES\" \/>\n<meta property=\"og:type\" content=\"article\" \/>\n<meta property=\"og:title\" content=\"Curso de Posgrado: \u201cReg\u00edmenes fascistas, dictaduras, la nueva derecha. El caso latinoamericano. Un enfoque hist\u00f3rico comparativo\u201d - Facultad de Ciencias Econ\u00f3micas, Jur\u00ed\u00addicas y Sociales\" \/>\n<meta property=\"og:description\" content=\"La Secretar\u00eda de Investigaci\u00f3n y Posgrado informa que el viernes 6 de agosto de 2021 dar\u00e1 comienzo, en forma virtual cada 15 d\u00edas, el Curso&hellip;\" \/>\n<meta property=\"og:url\" content=\"https:\/\/www.fcejs.unsl.edu.ar\/index.php\/curso-de-posgrado-regimenes-fascistas-dictaduras-la-nueva-derecha-el-caso-latinoamericano-un-enfoque-historico-comparativo\/\" \/>\n<meta property=\"og:site_name\" content=\"Facultad de Ciencias Econ\u00f3micas, Jur\u00ed\u00addicas y Sociales\" \/>\n<meta property=\"article:publisher\" content=\"https:\/\/www.facebook.com\/FCEJS.UNSL\/\" \/>\n<meta property=\"article:published_time\" content=\"2021-07-08T13:54:09+00:00\" \/>\n<meta property=\"article:modified_time\" content=\"2021-08-03T13:30:24+00:00\" \/>\n<meta property=\"og:image\" content=\"https:\/\/www.fcejs.unsl.edu.ar\/wp-content\/uploads\/2021\/07\/regimen.jpg\" \/>\n\t<meta property=\"og:image:width\" content=\"1152\" \/>\n\t<meta property=\"og:image:height\" content=\"647\" \/>\n\t<meta property=\"og:image:type\" content=\"image\/jpeg\" \/>\n<meta name=\"author\" content=\"DATI\" \/>\n<meta name=\"twitter:card\" content=\"summary_large_image\" \/>\n<meta name=\"twitter:creator\" content=\"@FCEJSUNSL\" \/>\n<meta name=\"twitter:site\" content=\"@FCEJSUNSL\" \/>\n<meta name=\"twitter:label1\" content=\"Escrito por\" \/>\n\t<meta name=\"twitter:data1\" content=\"DATI\" \/>\n\t<meta name=\"twitter:label2\" content=\"Tiempo de lectura\" \/>\n\t<meta name=\"twitter:data2\" content=\"1 minuto\" \/>\n<script type=\"application\/ld+json\" class=\"yoast-schema-graph\">{\"@context\":\"https:\\\/\\\/schema.org\",\"@graph\":[{\"@type\":\"Article\",\"@id\":\"https:\\\/\\\/www.fcejs.unsl.edu.ar\\\/index.php\\\/curso-de-posgrado-regimenes-fascistas-dictaduras-la-nueva-derecha-el-caso-latinoamericano-un-enfoque-historico-comparativo\\\/#article\",\"isPartOf\":{\"@id\":\"https:\\\/\\\/www.fcejs.unsl.edu.ar\\\/index.php\\\/curso-de-posgrado-regimenes-fascistas-dictaduras-la-nueva-derecha-el-caso-latinoamericano-un-enfoque-historico-comparativo\\\/\"},\"author\":{\"name\":\"DATI\",\"@id\":\"https:\\\/\\\/www.fcejs.unsl.edu.ar\\\/#\\\/schema\\\/person\\\/352ee6ed90c3f394c7cb5945f8956d34\"},\"headline\":\"Curso de Posgrado: \u201cReg\u00edmenes fascistas, dictaduras, la nueva derecha. El caso latinoamericano. Un enfoque hist\u00f3rico comparativo\u201d\",\"datePublished\":\"2021-07-08T13:54:09+00:00\",\"dateModified\":\"2021-08-03T13:30:24+00:00\",\"mainEntityOfPage\":{\"@id\":\"https:\\\/\\\/www.fcejs.unsl.edu.ar\\\/index.php\\\/curso-de-posgrado-regimenes-fascistas-dictaduras-la-nueva-derecha-el-caso-latinoamericano-un-enfoque-historico-comparativo\\\/\"},\"wordCount\":256,\"publisher\":{\"@id\":\"https:\\\/\\\/www.fcejs.unsl.edu.ar\\\/#organization\"},\"image\":{\"@id\":\"https:\\\/\\\/www.fcejs.unsl.edu.ar\\\/index.php\\\/curso-de-posgrado-regimenes-fascistas-dictaduras-la-nueva-derecha-el-caso-latinoamericano-un-enfoque-historico-comparativo\\\/#primaryimage\"},\"thumbnailUrl\":\"https:\\\/\\\/www.fcejs.unsl.edu.ar\\\/wp-content\\\/uploads\\\/2021\\\/07\\\/regimen.jpg\",\"articleSection\":[\"Archivadas\"],\"inLanguage\":\"es-AR\"},{\"@type\":\"WebPage\",\"@id\":\"https:\\\/\\\/www.fcejs.unsl.edu.ar\\\/index.php\\\/curso-de-posgrado-regimenes-fascistas-dictaduras-la-nueva-derecha-el-caso-latinoamericano-un-enfoque-historico-comparativo\\\/\",\"url\":\"https:\\\/\\\/www.fcejs.unsl.edu.ar\\\/index.php\\\/curso-de-posgrado-regimenes-fascistas-dictaduras-la-nueva-derecha-el-caso-latinoamericano-un-enfoque-historico-comparativo\\\/\",\"name\":\"Curso de Posgrado: \u201cReg\u00edmenes fascistas, dictaduras, la nueva derecha. El caso latinoamericano. Un enfoque hist\u00f3rico comparativo\u201d - Facultad de Ciencias Econ\u00f3micas, Jur\u00ed\u00addicas y Sociales\",\"isPartOf\":{\"@id\":\"https:\\\/\\\/www.fcejs.unsl.edu.ar\\\/#website\"},\"primaryImageOfPage\":{\"@id\":\"https:\\\/\\\/www.fcejs.unsl.edu.ar\\\/index.php\\\/curso-de-posgrado-regimenes-fascistas-dictaduras-la-nueva-derecha-el-caso-latinoamericano-un-enfoque-historico-comparativo\\\/#primaryimage\"},\"image\":{\"@id\":\"https:\\\/\\\/www.fcejs.unsl.edu.ar\\\/index.php\\\/curso-de-posgrado-regimenes-fascistas-dictaduras-la-nueva-derecha-el-caso-latinoamericano-un-enfoque-historico-comparativo\\\/#primaryimage\"},\"thumbnailUrl\":\"https:\\\/\\\/www.fcejs.unsl.edu.ar\\\/wp-content\\\/uploads\\\/2021\\\/07\\\/regimen.jpg\",\"datePublished\":\"2021-07-08T13:54:09+00:00\",\"dateModified\":\"2021-08-03T13:30:24+00:00\",\"breadcrumb\":{\"@id\":\"https:\\\/\\\/www.fcejs.unsl.edu.ar\\\/index.php\\\/curso-de-posgrado-regimenes-fascistas-dictaduras-la-nueva-derecha-el-caso-latinoamericano-un-enfoque-historico-comparativo\\\/#breadcrumb\"},\"inLanguage\":\"es-AR\",\"potentialAction\":[{\"@type\":\"ReadAction\",\"target\":[\"https:\\\/\\\/www.fcejs.unsl.edu.ar\\\/index.php\\\/curso-de-posgrado-regimenes-fascistas-dictaduras-la-nueva-derecha-el-caso-latinoamericano-un-enfoque-historico-comparativo\\\/\"]}]},{\"@type\":\"ImageObject\",\"inLanguage\":\"es-AR\",\"@id\":\"https:\\\/\\\/www.fcejs.unsl.edu.ar\\\/index.php\\\/curso-de-posgrado-regimenes-fascistas-dictaduras-la-nueva-derecha-el-caso-latinoamericano-un-enfoque-historico-comparativo\\\/#primaryimage\",\"url\":\"https:\\\/\\\/www.fcejs.unsl.edu.ar\\\/wp-content\\\/uploads\\\/2021\\\/07\\\/regimen.jpg\",\"contentUrl\":\"https:\\\/\\\/www.fcejs.unsl.edu.ar\\\/wp-content\\\/uploads\\\/2021\\\/07\\\/regimen.jpg\",\"width\":1152,\"height\":647},{\"@type\":\"BreadcrumbList\",\"@id\":\"https:\\\/\\\/www.fcejs.unsl.edu.ar\\\/index.php\\\/curso-de-posgrado-regimenes-fascistas-dictaduras-la-nueva-derecha-el-caso-latinoamericano-un-enfoque-historico-comparativo\\\/#breadcrumb\",\"itemListElement\":[{\"@type\":\"ListItem\",\"position\":1,\"name\":\"Inicio\",\"item\":\"https:\\\/\\\/www.fcejs.unsl.edu.ar\\\/\"},{\"@type\":\"ListItem\",\"position\":2,\"name\":\"Curso de Posgrado: \u201cReg\u00edmenes fascistas, dictaduras, la nueva derecha. El caso latinoamericano. Un enfoque hist\u00f3rico comparativo\u201d\"}]},{\"@type\":\"WebSite\",\"@id\":\"https:\\\/\\\/www.fcejs.unsl.edu.ar\\\/#website\",\"url\":\"https:\\\/\\\/www.fcejs.unsl.edu.ar\\\/\",\"name\":\"Facultad de Ciencias Econ\u00f3micas, Jur\u00ed\u00addicas y Sociales\",\"description\":\"\",\"publisher\":{\"@id\":\"https:\\\/\\\/www.fcejs.unsl.edu.ar\\\/#organization\"},\"potentialAction\":[{\"@type\":\"SearchAction\",\"target\":{\"@type\":\"EntryPoint\",\"urlTemplate\":\"https:\\\/\\\/www.fcejs.unsl.edu.ar\\\/?s={search_term_string}\"},\"query-input\":{\"@type\":\"PropertyValueSpecification\",\"valueRequired\":true,\"valueName\":\"search_term_string\"}}],\"inLanguage\":\"es-AR\"},{\"@type\":\"Organization\",\"@id\":\"https:\\\/\\\/www.fcejs.unsl.edu.ar\\\/#organization\",\"name\":\"Facultad de Ciencias Econ\u00f3micas, Jur\u00eddicas y Sociales\",\"url\":\"https:\\\/\\\/www.fcejs.unsl.edu.ar\\\/\",\"logo\":{\"@type\":\"ImageObject\",\"inLanguage\":\"es-AR\",\"@id\":\"https:\\\/\\\/www.fcejs.unsl.edu.ar\\\/#\\\/schema\\\/logo\\\/image\\\/\",\"url\":\"https:\\\/\\\/www.fcejs.unsl.edu.ar\\\/wp-content\\\/uploads\\\/2021\\\/03\\\/logo-1.jpg\",\"contentUrl\":\"https:\\\/\\\/www.fcejs.unsl.edu.ar\\\/wp-content\\\/uploads\\\/2021\\\/03\\\/logo-1.jpg\",\"width\":471,\"height\":146,\"caption\":\"Facultad de Ciencias Econ\u00f3micas, Jur\u00eddicas y Sociales\"},\"image\":{\"@id\":\"https:\\\/\\\/www.fcejs.unsl.edu.ar\\\/#\\\/schema\\\/logo\\\/image\\\/\"},\"sameAs\":[\"https:\\\/\\\/www.facebook.com\\\/FCEJS.UNSL\\\/\",\"https:\\\/\\\/x.com\\\/FCEJSUNSL\",\"https:\\\/\\\/www.instagram.com\\\/fcejs.unsl\\\/\",\"https:\\\/\\\/www.youtube.com\\\/channel\\\/UCH-Ut6EaN_X5ogjIQMPe46g\\\/\"]},{\"@type\":\"Person\",\"@id\":\"https:\\\/\\\/www.fcejs.unsl.edu.ar\\\/#\\\/schema\\\/person\\\/352ee6ed90c3f394c7cb5945f8956d34\",\"name\":\"DATI\"}]}<\/script>\n<!-- \/ Yoast SEO plugin. -->","yoast_head_json":{"title":"Curso de Posgrado: \u201cReg\u00edmenes fascistas, dictaduras, la nueva derecha. El caso latinoamericano. Un enfoque hist\u00f3rico comparativo\u201d - Facultad de Ciencias Econ\u00f3micas, Jur\u00ed\u00addicas y Sociales","robots":{"index":"index","follow":"follow","max-snippet":"max-snippet:-1","max-image-preview":"max-image-preview:large","max-video-preview":"max-video-preview:-1"},"canonical":"https:\/\/www.fcejs.unsl.edu.ar\/index.php\/curso-de-posgrado-regimenes-fascistas-dictaduras-la-nueva-derecha-el-caso-latinoamericano-un-enfoque-historico-comparativo\/","og_locale":"es_ES","og_type":"article","og_title":"Curso de Posgrado: \u201cReg\u00edmenes fascistas, dictaduras, la nueva derecha. El caso latinoamericano. Un enfoque hist\u00f3rico comparativo\u201d - Facultad de Ciencias Econ\u00f3micas, Jur\u00ed\u00addicas y Sociales","og_description":"La Secretar\u00eda de Investigaci\u00f3n y Posgrado informa que el viernes 6 de agosto de 2021 dar\u00e1 comienzo, en forma virtual cada 15 d\u00edas, el Curso&hellip;","og_url":"https:\/\/www.fcejs.unsl.edu.ar\/index.php\/curso-de-posgrado-regimenes-fascistas-dictaduras-la-nueva-derecha-el-caso-latinoamericano-un-enfoque-historico-comparativo\/","og_site_name":"Facultad de Ciencias Econ\u00f3micas, Jur\u00ed\u00addicas y Sociales","article_publisher":"https:\/\/www.facebook.com\/FCEJS.UNSL\/","article_published_time":"2021-07-08T13:54:09+00:00","article_modified_time":"2021-08-03T13:30:24+00:00","og_image":[{"width":1152,"height":647,"url":"https:\/\/www.fcejs.unsl.edu.ar\/wp-content\/uploads\/2021\/07\/regimen.jpg","type":"image\/jpeg"}],"author":"DATI","twitter_card":"summary_large_image","twitter_creator":"@FCEJSUNSL","twitter_site":"@FCEJSUNSL","twitter_misc":{"Escrito por":"DATI","Tiempo de lectura":"1 minuto"},"schema":{"@context":"https:\/\/schema.org","@graph":[{"@type":"Article","@id":"https:\/\/www.fcejs.unsl.edu.ar\/index.php\/curso-de-posgrado-regimenes-fascistas-dictaduras-la-nueva-derecha-el-caso-latinoamericano-un-enfoque-historico-comparativo\/#article","isPartOf":{"@id":"https:\/\/www.fcejs.unsl.edu.ar\/index.php\/curso-de-posgrado-regimenes-fascistas-dictaduras-la-nueva-derecha-el-caso-latinoamericano-un-enfoque-historico-comparativo\/"},"author":{"name":"DATI","@id":"https:\/\/www.fcejs.unsl.edu.ar\/#\/schema\/person\/352ee6ed90c3f394c7cb5945f8956d34"},"headline":"Curso de Posgrado: \u201cReg\u00edmenes fascistas, dictaduras, la nueva derecha. El caso latinoamericano. Un enfoque hist\u00f3rico comparativo\u201d","datePublished":"2021-07-08T13:54:09+00:00","dateModified":"2021-08-03T13:30:24+00:00","mainEntityOfPage":{"@id":"https:\/\/www.fcejs.unsl.edu.ar\/index.php\/curso-de-posgrado-regimenes-fascistas-dictaduras-la-nueva-derecha-el-caso-latinoamericano-un-enfoque-historico-comparativo\/"},"wordCount":256,"publisher":{"@id":"https:\/\/www.fcejs.unsl.edu.ar\/#organization"},"image":{"@id":"https:\/\/www.fcejs.unsl.edu.ar\/index.php\/curso-de-posgrado-regimenes-fascistas-dictaduras-la-nueva-derecha-el-caso-latinoamericano-un-enfoque-historico-comparativo\/#primaryimage"},"thumbnailUrl":"https:\/\/www.fcejs.unsl.edu.ar\/wp-content\/uploads\/2021\/07\/regimen.jpg","articleSection":["Archivadas"],"inLanguage":"es-AR"},{"@type":"WebPage","@id":"https:\/\/www.fcejs.unsl.edu.ar\/index.php\/curso-de-posgrado-regimenes-fascistas-dictaduras-la-nueva-derecha-el-caso-latinoamericano-un-enfoque-historico-comparativo\/","url":"https:\/\/www.fcejs.unsl.edu.ar\/index.php\/curso-de-posgrado-regimenes-fascistas-dictaduras-la-nueva-derecha-el-caso-latinoamericano-un-enfoque-historico-comparativo\/","name":"Curso de Posgrado: \u201cReg\u00edmenes fascistas, dictaduras, la nueva derecha. El caso latinoamericano. Un enfoque hist\u00f3rico comparativo\u201d - Facultad de Ciencias Econ\u00f3micas, Jur\u00ed\u00addicas y Sociales","isPartOf":{"@id":"https:\/\/www.fcejs.unsl.edu.ar\/#website"},"primaryImageOfPage":{"@id":"https:\/\/www.fcejs.unsl.edu.ar\/index.php\/curso-de-posgrado-regimenes-fascistas-dictaduras-la-nueva-derecha-el-caso-latinoamericano-un-enfoque-historico-comparativo\/#primaryimage"},"image":{"@id":"https:\/\/www.fcejs.unsl.edu.ar\/index.php\/curso-de-posgrado-regimenes-fascistas-dictaduras-la-nueva-derecha-el-caso-latinoamericano-un-enfoque-historico-comparativo\/#primaryimage"},"thumbnailUrl":"https:\/\/www.fcejs.unsl.edu.ar\/wp-content\/uploads\/2021\/07\/regimen.jpg","datePublished":"2021-07-08T13:54:09+00:00","dateModified":"2021-08-03T13:30:24+00:00","breadcrumb":{"@id":"https:\/\/www.fcejs.unsl.edu.ar\/index.php\/curso-de-posgrado-regimenes-fascistas-dictaduras-la-nueva-derecha-el-caso-latinoamericano-un-enfoque-historico-comparativo\/#breadcrumb"},"inLanguage":"es-AR","potentialAction":[{"@type":"ReadAction","target":["https:\/\/www.fcejs.unsl.edu.ar\/index.php\/curso-de-posgrado-regimenes-fascistas-dictaduras-la-nueva-derecha-el-caso-latinoamericano-un-enfoque-historico-comparativo\/"]}]},{"@type":"ImageObject","inLanguage":"es-AR","@id":"https:\/\/www.fcejs.unsl.edu.ar\/index.php\/curso-de-posgrado-regimenes-fascistas-dictaduras-la-nueva-derecha-el-caso-latinoamericano-un-enfoque-historico-comparativo\/#primaryimage","url":"https:\/\/www.fcejs.unsl.edu.ar\/wp-content\/uploads\/2021\/07\/regimen.jpg","contentUrl":"https:\/\/www.fcejs.unsl.edu.ar\/wp-content\/uploads\/2021\/07\/regimen.jpg","width":1152,"height":647},{"@type":"BreadcrumbList","@id":"https:\/\/www.fcejs.unsl.edu.ar\/index.php\/curso-de-posgrado-regimenes-fascistas-dictaduras-la-nueva-derecha-el-caso-latinoamericano-un-enfoque-historico-comparativo\/#breadcrumb","itemListElement":[{"@type":"ListItem","position":1,"name":"Inicio","item":"https:\/\/www.fcejs.unsl.edu.ar\/"},{"@type":"ListItem","position":2,"name":"Curso de Posgrado: \u201cReg\u00edmenes fascistas, dictaduras, la nueva derecha. El caso latinoamericano. Un enfoque hist\u00f3rico comparativo\u201d"}]},{"@type":"WebSite","@id":"https:\/\/www.fcejs.unsl.edu.ar\/#website","url":"https:\/\/www.fcejs.unsl.edu.ar\/","name":"Facultad de Ciencias Econ\u00f3micas, Jur\u00ed\u00addicas y Sociales","description":"","publisher":{"@id":"https:\/\/www.fcejs.unsl.edu.ar\/#organization"},"potentialAction":[{"@type":"SearchAction","target":{"@type":"EntryPoint","urlTemplate":"https:\/\/www.fcejs.unsl.edu.ar\/?s={search_term_string}"},"query-input":{"@type":"PropertyValueSpecification","valueRequired":true,"valueName":"search_term_string"}}],"inLanguage":"es-AR"},{"@type":"Organization","@id":"https:\/\/www.fcejs.unsl.edu.ar\/#organization","name":"Facultad de Ciencias Econ\u00f3micas, Jur\u00eddicas y Sociales","url":"https:\/\/www.fcejs.unsl.edu.ar\/","logo":{"@type":"ImageObject","inLanguage":"es-AR","@id":"https:\/\/www.fcejs.unsl.edu.ar\/#\/schema\/logo\/image\/","url":"https:\/\/www.fcejs.unsl.edu.ar\/wp-content\/uploads\/2021\/03\/logo-1.jpg","contentUrl":"https:\/\/www.fcejs.unsl.edu.ar\/wp-content\/uploads\/2021\/03\/logo-1.jpg","width":471,"height":146,"caption":"Facultad de Ciencias Econ\u00f3micas, Jur\u00eddicas y Sociales"},"image":{"@id":"https:\/\/www.fcejs.unsl.edu.ar\/#\/schema\/logo\/image\/"},"sameAs":["https:\/\/www.facebook.com\/FCEJS.UNSL\/","https:\/\/x.com\/FCEJSUNSL","https:\/\/www.instagram.com\/fcejs.unsl\/","https:\/\/www.youtube.com\/channel\/UCH-Ut6EaN_X5ogjIQMPe46g\/"]},{"@type":"Person","@id":"https:\/\/www.fcejs.unsl.edu.ar\/#\/schema\/person\/352ee6ed90c3f394c7cb5945f8956d34","name":"DATI"}]}},"jetpack_featured_media_url":"https:\/\/www.fcejs.unsl.edu.ar\/wp-content\/uploads\/2021\/07\/regimen.jpg","_links":{"self":[{"href":"https:\/\/www.fcejs.unsl.edu.ar\/index.php\/wp-json\/wp\/v2\/posts\/4436","targetHints":{"allow":["GET"]}}],"collection":[{"href":"https:\/\/www.fcejs.unsl.edu.ar\/index.php\/wp-json\/wp\/v2\/posts"}],"about":[{"href":"https:\/\/www.fcejs.unsl.edu.ar\/index.php\/wp-json\/wp\/v2\/types\/post"}],"author":[{"embeddable":true,"href":"https:\/\/www.fcejs.unsl.edu.ar\/index.php\/wp-json\/wp\/v2\/users\/9"}],"replies":[{"embeddable":true,"href":"https:\/\/www.fcejs.unsl.edu.ar\/index.php\/wp-json\/wp\/v2\/comments?post=4436"}],"version-history":[{"count":1,"href":"https:\/\/www.fcejs.unsl.edu.ar\/index.php\/wp-json\/wp\/v2\/posts\/4436\/revisions"}],"predecessor-version":[{"id":4437,"href":"https:\/\/www.fcejs.unsl.edu.ar\/index.php\/wp-json\/wp\/v2\/posts\/4436\/revisions\/4437"}],"wp:featuredmedia":[{"embeddable":true,"href":"https:\/\/www.fcejs.unsl.edu.ar\/index.php\/wp-json\/wp\/v2\/media\/4438"}],"wp:attachment":[{"href":"https:\/\/www.fcejs.unsl.edu.ar\/index.php\/wp-json\/wp\/v2\/media?parent=4436"}],"wp:term":[{"taxonomy":"category","embeddable":true,"href":"https:\/\/www.fcejs.unsl.edu.ar\/index.php\/wp-json\/wp\/v2\/categories?post=4436"},{"taxonomy":"post_tag","embeddable":true,"href":"https:\/\/www.fcejs.unsl.edu.ar\/index.php\/wp-json\/wp\/v2\/tags?post=4436"}],"curies":[{"name":"wp","href":"https:\/\/api.w.org\/{rel}","templated":true}]}}