{"id":4353,"date":"2021-07-06T11:03:08","date_gmt":"2021-07-06T14:03:08","guid":{"rendered":"http:\/\/10.101.10.197\/www\/?p=4353"},"modified":"2021-09-27T09:10:56","modified_gmt":"2021-09-27T12:10:56","slug":"se-designaron-los-abanderados-de-la-fcejs-periodo-junio-21-mayo-22","status":"publish","type":"post","link":"https:\/\/www.fcejs.unsl.edu.ar\/index.php\/se-designaron-los-abanderados-de-la-fcejs-periodo-junio-21-mayo-22\/","title":{"rendered":"Se designaron los Abanderados de la FCEJS \u2013 Per\u00edodo Junio\/21-Mayo\/22"},"content":{"rendered":"<p>La Secretar\u00eda Acad\u00e9mica informa que, por\u00a0Resoluci\u00f3n Decanato N\u00ba 572\/21, se han designado los Abanderados y Escoltas que respectivamente portar\u00e1n y acompa\u00f1ar\u00e1n la Bandera Nacional y de la Provincia de San Luis en todos los actos en representaci\u00f3n de la Facultad de Ciencias Econ\u00f3micas, Jur\u00eddicas y Sociales de la Universidad Nacional de San Luis, hasta mayo de 2022.<\/p>\n<p>Los estudiantes designados son:<\/p>\n<p><strong><u>BANDERA NACIONAL<\/u><\/strong><\/p>\n<p><strong>ABANDERADA<\/strong><\/p>\n<ul>\n<li>Alma HERN\u00c1NDEZ CALDER\u00d3N<br \/>\nLicenciatura en Trabajo Social<br \/>\nPromedio: 9.01<\/li>\n<\/ul>\n<p><strong>1\u00b0 ESCOLTA<\/strong><\/p>\n<ul>\n<li>Mar\u00eda Roc\u00edo RODRIGUEZ<br \/>\nLicenciatura en Trabajo Social<br \/>\nPromedio: 8.94<\/li>\n<\/ul>\n<p><strong>2\u00b0 ESCOLTA<\/strong><\/p>\n<ul>\n<li>Andrea de los \u00c1ngeles BUSTOS LUCERO<br \/>\nContador P\u00fablico Nacional<br \/>\nPromedio: 8.35<\/li>\n<\/ul>\n<p>&nbsp;<\/p>\n<p><strong><u>BANDERA de la PROVINCIA de SAN LUIS<\/u><\/strong><\/p>\n<p><strong>ABANDERAD<\/strong>A<\/p>\n<ul>\n<li>Aurora de los Milagros PETRONI PERINETTI<br \/>\nLicenciatura en Administraci\u00f3n<br \/>\nPromedio: 8.15<\/li>\n<\/ul>\n<p><strong>1\u00b0 ESCOLTA<\/strong><\/p>\n<ul>\n<li>Mar\u00eda Agustina OJEDA GONZ\u00c1LEZ<br \/>\nAbogac\u00eda<br \/>\nPromedio: 8.13<\/li>\n<\/ul>\n<p><strong>2\u00b0 ESCOLTA<\/strong><\/p>\n<ul>\n<li>V\u00edctor MART\u00cdNEZ ESPECHE<br \/>\nContador P\u00fablico Nacional<br \/>\nPromedio: 8.01<\/li>\n<\/ul>\n<p><a href=\"https:\/\/www.fcejs.unsl.edu.ar\/wp-content\/uploads\/2021\/07\/RD-No-572-2021.pdf\"><strong>RD N\u00ba 572-2021<\/strong><\/a><\/p>\n","protected":false},"excerpt":{"rendered":"<p>La Secretar\u00eda Acad\u00e9mica informa que, por\u00a0Resoluci\u00f3n Decanato N\u00ba 572\/21, se han designado los Abanderados y Escoltas que respectivamente portar\u00e1n y acompa\u00f1ar\u00e1n la Bandera Nacional y&hellip;<\/p>\n","protected":false},"author":9,"featured_media":4190,"comment_status":"closed","ping_status":"closed","sticky":false,"template":"","format":"standard","meta":{"om_disable_all_campaigns":false,"_monsterinsights_skip_tracking":false,"_monsterinsights_sitenote_active":false,"_monsterinsights_sitenote_note":"","_monsterinsights_sitenote_category":0,"footnotes":""},"categories":[21],"tags":[],"class_list":["post-4353","post","type-post","status-publish","format-standard","has-post-thumbnail","hentry","category-archivadas"],"yoast_head":"<!-- This site is optimized with the Yoast SEO plugin v27.5 - https:\/\/yoast.com\/product\/yoast-seo-wordpress\/ -->\n<title>Se designaron los Abanderados de la FCEJS \u2013 Per\u00edodo Junio\/21-Mayo\/22 - Facultad de Ciencias Econ\u00f3micas, Jur\u00ed\u00addicas y Sociales<\/title>\n<meta name=\"robots\" content=\"index, follow, max-snippet:-1, max-image-preview:large, max-video-preview:-1\" \/>\n<link rel=\"canonical\" href=\"https:\/\/www.fcejs.unsl.edu.ar\/index.php\/se-designaron-los-abanderados-de-la-fcejs-periodo-junio-21-mayo-22\/\" \/>\n<meta property=\"og:locale\" content=\"es_ES\" \/>\n<meta property=\"og:type\" content=\"article\" \/>\n<meta property=\"og:title\" content=\"Se designaron los Abanderados de la FCEJS \u2013 Per\u00edodo Junio\/21-Mayo\/22 - Facultad de Ciencias Econ\u00f3micas, Jur\u00ed\u00addicas y Sociales\" \/>\n<meta property=\"og:description\" content=\"La Secretar\u00eda Acad\u00e9mica informa que, por\u00a0Resoluci\u00f3n Decanato N\u00ba 572\/21, se han designado los Abanderados y Escoltas que respectivamente portar\u00e1n y acompa\u00f1ar\u00e1n la Bandera Nacional y&hellip;\" \/>\n<meta property=\"og:url\" content=\"https:\/\/www.fcejs.unsl.edu.ar\/index.php\/se-designaron-los-abanderados-de-la-fcejs-periodo-junio-21-mayo-22\/\" \/>\n<meta property=\"og:site_name\" content=\"Facultad de Ciencias Econ\u00f3micas, Jur\u00ed\u00addicas y Sociales\" \/>\n<meta property=\"article:publisher\" content=\"https:\/\/www.facebook.com\/FCEJS.UNSL\/\" \/>\n<meta property=\"article:published_time\" content=\"2021-07-06T14:03:08+00:00\" \/>\n<meta property=\"article:modified_time\" content=\"2021-09-27T12:10:56+00:00\" \/>\n<meta property=\"og:image\" content=\"https:\/\/www.fcejs.unsl.edu.ar\/wp-content\/uploads\/2021\/06\/abanderados.jpg\" \/>\n\t<meta property=\"og:image:width\" content=\"1152\" \/>\n\t<meta property=\"og:image:height\" content=\"647\" \/>\n\t<meta property=\"og:image:type\" content=\"image\/jpeg\" \/>\n<meta name=\"author\" content=\"DATI\" \/>\n<meta name=\"twitter:card\" content=\"summary_large_image\" \/>\n<meta name=\"twitter:creator\" content=\"@FCEJSUNSL\" \/>\n<meta name=\"twitter:site\" content=\"@FCEJSUNSL\" \/>\n<meta name=\"twitter:label1\" content=\"Escrito por\" \/>\n\t<meta name=\"twitter:data1\" content=\"DATI\" \/>\n\t<meta name=\"twitter:label2\" content=\"Tiempo de lectura\" \/>\n\t<meta name=\"twitter:data2\" content=\"1 minuto\" \/>\n<script type=\"application\/ld+json\" class=\"yoast-schema-graph\">{\"@context\":\"https:\\\/\\\/schema.org\",\"@graph\":[{\"@type\":\"Article\",\"@id\":\"https:\\\/\\\/www.fcejs.unsl.edu.ar\\\/index.php\\\/se-designaron-los-abanderados-de-la-fcejs-periodo-junio-21-mayo-22\\\/#article\",\"isPartOf\":{\"@id\":\"https:\\\/\\\/www.fcejs.unsl.edu.ar\\\/index.php\\\/se-designaron-los-abanderados-de-la-fcejs-periodo-junio-21-mayo-22\\\/\"},\"author\":{\"name\":\"DATI\",\"@id\":\"https:\\\/\\\/www.fcejs.unsl.edu.ar\\\/#\\\/schema\\\/person\\\/352ee6ed90c3f394c7cb5945f8956d34\"},\"headline\":\"Se designaron los Abanderados de la FCEJS \u2013 Per\u00edodo Junio\\\/21-Mayo\\\/22\",\"datePublished\":\"2021-07-06T14:03:08+00:00\",\"dateModified\":\"2021-09-27T12:10:56+00:00\",\"mainEntityOfPage\":{\"@id\":\"https:\\\/\\\/www.fcejs.unsl.edu.ar\\\/index.php\\\/se-designaron-los-abanderados-de-la-fcejs-periodo-junio-21-mayo-22\\\/\"},\"wordCount\":160,\"publisher\":{\"@id\":\"https:\\\/\\\/www.fcejs.unsl.edu.ar\\\/#organization\"},\"image\":{\"@id\":\"https:\\\/\\\/www.fcejs.unsl.edu.ar\\\/index.php\\\/se-designaron-los-abanderados-de-la-fcejs-periodo-junio-21-mayo-22\\\/#primaryimage\"},\"thumbnailUrl\":\"https:\\\/\\\/www.fcejs.unsl.edu.ar\\\/wp-content\\\/uploads\\\/2021\\\/06\\\/abanderados.jpg\",\"articleSection\":[\"Archivadas\"],\"inLanguage\":\"es-AR\"},{\"@type\":\"WebPage\",\"@id\":\"https:\\\/\\\/www.fcejs.unsl.edu.ar\\\/index.php\\\/se-designaron-los-abanderados-de-la-fcejs-periodo-junio-21-mayo-22\\\/\",\"url\":\"https:\\\/\\\/www.fcejs.unsl.edu.ar\\\/index.php\\\/se-designaron-los-abanderados-de-la-fcejs-periodo-junio-21-mayo-22\\\/\",\"name\":\"Se designaron los Abanderados de la FCEJS \u2013 Per\u00edodo Junio\\\/21-Mayo\\\/22 - Facultad de Ciencias Econ\u00f3micas, Jur\u00ed\u00addicas y Sociales\",\"isPartOf\":{\"@id\":\"https:\\\/\\\/www.fcejs.unsl.edu.ar\\\/#website\"},\"primaryImageOfPage\":{\"@id\":\"https:\\\/\\\/www.fcejs.unsl.edu.ar\\\/index.php\\\/se-designaron-los-abanderados-de-la-fcejs-periodo-junio-21-mayo-22\\\/#primaryimage\"},\"image\":{\"@id\":\"https:\\\/\\\/www.fcejs.unsl.edu.ar\\\/index.php\\\/se-designaron-los-abanderados-de-la-fcejs-periodo-junio-21-mayo-22\\\/#primaryimage\"},\"thumbnailUrl\":\"https:\\\/\\\/www.fcejs.unsl.edu.ar\\\/wp-content\\\/uploads\\\/2021\\\/06\\\/abanderados.jpg\",\"datePublished\":\"2021-07-06T14:03:08+00:00\",\"dateModified\":\"2021-09-27T12:10:56+00:00\",\"breadcrumb\":{\"@id\":\"https:\\\/\\\/www.fcejs.unsl.edu.ar\\\/index.php\\\/se-designaron-los-abanderados-de-la-fcejs-periodo-junio-21-mayo-22\\\/#breadcrumb\"},\"inLanguage\":\"es-AR\",\"potentialAction\":[{\"@type\":\"ReadAction\",\"target\":[\"https:\\\/\\\/www.fcejs.unsl.edu.ar\\\/index.php\\\/se-designaron-los-abanderados-de-la-fcejs-periodo-junio-21-mayo-22\\\/\"]}]},{\"@type\":\"ImageObject\",\"inLanguage\":\"es-AR\",\"@id\":\"https:\\\/\\\/www.fcejs.unsl.edu.ar\\\/index.php\\\/se-designaron-los-abanderados-de-la-fcejs-periodo-junio-21-mayo-22\\\/#primaryimage\",\"url\":\"https:\\\/\\\/www.fcejs.unsl.edu.ar\\\/wp-content\\\/uploads\\\/2021\\\/06\\\/abanderados.jpg\",\"contentUrl\":\"https:\\\/\\\/www.fcejs.unsl.edu.ar\\\/wp-content\\\/uploads\\\/2021\\\/06\\\/abanderados.jpg\",\"width\":1152,\"height\":647},{\"@type\":\"BreadcrumbList\",\"@id\":\"https:\\\/\\\/www.fcejs.unsl.edu.ar\\\/index.php\\\/se-designaron-los-abanderados-de-la-fcejs-periodo-junio-21-mayo-22\\\/#breadcrumb\",\"itemListElement\":[{\"@type\":\"ListItem\",\"position\":1,\"name\":\"Inicio\",\"item\":\"https:\\\/\\\/www.fcejs.unsl.edu.ar\\\/\"},{\"@type\":\"ListItem\",\"position\":2,\"name\":\"Se designaron los Abanderados de la FCEJS \u2013 Per\u00edodo Junio\\\/21-Mayo\\\/22\"}]},{\"@type\":\"WebSite\",\"@id\":\"https:\\\/\\\/www.fcejs.unsl.edu.ar\\\/#website\",\"url\":\"https:\\\/\\\/www.fcejs.unsl.edu.ar\\\/\",\"name\":\"Facultad de Ciencias Econ\u00f3micas, Jur\u00ed\u00addicas y Sociales\",\"description\":\"\",\"publisher\":{\"@id\":\"https:\\\/\\\/www.fcejs.unsl.edu.ar\\\/#organization\"},\"potentialAction\":[{\"@type\":\"SearchAction\",\"target\":{\"@type\":\"EntryPoint\",\"urlTemplate\":\"https:\\\/\\\/www.fcejs.unsl.edu.ar\\\/?s={search_term_string}\"},\"query-input\":{\"@type\":\"PropertyValueSpecification\",\"valueRequired\":true,\"valueName\":\"search_term_string\"}}],\"inLanguage\":\"es-AR\"},{\"@type\":\"Organization\",\"@id\":\"https:\\\/\\\/www.fcejs.unsl.edu.ar\\\/#organization\",\"name\":\"Facultad de Ciencias Econ\u00f3micas, Jur\u00eddicas y Sociales\",\"url\":\"https:\\\/\\\/www.fcejs.unsl.edu.ar\\\/\",\"logo\":{\"@type\":\"ImageObject\",\"inLanguage\":\"es-AR\",\"@id\":\"https:\\\/\\\/www.fcejs.unsl.edu.ar\\\/#\\\/schema\\\/logo\\\/image\\\/\",\"url\":\"https:\\\/\\\/www.fcejs.unsl.edu.ar\\\/wp-content\\\/uploads\\\/2021\\\/03\\\/logo-1.jpg\",\"contentUrl\":\"https:\\\/\\\/www.fcejs.unsl.edu.ar\\\/wp-content\\\/uploads\\\/2021\\\/03\\\/logo-1.jpg\",\"width\":471,\"height\":146,\"caption\":\"Facultad de Ciencias Econ\u00f3micas, Jur\u00eddicas y Sociales\"},\"image\":{\"@id\":\"https:\\\/\\\/www.fcejs.unsl.edu.ar\\\/#\\\/schema\\\/logo\\\/image\\\/\"},\"sameAs\":[\"https:\\\/\\\/www.facebook.com\\\/FCEJS.UNSL\\\/\",\"https:\\\/\\\/x.com\\\/FCEJSUNSL\",\"https:\\\/\\\/www.instagram.com\\\/fcejs.unsl\\\/\",\"https:\\\/\\\/www.youtube.com\\\/channel\\\/UCH-Ut6EaN_X5ogjIQMPe46g\\\/\"]},{\"@type\":\"Person\",\"@id\":\"https:\\\/\\\/www.fcejs.unsl.edu.ar\\\/#\\\/schema\\\/person\\\/352ee6ed90c3f394c7cb5945f8956d34\",\"name\":\"DATI\"}]}<\/script>\n<!-- \/ Yoast SEO plugin. -->","yoast_head_json":{"title":"Se designaron los Abanderados de la FCEJS \u2013 Per\u00edodo Junio\/21-Mayo\/22 - Facultad de Ciencias Econ\u00f3micas, Jur\u00ed\u00addicas y Sociales","robots":{"index":"index","follow":"follow","max-snippet":"max-snippet:-1","max-image-preview":"max-image-preview:large","max-video-preview":"max-video-preview:-1"},"canonical":"https:\/\/www.fcejs.unsl.edu.ar\/index.php\/se-designaron-los-abanderados-de-la-fcejs-periodo-junio-21-mayo-22\/","og_locale":"es_ES","og_type":"article","og_title":"Se designaron los Abanderados de la FCEJS \u2013 Per\u00edodo Junio\/21-Mayo\/22 - Facultad de Ciencias Econ\u00f3micas, Jur\u00ed\u00addicas y Sociales","og_description":"La Secretar\u00eda Acad\u00e9mica informa que, por\u00a0Resoluci\u00f3n Decanato N\u00ba 572\/21, se han designado los Abanderados y Escoltas que respectivamente portar\u00e1n y acompa\u00f1ar\u00e1n la Bandera Nacional y&hellip;","og_url":"https:\/\/www.fcejs.unsl.edu.ar\/index.php\/se-designaron-los-abanderados-de-la-fcejs-periodo-junio-21-mayo-22\/","og_site_name":"Facultad de Ciencias Econ\u00f3micas, Jur\u00ed\u00addicas y Sociales","article_publisher":"https:\/\/www.facebook.com\/FCEJS.UNSL\/","article_published_time":"2021-07-06T14:03:08+00:00","article_modified_time":"2021-09-27T12:10:56+00:00","og_image":[{"width":1152,"height":647,"url":"https:\/\/www.fcejs.unsl.edu.ar\/wp-content\/uploads\/2021\/06\/abanderados.jpg","type":"image\/jpeg"}],"author":"DATI","twitter_card":"summary_large_image","twitter_creator":"@FCEJSUNSL","twitter_site":"@FCEJSUNSL","twitter_misc":{"Escrito por":"DATI","Tiempo de lectura":"1 minuto"},"schema":{"@context":"https:\/\/schema.org","@graph":[{"@type":"Article","@id":"https:\/\/www.fcejs.unsl.edu.ar\/index.php\/se-designaron-los-abanderados-de-la-fcejs-periodo-junio-21-mayo-22\/#article","isPartOf":{"@id":"https:\/\/www.fcejs.unsl.edu.ar\/index.php\/se-designaron-los-abanderados-de-la-fcejs-periodo-junio-21-mayo-22\/"},"author":{"name":"DATI","@id":"https:\/\/www.fcejs.unsl.edu.ar\/#\/schema\/person\/352ee6ed90c3f394c7cb5945f8956d34"},"headline":"Se designaron los Abanderados de la FCEJS \u2013 Per\u00edodo Junio\/21-Mayo\/22","datePublished":"2021-07-06T14:03:08+00:00","dateModified":"2021-09-27T12:10:56+00:00","mainEntityOfPage":{"@id":"https:\/\/www.fcejs.unsl.edu.ar\/index.php\/se-designaron-los-abanderados-de-la-fcejs-periodo-junio-21-mayo-22\/"},"wordCount":160,"publisher":{"@id":"https:\/\/www.fcejs.unsl.edu.ar\/#organization"},"image":{"@id":"https:\/\/www.fcejs.unsl.edu.ar\/index.php\/se-designaron-los-abanderados-de-la-fcejs-periodo-junio-21-mayo-22\/#primaryimage"},"thumbnailUrl":"https:\/\/www.fcejs.unsl.edu.ar\/wp-content\/uploads\/2021\/06\/abanderados.jpg","articleSection":["Archivadas"],"inLanguage":"es-AR"},{"@type":"WebPage","@id":"https:\/\/www.fcejs.unsl.edu.ar\/index.php\/se-designaron-los-abanderados-de-la-fcejs-periodo-junio-21-mayo-22\/","url":"https:\/\/www.fcejs.unsl.edu.ar\/index.php\/se-designaron-los-abanderados-de-la-fcejs-periodo-junio-21-mayo-22\/","name":"Se designaron los Abanderados de la FCEJS \u2013 Per\u00edodo Junio\/21-Mayo\/22 - Facultad de Ciencias Econ\u00f3micas, Jur\u00ed\u00addicas y Sociales","isPartOf":{"@id":"https:\/\/www.fcejs.unsl.edu.ar\/#website"},"primaryImageOfPage":{"@id":"https:\/\/www.fcejs.unsl.edu.ar\/index.php\/se-designaron-los-abanderados-de-la-fcejs-periodo-junio-21-mayo-22\/#primaryimage"},"image":{"@id":"https:\/\/www.fcejs.unsl.edu.ar\/index.php\/se-designaron-los-abanderados-de-la-fcejs-periodo-junio-21-mayo-22\/#primaryimage"},"thumbnailUrl":"https:\/\/www.fcejs.unsl.edu.ar\/wp-content\/uploads\/2021\/06\/abanderados.jpg","datePublished":"2021-07-06T14:03:08+00:00","dateModified":"2021-09-27T12:10:56+00:00","breadcrumb":{"@id":"https:\/\/www.fcejs.unsl.edu.ar\/index.php\/se-designaron-los-abanderados-de-la-fcejs-periodo-junio-21-mayo-22\/#breadcrumb"},"inLanguage":"es-AR","potentialAction":[{"@type":"ReadAction","target":["https:\/\/www.fcejs.unsl.edu.ar\/index.php\/se-designaron-los-abanderados-de-la-fcejs-periodo-junio-21-mayo-22\/"]}]},{"@type":"ImageObject","inLanguage":"es-AR","@id":"https:\/\/www.fcejs.unsl.edu.ar\/index.php\/se-designaron-los-abanderados-de-la-fcejs-periodo-junio-21-mayo-22\/#primaryimage","url":"https:\/\/www.fcejs.unsl.edu.ar\/wp-content\/uploads\/2021\/06\/abanderados.jpg","contentUrl":"https:\/\/www.fcejs.unsl.edu.ar\/wp-content\/uploads\/2021\/06\/abanderados.jpg","width":1152,"height":647},{"@type":"BreadcrumbList","@id":"https:\/\/www.fcejs.unsl.edu.ar\/index.php\/se-designaron-los-abanderados-de-la-fcejs-periodo-junio-21-mayo-22\/#breadcrumb","itemListElement":[{"@type":"ListItem","position":1,"name":"Inicio","item":"https:\/\/www.fcejs.unsl.edu.ar\/"},{"@type":"ListItem","position":2,"name":"Se designaron los Abanderados de la FCEJS \u2013 Per\u00edodo Junio\/21-Mayo\/22"}]},{"@type":"WebSite","@id":"https:\/\/www.fcejs.unsl.edu.ar\/#website","url":"https:\/\/www.fcejs.unsl.edu.ar\/","name":"Facultad de Ciencias Econ\u00f3micas, Jur\u00ed\u00addicas y Sociales","description":"","publisher":{"@id":"https:\/\/www.fcejs.unsl.edu.ar\/#organization"},"potentialAction":[{"@type":"SearchAction","target":{"@type":"EntryPoint","urlTemplate":"https:\/\/www.fcejs.unsl.edu.ar\/?s={search_term_string}"},"query-input":{"@type":"PropertyValueSpecification","valueRequired":true,"valueName":"search_term_string"}}],"inLanguage":"es-AR"},{"@type":"Organization","@id":"https:\/\/www.fcejs.unsl.edu.ar\/#organization","name":"Facultad de Ciencias Econ\u00f3micas, Jur\u00eddicas y Sociales","url":"https:\/\/www.fcejs.unsl.edu.ar\/","logo":{"@type":"ImageObject","inLanguage":"es-AR","@id":"https:\/\/www.fcejs.unsl.edu.ar\/#\/schema\/logo\/image\/","url":"https:\/\/www.fcejs.unsl.edu.ar\/wp-content\/uploads\/2021\/03\/logo-1.jpg","contentUrl":"https:\/\/www.fcejs.unsl.edu.ar\/wp-content\/uploads\/2021\/03\/logo-1.jpg","width":471,"height":146,"caption":"Facultad de Ciencias Econ\u00f3micas, Jur\u00eddicas y Sociales"},"image":{"@id":"https:\/\/www.fcejs.unsl.edu.ar\/#\/schema\/logo\/image\/"},"sameAs":["https:\/\/www.facebook.com\/FCEJS.UNSL\/","https:\/\/x.com\/FCEJSUNSL","https:\/\/www.instagram.com\/fcejs.unsl\/","https:\/\/www.youtube.com\/channel\/UCH-Ut6EaN_X5ogjIQMPe46g\/"]},{"@type":"Person","@id":"https:\/\/www.fcejs.unsl.edu.ar\/#\/schema\/person\/352ee6ed90c3f394c7cb5945f8956d34","name":"DATI"}]}},"jetpack_featured_media_url":"https:\/\/www.fcejs.unsl.edu.ar\/wp-content\/uploads\/2021\/06\/abanderados.jpg","_links":{"self":[{"href":"https:\/\/www.fcejs.unsl.edu.ar\/index.php\/wp-json\/wp\/v2\/posts\/4353","targetHints":{"allow":["GET"]}}],"collection":[{"href":"https:\/\/www.fcejs.unsl.edu.ar\/index.php\/wp-json\/wp\/v2\/posts"}],"about":[{"href":"https:\/\/www.fcejs.unsl.edu.ar\/index.php\/wp-json\/wp\/v2\/types\/post"}],"author":[{"embeddable":true,"href":"https:\/\/www.fcejs.unsl.edu.ar\/index.php\/wp-json\/wp\/v2\/users\/9"}],"replies":[{"embeddable":true,"href":"https:\/\/www.fcejs.unsl.edu.ar\/index.php\/wp-json\/wp\/v2\/comments?post=4353"}],"version-history":[{"count":4,"href":"https:\/\/www.fcejs.unsl.edu.ar\/index.php\/wp-json\/wp\/v2\/posts\/4353\/revisions"}],"predecessor-version":[{"id":4476,"href":"https:\/\/www.fcejs.unsl.edu.ar\/index.php\/wp-json\/wp\/v2\/posts\/4353\/revisions\/4476"}],"wp:featuredmedia":[{"embeddable":true,"href":"https:\/\/www.fcejs.unsl.edu.ar\/index.php\/wp-json\/wp\/v2\/media\/4190"}],"wp:attachment":[{"href":"https:\/\/www.fcejs.unsl.edu.ar\/index.php\/wp-json\/wp\/v2\/media?parent=4353"}],"wp:term":[{"taxonomy":"category","embeddable":true,"href":"https:\/\/www.fcejs.unsl.edu.ar\/index.php\/wp-json\/wp\/v2\/categories?post=4353"},{"taxonomy":"post_tag","embeddable":true,"href":"https:\/\/www.fcejs.unsl.edu.ar\/index.php\/wp-json\/wp\/v2\/tags?post=4353"}],"curies":[{"name":"wp","href":"https:\/\/api.w.org\/{rel}","templated":true}]}}