{"id":4316,"date":"2021-07-02T12:08:24","date_gmt":"2021-07-02T15:08:24","guid":{"rendered":"http:\/\/10.101.10.197\/www\/?p=4316"},"modified":"2021-08-02T09:27:09","modified_gmt":"2021-08-02T12:27:09","slug":"inscripcion-abierta-para-cursar-la-asignatura-optativa-seminario-de-practica-de-litigacion-penal","status":"publish","type":"post","link":"https:\/\/www.fcejs.unsl.edu.ar\/index.php\/inscripcion-abierta-para-cursar-la-asignatura-optativa-seminario-de-practica-de-litigacion-penal\/","title":{"rendered":"Inscripci\u00f3n abierta para cursar la asignatura optativa \u201cSEMINARIO DE PRACTICA DE LITIGACI\u00d3N PENAL\u201d"},"content":{"rendered":"<p>El Equipo docente de la asignatura\u00a0optativa &#8220;Seminario de pr\u00e1ctica de litigaci\u00f3n penal&#8221; informa que se encuentra abierta la inscripci\u00f3n para el cursado durante el segundo cuatrimestre del a\u00f1o 2021 de esta asignatura optativa.<\/p>\n<p>La Naci\u00f3n y las provincias se encuentran inmersas en un proceso de cambio profundo de su sistema de justicia penal, proyect\u00e1ndose un C\u00f3digo Procesal Penal de car\u00e1cter acusatorio y adversarial, cuyos ejes fundamentales est\u00e1n dados por la oralidad, la publicidad, la inmediatez y el principio de contradicci\u00f3n. En este sistema todas las decisiones judiciales deben ser adoptadas bajo la metodolog\u00eda de audiencia, y para ello es imprescindible no s\u00f3lo el conocimiento dogm\u00e1tico de las normas procesales sino, adem\u00e1s, el manejo de ciertas destrezas y t\u00e9cnicas aplicables para su ejecuci\u00f3n.<\/p>\n<p>El horario de cursado es los d\u00edas mi\u00e9rcoles de 15 horas a 17 horas.<\/p>\n<p>Conforme el Plan de Estudios 11\/09, para cursar la asignatura se requiere tener aprobado Derecho Constitucional y regularizado Derecho Procesal I y Derecho Penal I.<\/p>\n<p>La inscripci\u00f3n debe realizarse personalmente a trav\u00e9s del departamento de alumnos, cuando comience el segundo cuatrimestre, siendo el horario de atenci\u00f3n de lunes a viernes de 10 a 12h.<\/p>\n<p>Para cualquier consulta o m\u00e1s informaci\u00f3n los tel\u00e9fonos del Departamento Alumnos son el 531059 o 531000 interno 7259.<\/p>\n<p>Equipo docente: Esp. H\u00e9ctor Alfredo L\u00e1zzari y Abog. Diego Leonardo Castillo. Pasantes: Nayla Cabrera Mu\u00f1oz, Mart\u00edn P\u00e9rez Rainieri y Juan Manuel Domine (ex litigantes del Equipo de Litigaci\u00f3n de la UNSL).<\/p>\n<p>&nbsp;<\/p>\n","protected":false},"excerpt":{"rendered":"<p>El Equipo docente de la asignatura\u00a0optativa &#8220;Seminario de pr\u00e1ctica de litigaci\u00f3n penal&#8221; informa que se encuentra abierta la inscripci\u00f3n para el cursado durante el segundo&hellip;<\/p>\n","protected":false},"author":9,"featured_media":4319,"comment_status":"closed","ping_status":"closed","sticky":false,"template":"","format":"standard","meta":{"om_disable_all_campaigns":false,"_monsterinsights_skip_tracking":false,"_monsterinsights_sitenote_active":false,"_monsterinsights_sitenote_note":"","_monsterinsights_sitenote_category":0,"footnotes":""},"categories":[21],"tags":[],"class_list":["post-4316","post","type-post","status-publish","format-standard","has-post-thumbnail","hentry","category-archivadas"],"yoast_head":"<!-- This site is optimized with the Yoast SEO plugin v27.5 - https:\/\/yoast.com\/product\/yoast-seo-wordpress\/ -->\n<title>Inscripci\u00f3n abierta para cursar la asignatura optativa \u201cSEMINARIO DE PRACTICA DE LITIGACI\u00d3N PENAL\u201d - Facultad de Ciencias Econ\u00f3micas, Jur\u00ed\u00addicas y Sociales<\/title>\n<meta name=\"robots\" content=\"index, follow, max-snippet:-1, max-image-preview:large, max-video-preview:-1\" \/>\n<link rel=\"canonical\" href=\"https:\/\/www.fcejs.unsl.edu.ar\/index.php\/inscripcion-abierta-para-cursar-la-asignatura-optativa-seminario-de-practica-de-litigacion-penal\/\" \/>\n<meta property=\"og:locale\" content=\"es_ES\" \/>\n<meta property=\"og:type\" content=\"article\" \/>\n<meta property=\"og:title\" content=\"Inscripci\u00f3n abierta para cursar la asignatura optativa \u201cSEMINARIO DE PRACTICA DE LITIGACI\u00d3N PENAL\u201d - Facultad de Ciencias Econ\u00f3micas, Jur\u00ed\u00addicas y Sociales\" \/>\n<meta property=\"og:description\" content=\"El Equipo docente de la asignatura\u00a0optativa &#8220;Seminario de pr\u00e1ctica de litigaci\u00f3n penal&#8221; informa que se encuentra abierta la inscripci\u00f3n para el cursado durante el segundo&hellip;\" \/>\n<meta property=\"og:url\" content=\"https:\/\/www.fcejs.unsl.edu.ar\/index.php\/inscripcion-abierta-para-cursar-la-asignatura-optativa-seminario-de-practica-de-litigacion-penal\/\" \/>\n<meta property=\"og:site_name\" content=\"Facultad de Ciencias Econ\u00f3micas, Jur\u00ed\u00addicas y Sociales\" \/>\n<meta property=\"article:publisher\" content=\"https:\/\/www.facebook.com\/FCEJS.UNSL\/\" \/>\n<meta property=\"article:published_time\" content=\"2021-07-02T15:08:24+00:00\" \/>\n<meta property=\"article:modified_time\" content=\"2021-08-02T12:27:09+00:00\" \/>\n<meta property=\"og:image\" content=\"https:\/\/www.fcejs.unsl.edu.ar\/wp-content\/uploads\/2021\/07\/1.jpg\" \/>\n\t<meta property=\"og:image:width\" content=\"1080\" \/>\n\t<meta property=\"og:image:height\" content=\"740\" \/>\n\t<meta property=\"og:image:type\" content=\"image\/jpeg\" \/>\n<meta name=\"author\" content=\"DATI\" \/>\n<meta name=\"twitter:card\" content=\"summary_large_image\" \/>\n<meta name=\"twitter:creator\" content=\"@FCEJSUNSL\" \/>\n<meta name=\"twitter:site\" content=\"@FCEJSUNSL\" \/>\n<meta name=\"twitter:label1\" content=\"Escrito por\" \/>\n\t<meta name=\"twitter:data1\" content=\"DATI\" \/>\n\t<meta name=\"twitter:label2\" content=\"Tiempo de lectura\" \/>\n\t<meta name=\"twitter:data2\" content=\"2 minutos\" \/>\n<script type=\"application\/ld+json\" class=\"yoast-schema-graph\">{\"@context\":\"https:\\\/\\\/schema.org\",\"@graph\":[{\"@type\":\"Article\",\"@id\":\"https:\\\/\\\/www.fcejs.unsl.edu.ar\\\/index.php\\\/inscripcion-abierta-para-cursar-la-asignatura-optativa-seminario-de-practica-de-litigacion-penal\\\/#article\",\"isPartOf\":{\"@id\":\"https:\\\/\\\/www.fcejs.unsl.edu.ar\\\/index.php\\\/inscripcion-abierta-para-cursar-la-asignatura-optativa-seminario-de-practica-de-litigacion-penal\\\/\"},\"author\":{\"name\":\"DATI\",\"@id\":\"https:\\\/\\\/www.fcejs.unsl.edu.ar\\\/#\\\/schema\\\/person\\\/352ee6ed90c3f394c7cb5945f8956d34\"},\"headline\":\"Inscripci\u00f3n abierta para cursar la asignatura optativa \u201cSEMINARIO DE PRACTICA DE LITIGACI\u00d3N PENAL\u201d\",\"datePublished\":\"2021-07-02T15:08:24+00:00\",\"dateModified\":\"2021-08-02T12:27:09+00:00\",\"mainEntityOfPage\":{\"@id\":\"https:\\\/\\\/www.fcejs.unsl.edu.ar\\\/index.php\\\/inscripcion-abierta-para-cursar-la-asignatura-optativa-seminario-de-practica-de-litigacion-penal\\\/\"},\"wordCount\":278,\"publisher\":{\"@id\":\"https:\\\/\\\/www.fcejs.unsl.edu.ar\\\/#organization\"},\"image\":{\"@id\":\"https:\\\/\\\/www.fcejs.unsl.edu.ar\\\/index.php\\\/inscripcion-abierta-para-cursar-la-asignatura-optativa-seminario-de-practica-de-litigacion-penal\\\/#primaryimage\"},\"thumbnailUrl\":\"https:\\\/\\\/www.fcejs.unsl.edu.ar\\\/wp-content\\\/uploads\\\/2021\\\/07\\\/1.jpg\",\"articleSection\":[\"Archivadas\"],\"inLanguage\":\"es-AR\"},{\"@type\":\"WebPage\",\"@id\":\"https:\\\/\\\/www.fcejs.unsl.edu.ar\\\/index.php\\\/inscripcion-abierta-para-cursar-la-asignatura-optativa-seminario-de-practica-de-litigacion-penal\\\/\",\"url\":\"https:\\\/\\\/www.fcejs.unsl.edu.ar\\\/index.php\\\/inscripcion-abierta-para-cursar-la-asignatura-optativa-seminario-de-practica-de-litigacion-penal\\\/\",\"name\":\"Inscripci\u00f3n abierta para cursar la asignatura optativa \u201cSEMINARIO DE PRACTICA DE LITIGACI\u00d3N PENAL\u201d - Facultad de Ciencias Econ\u00f3micas, Jur\u00ed\u00addicas y Sociales\",\"isPartOf\":{\"@id\":\"https:\\\/\\\/www.fcejs.unsl.edu.ar\\\/#website\"},\"primaryImageOfPage\":{\"@id\":\"https:\\\/\\\/www.fcejs.unsl.edu.ar\\\/index.php\\\/inscripcion-abierta-para-cursar-la-asignatura-optativa-seminario-de-practica-de-litigacion-penal\\\/#primaryimage\"},\"image\":{\"@id\":\"https:\\\/\\\/www.fcejs.unsl.edu.ar\\\/index.php\\\/inscripcion-abierta-para-cursar-la-asignatura-optativa-seminario-de-practica-de-litigacion-penal\\\/#primaryimage\"},\"thumbnailUrl\":\"https:\\\/\\\/www.fcejs.unsl.edu.ar\\\/wp-content\\\/uploads\\\/2021\\\/07\\\/1.jpg\",\"datePublished\":\"2021-07-02T15:08:24+00:00\",\"dateModified\":\"2021-08-02T12:27:09+00:00\",\"breadcrumb\":{\"@id\":\"https:\\\/\\\/www.fcejs.unsl.edu.ar\\\/index.php\\\/inscripcion-abierta-para-cursar-la-asignatura-optativa-seminario-de-practica-de-litigacion-penal\\\/#breadcrumb\"},\"inLanguage\":\"es-AR\",\"potentialAction\":[{\"@type\":\"ReadAction\",\"target\":[\"https:\\\/\\\/www.fcejs.unsl.edu.ar\\\/index.php\\\/inscripcion-abierta-para-cursar-la-asignatura-optativa-seminario-de-practica-de-litigacion-penal\\\/\"]}]},{\"@type\":\"ImageObject\",\"inLanguage\":\"es-AR\",\"@id\":\"https:\\\/\\\/www.fcejs.unsl.edu.ar\\\/index.php\\\/inscripcion-abierta-para-cursar-la-asignatura-optativa-seminario-de-practica-de-litigacion-penal\\\/#primaryimage\",\"url\":\"https:\\\/\\\/www.fcejs.unsl.edu.ar\\\/wp-content\\\/uploads\\\/2021\\\/07\\\/1.jpg\",\"contentUrl\":\"https:\\\/\\\/www.fcejs.unsl.edu.ar\\\/wp-content\\\/uploads\\\/2021\\\/07\\\/1.jpg\",\"width\":1080,\"height\":740},{\"@type\":\"BreadcrumbList\",\"@id\":\"https:\\\/\\\/www.fcejs.unsl.edu.ar\\\/index.php\\\/inscripcion-abierta-para-cursar-la-asignatura-optativa-seminario-de-practica-de-litigacion-penal\\\/#breadcrumb\",\"itemListElement\":[{\"@type\":\"ListItem\",\"position\":1,\"name\":\"Inicio\",\"item\":\"https:\\\/\\\/www.fcejs.unsl.edu.ar\\\/\"},{\"@type\":\"ListItem\",\"position\":2,\"name\":\"Inscripci\u00f3n abierta para cursar la asignatura optativa \u201cSEMINARIO DE PRACTICA DE LITIGACI\u00d3N PENAL\u201d\"}]},{\"@type\":\"WebSite\",\"@id\":\"https:\\\/\\\/www.fcejs.unsl.edu.ar\\\/#website\",\"url\":\"https:\\\/\\\/www.fcejs.unsl.edu.ar\\\/\",\"name\":\"Facultad de Ciencias Econ\u00f3micas, Jur\u00ed\u00addicas y Sociales\",\"description\":\"\",\"publisher\":{\"@id\":\"https:\\\/\\\/www.fcejs.unsl.edu.ar\\\/#organization\"},\"potentialAction\":[{\"@type\":\"SearchAction\",\"target\":{\"@type\":\"EntryPoint\",\"urlTemplate\":\"https:\\\/\\\/www.fcejs.unsl.edu.ar\\\/?s={search_term_string}\"},\"query-input\":{\"@type\":\"PropertyValueSpecification\",\"valueRequired\":true,\"valueName\":\"search_term_string\"}}],\"inLanguage\":\"es-AR\"},{\"@type\":\"Organization\",\"@id\":\"https:\\\/\\\/www.fcejs.unsl.edu.ar\\\/#organization\",\"name\":\"Facultad de Ciencias Econ\u00f3micas, Jur\u00eddicas y Sociales\",\"url\":\"https:\\\/\\\/www.fcejs.unsl.edu.ar\\\/\",\"logo\":{\"@type\":\"ImageObject\",\"inLanguage\":\"es-AR\",\"@id\":\"https:\\\/\\\/www.fcejs.unsl.edu.ar\\\/#\\\/schema\\\/logo\\\/image\\\/\",\"url\":\"https:\\\/\\\/www.fcejs.unsl.edu.ar\\\/wp-content\\\/uploads\\\/2021\\\/03\\\/logo-1.jpg\",\"contentUrl\":\"https:\\\/\\\/www.fcejs.unsl.edu.ar\\\/wp-content\\\/uploads\\\/2021\\\/03\\\/logo-1.jpg\",\"width\":471,\"height\":146,\"caption\":\"Facultad de Ciencias Econ\u00f3micas, Jur\u00eddicas y Sociales\"},\"image\":{\"@id\":\"https:\\\/\\\/www.fcejs.unsl.edu.ar\\\/#\\\/schema\\\/logo\\\/image\\\/\"},\"sameAs\":[\"https:\\\/\\\/www.facebook.com\\\/FCEJS.UNSL\\\/\",\"https:\\\/\\\/x.com\\\/FCEJSUNSL\",\"https:\\\/\\\/www.instagram.com\\\/fcejs.unsl\\\/\",\"https:\\\/\\\/www.youtube.com\\\/channel\\\/UCH-Ut6EaN_X5ogjIQMPe46g\\\/\"]},{\"@type\":\"Person\",\"@id\":\"https:\\\/\\\/www.fcejs.unsl.edu.ar\\\/#\\\/schema\\\/person\\\/352ee6ed90c3f394c7cb5945f8956d34\",\"name\":\"DATI\"}]}<\/script>\n<!-- \/ Yoast SEO plugin. -->","yoast_head_json":{"title":"Inscripci\u00f3n abierta para cursar la asignatura optativa \u201cSEMINARIO DE PRACTICA DE LITIGACI\u00d3N PENAL\u201d - Facultad de Ciencias Econ\u00f3micas, Jur\u00ed\u00addicas y Sociales","robots":{"index":"index","follow":"follow","max-snippet":"max-snippet:-1","max-image-preview":"max-image-preview:large","max-video-preview":"max-video-preview:-1"},"canonical":"https:\/\/www.fcejs.unsl.edu.ar\/index.php\/inscripcion-abierta-para-cursar-la-asignatura-optativa-seminario-de-practica-de-litigacion-penal\/","og_locale":"es_ES","og_type":"article","og_title":"Inscripci\u00f3n abierta para cursar la asignatura optativa \u201cSEMINARIO DE PRACTICA DE LITIGACI\u00d3N PENAL\u201d - Facultad de Ciencias Econ\u00f3micas, Jur\u00ed\u00addicas y Sociales","og_description":"El Equipo docente de la asignatura\u00a0optativa &#8220;Seminario de pr\u00e1ctica de litigaci\u00f3n penal&#8221; informa que se encuentra abierta la inscripci\u00f3n para el cursado durante el segundo&hellip;","og_url":"https:\/\/www.fcejs.unsl.edu.ar\/index.php\/inscripcion-abierta-para-cursar-la-asignatura-optativa-seminario-de-practica-de-litigacion-penal\/","og_site_name":"Facultad de Ciencias Econ\u00f3micas, Jur\u00ed\u00addicas y Sociales","article_publisher":"https:\/\/www.facebook.com\/FCEJS.UNSL\/","article_published_time":"2021-07-02T15:08:24+00:00","article_modified_time":"2021-08-02T12:27:09+00:00","og_image":[{"width":1080,"height":740,"url":"https:\/\/www.fcejs.unsl.edu.ar\/wp-content\/uploads\/2021\/07\/1.jpg","type":"image\/jpeg"}],"author":"DATI","twitter_card":"summary_large_image","twitter_creator":"@FCEJSUNSL","twitter_site":"@FCEJSUNSL","twitter_misc":{"Escrito por":"DATI","Tiempo de lectura":"2 minutos"},"schema":{"@context":"https:\/\/schema.org","@graph":[{"@type":"Article","@id":"https:\/\/www.fcejs.unsl.edu.ar\/index.php\/inscripcion-abierta-para-cursar-la-asignatura-optativa-seminario-de-practica-de-litigacion-penal\/#article","isPartOf":{"@id":"https:\/\/www.fcejs.unsl.edu.ar\/index.php\/inscripcion-abierta-para-cursar-la-asignatura-optativa-seminario-de-practica-de-litigacion-penal\/"},"author":{"name":"DATI","@id":"https:\/\/www.fcejs.unsl.edu.ar\/#\/schema\/person\/352ee6ed90c3f394c7cb5945f8956d34"},"headline":"Inscripci\u00f3n abierta para cursar la asignatura optativa \u201cSEMINARIO DE PRACTICA DE LITIGACI\u00d3N PENAL\u201d","datePublished":"2021-07-02T15:08:24+00:00","dateModified":"2021-08-02T12:27:09+00:00","mainEntityOfPage":{"@id":"https:\/\/www.fcejs.unsl.edu.ar\/index.php\/inscripcion-abierta-para-cursar-la-asignatura-optativa-seminario-de-practica-de-litigacion-penal\/"},"wordCount":278,"publisher":{"@id":"https:\/\/www.fcejs.unsl.edu.ar\/#organization"},"image":{"@id":"https:\/\/www.fcejs.unsl.edu.ar\/index.php\/inscripcion-abierta-para-cursar-la-asignatura-optativa-seminario-de-practica-de-litigacion-penal\/#primaryimage"},"thumbnailUrl":"https:\/\/www.fcejs.unsl.edu.ar\/wp-content\/uploads\/2021\/07\/1.jpg","articleSection":["Archivadas"],"inLanguage":"es-AR"},{"@type":"WebPage","@id":"https:\/\/www.fcejs.unsl.edu.ar\/index.php\/inscripcion-abierta-para-cursar-la-asignatura-optativa-seminario-de-practica-de-litigacion-penal\/","url":"https:\/\/www.fcejs.unsl.edu.ar\/index.php\/inscripcion-abierta-para-cursar-la-asignatura-optativa-seminario-de-practica-de-litigacion-penal\/","name":"Inscripci\u00f3n abierta para cursar la asignatura optativa \u201cSEMINARIO DE PRACTICA DE LITIGACI\u00d3N PENAL\u201d - Facultad de Ciencias Econ\u00f3micas, Jur\u00ed\u00addicas y Sociales","isPartOf":{"@id":"https:\/\/www.fcejs.unsl.edu.ar\/#website"},"primaryImageOfPage":{"@id":"https:\/\/www.fcejs.unsl.edu.ar\/index.php\/inscripcion-abierta-para-cursar-la-asignatura-optativa-seminario-de-practica-de-litigacion-penal\/#primaryimage"},"image":{"@id":"https:\/\/www.fcejs.unsl.edu.ar\/index.php\/inscripcion-abierta-para-cursar-la-asignatura-optativa-seminario-de-practica-de-litigacion-penal\/#primaryimage"},"thumbnailUrl":"https:\/\/www.fcejs.unsl.edu.ar\/wp-content\/uploads\/2021\/07\/1.jpg","datePublished":"2021-07-02T15:08:24+00:00","dateModified":"2021-08-02T12:27:09+00:00","breadcrumb":{"@id":"https:\/\/www.fcejs.unsl.edu.ar\/index.php\/inscripcion-abierta-para-cursar-la-asignatura-optativa-seminario-de-practica-de-litigacion-penal\/#breadcrumb"},"inLanguage":"es-AR","potentialAction":[{"@type":"ReadAction","target":["https:\/\/www.fcejs.unsl.edu.ar\/index.php\/inscripcion-abierta-para-cursar-la-asignatura-optativa-seminario-de-practica-de-litigacion-penal\/"]}]},{"@type":"ImageObject","inLanguage":"es-AR","@id":"https:\/\/www.fcejs.unsl.edu.ar\/index.php\/inscripcion-abierta-para-cursar-la-asignatura-optativa-seminario-de-practica-de-litigacion-penal\/#primaryimage","url":"https:\/\/www.fcejs.unsl.edu.ar\/wp-content\/uploads\/2021\/07\/1.jpg","contentUrl":"https:\/\/www.fcejs.unsl.edu.ar\/wp-content\/uploads\/2021\/07\/1.jpg","width":1080,"height":740},{"@type":"BreadcrumbList","@id":"https:\/\/www.fcejs.unsl.edu.ar\/index.php\/inscripcion-abierta-para-cursar-la-asignatura-optativa-seminario-de-practica-de-litigacion-penal\/#breadcrumb","itemListElement":[{"@type":"ListItem","position":1,"name":"Inicio","item":"https:\/\/www.fcejs.unsl.edu.ar\/"},{"@type":"ListItem","position":2,"name":"Inscripci\u00f3n abierta para cursar la asignatura optativa \u201cSEMINARIO DE PRACTICA DE LITIGACI\u00d3N PENAL\u201d"}]},{"@type":"WebSite","@id":"https:\/\/www.fcejs.unsl.edu.ar\/#website","url":"https:\/\/www.fcejs.unsl.edu.ar\/","name":"Facultad de Ciencias Econ\u00f3micas, Jur\u00ed\u00addicas y Sociales","description":"","publisher":{"@id":"https:\/\/www.fcejs.unsl.edu.ar\/#organization"},"potentialAction":[{"@type":"SearchAction","target":{"@type":"EntryPoint","urlTemplate":"https:\/\/www.fcejs.unsl.edu.ar\/?s={search_term_string}"},"query-input":{"@type":"PropertyValueSpecification","valueRequired":true,"valueName":"search_term_string"}}],"inLanguage":"es-AR"},{"@type":"Organization","@id":"https:\/\/www.fcejs.unsl.edu.ar\/#organization","name":"Facultad de Ciencias Econ\u00f3micas, Jur\u00eddicas y Sociales","url":"https:\/\/www.fcejs.unsl.edu.ar\/","logo":{"@type":"ImageObject","inLanguage":"es-AR","@id":"https:\/\/www.fcejs.unsl.edu.ar\/#\/schema\/logo\/image\/","url":"https:\/\/www.fcejs.unsl.edu.ar\/wp-content\/uploads\/2021\/03\/logo-1.jpg","contentUrl":"https:\/\/www.fcejs.unsl.edu.ar\/wp-content\/uploads\/2021\/03\/logo-1.jpg","width":471,"height":146,"caption":"Facultad de Ciencias Econ\u00f3micas, Jur\u00eddicas y Sociales"},"image":{"@id":"https:\/\/www.fcejs.unsl.edu.ar\/#\/schema\/logo\/image\/"},"sameAs":["https:\/\/www.facebook.com\/FCEJS.UNSL\/","https:\/\/x.com\/FCEJSUNSL","https:\/\/www.instagram.com\/fcejs.unsl\/","https:\/\/www.youtube.com\/channel\/UCH-Ut6EaN_X5ogjIQMPe46g\/"]},{"@type":"Person","@id":"https:\/\/www.fcejs.unsl.edu.ar\/#\/schema\/person\/352ee6ed90c3f394c7cb5945f8956d34","name":"DATI"}]}},"jetpack_featured_media_url":"https:\/\/www.fcejs.unsl.edu.ar\/wp-content\/uploads\/2021\/07\/1.jpg","_links":{"self":[{"href":"https:\/\/www.fcejs.unsl.edu.ar\/index.php\/wp-json\/wp\/v2\/posts\/4316","targetHints":{"allow":["GET"]}}],"collection":[{"href":"https:\/\/www.fcejs.unsl.edu.ar\/index.php\/wp-json\/wp\/v2\/posts"}],"about":[{"href":"https:\/\/www.fcejs.unsl.edu.ar\/index.php\/wp-json\/wp\/v2\/types\/post"}],"author":[{"embeddable":true,"href":"https:\/\/www.fcejs.unsl.edu.ar\/index.php\/wp-json\/wp\/v2\/users\/9"}],"replies":[{"embeddable":true,"href":"https:\/\/www.fcejs.unsl.edu.ar\/index.php\/wp-json\/wp\/v2\/comments?post=4316"}],"version-history":[{"count":3,"href":"https:\/\/www.fcejs.unsl.edu.ar\/index.php\/wp-json\/wp\/v2\/posts\/4316\/revisions"}],"predecessor-version":[{"id":4367,"href":"https:\/\/www.fcejs.unsl.edu.ar\/index.php\/wp-json\/wp\/v2\/posts\/4316\/revisions\/4367"}],"wp:featuredmedia":[{"embeddable":true,"href":"https:\/\/www.fcejs.unsl.edu.ar\/index.php\/wp-json\/wp\/v2\/media\/4319"}],"wp:attachment":[{"href":"https:\/\/www.fcejs.unsl.edu.ar\/index.php\/wp-json\/wp\/v2\/media?parent=4316"}],"wp:term":[{"taxonomy":"category","embeddable":true,"href":"https:\/\/www.fcejs.unsl.edu.ar\/index.php\/wp-json\/wp\/v2\/categories?post=4316"},{"taxonomy":"post_tag","embeddable":true,"href":"https:\/\/www.fcejs.unsl.edu.ar\/index.php\/wp-json\/wp\/v2\/tags?post=4316"}],"curies":[{"name":"wp","href":"https:\/\/api.w.org\/{rel}","templated":true}]}}