{"id":4313,"date":"2021-07-02T11:01:44","date_gmt":"2021-07-02T14:01:44","guid":{"rendered":"http:\/\/10.101.10.197\/www\/?p=4313"},"modified":"2021-08-13T13:36:22","modified_gmt":"2021-08-13T16:36:22","slug":"prorroga-para-presentacion-de-trabajos-al-congreso-de-extension-de-augm","status":"publish","type":"post","link":"https:\/\/www.fcejs.unsl.edu.ar\/index.php\/prorroga-para-presentacion-de-trabajos-al-congreso-de-extension-de-augm\/","title":{"rendered":"Pr\u00f3rroga para presentaci\u00f3n de trabajos al Congreso de Extensi\u00f3n de AUGM"},"content":{"rendered":"<p>Se ampl\u00eda el plazo de presentaci\u00f3n de trabajos para el V Congreso de Extensi\u00f3n Universitaria de la Asociaci\u00f3n de Universidades Grupo Montevideo (AUGM) hasta el 1 de agosto de 2021.<\/p>\n<p>El evento, que ser\u00e1 acogido por la Universidad Federal de Santa Mar\u00eda (UFSM), se desarrolla entre el 13 y el 15 de septiembre en formato virtual. Se puede acceder a la informaci\u00f3n sobre la convocatoria de ponencias en el\u00a0<strong><a href=\"https:\/\/www.ufsm.br\/pro-reitorias\/pre\/augm\">sitio web del evento<\/a>.<\/strong><\/p>\n<p>La edici\u00f3n del Congreso se titula\u00a0<em>Universidad y sociedad conectadas para el desarrollo regional sostenible<\/em>\u00a0y contar\u00e1 con una (1) conferencia inaugural, tres (3) mesas redondas y ocho (8) talleres.<\/p>\n<p>La propuesta incluye, adem\u00e1s, una\u00a0convocatoria a trabajos en el marco de cinco (5) ejes tem\u00e1ticos: Institucionalizaci\u00f3n de la Extensi\u00f3n Universitaria; Producci\u00f3n art\u00edstica y cultural; Desarrollo sustentable, Estado y sociedad; Formaci\u00f3n de ciudadan\u00eda, Derechos Humanos e inclusi\u00f3n; y Comunicaci\u00f3n y Redes.<\/p>\n<p>Este Congreso de AUGM es organizado por la Comisi\u00f3n Permanente de Extensi\u00f3n Universitaria junto a la Comisi\u00f3n Permanente de Producci\u00f3n Art\u00edstica y Cultural y la Comisi\u00f3n Permanente de Medios y Comunicaci\u00f3n Universitaria, todas ellas agrupamientos de AUGM.<\/p>\n<p><strong><a href=\"http:\/\/www.noticias.unsl.edu.ar\/wp-content\/uploads\/2021\/07\/3-circular-augm-espanhol.pdf\">Tercera circular<\/a><\/strong><\/p>\n","protected":false},"excerpt":{"rendered":"<p>Se ampl\u00eda el plazo de presentaci\u00f3n de trabajos para el V Congreso de Extensi\u00f3n Universitaria de la Asociaci\u00f3n de Universidades Grupo Montevideo (AUGM) hasta el&hellip;<\/p>\n","protected":false},"author":9,"featured_media":4314,"comment_status":"closed","ping_status":"closed","sticky":false,"template":"","format":"standard","meta":{"om_disable_all_campaigns":false,"_monsterinsights_skip_tracking":false,"_monsterinsights_sitenote_active":false,"_monsterinsights_sitenote_note":"","_monsterinsights_sitenote_category":0,"footnotes":""},"categories":[21],"tags":[],"class_list":["post-4313","post","type-post","status-publish","format-standard","has-post-thumbnail","hentry","category-archivadas"],"yoast_head":"<!-- This site is optimized with the Yoast SEO plugin v27.5 - https:\/\/yoast.com\/product\/yoast-seo-wordpress\/ -->\n<title>Pr\u00f3rroga para presentaci\u00f3n de trabajos al Congreso de Extensi\u00f3n de AUGM - Facultad de Ciencias Econ\u00f3micas, Jur\u00ed\u00addicas y Sociales<\/title>\n<meta name=\"robots\" content=\"index, follow, max-snippet:-1, max-image-preview:large, max-video-preview:-1\" \/>\n<link rel=\"canonical\" href=\"https:\/\/www.fcejs.unsl.edu.ar\/index.php\/prorroga-para-presentacion-de-trabajos-al-congreso-de-extension-de-augm\/\" \/>\n<meta property=\"og:locale\" content=\"es_ES\" \/>\n<meta property=\"og:type\" content=\"article\" \/>\n<meta property=\"og:title\" content=\"Pr\u00f3rroga para presentaci\u00f3n de trabajos al Congreso de Extensi\u00f3n de AUGM - Facultad de Ciencias Econ\u00f3micas, Jur\u00ed\u00addicas y Sociales\" \/>\n<meta property=\"og:description\" content=\"Se ampl\u00eda el plazo de presentaci\u00f3n de trabajos para el V Congreso de Extensi\u00f3n Universitaria de la Asociaci\u00f3n de Universidades Grupo Montevideo (AUGM) hasta el&hellip;\" \/>\n<meta property=\"og:url\" content=\"https:\/\/www.fcejs.unsl.edu.ar\/index.php\/prorroga-para-presentacion-de-trabajos-al-congreso-de-extension-de-augm\/\" \/>\n<meta property=\"og:site_name\" content=\"Facultad de Ciencias Econ\u00f3micas, Jur\u00ed\u00addicas y Sociales\" \/>\n<meta property=\"article:publisher\" content=\"https:\/\/www.facebook.com\/FCEJS.UNSL\/\" \/>\n<meta property=\"article:published_time\" content=\"2021-07-02T14:01:44+00:00\" \/>\n<meta property=\"article:modified_time\" content=\"2021-08-13T16:36:22+00:00\" \/>\n<meta property=\"og:image\" content=\"https:\/\/www.fcejs.unsl.edu.ar\/wp-content\/uploads\/2021\/07\/augm.jpg\" \/>\n\t<meta property=\"og:image:width\" content=\"1152\" \/>\n\t<meta property=\"og:image:height\" content=\"647\" \/>\n\t<meta property=\"og:image:type\" content=\"image\/jpeg\" \/>\n<meta name=\"author\" content=\"DATI\" \/>\n<meta name=\"twitter:card\" content=\"summary_large_image\" \/>\n<meta name=\"twitter:creator\" content=\"@FCEJSUNSL\" \/>\n<meta name=\"twitter:site\" content=\"@FCEJSUNSL\" \/>\n<meta name=\"twitter:label1\" content=\"Escrito por\" \/>\n\t<meta name=\"twitter:data1\" content=\"DATI\" \/>\n\t<meta name=\"twitter:label2\" content=\"Tiempo de lectura\" \/>\n\t<meta name=\"twitter:data2\" content=\"1 minuto\" \/>\n<script type=\"application\/ld+json\" class=\"yoast-schema-graph\">{\"@context\":\"https:\\\/\\\/schema.org\",\"@graph\":[{\"@type\":\"Article\",\"@id\":\"https:\\\/\\\/www.fcejs.unsl.edu.ar\\\/index.php\\\/prorroga-para-presentacion-de-trabajos-al-congreso-de-extension-de-augm\\\/#article\",\"isPartOf\":{\"@id\":\"https:\\\/\\\/www.fcejs.unsl.edu.ar\\\/index.php\\\/prorroga-para-presentacion-de-trabajos-al-congreso-de-extension-de-augm\\\/\"},\"author\":{\"name\":\"DATI\",\"@id\":\"https:\\\/\\\/www.fcejs.unsl.edu.ar\\\/#\\\/schema\\\/person\\\/352ee6ed90c3f394c7cb5945f8956d34\"},\"headline\":\"Pr\u00f3rroga para presentaci\u00f3n de trabajos al Congreso de Extensi\u00f3n de AUGM\",\"datePublished\":\"2021-07-02T14:01:44+00:00\",\"dateModified\":\"2021-08-13T16:36:22+00:00\",\"mainEntityOfPage\":{\"@id\":\"https:\\\/\\\/www.fcejs.unsl.edu.ar\\\/index.php\\\/prorroga-para-presentacion-de-trabajos-al-congreso-de-extension-de-augm\\\/\"},\"wordCount\":213,\"publisher\":{\"@id\":\"https:\\\/\\\/www.fcejs.unsl.edu.ar\\\/#organization\"},\"image\":{\"@id\":\"https:\\\/\\\/www.fcejs.unsl.edu.ar\\\/index.php\\\/prorroga-para-presentacion-de-trabajos-al-congreso-de-extension-de-augm\\\/#primaryimage\"},\"thumbnailUrl\":\"https:\\\/\\\/www.fcejs.unsl.edu.ar\\\/wp-content\\\/uploads\\\/2021\\\/07\\\/augm.jpg\",\"articleSection\":[\"Archivadas\"],\"inLanguage\":\"es-AR\"},{\"@type\":\"WebPage\",\"@id\":\"https:\\\/\\\/www.fcejs.unsl.edu.ar\\\/index.php\\\/prorroga-para-presentacion-de-trabajos-al-congreso-de-extension-de-augm\\\/\",\"url\":\"https:\\\/\\\/www.fcejs.unsl.edu.ar\\\/index.php\\\/prorroga-para-presentacion-de-trabajos-al-congreso-de-extension-de-augm\\\/\",\"name\":\"Pr\u00f3rroga para presentaci\u00f3n de trabajos al Congreso de Extensi\u00f3n de AUGM - Facultad de Ciencias Econ\u00f3micas, Jur\u00ed\u00addicas y Sociales\",\"isPartOf\":{\"@id\":\"https:\\\/\\\/www.fcejs.unsl.edu.ar\\\/#website\"},\"primaryImageOfPage\":{\"@id\":\"https:\\\/\\\/www.fcejs.unsl.edu.ar\\\/index.php\\\/prorroga-para-presentacion-de-trabajos-al-congreso-de-extension-de-augm\\\/#primaryimage\"},\"image\":{\"@id\":\"https:\\\/\\\/www.fcejs.unsl.edu.ar\\\/index.php\\\/prorroga-para-presentacion-de-trabajos-al-congreso-de-extension-de-augm\\\/#primaryimage\"},\"thumbnailUrl\":\"https:\\\/\\\/www.fcejs.unsl.edu.ar\\\/wp-content\\\/uploads\\\/2021\\\/07\\\/augm.jpg\",\"datePublished\":\"2021-07-02T14:01:44+00:00\",\"dateModified\":\"2021-08-13T16:36:22+00:00\",\"breadcrumb\":{\"@id\":\"https:\\\/\\\/www.fcejs.unsl.edu.ar\\\/index.php\\\/prorroga-para-presentacion-de-trabajos-al-congreso-de-extension-de-augm\\\/#breadcrumb\"},\"inLanguage\":\"es-AR\",\"potentialAction\":[{\"@type\":\"ReadAction\",\"target\":[\"https:\\\/\\\/www.fcejs.unsl.edu.ar\\\/index.php\\\/prorroga-para-presentacion-de-trabajos-al-congreso-de-extension-de-augm\\\/\"]}]},{\"@type\":\"ImageObject\",\"inLanguage\":\"es-AR\",\"@id\":\"https:\\\/\\\/www.fcejs.unsl.edu.ar\\\/index.php\\\/prorroga-para-presentacion-de-trabajos-al-congreso-de-extension-de-augm\\\/#primaryimage\",\"url\":\"https:\\\/\\\/www.fcejs.unsl.edu.ar\\\/wp-content\\\/uploads\\\/2021\\\/07\\\/augm.jpg\",\"contentUrl\":\"https:\\\/\\\/www.fcejs.unsl.edu.ar\\\/wp-content\\\/uploads\\\/2021\\\/07\\\/augm.jpg\",\"width\":1152,\"height\":647},{\"@type\":\"BreadcrumbList\",\"@id\":\"https:\\\/\\\/www.fcejs.unsl.edu.ar\\\/index.php\\\/prorroga-para-presentacion-de-trabajos-al-congreso-de-extension-de-augm\\\/#breadcrumb\",\"itemListElement\":[{\"@type\":\"ListItem\",\"position\":1,\"name\":\"Inicio\",\"item\":\"https:\\\/\\\/www.fcejs.unsl.edu.ar\\\/\"},{\"@type\":\"ListItem\",\"position\":2,\"name\":\"Pr\u00f3rroga para presentaci\u00f3n de trabajos al Congreso de Extensi\u00f3n de AUGM\"}]},{\"@type\":\"WebSite\",\"@id\":\"https:\\\/\\\/www.fcejs.unsl.edu.ar\\\/#website\",\"url\":\"https:\\\/\\\/www.fcejs.unsl.edu.ar\\\/\",\"name\":\"Facultad de Ciencias Econ\u00f3micas, Jur\u00ed\u00addicas y Sociales\",\"description\":\"\",\"publisher\":{\"@id\":\"https:\\\/\\\/www.fcejs.unsl.edu.ar\\\/#organization\"},\"potentialAction\":[{\"@type\":\"SearchAction\",\"target\":{\"@type\":\"EntryPoint\",\"urlTemplate\":\"https:\\\/\\\/www.fcejs.unsl.edu.ar\\\/?s={search_term_string}\"},\"query-input\":{\"@type\":\"PropertyValueSpecification\",\"valueRequired\":true,\"valueName\":\"search_term_string\"}}],\"inLanguage\":\"es-AR\"},{\"@type\":\"Organization\",\"@id\":\"https:\\\/\\\/www.fcejs.unsl.edu.ar\\\/#organization\",\"name\":\"Facultad de Ciencias Econ\u00f3micas, Jur\u00eddicas y Sociales\",\"url\":\"https:\\\/\\\/www.fcejs.unsl.edu.ar\\\/\",\"logo\":{\"@type\":\"ImageObject\",\"inLanguage\":\"es-AR\",\"@id\":\"https:\\\/\\\/www.fcejs.unsl.edu.ar\\\/#\\\/schema\\\/logo\\\/image\\\/\",\"url\":\"https:\\\/\\\/www.fcejs.unsl.edu.ar\\\/wp-content\\\/uploads\\\/2021\\\/03\\\/logo-1.jpg\",\"contentUrl\":\"https:\\\/\\\/www.fcejs.unsl.edu.ar\\\/wp-content\\\/uploads\\\/2021\\\/03\\\/logo-1.jpg\",\"width\":471,\"height\":146,\"caption\":\"Facultad de Ciencias Econ\u00f3micas, Jur\u00eddicas y Sociales\"},\"image\":{\"@id\":\"https:\\\/\\\/www.fcejs.unsl.edu.ar\\\/#\\\/schema\\\/logo\\\/image\\\/\"},\"sameAs\":[\"https:\\\/\\\/www.facebook.com\\\/FCEJS.UNSL\\\/\",\"https:\\\/\\\/x.com\\\/FCEJSUNSL\",\"https:\\\/\\\/www.instagram.com\\\/fcejs.unsl\\\/\",\"https:\\\/\\\/www.youtube.com\\\/channel\\\/UCH-Ut6EaN_X5ogjIQMPe46g\\\/\"]},{\"@type\":\"Person\",\"@id\":\"https:\\\/\\\/www.fcejs.unsl.edu.ar\\\/#\\\/schema\\\/person\\\/352ee6ed90c3f394c7cb5945f8956d34\",\"name\":\"DATI\"}]}<\/script>\n<!-- \/ Yoast SEO plugin. -->","yoast_head_json":{"title":"Pr\u00f3rroga para presentaci\u00f3n de trabajos al Congreso de Extensi\u00f3n de AUGM - Facultad de Ciencias Econ\u00f3micas, Jur\u00ed\u00addicas y Sociales","robots":{"index":"index","follow":"follow","max-snippet":"max-snippet:-1","max-image-preview":"max-image-preview:large","max-video-preview":"max-video-preview:-1"},"canonical":"https:\/\/www.fcejs.unsl.edu.ar\/index.php\/prorroga-para-presentacion-de-trabajos-al-congreso-de-extension-de-augm\/","og_locale":"es_ES","og_type":"article","og_title":"Pr\u00f3rroga para presentaci\u00f3n de trabajos al Congreso de Extensi\u00f3n de AUGM - Facultad de Ciencias Econ\u00f3micas, Jur\u00ed\u00addicas y Sociales","og_description":"Se ampl\u00eda el plazo de presentaci\u00f3n de trabajos para el V Congreso de Extensi\u00f3n Universitaria de la Asociaci\u00f3n de Universidades Grupo Montevideo (AUGM) hasta el&hellip;","og_url":"https:\/\/www.fcejs.unsl.edu.ar\/index.php\/prorroga-para-presentacion-de-trabajos-al-congreso-de-extension-de-augm\/","og_site_name":"Facultad de Ciencias Econ\u00f3micas, Jur\u00ed\u00addicas y Sociales","article_publisher":"https:\/\/www.facebook.com\/FCEJS.UNSL\/","article_published_time":"2021-07-02T14:01:44+00:00","article_modified_time":"2021-08-13T16:36:22+00:00","og_image":[{"width":1152,"height":647,"url":"https:\/\/www.fcejs.unsl.edu.ar\/wp-content\/uploads\/2021\/07\/augm.jpg","type":"image\/jpeg"}],"author":"DATI","twitter_card":"summary_large_image","twitter_creator":"@FCEJSUNSL","twitter_site":"@FCEJSUNSL","twitter_misc":{"Escrito por":"DATI","Tiempo de lectura":"1 minuto"},"schema":{"@context":"https:\/\/schema.org","@graph":[{"@type":"Article","@id":"https:\/\/www.fcejs.unsl.edu.ar\/index.php\/prorroga-para-presentacion-de-trabajos-al-congreso-de-extension-de-augm\/#article","isPartOf":{"@id":"https:\/\/www.fcejs.unsl.edu.ar\/index.php\/prorroga-para-presentacion-de-trabajos-al-congreso-de-extension-de-augm\/"},"author":{"name":"DATI","@id":"https:\/\/www.fcejs.unsl.edu.ar\/#\/schema\/person\/352ee6ed90c3f394c7cb5945f8956d34"},"headline":"Pr\u00f3rroga para presentaci\u00f3n de trabajos al Congreso de Extensi\u00f3n de AUGM","datePublished":"2021-07-02T14:01:44+00:00","dateModified":"2021-08-13T16:36:22+00:00","mainEntityOfPage":{"@id":"https:\/\/www.fcejs.unsl.edu.ar\/index.php\/prorroga-para-presentacion-de-trabajos-al-congreso-de-extension-de-augm\/"},"wordCount":213,"publisher":{"@id":"https:\/\/www.fcejs.unsl.edu.ar\/#organization"},"image":{"@id":"https:\/\/www.fcejs.unsl.edu.ar\/index.php\/prorroga-para-presentacion-de-trabajos-al-congreso-de-extension-de-augm\/#primaryimage"},"thumbnailUrl":"https:\/\/www.fcejs.unsl.edu.ar\/wp-content\/uploads\/2021\/07\/augm.jpg","articleSection":["Archivadas"],"inLanguage":"es-AR"},{"@type":"WebPage","@id":"https:\/\/www.fcejs.unsl.edu.ar\/index.php\/prorroga-para-presentacion-de-trabajos-al-congreso-de-extension-de-augm\/","url":"https:\/\/www.fcejs.unsl.edu.ar\/index.php\/prorroga-para-presentacion-de-trabajos-al-congreso-de-extension-de-augm\/","name":"Pr\u00f3rroga para presentaci\u00f3n de trabajos al Congreso de Extensi\u00f3n de AUGM - Facultad de Ciencias Econ\u00f3micas, Jur\u00ed\u00addicas y Sociales","isPartOf":{"@id":"https:\/\/www.fcejs.unsl.edu.ar\/#website"},"primaryImageOfPage":{"@id":"https:\/\/www.fcejs.unsl.edu.ar\/index.php\/prorroga-para-presentacion-de-trabajos-al-congreso-de-extension-de-augm\/#primaryimage"},"image":{"@id":"https:\/\/www.fcejs.unsl.edu.ar\/index.php\/prorroga-para-presentacion-de-trabajos-al-congreso-de-extension-de-augm\/#primaryimage"},"thumbnailUrl":"https:\/\/www.fcejs.unsl.edu.ar\/wp-content\/uploads\/2021\/07\/augm.jpg","datePublished":"2021-07-02T14:01:44+00:00","dateModified":"2021-08-13T16:36:22+00:00","breadcrumb":{"@id":"https:\/\/www.fcejs.unsl.edu.ar\/index.php\/prorroga-para-presentacion-de-trabajos-al-congreso-de-extension-de-augm\/#breadcrumb"},"inLanguage":"es-AR","potentialAction":[{"@type":"ReadAction","target":["https:\/\/www.fcejs.unsl.edu.ar\/index.php\/prorroga-para-presentacion-de-trabajos-al-congreso-de-extension-de-augm\/"]}]},{"@type":"ImageObject","inLanguage":"es-AR","@id":"https:\/\/www.fcejs.unsl.edu.ar\/index.php\/prorroga-para-presentacion-de-trabajos-al-congreso-de-extension-de-augm\/#primaryimage","url":"https:\/\/www.fcejs.unsl.edu.ar\/wp-content\/uploads\/2021\/07\/augm.jpg","contentUrl":"https:\/\/www.fcejs.unsl.edu.ar\/wp-content\/uploads\/2021\/07\/augm.jpg","width":1152,"height":647},{"@type":"BreadcrumbList","@id":"https:\/\/www.fcejs.unsl.edu.ar\/index.php\/prorroga-para-presentacion-de-trabajos-al-congreso-de-extension-de-augm\/#breadcrumb","itemListElement":[{"@type":"ListItem","position":1,"name":"Inicio","item":"https:\/\/www.fcejs.unsl.edu.ar\/"},{"@type":"ListItem","position":2,"name":"Pr\u00f3rroga para presentaci\u00f3n de trabajos al Congreso de Extensi\u00f3n de AUGM"}]},{"@type":"WebSite","@id":"https:\/\/www.fcejs.unsl.edu.ar\/#website","url":"https:\/\/www.fcejs.unsl.edu.ar\/","name":"Facultad de Ciencias Econ\u00f3micas, Jur\u00ed\u00addicas y Sociales","description":"","publisher":{"@id":"https:\/\/www.fcejs.unsl.edu.ar\/#organization"},"potentialAction":[{"@type":"SearchAction","target":{"@type":"EntryPoint","urlTemplate":"https:\/\/www.fcejs.unsl.edu.ar\/?s={search_term_string}"},"query-input":{"@type":"PropertyValueSpecification","valueRequired":true,"valueName":"search_term_string"}}],"inLanguage":"es-AR"},{"@type":"Organization","@id":"https:\/\/www.fcejs.unsl.edu.ar\/#organization","name":"Facultad de Ciencias Econ\u00f3micas, Jur\u00eddicas y Sociales","url":"https:\/\/www.fcejs.unsl.edu.ar\/","logo":{"@type":"ImageObject","inLanguage":"es-AR","@id":"https:\/\/www.fcejs.unsl.edu.ar\/#\/schema\/logo\/image\/","url":"https:\/\/www.fcejs.unsl.edu.ar\/wp-content\/uploads\/2021\/03\/logo-1.jpg","contentUrl":"https:\/\/www.fcejs.unsl.edu.ar\/wp-content\/uploads\/2021\/03\/logo-1.jpg","width":471,"height":146,"caption":"Facultad de Ciencias Econ\u00f3micas, Jur\u00eddicas y Sociales"},"image":{"@id":"https:\/\/www.fcejs.unsl.edu.ar\/#\/schema\/logo\/image\/"},"sameAs":["https:\/\/www.facebook.com\/FCEJS.UNSL\/","https:\/\/x.com\/FCEJSUNSL","https:\/\/www.instagram.com\/fcejs.unsl\/","https:\/\/www.youtube.com\/channel\/UCH-Ut6EaN_X5ogjIQMPe46g\/"]},{"@type":"Person","@id":"https:\/\/www.fcejs.unsl.edu.ar\/#\/schema\/person\/352ee6ed90c3f394c7cb5945f8956d34","name":"DATI"}]}},"jetpack_featured_media_url":"https:\/\/www.fcejs.unsl.edu.ar\/wp-content\/uploads\/2021\/07\/augm.jpg","_links":{"self":[{"href":"https:\/\/www.fcejs.unsl.edu.ar\/index.php\/wp-json\/wp\/v2\/posts\/4313","targetHints":{"allow":["GET"]}}],"collection":[{"href":"https:\/\/www.fcejs.unsl.edu.ar\/index.php\/wp-json\/wp\/v2\/posts"}],"about":[{"href":"https:\/\/www.fcejs.unsl.edu.ar\/index.php\/wp-json\/wp\/v2\/types\/post"}],"author":[{"embeddable":true,"href":"https:\/\/www.fcejs.unsl.edu.ar\/index.php\/wp-json\/wp\/v2\/users\/9"}],"replies":[{"embeddable":true,"href":"https:\/\/www.fcejs.unsl.edu.ar\/index.php\/wp-json\/wp\/v2\/comments?post=4313"}],"version-history":[{"count":1,"href":"https:\/\/www.fcejs.unsl.edu.ar\/index.php\/wp-json\/wp\/v2\/posts\/4313\/revisions"}],"predecessor-version":[{"id":4315,"href":"https:\/\/www.fcejs.unsl.edu.ar\/index.php\/wp-json\/wp\/v2\/posts\/4313\/revisions\/4315"}],"wp:featuredmedia":[{"embeddable":true,"href":"https:\/\/www.fcejs.unsl.edu.ar\/index.php\/wp-json\/wp\/v2\/media\/4314"}],"wp:attachment":[{"href":"https:\/\/www.fcejs.unsl.edu.ar\/index.php\/wp-json\/wp\/v2\/media?parent=4313"}],"wp:term":[{"taxonomy":"category","embeddable":true,"href":"https:\/\/www.fcejs.unsl.edu.ar\/index.php\/wp-json\/wp\/v2\/categories?post=4313"},{"taxonomy":"post_tag","embeddable":true,"href":"https:\/\/www.fcejs.unsl.edu.ar\/index.php\/wp-json\/wp\/v2\/tags?post=4313"}],"curies":[{"name":"wp","href":"https:\/\/api.w.org\/{rel}","templated":true}]}}