{"id":4291,"date":"2021-08-25T00:20:58","date_gmt":"2021-08-25T03:20:58","guid":{"rendered":"http:\/\/10.101.10.197\/www\/?p=4291"},"modified":"2021-09-02T08:51:59","modified_gmt":"2021-09-02T11:51:59","slug":"se-encuentra-abierta-la-preinscripcion-online-a-la-carrera-de-martillero-y-corredor-publico","status":"publish","type":"post","link":"https:\/\/www.fcejs.unsl.edu.ar\/index.php\/se-encuentra-abierta-la-preinscripcion-online-a-la-carrera-de-martillero-y-corredor-publico\/","title":{"rendered":"Hasta el 30 de agosto permanece abierta la preinscripci\u00f3n online a la Carrera de Martillero y Corredor P\u00fablico"},"content":{"rendered":"<p>La Secretar\u00eda Acad\u00e9mica informa que, hasta el lunes 30 de agosto estar\u00e1 habilitada la instancia de <a href=\"http:\/\/ingreso.fcejs.unsl.edu.ar\/\"><strong>PREINSCRIPCI\u00d3N<\/strong> <strong>ONLINE<\/strong><\/a> a la Carrera de Martillero y Corredor P\u00fablico, con una duraci\u00f3n de dos (2) a\u00f1os y medio. La inscripci\u00f3n definitiva se realizar\u00e1 hasta fines de septiembre.<\/p>\n<p>Para m\u00e1s informaci\u00f3n, las personas interesadas deber\u00e1n comunicarse al email: <strong>ingreso.fcejs@gmail.com<\/strong>. La <a href=\"http:\/\/ingreso.fcejs.unsl.edu.ar\/\"><strong>PREINSCRIPCI\u00d3N ON LINE<\/strong><\/a> se realiza en el sitio de Ingreso 2021 de la FCEJS:<\/p>\n<h4 style=\"text-align: center;\"><span style=\"color: #800080;\"><a style=\"color: #800080;\" href=\"http:\/\/ingreso.fcejs.unsl.edu.ar\/\" target=\"_blank\" rel=\"noopener\"><strong>INGRESO 2021<\/strong><\/a><\/span><\/h4>\n<h4 style=\"text-align: left;\">Sobre la carrera<\/h4>\n<p>El t\u00edtulo de Martillero y Corredor P\u00fablico otorgado por la Universidad Nacional de San Luis (UNSL) tiene los siguientes alcances:<\/p>\n<ul>\n<li>Realizar la intermediaci\u00f3n entre la oferta y demanda, o corretaje en la negociaci\u00f3n de bienes muebles, inmuebles u otros bienes urbanos y rurales susceptibles de valor econ\u00f3mico.<\/li>\n<li>Asesorar acerca del valor intr\u00ednseco y de mercado de bienes susceptibles de valor econ\u00f3mico.<\/li>\n<li>Efectuar tasaciones y valuaciones de bienes que se encuentran en el mercado.<\/li>\n<li>Colaborar con los profesionales responsables en la formalizaci\u00f3n de contratos de contenido econ\u00f3mico, relativos a los \u00e1mbitos urbano y rural.<\/li>\n<li>Actuar como comisionista en la colocaci\u00f3n de bienes en el mercado.<\/li>\n<li>Efectuar subastas de bienes de terceros, de car\u00e1cter particular o judicial.<\/li>\n<li>Participar en peritajes judiciales y extrajudiciales referidos a valores de colocaci\u00f3n y de realizaci\u00f3n de bienes en el mercado.<\/li>\n<li>M\u00e1s informaci\u00f3n sobre la carrera de Martillero y Corredor P\u00fablico.<\/li>\n<\/ul>\n<p>&nbsp;<\/p>\n","protected":false},"excerpt":{"rendered":"<p>La Secretar\u00eda Acad\u00e9mica informa que, hasta el lunes 30 de agosto estar\u00e1 habilitada la instancia de PREINSCRIPCI\u00d3N ONLINE a la Carrera de Martillero y Corredor&hellip;<\/p>\n","protected":false},"author":9,"featured_media":4764,"comment_status":"closed","ping_status":"closed","sticky":false,"template":"","format":"standard","meta":{"om_disable_all_campaigns":false,"_monsterinsights_skip_tracking":false,"_monsterinsights_sitenote_active":false,"_monsterinsights_sitenote_note":"","_monsterinsights_sitenote_category":0,"footnotes":""},"categories":[21],"tags":[],"class_list":["post-4291","post","type-post","status-publish","format-standard","has-post-thumbnail","hentry","category-archivadas"],"yoast_head":"<!-- This site is optimized with the Yoast SEO plugin v27.4 - https:\/\/yoast.com\/product\/yoast-seo-wordpress\/ -->\n<title>Hasta el 30 de agosto permanece abierta la preinscripci\u00f3n online a la Carrera de Martillero y Corredor P\u00fablico - Facultad de Ciencias Econ\u00f3micas, Jur\u00ed\u00addicas y Sociales<\/title>\n<meta name=\"robots\" content=\"index, follow, max-snippet:-1, max-image-preview:large, max-video-preview:-1\" \/>\n<link rel=\"canonical\" href=\"https:\/\/www.fcejs.unsl.edu.ar\/index.php\/se-encuentra-abierta-la-preinscripcion-online-a-la-carrera-de-martillero-y-corredor-publico\/\" \/>\n<meta property=\"og:locale\" content=\"es_ES\" \/>\n<meta property=\"og:type\" content=\"article\" \/>\n<meta property=\"og:title\" content=\"Hasta el 30 de agosto permanece abierta la preinscripci\u00f3n online a la Carrera de Martillero y Corredor P\u00fablico - Facultad de Ciencias Econ\u00f3micas, Jur\u00ed\u00addicas y Sociales\" \/>\n<meta property=\"og:description\" content=\"La Secretar\u00eda Acad\u00e9mica informa que, hasta el lunes 30 de agosto estar\u00e1 habilitada la instancia de PREINSCRIPCI\u00d3N ONLINE a la Carrera de Martillero y Corredor&hellip;\" \/>\n<meta property=\"og:url\" content=\"https:\/\/www.fcejs.unsl.edu.ar\/index.php\/se-encuentra-abierta-la-preinscripcion-online-a-la-carrera-de-martillero-y-corredor-publico\/\" \/>\n<meta property=\"og:site_name\" content=\"Facultad de Ciencias Econ\u00f3micas, Jur\u00ed\u00addicas y Sociales\" \/>\n<meta property=\"article:publisher\" content=\"https:\/\/www.facebook.com\/FCEJS.UNSL\/\" \/>\n<meta property=\"article:published_time\" content=\"2021-08-25T03:20:58+00:00\" \/>\n<meta property=\"article:modified_time\" content=\"2021-09-02T11:51:59+00:00\" \/>\n<meta property=\"og:image\" content=\"https:\/\/www.fcejs.unsl.edu.ar\/wp-content\/uploads\/2021\/08\/martillero-26.jpg\" \/>\n\t<meta property=\"og:image:width\" content=\"1088\" \/>\n\t<meta property=\"og:image:height\" content=\"612\" \/>\n\t<meta property=\"og:image:type\" content=\"image\/jpeg\" \/>\n<meta name=\"author\" content=\"DATI\" \/>\n<meta name=\"twitter:card\" content=\"summary_large_image\" \/>\n<meta name=\"twitter:creator\" content=\"@FCEJSUNSL\" \/>\n<meta name=\"twitter:site\" content=\"@FCEJSUNSL\" \/>\n<meta name=\"twitter:label1\" content=\"Escrito por\" \/>\n\t<meta name=\"twitter:data1\" content=\"DATI\" \/>\n\t<meta name=\"twitter:label2\" content=\"Tiempo de lectura\" \/>\n\t<meta name=\"twitter:data2\" content=\"1 minuto\" \/>\n<script type=\"application\/ld+json\" class=\"yoast-schema-graph\">{\"@context\":\"https:\\\/\\\/schema.org\",\"@graph\":[{\"@type\":\"Article\",\"@id\":\"https:\\\/\\\/www.fcejs.unsl.edu.ar\\\/index.php\\\/se-encuentra-abierta-la-preinscripcion-online-a-la-carrera-de-martillero-y-corredor-publico\\\/#article\",\"isPartOf\":{\"@id\":\"https:\\\/\\\/www.fcejs.unsl.edu.ar\\\/index.php\\\/se-encuentra-abierta-la-preinscripcion-online-a-la-carrera-de-martillero-y-corredor-publico\\\/\"},\"author\":{\"name\":\"DATI\",\"@id\":\"https:\\\/\\\/www.fcejs.unsl.edu.ar\\\/#\\\/schema\\\/person\\\/352ee6ed90c3f394c7cb5945f8956d34\"},\"headline\":\"Hasta el 30 de agosto permanece abierta la preinscripci\u00f3n online a la Carrera de Martillero y Corredor P\u00fablico\",\"datePublished\":\"2021-08-25T03:20:58+00:00\",\"dateModified\":\"2021-09-02T11:51:59+00:00\",\"mainEntityOfPage\":{\"@id\":\"https:\\\/\\\/www.fcejs.unsl.edu.ar\\\/index.php\\\/se-encuentra-abierta-la-preinscripcion-online-a-la-carrera-de-martillero-y-corredor-publico\\\/\"},\"wordCount\":265,\"publisher\":{\"@id\":\"https:\\\/\\\/www.fcejs.unsl.edu.ar\\\/#organization\"},\"image\":{\"@id\":\"https:\\\/\\\/www.fcejs.unsl.edu.ar\\\/index.php\\\/se-encuentra-abierta-la-preinscripcion-online-a-la-carrera-de-martillero-y-corredor-publico\\\/#primaryimage\"},\"thumbnailUrl\":\"https:\\\/\\\/www.fcejs.unsl.edu.ar\\\/wp-content\\\/uploads\\\/2021\\\/08\\\/martillero-26.jpg\",\"articleSection\":[\"Archivadas\"],\"inLanguage\":\"es-AR\"},{\"@type\":\"WebPage\",\"@id\":\"https:\\\/\\\/www.fcejs.unsl.edu.ar\\\/index.php\\\/se-encuentra-abierta-la-preinscripcion-online-a-la-carrera-de-martillero-y-corredor-publico\\\/\",\"url\":\"https:\\\/\\\/www.fcejs.unsl.edu.ar\\\/index.php\\\/se-encuentra-abierta-la-preinscripcion-online-a-la-carrera-de-martillero-y-corredor-publico\\\/\",\"name\":\"Hasta el 30 de agosto permanece abierta la preinscripci\u00f3n online a la Carrera de Martillero y Corredor P\u00fablico - Facultad de Ciencias Econ\u00f3micas, Jur\u00ed\u00addicas y Sociales\",\"isPartOf\":{\"@id\":\"https:\\\/\\\/www.fcejs.unsl.edu.ar\\\/#website\"},\"primaryImageOfPage\":{\"@id\":\"https:\\\/\\\/www.fcejs.unsl.edu.ar\\\/index.php\\\/se-encuentra-abierta-la-preinscripcion-online-a-la-carrera-de-martillero-y-corredor-publico\\\/#primaryimage\"},\"image\":{\"@id\":\"https:\\\/\\\/www.fcejs.unsl.edu.ar\\\/index.php\\\/se-encuentra-abierta-la-preinscripcion-online-a-la-carrera-de-martillero-y-corredor-publico\\\/#primaryimage\"},\"thumbnailUrl\":\"https:\\\/\\\/www.fcejs.unsl.edu.ar\\\/wp-content\\\/uploads\\\/2021\\\/08\\\/martillero-26.jpg\",\"datePublished\":\"2021-08-25T03:20:58+00:00\",\"dateModified\":\"2021-09-02T11:51:59+00:00\",\"breadcrumb\":{\"@id\":\"https:\\\/\\\/www.fcejs.unsl.edu.ar\\\/index.php\\\/se-encuentra-abierta-la-preinscripcion-online-a-la-carrera-de-martillero-y-corredor-publico\\\/#breadcrumb\"},\"inLanguage\":\"es-AR\",\"potentialAction\":[{\"@type\":\"ReadAction\",\"target\":[\"https:\\\/\\\/www.fcejs.unsl.edu.ar\\\/index.php\\\/se-encuentra-abierta-la-preinscripcion-online-a-la-carrera-de-martillero-y-corredor-publico\\\/\"]}]},{\"@type\":\"ImageObject\",\"inLanguage\":\"es-AR\",\"@id\":\"https:\\\/\\\/www.fcejs.unsl.edu.ar\\\/index.php\\\/se-encuentra-abierta-la-preinscripcion-online-a-la-carrera-de-martillero-y-corredor-publico\\\/#primaryimage\",\"url\":\"https:\\\/\\\/www.fcejs.unsl.edu.ar\\\/wp-content\\\/uploads\\\/2021\\\/08\\\/martillero-26.jpg\",\"contentUrl\":\"https:\\\/\\\/www.fcejs.unsl.edu.ar\\\/wp-content\\\/uploads\\\/2021\\\/08\\\/martillero-26.jpg\",\"width\":1088,\"height\":612},{\"@type\":\"BreadcrumbList\",\"@id\":\"https:\\\/\\\/www.fcejs.unsl.edu.ar\\\/index.php\\\/se-encuentra-abierta-la-preinscripcion-online-a-la-carrera-de-martillero-y-corredor-publico\\\/#breadcrumb\",\"itemListElement\":[{\"@type\":\"ListItem\",\"position\":1,\"name\":\"Inicio\",\"item\":\"https:\\\/\\\/www.fcejs.unsl.edu.ar\\\/\"},{\"@type\":\"ListItem\",\"position\":2,\"name\":\"Hasta el 30 de agosto permanece abierta la preinscripci\u00f3n online a la Carrera de Martillero y Corredor P\u00fablico\"}]},{\"@type\":\"WebSite\",\"@id\":\"https:\\\/\\\/www.fcejs.unsl.edu.ar\\\/#website\",\"url\":\"https:\\\/\\\/www.fcejs.unsl.edu.ar\\\/\",\"name\":\"Facultad de Ciencias Econ\u00f3micas, Jur\u00ed\u00addicas y Sociales\",\"description\":\"\",\"publisher\":{\"@id\":\"https:\\\/\\\/www.fcejs.unsl.edu.ar\\\/#organization\"},\"potentialAction\":[{\"@type\":\"SearchAction\",\"target\":{\"@type\":\"EntryPoint\",\"urlTemplate\":\"https:\\\/\\\/www.fcejs.unsl.edu.ar\\\/?s={search_term_string}\"},\"query-input\":{\"@type\":\"PropertyValueSpecification\",\"valueRequired\":true,\"valueName\":\"search_term_string\"}}],\"inLanguage\":\"es-AR\"},{\"@type\":\"Organization\",\"@id\":\"https:\\\/\\\/www.fcejs.unsl.edu.ar\\\/#organization\",\"name\":\"Facultad de Ciencias Econ\u00f3micas, Jur\u00eddicas y Sociales\",\"url\":\"https:\\\/\\\/www.fcejs.unsl.edu.ar\\\/\",\"logo\":{\"@type\":\"ImageObject\",\"inLanguage\":\"es-AR\",\"@id\":\"https:\\\/\\\/www.fcejs.unsl.edu.ar\\\/#\\\/schema\\\/logo\\\/image\\\/\",\"url\":\"https:\\\/\\\/www.fcejs.unsl.edu.ar\\\/wp-content\\\/uploads\\\/2021\\\/03\\\/logo-1.jpg\",\"contentUrl\":\"https:\\\/\\\/www.fcejs.unsl.edu.ar\\\/wp-content\\\/uploads\\\/2021\\\/03\\\/logo-1.jpg\",\"width\":471,\"height\":146,\"caption\":\"Facultad de Ciencias Econ\u00f3micas, Jur\u00eddicas y Sociales\"},\"image\":{\"@id\":\"https:\\\/\\\/www.fcejs.unsl.edu.ar\\\/#\\\/schema\\\/logo\\\/image\\\/\"},\"sameAs\":[\"https:\\\/\\\/www.facebook.com\\\/FCEJS.UNSL\\\/\",\"https:\\\/\\\/x.com\\\/FCEJSUNSL\",\"https:\\\/\\\/www.instagram.com\\\/fcejs.unsl\\\/\",\"https:\\\/\\\/www.youtube.com\\\/channel\\\/UCH-Ut6EaN_X5ogjIQMPe46g\\\/\"]},{\"@type\":\"Person\",\"@id\":\"https:\\\/\\\/www.fcejs.unsl.edu.ar\\\/#\\\/schema\\\/person\\\/352ee6ed90c3f394c7cb5945f8956d34\",\"name\":\"DATI\"}]}<\/script>\n<!-- \/ Yoast SEO plugin. -->","yoast_head_json":{"title":"Hasta el 30 de agosto permanece abierta la preinscripci\u00f3n online a la Carrera de Martillero y Corredor P\u00fablico - Facultad de Ciencias Econ\u00f3micas, Jur\u00ed\u00addicas y Sociales","robots":{"index":"index","follow":"follow","max-snippet":"max-snippet:-1","max-image-preview":"max-image-preview:large","max-video-preview":"max-video-preview:-1"},"canonical":"https:\/\/www.fcejs.unsl.edu.ar\/index.php\/se-encuentra-abierta-la-preinscripcion-online-a-la-carrera-de-martillero-y-corredor-publico\/","og_locale":"es_ES","og_type":"article","og_title":"Hasta el 30 de agosto permanece abierta la preinscripci\u00f3n online a la Carrera de Martillero y Corredor P\u00fablico - Facultad de Ciencias Econ\u00f3micas, Jur\u00ed\u00addicas y Sociales","og_description":"La Secretar\u00eda Acad\u00e9mica informa que, hasta el lunes 30 de agosto estar\u00e1 habilitada la instancia de PREINSCRIPCI\u00d3N ONLINE a la Carrera de Martillero y Corredor&hellip;","og_url":"https:\/\/www.fcejs.unsl.edu.ar\/index.php\/se-encuentra-abierta-la-preinscripcion-online-a-la-carrera-de-martillero-y-corredor-publico\/","og_site_name":"Facultad de Ciencias Econ\u00f3micas, Jur\u00ed\u00addicas y Sociales","article_publisher":"https:\/\/www.facebook.com\/FCEJS.UNSL\/","article_published_time":"2021-08-25T03:20:58+00:00","article_modified_time":"2021-09-02T11:51:59+00:00","og_image":[{"width":1088,"height":612,"url":"https:\/\/www.fcejs.unsl.edu.ar\/wp-content\/uploads\/2021\/08\/martillero-26.jpg","type":"image\/jpeg"}],"author":"DATI","twitter_card":"summary_large_image","twitter_creator":"@FCEJSUNSL","twitter_site":"@FCEJSUNSL","twitter_misc":{"Escrito por":"DATI","Tiempo de lectura":"1 minuto"},"schema":{"@context":"https:\/\/schema.org","@graph":[{"@type":"Article","@id":"https:\/\/www.fcejs.unsl.edu.ar\/index.php\/se-encuentra-abierta-la-preinscripcion-online-a-la-carrera-de-martillero-y-corredor-publico\/#article","isPartOf":{"@id":"https:\/\/www.fcejs.unsl.edu.ar\/index.php\/se-encuentra-abierta-la-preinscripcion-online-a-la-carrera-de-martillero-y-corredor-publico\/"},"author":{"name":"DATI","@id":"https:\/\/www.fcejs.unsl.edu.ar\/#\/schema\/person\/352ee6ed90c3f394c7cb5945f8956d34"},"headline":"Hasta el 30 de agosto permanece abierta la preinscripci\u00f3n online a la Carrera de Martillero y Corredor P\u00fablico","datePublished":"2021-08-25T03:20:58+00:00","dateModified":"2021-09-02T11:51:59+00:00","mainEntityOfPage":{"@id":"https:\/\/www.fcejs.unsl.edu.ar\/index.php\/se-encuentra-abierta-la-preinscripcion-online-a-la-carrera-de-martillero-y-corredor-publico\/"},"wordCount":265,"publisher":{"@id":"https:\/\/www.fcejs.unsl.edu.ar\/#organization"},"image":{"@id":"https:\/\/www.fcejs.unsl.edu.ar\/index.php\/se-encuentra-abierta-la-preinscripcion-online-a-la-carrera-de-martillero-y-corredor-publico\/#primaryimage"},"thumbnailUrl":"https:\/\/www.fcejs.unsl.edu.ar\/wp-content\/uploads\/2021\/08\/martillero-26.jpg","articleSection":["Archivadas"],"inLanguage":"es-AR"},{"@type":"WebPage","@id":"https:\/\/www.fcejs.unsl.edu.ar\/index.php\/se-encuentra-abierta-la-preinscripcion-online-a-la-carrera-de-martillero-y-corredor-publico\/","url":"https:\/\/www.fcejs.unsl.edu.ar\/index.php\/se-encuentra-abierta-la-preinscripcion-online-a-la-carrera-de-martillero-y-corredor-publico\/","name":"Hasta el 30 de agosto permanece abierta la preinscripci\u00f3n online a la Carrera de Martillero y Corredor P\u00fablico - Facultad de Ciencias Econ\u00f3micas, Jur\u00ed\u00addicas y Sociales","isPartOf":{"@id":"https:\/\/www.fcejs.unsl.edu.ar\/#website"},"primaryImageOfPage":{"@id":"https:\/\/www.fcejs.unsl.edu.ar\/index.php\/se-encuentra-abierta-la-preinscripcion-online-a-la-carrera-de-martillero-y-corredor-publico\/#primaryimage"},"image":{"@id":"https:\/\/www.fcejs.unsl.edu.ar\/index.php\/se-encuentra-abierta-la-preinscripcion-online-a-la-carrera-de-martillero-y-corredor-publico\/#primaryimage"},"thumbnailUrl":"https:\/\/www.fcejs.unsl.edu.ar\/wp-content\/uploads\/2021\/08\/martillero-26.jpg","datePublished":"2021-08-25T03:20:58+00:00","dateModified":"2021-09-02T11:51:59+00:00","breadcrumb":{"@id":"https:\/\/www.fcejs.unsl.edu.ar\/index.php\/se-encuentra-abierta-la-preinscripcion-online-a-la-carrera-de-martillero-y-corredor-publico\/#breadcrumb"},"inLanguage":"es-AR","potentialAction":[{"@type":"ReadAction","target":["https:\/\/www.fcejs.unsl.edu.ar\/index.php\/se-encuentra-abierta-la-preinscripcion-online-a-la-carrera-de-martillero-y-corredor-publico\/"]}]},{"@type":"ImageObject","inLanguage":"es-AR","@id":"https:\/\/www.fcejs.unsl.edu.ar\/index.php\/se-encuentra-abierta-la-preinscripcion-online-a-la-carrera-de-martillero-y-corredor-publico\/#primaryimage","url":"https:\/\/www.fcejs.unsl.edu.ar\/wp-content\/uploads\/2021\/08\/martillero-26.jpg","contentUrl":"https:\/\/www.fcejs.unsl.edu.ar\/wp-content\/uploads\/2021\/08\/martillero-26.jpg","width":1088,"height":612},{"@type":"BreadcrumbList","@id":"https:\/\/www.fcejs.unsl.edu.ar\/index.php\/se-encuentra-abierta-la-preinscripcion-online-a-la-carrera-de-martillero-y-corredor-publico\/#breadcrumb","itemListElement":[{"@type":"ListItem","position":1,"name":"Inicio","item":"https:\/\/www.fcejs.unsl.edu.ar\/"},{"@type":"ListItem","position":2,"name":"Hasta el 30 de agosto permanece abierta la preinscripci\u00f3n online a la Carrera de Martillero y Corredor P\u00fablico"}]},{"@type":"WebSite","@id":"https:\/\/www.fcejs.unsl.edu.ar\/#website","url":"https:\/\/www.fcejs.unsl.edu.ar\/","name":"Facultad de Ciencias Econ\u00f3micas, Jur\u00ed\u00addicas y Sociales","description":"","publisher":{"@id":"https:\/\/www.fcejs.unsl.edu.ar\/#organization"},"potentialAction":[{"@type":"SearchAction","target":{"@type":"EntryPoint","urlTemplate":"https:\/\/www.fcejs.unsl.edu.ar\/?s={search_term_string}"},"query-input":{"@type":"PropertyValueSpecification","valueRequired":true,"valueName":"search_term_string"}}],"inLanguage":"es-AR"},{"@type":"Organization","@id":"https:\/\/www.fcejs.unsl.edu.ar\/#organization","name":"Facultad de Ciencias Econ\u00f3micas, Jur\u00eddicas y Sociales","url":"https:\/\/www.fcejs.unsl.edu.ar\/","logo":{"@type":"ImageObject","inLanguage":"es-AR","@id":"https:\/\/www.fcejs.unsl.edu.ar\/#\/schema\/logo\/image\/","url":"https:\/\/www.fcejs.unsl.edu.ar\/wp-content\/uploads\/2021\/03\/logo-1.jpg","contentUrl":"https:\/\/www.fcejs.unsl.edu.ar\/wp-content\/uploads\/2021\/03\/logo-1.jpg","width":471,"height":146,"caption":"Facultad de Ciencias Econ\u00f3micas, Jur\u00eddicas y Sociales"},"image":{"@id":"https:\/\/www.fcejs.unsl.edu.ar\/#\/schema\/logo\/image\/"},"sameAs":["https:\/\/www.facebook.com\/FCEJS.UNSL\/","https:\/\/x.com\/FCEJSUNSL","https:\/\/www.instagram.com\/fcejs.unsl\/","https:\/\/www.youtube.com\/channel\/UCH-Ut6EaN_X5ogjIQMPe46g\/"]},{"@type":"Person","@id":"https:\/\/www.fcejs.unsl.edu.ar\/#\/schema\/person\/352ee6ed90c3f394c7cb5945f8956d34","name":"DATI"}]}},"jetpack_featured_media_url":"https:\/\/www.fcejs.unsl.edu.ar\/wp-content\/uploads\/2021\/08\/martillero-26.jpg","_links":{"self":[{"href":"https:\/\/www.fcejs.unsl.edu.ar\/index.php\/wp-json\/wp\/v2\/posts\/4291","targetHints":{"allow":["GET"]}}],"collection":[{"href":"https:\/\/www.fcejs.unsl.edu.ar\/index.php\/wp-json\/wp\/v2\/posts"}],"about":[{"href":"https:\/\/www.fcejs.unsl.edu.ar\/index.php\/wp-json\/wp\/v2\/types\/post"}],"author":[{"embeddable":true,"href":"https:\/\/www.fcejs.unsl.edu.ar\/index.php\/wp-json\/wp\/v2\/users\/9"}],"replies":[{"embeddable":true,"href":"https:\/\/www.fcejs.unsl.edu.ar\/index.php\/wp-json\/wp\/v2\/comments?post=4291"}],"version-history":[{"count":7,"href":"https:\/\/www.fcejs.unsl.edu.ar\/index.php\/wp-json\/wp\/v2\/posts\/4291\/revisions"}],"predecessor-version":[{"id":4867,"href":"https:\/\/www.fcejs.unsl.edu.ar\/index.php\/wp-json\/wp\/v2\/posts\/4291\/revisions\/4867"}],"wp:featuredmedia":[{"embeddable":true,"href":"https:\/\/www.fcejs.unsl.edu.ar\/index.php\/wp-json\/wp\/v2\/media\/4764"}],"wp:attachment":[{"href":"https:\/\/www.fcejs.unsl.edu.ar\/index.php\/wp-json\/wp\/v2\/media?parent=4291"}],"wp:term":[{"taxonomy":"category","embeddable":true,"href":"https:\/\/www.fcejs.unsl.edu.ar\/index.php\/wp-json\/wp\/v2\/categories?post=4291"},{"taxonomy":"post_tag","embeddable":true,"href":"https:\/\/www.fcejs.unsl.edu.ar\/index.php\/wp-json\/wp\/v2\/tags?post=4291"}],"curies":[{"name":"wp","href":"https:\/\/api.w.org\/{rel}","templated":true}]}}