{"id":4287,"date":"2021-06-29T11:08:36","date_gmt":"2021-06-29T14:08:36","guid":{"rendered":"http:\/\/10.101.10.197\/www\/?p=4287"},"modified":"2021-07-06T10:48:09","modified_gmt":"2021-07-06T13:48:09","slug":"segundo-encuentro-del-taller-hacia-la-sensibilizacion-y-la-reflexion-en-el-marco-de-la-ley-micaela","status":"publish","type":"post","link":"https:\/\/www.fcejs.unsl.edu.ar\/index.php\/segundo-encuentro-del-taller-hacia-la-sensibilizacion-y-la-reflexion-en-el-marco-de-la-ley-micaela\/","title":{"rendered":"Segundo encuentro del taller: &#8220;Hacia la sensibilizaci\u00f3n y la reflexi\u00f3n en el marco de la Ley Micaela\u201d"},"content":{"rendered":"<p>La Secretar\u00eda de Extensi\u00f3n Universitaria, desde el Programa G\u00e9nero, Sociedad y Universidad, invita al segundo encuentro del taller denominado \u201cHacia la sensibilizaci\u00f3n y la reflexi\u00f3n en el marco de la Ley Micaela\u201d destinado al claustro no docente de la FCEJS, FICA, SsAEBU y DOSPU. El mismo se desarrollar\u00e1 el d\u00eda martes 06 de julio de 8:00 a 10:00h, por la plataforma Meet a trav\u00e9s del siguiente <a href=\"https:\/\/meet.google.com\/sug-gpqi-ixb\"><strong>v\u00ednculo<\/strong><\/a>:<\/p>\n<p><strong>https:\/\/meet.google.com\/sug-gpqi-ixb<\/strong><\/p>\n<p>El presente taller se realiza en el marco del compromiso asumido por la UNSL de adherir a la Ley Micaela a trav\u00e9s de la Resoluci\u00f3n Rectoral 838\/19 y ser\u00e1 dictado por el Equipo T\u00e9cnico Interdisciplinario perteneciente al Rectorado de UNSL, en el cual se profundizar\u00e1 sobre el Protocolo de Intervenci\u00f3n Institucional, c\u00f3mo trabaja el Equipo Interdisciplinario, cu\u00e1les son los objetivos y metodolog\u00eda y qu\u00e9 tipo de situaciones aborda.<\/p>\n<p>Para realizar la inscripci\u00f3n o para informaci\u00f3n m\u00e1s detallada escribir al mail del Programa de G\u00e9nero, Sociedad y Universidad: <strong><a href=\"mailto:generosociedadyuniversidad@gmail.com\">generosociedadyuniversidad@gmail.com<\/a><\/strong><\/p>\n<p>&nbsp;<\/p>\n<p><img fetchpriority=\"high\" decoding=\"async\" class=\"aligncenter size-large wp-image-4288\" src=\"https:\/\/www.fcejs.unsl.edu.ar\/wp-content\/uploads\/2021\/06\/TALLER-LEY-MICAELA-2do-ENCUENTRO-1024x1024.jpg\" alt=\"\" width=\"843\" height=\"843\" srcset=\"https:\/\/www.fcejs.unsl.edu.ar\/wp-content\/uploads\/2021\/06\/TALLER-LEY-MICAELA-2do-ENCUENTRO-1024x1024.jpg 1024w, https:\/\/www.fcejs.unsl.edu.ar\/wp-content\/uploads\/2021\/06\/TALLER-LEY-MICAELA-2do-ENCUENTRO-300x300.jpg 300w, https:\/\/www.fcejs.unsl.edu.ar\/wp-content\/uploads\/2021\/06\/TALLER-LEY-MICAELA-2do-ENCUENTRO-150x150.jpg 150w, https:\/\/www.fcejs.unsl.edu.ar\/wp-content\/uploads\/2021\/06\/TALLER-LEY-MICAELA-2do-ENCUENTRO-768x768.jpg 768w, https:\/\/www.fcejs.unsl.edu.ar\/wp-content\/uploads\/2021\/06\/TALLER-LEY-MICAELA-2do-ENCUENTRO.jpg 1080w\" sizes=\"(max-width: 843px) 100vw, 843px\" \/><\/p>\n<p>&nbsp;<\/p>\n","protected":false},"excerpt":{"rendered":"<p>La Secretar\u00eda de Extensi\u00f3n Universitaria, desde el Programa G\u00e9nero, Sociedad y Universidad, invita al segundo encuentro del taller denominado \u201cHacia la sensibilizaci\u00f3n y la reflexi\u00f3n&hellip;<\/p>\n","protected":false},"author":9,"featured_media":4152,"comment_status":"closed","ping_status":"closed","sticky":false,"template":"","format":"standard","meta":{"om_disable_all_campaigns":false,"_monsterinsights_skip_tracking":false,"_monsterinsights_sitenote_active":false,"_monsterinsights_sitenote_note":"","_monsterinsights_sitenote_category":0,"footnotes":""},"categories":[21],"tags":[],"class_list":["post-4287","post","type-post","status-publish","format-standard","has-post-thumbnail","hentry","category-archivadas"],"yoast_head":"<!-- This site is optimized with the Yoast SEO plugin v27.5 - https:\/\/yoast.com\/product\/yoast-seo-wordpress\/ -->\n<title>Segundo encuentro del taller: &quot;Hacia la sensibilizaci\u00f3n y la reflexi\u00f3n en el marco de la Ley Micaela\u201d - Facultad de Ciencias Econ\u00f3micas, Jur\u00ed\u00addicas y Sociales<\/title>\n<meta name=\"robots\" content=\"index, follow, max-snippet:-1, max-image-preview:large, max-video-preview:-1\" \/>\n<link rel=\"canonical\" href=\"https:\/\/www.fcejs.unsl.edu.ar\/index.php\/segundo-encuentro-del-taller-hacia-la-sensibilizacion-y-la-reflexion-en-el-marco-de-la-ley-micaela\/\" \/>\n<meta property=\"og:locale\" content=\"es_ES\" \/>\n<meta property=\"og:type\" content=\"article\" \/>\n<meta property=\"og:title\" content=\"Segundo encuentro del taller: &quot;Hacia la sensibilizaci\u00f3n y la reflexi\u00f3n en el marco de la Ley Micaela\u201d - Facultad de Ciencias Econ\u00f3micas, Jur\u00ed\u00addicas y Sociales\" \/>\n<meta property=\"og:description\" content=\"La Secretar\u00eda de Extensi\u00f3n Universitaria, desde el Programa G\u00e9nero, Sociedad y Universidad, invita al segundo encuentro del taller denominado \u201cHacia la sensibilizaci\u00f3n y la reflexi\u00f3n&hellip;\" \/>\n<meta property=\"og:url\" content=\"https:\/\/www.fcejs.unsl.edu.ar\/index.php\/segundo-encuentro-del-taller-hacia-la-sensibilizacion-y-la-reflexion-en-el-marco-de-la-ley-micaela\/\" \/>\n<meta property=\"og:site_name\" content=\"Facultad de Ciencias Econ\u00f3micas, Jur\u00ed\u00addicas y Sociales\" \/>\n<meta property=\"article:publisher\" content=\"https:\/\/www.facebook.com\/FCEJS.UNSL\/\" \/>\n<meta property=\"article:published_time\" content=\"2021-06-29T14:08:36+00:00\" \/>\n<meta property=\"article:modified_time\" content=\"2021-07-06T13:48:09+00:00\" \/>\n<meta property=\"og:image\" content=\"https:\/\/www.fcejs.unsl.edu.ar\/wp-content\/uploads\/2021\/06\/micaela-fcejs.jpg\" \/>\n\t<meta property=\"og:image:width\" content=\"1152\" \/>\n\t<meta property=\"og:image:height\" content=\"647\" \/>\n\t<meta property=\"og:image:type\" content=\"image\/jpeg\" \/>\n<meta name=\"author\" content=\"DATI\" \/>\n<meta name=\"twitter:card\" content=\"summary_large_image\" \/>\n<meta name=\"twitter:creator\" content=\"@FCEJSUNSL\" \/>\n<meta name=\"twitter:site\" content=\"@FCEJSUNSL\" \/>\n<meta name=\"twitter:label1\" content=\"Escrito por\" \/>\n\t<meta name=\"twitter:data1\" content=\"DATI\" \/>\n\t<meta name=\"twitter:label2\" content=\"Tiempo de lectura\" \/>\n\t<meta name=\"twitter:data2\" content=\"1 minuto\" \/>\n<script type=\"application\/ld+json\" class=\"yoast-schema-graph\">{\"@context\":\"https:\\\/\\\/schema.org\",\"@graph\":[{\"@type\":\"Article\",\"@id\":\"https:\\\/\\\/www.fcejs.unsl.edu.ar\\\/index.php\\\/segundo-encuentro-del-taller-hacia-la-sensibilizacion-y-la-reflexion-en-el-marco-de-la-ley-micaela\\\/#article\",\"isPartOf\":{\"@id\":\"https:\\\/\\\/www.fcejs.unsl.edu.ar\\\/index.php\\\/segundo-encuentro-del-taller-hacia-la-sensibilizacion-y-la-reflexion-en-el-marco-de-la-ley-micaela\\\/\"},\"author\":{\"name\":\"DATI\",\"@id\":\"https:\\\/\\\/www.fcejs.unsl.edu.ar\\\/#\\\/schema\\\/person\\\/352ee6ed90c3f394c7cb5945f8956d34\"},\"headline\":\"Segundo encuentro del taller: &#8220;Hacia la sensibilizaci\u00f3n y la reflexi\u00f3n en el marco de la Ley Micaela\u201d\",\"datePublished\":\"2021-06-29T14:08:36+00:00\",\"dateModified\":\"2021-07-06T13:48:09+00:00\",\"mainEntityOfPage\":{\"@id\":\"https:\\\/\\\/www.fcejs.unsl.edu.ar\\\/index.php\\\/segundo-encuentro-del-taller-hacia-la-sensibilizacion-y-la-reflexion-en-el-marco-de-la-ley-micaela\\\/\"},\"wordCount\":199,\"publisher\":{\"@id\":\"https:\\\/\\\/www.fcejs.unsl.edu.ar\\\/#organization\"},\"image\":{\"@id\":\"https:\\\/\\\/www.fcejs.unsl.edu.ar\\\/index.php\\\/segundo-encuentro-del-taller-hacia-la-sensibilizacion-y-la-reflexion-en-el-marco-de-la-ley-micaela\\\/#primaryimage\"},\"thumbnailUrl\":\"https:\\\/\\\/www.fcejs.unsl.edu.ar\\\/wp-content\\\/uploads\\\/2021\\\/06\\\/micaela-fcejs.jpg\",\"articleSection\":[\"Archivadas\"],\"inLanguage\":\"es-AR\"},{\"@type\":\"WebPage\",\"@id\":\"https:\\\/\\\/www.fcejs.unsl.edu.ar\\\/index.php\\\/segundo-encuentro-del-taller-hacia-la-sensibilizacion-y-la-reflexion-en-el-marco-de-la-ley-micaela\\\/\",\"url\":\"https:\\\/\\\/www.fcejs.unsl.edu.ar\\\/index.php\\\/segundo-encuentro-del-taller-hacia-la-sensibilizacion-y-la-reflexion-en-el-marco-de-la-ley-micaela\\\/\",\"name\":\"Segundo encuentro del taller: \\\"Hacia la sensibilizaci\u00f3n y la reflexi\u00f3n en el marco de la Ley Micaela\u201d - Facultad de Ciencias Econ\u00f3micas, Jur\u00ed\u00addicas y Sociales\",\"isPartOf\":{\"@id\":\"https:\\\/\\\/www.fcejs.unsl.edu.ar\\\/#website\"},\"primaryImageOfPage\":{\"@id\":\"https:\\\/\\\/www.fcejs.unsl.edu.ar\\\/index.php\\\/segundo-encuentro-del-taller-hacia-la-sensibilizacion-y-la-reflexion-en-el-marco-de-la-ley-micaela\\\/#primaryimage\"},\"image\":{\"@id\":\"https:\\\/\\\/www.fcejs.unsl.edu.ar\\\/index.php\\\/segundo-encuentro-del-taller-hacia-la-sensibilizacion-y-la-reflexion-en-el-marco-de-la-ley-micaela\\\/#primaryimage\"},\"thumbnailUrl\":\"https:\\\/\\\/www.fcejs.unsl.edu.ar\\\/wp-content\\\/uploads\\\/2021\\\/06\\\/micaela-fcejs.jpg\",\"datePublished\":\"2021-06-29T14:08:36+00:00\",\"dateModified\":\"2021-07-06T13:48:09+00:00\",\"breadcrumb\":{\"@id\":\"https:\\\/\\\/www.fcejs.unsl.edu.ar\\\/index.php\\\/segundo-encuentro-del-taller-hacia-la-sensibilizacion-y-la-reflexion-en-el-marco-de-la-ley-micaela\\\/#breadcrumb\"},\"inLanguage\":\"es-AR\",\"potentialAction\":[{\"@type\":\"ReadAction\",\"target\":[\"https:\\\/\\\/www.fcejs.unsl.edu.ar\\\/index.php\\\/segundo-encuentro-del-taller-hacia-la-sensibilizacion-y-la-reflexion-en-el-marco-de-la-ley-micaela\\\/\"]}]},{\"@type\":\"ImageObject\",\"inLanguage\":\"es-AR\",\"@id\":\"https:\\\/\\\/www.fcejs.unsl.edu.ar\\\/index.php\\\/segundo-encuentro-del-taller-hacia-la-sensibilizacion-y-la-reflexion-en-el-marco-de-la-ley-micaela\\\/#primaryimage\",\"url\":\"https:\\\/\\\/www.fcejs.unsl.edu.ar\\\/wp-content\\\/uploads\\\/2021\\\/06\\\/micaela-fcejs.jpg\",\"contentUrl\":\"https:\\\/\\\/www.fcejs.unsl.edu.ar\\\/wp-content\\\/uploads\\\/2021\\\/06\\\/micaela-fcejs.jpg\",\"width\":1152,\"height\":647},{\"@type\":\"BreadcrumbList\",\"@id\":\"https:\\\/\\\/www.fcejs.unsl.edu.ar\\\/index.php\\\/segundo-encuentro-del-taller-hacia-la-sensibilizacion-y-la-reflexion-en-el-marco-de-la-ley-micaela\\\/#breadcrumb\",\"itemListElement\":[{\"@type\":\"ListItem\",\"position\":1,\"name\":\"Inicio\",\"item\":\"https:\\\/\\\/www.fcejs.unsl.edu.ar\\\/\"},{\"@type\":\"ListItem\",\"position\":2,\"name\":\"Segundo encuentro del taller: &#8220;Hacia la sensibilizaci\u00f3n y la reflexi\u00f3n en el marco de la Ley Micaela\u201d\"}]},{\"@type\":\"WebSite\",\"@id\":\"https:\\\/\\\/www.fcejs.unsl.edu.ar\\\/#website\",\"url\":\"https:\\\/\\\/www.fcejs.unsl.edu.ar\\\/\",\"name\":\"Facultad de Ciencias Econ\u00f3micas, Jur\u00ed\u00addicas y Sociales\",\"description\":\"\",\"publisher\":{\"@id\":\"https:\\\/\\\/www.fcejs.unsl.edu.ar\\\/#organization\"},\"potentialAction\":[{\"@type\":\"SearchAction\",\"target\":{\"@type\":\"EntryPoint\",\"urlTemplate\":\"https:\\\/\\\/www.fcejs.unsl.edu.ar\\\/?s={search_term_string}\"},\"query-input\":{\"@type\":\"PropertyValueSpecification\",\"valueRequired\":true,\"valueName\":\"search_term_string\"}}],\"inLanguage\":\"es-AR\"},{\"@type\":\"Organization\",\"@id\":\"https:\\\/\\\/www.fcejs.unsl.edu.ar\\\/#organization\",\"name\":\"Facultad de Ciencias Econ\u00f3micas, Jur\u00eddicas y Sociales\",\"url\":\"https:\\\/\\\/www.fcejs.unsl.edu.ar\\\/\",\"logo\":{\"@type\":\"ImageObject\",\"inLanguage\":\"es-AR\",\"@id\":\"https:\\\/\\\/www.fcejs.unsl.edu.ar\\\/#\\\/schema\\\/logo\\\/image\\\/\",\"url\":\"https:\\\/\\\/www.fcejs.unsl.edu.ar\\\/wp-content\\\/uploads\\\/2021\\\/03\\\/logo-1.jpg\",\"contentUrl\":\"https:\\\/\\\/www.fcejs.unsl.edu.ar\\\/wp-content\\\/uploads\\\/2021\\\/03\\\/logo-1.jpg\",\"width\":471,\"height\":146,\"caption\":\"Facultad de Ciencias Econ\u00f3micas, Jur\u00eddicas y Sociales\"},\"image\":{\"@id\":\"https:\\\/\\\/www.fcejs.unsl.edu.ar\\\/#\\\/schema\\\/logo\\\/image\\\/\"},\"sameAs\":[\"https:\\\/\\\/www.facebook.com\\\/FCEJS.UNSL\\\/\",\"https:\\\/\\\/x.com\\\/FCEJSUNSL\",\"https:\\\/\\\/www.instagram.com\\\/fcejs.unsl\\\/\",\"https:\\\/\\\/www.youtube.com\\\/channel\\\/UCH-Ut6EaN_X5ogjIQMPe46g\\\/\"]},{\"@type\":\"Person\",\"@id\":\"https:\\\/\\\/www.fcejs.unsl.edu.ar\\\/#\\\/schema\\\/person\\\/352ee6ed90c3f394c7cb5945f8956d34\",\"name\":\"DATI\"}]}<\/script>\n<!-- \/ Yoast SEO plugin. -->","yoast_head_json":{"title":"Segundo encuentro del taller: \"Hacia la sensibilizaci\u00f3n y la reflexi\u00f3n en el marco de la Ley Micaela\u201d - Facultad de Ciencias Econ\u00f3micas, Jur\u00ed\u00addicas y Sociales","robots":{"index":"index","follow":"follow","max-snippet":"max-snippet:-1","max-image-preview":"max-image-preview:large","max-video-preview":"max-video-preview:-1"},"canonical":"https:\/\/www.fcejs.unsl.edu.ar\/index.php\/segundo-encuentro-del-taller-hacia-la-sensibilizacion-y-la-reflexion-en-el-marco-de-la-ley-micaela\/","og_locale":"es_ES","og_type":"article","og_title":"Segundo encuentro del taller: \"Hacia la sensibilizaci\u00f3n y la reflexi\u00f3n en el marco de la Ley Micaela\u201d - Facultad de Ciencias Econ\u00f3micas, Jur\u00ed\u00addicas y Sociales","og_description":"La Secretar\u00eda de Extensi\u00f3n Universitaria, desde el Programa G\u00e9nero, Sociedad y Universidad, invita al segundo encuentro del taller denominado \u201cHacia la sensibilizaci\u00f3n y la reflexi\u00f3n&hellip;","og_url":"https:\/\/www.fcejs.unsl.edu.ar\/index.php\/segundo-encuentro-del-taller-hacia-la-sensibilizacion-y-la-reflexion-en-el-marco-de-la-ley-micaela\/","og_site_name":"Facultad de Ciencias Econ\u00f3micas, Jur\u00ed\u00addicas y Sociales","article_publisher":"https:\/\/www.facebook.com\/FCEJS.UNSL\/","article_published_time":"2021-06-29T14:08:36+00:00","article_modified_time":"2021-07-06T13:48:09+00:00","og_image":[{"width":1152,"height":647,"url":"https:\/\/www.fcejs.unsl.edu.ar\/wp-content\/uploads\/2021\/06\/micaela-fcejs.jpg","type":"image\/jpeg"}],"author":"DATI","twitter_card":"summary_large_image","twitter_creator":"@FCEJSUNSL","twitter_site":"@FCEJSUNSL","twitter_misc":{"Escrito por":"DATI","Tiempo de lectura":"1 minuto"},"schema":{"@context":"https:\/\/schema.org","@graph":[{"@type":"Article","@id":"https:\/\/www.fcejs.unsl.edu.ar\/index.php\/segundo-encuentro-del-taller-hacia-la-sensibilizacion-y-la-reflexion-en-el-marco-de-la-ley-micaela\/#article","isPartOf":{"@id":"https:\/\/www.fcejs.unsl.edu.ar\/index.php\/segundo-encuentro-del-taller-hacia-la-sensibilizacion-y-la-reflexion-en-el-marco-de-la-ley-micaela\/"},"author":{"name":"DATI","@id":"https:\/\/www.fcejs.unsl.edu.ar\/#\/schema\/person\/352ee6ed90c3f394c7cb5945f8956d34"},"headline":"Segundo encuentro del taller: &#8220;Hacia la sensibilizaci\u00f3n y la reflexi\u00f3n en el marco de la Ley Micaela\u201d","datePublished":"2021-06-29T14:08:36+00:00","dateModified":"2021-07-06T13:48:09+00:00","mainEntityOfPage":{"@id":"https:\/\/www.fcejs.unsl.edu.ar\/index.php\/segundo-encuentro-del-taller-hacia-la-sensibilizacion-y-la-reflexion-en-el-marco-de-la-ley-micaela\/"},"wordCount":199,"publisher":{"@id":"https:\/\/www.fcejs.unsl.edu.ar\/#organization"},"image":{"@id":"https:\/\/www.fcejs.unsl.edu.ar\/index.php\/segundo-encuentro-del-taller-hacia-la-sensibilizacion-y-la-reflexion-en-el-marco-de-la-ley-micaela\/#primaryimage"},"thumbnailUrl":"https:\/\/www.fcejs.unsl.edu.ar\/wp-content\/uploads\/2021\/06\/micaela-fcejs.jpg","articleSection":["Archivadas"],"inLanguage":"es-AR"},{"@type":"WebPage","@id":"https:\/\/www.fcejs.unsl.edu.ar\/index.php\/segundo-encuentro-del-taller-hacia-la-sensibilizacion-y-la-reflexion-en-el-marco-de-la-ley-micaela\/","url":"https:\/\/www.fcejs.unsl.edu.ar\/index.php\/segundo-encuentro-del-taller-hacia-la-sensibilizacion-y-la-reflexion-en-el-marco-de-la-ley-micaela\/","name":"Segundo encuentro del taller: \"Hacia la sensibilizaci\u00f3n y la reflexi\u00f3n en el marco de la Ley Micaela\u201d - Facultad de Ciencias Econ\u00f3micas, Jur\u00ed\u00addicas y Sociales","isPartOf":{"@id":"https:\/\/www.fcejs.unsl.edu.ar\/#website"},"primaryImageOfPage":{"@id":"https:\/\/www.fcejs.unsl.edu.ar\/index.php\/segundo-encuentro-del-taller-hacia-la-sensibilizacion-y-la-reflexion-en-el-marco-de-la-ley-micaela\/#primaryimage"},"image":{"@id":"https:\/\/www.fcejs.unsl.edu.ar\/index.php\/segundo-encuentro-del-taller-hacia-la-sensibilizacion-y-la-reflexion-en-el-marco-de-la-ley-micaela\/#primaryimage"},"thumbnailUrl":"https:\/\/www.fcejs.unsl.edu.ar\/wp-content\/uploads\/2021\/06\/micaela-fcejs.jpg","datePublished":"2021-06-29T14:08:36+00:00","dateModified":"2021-07-06T13:48:09+00:00","breadcrumb":{"@id":"https:\/\/www.fcejs.unsl.edu.ar\/index.php\/segundo-encuentro-del-taller-hacia-la-sensibilizacion-y-la-reflexion-en-el-marco-de-la-ley-micaela\/#breadcrumb"},"inLanguage":"es-AR","potentialAction":[{"@type":"ReadAction","target":["https:\/\/www.fcejs.unsl.edu.ar\/index.php\/segundo-encuentro-del-taller-hacia-la-sensibilizacion-y-la-reflexion-en-el-marco-de-la-ley-micaela\/"]}]},{"@type":"ImageObject","inLanguage":"es-AR","@id":"https:\/\/www.fcejs.unsl.edu.ar\/index.php\/segundo-encuentro-del-taller-hacia-la-sensibilizacion-y-la-reflexion-en-el-marco-de-la-ley-micaela\/#primaryimage","url":"https:\/\/www.fcejs.unsl.edu.ar\/wp-content\/uploads\/2021\/06\/micaela-fcejs.jpg","contentUrl":"https:\/\/www.fcejs.unsl.edu.ar\/wp-content\/uploads\/2021\/06\/micaela-fcejs.jpg","width":1152,"height":647},{"@type":"BreadcrumbList","@id":"https:\/\/www.fcejs.unsl.edu.ar\/index.php\/segundo-encuentro-del-taller-hacia-la-sensibilizacion-y-la-reflexion-en-el-marco-de-la-ley-micaela\/#breadcrumb","itemListElement":[{"@type":"ListItem","position":1,"name":"Inicio","item":"https:\/\/www.fcejs.unsl.edu.ar\/"},{"@type":"ListItem","position":2,"name":"Segundo encuentro del taller: &#8220;Hacia la sensibilizaci\u00f3n y la reflexi\u00f3n en el marco de la Ley Micaela\u201d"}]},{"@type":"WebSite","@id":"https:\/\/www.fcejs.unsl.edu.ar\/#website","url":"https:\/\/www.fcejs.unsl.edu.ar\/","name":"Facultad de Ciencias Econ\u00f3micas, Jur\u00ed\u00addicas y Sociales","description":"","publisher":{"@id":"https:\/\/www.fcejs.unsl.edu.ar\/#organization"},"potentialAction":[{"@type":"SearchAction","target":{"@type":"EntryPoint","urlTemplate":"https:\/\/www.fcejs.unsl.edu.ar\/?s={search_term_string}"},"query-input":{"@type":"PropertyValueSpecification","valueRequired":true,"valueName":"search_term_string"}}],"inLanguage":"es-AR"},{"@type":"Organization","@id":"https:\/\/www.fcejs.unsl.edu.ar\/#organization","name":"Facultad de Ciencias Econ\u00f3micas, Jur\u00eddicas y Sociales","url":"https:\/\/www.fcejs.unsl.edu.ar\/","logo":{"@type":"ImageObject","inLanguage":"es-AR","@id":"https:\/\/www.fcejs.unsl.edu.ar\/#\/schema\/logo\/image\/","url":"https:\/\/www.fcejs.unsl.edu.ar\/wp-content\/uploads\/2021\/03\/logo-1.jpg","contentUrl":"https:\/\/www.fcejs.unsl.edu.ar\/wp-content\/uploads\/2021\/03\/logo-1.jpg","width":471,"height":146,"caption":"Facultad de Ciencias Econ\u00f3micas, Jur\u00eddicas y Sociales"},"image":{"@id":"https:\/\/www.fcejs.unsl.edu.ar\/#\/schema\/logo\/image\/"},"sameAs":["https:\/\/www.facebook.com\/FCEJS.UNSL\/","https:\/\/x.com\/FCEJSUNSL","https:\/\/www.instagram.com\/fcejs.unsl\/","https:\/\/www.youtube.com\/channel\/UCH-Ut6EaN_X5ogjIQMPe46g\/"]},{"@type":"Person","@id":"https:\/\/www.fcejs.unsl.edu.ar\/#\/schema\/person\/352ee6ed90c3f394c7cb5945f8956d34","name":"DATI"}]}},"jetpack_featured_media_url":"https:\/\/www.fcejs.unsl.edu.ar\/wp-content\/uploads\/2021\/06\/micaela-fcejs.jpg","_links":{"self":[{"href":"https:\/\/www.fcejs.unsl.edu.ar\/index.php\/wp-json\/wp\/v2\/posts\/4287","targetHints":{"allow":["GET"]}}],"collection":[{"href":"https:\/\/www.fcejs.unsl.edu.ar\/index.php\/wp-json\/wp\/v2\/posts"}],"about":[{"href":"https:\/\/www.fcejs.unsl.edu.ar\/index.php\/wp-json\/wp\/v2\/types\/post"}],"author":[{"embeddable":true,"href":"https:\/\/www.fcejs.unsl.edu.ar\/index.php\/wp-json\/wp\/v2\/users\/9"}],"replies":[{"embeddable":true,"href":"https:\/\/www.fcejs.unsl.edu.ar\/index.php\/wp-json\/wp\/v2\/comments?post=4287"}],"version-history":[{"count":2,"href":"https:\/\/www.fcejs.unsl.edu.ar\/index.php\/wp-json\/wp\/v2\/posts\/4287\/revisions"}],"predecessor-version":[{"id":4290,"href":"https:\/\/www.fcejs.unsl.edu.ar\/index.php\/wp-json\/wp\/v2\/posts\/4287\/revisions\/4290"}],"wp:featuredmedia":[{"embeddable":true,"href":"https:\/\/www.fcejs.unsl.edu.ar\/index.php\/wp-json\/wp\/v2\/media\/4152"}],"wp:attachment":[{"href":"https:\/\/www.fcejs.unsl.edu.ar\/index.php\/wp-json\/wp\/v2\/media?parent=4287"}],"wp:term":[{"taxonomy":"category","embeddable":true,"href":"https:\/\/www.fcejs.unsl.edu.ar\/index.php\/wp-json\/wp\/v2\/categories?post=4287"},{"taxonomy":"post_tag","embeddable":true,"href":"https:\/\/www.fcejs.unsl.edu.ar\/index.php\/wp-json\/wp\/v2\/tags?post=4287"}],"curies":[{"name":"wp","href":"https:\/\/api.w.org\/{rel}","templated":true}]}}