{"id":4244,"date":"2021-06-30T11:04:34","date_gmt":"2021-06-30T14:04:34","guid":{"rendered":"http:\/\/10.101.10.197\/www\/?p=4244"},"modified":"2021-09-07T15:21:17","modified_gmt":"2021-09-07T18:21:17","slug":"firma-de-acta-especifica-con-la-secretaria-de-la-mujer-igualdad-y-diversidad","status":"publish","type":"post","link":"https:\/\/www.fcejs.unsl.edu.ar\/index.php\/firma-de-acta-especifica-con-la-secretaria-de-la-mujer-igualdad-y-diversidad\/","title":{"rendered":"Firma de acta espec\u00edfica con la Secretar\u00eda de la Mujer, Igualdad y Diversidad"},"content":{"rendered":"<p>En Terrazas del Portezuelo, durante la jornada del jueves 24 de junio, el Decano, Mag. Marcelo Casabene junto a la Secretaria de la Mujer, Igualdad y Diversidad, Prof. Ayel\u00e9n Mazzina firmaron un acta espec\u00edfica sobre la \u201cEspecializaci\u00f3n en Abordaje de Problem\u00e1ticas Sociales desde la Perspectiva de G\u00e9nero y Diversidad\u201d.<\/p>\n<p>Dicha acta espec\u00edfica, firmada en el marco del Convenio N\u00ba 170 \/94, promueve la articulaci\u00f3n interinstitucional en la realizaci\u00f3n de actividades conjuntas, con el objetivo de fortalecer las capacidades institucionales de ambas organizaciones; desarrollar y fortalecer estrategias de abordaje con perspectivas de g\u00e9nero y de diversidad al personal que se desempe\u00f1a en la administraci\u00f3n p\u00fablica.<\/p>\n<p>Adem\u00e1s, establece beneficios arancelarios para agentes del Estado, que se inscriban a determinados cursos de posgrado, convocados por la Secretar\u00eda, promueve la transverzalizaci\u00f3n de las perspectivas de g\u00e9nero en las pol\u00edticas p\u00fablicas a trav\u00e9s de la formaci\u00f3n de agentes y funcionarios estatales y se comprometen a difundir las acciones que se desarrollen desde la Secretar\u00eda y la Carrera como una pol\u00edtica de sensibilizaci\u00f3n en tem\u00e1ticas de g\u00e9nero.<\/p>\n<p><img fetchpriority=\"high\" decoding=\"async\" class=\"aligncenter size-full wp-image-4246\" src=\"https:\/\/www.fcejs.unsl.edu.ar\/wp-content\/uploads\/2021\/06\/firma-secretaria-mujer-03.jpg\" alt=\"\" width=\"827\" height=\"615\" srcset=\"https:\/\/www.fcejs.unsl.edu.ar\/wp-content\/uploads\/2021\/06\/firma-secretaria-mujer-03.jpg 827w, https:\/\/www.fcejs.unsl.edu.ar\/wp-content\/uploads\/2021\/06\/firma-secretaria-mujer-03-300x223.jpg 300w, https:\/\/www.fcejs.unsl.edu.ar\/wp-content\/uploads\/2021\/06\/firma-secretaria-mujer-03-768x571.jpg 768w\" sizes=\"(max-width: 827px) 100vw, 827px\" \/><\/p>\n<p>El Decano, Mag. Marcelo Casabene detall\u00f3 que \u201cdentro de las actividades previstas, se incorporar\u00e1 a funcionarios y al personal de la administraci\u00f3n p\u00fablica (de la Secretar\u00eda de la Mujer espec\u00edficamente), al cursado de la Especializaci\u00f3n o a cursos en particular\u201d. Asimismo, agradeci\u00f3 al Gobierno de la Provincia, al facilitar a los estudiantes de la Especializaci\u00f3n, \u201cque puedan realizar sus trabajos finales con informaci\u00f3n que brindar\u00e1 la Secretaria de la Mujer, Igualdad y Diversidad\u201d.<\/p>\n","protected":false},"excerpt":{"rendered":"<p>En Terrazas del Portezuelo, durante la jornada del jueves 24 de junio, el Decano, Mag. Marcelo Casabene junto a la Secretaria de la Mujer, Igualdad&hellip;<\/p>\n","protected":false},"author":9,"featured_media":4245,"comment_status":"closed","ping_status":"closed","sticky":false,"template":"","format":"standard","meta":{"om_disable_all_campaigns":false,"_monsterinsights_skip_tracking":false,"_monsterinsights_sitenote_active":false,"_monsterinsights_sitenote_note":"","_monsterinsights_sitenote_category":0,"footnotes":""},"categories":[1],"tags":[],"class_list":["post-4244","post","type-post","status-publish","format-standard","has-post-thumbnail","hentry","category-noticias"],"yoast_head":"<!-- This site is optimized with the Yoast SEO plugin v27.5 - https:\/\/yoast.com\/product\/yoast-seo-wordpress\/ -->\n<title>Firma de acta espec\u00edfica con la Secretar\u00eda de la Mujer, Igualdad y Diversidad - Facultad de Ciencias Econ\u00f3micas, Jur\u00ed\u00addicas y Sociales<\/title>\n<meta name=\"robots\" content=\"index, follow, max-snippet:-1, max-image-preview:large, max-video-preview:-1\" \/>\n<link rel=\"canonical\" href=\"https:\/\/www.fcejs.unsl.edu.ar\/index.php\/firma-de-acta-especifica-con-la-secretaria-de-la-mujer-igualdad-y-diversidad\/\" \/>\n<meta property=\"og:locale\" content=\"es_ES\" \/>\n<meta property=\"og:type\" content=\"article\" \/>\n<meta property=\"og:title\" content=\"Firma de acta espec\u00edfica con la Secretar\u00eda de la Mujer, Igualdad y Diversidad - Facultad de Ciencias Econ\u00f3micas, Jur\u00ed\u00addicas y Sociales\" \/>\n<meta property=\"og:description\" content=\"En Terrazas del Portezuelo, durante la jornada del jueves 24 de junio, el Decano, Mag. Marcelo Casabene junto a la Secretaria de la Mujer, Igualdad&hellip;\" \/>\n<meta property=\"og:url\" content=\"https:\/\/www.fcejs.unsl.edu.ar\/index.php\/firma-de-acta-especifica-con-la-secretaria-de-la-mujer-igualdad-y-diversidad\/\" \/>\n<meta property=\"og:site_name\" content=\"Facultad de Ciencias Econ\u00f3micas, Jur\u00ed\u00addicas y Sociales\" \/>\n<meta property=\"article:publisher\" content=\"https:\/\/www.facebook.com\/FCEJS.UNSL\/\" \/>\n<meta property=\"article:published_time\" content=\"2021-06-30T14:04:34+00:00\" \/>\n<meta property=\"article:modified_time\" content=\"2021-09-07T18:21:17+00:00\" \/>\n<meta property=\"og:image\" content=\"https:\/\/www.fcejs.unsl.edu.ar\/wp-content\/uploads\/2021\/06\/firma-secretaria-mujer-front.jpg\" \/>\n\t<meta property=\"og:image:width\" content=\"1152\" \/>\n\t<meta property=\"og:image:height\" content=\"647\" \/>\n\t<meta property=\"og:image:type\" content=\"image\/jpeg\" \/>\n<meta name=\"author\" content=\"DATI\" \/>\n<meta name=\"twitter:card\" content=\"summary_large_image\" \/>\n<meta name=\"twitter:creator\" content=\"@FCEJSUNSL\" \/>\n<meta name=\"twitter:site\" content=\"@FCEJSUNSL\" \/>\n<meta name=\"twitter:label1\" content=\"Escrito por\" \/>\n\t<meta name=\"twitter:data1\" content=\"DATI\" \/>\n\t<meta name=\"twitter:label2\" content=\"Tiempo de lectura\" \/>\n\t<meta name=\"twitter:data2\" content=\"2 minutos\" \/>\n<script type=\"application\/ld+json\" class=\"yoast-schema-graph\">{\"@context\":\"https:\\\/\\\/schema.org\",\"@graph\":[{\"@type\":\"Article\",\"@id\":\"https:\\\/\\\/www.fcejs.unsl.edu.ar\\\/index.php\\\/firma-de-acta-especifica-con-la-secretaria-de-la-mujer-igualdad-y-diversidad\\\/#article\",\"isPartOf\":{\"@id\":\"https:\\\/\\\/www.fcejs.unsl.edu.ar\\\/index.php\\\/firma-de-acta-especifica-con-la-secretaria-de-la-mujer-igualdad-y-diversidad\\\/\"},\"author\":{\"name\":\"DATI\",\"@id\":\"https:\\\/\\\/www.fcejs.unsl.edu.ar\\\/#\\\/schema\\\/person\\\/352ee6ed90c3f394c7cb5945f8956d34\"},\"headline\":\"Firma de acta espec\u00edfica con la Secretar\u00eda de la Mujer, Igualdad y Diversidad\",\"datePublished\":\"2021-06-30T14:04:34+00:00\",\"dateModified\":\"2021-09-07T18:21:17+00:00\",\"mainEntityOfPage\":{\"@id\":\"https:\\\/\\\/www.fcejs.unsl.edu.ar\\\/index.php\\\/firma-de-acta-especifica-con-la-secretaria-de-la-mujer-igualdad-y-diversidad\\\/\"},\"wordCount\":288,\"publisher\":{\"@id\":\"https:\\\/\\\/www.fcejs.unsl.edu.ar\\\/#organization\"},\"image\":{\"@id\":\"https:\\\/\\\/www.fcejs.unsl.edu.ar\\\/index.php\\\/firma-de-acta-especifica-con-la-secretaria-de-la-mujer-igualdad-y-diversidad\\\/#primaryimage\"},\"thumbnailUrl\":\"https:\\\/\\\/www.fcejs.unsl.edu.ar\\\/wp-content\\\/uploads\\\/2021\\\/06\\\/firma-secretaria-mujer-front.jpg\",\"articleSection\":[\"Noticias\"],\"inLanguage\":\"es-AR\"},{\"@type\":\"WebPage\",\"@id\":\"https:\\\/\\\/www.fcejs.unsl.edu.ar\\\/index.php\\\/firma-de-acta-especifica-con-la-secretaria-de-la-mujer-igualdad-y-diversidad\\\/\",\"url\":\"https:\\\/\\\/www.fcejs.unsl.edu.ar\\\/index.php\\\/firma-de-acta-especifica-con-la-secretaria-de-la-mujer-igualdad-y-diversidad\\\/\",\"name\":\"Firma de acta espec\u00edfica con la Secretar\u00eda de la Mujer, Igualdad y Diversidad - Facultad de Ciencias Econ\u00f3micas, Jur\u00ed\u00addicas y Sociales\",\"isPartOf\":{\"@id\":\"https:\\\/\\\/www.fcejs.unsl.edu.ar\\\/#website\"},\"primaryImageOfPage\":{\"@id\":\"https:\\\/\\\/www.fcejs.unsl.edu.ar\\\/index.php\\\/firma-de-acta-especifica-con-la-secretaria-de-la-mujer-igualdad-y-diversidad\\\/#primaryimage\"},\"image\":{\"@id\":\"https:\\\/\\\/www.fcejs.unsl.edu.ar\\\/index.php\\\/firma-de-acta-especifica-con-la-secretaria-de-la-mujer-igualdad-y-diversidad\\\/#primaryimage\"},\"thumbnailUrl\":\"https:\\\/\\\/www.fcejs.unsl.edu.ar\\\/wp-content\\\/uploads\\\/2021\\\/06\\\/firma-secretaria-mujer-front.jpg\",\"datePublished\":\"2021-06-30T14:04:34+00:00\",\"dateModified\":\"2021-09-07T18:21:17+00:00\",\"breadcrumb\":{\"@id\":\"https:\\\/\\\/www.fcejs.unsl.edu.ar\\\/index.php\\\/firma-de-acta-especifica-con-la-secretaria-de-la-mujer-igualdad-y-diversidad\\\/#breadcrumb\"},\"inLanguage\":\"es-AR\",\"potentialAction\":[{\"@type\":\"ReadAction\",\"target\":[\"https:\\\/\\\/www.fcejs.unsl.edu.ar\\\/index.php\\\/firma-de-acta-especifica-con-la-secretaria-de-la-mujer-igualdad-y-diversidad\\\/\"]}]},{\"@type\":\"ImageObject\",\"inLanguage\":\"es-AR\",\"@id\":\"https:\\\/\\\/www.fcejs.unsl.edu.ar\\\/index.php\\\/firma-de-acta-especifica-con-la-secretaria-de-la-mujer-igualdad-y-diversidad\\\/#primaryimage\",\"url\":\"https:\\\/\\\/www.fcejs.unsl.edu.ar\\\/wp-content\\\/uploads\\\/2021\\\/06\\\/firma-secretaria-mujer-front.jpg\",\"contentUrl\":\"https:\\\/\\\/www.fcejs.unsl.edu.ar\\\/wp-content\\\/uploads\\\/2021\\\/06\\\/firma-secretaria-mujer-front.jpg\",\"width\":1152,\"height\":647},{\"@type\":\"BreadcrumbList\",\"@id\":\"https:\\\/\\\/www.fcejs.unsl.edu.ar\\\/index.php\\\/firma-de-acta-especifica-con-la-secretaria-de-la-mujer-igualdad-y-diversidad\\\/#breadcrumb\",\"itemListElement\":[{\"@type\":\"ListItem\",\"position\":1,\"name\":\"Inicio\",\"item\":\"https:\\\/\\\/www.fcejs.unsl.edu.ar\\\/\"},{\"@type\":\"ListItem\",\"position\":2,\"name\":\"Firma de acta espec\u00edfica con la Secretar\u00eda de la Mujer, Igualdad y Diversidad\"}]},{\"@type\":\"WebSite\",\"@id\":\"https:\\\/\\\/www.fcejs.unsl.edu.ar\\\/#website\",\"url\":\"https:\\\/\\\/www.fcejs.unsl.edu.ar\\\/\",\"name\":\"Facultad de Ciencias Econ\u00f3micas, Jur\u00ed\u00addicas y Sociales\",\"description\":\"\",\"publisher\":{\"@id\":\"https:\\\/\\\/www.fcejs.unsl.edu.ar\\\/#organization\"},\"potentialAction\":[{\"@type\":\"SearchAction\",\"target\":{\"@type\":\"EntryPoint\",\"urlTemplate\":\"https:\\\/\\\/www.fcejs.unsl.edu.ar\\\/?s={search_term_string}\"},\"query-input\":{\"@type\":\"PropertyValueSpecification\",\"valueRequired\":true,\"valueName\":\"search_term_string\"}}],\"inLanguage\":\"es-AR\"},{\"@type\":\"Organization\",\"@id\":\"https:\\\/\\\/www.fcejs.unsl.edu.ar\\\/#organization\",\"name\":\"Facultad de Ciencias Econ\u00f3micas, Jur\u00eddicas y Sociales\",\"url\":\"https:\\\/\\\/www.fcejs.unsl.edu.ar\\\/\",\"logo\":{\"@type\":\"ImageObject\",\"inLanguage\":\"es-AR\",\"@id\":\"https:\\\/\\\/www.fcejs.unsl.edu.ar\\\/#\\\/schema\\\/logo\\\/image\\\/\",\"url\":\"https:\\\/\\\/www.fcejs.unsl.edu.ar\\\/wp-content\\\/uploads\\\/2021\\\/03\\\/logo-1.jpg\",\"contentUrl\":\"https:\\\/\\\/www.fcejs.unsl.edu.ar\\\/wp-content\\\/uploads\\\/2021\\\/03\\\/logo-1.jpg\",\"width\":471,\"height\":146,\"caption\":\"Facultad de Ciencias Econ\u00f3micas, Jur\u00eddicas y Sociales\"},\"image\":{\"@id\":\"https:\\\/\\\/www.fcejs.unsl.edu.ar\\\/#\\\/schema\\\/logo\\\/image\\\/\"},\"sameAs\":[\"https:\\\/\\\/www.facebook.com\\\/FCEJS.UNSL\\\/\",\"https:\\\/\\\/x.com\\\/FCEJSUNSL\",\"https:\\\/\\\/www.instagram.com\\\/fcejs.unsl\\\/\",\"https:\\\/\\\/www.youtube.com\\\/channel\\\/UCH-Ut6EaN_X5ogjIQMPe46g\\\/\"]},{\"@type\":\"Person\",\"@id\":\"https:\\\/\\\/www.fcejs.unsl.edu.ar\\\/#\\\/schema\\\/person\\\/352ee6ed90c3f394c7cb5945f8956d34\",\"name\":\"DATI\"}]}<\/script>\n<!-- \/ Yoast SEO plugin. -->","yoast_head_json":{"title":"Firma de acta espec\u00edfica con la Secretar\u00eda de la Mujer, Igualdad y Diversidad - Facultad de Ciencias Econ\u00f3micas, Jur\u00ed\u00addicas y Sociales","robots":{"index":"index","follow":"follow","max-snippet":"max-snippet:-1","max-image-preview":"max-image-preview:large","max-video-preview":"max-video-preview:-1"},"canonical":"https:\/\/www.fcejs.unsl.edu.ar\/index.php\/firma-de-acta-especifica-con-la-secretaria-de-la-mujer-igualdad-y-diversidad\/","og_locale":"es_ES","og_type":"article","og_title":"Firma de acta espec\u00edfica con la Secretar\u00eda de la Mujer, Igualdad y Diversidad - Facultad de Ciencias Econ\u00f3micas, Jur\u00ed\u00addicas y Sociales","og_description":"En Terrazas del Portezuelo, durante la jornada del jueves 24 de junio, el Decano, Mag. Marcelo Casabene junto a la Secretaria de la Mujer, Igualdad&hellip;","og_url":"https:\/\/www.fcejs.unsl.edu.ar\/index.php\/firma-de-acta-especifica-con-la-secretaria-de-la-mujer-igualdad-y-diversidad\/","og_site_name":"Facultad de Ciencias Econ\u00f3micas, Jur\u00ed\u00addicas y Sociales","article_publisher":"https:\/\/www.facebook.com\/FCEJS.UNSL\/","article_published_time":"2021-06-30T14:04:34+00:00","article_modified_time":"2021-09-07T18:21:17+00:00","og_image":[{"width":1152,"height":647,"url":"https:\/\/www.fcejs.unsl.edu.ar\/wp-content\/uploads\/2021\/06\/firma-secretaria-mujer-front.jpg","type":"image\/jpeg"}],"author":"DATI","twitter_card":"summary_large_image","twitter_creator":"@FCEJSUNSL","twitter_site":"@FCEJSUNSL","twitter_misc":{"Escrito por":"DATI","Tiempo de lectura":"2 minutos"},"schema":{"@context":"https:\/\/schema.org","@graph":[{"@type":"Article","@id":"https:\/\/www.fcejs.unsl.edu.ar\/index.php\/firma-de-acta-especifica-con-la-secretaria-de-la-mujer-igualdad-y-diversidad\/#article","isPartOf":{"@id":"https:\/\/www.fcejs.unsl.edu.ar\/index.php\/firma-de-acta-especifica-con-la-secretaria-de-la-mujer-igualdad-y-diversidad\/"},"author":{"name":"DATI","@id":"https:\/\/www.fcejs.unsl.edu.ar\/#\/schema\/person\/352ee6ed90c3f394c7cb5945f8956d34"},"headline":"Firma de acta espec\u00edfica con la Secretar\u00eda de la Mujer, Igualdad y Diversidad","datePublished":"2021-06-30T14:04:34+00:00","dateModified":"2021-09-07T18:21:17+00:00","mainEntityOfPage":{"@id":"https:\/\/www.fcejs.unsl.edu.ar\/index.php\/firma-de-acta-especifica-con-la-secretaria-de-la-mujer-igualdad-y-diversidad\/"},"wordCount":288,"publisher":{"@id":"https:\/\/www.fcejs.unsl.edu.ar\/#organization"},"image":{"@id":"https:\/\/www.fcejs.unsl.edu.ar\/index.php\/firma-de-acta-especifica-con-la-secretaria-de-la-mujer-igualdad-y-diversidad\/#primaryimage"},"thumbnailUrl":"https:\/\/www.fcejs.unsl.edu.ar\/wp-content\/uploads\/2021\/06\/firma-secretaria-mujer-front.jpg","articleSection":["Noticias"],"inLanguage":"es-AR"},{"@type":"WebPage","@id":"https:\/\/www.fcejs.unsl.edu.ar\/index.php\/firma-de-acta-especifica-con-la-secretaria-de-la-mujer-igualdad-y-diversidad\/","url":"https:\/\/www.fcejs.unsl.edu.ar\/index.php\/firma-de-acta-especifica-con-la-secretaria-de-la-mujer-igualdad-y-diversidad\/","name":"Firma de acta espec\u00edfica con la Secretar\u00eda de la Mujer, Igualdad y Diversidad - Facultad de Ciencias Econ\u00f3micas, Jur\u00ed\u00addicas y Sociales","isPartOf":{"@id":"https:\/\/www.fcejs.unsl.edu.ar\/#website"},"primaryImageOfPage":{"@id":"https:\/\/www.fcejs.unsl.edu.ar\/index.php\/firma-de-acta-especifica-con-la-secretaria-de-la-mujer-igualdad-y-diversidad\/#primaryimage"},"image":{"@id":"https:\/\/www.fcejs.unsl.edu.ar\/index.php\/firma-de-acta-especifica-con-la-secretaria-de-la-mujer-igualdad-y-diversidad\/#primaryimage"},"thumbnailUrl":"https:\/\/www.fcejs.unsl.edu.ar\/wp-content\/uploads\/2021\/06\/firma-secretaria-mujer-front.jpg","datePublished":"2021-06-30T14:04:34+00:00","dateModified":"2021-09-07T18:21:17+00:00","breadcrumb":{"@id":"https:\/\/www.fcejs.unsl.edu.ar\/index.php\/firma-de-acta-especifica-con-la-secretaria-de-la-mujer-igualdad-y-diversidad\/#breadcrumb"},"inLanguage":"es-AR","potentialAction":[{"@type":"ReadAction","target":["https:\/\/www.fcejs.unsl.edu.ar\/index.php\/firma-de-acta-especifica-con-la-secretaria-de-la-mujer-igualdad-y-diversidad\/"]}]},{"@type":"ImageObject","inLanguage":"es-AR","@id":"https:\/\/www.fcejs.unsl.edu.ar\/index.php\/firma-de-acta-especifica-con-la-secretaria-de-la-mujer-igualdad-y-diversidad\/#primaryimage","url":"https:\/\/www.fcejs.unsl.edu.ar\/wp-content\/uploads\/2021\/06\/firma-secretaria-mujer-front.jpg","contentUrl":"https:\/\/www.fcejs.unsl.edu.ar\/wp-content\/uploads\/2021\/06\/firma-secretaria-mujer-front.jpg","width":1152,"height":647},{"@type":"BreadcrumbList","@id":"https:\/\/www.fcejs.unsl.edu.ar\/index.php\/firma-de-acta-especifica-con-la-secretaria-de-la-mujer-igualdad-y-diversidad\/#breadcrumb","itemListElement":[{"@type":"ListItem","position":1,"name":"Inicio","item":"https:\/\/www.fcejs.unsl.edu.ar\/"},{"@type":"ListItem","position":2,"name":"Firma de acta espec\u00edfica con la Secretar\u00eda de la Mujer, Igualdad y Diversidad"}]},{"@type":"WebSite","@id":"https:\/\/www.fcejs.unsl.edu.ar\/#website","url":"https:\/\/www.fcejs.unsl.edu.ar\/","name":"Facultad de Ciencias Econ\u00f3micas, Jur\u00ed\u00addicas y Sociales","description":"","publisher":{"@id":"https:\/\/www.fcejs.unsl.edu.ar\/#organization"},"potentialAction":[{"@type":"SearchAction","target":{"@type":"EntryPoint","urlTemplate":"https:\/\/www.fcejs.unsl.edu.ar\/?s={search_term_string}"},"query-input":{"@type":"PropertyValueSpecification","valueRequired":true,"valueName":"search_term_string"}}],"inLanguage":"es-AR"},{"@type":"Organization","@id":"https:\/\/www.fcejs.unsl.edu.ar\/#organization","name":"Facultad de Ciencias Econ\u00f3micas, Jur\u00eddicas y Sociales","url":"https:\/\/www.fcejs.unsl.edu.ar\/","logo":{"@type":"ImageObject","inLanguage":"es-AR","@id":"https:\/\/www.fcejs.unsl.edu.ar\/#\/schema\/logo\/image\/","url":"https:\/\/www.fcejs.unsl.edu.ar\/wp-content\/uploads\/2021\/03\/logo-1.jpg","contentUrl":"https:\/\/www.fcejs.unsl.edu.ar\/wp-content\/uploads\/2021\/03\/logo-1.jpg","width":471,"height":146,"caption":"Facultad de Ciencias Econ\u00f3micas, Jur\u00eddicas y Sociales"},"image":{"@id":"https:\/\/www.fcejs.unsl.edu.ar\/#\/schema\/logo\/image\/"},"sameAs":["https:\/\/www.facebook.com\/FCEJS.UNSL\/","https:\/\/x.com\/FCEJSUNSL","https:\/\/www.instagram.com\/fcejs.unsl\/","https:\/\/www.youtube.com\/channel\/UCH-Ut6EaN_X5ogjIQMPe46g\/"]},{"@type":"Person","@id":"https:\/\/www.fcejs.unsl.edu.ar\/#\/schema\/person\/352ee6ed90c3f394c7cb5945f8956d34","name":"DATI"}]}},"jetpack_featured_media_url":"https:\/\/www.fcejs.unsl.edu.ar\/wp-content\/uploads\/2021\/06\/firma-secretaria-mujer-front.jpg","_links":{"self":[{"href":"https:\/\/www.fcejs.unsl.edu.ar\/index.php\/wp-json\/wp\/v2\/posts\/4244","targetHints":{"allow":["GET"]}}],"collection":[{"href":"https:\/\/www.fcejs.unsl.edu.ar\/index.php\/wp-json\/wp\/v2\/posts"}],"about":[{"href":"https:\/\/www.fcejs.unsl.edu.ar\/index.php\/wp-json\/wp\/v2\/types\/post"}],"author":[{"embeddable":true,"href":"https:\/\/www.fcejs.unsl.edu.ar\/index.php\/wp-json\/wp\/v2\/users\/9"}],"replies":[{"embeddable":true,"href":"https:\/\/www.fcejs.unsl.edu.ar\/index.php\/wp-json\/wp\/v2\/comments?post=4244"}],"version-history":[{"count":3,"href":"https:\/\/www.fcejs.unsl.edu.ar\/index.php\/wp-json\/wp\/v2\/posts\/4244\/revisions"}],"predecessor-version":[{"id":4249,"href":"https:\/\/www.fcejs.unsl.edu.ar\/index.php\/wp-json\/wp\/v2\/posts\/4244\/revisions\/4249"}],"wp:featuredmedia":[{"embeddable":true,"href":"https:\/\/www.fcejs.unsl.edu.ar\/index.php\/wp-json\/wp\/v2\/media\/4245"}],"wp:attachment":[{"href":"https:\/\/www.fcejs.unsl.edu.ar\/index.php\/wp-json\/wp\/v2\/media?parent=4244"}],"wp:term":[{"taxonomy":"category","embeddable":true,"href":"https:\/\/www.fcejs.unsl.edu.ar\/index.php\/wp-json\/wp\/v2\/categories?post=4244"},{"taxonomy":"post_tag","embeddable":true,"href":"https:\/\/www.fcejs.unsl.edu.ar\/index.php\/wp-json\/wp\/v2\/tags?post=4244"}],"curies":[{"name":"wp","href":"https:\/\/api.w.org\/{rel}","templated":true}]}}