{"id":4169,"date":"2021-06-18T14:06:50","date_gmt":"2021-06-18T17:06:50","guid":{"rendered":"http:\/\/10.101.10.197\/www\/?p=4169"},"modified":"2021-06-18T14:06:50","modified_gmt":"2021-06-18T17:06:50","slug":"se-realizo-la-reunion-informativa-del-programa-de-fortalecimiento-a-las-practicas-de-investigacion","status":"publish","type":"post","link":"https:\/\/www.fcejs.unsl.edu.ar\/index.php\/se-realizo-la-reunion-informativa-del-programa-de-fortalecimiento-a-las-practicas-de-investigacion\/","title":{"rendered":"Se realiz\u00f3 la reuni\u00f3n informativa del Programa de Fortalecimiento a las Pr\u00e1cticas de Investigaci\u00f3n"},"content":{"rendered":"<p>La Secretar\u00eda de Investigaci\u00f3n y Posgrado informa que el viernes 18 de junio de 2021 a las 9:30h se llev\u00f3 a cabo la reuni\u00f3n informativa para conformar el equipo de trabajo 2021 del Programa de Fortalecimiento a las Pr\u00e1cticas de Investigaci\u00f3n.<br \/>\nEl encuentro cont\u00f3 con la presencia de la Secretaria de Investigaci\u00f3n y Posgrado, Mag. Silvina Galetto, de la mentora del Programa Mag. Alejandra Rovacio, la anterior coordinadora Mag. Alicia Pacheco y la actual coordinadora Mag. Ayel\u00e9n Neme. Participaron tambi\u00e9n docentes, investigadores y alumnos avanzados de las distintas carreras de la Facultad.<\/p>\n<p>En la reuni\u00f3n se inform\u00f3 de las tareas llevadas a cabo por el Programa desde el a\u00f1o 2017, sus objetivos y tambi\u00e9n aquellas actividades previstas para este 2021.<\/p>\n<p>Adem\u00e1s, se reiter\u00f3 la invitaci\u00f3n para formar parte de la Comisi\u00f3n Ejecutora de las Actividades del Programa que consistir\u00e1 principalmente en organizar acciones tendientes al Fortalecimiento de las Pr\u00e1cticas de Investigaci\u00f3n y a la formaci\u00f3n constante de sus miembros para poder acompa\u00f1ar los procesos investigativos de los docentes investigadores de los distintos proyectos de investigaci\u00f3n de nuestra Facultad.<\/p>\n<p>El programa fue creado por RD N\u00b0 268\/17 y sus objetivos principales son fortalecer las pr\u00e1cticas de investigaci\u00f3n y construir agendas de problem\u00e1ticas de conocimiento que est\u00e9n en relaci\u00f3n con las agendas de demandas comunitaria.<\/p>\n<p>Desde el Programa se reitera la invitaci\u00f3n para todos los docentes\/investigadores que quieran formar parte del mismo, para lo cual deber\u00e1n remitir un correo electr\u00f3nico a: <strong>prog.fortalecimiento@gmail.com<\/strong><\/p>\n","protected":false},"excerpt":{"rendered":"<p>La Secretar\u00eda de Investigaci\u00f3n y Posgrado informa que el viernes 18 de junio de 2021 a las 9:30h se llev\u00f3 a cabo la reuni\u00f3n informativa&hellip;<\/p>\n","protected":false},"author":9,"featured_media":4170,"comment_status":"closed","ping_status":"closed","sticky":false,"template":"","format":"standard","meta":{"om_disable_all_campaigns":false,"_monsterinsights_skip_tracking":false,"_monsterinsights_sitenote_active":false,"_monsterinsights_sitenote_note":"","_monsterinsights_sitenote_category":0,"footnotes":""},"categories":[1],"tags":[],"class_list":["post-4169","post","type-post","status-publish","format-standard","has-post-thumbnail","hentry","category-noticias"],"yoast_head":"<!-- This site is optimized with the Yoast SEO plugin v27.4 - https:\/\/yoast.com\/product\/yoast-seo-wordpress\/ -->\n<title>Se realiz\u00f3 la reuni\u00f3n informativa del Programa de Fortalecimiento a las Pr\u00e1cticas de Investigaci\u00f3n - Facultad de Ciencias Econ\u00f3micas, Jur\u00ed\u00addicas y Sociales<\/title>\n<meta name=\"robots\" content=\"index, follow, max-snippet:-1, max-image-preview:large, max-video-preview:-1\" \/>\n<link rel=\"canonical\" href=\"https:\/\/www.fcejs.unsl.edu.ar\/index.php\/se-realizo-la-reunion-informativa-del-programa-de-fortalecimiento-a-las-practicas-de-investigacion\/\" \/>\n<meta property=\"og:locale\" content=\"es_ES\" \/>\n<meta property=\"og:type\" content=\"article\" \/>\n<meta property=\"og:title\" content=\"Se realiz\u00f3 la reuni\u00f3n informativa del Programa de Fortalecimiento a las Pr\u00e1cticas de Investigaci\u00f3n - Facultad de Ciencias Econ\u00f3micas, Jur\u00ed\u00addicas y Sociales\" \/>\n<meta property=\"og:description\" content=\"La Secretar\u00eda de Investigaci\u00f3n y Posgrado informa que el viernes 18 de junio de 2021 a las 9:30h se llev\u00f3 a cabo la reuni\u00f3n informativa&hellip;\" \/>\n<meta property=\"og:url\" content=\"https:\/\/www.fcejs.unsl.edu.ar\/index.php\/se-realizo-la-reunion-informativa-del-programa-de-fortalecimiento-a-las-practicas-de-investigacion\/\" \/>\n<meta property=\"og:site_name\" content=\"Facultad de Ciencias Econ\u00f3micas, Jur\u00ed\u00addicas y Sociales\" \/>\n<meta property=\"article:publisher\" content=\"https:\/\/www.facebook.com\/FCEJS.UNSL\/\" \/>\n<meta property=\"article:published_time\" content=\"2021-06-18T17:06:50+00:00\" \/>\n<meta property=\"og:image\" content=\"https:\/\/www.fcejs.unsl.edu.ar\/wp-content\/uploads\/2021\/06\/reunion-Programa.jpg\" \/>\n\t<meta property=\"og:image:width\" content=\"1280\" \/>\n\t<meta property=\"og:image:height\" content=\"719\" \/>\n\t<meta property=\"og:image:type\" content=\"image\/jpeg\" \/>\n<meta name=\"author\" content=\"DATI\" \/>\n<meta name=\"twitter:card\" content=\"summary_large_image\" \/>\n<meta name=\"twitter:creator\" content=\"@FCEJSUNSL\" \/>\n<meta name=\"twitter:site\" content=\"@FCEJSUNSL\" \/>\n<meta name=\"twitter:label1\" content=\"Escrito por\" \/>\n\t<meta name=\"twitter:data1\" content=\"DATI\" \/>\n\t<meta name=\"twitter:label2\" content=\"Tiempo de lectura\" \/>\n\t<meta name=\"twitter:data2\" content=\"2 minutos\" \/>\n<script type=\"application\/ld+json\" class=\"yoast-schema-graph\">{\"@context\":\"https:\\\/\\\/schema.org\",\"@graph\":[{\"@type\":\"Article\",\"@id\":\"https:\\\/\\\/www.fcejs.unsl.edu.ar\\\/index.php\\\/se-realizo-la-reunion-informativa-del-programa-de-fortalecimiento-a-las-practicas-de-investigacion\\\/#article\",\"isPartOf\":{\"@id\":\"https:\\\/\\\/www.fcejs.unsl.edu.ar\\\/index.php\\\/se-realizo-la-reunion-informativa-del-programa-de-fortalecimiento-a-las-practicas-de-investigacion\\\/\"},\"author\":{\"name\":\"DATI\",\"@id\":\"https:\\\/\\\/www.fcejs.unsl.edu.ar\\\/#\\\/schema\\\/person\\\/352ee6ed90c3f394c7cb5945f8956d34\"},\"headline\":\"Se realiz\u00f3 la reuni\u00f3n informativa del Programa de Fortalecimiento a las Pr\u00e1cticas de Investigaci\u00f3n\",\"datePublished\":\"2021-06-18T17:06:50+00:00\",\"mainEntityOfPage\":{\"@id\":\"https:\\\/\\\/www.fcejs.unsl.edu.ar\\\/index.php\\\/se-realizo-la-reunion-informativa-del-programa-de-fortalecimiento-a-las-practicas-de-investigacion\\\/\"},\"wordCount\":282,\"publisher\":{\"@id\":\"https:\\\/\\\/www.fcejs.unsl.edu.ar\\\/#organization\"},\"image\":{\"@id\":\"https:\\\/\\\/www.fcejs.unsl.edu.ar\\\/index.php\\\/se-realizo-la-reunion-informativa-del-programa-de-fortalecimiento-a-las-practicas-de-investigacion\\\/#primaryimage\"},\"thumbnailUrl\":\"https:\\\/\\\/www.fcejs.unsl.edu.ar\\\/wp-content\\\/uploads\\\/2021\\\/06\\\/reunion-Programa.jpg\",\"articleSection\":[\"Noticias\"],\"inLanguage\":\"es-AR\"},{\"@type\":\"WebPage\",\"@id\":\"https:\\\/\\\/www.fcejs.unsl.edu.ar\\\/index.php\\\/se-realizo-la-reunion-informativa-del-programa-de-fortalecimiento-a-las-practicas-de-investigacion\\\/\",\"url\":\"https:\\\/\\\/www.fcejs.unsl.edu.ar\\\/index.php\\\/se-realizo-la-reunion-informativa-del-programa-de-fortalecimiento-a-las-practicas-de-investigacion\\\/\",\"name\":\"Se realiz\u00f3 la reuni\u00f3n informativa del Programa de Fortalecimiento a las Pr\u00e1cticas de Investigaci\u00f3n - Facultad de Ciencias Econ\u00f3micas, Jur\u00ed\u00addicas y Sociales\",\"isPartOf\":{\"@id\":\"https:\\\/\\\/www.fcejs.unsl.edu.ar\\\/#website\"},\"primaryImageOfPage\":{\"@id\":\"https:\\\/\\\/www.fcejs.unsl.edu.ar\\\/index.php\\\/se-realizo-la-reunion-informativa-del-programa-de-fortalecimiento-a-las-practicas-de-investigacion\\\/#primaryimage\"},\"image\":{\"@id\":\"https:\\\/\\\/www.fcejs.unsl.edu.ar\\\/index.php\\\/se-realizo-la-reunion-informativa-del-programa-de-fortalecimiento-a-las-practicas-de-investigacion\\\/#primaryimage\"},\"thumbnailUrl\":\"https:\\\/\\\/www.fcejs.unsl.edu.ar\\\/wp-content\\\/uploads\\\/2021\\\/06\\\/reunion-Programa.jpg\",\"datePublished\":\"2021-06-18T17:06:50+00:00\",\"breadcrumb\":{\"@id\":\"https:\\\/\\\/www.fcejs.unsl.edu.ar\\\/index.php\\\/se-realizo-la-reunion-informativa-del-programa-de-fortalecimiento-a-las-practicas-de-investigacion\\\/#breadcrumb\"},\"inLanguage\":\"es-AR\",\"potentialAction\":[{\"@type\":\"ReadAction\",\"target\":[\"https:\\\/\\\/www.fcejs.unsl.edu.ar\\\/index.php\\\/se-realizo-la-reunion-informativa-del-programa-de-fortalecimiento-a-las-practicas-de-investigacion\\\/\"]}]},{\"@type\":\"ImageObject\",\"inLanguage\":\"es-AR\",\"@id\":\"https:\\\/\\\/www.fcejs.unsl.edu.ar\\\/index.php\\\/se-realizo-la-reunion-informativa-del-programa-de-fortalecimiento-a-las-practicas-de-investigacion\\\/#primaryimage\",\"url\":\"https:\\\/\\\/www.fcejs.unsl.edu.ar\\\/wp-content\\\/uploads\\\/2021\\\/06\\\/reunion-Programa.jpg\",\"contentUrl\":\"https:\\\/\\\/www.fcejs.unsl.edu.ar\\\/wp-content\\\/uploads\\\/2021\\\/06\\\/reunion-Programa.jpg\",\"width\":1280,\"height\":719},{\"@type\":\"BreadcrumbList\",\"@id\":\"https:\\\/\\\/www.fcejs.unsl.edu.ar\\\/index.php\\\/se-realizo-la-reunion-informativa-del-programa-de-fortalecimiento-a-las-practicas-de-investigacion\\\/#breadcrumb\",\"itemListElement\":[{\"@type\":\"ListItem\",\"position\":1,\"name\":\"Inicio\",\"item\":\"https:\\\/\\\/www.fcejs.unsl.edu.ar\\\/\"},{\"@type\":\"ListItem\",\"position\":2,\"name\":\"Se realiz\u00f3 la reuni\u00f3n informativa del Programa de Fortalecimiento a las Pr\u00e1cticas de Investigaci\u00f3n\"}]},{\"@type\":\"WebSite\",\"@id\":\"https:\\\/\\\/www.fcejs.unsl.edu.ar\\\/#website\",\"url\":\"https:\\\/\\\/www.fcejs.unsl.edu.ar\\\/\",\"name\":\"Facultad de Ciencias Econ\u00f3micas, Jur\u00ed\u00addicas y Sociales\",\"description\":\"\",\"publisher\":{\"@id\":\"https:\\\/\\\/www.fcejs.unsl.edu.ar\\\/#organization\"},\"potentialAction\":[{\"@type\":\"SearchAction\",\"target\":{\"@type\":\"EntryPoint\",\"urlTemplate\":\"https:\\\/\\\/www.fcejs.unsl.edu.ar\\\/?s={search_term_string}\"},\"query-input\":{\"@type\":\"PropertyValueSpecification\",\"valueRequired\":true,\"valueName\":\"search_term_string\"}}],\"inLanguage\":\"es-AR\"},{\"@type\":\"Organization\",\"@id\":\"https:\\\/\\\/www.fcejs.unsl.edu.ar\\\/#organization\",\"name\":\"Facultad de Ciencias Econ\u00f3micas, Jur\u00eddicas y Sociales\",\"url\":\"https:\\\/\\\/www.fcejs.unsl.edu.ar\\\/\",\"logo\":{\"@type\":\"ImageObject\",\"inLanguage\":\"es-AR\",\"@id\":\"https:\\\/\\\/www.fcejs.unsl.edu.ar\\\/#\\\/schema\\\/logo\\\/image\\\/\",\"url\":\"https:\\\/\\\/www.fcejs.unsl.edu.ar\\\/wp-content\\\/uploads\\\/2021\\\/03\\\/logo-1.jpg\",\"contentUrl\":\"https:\\\/\\\/www.fcejs.unsl.edu.ar\\\/wp-content\\\/uploads\\\/2021\\\/03\\\/logo-1.jpg\",\"width\":471,\"height\":146,\"caption\":\"Facultad de Ciencias Econ\u00f3micas, Jur\u00eddicas y Sociales\"},\"image\":{\"@id\":\"https:\\\/\\\/www.fcejs.unsl.edu.ar\\\/#\\\/schema\\\/logo\\\/image\\\/\"},\"sameAs\":[\"https:\\\/\\\/www.facebook.com\\\/FCEJS.UNSL\\\/\",\"https:\\\/\\\/x.com\\\/FCEJSUNSL\",\"https:\\\/\\\/www.instagram.com\\\/fcejs.unsl\\\/\",\"https:\\\/\\\/www.youtube.com\\\/channel\\\/UCH-Ut6EaN_X5ogjIQMPe46g\\\/\"]},{\"@type\":\"Person\",\"@id\":\"https:\\\/\\\/www.fcejs.unsl.edu.ar\\\/#\\\/schema\\\/person\\\/352ee6ed90c3f394c7cb5945f8956d34\",\"name\":\"DATI\"}]}<\/script>\n<!-- \/ Yoast SEO plugin. -->","yoast_head_json":{"title":"Se realiz\u00f3 la reuni\u00f3n informativa del Programa de Fortalecimiento a las Pr\u00e1cticas de Investigaci\u00f3n - Facultad de Ciencias Econ\u00f3micas, Jur\u00ed\u00addicas y Sociales","robots":{"index":"index","follow":"follow","max-snippet":"max-snippet:-1","max-image-preview":"max-image-preview:large","max-video-preview":"max-video-preview:-1"},"canonical":"https:\/\/www.fcejs.unsl.edu.ar\/index.php\/se-realizo-la-reunion-informativa-del-programa-de-fortalecimiento-a-las-practicas-de-investigacion\/","og_locale":"es_ES","og_type":"article","og_title":"Se realiz\u00f3 la reuni\u00f3n informativa del Programa de Fortalecimiento a las Pr\u00e1cticas de Investigaci\u00f3n - Facultad de Ciencias Econ\u00f3micas, Jur\u00ed\u00addicas y Sociales","og_description":"La Secretar\u00eda de Investigaci\u00f3n y Posgrado informa que el viernes 18 de junio de 2021 a las 9:30h se llev\u00f3 a cabo la reuni\u00f3n informativa&hellip;","og_url":"https:\/\/www.fcejs.unsl.edu.ar\/index.php\/se-realizo-la-reunion-informativa-del-programa-de-fortalecimiento-a-las-practicas-de-investigacion\/","og_site_name":"Facultad de Ciencias Econ\u00f3micas, Jur\u00ed\u00addicas y Sociales","article_publisher":"https:\/\/www.facebook.com\/FCEJS.UNSL\/","article_published_time":"2021-06-18T17:06:50+00:00","og_image":[{"width":1280,"height":719,"url":"https:\/\/www.fcejs.unsl.edu.ar\/wp-content\/uploads\/2021\/06\/reunion-Programa.jpg","type":"image\/jpeg"}],"author":"DATI","twitter_card":"summary_large_image","twitter_creator":"@FCEJSUNSL","twitter_site":"@FCEJSUNSL","twitter_misc":{"Escrito por":"DATI","Tiempo de lectura":"2 minutos"},"schema":{"@context":"https:\/\/schema.org","@graph":[{"@type":"Article","@id":"https:\/\/www.fcejs.unsl.edu.ar\/index.php\/se-realizo-la-reunion-informativa-del-programa-de-fortalecimiento-a-las-practicas-de-investigacion\/#article","isPartOf":{"@id":"https:\/\/www.fcejs.unsl.edu.ar\/index.php\/se-realizo-la-reunion-informativa-del-programa-de-fortalecimiento-a-las-practicas-de-investigacion\/"},"author":{"name":"DATI","@id":"https:\/\/www.fcejs.unsl.edu.ar\/#\/schema\/person\/352ee6ed90c3f394c7cb5945f8956d34"},"headline":"Se realiz\u00f3 la reuni\u00f3n informativa del Programa de Fortalecimiento a las Pr\u00e1cticas de Investigaci\u00f3n","datePublished":"2021-06-18T17:06:50+00:00","mainEntityOfPage":{"@id":"https:\/\/www.fcejs.unsl.edu.ar\/index.php\/se-realizo-la-reunion-informativa-del-programa-de-fortalecimiento-a-las-practicas-de-investigacion\/"},"wordCount":282,"publisher":{"@id":"https:\/\/www.fcejs.unsl.edu.ar\/#organization"},"image":{"@id":"https:\/\/www.fcejs.unsl.edu.ar\/index.php\/se-realizo-la-reunion-informativa-del-programa-de-fortalecimiento-a-las-practicas-de-investigacion\/#primaryimage"},"thumbnailUrl":"https:\/\/www.fcejs.unsl.edu.ar\/wp-content\/uploads\/2021\/06\/reunion-Programa.jpg","articleSection":["Noticias"],"inLanguage":"es-AR"},{"@type":"WebPage","@id":"https:\/\/www.fcejs.unsl.edu.ar\/index.php\/se-realizo-la-reunion-informativa-del-programa-de-fortalecimiento-a-las-practicas-de-investigacion\/","url":"https:\/\/www.fcejs.unsl.edu.ar\/index.php\/se-realizo-la-reunion-informativa-del-programa-de-fortalecimiento-a-las-practicas-de-investigacion\/","name":"Se realiz\u00f3 la reuni\u00f3n informativa del Programa de Fortalecimiento a las Pr\u00e1cticas de Investigaci\u00f3n - Facultad de Ciencias Econ\u00f3micas, Jur\u00ed\u00addicas y Sociales","isPartOf":{"@id":"https:\/\/www.fcejs.unsl.edu.ar\/#website"},"primaryImageOfPage":{"@id":"https:\/\/www.fcejs.unsl.edu.ar\/index.php\/se-realizo-la-reunion-informativa-del-programa-de-fortalecimiento-a-las-practicas-de-investigacion\/#primaryimage"},"image":{"@id":"https:\/\/www.fcejs.unsl.edu.ar\/index.php\/se-realizo-la-reunion-informativa-del-programa-de-fortalecimiento-a-las-practicas-de-investigacion\/#primaryimage"},"thumbnailUrl":"https:\/\/www.fcejs.unsl.edu.ar\/wp-content\/uploads\/2021\/06\/reunion-Programa.jpg","datePublished":"2021-06-18T17:06:50+00:00","breadcrumb":{"@id":"https:\/\/www.fcejs.unsl.edu.ar\/index.php\/se-realizo-la-reunion-informativa-del-programa-de-fortalecimiento-a-las-practicas-de-investigacion\/#breadcrumb"},"inLanguage":"es-AR","potentialAction":[{"@type":"ReadAction","target":["https:\/\/www.fcejs.unsl.edu.ar\/index.php\/se-realizo-la-reunion-informativa-del-programa-de-fortalecimiento-a-las-practicas-de-investigacion\/"]}]},{"@type":"ImageObject","inLanguage":"es-AR","@id":"https:\/\/www.fcejs.unsl.edu.ar\/index.php\/se-realizo-la-reunion-informativa-del-programa-de-fortalecimiento-a-las-practicas-de-investigacion\/#primaryimage","url":"https:\/\/www.fcejs.unsl.edu.ar\/wp-content\/uploads\/2021\/06\/reunion-Programa.jpg","contentUrl":"https:\/\/www.fcejs.unsl.edu.ar\/wp-content\/uploads\/2021\/06\/reunion-Programa.jpg","width":1280,"height":719},{"@type":"BreadcrumbList","@id":"https:\/\/www.fcejs.unsl.edu.ar\/index.php\/se-realizo-la-reunion-informativa-del-programa-de-fortalecimiento-a-las-practicas-de-investigacion\/#breadcrumb","itemListElement":[{"@type":"ListItem","position":1,"name":"Inicio","item":"https:\/\/www.fcejs.unsl.edu.ar\/"},{"@type":"ListItem","position":2,"name":"Se realiz\u00f3 la reuni\u00f3n informativa del Programa de Fortalecimiento a las Pr\u00e1cticas de Investigaci\u00f3n"}]},{"@type":"WebSite","@id":"https:\/\/www.fcejs.unsl.edu.ar\/#website","url":"https:\/\/www.fcejs.unsl.edu.ar\/","name":"Facultad de Ciencias Econ\u00f3micas, Jur\u00ed\u00addicas y Sociales","description":"","publisher":{"@id":"https:\/\/www.fcejs.unsl.edu.ar\/#organization"},"potentialAction":[{"@type":"SearchAction","target":{"@type":"EntryPoint","urlTemplate":"https:\/\/www.fcejs.unsl.edu.ar\/?s={search_term_string}"},"query-input":{"@type":"PropertyValueSpecification","valueRequired":true,"valueName":"search_term_string"}}],"inLanguage":"es-AR"},{"@type":"Organization","@id":"https:\/\/www.fcejs.unsl.edu.ar\/#organization","name":"Facultad de Ciencias Econ\u00f3micas, Jur\u00eddicas y Sociales","url":"https:\/\/www.fcejs.unsl.edu.ar\/","logo":{"@type":"ImageObject","inLanguage":"es-AR","@id":"https:\/\/www.fcejs.unsl.edu.ar\/#\/schema\/logo\/image\/","url":"https:\/\/www.fcejs.unsl.edu.ar\/wp-content\/uploads\/2021\/03\/logo-1.jpg","contentUrl":"https:\/\/www.fcejs.unsl.edu.ar\/wp-content\/uploads\/2021\/03\/logo-1.jpg","width":471,"height":146,"caption":"Facultad de Ciencias Econ\u00f3micas, Jur\u00eddicas y Sociales"},"image":{"@id":"https:\/\/www.fcejs.unsl.edu.ar\/#\/schema\/logo\/image\/"},"sameAs":["https:\/\/www.facebook.com\/FCEJS.UNSL\/","https:\/\/x.com\/FCEJSUNSL","https:\/\/www.instagram.com\/fcejs.unsl\/","https:\/\/www.youtube.com\/channel\/UCH-Ut6EaN_X5ogjIQMPe46g\/"]},{"@type":"Person","@id":"https:\/\/www.fcejs.unsl.edu.ar\/#\/schema\/person\/352ee6ed90c3f394c7cb5945f8956d34","name":"DATI"}]}},"jetpack_featured_media_url":"https:\/\/www.fcejs.unsl.edu.ar\/wp-content\/uploads\/2021\/06\/reunion-Programa.jpg","_links":{"self":[{"href":"https:\/\/www.fcejs.unsl.edu.ar\/index.php\/wp-json\/wp\/v2\/posts\/4169","targetHints":{"allow":["GET"]}}],"collection":[{"href":"https:\/\/www.fcejs.unsl.edu.ar\/index.php\/wp-json\/wp\/v2\/posts"}],"about":[{"href":"https:\/\/www.fcejs.unsl.edu.ar\/index.php\/wp-json\/wp\/v2\/types\/post"}],"author":[{"embeddable":true,"href":"https:\/\/www.fcejs.unsl.edu.ar\/index.php\/wp-json\/wp\/v2\/users\/9"}],"replies":[{"embeddable":true,"href":"https:\/\/www.fcejs.unsl.edu.ar\/index.php\/wp-json\/wp\/v2\/comments?post=4169"}],"version-history":[{"count":1,"href":"https:\/\/www.fcejs.unsl.edu.ar\/index.php\/wp-json\/wp\/v2\/posts\/4169\/revisions"}],"predecessor-version":[{"id":4171,"href":"https:\/\/www.fcejs.unsl.edu.ar\/index.php\/wp-json\/wp\/v2\/posts\/4169\/revisions\/4171"}],"wp:featuredmedia":[{"embeddable":true,"href":"https:\/\/www.fcejs.unsl.edu.ar\/index.php\/wp-json\/wp\/v2\/media\/4170"}],"wp:attachment":[{"href":"https:\/\/www.fcejs.unsl.edu.ar\/index.php\/wp-json\/wp\/v2\/media?parent=4169"}],"wp:term":[{"taxonomy":"category","embeddable":true,"href":"https:\/\/www.fcejs.unsl.edu.ar\/index.php\/wp-json\/wp\/v2\/categories?post=4169"},{"taxonomy":"post_tag","embeddable":true,"href":"https:\/\/www.fcejs.unsl.edu.ar\/index.php\/wp-json\/wp\/v2\/tags?post=4169"}],"curies":[{"name":"wp","href":"https:\/\/api.w.org\/{rel}","templated":true}]}}