{"id":4106,"date":"2021-06-15T21:32:31","date_gmt":"2021-06-16T00:32:31","guid":{"rendered":"http:\/\/10.101.10.197\/www\/?p=4106"},"modified":"2021-06-15T21:32:31","modified_gmt":"2021-06-16T00:32:31","slug":"convocatoria-para-participar-de-la-xxviii-jornada-de-jovenes-investigadores-jji","status":"publish","type":"post","link":"https:\/\/www.fcejs.unsl.edu.ar\/index.php\/convocatoria-para-participar-de-la-xxviii-jornada-de-jovenes-investigadores-jji\/","title":{"rendered":"Convocatoria para participar de la XXVIII Jornada de J\u00f3venes Investigadores (JJI)"},"content":{"rendered":"<p>Se invita a los J\u00f3venes Investigadores a participar de la convocatoria a la XXVIII Jornada de J\u00f3venes Investigadores (JJI).<\/p>\n<p>La consigna de la XXVIII versi\u00f3n de las JJI es \u201cGeneraci\u00f3n de conocimientos desde el sur para el mundo post pandemia\u201d.<\/p>\n<p>El Encuentro Virtual de J\u00f3venes Investigadores de AUGM\u00a0 se llevar\u00e1 a cabo los d\u00edas 10, 11 y 12 de noviembre del 2021 y es organizado\u00a0por la Universidad de Santiago de Chile.<\/p>\n<p>Cada universidad tiene un cupo de 40 estudiantes, con un m\u00e1ximo de 4 estudiantes por tema de investigaci\u00f3n.<\/p>\n<p>Los temas de investigaci\u00f3n de esta Convocatoria deben ser orientados a la consigna de este a\u00f1o: \u201cGeneraci\u00f3n de conocimiento desde el sur para el mundo post pandemia\u201d\u00a0 enmarcados en alguno de los temas que AUGM trabaja de manera permanente a trav\u00e9s de comit\u00e9s permanentes, comit\u00e9s acad\u00e9micos y n\u00facleos disciplinares, los que se organizan en 3 ejes:<br \/>\n<strong>Ciencias Humanas, Ciencias de la Vida y Ciencias Exactas<\/strong>.<\/p>\n<p>Esta versi\u00f3n de las Jornadas de J\u00f3venes Investigadores, se ha agregado un nuevo eje multidisciplinar, que contempla recibir trabajos relacionados a la pandemia del COVID-19 que est\u00e1 afectando a todo el planeta.<\/p>\n<p>Eje Interdisciplinario<\/p>\n<p>Generaci\u00f3n de conocimientos desde el sur para el mundo post pandemia<br \/>\nInterculturalidad<br \/>\nSustentabilidad<br \/>\nDDHH en Am\u00e9rica Latina: desaf\u00edos presentes y futuros<br \/>\nInclusi\u00f3n<br \/>\nInnovaci\u00f3n en el \u00e1mbito alimentario<br \/>\nDesarrollo de la Nanociencia \u2013 Nanotecnolog\u00eda\u00a0 y sus aplicaciones<br \/>\nInnovaciones en las Ciencias Farmac\u00e9uticas y Biolog\u00eda<br \/>\nDesaf\u00edos de la Biotecnolog\u00eda y Bioqu\u00edmica<\/p>\n<p><strong>Ciencias Humanas<\/strong><\/p>\n<p>Evaluaci\u00f3n Institucional, Planeamiento Estrat\u00e9gico y Gesti\u00f3n Universitaria<br \/>\nCiencias Pol\u00edticas y Sociales<br \/>\nDesarrollo Regional<br \/>\nEducaci\u00f3n para la Integraci\u00f3n<br \/>\nEnse\u00f1anza de Espa\u00f1ol y Portugu\u00e9s como Lengua Segunda o Extranjera<br \/>\nExtensi\u00f3n Universitaria<br \/>\nG\u00e9nero<br \/>\nHistoria, Regiones, y Fronteras<br \/>\nLiteratura, Imaginarios, Est\u00e9tica, y Cultura<br \/>\nMedios y Comunicaci\u00f3n Universitaria<br \/>\nProcesos Cooperativos y Asociativos<br \/>\nProducci\u00f3n Art\u00edstica y Cultural<\/p>\n<p><strong>Ciencias Exactas<\/strong><\/p>\n<p>Biof\u00edsica<br \/>\nCiencias e Ingenier\u00eda de Materiales<br \/>\nCiencia, Tecnolog\u00eda, e innovaci\u00f3n<br \/>\nIngenier\u00eda Mec\u00e1nica y de la Producci\u00f3n<br \/>\nMatem\u00e1tica Aplicada<br \/>\nProductos Naturales Bioactivos y sus Aplicaciones<br \/>\nTecnolog\u00edas de la Informaci\u00f3n y Comunicaci\u00f3n<br \/>\nQu\u00edmica de los Materiales<\/p>\n<p><strong>Ciencias de la Vida<\/strong><\/p>\n<p>Aguas<br \/>\nMedio Ambiente y Contaminaci\u00f3n Ambiental<br \/>\nEnerg\u00eda<br \/>\nAgroalimentos<br \/>\nAtenci\u00f3n Primaria de la Salud<br \/>\nSalud Animal<br \/>\nSalud Humana<br \/>\nVirolog\u00eda Molecular<\/p>\n<p>Los\/las j\u00f3venes investigadores\/as deben ser menores de 35 a\u00f1os y no tener grado de doctorado ni postdoctorado.<\/p>\n<p>Se dar\u00e1 prioridad a estudiantes que no hayan participado en versiones anteriores de las JJI.<\/p>\n<p>Cada trabajo puede ser presentado por un\/a investigador\/a solamente (aunque la investigaci\u00f3n\u00a0 sea realizada por un equipo), independiente de que el rol de quien exponga no haya sido de\u00a0 investigador\/a principal.<\/p>\n<p>Para garantizar el \u00e9xito de las JJI, los res\u00famenes y trabajos fuera de formato no formar\u00e1n parte\u00a0 de la Jornada, ni de la publicaci\u00f3n indexada posterior a la JJI y sus investigadores no podr\u00e1n\u00a0 exponer.<\/p>\n<p>Cada expositor(a) recibir\u00e1 un certificado por su participaci\u00f3n en la Jornada de J\u00f3venes\u00a0 Investigadores. Lo\/a\/s dem\u00e1s investigadores de cada trabajo no recibir\u00e1n certificado.<\/p>\n<p>Web informativa:\u00a0<a href=\"https:\/\/jjii.usach.cl\/\">https:\/\/jjii.usach.cl\/<\/a><\/p>\n<p><strong>Plazos:<\/strong><\/p>\n<p>Los trabajos se presentar\u00e1n para su preselecci\u00f3n en UNSL en formato de resumen y trabajo completo hasta el d\u00eda 17\/7\/21 hasta las 10 hs., al email:<a href=\"mailto:jovenesinvestigadores.unsl.augm@gmail.com\"> jovenesinvestigadores.unsl.augm@gmail.com<\/a><\/p>\n<p>Para mayor detalle consultar la p\u00e1gina web: <a href=\"https:\/\/jjii.usach.cl\/\">https:\/\/jjii.usach.cl\/<\/a><\/p>\n<p>Dudas y contacto al correo electr\u00f3nico\u00a0<a href=\"mailto:jjii@usach.cl\">jjii@usach.cl<\/a><\/p>\n<p><strong>Formato del resumen<\/strong><\/p>\n<p>El resumen debe cumplir con el siguiente formato de texto:<br \/>\nTama\u00f1o de la hoja A4<br \/>\nT\u00edtulo: Arial 11, negrita<br \/>\nCuerpo: Arial 11<br \/>\nInterlineado 1,5<br \/>\nM\u00e1rgenes: superior e inferior 3 cm\/ izquierda y derecha 2,5 cm.<\/p>\n<p>Adem\u00e1s, el resumen debe incluir la siguiente informaci\u00f3n:<br \/>\nIndicar la letra del eje, n\u00famero y nombre del tema<br \/>\nT\u00edtulo del trabajo con el formato indicado<br \/>\nAutor\/a: Apellido(s), Nombre(s), email<br \/>\nSi hay coautor(es), deben indicarse de la siguiente manera: Apellido(s), Nombre(s), email. En caso de que sea m\u00e1s de un\/a coautor\/a, deben ordenarse\u00a0 alfab\u00e9ticamente y separados por punto y coma (;)<br \/>\nProfesor\/a gu\u00eda: Apellidos, Nombre del\/a profesor\/a gu\u00eda, email<br \/>\nUniversidad\u00a0 Usar la franja gr\u00e1fica de la JJII 2021 en el encabezado de la p\u00e1gina<\/p>\n<p><strong>Contenido del resumen:<\/strong><\/p>\n<p>El resumen debe contener los objetivos de la investigaci\u00f3n, metodolog\u00eda y resultados principales.<br \/>\nExtensi\u00f3n: m\u00e1ximo 1.500 caracteres sin espacio<br \/>\nPalabras clave: 3 palabras en un m\u00e1ximo de 150 caracteres sin espacio.<br \/>\nSeparar\u00a0 las palabras por una coma (,)<\/p>\n<p><strong>Archivo:<\/strong><\/p>\n<p>El archivo debe estar en formato PDF.<br \/>\nEl nombre del archivo debe estar de la siguiente forma:<br \/>\nLetradeleje_n\u00famero_Tema \u2013 Apellido_Nombre_Resumen_Universidad<\/p>\n<p>Ejemplo: A_1_Accesibilidad_y_Discapacidad \u2013 P\u00e9rez_Juan_Resumen_USACH<\/p>\n<p>Formato del trabajo completo<br \/>\nUsar la franja gr\u00e1fica de la JJII 2021 en el encabezado de cada p\u00e1gina<br \/>\nEl trabajo completo debe cumplir con el siguiente formato de texto:<br \/>\nT\u00edtulo: Arial 11, negrita<br \/>\nCuerpo: Arial 11<br \/>\nInterlineado: 1,5<br \/>\nTama\u00f1o de la hoja: A4<br \/>\nM\u00e1rgenes: superior e inferior 3 cm; izquierdo y derecho 2,5<br \/>\nNumeraci\u00f3n de las p\u00e1ginas: abajo a la derecha, usar n\u00fameros \u00e1rabes<\/p>\n<p>El texto del trabajo debe estar en dos columnas<br \/>\nLas im\u00e1genes forman parte del texto.<br \/>\nExtensi\u00f3n: el texto completo deber\u00e1 tener un m\u00e1ximo de 20 p\u00e1ginas.<br \/>\nLas referencias bibliogr\u00e1ficas: deben ce\u00f1irse seg\u00fan las normas APA \u2013Sexta edici\u00f3n, a\u00a0 continuaci\u00f3n del cuerpo del texto y se redactan al final del documento.<br \/>\nEl nombre del archivo debe seguir la siguiente estructura:<br \/>\nLetradeleje_n\u00famero_Tema \u2013 Apellido_Nombre_Universidad.doc<\/p>\n<p>Ejemplo:\u00a0 A_1_Accesibilidad_y_Discapacidad \u2013 P\u00e9rez_Juan_USACH.pdf El nombre\u00a0indicado corresponde al autor que presentar\u00e1 el trabajo<br \/>\nSe debe indicar la letra, el n\u00famero y nombre del tema en la parte\u00a0superior del trabajo,\u00a0 alineaci\u00f3n centrada.<br \/>\nAdem\u00e1s, el trabajo completo debe contener las siguientes secciones:<\/p>\n<p><strong>Resumen<\/strong><br \/>\nIntroducci\u00f3n<br \/>\nObjetivos<br \/>\nMateriales y m\u00e9todos<br \/>\nResultados y discusi\u00f3n<br \/>\nConclusiones<br \/>\nBibliograf\u00eda<br \/>\nFinanciamiento (si hubiera)<br \/>\nAgradecimiento (opcional)<\/p>\n","protected":false},"excerpt":{"rendered":"<p>Se invita a los J\u00f3venes Investigadores a participar de la convocatoria a la XXVIII Jornada de J\u00f3venes Investigadores (JJI). La consigna de la XXVIII versi\u00f3n&hellip;<\/p>\n","protected":false},"author":9,"featured_media":4107,"comment_status":"closed","ping_status":"closed","sticky":false,"template":"","format":"standard","meta":{"om_disable_all_campaigns":false,"_monsterinsights_skip_tracking":false,"_monsterinsights_sitenote_active":false,"_monsterinsights_sitenote_note":"","_monsterinsights_sitenote_category":0,"footnotes":""},"categories":[1],"tags":[],"class_list":["post-4106","post","type-post","status-publish","format-standard","has-post-thumbnail","hentry","category-noticias"],"yoast_head":"<!-- This site is optimized with the Yoast SEO plugin v27.4 - https:\/\/yoast.com\/product\/yoast-seo-wordpress\/ -->\n<title>Convocatoria para participar de la XXVIII Jornada de J\u00f3venes Investigadores (JJI) - Facultad de Ciencias Econ\u00f3micas, Jur\u00ed\u00addicas y Sociales<\/title>\n<meta name=\"robots\" content=\"index, follow, max-snippet:-1, max-image-preview:large, max-video-preview:-1\" \/>\n<link rel=\"canonical\" href=\"https:\/\/www.fcejs.unsl.edu.ar\/index.php\/convocatoria-para-participar-de-la-xxviii-jornada-de-jovenes-investigadores-jji\/\" \/>\n<meta property=\"og:locale\" content=\"es_ES\" \/>\n<meta property=\"og:type\" content=\"article\" \/>\n<meta property=\"og:title\" content=\"Convocatoria para participar de la XXVIII Jornada de J\u00f3venes Investigadores (JJI) - Facultad de Ciencias Econ\u00f3micas, Jur\u00ed\u00addicas y Sociales\" \/>\n<meta property=\"og:description\" content=\"Se invita a los J\u00f3venes Investigadores a participar de la convocatoria a la XXVIII Jornada de J\u00f3venes Investigadores (JJI). La consigna de la XXVIII versi\u00f3n&hellip;\" \/>\n<meta property=\"og:url\" content=\"https:\/\/www.fcejs.unsl.edu.ar\/index.php\/convocatoria-para-participar-de-la-xxviii-jornada-de-jovenes-investigadores-jji\/\" \/>\n<meta property=\"og:site_name\" content=\"Facultad de Ciencias Econ\u00f3micas, Jur\u00ed\u00addicas y Sociales\" \/>\n<meta property=\"article:publisher\" content=\"https:\/\/www.facebook.com\/FCEJS.UNSL\/\" \/>\n<meta property=\"article:published_time\" content=\"2021-06-16T00:32:31+00:00\" \/>\n<meta property=\"og:image\" content=\"https:\/\/www.fcejs.unsl.edu.ar\/wp-content\/uploads\/2021\/06\/jovenes-investigadores-768x766-1.jpg\" \/>\n\t<meta property=\"og:image:width\" content=\"768\" \/>\n\t<meta property=\"og:image:height\" content=\"766\" \/>\n\t<meta property=\"og:image:type\" content=\"image\/jpeg\" \/>\n<meta name=\"author\" content=\"DATI\" \/>\n<meta name=\"twitter:card\" content=\"summary_large_image\" \/>\n<meta name=\"twitter:creator\" content=\"@FCEJSUNSL\" \/>\n<meta name=\"twitter:site\" content=\"@FCEJSUNSL\" \/>\n<meta name=\"twitter:label1\" content=\"Escrito por\" \/>\n\t<meta name=\"twitter:data1\" content=\"DATI\" \/>\n\t<meta name=\"twitter:label2\" content=\"Tiempo de lectura\" \/>\n\t<meta name=\"twitter:data2\" content=\"4 minutos\" \/>\n<script type=\"application\/ld+json\" class=\"yoast-schema-graph\">{\"@context\":\"https:\\\/\\\/schema.org\",\"@graph\":[{\"@type\":\"Article\",\"@id\":\"https:\\\/\\\/www.fcejs.unsl.edu.ar\\\/index.php\\\/convocatoria-para-participar-de-la-xxviii-jornada-de-jovenes-investigadores-jji\\\/#article\",\"isPartOf\":{\"@id\":\"https:\\\/\\\/www.fcejs.unsl.edu.ar\\\/index.php\\\/convocatoria-para-participar-de-la-xxviii-jornada-de-jovenes-investigadores-jji\\\/\"},\"author\":{\"name\":\"DATI\",\"@id\":\"https:\\\/\\\/www.fcejs.unsl.edu.ar\\\/#\\\/schema\\\/person\\\/352ee6ed90c3f394c7cb5945f8956d34\"},\"headline\":\"Convocatoria para participar de la XXVIII Jornada de J\u00f3venes Investigadores (JJI)\",\"datePublished\":\"2021-06-16T00:32:31+00:00\",\"mainEntityOfPage\":{\"@id\":\"https:\\\/\\\/www.fcejs.unsl.edu.ar\\\/index.php\\\/convocatoria-para-participar-de-la-xxviii-jornada-de-jovenes-investigadores-jji\\\/\"},\"wordCount\":1042,\"publisher\":{\"@id\":\"https:\\\/\\\/www.fcejs.unsl.edu.ar\\\/#organization\"},\"image\":{\"@id\":\"https:\\\/\\\/www.fcejs.unsl.edu.ar\\\/index.php\\\/convocatoria-para-participar-de-la-xxviii-jornada-de-jovenes-investigadores-jji\\\/#primaryimage\"},\"thumbnailUrl\":\"https:\\\/\\\/www.fcejs.unsl.edu.ar\\\/wp-content\\\/uploads\\\/2021\\\/06\\\/jovenes-investigadores-768x766-1.jpg\",\"articleSection\":[\"Noticias\"],\"inLanguage\":\"es-AR\"},{\"@type\":\"WebPage\",\"@id\":\"https:\\\/\\\/www.fcejs.unsl.edu.ar\\\/index.php\\\/convocatoria-para-participar-de-la-xxviii-jornada-de-jovenes-investigadores-jji\\\/\",\"url\":\"https:\\\/\\\/www.fcejs.unsl.edu.ar\\\/index.php\\\/convocatoria-para-participar-de-la-xxviii-jornada-de-jovenes-investigadores-jji\\\/\",\"name\":\"Convocatoria para participar de la XXVIII Jornada de J\u00f3venes Investigadores (JJI) - Facultad de Ciencias Econ\u00f3micas, Jur\u00ed\u00addicas y Sociales\",\"isPartOf\":{\"@id\":\"https:\\\/\\\/www.fcejs.unsl.edu.ar\\\/#website\"},\"primaryImageOfPage\":{\"@id\":\"https:\\\/\\\/www.fcejs.unsl.edu.ar\\\/index.php\\\/convocatoria-para-participar-de-la-xxviii-jornada-de-jovenes-investigadores-jji\\\/#primaryimage\"},\"image\":{\"@id\":\"https:\\\/\\\/www.fcejs.unsl.edu.ar\\\/index.php\\\/convocatoria-para-participar-de-la-xxviii-jornada-de-jovenes-investigadores-jji\\\/#primaryimage\"},\"thumbnailUrl\":\"https:\\\/\\\/www.fcejs.unsl.edu.ar\\\/wp-content\\\/uploads\\\/2021\\\/06\\\/jovenes-investigadores-768x766-1.jpg\",\"datePublished\":\"2021-06-16T00:32:31+00:00\",\"breadcrumb\":{\"@id\":\"https:\\\/\\\/www.fcejs.unsl.edu.ar\\\/index.php\\\/convocatoria-para-participar-de-la-xxviii-jornada-de-jovenes-investigadores-jji\\\/#breadcrumb\"},\"inLanguage\":\"es-AR\",\"potentialAction\":[{\"@type\":\"ReadAction\",\"target\":[\"https:\\\/\\\/www.fcejs.unsl.edu.ar\\\/index.php\\\/convocatoria-para-participar-de-la-xxviii-jornada-de-jovenes-investigadores-jji\\\/\"]}]},{\"@type\":\"ImageObject\",\"inLanguage\":\"es-AR\",\"@id\":\"https:\\\/\\\/www.fcejs.unsl.edu.ar\\\/index.php\\\/convocatoria-para-participar-de-la-xxviii-jornada-de-jovenes-investigadores-jji\\\/#primaryimage\",\"url\":\"https:\\\/\\\/www.fcejs.unsl.edu.ar\\\/wp-content\\\/uploads\\\/2021\\\/06\\\/jovenes-investigadores-768x766-1.jpg\",\"contentUrl\":\"https:\\\/\\\/www.fcejs.unsl.edu.ar\\\/wp-content\\\/uploads\\\/2021\\\/06\\\/jovenes-investigadores-768x766-1.jpg\",\"width\":768,\"height\":766},{\"@type\":\"BreadcrumbList\",\"@id\":\"https:\\\/\\\/www.fcejs.unsl.edu.ar\\\/index.php\\\/convocatoria-para-participar-de-la-xxviii-jornada-de-jovenes-investigadores-jji\\\/#breadcrumb\",\"itemListElement\":[{\"@type\":\"ListItem\",\"position\":1,\"name\":\"Inicio\",\"item\":\"https:\\\/\\\/www.fcejs.unsl.edu.ar\\\/\"},{\"@type\":\"ListItem\",\"position\":2,\"name\":\"Convocatoria para participar de la XXVIII Jornada de J\u00f3venes Investigadores (JJI)\"}]},{\"@type\":\"WebSite\",\"@id\":\"https:\\\/\\\/www.fcejs.unsl.edu.ar\\\/#website\",\"url\":\"https:\\\/\\\/www.fcejs.unsl.edu.ar\\\/\",\"name\":\"Facultad de Ciencias Econ\u00f3micas, Jur\u00ed\u00addicas y Sociales\",\"description\":\"\",\"publisher\":{\"@id\":\"https:\\\/\\\/www.fcejs.unsl.edu.ar\\\/#organization\"},\"potentialAction\":[{\"@type\":\"SearchAction\",\"target\":{\"@type\":\"EntryPoint\",\"urlTemplate\":\"https:\\\/\\\/www.fcejs.unsl.edu.ar\\\/?s={search_term_string}\"},\"query-input\":{\"@type\":\"PropertyValueSpecification\",\"valueRequired\":true,\"valueName\":\"search_term_string\"}}],\"inLanguage\":\"es-AR\"},{\"@type\":\"Organization\",\"@id\":\"https:\\\/\\\/www.fcejs.unsl.edu.ar\\\/#organization\",\"name\":\"Facultad de Ciencias Econ\u00f3micas, Jur\u00eddicas y Sociales\",\"url\":\"https:\\\/\\\/www.fcejs.unsl.edu.ar\\\/\",\"logo\":{\"@type\":\"ImageObject\",\"inLanguage\":\"es-AR\",\"@id\":\"https:\\\/\\\/www.fcejs.unsl.edu.ar\\\/#\\\/schema\\\/logo\\\/image\\\/\",\"url\":\"https:\\\/\\\/www.fcejs.unsl.edu.ar\\\/wp-content\\\/uploads\\\/2021\\\/03\\\/logo-1.jpg\",\"contentUrl\":\"https:\\\/\\\/www.fcejs.unsl.edu.ar\\\/wp-content\\\/uploads\\\/2021\\\/03\\\/logo-1.jpg\",\"width\":471,\"height\":146,\"caption\":\"Facultad de Ciencias Econ\u00f3micas, Jur\u00eddicas y Sociales\"},\"image\":{\"@id\":\"https:\\\/\\\/www.fcejs.unsl.edu.ar\\\/#\\\/schema\\\/logo\\\/image\\\/\"},\"sameAs\":[\"https:\\\/\\\/www.facebook.com\\\/FCEJS.UNSL\\\/\",\"https:\\\/\\\/x.com\\\/FCEJSUNSL\",\"https:\\\/\\\/www.instagram.com\\\/fcejs.unsl\\\/\",\"https:\\\/\\\/www.youtube.com\\\/channel\\\/UCH-Ut6EaN_X5ogjIQMPe46g\\\/\"]},{\"@type\":\"Person\",\"@id\":\"https:\\\/\\\/www.fcejs.unsl.edu.ar\\\/#\\\/schema\\\/person\\\/352ee6ed90c3f394c7cb5945f8956d34\",\"name\":\"DATI\"}]}<\/script>\n<!-- \/ Yoast SEO plugin. -->","yoast_head_json":{"title":"Convocatoria para participar de la XXVIII Jornada de J\u00f3venes Investigadores (JJI) - Facultad de Ciencias Econ\u00f3micas, Jur\u00ed\u00addicas y Sociales","robots":{"index":"index","follow":"follow","max-snippet":"max-snippet:-1","max-image-preview":"max-image-preview:large","max-video-preview":"max-video-preview:-1"},"canonical":"https:\/\/www.fcejs.unsl.edu.ar\/index.php\/convocatoria-para-participar-de-la-xxviii-jornada-de-jovenes-investigadores-jji\/","og_locale":"es_ES","og_type":"article","og_title":"Convocatoria para participar de la XXVIII Jornada de J\u00f3venes Investigadores (JJI) - Facultad de Ciencias Econ\u00f3micas, Jur\u00ed\u00addicas y Sociales","og_description":"Se invita a los J\u00f3venes Investigadores a participar de la convocatoria a la XXVIII Jornada de J\u00f3venes Investigadores (JJI). La consigna de la XXVIII versi\u00f3n&hellip;","og_url":"https:\/\/www.fcejs.unsl.edu.ar\/index.php\/convocatoria-para-participar-de-la-xxviii-jornada-de-jovenes-investigadores-jji\/","og_site_name":"Facultad de Ciencias Econ\u00f3micas, Jur\u00ed\u00addicas y Sociales","article_publisher":"https:\/\/www.facebook.com\/FCEJS.UNSL\/","article_published_time":"2021-06-16T00:32:31+00:00","og_image":[{"width":768,"height":766,"url":"https:\/\/www.fcejs.unsl.edu.ar\/wp-content\/uploads\/2021\/06\/jovenes-investigadores-768x766-1.jpg","type":"image\/jpeg"}],"author":"DATI","twitter_card":"summary_large_image","twitter_creator":"@FCEJSUNSL","twitter_site":"@FCEJSUNSL","twitter_misc":{"Escrito por":"DATI","Tiempo de lectura":"4 minutos"},"schema":{"@context":"https:\/\/schema.org","@graph":[{"@type":"Article","@id":"https:\/\/www.fcejs.unsl.edu.ar\/index.php\/convocatoria-para-participar-de-la-xxviii-jornada-de-jovenes-investigadores-jji\/#article","isPartOf":{"@id":"https:\/\/www.fcejs.unsl.edu.ar\/index.php\/convocatoria-para-participar-de-la-xxviii-jornada-de-jovenes-investigadores-jji\/"},"author":{"name":"DATI","@id":"https:\/\/www.fcejs.unsl.edu.ar\/#\/schema\/person\/352ee6ed90c3f394c7cb5945f8956d34"},"headline":"Convocatoria para participar de la XXVIII Jornada de J\u00f3venes Investigadores (JJI)","datePublished":"2021-06-16T00:32:31+00:00","mainEntityOfPage":{"@id":"https:\/\/www.fcejs.unsl.edu.ar\/index.php\/convocatoria-para-participar-de-la-xxviii-jornada-de-jovenes-investigadores-jji\/"},"wordCount":1042,"publisher":{"@id":"https:\/\/www.fcejs.unsl.edu.ar\/#organization"},"image":{"@id":"https:\/\/www.fcejs.unsl.edu.ar\/index.php\/convocatoria-para-participar-de-la-xxviii-jornada-de-jovenes-investigadores-jji\/#primaryimage"},"thumbnailUrl":"https:\/\/www.fcejs.unsl.edu.ar\/wp-content\/uploads\/2021\/06\/jovenes-investigadores-768x766-1.jpg","articleSection":["Noticias"],"inLanguage":"es-AR"},{"@type":"WebPage","@id":"https:\/\/www.fcejs.unsl.edu.ar\/index.php\/convocatoria-para-participar-de-la-xxviii-jornada-de-jovenes-investigadores-jji\/","url":"https:\/\/www.fcejs.unsl.edu.ar\/index.php\/convocatoria-para-participar-de-la-xxviii-jornada-de-jovenes-investigadores-jji\/","name":"Convocatoria para participar de la XXVIII Jornada de J\u00f3venes Investigadores (JJI) - Facultad de Ciencias Econ\u00f3micas, Jur\u00ed\u00addicas y Sociales","isPartOf":{"@id":"https:\/\/www.fcejs.unsl.edu.ar\/#website"},"primaryImageOfPage":{"@id":"https:\/\/www.fcejs.unsl.edu.ar\/index.php\/convocatoria-para-participar-de-la-xxviii-jornada-de-jovenes-investigadores-jji\/#primaryimage"},"image":{"@id":"https:\/\/www.fcejs.unsl.edu.ar\/index.php\/convocatoria-para-participar-de-la-xxviii-jornada-de-jovenes-investigadores-jji\/#primaryimage"},"thumbnailUrl":"https:\/\/www.fcejs.unsl.edu.ar\/wp-content\/uploads\/2021\/06\/jovenes-investigadores-768x766-1.jpg","datePublished":"2021-06-16T00:32:31+00:00","breadcrumb":{"@id":"https:\/\/www.fcejs.unsl.edu.ar\/index.php\/convocatoria-para-participar-de-la-xxviii-jornada-de-jovenes-investigadores-jji\/#breadcrumb"},"inLanguage":"es-AR","potentialAction":[{"@type":"ReadAction","target":["https:\/\/www.fcejs.unsl.edu.ar\/index.php\/convocatoria-para-participar-de-la-xxviii-jornada-de-jovenes-investigadores-jji\/"]}]},{"@type":"ImageObject","inLanguage":"es-AR","@id":"https:\/\/www.fcejs.unsl.edu.ar\/index.php\/convocatoria-para-participar-de-la-xxviii-jornada-de-jovenes-investigadores-jji\/#primaryimage","url":"https:\/\/www.fcejs.unsl.edu.ar\/wp-content\/uploads\/2021\/06\/jovenes-investigadores-768x766-1.jpg","contentUrl":"https:\/\/www.fcejs.unsl.edu.ar\/wp-content\/uploads\/2021\/06\/jovenes-investigadores-768x766-1.jpg","width":768,"height":766},{"@type":"BreadcrumbList","@id":"https:\/\/www.fcejs.unsl.edu.ar\/index.php\/convocatoria-para-participar-de-la-xxviii-jornada-de-jovenes-investigadores-jji\/#breadcrumb","itemListElement":[{"@type":"ListItem","position":1,"name":"Inicio","item":"https:\/\/www.fcejs.unsl.edu.ar\/"},{"@type":"ListItem","position":2,"name":"Convocatoria para participar de la XXVIII Jornada de J\u00f3venes Investigadores (JJI)"}]},{"@type":"WebSite","@id":"https:\/\/www.fcejs.unsl.edu.ar\/#website","url":"https:\/\/www.fcejs.unsl.edu.ar\/","name":"Facultad de Ciencias Econ\u00f3micas, Jur\u00ed\u00addicas y Sociales","description":"","publisher":{"@id":"https:\/\/www.fcejs.unsl.edu.ar\/#organization"},"potentialAction":[{"@type":"SearchAction","target":{"@type":"EntryPoint","urlTemplate":"https:\/\/www.fcejs.unsl.edu.ar\/?s={search_term_string}"},"query-input":{"@type":"PropertyValueSpecification","valueRequired":true,"valueName":"search_term_string"}}],"inLanguage":"es-AR"},{"@type":"Organization","@id":"https:\/\/www.fcejs.unsl.edu.ar\/#organization","name":"Facultad de Ciencias Econ\u00f3micas, Jur\u00eddicas y Sociales","url":"https:\/\/www.fcejs.unsl.edu.ar\/","logo":{"@type":"ImageObject","inLanguage":"es-AR","@id":"https:\/\/www.fcejs.unsl.edu.ar\/#\/schema\/logo\/image\/","url":"https:\/\/www.fcejs.unsl.edu.ar\/wp-content\/uploads\/2021\/03\/logo-1.jpg","contentUrl":"https:\/\/www.fcejs.unsl.edu.ar\/wp-content\/uploads\/2021\/03\/logo-1.jpg","width":471,"height":146,"caption":"Facultad de Ciencias Econ\u00f3micas, Jur\u00eddicas y Sociales"},"image":{"@id":"https:\/\/www.fcejs.unsl.edu.ar\/#\/schema\/logo\/image\/"},"sameAs":["https:\/\/www.facebook.com\/FCEJS.UNSL\/","https:\/\/x.com\/FCEJSUNSL","https:\/\/www.instagram.com\/fcejs.unsl\/","https:\/\/www.youtube.com\/channel\/UCH-Ut6EaN_X5ogjIQMPe46g\/"]},{"@type":"Person","@id":"https:\/\/www.fcejs.unsl.edu.ar\/#\/schema\/person\/352ee6ed90c3f394c7cb5945f8956d34","name":"DATI"}]}},"jetpack_featured_media_url":"https:\/\/www.fcejs.unsl.edu.ar\/wp-content\/uploads\/2021\/06\/jovenes-investigadores-768x766-1.jpg","_links":{"self":[{"href":"https:\/\/www.fcejs.unsl.edu.ar\/index.php\/wp-json\/wp\/v2\/posts\/4106","targetHints":{"allow":["GET"]}}],"collection":[{"href":"https:\/\/www.fcejs.unsl.edu.ar\/index.php\/wp-json\/wp\/v2\/posts"}],"about":[{"href":"https:\/\/www.fcejs.unsl.edu.ar\/index.php\/wp-json\/wp\/v2\/types\/post"}],"author":[{"embeddable":true,"href":"https:\/\/www.fcejs.unsl.edu.ar\/index.php\/wp-json\/wp\/v2\/users\/9"}],"replies":[{"embeddable":true,"href":"https:\/\/www.fcejs.unsl.edu.ar\/index.php\/wp-json\/wp\/v2\/comments?post=4106"}],"version-history":[{"count":1,"href":"https:\/\/www.fcejs.unsl.edu.ar\/index.php\/wp-json\/wp\/v2\/posts\/4106\/revisions"}],"predecessor-version":[{"id":4108,"href":"https:\/\/www.fcejs.unsl.edu.ar\/index.php\/wp-json\/wp\/v2\/posts\/4106\/revisions\/4108"}],"wp:featuredmedia":[{"embeddable":true,"href":"https:\/\/www.fcejs.unsl.edu.ar\/index.php\/wp-json\/wp\/v2\/media\/4107"}],"wp:attachment":[{"href":"https:\/\/www.fcejs.unsl.edu.ar\/index.php\/wp-json\/wp\/v2\/media?parent=4106"}],"wp:term":[{"taxonomy":"category","embeddable":true,"href":"https:\/\/www.fcejs.unsl.edu.ar\/index.php\/wp-json\/wp\/v2\/categories?post=4106"},{"taxonomy":"post_tag","embeddable":true,"href":"https:\/\/www.fcejs.unsl.edu.ar\/index.php\/wp-json\/wp\/v2\/tags?post=4106"}],"curies":[{"name":"wp","href":"https:\/\/api.w.org\/{rel}","templated":true}]}}