{"id":3953,"date":"2021-06-09T11:14:32","date_gmt":"2021-06-09T14:14:32","guid":{"rendered":"http:\/\/10.101.10.197\/www\/?p=3953"},"modified":"2021-08-23T10:48:50","modified_gmt":"2021-08-23T13:48:50","slug":"ftu-unsl-invitacion-al-3o-congreso-internacional-de-turismo-y-serranias","status":"publish","type":"post","link":"https:\/\/www.fcejs.unsl.edu.ar\/index.php\/ftu-unsl-invitacion-al-3o-congreso-internacional-de-turismo-y-serranias\/","title":{"rendered":"FTU-UNSL: Invitaci\u00f3n al 3\u00ba Congreso Internacional de Turismo de Serran\u00edas"},"content":{"rendered":"<p>La Facultad de Turismo y Urbanismo de la Universidad Nacional de San Luis (FTU-UNSL) invita a participar en el <strong>\u201c3\u00ba CONGRESO INTERNACIONAL DE TURISMO DE SERRAN\u00cdAS<\/strong>\u201d que se llevar\u00e1 a cabo los d\u00edas<strong> 23 y 24 de Septiembre de 2021<\/strong>, bajo modalidad virtual a trav\u00e9s de la plataforma zoom de la Instituci\u00f3n.<\/p>\n<p>El Turismo es una pr\u00e1ctica social con multiplicidad de dimensiones simult\u00e1neas que operan en ella y se encuentra en una fase de revisi\u00f3n cr\u00edtica.\u00a0El contexto actual de pandemia origina modificaciones a nivel mundial que afectan a la evoluci\u00f3n de la humanidad, lo que lleva a vincularse a\u00fan m\u00e1s con la importancia que reviste el medio ambiente, el bienestar y la armon\u00eda con el entorno social, cultural y ambiental.<\/p>\n<p>Este Congreso acercar\u00e1 las diferentes miradas que permitan una mejor reflexi\u00f3n desde lo valorativo y conceptual, y mostrar\u00e1 la necesidad del trabajo interdisciplinario, intersectorial, interinstitucional que constituyen herramientas b\u00e1sicas de intervenci\u00f3n y movilizaci\u00f3n social para el desarrollo sustentable.<\/p>\n<p>Se contar\u00e1 con la participaci\u00f3n de conferencias magistrales a cargo de:<\/p>\n<p>Dra. Araniz Brune, Stella-Universidad de Guadalajara- M\u00e9xico<\/p>\n<p><strong>\u201cLos cambios del turismo provocados durante la pandemia\u201d<\/strong><\/p>\n<p>Dr. Dachary, Alberto C\u00e9sar-Universidad de Guadalajara- M\u00e9xico<\/p>\n<p><strong>\u201cEl turismo: retos y oportunidades en el escenario de la post-pandemia\u201d<\/strong><\/p>\n<p>M\u00e1s Informaci\u00f3n e Inscripciones en la P\u00e1gina web Congreso:<strong>\u00a0<a href=\"https:\/\/congresoserranias.wixsite.com\/merlo-sanluis\">https:\/\/congresoserranias.wixsite.com\/merlo-sanluis<\/a><\/strong><\/p>\n<p><img fetchpriority=\"high\" decoding=\"async\" class=\"wp-image-3955 size-full aligncenter\" src=\"https:\/\/www.fcejs.unsl.edu.ar\/wp-content\/uploads\/2021\/06\/Congreso-Internacional-de-Turismo-de-Serranias.jpg\" alt=\"\" width=\"904\" height=\"1280\" srcset=\"https:\/\/www.fcejs.unsl.edu.ar\/wp-content\/uploads\/2021\/06\/Congreso-Internacional-de-Turismo-de-Serranias.jpg 904w, https:\/\/www.fcejs.unsl.edu.ar\/wp-content\/uploads\/2021\/06\/Congreso-Internacional-de-Turismo-de-Serranias-212x300.jpg 212w, https:\/\/www.fcejs.unsl.edu.ar\/wp-content\/uploads\/2021\/06\/Congreso-Internacional-de-Turismo-de-Serranias-723x1024.jpg 723w, https:\/\/www.fcejs.unsl.edu.ar\/wp-content\/uploads\/2021\/06\/Congreso-Internacional-de-Turismo-de-Serranias-768x1087.jpg 768w\" sizes=\"(max-width: 904px) 100vw, 904px\" \/><\/p>\n","protected":false},"excerpt":{"rendered":"<p>La Facultad de Turismo y Urbanismo de la Universidad Nacional de San Luis (FTU-UNSL) invita a participar en el \u201c3\u00ba CONGRESO INTERNACIONAL DE TURISMO DE&hellip;<\/p>\n","protected":false},"author":9,"featured_media":3973,"comment_status":"closed","ping_status":"closed","sticky":false,"template":"","format":"standard","meta":{"om_disable_all_campaigns":false,"_monsterinsights_skip_tracking":false,"_monsterinsights_sitenote_active":false,"_monsterinsights_sitenote_note":"","_monsterinsights_sitenote_category":0,"footnotes":""},"categories":[21],"tags":[],"class_list":["post-3953","post","type-post","status-publish","format-standard","has-post-thumbnail","hentry","category-archivadas"],"yoast_head":"<!-- This site is optimized with the Yoast SEO plugin v27.4 - https:\/\/yoast.com\/product\/yoast-seo-wordpress\/ -->\n<title>FTU-UNSL: Invitaci\u00f3n al 3\u00ba Congreso Internacional de Turismo de Serran\u00edas - Facultad de Ciencias Econ\u00f3micas, Jur\u00ed\u00addicas y Sociales<\/title>\n<meta name=\"robots\" content=\"index, follow, max-snippet:-1, max-image-preview:large, max-video-preview:-1\" \/>\n<link rel=\"canonical\" href=\"https:\/\/www.fcejs.unsl.edu.ar\/index.php\/ftu-unsl-invitacion-al-3o-congreso-internacional-de-turismo-y-serranias\/\" \/>\n<meta property=\"og:locale\" content=\"es_ES\" \/>\n<meta property=\"og:type\" content=\"article\" \/>\n<meta property=\"og:title\" content=\"FTU-UNSL: Invitaci\u00f3n al 3\u00ba Congreso Internacional de Turismo de Serran\u00edas - Facultad de Ciencias Econ\u00f3micas, Jur\u00ed\u00addicas y Sociales\" \/>\n<meta property=\"og:description\" content=\"La Facultad de Turismo y Urbanismo de la Universidad Nacional de San Luis (FTU-UNSL) invita a participar en el \u201c3\u00ba CONGRESO INTERNACIONAL DE TURISMO DE&hellip;\" \/>\n<meta property=\"og:url\" content=\"https:\/\/www.fcejs.unsl.edu.ar\/index.php\/ftu-unsl-invitacion-al-3o-congreso-internacional-de-turismo-y-serranias\/\" \/>\n<meta property=\"og:site_name\" content=\"Facultad de Ciencias Econ\u00f3micas, Jur\u00ed\u00addicas y Sociales\" \/>\n<meta property=\"article:publisher\" content=\"https:\/\/www.facebook.com\/FCEJS.UNSL\/\" \/>\n<meta property=\"article:published_time\" content=\"2021-06-09T14:14:32+00:00\" \/>\n<meta property=\"article:modified_time\" content=\"2021-08-23T13:48:50+00:00\" \/>\n<meta property=\"og:image\" content=\"https:\/\/www.fcejs.unsl.edu.ar\/wp-content\/uploads\/2021\/06\/ftu.jpg\" \/>\n\t<meta property=\"og:image:width\" content=\"1020\" \/>\n\t<meta property=\"og:image:height\" content=\"600\" \/>\n\t<meta property=\"og:image:type\" content=\"image\/jpeg\" \/>\n<meta name=\"author\" content=\"DATI\" \/>\n<meta name=\"twitter:card\" content=\"summary_large_image\" \/>\n<meta name=\"twitter:creator\" content=\"@FCEJSUNSL\" \/>\n<meta name=\"twitter:site\" content=\"@FCEJSUNSL\" \/>\n<meta name=\"twitter:label1\" content=\"Escrito por\" \/>\n\t<meta name=\"twitter:data1\" content=\"DATI\" \/>\n\t<meta name=\"twitter:label2\" content=\"Tiempo de lectura\" \/>\n\t<meta name=\"twitter:data2\" content=\"2 minutos\" \/>\n<script type=\"application\/ld+json\" class=\"yoast-schema-graph\">{\"@context\":\"https:\\\/\\\/schema.org\",\"@graph\":[{\"@type\":\"Article\",\"@id\":\"https:\\\/\\\/www.fcejs.unsl.edu.ar\\\/index.php\\\/ftu-unsl-invitacion-al-3o-congreso-internacional-de-turismo-y-serranias\\\/#article\",\"isPartOf\":{\"@id\":\"https:\\\/\\\/www.fcejs.unsl.edu.ar\\\/index.php\\\/ftu-unsl-invitacion-al-3o-congreso-internacional-de-turismo-y-serranias\\\/\"},\"author\":{\"name\":\"DATI\",\"@id\":\"https:\\\/\\\/www.fcejs.unsl.edu.ar\\\/#\\\/schema\\\/person\\\/352ee6ed90c3f394c7cb5945f8956d34\"},\"headline\":\"FTU-UNSL: Invitaci\u00f3n al 3\u00ba Congreso Internacional de Turismo de Serran\u00edas\",\"datePublished\":\"2021-06-09T14:14:32+00:00\",\"dateModified\":\"2021-08-23T13:48:50+00:00\",\"mainEntityOfPage\":{\"@id\":\"https:\\\/\\\/www.fcejs.unsl.edu.ar\\\/index.php\\\/ftu-unsl-invitacion-al-3o-congreso-internacional-de-turismo-y-serranias\\\/\"},\"wordCount\":247,\"publisher\":{\"@id\":\"https:\\\/\\\/www.fcejs.unsl.edu.ar\\\/#organization\"},\"image\":{\"@id\":\"https:\\\/\\\/www.fcejs.unsl.edu.ar\\\/index.php\\\/ftu-unsl-invitacion-al-3o-congreso-internacional-de-turismo-y-serranias\\\/#primaryimage\"},\"thumbnailUrl\":\"https:\\\/\\\/www.fcejs.unsl.edu.ar\\\/wp-content\\\/uploads\\\/2021\\\/06\\\/ftu.jpg\",\"articleSection\":[\"Archivadas\"],\"inLanguage\":\"es-AR\"},{\"@type\":\"WebPage\",\"@id\":\"https:\\\/\\\/www.fcejs.unsl.edu.ar\\\/index.php\\\/ftu-unsl-invitacion-al-3o-congreso-internacional-de-turismo-y-serranias\\\/\",\"url\":\"https:\\\/\\\/www.fcejs.unsl.edu.ar\\\/index.php\\\/ftu-unsl-invitacion-al-3o-congreso-internacional-de-turismo-y-serranias\\\/\",\"name\":\"FTU-UNSL: Invitaci\u00f3n al 3\u00ba Congreso Internacional de Turismo de Serran\u00edas - Facultad de Ciencias Econ\u00f3micas, Jur\u00ed\u00addicas y Sociales\",\"isPartOf\":{\"@id\":\"https:\\\/\\\/www.fcejs.unsl.edu.ar\\\/#website\"},\"primaryImageOfPage\":{\"@id\":\"https:\\\/\\\/www.fcejs.unsl.edu.ar\\\/index.php\\\/ftu-unsl-invitacion-al-3o-congreso-internacional-de-turismo-y-serranias\\\/#primaryimage\"},\"image\":{\"@id\":\"https:\\\/\\\/www.fcejs.unsl.edu.ar\\\/index.php\\\/ftu-unsl-invitacion-al-3o-congreso-internacional-de-turismo-y-serranias\\\/#primaryimage\"},\"thumbnailUrl\":\"https:\\\/\\\/www.fcejs.unsl.edu.ar\\\/wp-content\\\/uploads\\\/2021\\\/06\\\/ftu.jpg\",\"datePublished\":\"2021-06-09T14:14:32+00:00\",\"dateModified\":\"2021-08-23T13:48:50+00:00\",\"breadcrumb\":{\"@id\":\"https:\\\/\\\/www.fcejs.unsl.edu.ar\\\/index.php\\\/ftu-unsl-invitacion-al-3o-congreso-internacional-de-turismo-y-serranias\\\/#breadcrumb\"},\"inLanguage\":\"es-AR\",\"potentialAction\":[{\"@type\":\"ReadAction\",\"target\":[\"https:\\\/\\\/www.fcejs.unsl.edu.ar\\\/index.php\\\/ftu-unsl-invitacion-al-3o-congreso-internacional-de-turismo-y-serranias\\\/\"]}]},{\"@type\":\"ImageObject\",\"inLanguage\":\"es-AR\",\"@id\":\"https:\\\/\\\/www.fcejs.unsl.edu.ar\\\/index.php\\\/ftu-unsl-invitacion-al-3o-congreso-internacional-de-turismo-y-serranias\\\/#primaryimage\",\"url\":\"https:\\\/\\\/www.fcejs.unsl.edu.ar\\\/wp-content\\\/uploads\\\/2021\\\/06\\\/ftu.jpg\",\"contentUrl\":\"https:\\\/\\\/www.fcejs.unsl.edu.ar\\\/wp-content\\\/uploads\\\/2021\\\/06\\\/ftu.jpg\",\"width\":1020,\"height\":600},{\"@type\":\"BreadcrumbList\",\"@id\":\"https:\\\/\\\/www.fcejs.unsl.edu.ar\\\/index.php\\\/ftu-unsl-invitacion-al-3o-congreso-internacional-de-turismo-y-serranias\\\/#breadcrumb\",\"itemListElement\":[{\"@type\":\"ListItem\",\"position\":1,\"name\":\"Inicio\",\"item\":\"https:\\\/\\\/www.fcejs.unsl.edu.ar\\\/\"},{\"@type\":\"ListItem\",\"position\":2,\"name\":\"FTU-UNSL: Invitaci\u00f3n al 3\u00ba Congreso Internacional de Turismo de Serran\u00edas\"}]},{\"@type\":\"WebSite\",\"@id\":\"https:\\\/\\\/www.fcejs.unsl.edu.ar\\\/#website\",\"url\":\"https:\\\/\\\/www.fcejs.unsl.edu.ar\\\/\",\"name\":\"Facultad de Ciencias Econ\u00f3micas, Jur\u00ed\u00addicas y Sociales\",\"description\":\"\",\"publisher\":{\"@id\":\"https:\\\/\\\/www.fcejs.unsl.edu.ar\\\/#organization\"},\"potentialAction\":[{\"@type\":\"SearchAction\",\"target\":{\"@type\":\"EntryPoint\",\"urlTemplate\":\"https:\\\/\\\/www.fcejs.unsl.edu.ar\\\/?s={search_term_string}\"},\"query-input\":{\"@type\":\"PropertyValueSpecification\",\"valueRequired\":true,\"valueName\":\"search_term_string\"}}],\"inLanguage\":\"es-AR\"},{\"@type\":\"Organization\",\"@id\":\"https:\\\/\\\/www.fcejs.unsl.edu.ar\\\/#organization\",\"name\":\"Facultad de Ciencias Econ\u00f3micas, Jur\u00eddicas y Sociales\",\"url\":\"https:\\\/\\\/www.fcejs.unsl.edu.ar\\\/\",\"logo\":{\"@type\":\"ImageObject\",\"inLanguage\":\"es-AR\",\"@id\":\"https:\\\/\\\/www.fcejs.unsl.edu.ar\\\/#\\\/schema\\\/logo\\\/image\\\/\",\"url\":\"https:\\\/\\\/www.fcejs.unsl.edu.ar\\\/wp-content\\\/uploads\\\/2021\\\/03\\\/logo-1.jpg\",\"contentUrl\":\"https:\\\/\\\/www.fcejs.unsl.edu.ar\\\/wp-content\\\/uploads\\\/2021\\\/03\\\/logo-1.jpg\",\"width\":471,\"height\":146,\"caption\":\"Facultad de Ciencias Econ\u00f3micas, Jur\u00eddicas y Sociales\"},\"image\":{\"@id\":\"https:\\\/\\\/www.fcejs.unsl.edu.ar\\\/#\\\/schema\\\/logo\\\/image\\\/\"},\"sameAs\":[\"https:\\\/\\\/www.facebook.com\\\/FCEJS.UNSL\\\/\",\"https:\\\/\\\/x.com\\\/FCEJSUNSL\",\"https:\\\/\\\/www.instagram.com\\\/fcejs.unsl\\\/\",\"https:\\\/\\\/www.youtube.com\\\/channel\\\/UCH-Ut6EaN_X5ogjIQMPe46g\\\/\"]},{\"@type\":\"Person\",\"@id\":\"https:\\\/\\\/www.fcejs.unsl.edu.ar\\\/#\\\/schema\\\/person\\\/352ee6ed90c3f394c7cb5945f8956d34\",\"name\":\"DATI\"}]}<\/script>\n<!-- \/ Yoast SEO plugin. -->","yoast_head_json":{"title":"FTU-UNSL: Invitaci\u00f3n al 3\u00ba Congreso Internacional de Turismo de Serran\u00edas - Facultad de Ciencias Econ\u00f3micas, Jur\u00ed\u00addicas y Sociales","robots":{"index":"index","follow":"follow","max-snippet":"max-snippet:-1","max-image-preview":"max-image-preview:large","max-video-preview":"max-video-preview:-1"},"canonical":"https:\/\/www.fcejs.unsl.edu.ar\/index.php\/ftu-unsl-invitacion-al-3o-congreso-internacional-de-turismo-y-serranias\/","og_locale":"es_ES","og_type":"article","og_title":"FTU-UNSL: Invitaci\u00f3n al 3\u00ba Congreso Internacional de Turismo de Serran\u00edas - Facultad de Ciencias Econ\u00f3micas, Jur\u00ed\u00addicas y Sociales","og_description":"La Facultad de Turismo y Urbanismo de la Universidad Nacional de San Luis (FTU-UNSL) invita a participar en el \u201c3\u00ba CONGRESO INTERNACIONAL DE TURISMO DE&hellip;","og_url":"https:\/\/www.fcejs.unsl.edu.ar\/index.php\/ftu-unsl-invitacion-al-3o-congreso-internacional-de-turismo-y-serranias\/","og_site_name":"Facultad de Ciencias Econ\u00f3micas, Jur\u00ed\u00addicas y Sociales","article_publisher":"https:\/\/www.facebook.com\/FCEJS.UNSL\/","article_published_time":"2021-06-09T14:14:32+00:00","article_modified_time":"2021-08-23T13:48:50+00:00","og_image":[{"width":1020,"height":600,"url":"https:\/\/www.fcejs.unsl.edu.ar\/wp-content\/uploads\/2021\/06\/ftu.jpg","type":"image\/jpeg"}],"author":"DATI","twitter_card":"summary_large_image","twitter_creator":"@FCEJSUNSL","twitter_site":"@FCEJSUNSL","twitter_misc":{"Escrito por":"DATI","Tiempo de lectura":"2 minutos"},"schema":{"@context":"https:\/\/schema.org","@graph":[{"@type":"Article","@id":"https:\/\/www.fcejs.unsl.edu.ar\/index.php\/ftu-unsl-invitacion-al-3o-congreso-internacional-de-turismo-y-serranias\/#article","isPartOf":{"@id":"https:\/\/www.fcejs.unsl.edu.ar\/index.php\/ftu-unsl-invitacion-al-3o-congreso-internacional-de-turismo-y-serranias\/"},"author":{"name":"DATI","@id":"https:\/\/www.fcejs.unsl.edu.ar\/#\/schema\/person\/352ee6ed90c3f394c7cb5945f8956d34"},"headline":"FTU-UNSL: Invitaci\u00f3n al 3\u00ba Congreso Internacional de Turismo de Serran\u00edas","datePublished":"2021-06-09T14:14:32+00:00","dateModified":"2021-08-23T13:48:50+00:00","mainEntityOfPage":{"@id":"https:\/\/www.fcejs.unsl.edu.ar\/index.php\/ftu-unsl-invitacion-al-3o-congreso-internacional-de-turismo-y-serranias\/"},"wordCount":247,"publisher":{"@id":"https:\/\/www.fcejs.unsl.edu.ar\/#organization"},"image":{"@id":"https:\/\/www.fcejs.unsl.edu.ar\/index.php\/ftu-unsl-invitacion-al-3o-congreso-internacional-de-turismo-y-serranias\/#primaryimage"},"thumbnailUrl":"https:\/\/www.fcejs.unsl.edu.ar\/wp-content\/uploads\/2021\/06\/ftu.jpg","articleSection":["Archivadas"],"inLanguage":"es-AR"},{"@type":"WebPage","@id":"https:\/\/www.fcejs.unsl.edu.ar\/index.php\/ftu-unsl-invitacion-al-3o-congreso-internacional-de-turismo-y-serranias\/","url":"https:\/\/www.fcejs.unsl.edu.ar\/index.php\/ftu-unsl-invitacion-al-3o-congreso-internacional-de-turismo-y-serranias\/","name":"FTU-UNSL: Invitaci\u00f3n al 3\u00ba Congreso Internacional de Turismo de Serran\u00edas - Facultad de Ciencias Econ\u00f3micas, Jur\u00ed\u00addicas y Sociales","isPartOf":{"@id":"https:\/\/www.fcejs.unsl.edu.ar\/#website"},"primaryImageOfPage":{"@id":"https:\/\/www.fcejs.unsl.edu.ar\/index.php\/ftu-unsl-invitacion-al-3o-congreso-internacional-de-turismo-y-serranias\/#primaryimage"},"image":{"@id":"https:\/\/www.fcejs.unsl.edu.ar\/index.php\/ftu-unsl-invitacion-al-3o-congreso-internacional-de-turismo-y-serranias\/#primaryimage"},"thumbnailUrl":"https:\/\/www.fcejs.unsl.edu.ar\/wp-content\/uploads\/2021\/06\/ftu.jpg","datePublished":"2021-06-09T14:14:32+00:00","dateModified":"2021-08-23T13:48:50+00:00","breadcrumb":{"@id":"https:\/\/www.fcejs.unsl.edu.ar\/index.php\/ftu-unsl-invitacion-al-3o-congreso-internacional-de-turismo-y-serranias\/#breadcrumb"},"inLanguage":"es-AR","potentialAction":[{"@type":"ReadAction","target":["https:\/\/www.fcejs.unsl.edu.ar\/index.php\/ftu-unsl-invitacion-al-3o-congreso-internacional-de-turismo-y-serranias\/"]}]},{"@type":"ImageObject","inLanguage":"es-AR","@id":"https:\/\/www.fcejs.unsl.edu.ar\/index.php\/ftu-unsl-invitacion-al-3o-congreso-internacional-de-turismo-y-serranias\/#primaryimage","url":"https:\/\/www.fcejs.unsl.edu.ar\/wp-content\/uploads\/2021\/06\/ftu.jpg","contentUrl":"https:\/\/www.fcejs.unsl.edu.ar\/wp-content\/uploads\/2021\/06\/ftu.jpg","width":1020,"height":600},{"@type":"BreadcrumbList","@id":"https:\/\/www.fcejs.unsl.edu.ar\/index.php\/ftu-unsl-invitacion-al-3o-congreso-internacional-de-turismo-y-serranias\/#breadcrumb","itemListElement":[{"@type":"ListItem","position":1,"name":"Inicio","item":"https:\/\/www.fcejs.unsl.edu.ar\/"},{"@type":"ListItem","position":2,"name":"FTU-UNSL: Invitaci\u00f3n al 3\u00ba Congreso Internacional de Turismo de Serran\u00edas"}]},{"@type":"WebSite","@id":"https:\/\/www.fcejs.unsl.edu.ar\/#website","url":"https:\/\/www.fcejs.unsl.edu.ar\/","name":"Facultad de Ciencias Econ\u00f3micas, Jur\u00ed\u00addicas y Sociales","description":"","publisher":{"@id":"https:\/\/www.fcejs.unsl.edu.ar\/#organization"},"potentialAction":[{"@type":"SearchAction","target":{"@type":"EntryPoint","urlTemplate":"https:\/\/www.fcejs.unsl.edu.ar\/?s={search_term_string}"},"query-input":{"@type":"PropertyValueSpecification","valueRequired":true,"valueName":"search_term_string"}}],"inLanguage":"es-AR"},{"@type":"Organization","@id":"https:\/\/www.fcejs.unsl.edu.ar\/#organization","name":"Facultad de Ciencias Econ\u00f3micas, Jur\u00eddicas y Sociales","url":"https:\/\/www.fcejs.unsl.edu.ar\/","logo":{"@type":"ImageObject","inLanguage":"es-AR","@id":"https:\/\/www.fcejs.unsl.edu.ar\/#\/schema\/logo\/image\/","url":"https:\/\/www.fcejs.unsl.edu.ar\/wp-content\/uploads\/2021\/03\/logo-1.jpg","contentUrl":"https:\/\/www.fcejs.unsl.edu.ar\/wp-content\/uploads\/2021\/03\/logo-1.jpg","width":471,"height":146,"caption":"Facultad de Ciencias Econ\u00f3micas, Jur\u00eddicas y Sociales"},"image":{"@id":"https:\/\/www.fcejs.unsl.edu.ar\/#\/schema\/logo\/image\/"},"sameAs":["https:\/\/www.facebook.com\/FCEJS.UNSL\/","https:\/\/x.com\/FCEJSUNSL","https:\/\/www.instagram.com\/fcejs.unsl\/","https:\/\/www.youtube.com\/channel\/UCH-Ut6EaN_X5ogjIQMPe46g\/"]},{"@type":"Person","@id":"https:\/\/www.fcejs.unsl.edu.ar\/#\/schema\/person\/352ee6ed90c3f394c7cb5945f8956d34","name":"DATI"}]}},"jetpack_featured_media_url":"https:\/\/www.fcejs.unsl.edu.ar\/wp-content\/uploads\/2021\/06\/ftu.jpg","_links":{"self":[{"href":"https:\/\/www.fcejs.unsl.edu.ar\/index.php\/wp-json\/wp\/v2\/posts\/3953","targetHints":{"allow":["GET"]}}],"collection":[{"href":"https:\/\/www.fcejs.unsl.edu.ar\/index.php\/wp-json\/wp\/v2\/posts"}],"about":[{"href":"https:\/\/www.fcejs.unsl.edu.ar\/index.php\/wp-json\/wp\/v2\/types\/post"}],"author":[{"embeddable":true,"href":"https:\/\/www.fcejs.unsl.edu.ar\/index.php\/wp-json\/wp\/v2\/users\/9"}],"replies":[{"embeddable":true,"href":"https:\/\/www.fcejs.unsl.edu.ar\/index.php\/wp-json\/wp\/v2\/comments?post=3953"}],"version-history":[{"count":9,"href":"https:\/\/www.fcejs.unsl.edu.ar\/index.php\/wp-json\/wp\/v2\/posts\/3953\/revisions"}],"predecessor-version":[{"id":3976,"href":"https:\/\/www.fcejs.unsl.edu.ar\/index.php\/wp-json\/wp\/v2\/posts\/3953\/revisions\/3976"}],"wp:featuredmedia":[{"embeddable":true,"href":"https:\/\/www.fcejs.unsl.edu.ar\/index.php\/wp-json\/wp\/v2\/media\/3973"}],"wp:attachment":[{"href":"https:\/\/www.fcejs.unsl.edu.ar\/index.php\/wp-json\/wp\/v2\/media?parent=3953"}],"wp:term":[{"taxonomy":"category","embeddable":true,"href":"https:\/\/www.fcejs.unsl.edu.ar\/index.php\/wp-json\/wp\/v2\/categories?post=3953"},{"taxonomy":"post_tag","embeddable":true,"href":"https:\/\/www.fcejs.unsl.edu.ar\/index.php\/wp-json\/wp\/v2\/tags?post=3953"}],"curies":[{"name":"wp","href":"https:\/\/api.w.org\/{rel}","templated":true}]}}