{"id":3938,"date":"2021-06-10T11:39:06","date_gmt":"2021-06-10T14:39:06","guid":{"rendered":"http:\/\/10.101.10.197\/www\/?p=3938"},"modified":"2021-06-16T10:33:23","modified_gmt":"2021-06-16T13:33:23","slug":"entrega-individual-de-diplomas-a-los-egresados-de-la-fica-y-de-la-fcejs","status":"publish","type":"post","link":"https:\/\/www.fcejs.unsl.edu.ar\/index.php\/entrega-individual-de-diplomas-a-los-egresados-de-la-fica-y-de-la-fcejs\/","title":{"rendered":"Entrega individual de Diplomas a los Egresados de la FICA y de la FCEJS"},"content":{"rendered":"<p>La Subsecretar\u00eda de Comunicaci\u00f3n, Ceremonial y Protocolo informa que, el pr\u00f3ximo martes 15 de junio de 2021, se llevar\u00e1 a cabo la entrega individual de Diplomas a los Egresados de la Facultad de Ingenier\u00eda y Ciencias Agropecuarias y de la Facultad de Ciencias Econ\u00f3micas, Jur\u00eddicas y Sociales.<\/p>\n<p>Bajo un estricto protocolo de presencialidad adaptada, la entrega de diplomas se realizar\u00e1, a partir de las 09:00 h, en el aula 16 del Campus Universitario (Ruta Provincial N\u00b0 55, Extremo Norte). Este acto se transmitir\u00e1 a trav\u00e9s del <a href=\"https:\/\/youtu.be\/5n0R_rKes4A\"><strong>canal de YouTube de las facultades<\/strong><\/a>.<\/p>\n<p>Los egresados deber\u00e1n concurrir con puntualidad al horario que se le haya asignado munido de su documento de identidad.<\/p>\n<h4><span style=\"color: #808080;\"><strong>FACULTAD DE INGENIER\u00cdA Y CIENCIAS AGROPECUARIAS<\/strong><\/span><\/h4>\n<p>Recibir\u00e1n sus Diplomas los siguientes egresados:<\/p>\n<h4><strong>Ingenier\u00eda Agron\u00f3mica<\/strong><\/h4>\n<ul>\n<li>Ochoa, Daniel Alberto<\/li>\n<\/ul>\n<h4><strong>Ingenier\u00eda Electromec\u00e1nica<\/strong><\/h4>\n<ul>\n<li>Zafra, Griselda Soledad<\/li>\n<li>Cuello, Leandro Nicol\u00e1s<\/li>\n<li>Ch\u00e1vez, Carlos Mat\u00edas<\/li>\n<li>Meineri, Emilio Gabriel<\/li>\n<li>Pereyra, Marcos Agust\u00edn<\/li>\n<\/ul>\n<h4><strong>Ingenier\u00eda Electr\u00f3nica<\/strong><\/h4>\n<ul>\n<li>Fern\u00e1ndez, Ignacio Emanuel<\/li>\n<li>Mart\u00ednez Espeche, Carlos Alfredo<\/li>\n<\/ul>\n<h4><strong>Ingenier\u00eda en Alimentos<\/strong><\/h4>\n<ul>\n<li>Alaniz, Gisela Elizabeth<\/li>\n<\/ul>\n<h4><strong>Ingenier\u00eda Industrial<\/strong><\/h4>\n<ul>\n<li>Abba, Alejandra Ver\u00f3nica<\/li>\n<li>Barrios, Alejandro Vicente<\/li>\n<li>D\u00edaz, Mar\u00eda Celeste<\/li>\n<li>Furl\u00e1n, Pablo Ariel<\/li>\n<li>Martini, Cristian Ezequiel<\/li>\n<li>Rodr\u00edguez, Julio Cesar<\/li>\n<li>Romero, Emanuel Eduardo<\/li>\n<li>Usandivaras Semes, Agust\u00edn<\/li>\n<li>Villegas, Mat\u00edas Daniel<\/li>\n<\/ul>\n<h4><strong>Ingenier\u00eda Mecatr\u00f3nica<\/strong><\/h4>\n<ul>\n<li>Lastra, Nicol\u00e1s Ezequiel<\/li>\n<li>Silva, Alexis Nathaniel<\/li>\n<li>Mezzano Fernando Adri\u00e1n<\/li>\n<\/ul>\n<h4><strong>Ingenier\u00eda Qu\u00edmica<\/strong><\/h4>\n<ul>\n<li>Carnelli, Mar\u00eda Ayelen<\/li>\n<li>Melano, Anabella Paola<\/li>\n<li>Monasterio, Micaela Pilar<\/li>\n<li>Mora, Eugenia Yamila<\/li>\n<li>Odriozola Avincetto, Mar\u00eda Victoria<\/li>\n<\/ul>\n<h4><strong>Ingenier\u00eda Electricista-Electr\u00f3nico<\/strong><\/h4>\n<ul>\n<li>De La Rocha, Diego Hern\u00e1n<\/li>\n<li>Huarte, Mauricio<\/li>\n<\/ul>\n<h4><strong>Bromatolog\u00eda<\/strong><\/h4>\n<ul>\n<li>Aballay, Brian Alexis Luis<\/li>\n<li>Abascal, Ana Paula<\/li>\n<li>Donoso, Mar\u00eda Eugenia<\/li>\n<li>Gil, Sheryl Bel\u00e9n<\/li>\n<li>Escudero Bustos Priscila Azul<\/li>\n<\/ul>\n<h4><strong>Tecnicatura Universitaria en Automatizaci\u00f3n Industrial Orientaci\u00f3n en Inform\u00e1tica<\/strong><\/h4>\n<ul>\n<li>Baroja, Ricardo Pio<\/li>\n<li>Godoy Javier Alfredo<\/li>\n<\/ul>\n<h4><strong>Tecnicatura Universitaria en Mantenimiento Industrial<\/strong><\/h4>\n<ul>\n<li>Borsine, Federico<\/li>\n<li>Borsine, Fernando<\/li>\n<li>Busato, Juan Jos\u00e9<\/li>\n<li>Giordano Imaz, Mat\u00edas Exequiel<\/li>\n<li>Gonzalez, Mario Emiliano<\/li>\n<li>Guala, Fabrizio Nicol\u00e1s<\/li>\n<li>Mu\u00f1oz, Germ\u00e1n Adri\u00e1n<\/li>\n<li>Torres, Nadia Romina<\/li>\n<\/ul>\n<h4><strong>Maestr\u00eda en Ciencia y Tecnolog\u00eda de Agroalimentos<\/strong><\/h4>\n<p>Batlle Teresa Adriana<\/p>\n<h4><strong><span style=\"color: #800080;\">FACULTAD DE CIENCIAS ECON\u00d3MICAS, JUR\u00cdDICAS Y SOCIALES<\/span><\/strong><\/h4>\n<p>Recibir\u00e1n sus Diplomas los siguientes egresados:<\/p>\n<h4><strong>Abogac\u00eda<\/strong><\/h4>\n<ul>\n<li>Quiroga G\u00f3mez, Teodoro P.<\/li>\n<li>\u00c1lvarez, Mariana Rayen<\/li>\n<li>Marinelli, Lucas Nicol\u00e1s<\/li>\n<li>Mu\u00f1oz, Anal\u00eda Melisa<\/li>\n<li>Orellana Mesas, Jos\u00e9 Alberto<\/li>\n<li>P\u00e9rez, Leandro Martin<\/li>\n<li>Pizzariello, Jos\u00e9 Ignacio<\/li>\n<li>Quiroga Arce, Lucas Gast\u00f3n<\/li>\n<li>Arias, Florencia Magali<\/li>\n<li>Jofre, Dario Agust\u00edn<\/li>\n<li>Juarez, Micaela Paula<\/li>\n<li>Montoya Schonfeld, Alfredo<\/li>\n<li>P\u00e9rez Figueroa, Laura Cecilia<\/li>\n<li>Pizzariello, Jos\u00e9 Ignacio<\/li>\n<li>Sanjurjo Barroso, Mar\u00eda Lucia<\/li>\n<\/ul>\n<h4><strong>Contador P\u00fablico Nacional<\/strong><\/h4>\n<ul>\n<li>Ramos, Oscar Manuel<\/li>\n<li>Frison, Dario Humberto<\/li>\n<\/ul>\n<h4><strong>Licenciatura en Gesti\u00f3n de Instituciones Universitarias<\/strong><\/h4>\n<ul>\n<li>Acu\u00f1a Ortiz, Mercedes Viviana<\/li>\n<\/ul>\n<h4><strong>Licenciatura en Administraci\u00f3n<\/strong><\/h4>\n<ul>\n<li>Goity, Mar\u00eda Magdalena<\/li>\n<li>Medaglia, Leticia Natali<\/li>\n<li>Supicciatti, Sof\u00eda Alejandra<\/li>\n<li>Valencia, Juan Martin<\/li>\n<\/ul>\n<h4><strong>Licenciatura en Trabajo Social<\/strong><\/h4>\n<ul>\n<li>Aramburu, Anal\u00eda Silvana<\/li>\n<li>Araya, Natalia Amancay<\/li>\n<li>Bongiovanni, Susana Del Carmen<\/li>\n<li>Bulacio, Cynthia Soledad<\/li>\n<li>Delfino, Roberta Daniela<\/li>\n<li>Escudero Stodulsky, Flavia Mabel<\/li>\n<li>Espinosa, Leandro Ezequiel<\/li>\n<li>Fouillet, Gisela Mabel<\/li>\n<li>Godoy, Eliana Del Carmen<\/li>\n<li>Gorisek, Anabella Emilce<\/li>\n<li>Jofre, Mar\u00eda Celeste<\/li>\n<li>Ledesma, Jimena Desire\u00e9<\/li>\n<li>L\u00f3pez, Juan Jos\u00e9<\/li>\n<li>Morales, Gimena Gisel<\/li>\n<li>Oliva, Mar\u00eda Lujan<\/li>\n<li>Ortiz, Pamela Fernanda<\/li>\n<li>Rivero, Gisela Bel\u00e9n<\/li>\n<li>Saile Casta\u00f1eda, Doris Yamile<\/li>\n<li>Torres, Pablo Andr\u00e9s<\/li>\n<li>Traversi, Mar\u00eda Fernanda<\/li>\n<li>Zeballos, Mar\u00eda Candelaria<\/li>\n<li>Herrera Jessica Karina<\/li>\n<li>Gim\u00e9nez, Graciela Noem\u00ed<\/li>\n<li>G\u00f3mez, Gladys In\u00e9s<\/li>\n<li>Montivero, Yamile Gisel<\/li>\n<li>Quiroga, Alejandra Elizabeth<\/li>\n<li>Moyano Moya, Mar\u00eda Carolina<\/li>\n<li>Jaime, Carla Silvina<\/li>\n<\/ul>\n<h4><strong>Martillero y Corredor P\u00fablico<\/strong><\/h4>\n<ul>\n<li>Morales, Alexis Ezequiel<\/li>\n<li>Rodr\u00edguez, Pablo Mat\u00edas Cristian<\/li>\n<\/ul>\n<h4><strong>Tecnicatura Universitaria en Acompa\u00f1amiento Terap\u00e9utico<\/strong><\/h4>\n<ul>\n<li>Gurmendez, Macarena Dayana<\/li>\n<li>Risatti, Vanesa Alejandra<\/li>\n<li>Rivera, Elsa Valentina<\/li>\n<\/ul>\n<h4><strong>T\u00e9cnico Universitario en Asistencia Jur\u00eddica<\/strong><\/h4>\n<ul>\n<li>Heredia, Naira Dayana<\/li>\n<li>P\u00e9rez Figueroa, Laura Cecilia<\/li>\n<\/ul>\n<h4><strong>T\u00e9cnico Universitario en Gesti\u00f3n Financiera<\/strong><\/h4>\n<ul>\n<li>Barros, Rocio Agustina<\/li>\n<\/ul>\n<h4><strong>Maestr\u00eda en Econom\u00eda y Negocios<\/strong><\/h4>\n<ul>\n<li>P\u00e9rez, Javier Alejandro<\/li>\n<li>Sanoguera, Johana Lorena<\/li>\n<li>Echandia, Nicol\u00e1s Antonio<\/li>\n<li>Menuet, Agust\u00edn<\/li>\n<li>Piccolo, Adriana Noem\u00ed<\/li>\n<\/ul>\n<h4><strong>Magister en Sociedad e Instituciones<\/strong><\/h4>\n<ul>\n<li>G\u00f3mez, Mar\u00eda Noelia<\/li>\n<li>Vel\u00e1zquez, Rocio<\/li>\n<\/ul>\n<h4><strong>Especializaci\u00f3n en Estudios Socioecon\u00f3micos Latinoamericanos<\/strong><\/h4>\n<ul>\n<li>Elorza, Ernesto<\/li>\n<li>Etchart, Nancy Edith<\/li>\n<li>Perez, Alberto Enrique<\/li>\n<li>Rolfi, Maria Bel\u00e9n<\/li>\n<\/ul>\n<h4><strong>Especializaci\u00f3n en Intervenciones Sociales Ni\u00f1os\/as, Adolescentes y J\u00f3venes<\/strong><\/h4>\n<ul>\n<li>Ruiz, Karina Andrea<\/li>\n<\/ul>\n<p>&nbsp;<\/p>\n<p>&nbsp;<\/p>\n","protected":false},"excerpt":{"rendered":"<p>La Subsecretar\u00eda de Comunicaci\u00f3n, Ceremonial y Protocolo informa que, el pr\u00f3ximo martes 15 de junio de 2021, se llevar\u00e1 a cabo la entrega individual de&hellip;<\/p>\n","protected":false},"author":9,"featured_media":3947,"comment_status":"closed","ping_status":"closed","sticky":false,"template":"","format":"standard","meta":{"om_disable_all_campaigns":false,"_monsterinsights_skip_tracking":false,"_monsterinsights_sitenote_active":false,"_monsterinsights_sitenote_note":"","_monsterinsights_sitenote_category":0,"footnotes":""},"categories":[21],"tags":[],"class_list":["post-3938","post","type-post","status-publish","format-standard","has-post-thumbnail","hentry","category-archivadas"],"yoast_head":"<!-- This site is optimized with the Yoast SEO plugin v27.4 - https:\/\/yoast.com\/product\/yoast-seo-wordpress\/ -->\n<title>Entrega individual de Diplomas a los Egresados de la FICA y de la FCEJS - Facultad de Ciencias Econ\u00f3micas, Jur\u00ed\u00addicas y Sociales<\/title>\n<meta name=\"robots\" content=\"index, follow, max-snippet:-1, max-image-preview:large, max-video-preview:-1\" \/>\n<link rel=\"canonical\" href=\"https:\/\/www.fcejs.unsl.edu.ar\/index.php\/entrega-individual-de-diplomas-a-los-egresados-de-la-fica-y-de-la-fcejs\/\" \/>\n<meta property=\"og:locale\" content=\"es_ES\" \/>\n<meta property=\"og:type\" content=\"article\" \/>\n<meta property=\"og:title\" content=\"Entrega individual de Diplomas a los Egresados de la FICA y de la FCEJS - Facultad de Ciencias Econ\u00f3micas, Jur\u00ed\u00addicas y Sociales\" \/>\n<meta property=\"og:description\" content=\"La Subsecretar\u00eda de Comunicaci\u00f3n, Ceremonial y Protocolo informa que, el pr\u00f3ximo martes 15 de junio de 2021, se llevar\u00e1 a cabo la entrega individual de&hellip;\" \/>\n<meta property=\"og:url\" content=\"https:\/\/www.fcejs.unsl.edu.ar\/index.php\/entrega-individual-de-diplomas-a-los-egresados-de-la-fica-y-de-la-fcejs\/\" \/>\n<meta property=\"og:site_name\" content=\"Facultad de Ciencias Econ\u00f3micas, Jur\u00ed\u00addicas y Sociales\" \/>\n<meta property=\"article:publisher\" content=\"https:\/\/www.facebook.com\/FCEJS.UNSL\/\" \/>\n<meta property=\"article:published_time\" content=\"2021-06-10T14:39:06+00:00\" \/>\n<meta property=\"article:modified_time\" content=\"2021-06-16T13:33:23+00:00\" \/>\n<meta property=\"og:image\" content=\"https:\/\/www.fcejs.unsl.edu.ar\/wp-content\/uploads\/2021\/06\/front.jpg\" \/>\n\t<meta property=\"og:image:width\" content=\"1061\" \/>\n\t<meta property=\"og:image:height\" content=\"600\" \/>\n\t<meta property=\"og:image:type\" content=\"image\/jpeg\" \/>\n<meta name=\"author\" content=\"DATI\" \/>\n<meta name=\"twitter:card\" content=\"summary_large_image\" \/>\n<meta name=\"twitter:creator\" content=\"@FCEJSUNSL\" \/>\n<meta name=\"twitter:site\" content=\"@FCEJSUNSL\" \/>\n<meta name=\"twitter:label1\" content=\"Escrito por\" \/>\n\t<meta name=\"twitter:data1\" content=\"DATI\" \/>\n\t<meta name=\"twitter:label2\" content=\"Tiempo de lectura\" \/>\n\t<meta name=\"twitter:data2\" content=\"3 minutos\" \/>\n<script type=\"application\/ld+json\" class=\"yoast-schema-graph\">{\"@context\":\"https:\\\/\\\/schema.org\",\"@graph\":[{\"@type\":\"Article\",\"@id\":\"https:\\\/\\\/www.fcejs.unsl.edu.ar\\\/index.php\\\/entrega-individual-de-diplomas-a-los-egresados-de-la-fica-y-de-la-fcejs\\\/#article\",\"isPartOf\":{\"@id\":\"https:\\\/\\\/www.fcejs.unsl.edu.ar\\\/index.php\\\/entrega-individual-de-diplomas-a-los-egresados-de-la-fica-y-de-la-fcejs\\\/\"},\"author\":{\"name\":\"DATI\",\"@id\":\"https:\\\/\\\/www.fcejs.unsl.edu.ar\\\/#\\\/schema\\\/person\\\/352ee6ed90c3f394c7cb5945f8956d34\"},\"headline\":\"Entrega individual de Diplomas a los Egresados de la FICA y de la FCEJS\",\"datePublished\":\"2021-06-10T14:39:06+00:00\",\"dateModified\":\"2021-06-16T13:33:23+00:00\",\"mainEntityOfPage\":{\"@id\":\"https:\\\/\\\/www.fcejs.unsl.edu.ar\\\/index.php\\\/entrega-individual-de-diplomas-a-los-egresados-de-la-fica-y-de-la-fcejs\\\/\"},\"wordCount\":712,\"publisher\":{\"@id\":\"https:\\\/\\\/www.fcejs.unsl.edu.ar\\\/#organization\"},\"image\":{\"@id\":\"https:\\\/\\\/www.fcejs.unsl.edu.ar\\\/index.php\\\/entrega-individual-de-diplomas-a-los-egresados-de-la-fica-y-de-la-fcejs\\\/#primaryimage\"},\"thumbnailUrl\":\"https:\\\/\\\/www.fcejs.unsl.edu.ar\\\/wp-content\\\/uploads\\\/2021\\\/06\\\/front.jpg\",\"articleSection\":[\"Archivadas\"],\"inLanguage\":\"es-AR\"},{\"@type\":\"WebPage\",\"@id\":\"https:\\\/\\\/www.fcejs.unsl.edu.ar\\\/index.php\\\/entrega-individual-de-diplomas-a-los-egresados-de-la-fica-y-de-la-fcejs\\\/\",\"url\":\"https:\\\/\\\/www.fcejs.unsl.edu.ar\\\/index.php\\\/entrega-individual-de-diplomas-a-los-egresados-de-la-fica-y-de-la-fcejs\\\/\",\"name\":\"Entrega individual de Diplomas a los Egresados de la FICA y de la FCEJS - Facultad de Ciencias Econ\u00f3micas, Jur\u00ed\u00addicas y Sociales\",\"isPartOf\":{\"@id\":\"https:\\\/\\\/www.fcejs.unsl.edu.ar\\\/#website\"},\"primaryImageOfPage\":{\"@id\":\"https:\\\/\\\/www.fcejs.unsl.edu.ar\\\/index.php\\\/entrega-individual-de-diplomas-a-los-egresados-de-la-fica-y-de-la-fcejs\\\/#primaryimage\"},\"image\":{\"@id\":\"https:\\\/\\\/www.fcejs.unsl.edu.ar\\\/index.php\\\/entrega-individual-de-diplomas-a-los-egresados-de-la-fica-y-de-la-fcejs\\\/#primaryimage\"},\"thumbnailUrl\":\"https:\\\/\\\/www.fcejs.unsl.edu.ar\\\/wp-content\\\/uploads\\\/2021\\\/06\\\/front.jpg\",\"datePublished\":\"2021-06-10T14:39:06+00:00\",\"dateModified\":\"2021-06-16T13:33:23+00:00\",\"breadcrumb\":{\"@id\":\"https:\\\/\\\/www.fcejs.unsl.edu.ar\\\/index.php\\\/entrega-individual-de-diplomas-a-los-egresados-de-la-fica-y-de-la-fcejs\\\/#breadcrumb\"},\"inLanguage\":\"es-AR\",\"potentialAction\":[{\"@type\":\"ReadAction\",\"target\":[\"https:\\\/\\\/www.fcejs.unsl.edu.ar\\\/index.php\\\/entrega-individual-de-diplomas-a-los-egresados-de-la-fica-y-de-la-fcejs\\\/\"]}]},{\"@type\":\"ImageObject\",\"inLanguage\":\"es-AR\",\"@id\":\"https:\\\/\\\/www.fcejs.unsl.edu.ar\\\/index.php\\\/entrega-individual-de-diplomas-a-los-egresados-de-la-fica-y-de-la-fcejs\\\/#primaryimage\",\"url\":\"https:\\\/\\\/www.fcejs.unsl.edu.ar\\\/wp-content\\\/uploads\\\/2021\\\/06\\\/front.jpg\",\"contentUrl\":\"https:\\\/\\\/www.fcejs.unsl.edu.ar\\\/wp-content\\\/uploads\\\/2021\\\/06\\\/front.jpg\",\"width\":1061,\"height\":600},{\"@type\":\"BreadcrumbList\",\"@id\":\"https:\\\/\\\/www.fcejs.unsl.edu.ar\\\/index.php\\\/entrega-individual-de-diplomas-a-los-egresados-de-la-fica-y-de-la-fcejs\\\/#breadcrumb\",\"itemListElement\":[{\"@type\":\"ListItem\",\"position\":1,\"name\":\"Inicio\",\"item\":\"https:\\\/\\\/www.fcejs.unsl.edu.ar\\\/\"},{\"@type\":\"ListItem\",\"position\":2,\"name\":\"Entrega individual de Diplomas a los Egresados de la FICA y de la FCEJS\"}]},{\"@type\":\"WebSite\",\"@id\":\"https:\\\/\\\/www.fcejs.unsl.edu.ar\\\/#website\",\"url\":\"https:\\\/\\\/www.fcejs.unsl.edu.ar\\\/\",\"name\":\"Facultad de Ciencias Econ\u00f3micas, Jur\u00ed\u00addicas y Sociales\",\"description\":\"\",\"publisher\":{\"@id\":\"https:\\\/\\\/www.fcejs.unsl.edu.ar\\\/#organization\"},\"potentialAction\":[{\"@type\":\"SearchAction\",\"target\":{\"@type\":\"EntryPoint\",\"urlTemplate\":\"https:\\\/\\\/www.fcejs.unsl.edu.ar\\\/?s={search_term_string}\"},\"query-input\":{\"@type\":\"PropertyValueSpecification\",\"valueRequired\":true,\"valueName\":\"search_term_string\"}}],\"inLanguage\":\"es-AR\"},{\"@type\":\"Organization\",\"@id\":\"https:\\\/\\\/www.fcejs.unsl.edu.ar\\\/#organization\",\"name\":\"Facultad de Ciencias Econ\u00f3micas, Jur\u00eddicas y Sociales\",\"url\":\"https:\\\/\\\/www.fcejs.unsl.edu.ar\\\/\",\"logo\":{\"@type\":\"ImageObject\",\"inLanguage\":\"es-AR\",\"@id\":\"https:\\\/\\\/www.fcejs.unsl.edu.ar\\\/#\\\/schema\\\/logo\\\/image\\\/\",\"url\":\"https:\\\/\\\/www.fcejs.unsl.edu.ar\\\/wp-content\\\/uploads\\\/2021\\\/03\\\/logo-1.jpg\",\"contentUrl\":\"https:\\\/\\\/www.fcejs.unsl.edu.ar\\\/wp-content\\\/uploads\\\/2021\\\/03\\\/logo-1.jpg\",\"width\":471,\"height\":146,\"caption\":\"Facultad de Ciencias Econ\u00f3micas, Jur\u00eddicas y Sociales\"},\"image\":{\"@id\":\"https:\\\/\\\/www.fcejs.unsl.edu.ar\\\/#\\\/schema\\\/logo\\\/image\\\/\"},\"sameAs\":[\"https:\\\/\\\/www.facebook.com\\\/FCEJS.UNSL\\\/\",\"https:\\\/\\\/x.com\\\/FCEJSUNSL\",\"https:\\\/\\\/www.instagram.com\\\/fcejs.unsl\\\/\",\"https:\\\/\\\/www.youtube.com\\\/channel\\\/UCH-Ut6EaN_X5ogjIQMPe46g\\\/\"]},{\"@type\":\"Person\",\"@id\":\"https:\\\/\\\/www.fcejs.unsl.edu.ar\\\/#\\\/schema\\\/person\\\/352ee6ed90c3f394c7cb5945f8956d34\",\"name\":\"DATI\"}]}<\/script>\n<!-- \/ Yoast SEO plugin. -->","yoast_head_json":{"title":"Entrega individual de Diplomas a los Egresados de la FICA y de la FCEJS - Facultad de Ciencias Econ\u00f3micas, Jur\u00ed\u00addicas y Sociales","robots":{"index":"index","follow":"follow","max-snippet":"max-snippet:-1","max-image-preview":"max-image-preview:large","max-video-preview":"max-video-preview:-1"},"canonical":"https:\/\/www.fcejs.unsl.edu.ar\/index.php\/entrega-individual-de-diplomas-a-los-egresados-de-la-fica-y-de-la-fcejs\/","og_locale":"es_ES","og_type":"article","og_title":"Entrega individual de Diplomas a los Egresados de la FICA y de la FCEJS - Facultad de Ciencias Econ\u00f3micas, Jur\u00ed\u00addicas y Sociales","og_description":"La Subsecretar\u00eda de Comunicaci\u00f3n, Ceremonial y Protocolo informa que, el pr\u00f3ximo martes 15 de junio de 2021, se llevar\u00e1 a cabo la entrega individual de&hellip;","og_url":"https:\/\/www.fcejs.unsl.edu.ar\/index.php\/entrega-individual-de-diplomas-a-los-egresados-de-la-fica-y-de-la-fcejs\/","og_site_name":"Facultad de Ciencias Econ\u00f3micas, Jur\u00ed\u00addicas y Sociales","article_publisher":"https:\/\/www.facebook.com\/FCEJS.UNSL\/","article_published_time":"2021-06-10T14:39:06+00:00","article_modified_time":"2021-06-16T13:33:23+00:00","og_image":[{"width":1061,"height":600,"url":"https:\/\/www.fcejs.unsl.edu.ar\/wp-content\/uploads\/2021\/06\/front.jpg","type":"image\/jpeg"}],"author":"DATI","twitter_card":"summary_large_image","twitter_creator":"@FCEJSUNSL","twitter_site":"@FCEJSUNSL","twitter_misc":{"Escrito por":"DATI","Tiempo de lectura":"3 minutos"},"schema":{"@context":"https:\/\/schema.org","@graph":[{"@type":"Article","@id":"https:\/\/www.fcejs.unsl.edu.ar\/index.php\/entrega-individual-de-diplomas-a-los-egresados-de-la-fica-y-de-la-fcejs\/#article","isPartOf":{"@id":"https:\/\/www.fcejs.unsl.edu.ar\/index.php\/entrega-individual-de-diplomas-a-los-egresados-de-la-fica-y-de-la-fcejs\/"},"author":{"name":"DATI","@id":"https:\/\/www.fcejs.unsl.edu.ar\/#\/schema\/person\/352ee6ed90c3f394c7cb5945f8956d34"},"headline":"Entrega individual de Diplomas a los Egresados de la FICA y de la FCEJS","datePublished":"2021-06-10T14:39:06+00:00","dateModified":"2021-06-16T13:33:23+00:00","mainEntityOfPage":{"@id":"https:\/\/www.fcejs.unsl.edu.ar\/index.php\/entrega-individual-de-diplomas-a-los-egresados-de-la-fica-y-de-la-fcejs\/"},"wordCount":712,"publisher":{"@id":"https:\/\/www.fcejs.unsl.edu.ar\/#organization"},"image":{"@id":"https:\/\/www.fcejs.unsl.edu.ar\/index.php\/entrega-individual-de-diplomas-a-los-egresados-de-la-fica-y-de-la-fcejs\/#primaryimage"},"thumbnailUrl":"https:\/\/www.fcejs.unsl.edu.ar\/wp-content\/uploads\/2021\/06\/front.jpg","articleSection":["Archivadas"],"inLanguage":"es-AR"},{"@type":"WebPage","@id":"https:\/\/www.fcejs.unsl.edu.ar\/index.php\/entrega-individual-de-diplomas-a-los-egresados-de-la-fica-y-de-la-fcejs\/","url":"https:\/\/www.fcejs.unsl.edu.ar\/index.php\/entrega-individual-de-diplomas-a-los-egresados-de-la-fica-y-de-la-fcejs\/","name":"Entrega individual de Diplomas a los Egresados de la FICA y de la FCEJS - Facultad de Ciencias Econ\u00f3micas, Jur\u00ed\u00addicas y Sociales","isPartOf":{"@id":"https:\/\/www.fcejs.unsl.edu.ar\/#website"},"primaryImageOfPage":{"@id":"https:\/\/www.fcejs.unsl.edu.ar\/index.php\/entrega-individual-de-diplomas-a-los-egresados-de-la-fica-y-de-la-fcejs\/#primaryimage"},"image":{"@id":"https:\/\/www.fcejs.unsl.edu.ar\/index.php\/entrega-individual-de-diplomas-a-los-egresados-de-la-fica-y-de-la-fcejs\/#primaryimage"},"thumbnailUrl":"https:\/\/www.fcejs.unsl.edu.ar\/wp-content\/uploads\/2021\/06\/front.jpg","datePublished":"2021-06-10T14:39:06+00:00","dateModified":"2021-06-16T13:33:23+00:00","breadcrumb":{"@id":"https:\/\/www.fcejs.unsl.edu.ar\/index.php\/entrega-individual-de-diplomas-a-los-egresados-de-la-fica-y-de-la-fcejs\/#breadcrumb"},"inLanguage":"es-AR","potentialAction":[{"@type":"ReadAction","target":["https:\/\/www.fcejs.unsl.edu.ar\/index.php\/entrega-individual-de-diplomas-a-los-egresados-de-la-fica-y-de-la-fcejs\/"]}]},{"@type":"ImageObject","inLanguage":"es-AR","@id":"https:\/\/www.fcejs.unsl.edu.ar\/index.php\/entrega-individual-de-diplomas-a-los-egresados-de-la-fica-y-de-la-fcejs\/#primaryimage","url":"https:\/\/www.fcejs.unsl.edu.ar\/wp-content\/uploads\/2021\/06\/front.jpg","contentUrl":"https:\/\/www.fcejs.unsl.edu.ar\/wp-content\/uploads\/2021\/06\/front.jpg","width":1061,"height":600},{"@type":"BreadcrumbList","@id":"https:\/\/www.fcejs.unsl.edu.ar\/index.php\/entrega-individual-de-diplomas-a-los-egresados-de-la-fica-y-de-la-fcejs\/#breadcrumb","itemListElement":[{"@type":"ListItem","position":1,"name":"Inicio","item":"https:\/\/www.fcejs.unsl.edu.ar\/"},{"@type":"ListItem","position":2,"name":"Entrega individual de Diplomas a los Egresados de la FICA y de la FCEJS"}]},{"@type":"WebSite","@id":"https:\/\/www.fcejs.unsl.edu.ar\/#website","url":"https:\/\/www.fcejs.unsl.edu.ar\/","name":"Facultad de Ciencias Econ\u00f3micas, Jur\u00ed\u00addicas y Sociales","description":"","publisher":{"@id":"https:\/\/www.fcejs.unsl.edu.ar\/#organization"},"potentialAction":[{"@type":"SearchAction","target":{"@type":"EntryPoint","urlTemplate":"https:\/\/www.fcejs.unsl.edu.ar\/?s={search_term_string}"},"query-input":{"@type":"PropertyValueSpecification","valueRequired":true,"valueName":"search_term_string"}}],"inLanguage":"es-AR"},{"@type":"Organization","@id":"https:\/\/www.fcejs.unsl.edu.ar\/#organization","name":"Facultad de Ciencias Econ\u00f3micas, Jur\u00eddicas y Sociales","url":"https:\/\/www.fcejs.unsl.edu.ar\/","logo":{"@type":"ImageObject","inLanguage":"es-AR","@id":"https:\/\/www.fcejs.unsl.edu.ar\/#\/schema\/logo\/image\/","url":"https:\/\/www.fcejs.unsl.edu.ar\/wp-content\/uploads\/2021\/03\/logo-1.jpg","contentUrl":"https:\/\/www.fcejs.unsl.edu.ar\/wp-content\/uploads\/2021\/03\/logo-1.jpg","width":471,"height":146,"caption":"Facultad de Ciencias Econ\u00f3micas, Jur\u00eddicas y Sociales"},"image":{"@id":"https:\/\/www.fcejs.unsl.edu.ar\/#\/schema\/logo\/image\/"},"sameAs":["https:\/\/www.facebook.com\/FCEJS.UNSL\/","https:\/\/x.com\/FCEJSUNSL","https:\/\/www.instagram.com\/fcejs.unsl\/","https:\/\/www.youtube.com\/channel\/UCH-Ut6EaN_X5ogjIQMPe46g\/"]},{"@type":"Person","@id":"https:\/\/www.fcejs.unsl.edu.ar\/#\/schema\/person\/352ee6ed90c3f394c7cb5945f8956d34","name":"DATI"}]}},"jetpack_featured_media_url":"https:\/\/www.fcejs.unsl.edu.ar\/wp-content\/uploads\/2021\/06\/front.jpg","_links":{"self":[{"href":"https:\/\/www.fcejs.unsl.edu.ar\/index.php\/wp-json\/wp\/v2\/posts\/3938","targetHints":{"allow":["GET"]}}],"collection":[{"href":"https:\/\/www.fcejs.unsl.edu.ar\/index.php\/wp-json\/wp\/v2\/posts"}],"about":[{"href":"https:\/\/www.fcejs.unsl.edu.ar\/index.php\/wp-json\/wp\/v2\/types\/post"}],"author":[{"embeddable":true,"href":"https:\/\/www.fcejs.unsl.edu.ar\/index.php\/wp-json\/wp\/v2\/users\/9"}],"replies":[{"embeddable":true,"href":"https:\/\/www.fcejs.unsl.edu.ar\/index.php\/wp-json\/wp\/v2\/comments?post=3938"}],"version-history":[{"count":16,"href":"https:\/\/www.fcejs.unsl.edu.ar\/index.php\/wp-json\/wp\/v2\/posts\/3938\/revisions"}],"predecessor-version":[{"id":3986,"href":"https:\/\/www.fcejs.unsl.edu.ar\/index.php\/wp-json\/wp\/v2\/posts\/3938\/revisions\/3986"}],"wp:featuredmedia":[{"embeddable":true,"href":"https:\/\/www.fcejs.unsl.edu.ar\/index.php\/wp-json\/wp\/v2\/media\/3947"}],"wp:attachment":[{"href":"https:\/\/www.fcejs.unsl.edu.ar\/index.php\/wp-json\/wp\/v2\/media?parent=3938"}],"wp:term":[{"taxonomy":"category","embeddable":true,"href":"https:\/\/www.fcejs.unsl.edu.ar\/index.php\/wp-json\/wp\/v2\/categories?post=3938"},{"taxonomy":"post_tag","embeddable":true,"href":"https:\/\/www.fcejs.unsl.edu.ar\/index.php\/wp-json\/wp\/v2\/tags?post=3938"}],"curies":[{"name":"wp","href":"https:\/\/api.w.org\/{rel}","templated":true}]}}