{"id":3908,"date":"2021-06-08T10:08:47","date_gmt":"2021-06-08T13:08:47","guid":{"rendered":"http:\/\/10.101.10.197\/www\/?p=3908"},"modified":"2021-06-10T21:40:00","modified_gmt":"2021-06-11T00:40:00","slug":"la-unsl-estrena-la-serie-memoria-habitada","status":"publish","type":"post","link":"https:\/\/www.fcejs.unsl.edu.ar\/index.php\/la-unsl-estrena-la-serie-memoria-habitada\/","title":{"rendered":"La UNSL estrena la serie \u00abMemoria Habitada\u00bb"},"content":{"rendered":"<p>Se trata de una producci\u00f3n audiovisual testimonial in\u00e9dita sobre la historia de la Universidad Nacional de San Luis (UNSL). La serie web titulada\u00a0<em>Memoria Habitada<\/em>\u00a0pone de relieve el di\u00e1logo entre la historia y la memoria en el marco de una historia reciente de la UNSL (1973-1983) entramado con el proyecto de universidad del primer rector, el Prof. Mauricio Am\u00edlcar L\u00f3pez, secuestrado y desaparecido en 1977 durante la \u00faltima dictadura c\u00edvico-militar argentina.<\/p>\n<p>El estreno de la serie se realizar\u00e1 el d\u00eda jueves 10 de junio a las 18:00 horas por el canal web UNSL TV. Se podr\u00e1 acceder por su canal de YouTube a trav\u00e9s del siguiente enlace:<strong>\u00a0<a href=\"https:\/\/youtu.be\/Ewl-1T6xw5w\">https:\/\/youtu.be\/Ewl-1T6xw5w<\/a>.<\/strong><\/p>\n<p>Est\u00e1 previsto que la presentaci\u00f3n se realice por medio de un conversatorio con la participaci\u00f3n del rector de la UNSL, C.P.N V\u00edctor Mori\u00f1igo y dem\u00e1s autoridades de la instituci\u00f3n. Contar\u00e1 con la presencia del presidente del Consejo Interuniversitario Nacional (CIN), Rodolfo Tecchi, rector de la Universidad Nacional de Jujuy y otras autoridades del CIN. Invitados\/as especiales locales, provinciales y nacionales tambi\u00e9n se sumar\u00e1n al estreno de la serie.<\/p>\n<p>La presentaci\u00f3n estar\u00e1 a cargo de profesionales que encabezaron el equipo interdisciplinario que llev\u00f3 a cabo la serie: Lic. Silvina Chaves y Ramiro Klement (UNSL TV), Mgtr. Marcela Navarrete (Departamento de Comunicaci\u00f3n de la Facultad de Ciencias Humanas (FCH)), Dra. Sonia Riveros (Programa de Historia y Memoria) y el Dr. Claudio Lobo (Proyecto de investigaci\u00f3n PROICO 4-0116\u00a0<em>Mediatizaciones del sentido y procesos socioculturales: identidades, cultura, discursos y poder<\/em>). Tambi\u00e9n participar\u00e1n en calidad de comentaristas de la serie, la Dra. Carolina Kaufmann (HEAR-UNR) y el Mgtr. Marcos del Bello (UNRN).<\/p>\n<p>Luego de la presentaci\u00f3n, a partir de las 20:00 horas se podr\u00e1 ver el primer episodio de la producci\u00f3n, basada en la historia del nacimiento de la Universidad Nacional de San Luis (UNSL), con la figura del Prof. Mauricio Am\u00edlcar L\u00f3pez, como vertebradora.<\/p>\n<p>Este trabajo fue financiado por la Secretar\u00eda de Pol\u00edticas Universitarias (SPU) en el marco de la convocatoria del \u00c1rea de Extensi\u00f3n Universitaria y Vinculaci\u00f3n Tecnol\u00f3gica. Y resultado de un trabajo interdisciplinario entre UNSL TV, el Programa de Historia y Memoria, el Departamento de Comunicaci\u00f3n, y los proyectos de investigaci\u00f3n:\u00a0<em>Hacer la Historia, construir la memoria, Su impacto en las Ciencias Humanas<\/em>\u00a0y\u00a0<em>Mediatizaciones del sentido y procesos socioculturales: identidades, discurso, cultura y poder<\/em>.<\/p>\n<p>Sobre el valor comunicacional de la producci\u00f3n, la directora de UNSL TV, Lic. Silvina Chaves sostuvo que participar en la realizaci\u00f3n de Memoria Habitada no solamente fue importante, sino trascendental. En este sentido destac\u00f3 que la producci\u00f3n permite contar por primera vez en formato audiovisual un fragmento de la historia de la creaci\u00f3n de la UNSL al separarse de la Universidad Nacional de Cuyo.<\/p>\n<p>El ciclo relata algunas historias bajo la figura de Mauricio L\u00f3pez quien, como rector normalizador en su momento, pens\u00f3 a la Instituci\u00f3n como un espacio que no pod\u00eda nacer sin ser pensado con las necesidades de la sociedad o el pueblo en el que estaba inserto.<\/p>\n<p>En este sentido, la responsable de UNSL TV agreg\u00f3 que la frase\u00a0<em>\u00abLa Universidad dejar\u00e1 de ser una isla para convertirse en nervio y alma de su comunidad\u00bb<\/em>\u00a0del primer Rector, fue la inspiraci\u00f3n de la serie.\u00a0<em>\u00abEso fue un poco lo que nos motiv\u00f3 a pensar en poder dejar en cada cap\u00edtulo esta idea del nacimiento de la Universidad y focalizarnos en la militancia estudiantil para que la Instituci\u00f3n pueda ser una realidad, en la figura de Mauricio L\u00f3pez como vertebradora, y la irrupci\u00f3n de la dictadura militar en la vida de la Universidad que dej\u00f3 caducos muchos proyectos que ten\u00edan para la Universidad\u00bb<\/em>, afirm\u00f3 Chaves.<\/p>\n<p><strong>\u00bfQu\u00e9 podr\u00e1n ver los espectadores de Memoria Habitada?<\/strong><\/p>\n<p>En sus diferentes cap\u00edtulos\u00a0<em>Memoria Habitada<\/em>\u00a0pone de relieve el di\u00e1logo entre la historia y la memoria, en el marco de una historia reciente de la Universidad Nacional de San Luis (1973-1983). La producci\u00f3n recupera el legado prefundacional de la etapa previa a su creaci\u00f3n. A trav\u00e9s de los diferentes testimonios, teje la trama del proyecto de universidad del primer rector el Prof. Mauricio Am\u00edlcar L\u00f3pez, secuestrado y desaparecido en 1977 durante la \u00faltima dictadura c\u00edvico-militar argentina.<\/p>\n<p>En cada cap\u00edtulo, se utilizan ilustraciones como recursos para contar los momentos m\u00e1s duros de los relatos y para poder apoyar el relato visual donde no hay im\u00e1genes de archivo. Adem\u00e1s, se utilizaron materiales de archivo fotogr\u00e1fico, muchos de ellos aportados por la Fototeca de la UNSL. La riqueza de la producci\u00f3n est\u00e1 dada tambi\u00e9n por el material in\u00e9dito sobre Mauricio L\u00f3pez, cedido por su familia.<\/p>\n<p><em>\u00abLas ilustraciones fueron montadas con mucho cuidado est\u00e9tico y narrativo (\u2026) Como toda historia es un recorte, un pedacito de nuestra propia existencia como UNSL, pero nos deja mucho material, muchas otras posibilidades de seguir contando qui\u00e9nes somos, de d\u00f3nde venimos y hacia d\u00f3nde vamos\u00bb<\/em>, enfatiz\u00f3 la responsable del canal universitario.<\/p>\n<p>A trav\u00e9s del siguiente enlace, se puede acceder al trailer de la serie audiovisual:\u00a0<strong><a href=\"https:\/\/www.youtube.com\/watch?v=cG_xue96PXQ\">https:\/\/www.youtube.com\/watch?v=cG_xue96PXQ<\/a>.<\/strong><\/p>\n<p><strong>Sobre la realizaci\u00f3n de la producci\u00f3n<\/strong><\/p>\n<p>El equipo de trabajo encargado de llevar adelante esta producci\u00f3n se caracteriz\u00f3 por la interdisciplinariedad, ya que se nutri\u00f3 de especialistas en lo cient\u00edfico, acad\u00e9mico y audiovisual.<\/p>\n<p>En esta oportunidad, el rodaje se fue realizando en base a la disponibilidad de los\/as entrevistados\/as. El equipo audiovisual viaj\u00f3 a Mendoza para entrevistar a la familia de Mauricio L\u00f3pez y a Marcelino Iglesias, actual intendente de Guaymall\u00e9n. En otro momento, recuperaron en Buenos Aires el testimonio de la hija de Luis Mar\u00eda Fr\u00fcm, docente de Villa Mercedes asesinado por la dictadura. Adem\u00e1s el equipo cont\u00f3 con material cedido desde la Red de Canales Universitarios.<\/p>\n<p>Cada uno (1) de los cinco (5) episodios gira en una tem\u00e1tica espec\u00edfica: los primeros pasos y a\u00f1os previos al surgimiento de la UNSL tal y como la conocemos; el proyecto de Universidad que so\u00f1\u00f3 Mauricio L\u00f3pez; la vida estudiantil; la dictadura en la Universidad y; finalmente, el secuestro y desaparici\u00f3n del primer Rector.<\/p>\n<p><em>\u00abMemoria Habitada es el primer producto audiovisual sobre este per\u00edodo, es un puntapi\u00e9 interesante porque abre la puerta para m\u00e1s proyectos que permitan contar m\u00e1s sobre esta \u00e9poca\u00bb,<\/em>\u00a0sostuvo Ramiro Klement, director de la serie.<\/p>\n<p>Desde el canal Universitario sostienen que este largo proceso de realizaci\u00f3n de esta producci\u00f3n finaliza con una gran satisfacci\u00f3n de poder dejar un primer trabajo audiovisual sobre la figura de Mauricio L\u00f3pez.\u00a0<em>\u00abEsperamos que esta producci\u00f3n no sea la \u00fanica y poder seguir trabajando en contenidos que recuperen el trabajo que Mauricio L\u00f3pez hizo por la Universidad y por la sociedad toda\u00bb<\/em>, sostuvo la Lic. Chaves.<\/p>\n<p><strong>Un trabajo en conjunto<\/strong><\/p>\n<p>Desde el Departamento de Comunicaci\u00f3n de la Facultad de Ciencias Humanas (FCH) colaboraron aportando la mirada comunicacional, los fundamentos desde este campo para pensar la memoria, y en revalorizar el papel de la comunicaci\u00f3n en relaci\u00f3n con el pasado reciente.<\/p>\n<p>Las tareas fueron realizadas tambi\u00e9n por estudiantes becados\/as, e incluyeron la b\u00fasqueda de informaci\u00f3n, la selecci\u00f3n de im\u00e1genes, los aportes en cuanto a la elaboraci\u00f3n de textos.<\/p>\n<p>Con respecto a la importancia del trabajo conjunto e interdisciplinario, la Mgtr. Navarrete sostuvo que no se pueden pensar los procesos de memoria desde una sola mirada, sobre esto agreg\u00f3:\u00a0<em>\u00abRescato el aporte fundamental de Sonia Riveros con toda su investigaci\u00f3n de tesis de doctorado, fue el basamento desde el que se construy\u00f3 un di\u00e1logo entre la comunicaci\u00f3n, la historia, la educaci\u00f3n que realmente fue un proceso de enriquecimiento mutuo\u00bb<\/em>.<\/p>\n<p>Por su parte, la Dra. Sonia Riveros, coordinadora del Programa Historia y Memoria y directora del Archivo Hist\u00f3rico de la UNSL, destac\u00f3\u00a0<em>\u00abla importancia que tiene para la recuperaci\u00f3n de nuestro pasado reciente y para el trabajo por la memoria, que hayamos podido concretar un proyecto audiovisual de tal trascendencia no solo para la historia de la UNSL sino como un valioso aporte de visibilizaci\u00f3n para la historiograf\u00eda universitaria\u00bb<\/em>. A lo que agreg\u00f3 que\u00a0<em>\u00abel trabajo interdisciplinario y el equipo de profesionales y t\u00e9cnicos que colaboraron estudiantes e investigadores le agregan un plus que nos enorgullece como instituci\u00f3n por el compromiso y la responsabilidad que cada uno\/a asumi\u00f3 desde su lugar para concretar este sue\u00f1o\u00bb<\/em>.<\/p>\n<p>Por otro lado, la Dra. Riveros asegur\u00f3 que el principal objetivo que se traz\u00f3 el equipo de trabajo fue el de contribuir, por medio de la serie web, a promover e impulsar una pol\u00edtica de Historia y Memoria desde la Universidad Nacional de San Luis hacia la comunidad.<\/p>\n<p>Finalmente, el Dr. Claudio Lobo remarc\u00f3 que la presentaci\u00f3n de esta serie audiovisual\u00a0<em>\u00abmarcar\u00e1 un punto de inflexi\u00f3n en la historia de la Universidad Nacional de San Luis ya que la misma posee un car\u00e1cter documental\u00bb<\/em>. Al mismo tiempo, se\u00f1al\u00f3 adem\u00e1s que como todo relato discursivo constituye un recorte, un punto de vista que aborda la trama compleja que atraves\u00f3 la creaci\u00f3n de la Universidad.<\/p>\n<p><em>\u00abFue realmente un desaf\u00edo llevar a cabo este proyecto ya que implic\u00f3 abordar momentos de la historia reciente de la instituci\u00f3n que fueron, por un lado, muy dolorosos; y, por otro lado, trascendentales. Y al mismo tiempo, fue movilizador para todo el equipo que trabaj\u00f3 en la realizaci\u00f3n de la serie, recuperar los relatos de personas que fueron testigos de ese tiempo\u00bb<\/em>, dijo Lobo.<\/p>\n","protected":false},"excerpt":{"rendered":"<p>Se trata de una producci\u00f3n audiovisual testimonial in\u00e9dita sobre la historia de la Universidad Nacional de San Luis (UNSL). La serie web titulada\u00a0Memoria Habitada\u00a0pone de&hellip;<\/p>\n","protected":false},"author":9,"featured_media":3909,"comment_status":"closed","ping_status":"closed","sticky":false,"template":"","format":"standard","meta":{"om_disable_all_campaigns":false,"_monsterinsights_skip_tracking":false,"_monsterinsights_sitenote_active":false,"_monsterinsights_sitenote_note":"","_monsterinsights_sitenote_category":0,"footnotes":""},"categories":[21],"tags":[],"class_list":["post-3908","post","type-post","status-publish","format-standard","has-post-thumbnail","hentry","category-archivadas"],"yoast_head":"<!-- This site is optimized with the Yoast SEO plugin v27.4 - https:\/\/yoast.com\/product\/yoast-seo-wordpress\/ -->\n<title>La UNSL estrena la serie \u00abMemoria Habitada\u00bb - Facultad de Ciencias Econ\u00f3micas, Jur\u00ed\u00addicas y Sociales<\/title>\n<meta name=\"robots\" content=\"index, follow, max-snippet:-1, max-image-preview:large, max-video-preview:-1\" \/>\n<link rel=\"canonical\" href=\"https:\/\/www.fcejs.unsl.edu.ar\/index.php\/la-unsl-estrena-la-serie-memoria-habitada\/\" \/>\n<meta property=\"og:locale\" content=\"es_ES\" \/>\n<meta property=\"og:type\" content=\"article\" \/>\n<meta property=\"og:title\" content=\"La UNSL estrena la serie \u00abMemoria Habitada\u00bb - Facultad de Ciencias Econ\u00f3micas, Jur\u00ed\u00addicas y Sociales\" \/>\n<meta property=\"og:description\" content=\"Se trata de una producci\u00f3n audiovisual testimonial in\u00e9dita sobre la historia de la Universidad Nacional de San Luis (UNSL). La serie web titulada\u00a0Memoria Habitada\u00a0pone de&hellip;\" \/>\n<meta property=\"og:url\" content=\"https:\/\/www.fcejs.unsl.edu.ar\/index.php\/la-unsl-estrena-la-serie-memoria-habitada\/\" \/>\n<meta property=\"og:site_name\" content=\"Facultad de Ciencias Econ\u00f3micas, Jur\u00ed\u00addicas y Sociales\" \/>\n<meta property=\"article:publisher\" content=\"https:\/\/www.facebook.com\/FCEJS.UNSL\/\" \/>\n<meta property=\"article:published_time\" content=\"2021-06-08T13:08:47+00:00\" \/>\n<meta property=\"article:modified_time\" content=\"2021-06-11T00:40:00+00:00\" \/>\n<meta property=\"og:image\" content=\"https:\/\/www.fcejs.unsl.edu.ar\/wp-content\/uploads\/2021\/06\/1.jpg\" \/>\n\t<meta property=\"og:image:width\" content=\"997\" \/>\n\t<meta property=\"og:image:height\" content=\"600\" \/>\n\t<meta property=\"og:image:type\" content=\"image\/jpeg\" \/>\n<meta name=\"author\" content=\"DATI\" \/>\n<meta name=\"twitter:card\" content=\"summary_large_image\" \/>\n<meta name=\"twitter:creator\" content=\"@FCEJSUNSL\" \/>\n<meta name=\"twitter:site\" content=\"@FCEJSUNSL\" \/>\n<meta name=\"twitter:label1\" content=\"Escrito por\" \/>\n\t<meta name=\"twitter:data1\" content=\"DATI\" \/>\n\t<meta name=\"twitter:label2\" content=\"Tiempo de lectura\" \/>\n\t<meta name=\"twitter:data2\" content=\"7 minutos\" \/>\n<script type=\"application\/ld+json\" class=\"yoast-schema-graph\">{\"@context\":\"https:\\\/\\\/schema.org\",\"@graph\":[{\"@type\":\"Article\",\"@id\":\"https:\\\/\\\/www.fcejs.unsl.edu.ar\\\/index.php\\\/la-unsl-estrena-la-serie-memoria-habitada\\\/#article\",\"isPartOf\":{\"@id\":\"https:\\\/\\\/www.fcejs.unsl.edu.ar\\\/index.php\\\/la-unsl-estrena-la-serie-memoria-habitada\\\/\"},\"author\":{\"name\":\"DATI\",\"@id\":\"https:\\\/\\\/www.fcejs.unsl.edu.ar\\\/#\\\/schema\\\/person\\\/352ee6ed90c3f394c7cb5945f8956d34\"},\"headline\":\"La UNSL estrena la serie \u00abMemoria Habitada\u00bb\",\"datePublished\":\"2021-06-08T13:08:47+00:00\",\"dateModified\":\"2021-06-11T00:40:00+00:00\",\"mainEntityOfPage\":{\"@id\":\"https:\\\/\\\/www.fcejs.unsl.edu.ar\\\/index.php\\\/la-unsl-estrena-la-serie-memoria-habitada\\\/\"},\"wordCount\":1654,\"publisher\":{\"@id\":\"https:\\\/\\\/www.fcejs.unsl.edu.ar\\\/#organization\"},\"image\":{\"@id\":\"https:\\\/\\\/www.fcejs.unsl.edu.ar\\\/index.php\\\/la-unsl-estrena-la-serie-memoria-habitada\\\/#primaryimage\"},\"thumbnailUrl\":\"https:\\\/\\\/www.fcejs.unsl.edu.ar\\\/wp-content\\\/uploads\\\/2021\\\/06\\\/1.jpg\",\"articleSection\":[\"Archivadas\"],\"inLanguage\":\"es-AR\"},{\"@type\":\"WebPage\",\"@id\":\"https:\\\/\\\/www.fcejs.unsl.edu.ar\\\/index.php\\\/la-unsl-estrena-la-serie-memoria-habitada\\\/\",\"url\":\"https:\\\/\\\/www.fcejs.unsl.edu.ar\\\/index.php\\\/la-unsl-estrena-la-serie-memoria-habitada\\\/\",\"name\":\"La UNSL estrena la serie \u00abMemoria Habitada\u00bb - Facultad de Ciencias Econ\u00f3micas, Jur\u00ed\u00addicas y Sociales\",\"isPartOf\":{\"@id\":\"https:\\\/\\\/www.fcejs.unsl.edu.ar\\\/#website\"},\"primaryImageOfPage\":{\"@id\":\"https:\\\/\\\/www.fcejs.unsl.edu.ar\\\/index.php\\\/la-unsl-estrena-la-serie-memoria-habitada\\\/#primaryimage\"},\"image\":{\"@id\":\"https:\\\/\\\/www.fcejs.unsl.edu.ar\\\/index.php\\\/la-unsl-estrena-la-serie-memoria-habitada\\\/#primaryimage\"},\"thumbnailUrl\":\"https:\\\/\\\/www.fcejs.unsl.edu.ar\\\/wp-content\\\/uploads\\\/2021\\\/06\\\/1.jpg\",\"datePublished\":\"2021-06-08T13:08:47+00:00\",\"dateModified\":\"2021-06-11T00:40:00+00:00\",\"breadcrumb\":{\"@id\":\"https:\\\/\\\/www.fcejs.unsl.edu.ar\\\/index.php\\\/la-unsl-estrena-la-serie-memoria-habitada\\\/#breadcrumb\"},\"inLanguage\":\"es-AR\",\"potentialAction\":[{\"@type\":\"ReadAction\",\"target\":[\"https:\\\/\\\/www.fcejs.unsl.edu.ar\\\/index.php\\\/la-unsl-estrena-la-serie-memoria-habitada\\\/\"]}]},{\"@type\":\"ImageObject\",\"inLanguage\":\"es-AR\",\"@id\":\"https:\\\/\\\/www.fcejs.unsl.edu.ar\\\/index.php\\\/la-unsl-estrena-la-serie-memoria-habitada\\\/#primaryimage\",\"url\":\"https:\\\/\\\/www.fcejs.unsl.edu.ar\\\/wp-content\\\/uploads\\\/2021\\\/06\\\/1.jpg\",\"contentUrl\":\"https:\\\/\\\/www.fcejs.unsl.edu.ar\\\/wp-content\\\/uploads\\\/2021\\\/06\\\/1.jpg\",\"width\":997,\"height\":600},{\"@type\":\"BreadcrumbList\",\"@id\":\"https:\\\/\\\/www.fcejs.unsl.edu.ar\\\/index.php\\\/la-unsl-estrena-la-serie-memoria-habitada\\\/#breadcrumb\",\"itemListElement\":[{\"@type\":\"ListItem\",\"position\":1,\"name\":\"Inicio\",\"item\":\"https:\\\/\\\/www.fcejs.unsl.edu.ar\\\/\"},{\"@type\":\"ListItem\",\"position\":2,\"name\":\"La UNSL estrena la serie \u00abMemoria Habitada\u00bb\"}]},{\"@type\":\"WebSite\",\"@id\":\"https:\\\/\\\/www.fcejs.unsl.edu.ar\\\/#website\",\"url\":\"https:\\\/\\\/www.fcejs.unsl.edu.ar\\\/\",\"name\":\"Facultad de Ciencias Econ\u00f3micas, Jur\u00ed\u00addicas y Sociales\",\"description\":\"\",\"publisher\":{\"@id\":\"https:\\\/\\\/www.fcejs.unsl.edu.ar\\\/#organization\"},\"potentialAction\":[{\"@type\":\"SearchAction\",\"target\":{\"@type\":\"EntryPoint\",\"urlTemplate\":\"https:\\\/\\\/www.fcejs.unsl.edu.ar\\\/?s={search_term_string}\"},\"query-input\":{\"@type\":\"PropertyValueSpecification\",\"valueRequired\":true,\"valueName\":\"search_term_string\"}}],\"inLanguage\":\"es-AR\"},{\"@type\":\"Organization\",\"@id\":\"https:\\\/\\\/www.fcejs.unsl.edu.ar\\\/#organization\",\"name\":\"Facultad de Ciencias Econ\u00f3micas, Jur\u00eddicas y Sociales\",\"url\":\"https:\\\/\\\/www.fcejs.unsl.edu.ar\\\/\",\"logo\":{\"@type\":\"ImageObject\",\"inLanguage\":\"es-AR\",\"@id\":\"https:\\\/\\\/www.fcejs.unsl.edu.ar\\\/#\\\/schema\\\/logo\\\/image\\\/\",\"url\":\"https:\\\/\\\/www.fcejs.unsl.edu.ar\\\/wp-content\\\/uploads\\\/2021\\\/03\\\/logo-1.jpg\",\"contentUrl\":\"https:\\\/\\\/www.fcejs.unsl.edu.ar\\\/wp-content\\\/uploads\\\/2021\\\/03\\\/logo-1.jpg\",\"width\":471,\"height\":146,\"caption\":\"Facultad de Ciencias Econ\u00f3micas, Jur\u00eddicas y Sociales\"},\"image\":{\"@id\":\"https:\\\/\\\/www.fcejs.unsl.edu.ar\\\/#\\\/schema\\\/logo\\\/image\\\/\"},\"sameAs\":[\"https:\\\/\\\/www.facebook.com\\\/FCEJS.UNSL\\\/\",\"https:\\\/\\\/x.com\\\/FCEJSUNSL\",\"https:\\\/\\\/www.instagram.com\\\/fcejs.unsl\\\/\",\"https:\\\/\\\/www.youtube.com\\\/channel\\\/UCH-Ut6EaN_X5ogjIQMPe46g\\\/\"]},{\"@type\":\"Person\",\"@id\":\"https:\\\/\\\/www.fcejs.unsl.edu.ar\\\/#\\\/schema\\\/person\\\/352ee6ed90c3f394c7cb5945f8956d34\",\"name\":\"DATI\"}]}<\/script>\n<!-- \/ Yoast SEO plugin. -->","yoast_head_json":{"title":"La UNSL estrena la serie \u00abMemoria Habitada\u00bb - Facultad de Ciencias Econ\u00f3micas, Jur\u00ed\u00addicas y Sociales","robots":{"index":"index","follow":"follow","max-snippet":"max-snippet:-1","max-image-preview":"max-image-preview:large","max-video-preview":"max-video-preview:-1"},"canonical":"https:\/\/www.fcejs.unsl.edu.ar\/index.php\/la-unsl-estrena-la-serie-memoria-habitada\/","og_locale":"es_ES","og_type":"article","og_title":"La UNSL estrena la serie \u00abMemoria Habitada\u00bb - Facultad de Ciencias Econ\u00f3micas, Jur\u00ed\u00addicas y Sociales","og_description":"Se trata de una producci\u00f3n audiovisual testimonial in\u00e9dita sobre la historia de la Universidad Nacional de San Luis (UNSL). La serie web titulada\u00a0Memoria Habitada\u00a0pone de&hellip;","og_url":"https:\/\/www.fcejs.unsl.edu.ar\/index.php\/la-unsl-estrena-la-serie-memoria-habitada\/","og_site_name":"Facultad de Ciencias Econ\u00f3micas, Jur\u00ed\u00addicas y Sociales","article_publisher":"https:\/\/www.facebook.com\/FCEJS.UNSL\/","article_published_time":"2021-06-08T13:08:47+00:00","article_modified_time":"2021-06-11T00:40:00+00:00","og_image":[{"width":997,"height":600,"url":"https:\/\/www.fcejs.unsl.edu.ar\/wp-content\/uploads\/2021\/06\/1.jpg","type":"image\/jpeg"}],"author":"DATI","twitter_card":"summary_large_image","twitter_creator":"@FCEJSUNSL","twitter_site":"@FCEJSUNSL","twitter_misc":{"Escrito por":"DATI","Tiempo de lectura":"7 minutos"},"schema":{"@context":"https:\/\/schema.org","@graph":[{"@type":"Article","@id":"https:\/\/www.fcejs.unsl.edu.ar\/index.php\/la-unsl-estrena-la-serie-memoria-habitada\/#article","isPartOf":{"@id":"https:\/\/www.fcejs.unsl.edu.ar\/index.php\/la-unsl-estrena-la-serie-memoria-habitada\/"},"author":{"name":"DATI","@id":"https:\/\/www.fcejs.unsl.edu.ar\/#\/schema\/person\/352ee6ed90c3f394c7cb5945f8956d34"},"headline":"La UNSL estrena la serie \u00abMemoria Habitada\u00bb","datePublished":"2021-06-08T13:08:47+00:00","dateModified":"2021-06-11T00:40:00+00:00","mainEntityOfPage":{"@id":"https:\/\/www.fcejs.unsl.edu.ar\/index.php\/la-unsl-estrena-la-serie-memoria-habitada\/"},"wordCount":1654,"publisher":{"@id":"https:\/\/www.fcejs.unsl.edu.ar\/#organization"},"image":{"@id":"https:\/\/www.fcejs.unsl.edu.ar\/index.php\/la-unsl-estrena-la-serie-memoria-habitada\/#primaryimage"},"thumbnailUrl":"https:\/\/www.fcejs.unsl.edu.ar\/wp-content\/uploads\/2021\/06\/1.jpg","articleSection":["Archivadas"],"inLanguage":"es-AR"},{"@type":"WebPage","@id":"https:\/\/www.fcejs.unsl.edu.ar\/index.php\/la-unsl-estrena-la-serie-memoria-habitada\/","url":"https:\/\/www.fcejs.unsl.edu.ar\/index.php\/la-unsl-estrena-la-serie-memoria-habitada\/","name":"La UNSL estrena la serie \u00abMemoria Habitada\u00bb - Facultad de Ciencias Econ\u00f3micas, Jur\u00ed\u00addicas y Sociales","isPartOf":{"@id":"https:\/\/www.fcejs.unsl.edu.ar\/#website"},"primaryImageOfPage":{"@id":"https:\/\/www.fcejs.unsl.edu.ar\/index.php\/la-unsl-estrena-la-serie-memoria-habitada\/#primaryimage"},"image":{"@id":"https:\/\/www.fcejs.unsl.edu.ar\/index.php\/la-unsl-estrena-la-serie-memoria-habitada\/#primaryimage"},"thumbnailUrl":"https:\/\/www.fcejs.unsl.edu.ar\/wp-content\/uploads\/2021\/06\/1.jpg","datePublished":"2021-06-08T13:08:47+00:00","dateModified":"2021-06-11T00:40:00+00:00","breadcrumb":{"@id":"https:\/\/www.fcejs.unsl.edu.ar\/index.php\/la-unsl-estrena-la-serie-memoria-habitada\/#breadcrumb"},"inLanguage":"es-AR","potentialAction":[{"@type":"ReadAction","target":["https:\/\/www.fcejs.unsl.edu.ar\/index.php\/la-unsl-estrena-la-serie-memoria-habitada\/"]}]},{"@type":"ImageObject","inLanguage":"es-AR","@id":"https:\/\/www.fcejs.unsl.edu.ar\/index.php\/la-unsl-estrena-la-serie-memoria-habitada\/#primaryimage","url":"https:\/\/www.fcejs.unsl.edu.ar\/wp-content\/uploads\/2021\/06\/1.jpg","contentUrl":"https:\/\/www.fcejs.unsl.edu.ar\/wp-content\/uploads\/2021\/06\/1.jpg","width":997,"height":600},{"@type":"BreadcrumbList","@id":"https:\/\/www.fcejs.unsl.edu.ar\/index.php\/la-unsl-estrena-la-serie-memoria-habitada\/#breadcrumb","itemListElement":[{"@type":"ListItem","position":1,"name":"Inicio","item":"https:\/\/www.fcejs.unsl.edu.ar\/"},{"@type":"ListItem","position":2,"name":"La UNSL estrena la serie \u00abMemoria Habitada\u00bb"}]},{"@type":"WebSite","@id":"https:\/\/www.fcejs.unsl.edu.ar\/#website","url":"https:\/\/www.fcejs.unsl.edu.ar\/","name":"Facultad de Ciencias Econ\u00f3micas, Jur\u00ed\u00addicas y Sociales","description":"","publisher":{"@id":"https:\/\/www.fcejs.unsl.edu.ar\/#organization"},"potentialAction":[{"@type":"SearchAction","target":{"@type":"EntryPoint","urlTemplate":"https:\/\/www.fcejs.unsl.edu.ar\/?s={search_term_string}"},"query-input":{"@type":"PropertyValueSpecification","valueRequired":true,"valueName":"search_term_string"}}],"inLanguage":"es-AR"},{"@type":"Organization","@id":"https:\/\/www.fcejs.unsl.edu.ar\/#organization","name":"Facultad de Ciencias Econ\u00f3micas, Jur\u00eddicas y Sociales","url":"https:\/\/www.fcejs.unsl.edu.ar\/","logo":{"@type":"ImageObject","inLanguage":"es-AR","@id":"https:\/\/www.fcejs.unsl.edu.ar\/#\/schema\/logo\/image\/","url":"https:\/\/www.fcejs.unsl.edu.ar\/wp-content\/uploads\/2021\/03\/logo-1.jpg","contentUrl":"https:\/\/www.fcejs.unsl.edu.ar\/wp-content\/uploads\/2021\/03\/logo-1.jpg","width":471,"height":146,"caption":"Facultad de Ciencias Econ\u00f3micas, Jur\u00eddicas y Sociales"},"image":{"@id":"https:\/\/www.fcejs.unsl.edu.ar\/#\/schema\/logo\/image\/"},"sameAs":["https:\/\/www.facebook.com\/FCEJS.UNSL\/","https:\/\/x.com\/FCEJSUNSL","https:\/\/www.instagram.com\/fcejs.unsl\/","https:\/\/www.youtube.com\/channel\/UCH-Ut6EaN_X5ogjIQMPe46g\/"]},{"@type":"Person","@id":"https:\/\/www.fcejs.unsl.edu.ar\/#\/schema\/person\/352ee6ed90c3f394c7cb5945f8956d34","name":"DATI"}]}},"jetpack_featured_media_url":"https:\/\/www.fcejs.unsl.edu.ar\/wp-content\/uploads\/2021\/06\/1.jpg","_links":{"self":[{"href":"https:\/\/www.fcejs.unsl.edu.ar\/index.php\/wp-json\/wp\/v2\/posts\/3908","targetHints":{"allow":["GET"]}}],"collection":[{"href":"https:\/\/www.fcejs.unsl.edu.ar\/index.php\/wp-json\/wp\/v2\/posts"}],"about":[{"href":"https:\/\/www.fcejs.unsl.edu.ar\/index.php\/wp-json\/wp\/v2\/types\/post"}],"author":[{"embeddable":true,"href":"https:\/\/www.fcejs.unsl.edu.ar\/index.php\/wp-json\/wp\/v2\/users\/9"}],"replies":[{"embeddable":true,"href":"https:\/\/www.fcejs.unsl.edu.ar\/index.php\/wp-json\/wp\/v2\/comments?post=3908"}],"version-history":[{"count":1,"href":"https:\/\/www.fcejs.unsl.edu.ar\/index.php\/wp-json\/wp\/v2\/posts\/3908\/revisions"}],"predecessor-version":[{"id":3910,"href":"https:\/\/www.fcejs.unsl.edu.ar\/index.php\/wp-json\/wp\/v2\/posts\/3908\/revisions\/3910"}],"wp:featuredmedia":[{"embeddable":true,"href":"https:\/\/www.fcejs.unsl.edu.ar\/index.php\/wp-json\/wp\/v2\/media\/3909"}],"wp:attachment":[{"href":"https:\/\/www.fcejs.unsl.edu.ar\/index.php\/wp-json\/wp\/v2\/media?parent=3908"}],"wp:term":[{"taxonomy":"category","embeddable":true,"href":"https:\/\/www.fcejs.unsl.edu.ar\/index.php\/wp-json\/wp\/v2\/categories?post=3908"},{"taxonomy":"post_tag","embeddable":true,"href":"https:\/\/www.fcejs.unsl.edu.ar\/index.php\/wp-json\/wp\/v2\/tags?post=3908"}],"curies":[{"name":"wp","href":"https:\/\/api.w.org\/{rel}","templated":true}]}}