{"id":3841,"date":"2021-06-03T11:03:48","date_gmt":"2021-06-03T14:03:48","guid":{"rendered":"http:\/\/10.101.10.197\/www\/?p=3841"},"modified":"2021-09-07T15:20:51","modified_gmt":"2021-09-07T18:20:51","slug":"practica-pre-profesional-supervisada-firma-de-acta-complementaria-con-el-municipio","status":"publish","type":"post","link":"https:\/\/www.fcejs.unsl.edu.ar\/index.php\/practica-pre-profesional-supervisada-firma-de-acta-complementaria-con-el-municipio\/","title":{"rendered":"Practica Pre- profesional Supervisada: Firma de Acta Complementaria con el municipio"},"content":{"rendered":"<p>Estudiantes de la carrera Tecnicatura Universitaria en Acompa\u00f1amiento Terap\u00e9utico podr\u00e1 realizar sus pr\u00e1cticas profesionales en la Municipalidad de Villa Mercedes. En el marco del Convenio N\u00b0 367\/00 (homologado por Res. N\u00ba 832\/00-R), el decano de la FCEJS, Mag. Marcelo Casabene junto al Intendente, Abg. Maximiliano Frontera, llevaron a cabo la firma de un Acta Complementaria \u201cPractica A o B. Carrera Tecnicatura Universitaria en Acompa\u00f1amiento Terap\u00e9utico\u201d.<\/p>\n<p><img fetchpriority=\"high\" decoding=\"async\" class=\"aligncenter size-large wp-image-3851\" src=\"https:\/\/www.fcejs.unsl.edu.ar\/wp-content\/uploads\/2021\/06\/firma-convenio-muni-04-1024x576.jpg\" alt=\"\" width=\"843\" height=\"474\" srcset=\"https:\/\/www.fcejs.unsl.edu.ar\/wp-content\/uploads\/2021\/06\/firma-convenio-muni-04-1024x576.jpg 1024w, https:\/\/www.fcejs.unsl.edu.ar\/wp-content\/uploads\/2021\/06\/firma-convenio-muni-04-300x169.jpg 300w, https:\/\/www.fcejs.unsl.edu.ar\/wp-content\/uploads\/2021\/06\/firma-convenio-muni-04-768x432.jpg 768w, https:\/\/www.fcejs.unsl.edu.ar\/wp-content\/uploads\/2021\/06\/firma-convenio-muni-04.jpg 1060w\" sizes=\"(max-width: 843px) 100vw, 843px\" \/><\/p>\n<p>Previo a la firma, la secretaria de Extensi\u00f3n de la FCEJS, Lic. Marcela Calder\u00f3n, explic\u00f3 que la nueva acta complementaria es el fruto de un trabajo articulado con la secretar\u00eda de Desarrollo Social del Municipio con el fin de prestar colaboraci\u00f3n y asistencia rec\u00edproca en beneficio de la sociedad, coordinando y desarrollando acciones que lleva adelante el municipio con la intermediaci\u00f3n de los estudiantes de la Asignatura de Practica A o B correspondiente al 3\u00b0 a\u00f1o de la Tecnicatura Universitaria en Acompa\u00f1amiento Terap\u00e9utico.<\/p>\n<p><img decoding=\"async\" class=\"aligncenter size-large wp-image-3843\" src=\"https:\/\/www.fcejs.unsl.edu.ar\/wp-content\/uploads\/2021\/06\/firma-convenio-muni-03-1024x579.jpg\" alt=\"\" width=\"843\" height=\"477\" srcset=\"https:\/\/www.fcejs.unsl.edu.ar\/wp-content\/uploads\/2021\/06\/firma-convenio-muni-03-1024x579.jpg 1024w, https:\/\/www.fcejs.unsl.edu.ar\/wp-content\/uploads\/2021\/06\/firma-convenio-muni-03-300x170.jpg 300w, https:\/\/www.fcejs.unsl.edu.ar\/wp-content\/uploads\/2021\/06\/firma-convenio-muni-03-768x434.jpg 768w, https:\/\/www.fcejs.unsl.edu.ar\/wp-content\/uploads\/2021\/06\/firma-convenio-muni-03.jpg 1061w\" sizes=\"(max-width: 843px) 100vw, 843px\" \/><\/p>\n<p>\u201cPara nuestra facultad es muy importante que nuestros estudiantes puedan estar a disposici\u00f3n de Instituciones, pero tambi\u00e9n porque est\u00e1n aprendiendo, lo que va a redundar en abordajes inclusivos y sociales que tienden a necesidades prioritarias de nuestra sociedad\u201d, sostuvo la licenciada. Por ultimo agradeci\u00f3 de manera especial a la secretaria de Desarrollo Social, Lic. Lorena Mercado, \u201ccon quien venimos trabajando en diversas problem\u00e1ticas de la comunidad\u201d, como tambi\u00e9n al intendente Maximiliano Frontera.<\/p>\n<p>La Practica Pre \u2013 Profesional Supervisada es una actividad formativa del estudiante, consistiendo en una supervisi\u00f3n gradual del rol profesional, a trav\u00e9s de su inserci\u00f3n en una realidad o ambiente laboral espec\u00edfico. Las mismas ser\u00e1n coordinadas por la docente de la FCJES, Esp. Mariela De Marco, como Profesora Responsable y tutora docente, por la Lic. M\u00f3nica Lorena Mercado, en car\u00e1cter de Secretaria de Desarrollo Social Municipal y la A.T Sara Damaris Barros, como tutora profesional.<\/p>\n<p>&nbsp;<\/p>\n","protected":false},"excerpt":{"rendered":"<p>Estudiantes de la carrera Tecnicatura Universitaria en Acompa\u00f1amiento Terap\u00e9utico podr\u00e1 realizar sus pr\u00e1cticas profesionales en la Municipalidad de Villa Mercedes. En el marco del Convenio&hellip;<\/p>\n","protected":false},"author":9,"featured_media":3854,"comment_status":"closed","ping_status":"closed","sticky":false,"template":"","format":"standard","meta":{"om_disable_all_campaigns":false,"_monsterinsights_skip_tracking":false,"_monsterinsights_sitenote_active":false,"_monsterinsights_sitenote_note":"","_monsterinsights_sitenote_category":0,"footnotes":""},"categories":[1],"tags":[],"class_list":["post-3841","post","type-post","status-publish","format-standard","has-post-thumbnail","hentry","category-noticias"],"yoast_head":"<!-- This site is optimized with the Yoast SEO plugin v27.4 - https:\/\/yoast.com\/product\/yoast-seo-wordpress\/ -->\n<title>Practica Pre- profesional Supervisada: Firma de Acta Complementaria con el municipio - Facultad de Ciencias Econ\u00f3micas, Jur\u00ed\u00addicas y Sociales<\/title>\n<meta name=\"robots\" content=\"index, follow, max-snippet:-1, max-image-preview:large, max-video-preview:-1\" \/>\n<link rel=\"canonical\" href=\"https:\/\/www.fcejs.unsl.edu.ar\/index.php\/practica-pre-profesional-supervisada-firma-de-acta-complementaria-con-el-municipio\/\" \/>\n<meta property=\"og:locale\" content=\"es_ES\" \/>\n<meta property=\"og:type\" content=\"article\" \/>\n<meta property=\"og:title\" content=\"Practica Pre- profesional Supervisada: Firma de Acta Complementaria con el municipio - Facultad de Ciencias Econ\u00f3micas, Jur\u00ed\u00addicas y Sociales\" \/>\n<meta property=\"og:description\" content=\"Estudiantes de la carrera Tecnicatura Universitaria en Acompa\u00f1amiento Terap\u00e9utico podr\u00e1 realizar sus pr\u00e1cticas profesionales en la Municipalidad de Villa Mercedes. En el marco del Convenio&hellip;\" \/>\n<meta property=\"og:url\" content=\"https:\/\/www.fcejs.unsl.edu.ar\/index.php\/practica-pre-profesional-supervisada-firma-de-acta-complementaria-con-el-municipio\/\" \/>\n<meta property=\"og:site_name\" content=\"Facultad de Ciencias Econ\u00f3micas, Jur\u00ed\u00addicas y Sociales\" \/>\n<meta property=\"article:publisher\" content=\"https:\/\/www.facebook.com\/FCEJS.UNSL\/\" \/>\n<meta property=\"article:published_time\" content=\"2021-06-03T14:03:48+00:00\" \/>\n<meta property=\"article:modified_time\" content=\"2021-09-07T18:20:51+00:00\" \/>\n<meta property=\"og:image\" content=\"https:\/\/www.fcejs.unsl.edu.ar\/wp-content\/uploads\/2021\/06\/firma-convenio-muni-05-.jpg\" \/>\n\t<meta property=\"og:image:width\" content=\"1059\" \/>\n\t<meta property=\"og:image:height\" content=\"600\" \/>\n\t<meta property=\"og:image:type\" content=\"image\/jpeg\" \/>\n<meta name=\"author\" content=\"DATI\" \/>\n<meta name=\"twitter:card\" content=\"summary_large_image\" \/>\n<meta name=\"twitter:creator\" content=\"@FCEJSUNSL\" \/>\n<meta name=\"twitter:site\" content=\"@FCEJSUNSL\" \/>\n<meta name=\"twitter:label1\" content=\"Escrito por\" \/>\n\t<meta name=\"twitter:data1\" content=\"DATI\" \/>\n\t<meta name=\"twitter:label2\" content=\"Tiempo de lectura\" \/>\n\t<meta name=\"twitter:data2\" content=\"2 minutos\" \/>\n<script type=\"application\/ld+json\" class=\"yoast-schema-graph\">{\"@context\":\"https:\\\/\\\/schema.org\",\"@graph\":[{\"@type\":\"Article\",\"@id\":\"https:\\\/\\\/www.fcejs.unsl.edu.ar\\\/index.php\\\/practica-pre-profesional-supervisada-firma-de-acta-complementaria-con-el-municipio\\\/#article\",\"isPartOf\":{\"@id\":\"https:\\\/\\\/www.fcejs.unsl.edu.ar\\\/index.php\\\/practica-pre-profesional-supervisada-firma-de-acta-complementaria-con-el-municipio\\\/\"},\"author\":{\"name\":\"DATI\",\"@id\":\"https:\\\/\\\/www.fcejs.unsl.edu.ar\\\/#\\\/schema\\\/person\\\/352ee6ed90c3f394c7cb5945f8956d34\"},\"headline\":\"Practica Pre- profesional Supervisada: Firma de Acta Complementaria con el municipio\",\"datePublished\":\"2021-06-03T14:03:48+00:00\",\"dateModified\":\"2021-09-07T18:20:51+00:00\",\"mainEntityOfPage\":{\"@id\":\"https:\\\/\\\/www.fcejs.unsl.edu.ar\\\/index.php\\\/practica-pre-profesional-supervisada-firma-de-acta-complementaria-con-el-municipio\\\/\"},\"wordCount\":331,\"publisher\":{\"@id\":\"https:\\\/\\\/www.fcejs.unsl.edu.ar\\\/#organization\"},\"image\":{\"@id\":\"https:\\\/\\\/www.fcejs.unsl.edu.ar\\\/index.php\\\/practica-pre-profesional-supervisada-firma-de-acta-complementaria-con-el-municipio\\\/#primaryimage\"},\"thumbnailUrl\":\"https:\\\/\\\/www.fcejs.unsl.edu.ar\\\/wp-content\\\/uploads\\\/2021\\\/06\\\/firma-convenio-muni-05-.jpg\",\"articleSection\":[\"Noticias\"],\"inLanguage\":\"es-AR\"},{\"@type\":\"WebPage\",\"@id\":\"https:\\\/\\\/www.fcejs.unsl.edu.ar\\\/index.php\\\/practica-pre-profesional-supervisada-firma-de-acta-complementaria-con-el-municipio\\\/\",\"url\":\"https:\\\/\\\/www.fcejs.unsl.edu.ar\\\/index.php\\\/practica-pre-profesional-supervisada-firma-de-acta-complementaria-con-el-municipio\\\/\",\"name\":\"Practica Pre- profesional Supervisada: Firma de Acta Complementaria con el municipio - Facultad de Ciencias Econ\u00f3micas, Jur\u00ed\u00addicas y Sociales\",\"isPartOf\":{\"@id\":\"https:\\\/\\\/www.fcejs.unsl.edu.ar\\\/#website\"},\"primaryImageOfPage\":{\"@id\":\"https:\\\/\\\/www.fcejs.unsl.edu.ar\\\/index.php\\\/practica-pre-profesional-supervisada-firma-de-acta-complementaria-con-el-municipio\\\/#primaryimage\"},\"image\":{\"@id\":\"https:\\\/\\\/www.fcejs.unsl.edu.ar\\\/index.php\\\/practica-pre-profesional-supervisada-firma-de-acta-complementaria-con-el-municipio\\\/#primaryimage\"},\"thumbnailUrl\":\"https:\\\/\\\/www.fcejs.unsl.edu.ar\\\/wp-content\\\/uploads\\\/2021\\\/06\\\/firma-convenio-muni-05-.jpg\",\"datePublished\":\"2021-06-03T14:03:48+00:00\",\"dateModified\":\"2021-09-07T18:20:51+00:00\",\"breadcrumb\":{\"@id\":\"https:\\\/\\\/www.fcejs.unsl.edu.ar\\\/index.php\\\/practica-pre-profesional-supervisada-firma-de-acta-complementaria-con-el-municipio\\\/#breadcrumb\"},\"inLanguage\":\"es-AR\",\"potentialAction\":[{\"@type\":\"ReadAction\",\"target\":[\"https:\\\/\\\/www.fcejs.unsl.edu.ar\\\/index.php\\\/practica-pre-profesional-supervisada-firma-de-acta-complementaria-con-el-municipio\\\/\"]}]},{\"@type\":\"ImageObject\",\"inLanguage\":\"es-AR\",\"@id\":\"https:\\\/\\\/www.fcejs.unsl.edu.ar\\\/index.php\\\/practica-pre-profesional-supervisada-firma-de-acta-complementaria-con-el-municipio\\\/#primaryimage\",\"url\":\"https:\\\/\\\/www.fcejs.unsl.edu.ar\\\/wp-content\\\/uploads\\\/2021\\\/06\\\/firma-convenio-muni-05-.jpg\",\"contentUrl\":\"https:\\\/\\\/www.fcejs.unsl.edu.ar\\\/wp-content\\\/uploads\\\/2021\\\/06\\\/firma-convenio-muni-05-.jpg\",\"width\":1059,\"height\":600},{\"@type\":\"BreadcrumbList\",\"@id\":\"https:\\\/\\\/www.fcejs.unsl.edu.ar\\\/index.php\\\/practica-pre-profesional-supervisada-firma-de-acta-complementaria-con-el-municipio\\\/#breadcrumb\",\"itemListElement\":[{\"@type\":\"ListItem\",\"position\":1,\"name\":\"Inicio\",\"item\":\"https:\\\/\\\/www.fcejs.unsl.edu.ar\\\/\"},{\"@type\":\"ListItem\",\"position\":2,\"name\":\"Practica Pre- profesional Supervisada: Firma de Acta Complementaria con el municipio\"}]},{\"@type\":\"WebSite\",\"@id\":\"https:\\\/\\\/www.fcejs.unsl.edu.ar\\\/#website\",\"url\":\"https:\\\/\\\/www.fcejs.unsl.edu.ar\\\/\",\"name\":\"Facultad de Ciencias Econ\u00f3micas, Jur\u00ed\u00addicas y Sociales\",\"description\":\"\",\"publisher\":{\"@id\":\"https:\\\/\\\/www.fcejs.unsl.edu.ar\\\/#organization\"},\"potentialAction\":[{\"@type\":\"SearchAction\",\"target\":{\"@type\":\"EntryPoint\",\"urlTemplate\":\"https:\\\/\\\/www.fcejs.unsl.edu.ar\\\/?s={search_term_string}\"},\"query-input\":{\"@type\":\"PropertyValueSpecification\",\"valueRequired\":true,\"valueName\":\"search_term_string\"}}],\"inLanguage\":\"es-AR\"},{\"@type\":\"Organization\",\"@id\":\"https:\\\/\\\/www.fcejs.unsl.edu.ar\\\/#organization\",\"name\":\"Facultad de Ciencias Econ\u00f3micas, Jur\u00eddicas y Sociales\",\"url\":\"https:\\\/\\\/www.fcejs.unsl.edu.ar\\\/\",\"logo\":{\"@type\":\"ImageObject\",\"inLanguage\":\"es-AR\",\"@id\":\"https:\\\/\\\/www.fcejs.unsl.edu.ar\\\/#\\\/schema\\\/logo\\\/image\\\/\",\"url\":\"https:\\\/\\\/www.fcejs.unsl.edu.ar\\\/wp-content\\\/uploads\\\/2021\\\/03\\\/logo-1.jpg\",\"contentUrl\":\"https:\\\/\\\/www.fcejs.unsl.edu.ar\\\/wp-content\\\/uploads\\\/2021\\\/03\\\/logo-1.jpg\",\"width\":471,\"height\":146,\"caption\":\"Facultad de Ciencias Econ\u00f3micas, Jur\u00eddicas y Sociales\"},\"image\":{\"@id\":\"https:\\\/\\\/www.fcejs.unsl.edu.ar\\\/#\\\/schema\\\/logo\\\/image\\\/\"},\"sameAs\":[\"https:\\\/\\\/www.facebook.com\\\/FCEJS.UNSL\\\/\",\"https:\\\/\\\/x.com\\\/FCEJSUNSL\",\"https:\\\/\\\/www.instagram.com\\\/fcejs.unsl\\\/\",\"https:\\\/\\\/www.youtube.com\\\/channel\\\/UCH-Ut6EaN_X5ogjIQMPe46g\\\/\"]},{\"@type\":\"Person\",\"@id\":\"https:\\\/\\\/www.fcejs.unsl.edu.ar\\\/#\\\/schema\\\/person\\\/352ee6ed90c3f394c7cb5945f8956d34\",\"name\":\"DATI\"}]}<\/script>\n<!-- \/ Yoast SEO plugin. -->","yoast_head_json":{"title":"Practica Pre- profesional Supervisada: Firma de Acta Complementaria con el municipio - Facultad de Ciencias Econ\u00f3micas, Jur\u00ed\u00addicas y Sociales","robots":{"index":"index","follow":"follow","max-snippet":"max-snippet:-1","max-image-preview":"max-image-preview:large","max-video-preview":"max-video-preview:-1"},"canonical":"https:\/\/www.fcejs.unsl.edu.ar\/index.php\/practica-pre-profesional-supervisada-firma-de-acta-complementaria-con-el-municipio\/","og_locale":"es_ES","og_type":"article","og_title":"Practica Pre- profesional Supervisada: Firma de Acta Complementaria con el municipio - Facultad de Ciencias Econ\u00f3micas, Jur\u00ed\u00addicas y Sociales","og_description":"Estudiantes de la carrera Tecnicatura Universitaria en Acompa\u00f1amiento Terap\u00e9utico podr\u00e1 realizar sus pr\u00e1cticas profesionales en la Municipalidad de Villa Mercedes. En el marco del Convenio&hellip;","og_url":"https:\/\/www.fcejs.unsl.edu.ar\/index.php\/practica-pre-profesional-supervisada-firma-de-acta-complementaria-con-el-municipio\/","og_site_name":"Facultad de Ciencias Econ\u00f3micas, Jur\u00ed\u00addicas y Sociales","article_publisher":"https:\/\/www.facebook.com\/FCEJS.UNSL\/","article_published_time":"2021-06-03T14:03:48+00:00","article_modified_time":"2021-09-07T18:20:51+00:00","og_image":[{"width":1059,"height":600,"url":"https:\/\/www.fcejs.unsl.edu.ar\/wp-content\/uploads\/2021\/06\/firma-convenio-muni-05-.jpg","type":"image\/jpeg"}],"author":"DATI","twitter_card":"summary_large_image","twitter_creator":"@FCEJSUNSL","twitter_site":"@FCEJSUNSL","twitter_misc":{"Escrito por":"DATI","Tiempo de lectura":"2 minutos"},"schema":{"@context":"https:\/\/schema.org","@graph":[{"@type":"Article","@id":"https:\/\/www.fcejs.unsl.edu.ar\/index.php\/practica-pre-profesional-supervisada-firma-de-acta-complementaria-con-el-municipio\/#article","isPartOf":{"@id":"https:\/\/www.fcejs.unsl.edu.ar\/index.php\/practica-pre-profesional-supervisada-firma-de-acta-complementaria-con-el-municipio\/"},"author":{"name":"DATI","@id":"https:\/\/www.fcejs.unsl.edu.ar\/#\/schema\/person\/352ee6ed90c3f394c7cb5945f8956d34"},"headline":"Practica Pre- profesional Supervisada: Firma de Acta Complementaria con el municipio","datePublished":"2021-06-03T14:03:48+00:00","dateModified":"2021-09-07T18:20:51+00:00","mainEntityOfPage":{"@id":"https:\/\/www.fcejs.unsl.edu.ar\/index.php\/practica-pre-profesional-supervisada-firma-de-acta-complementaria-con-el-municipio\/"},"wordCount":331,"publisher":{"@id":"https:\/\/www.fcejs.unsl.edu.ar\/#organization"},"image":{"@id":"https:\/\/www.fcejs.unsl.edu.ar\/index.php\/practica-pre-profesional-supervisada-firma-de-acta-complementaria-con-el-municipio\/#primaryimage"},"thumbnailUrl":"https:\/\/www.fcejs.unsl.edu.ar\/wp-content\/uploads\/2021\/06\/firma-convenio-muni-05-.jpg","articleSection":["Noticias"],"inLanguage":"es-AR"},{"@type":"WebPage","@id":"https:\/\/www.fcejs.unsl.edu.ar\/index.php\/practica-pre-profesional-supervisada-firma-de-acta-complementaria-con-el-municipio\/","url":"https:\/\/www.fcejs.unsl.edu.ar\/index.php\/practica-pre-profesional-supervisada-firma-de-acta-complementaria-con-el-municipio\/","name":"Practica Pre- profesional Supervisada: Firma de Acta Complementaria con el municipio - Facultad de Ciencias Econ\u00f3micas, Jur\u00ed\u00addicas y Sociales","isPartOf":{"@id":"https:\/\/www.fcejs.unsl.edu.ar\/#website"},"primaryImageOfPage":{"@id":"https:\/\/www.fcejs.unsl.edu.ar\/index.php\/practica-pre-profesional-supervisada-firma-de-acta-complementaria-con-el-municipio\/#primaryimage"},"image":{"@id":"https:\/\/www.fcejs.unsl.edu.ar\/index.php\/practica-pre-profesional-supervisada-firma-de-acta-complementaria-con-el-municipio\/#primaryimage"},"thumbnailUrl":"https:\/\/www.fcejs.unsl.edu.ar\/wp-content\/uploads\/2021\/06\/firma-convenio-muni-05-.jpg","datePublished":"2021-06-03T14:03:48+00:00","dateModified":"2021-09-07T18:20:51+00:00","breadcrumb":{"@id":"https:\/\/www.fcejs.unsl.edu.ar\/index.php\/practica-pre-profesional-supervisada-firma-de-acta-complementaria-con-el-municipio\/#breadcrumb"},"inLanguage":"es-AR","potentialAction":[{"@type":"ReadAction","target":["https:\/\/www.fcejs.unsl.edu.ar\/index.php\/practica-pre-profesional-supervisada-firma-de-acta-complementaria-con-el-municipio\/"]}]},{"@type":"ImageObject","inLanguage":"es-AR","@id":"https:\/\/www.fcejs.unsl.edu.ar\/index.php\/practica-pre-profesional-supervisada-firma-de-acta-complementaria-con-el-municipio\/#primaryimage","url":"https:\/\/www.fcejs.unsl.edu.ar\/wp-content\/uploads\/2021\/06\/firma-convenio-muni-05-.jpg","contentUrl":"https:\/\/www.fcejs.unsl.edu.ar\/wp-content\/uploads\/2021\/06\/firma-convenio-muni-05-.jpg","width":1059,"height":600},{"@type":"BreadcrumbList","@id":"https:\/\/www.fcejs.unsl.edu.ar\/index.php\/practica-pre-profesional-supervisada-firma-de-acta-complementaria-con-el-municipio\/#breadcrumb","itemListElement":[{"@type":"ListItem","position":1,"name":"Inicio","item":"https:\/\/www.fcejs.unsl.edu.ar\/"},{"@type":"ListItem","position":2,"name":"Practica Pre- profesional Supervisada: Firma de Acta Complementaria con el municipio"}]},{"@type":"WebSite","@id":"https:\/\/www.fcejs.unsl.edu.ar\/#website","url":"https:\/\/www.fcejs.unsl.edu.ar\/","name":"Facultad de Ciencias Econ\u00f3micas, Jur\u00ed\u00addicas y Sociales","description":"","publisher":{"@id":"https:\/\/www.fcejs.unsl.edu.ar\/#organization"},"potentialAction":[{"@type":"SearchAction","target":{"@type":"EntryPoint","urlTemplate":"https:\/\/www.fcejs.unsl.edu.ar\/?s={search_term_string}"},"query-input":{"@type":"PropertyValueSpecification","valueRequired":true,"valueName":"search_term_string"}}],"inLanguage":"es-AR"},{"@type":"Organization","@id":"https:\/\/www.fcejs.unsl.edu.ar\/#organization","name":"Facultad de Ciencias Econ\u00f3micas, Jur\u00eddicas y Sociales","url":"https:\/\/www.fcejs.unsl.edu.ar\/","logo":{"@type":"ImageObject","inLanguage":"es-AR","@id":"https:\/\/www.fcejs.unsl.edu.ar\/#\/schema\/logo\/image\/","url":"https:\/\/www.fcejs.unsl.edu.ar\/wp-content\/uploads\/2021\/03\/logo-1.jpg","contentUrl":"https:\/\/www.fcejs.unsl.edu.ar\/wp-content\/uploads\/2021\/03\/logo-1.jpg","width":471,"height":146,"caption":"Facultad de Ciencias Econ\u00f3micas, Jur\u00eddicas y Sociales"},"image":{"@id":"https:\/\/www.fcejs.unsl.edu.ar\/#\/schema\/logo\/image\/"},"sameAs":["https:\/\/www.facebook.com\/FCEJS.UNSL\/","https:\/\/x.com\/FCEJSUNSL","https:\/\/www.instagram.com\/fcejs.unsl\/","https:\/\/www.youtube.com\/channel\/UCH-Ut6EaN_X5ogjIQMPe46g\/"]},{"@type":"Person","@id":"https:\/\/www.fcejs.unsl.edu.ar\/#\/schema\/person\/352ee6ed90c3f394c7cb5945f8956d34","name":"DATI"}]}},"jetpack_featured_media_url":"https:\/\/www.fcejs.unsl.edu.ar\/wp-content\/uploads\/2021\/06\/firma-convenio-muni-05-.jpg","_links":{"self":[{"href":"https:\/\/www.fcejs.unsl.edu.ar\/index.php\/wp-json\/wp\/v2\/posts\/3841","targetHints":{"allow":["GET"]}}],"collection":[{"href":"https:\/\/www.fcejs.unsl.edu.ar\/index.php\/wp-json\/wp\/v2\/posts"}],"about":[{"href":"https:\/\/www.fcejs.unsl.edu.ar\/index.php\/wp-json\/wp\/v2\/types\/post"}],"author":[{"embeddable":true,"href":"https:\/\/www.fcejs.unsl.edu.ar\/index.php\/wp-json\/wp\/v2\/users\/9"}],"replies":[{"embeddable":true,"href":"https:\/\/www.fcejs.unsl.edu.ar\/index.php\/wp-json\/wp\/v2\/comments?post=3841"}],"version-history":[{"count":6,"href":"https:\/\/www.fcejs.unsl.edu.ar\/index.php\/wp-json\/wp\/v2\/posts\/3841\/revisions"}],"predecessor-version":[{"id":3883,"href":"https:\/\/www.fcejs.unsl.edu.ar\/index.php\/wp-json\/wp\/v2\/posts\/3841\/revisions\/3883"}],"wp:featuredmedia":[{"embeddable":true,"href":"https:\/\/www.fcejs.unsl.edu.ar\/index.php\/wp-json\/wp\/v2\/media\/3854"}],"wp:attachment":[{"href":"https:\/\/www.fcejs.unsl.edu.ar\/index.php\/wp-json\/wp\/v2\/media?parent=3841"}],"wp:term":[{"taxonomy":"category","embeddable":true,"href":"https:\/\/www.fcejs.unsl.edu.ar\/index.php\/wp-json\/wp\/v2\/categories?post=3841"},{"taxonomy":"post_tag","embeddable":true,"href":"https:\/\/www.fcejs.unsl.edu.ar\/index.php\/wp-json\/wp\/v2\/tags?post=3841"}],"curies":[{"name":"wp","href":"https:\/\/api.w.org\/{rel}","templated":true}]}}