{"id":3834,"date":"2021-06-03T10:57:18","date_gmt":"2021-06-03T13:57:18","guid":{"rendered":"http:\/\/10.101.10.197\/www\/?p=3834"},"modified":"2021-09-07T15:20:46","modified_gmt":"2021-09-07T18:20:46","slug":"puesta-en-marcha-del-proyecto-huertas-comunitarias-estudiantiles-en-el-campus-universitario","status":"publish","type":"post","link":"https:\/\/www.fcejs.unsl.edu.ar\/index.php\/puesta-en-marcha-del-proyecto-huertas-comunitarias-estudiantiles-en-el-campus-universitario\/","title":{"rendered":"Puesta en marcha del proyecto \u201cHuertas Comunitarias Estudiantiles\u201d en el Campus Universitario"},"content":{"rendered":"<p>De la mano de los estudiantes, la SAEBU puso en marcha el proyecto \u201cHuertas Comunitarias Estudiantiles\u201d en el Centro Universitario de Villa Mercedes. En el sector de invernaderos del Campus Universitario, se llev\u00f3 a cabo el acto de inauguraci\u00f3n durante la tarde del mi\u00e9rcoles 2 de junio de 2021, ante la presencia de autoridades provinciales, municipales y de la UNSL.<\/p>\n<p>Asistieron el Intendente, Abg. Maximiliano Frontera, el Vicegobernador, Abg. Eduardo Mones Ruiz; el Vicerrector, Mag. H\u00e9ctor Flores, el Decano de la FICA, Mag. Sergio Ribotta, el Decano de la FCEJS, Mag. Marcelo Casabene; dem\u00e1s autoridades de ambas instituciones, como tambi\u00e9n personal nodocente y estudiantes.<\/p>\n<p><img fetchpriority=\"high\" decoding=\"async\" class=\"aligncenter size-large wp-image-3835\" src=\"https:\/\/www.fcejs.unsl.edu.ar\/wp-content\/uploads\/2021\/06\/huertas-estudiantiles-fica-1024x577.jpg\" alt=\"\" width=\"843\" height=\"475\" srcset=\"https:\/\/www.fcejs.unsl.edu.ar\/wp-content\/uploads\/2021\/06\/huertas-estudiantiles-fica-1024x577.jpg 1024w, https:\/\/www.fcejs.unsl.edu.ar\/wp-content\/uploads\/2021\/06\/huertas-estudiantiles-fica-300x169.jpg 300w, https:\/\/www.fcejs.unsl.edu.ar\/wp-content\/uploads\/2021\/06\/huertas-estudiantiles-fica-768x433.jpg 768w, https:\/\/www.fcejs.unsl.edu.ar\/wp-content\/uploads\/2021\/06\/huertas-estudiantiles-fica.jpg 1056w\" sizes=\"(max-width: 843px) 100vw, 843px\" \/><\/p>\n<p>El secretario de SAEBU, Mag. Jorge Sosa, indic\u00f3 que este proyecto surgi\u00f3 por iniciativa de los estudiantes que habitan en la residencia universitaria de Villa Mercedes, pero que en su momento no cont\u00f3 con el apoyo institucional debido a la pandemia, \u201cpero ha merecido una atenci\u00f3n especial, principalmente porque vemos el entusiasmo de los estudiantes y la proyecci\u00f3n que puede alcanzar\u201d. Sosa agradeci\u00f3 al Departamento de Ciencias Agropecuarias por brindar colaboraci\u00f3n profesional para dar forma a este proyecto, que en un principio estar\u00e1 destinada al autoconsumo, pero m\u00e1s adelante \u201cse podr\u00eda ampliar ese objetivo\u201d.<\/p>\n<p>Inform\u00f3 que este proyecto se desarrollar\u00e1 en el sector de invernaderos que ha cedido el Departamento de Agronom\u00eda y dio a conocer los alcances del programa rectoral que contar\u00e1 con la direcci\u00f3n t\u00e9cnica profesional de la Ing. Agr\u00f3noma Patricia Baz\u00e1n e intervendr\u00e1 el Departamento de Trabajo Social de SSAEBU en la coordinaci\u00f3n con el sector estudiantil.<\/p>\n<p>Por \u00faltimo, el responsable de SAEBU destac\u00f3 la colaboraci\u00f3n municipal a trav\u00e9s de sus distintas \u00e1reas. De hecho, durante el acto, el municipio realiz\u00f3 la primera entrega de semillas \u201cque es algo vital para poder comenzar con esta iniciativa\u201d.<br \/>\nEn representaci\u00f3n de los estudiantes, brind\u00f3 sus palabras de agradecimiento el alumno de Abogac\u00eda, Braian Quevedo, quien expres\u00f3 que durante el a\u00f1o pasado surgi\u00f3 entre los estudiantes de la Residencia la idea de hacer una huerta para autoconsumo. \u201cTen\u00edamos la necesidad de autoabastecernos, entonces empezamos con una huerta peque\u00f1a. Al tiempo, nos dijimos que pod\u00edamos hacer una m\u00e1s grande entre todos.\u201d, dijo Quevedo.<\/p>\n<p><img decoding=\"async\" class=\"aligncenter size-large wp-image-3836\" src=\"https:\/\/www.fcejs.unsl.edu.ar\/wp-content\/uploads\/2021\/06\/seminario-04-1024x579.jpg\" alt=\"\" width=\"843\" height=\"477\" srcset=\"https:\/\/www.fcejs.unsl.edu.ar\/wp-content\/uploads\/2021\/06\/seminario-04-1024x579.jpg 1024w, https:\/\/www.fcejs.unsl.edu.ar\/wp-content\/uploads\/2021\/06\/seminario-04-300x170.jpg 300w, https:\/\/www.fcejs.unsl.edu.ar\/wp-content\/uploads\/2021\/06\/seminario-04-768x434.jpg 768w, https:\/\/www.fcejs.unsl.edu.ar\/wp-content\/uploads\/2021\/06\/seminario-04.jpg 1056w\" sizes=\"(max-width: 843px) 100vw, 843px\" \/><\/p>\n<p>Por su parte, el intendente Frontera indic\u00f3 que el lanzamiento de este proyecto se articula con nuevo emprendimiento municipal y provincial que busca la reactivaci\u00f3n del cintur\u00f3n verde, para que Villa Mercedes vuelva a contar con el abastecimiento de los productos frutihort\u00edcolas. \u201cQue vuelva a ser la ciudad m\u00e1s importante abastecedora de toda la regi\u00f3n. Estamos trabajando en ese sentido y dentro de poco vamos a dar buenas noticias\u201d, anticip\u00f3.<\/p>\n<p>Por \u00faltimo, el vicerrector, Mag. H\u00e9ctor Flores, tras agradecer a todos los que hicieron posible la puesta en marcha del proyecto, destac\u00f3 que la UNSL aspira a contar con una huerta modelo. \u201cTenemos la capacidad t\u00e9cnica para armar una especie de huerta piloto. Y si hace falta asesorar, la UNSL siempre va a estar, porque ese es nuestro rol y queremos ser parte del ecosistema de la ciudad\u201d, resalt\u00f3.<\/p>\n","protected":false},"excerpt":{"rendered":"<p>De la mano de los estudiantes, la SAEBU puso en marcha el proyecto \u201cHuertas Comunitarias Estudiantiles\u201d en el Centro Universitario de Villa Mercedes. En el&hellip;<\/p>\n","protected":false},"author":9,"featured_media":3839,"comment_status":"closed","ping_status":"closed","sticky":false,"template":"","format":"standard","meta":{"om_disable_all_campaigns":false,"_monsterinsights_skip_tracking":false,"_monsterinsights_sitenote_active":false,"_monsterinsights_sitenote_note":"","_monsterinsights_sitenote_category":0,"footnotes":""},"categories":[1],"tags":[],"class_list":["post-3834","post","type-post","status-publish","format-standard","has-post-thumbnail","hentry","category-noticias"],"yoast_head":"<!-- This site is optimized with the Yoast SEO plugin v27.4 - https:\/\/yoast.com\/product\/yoast-seo-wordpress\/ -->\n<title>Puesta en marcha del proyecto \u201cHuertas Comunitarias Estudiantiles\u201d en el Campus Universitario - Facultad de Ciencias Econ\u00f3micas, Jur\u00ed\u00addicas y Sociales<\/title>\n<meta name=\"robots\" content=\"index, follow, max-snippet:-1, max-image-preview:large, max-video-preview:-1\" \/>\n<link rel=\"canonical\" href=\"https:\/\/www.fcejs.unsl.edu.ar\/index.php\/puesta-en-marcha-del-proyecto-huertas-comunitarias-estudiantiles-en-el-campus-universitario\/\" \/>\n<meta property=\"og:locale\" content=\"es_ES\" \/>\n<meta property=\"og:type\" content=\"article\" \/>\n<meta property=\"og:title\" content=\"Puesta en marcha del proyecto \u201cHuertas Comunitarias Estudiantiles\u201d en el Campus Universitario - Facultad de Ciencias Econ\u00f3micas, Jur\u00ed\u00addicas y Sociales\" \/>\n<meta property=\"og:description\" content=\"De la mano de los estudiantes, la SAEBU puso en marcha el proyecto \u201cHuertas Comunitarias Estudiantiles\u201d en el Centro Universitario de Villa Mercedes. En el&hellip;\" \/>\n<meta property=\"og:url\" content=\"https:\/\/www.fcejs.unsl.edu.ar\/index.php\/puesta-en-marcha-del-proyecto-huertas-comunitarias-estudiantiles-en-el-campus-universitario\/\" \/>\n<meta property=\"og:site_name\" content=\"Facultad de Ciencias Econ\u00f3micas, Jur\u00ed\u00addicas y Sociales\" \/>\n<meta property=\"article:publisher\" content=\"https:\/\/www.facebook.com\/FCEJS.UNSL\/\" \/>\n<meta property=\"article:published_time\" content=\"2021-06-03T13:57:18+00:00\" \/>\n<meta property=\"article:modified_time\" content=\"2021-09-07T18:20:46+00:00\" \/>\n<meta property=\"og:image\" content=\"https:\/\/www.fcejs.unsl.edu.ar\/wp-content\/uploads\/2021\/06\/huertas-estudiantiles-fica-05.jpg\" \/>\n\t<meta property=\"og:image:width\" content=\"1061\" \/>\n\t<meta property=\"og:image:height\" content=\"600\" \/>\n\t<meta property=\"og:image:type\" content=\"image\/jpeg\" \/>\n<meta name=\"author\" content=\"DATI\" \/>\n<meta name=\"twitter:card\" content=\"summary_large_image\" \/>\n<meta name=\"twitter:creator\" content=\"@FCEJSUNSL\" \/>\n<meta name=\"twitter:site\" content=\"@FCEJSUNSL\" \/>\n<meta name=\"twitter:label1\" content=\"Escrito por\" \/>\n\t<meta name=\"twitter:data1\" content=\"DATI\" \/>\n\t<meta name=\"twitter:label2\" content=\"Tiempo de lectura\" \/>\n\t<meta name=\"twitter:data2\" content=\"3 minutos\" \/>\n<script type=\"application\/ld+json\" class=\"yoast-schema-graph\">{\"@context\":\"https:\\\/\\\/schema.org\",\"@graph\":[{\"@type\":\"Article\",\"@id\":\"https:\\\/\\\/www.fcejs.unsl.edu.ar\\\/index.php\\\/puesta-en-marcha-del-proyecto-huertas-comunitarias-estudiantiles-en-el-campus-universitario\\\/#article\",\"isPartOf\":{\"@id\":\"https:\\\/\\\/www.fcejs.unsl.edu.ar\\\/index.php\\\/puesta-en-marcha-del-proyecto-huertas-comunitarias-estudiantiles-en-el-campus-universitario\\\/\"},\"author\":{\"name\":\"DATI\",\"@id\":\"https:\\\/\\\/www.fcejs.unsl.edu.ar\\\/#\\\/schema\\\/person\\\/352ee6ed90c3f394c7cb5945f8956d34\"},\"headline\":\"Puesta en marcha del proyecto \u201cHuertas Comunitarias Estudiantiles\u201d en el Campus Universitario\",\"datePublished\":\"2021-06-03T13:57:18+00:00\",\"dateModified\":\"2021-09-07T18:20:46+00:00\",\"mainEntityOfPage\":{\"@id\":\"https:\\\/\\\/www.fcejs.unsl.edu.ar\\\/index.php\\\/puesta-en-marcha-del-proyecto-huertas-comunitarias-estudiantiles-en-el-campus-universitario\\\/\"},\"wordCount\":537,\"publisher\":{\"@id\":\"https:\\\/\\\/www.fcejs.unsl.edu.ar\\\/#organization\"},\"image\":{\"@id\":\"https:\\\/\\\/www.fcejs.unsl.edu.ar\\\/index.php\\\/puesta-en-marcha-del-proyecto-huertas-comunitarias-estudiantiles-en-el-campus-universitario\\\/#primaryimage\"},\"thumbnailUrl\":\"https:\\\/\\\/www.fcejs.unsl.edu.ar\\\/wp-content\\\/uploads\\\/2021\\\/06\\\/huertas-estudiantiles-fica-05.jpg\",\"articleSection\":[\"Noticias\"],\"inLanguage\":\"es-AR\"},{\"@type\":\"WebPage\",\"@id\":\"https:\\\/\\\/www.fcejs.unsl.edu.ar\\\/index.php\\\/puesta-en-marcha-del-proyecto-huertas-comunitarias-estudiantiles-en-el-campus-universitario\\\/\",\"url\":\"https:\\\/\\\/www.fcejs.unsl.edu.ar\\\/index.php\\\/puesta-en-marcha-del-proyecto-huertas-comunitarias-estudiantiles-en-el-campus-universitario\\\/\",\"name\":\"Puesta en marcha del proyecto \u201cHuertas Comunitarias Estudiantiles\u201d en el Campus Universitario - Facultad de Ciencias Econ\u00f3micas, Jur\u00ed\u00addicas y Sociales\",\"isPartOf\":{\"@id\":\"https:\\\/\\\/www.fcejs.unsl.edu.ar\\\/#website\"},\"primaryImageOfPage\":{\"@id\":\"https:\\\/\\\/www.fcejs.unsl.edu.ar\\\/index.php\\\/puesta-en-marcha-del-proyecto-huertas-comunitarias-estudiantiles-en-el-campus-universitario\\\/#primaryimage\"},\"image\":{\"@id\":\"https:\\\/\\\/www.fcejs.unsl.edu.ar\\\/index.php\\\/puesta-en-marcha-del-proyecto-huertas-comunitarias-estudiantiles-en-el-campus-universitario\\\/#primaryimage\"},\"thumbnailUrl\":\"https:\\\/\\\/www.fcejs.unsl.edu.ar\\\/wp-content\\\/uploads\\\/2021\\\/06\\\/huertas-estudiantiles-fica-05.jpg\",\"datePublished\":\"2021-06-03T13:57:18+00:00\",\"dateModified\":\"2021-09-07T18:20:46+00:00\",\"breadcrumb\":{\"@id\":\"https:\\\/\\\/www.fcejs.unsl.edu.ar\\\/index.php\\\/puesta-en-marcha-del-proyecto-huertas-comunitarias-estudiantiles-en-el-campus-universitario\\\/#breadcrumb\"},\"inLanguage\":\"es-AR\",\"potentialAction\":[{\"@type\":\"ReadAction\",\"target\":[\"https:\\\/\\\/www.fcejs.unsl.edu.ar\\\/index.php\\\/puesta-en-marcha-del-proyecto-huertas-comunitarias-estudiantiles-en-el-campus-universitario\\\/\"]}]},{\"@type\":\"ImageObject\",\"inLanguage\":\"es-AR\",\"@id\":\"https:\\\/\\\/www.fcejs.unsl.edu.ar\\\/index.php\\\/puesta-en-marcha-del-proyecto-huertas-comunitarias-estudiantiles-en-el-campus-universitario\\\/#primaryimage\",\"url\":\"https:\\\/\\\/www.fcejs.unsl.edu.ar\\\/wp-content\\\/uploads\\\/2021\\\/06\\\/huertas-estudiantiles-fica-05.jpg\",\"contentUrl\":\"https:\\\/\\\/www.fcejs.unsl.edu.ar\\\/wp-content\\\/uploads\\\/2021\\\/06\\\/huertas-estudiantiles-fica-05.jpg\",\"width\":1061,\"height\":600},{\"@type\":\"BreadcrumbList\",\"@id\":\"https:\\\/\\\/www.fcejs.unsl.edu.ar\\\/index.php\\\/puesta-en-marcha-del-proyecto-huertas-comunitarias-estudiantiles-en-el-campus-universitario\\\/#breadcrumb\",\"itemListElement\":[{\"@type\":\"ListItem\",\"position\":1,\"name\":\"Inicio\",\"item\":\"https:\\\/\\\/www.fcejs.unsl.edu.ar\\\/\"},{\"@type\":\"ListItem\",\"position\":2,\"name\":\"Puesta en marcha del proyecto \u201cHuertas Comunitarias Estudiantiles\u201d en el Campus Universitario\"}]},{\"@type\":\"WebSite\",\"@id\":\"https:\\\/\\\/www.fcejs.unsl.edu.ar\\\/#website\",\"url\":\"https:\\\/\\\/www.fcejs.unsl.edu.ar\\\/\",\"name\":\"Facultad de Ciencias Econ\u00f3micas, Jur\u00ed\u00addicas y Sociales\",\"description\":\"\",\"publisher\":{\"@id\":\"https:\\\/\\\/www.fcejs.unsl.edu.ar\\\/#organization\"},\"potentialAction\":[{\"@type\":\"SearchAction\",\"target\":{\"@type\":\"EntryPoint\",\"urlTemplate\":\"https:\\\/\\\/www.fcejs.unsl.edu.ar\\\/?s={search_term_string}\"},\"query-input\":{\"@type\":\"PropertyValueSpecification\",\"valueRequired\":true,\"valueName\":\"search_term_string\"}}],\"inLanguage\":\"es-AR\"},{\"@type\":\"Organization\",\"@id\":\"https:\\\/\\\/www.fcejs.unsl.edu.ar\\\/#organization\",\"name\":\"Facultad de Ciencias Econ\u00f3micas, Jur\u00eddicas y Sociales\",\"url\":\"https:\\\/\\\/www.fcejs.unsl.edu.ar\\\/\",\"logo\":{\"@type\":\"ImageObject\",\"inLanguage\":\"es-AR\",\"@id\":\"https:\\\/\\\/www.fcejs.unsl.edu.ar\\\/#\\\/schema\\\/logo\\\/image\\\/\",\"url\":\"https:\\\/\\\/www.fcejs.unsl.edu.ar\\\/wp-content\\\/uploads\\\/2021\\\/03\\\/logo-1.jpg\",\"contentUrl\":\"https:\\\/\\\/www.fcejs.unsl.edu.ar\\\/wp-content\\\/uploads\\\/2021\\\/03\\\/logo-1.jpg\",\"width\":471,\"height\":146,\"caption\":\"Facultad de Ciencias Econ\u00f3micas, Jur\u00eddicas y Sociales\"},\"image\":{\"@id\":\"https:\\\/\\\/www.fcejs.unsl.edu.ar\\\/#\\\/schema\\\/logo\\\/image\\\/\"},\"sameAs\":[\"https:\\\/\\\/www.facebook.com\\\/FCEJS.UNSL\\\/\",\"https:\\\/\\\/x.com\\\/FCEJSUNSL\",\"https:\\\/\\\/www.instagram.com\\\/fcejs.unsl\\\/\",\"https:\\\/\\\/www.youtube.com\\\/channel\\\/UCH-Ut6EaN_X5ogjIQMPe46g\\\/\"]},{\"@type\":\"Person\",\"@id\":\"https:\\\/\\\/www.fcejs.unsl.edu.ar\\\/#\\\/schema\\\/person\\\/352ee6ed90c3f394c7cb5945f8956d34\",\"name\":\"DATI\"}]}<\/script>\n<!-- \/ Yoast SEO plugin. -->","yoast_head_json":{"title":"Puesta en marcha del proyecto \u201cHuertas Comunitarias Estudiantiles\u201d en el Campus Universitario - Facultad de Ciencias Econ\u00f3micas, Jur\u00ed\u00addicas y Sociales","robots":{"index":"index","follow":"follow","max-snippet":"max-snippet:-1","max-image-preview":"max-image-preview:large","max-video-preview":"max-video-preview:-1"},"canonical":"https:\/\/www.fcejs.unsl.edu.ar\/index.php\/puesta-en-marcha-del-proyecto-huertas-comunitarias-estudiantiles-en-el-campus-universitario\/","og_locale":"es_ES","og_type":"article","og_title":"Puesta en marcha del proyecto \u201cHuertas Comunitarias Estudiantiles\u201d en el Campus Universitario - Facultad de Ciencias Econ\u00f3micas, Jur\u00ed\u00addicas y Sociales","og_description":"De la mano de los estudiantes, la SAEBU puso en marcha el proyecto \u201cHuertas Comunitarias Estudiantiles\u201d en el Centro Universitario de Villa Mercedes. En el&hellip;","og_url":"https:\/\/www.fcejs.unsl.edu.ar\/index.php\/puesta-en-marcha-del-proyecto-huertas-comunitarias-estudiantiles-en-el-campus-universitario\/","og_site_name":"Facultad de Ciencias Econ\u00f3micas, Jur\u00ed\u00addicas y Sociales","article_publisher":"https:\/\/www.facebook.com\/FCEJS.UNSL\/","article_published_time":"2021-06-03T13:57:18+00:00","article_modified_time":"2021-09-07T18:20:46+00:00","og_image":[{"width":1061,"height":600,"url":"https:\/\/www.fcejs.unsl.edu.ar\/wp-content\/uploads\/2021\/06\/huertas-estudiantiles-fica-05.jpg","type":"image\/jpeg"}],"author":"DATI","twitter_card":"summary_large_image","twitter_creator":"@FCEJSUNSL","twitter_site":"@FCEJSUNSL","twitter_misc":{"Escrito por":"DATI","Tiempo de lectura":"3 minutos"},"schema":{"@context":"https:\/\/schema.org","@graph":[{"@type":"Article","@id":"https:\/\/www.fcejs.unsl.edu.ar\/index.php\/puesta-en-marcha-del-proyecto-huertas-comunitarias-estudiantiles-en-el-campus-universitario\/#article","isPartOf":{"@id":"https:\/\/www.fcejs.unsl.edu.ar\/index.php\/puesta-en-marcha-del-proyecto-huertas-comunitarias-estudiantiles-en-el-campus-universitario\/"},"author":{"name":"DATI","@id":"https:\/\/www.fcejs.unsl.edu.ar\/#\/schema\/person\/352ee6ed90c3f394c7cb5945f8956d34"},"headline":"Puesta en marcha del proyecto \u201cHuertas Comunitarias Estudiantiles\u201d en el Campus Universitario","datePublished":"2021-06-03T13:57:18+00:00","dateModified":"2021-09-07T18:20:46+00:00","mainEntityOfPage":{"@id":"https:\/\/www.fcejs.unsl.edu.ar\/index.php\/puesta-en-marcha-del-proyecto-huertas-comunitarias-estudiantiles-en-el-campus-universitario\/"},"wordCount":537,"publisher":{"@id":"https:\/\/www.fcejs.unsl.edu.ar\/#organization"},"image":{"@id":"https:\/\/www.fcejs.unsl.edu.ar\/index.php\/puesta-en-marcha-del-proyecto-huertas-comunitarias-estudiantiles-en-el-campus-universitario\/#primaryimage"},"thumbnailUrl":"https:\/\/www.fcejs.unsl.edu.ar\/wp-content\/uploads\/2021\/06\/huertas-estudiantiles-fica-05.jpg","articleSection":["Noticias"],"inLanguage":"es-AR"},{"@type":"WebPage","@id":"https:\/\/www.fcejs.unsl.edu.ar\/index.php\/puesta-en-marcha-del-proyecto-huertas-comunitarias-estudiantiles-en-el-campus-universitario\/","url":"https:\/\/www.fcejs.unsl.edu.ar\/index.php\/puesta-en-marcha-del-proyecto-huertas-comunitarias-estudiantiles-en-el-campus-universitario\/","name":"Puesta en marcha del proyecto \u201cHuertas Comunitarias Estudiantiles\u201d en el Campus Universitario - Facultad de Ciencias Econ\u00f3micas, Jur\u00ed\u00addicas y Sociales","isPartOf":{"@id":"https:\/\/www.fcejs.unsl.edu.ar\/#website"},"primaryImageOfPage":{"@id":"https:\/\/www.fcejs.unsl.edu.ar\/index.php\/puesta-en-marcha-del-proyecto-huertas-comunitarias-estudiantiles-en-el-campus-universitario\/#primaryimage"},"image":{"@id":"https:\/\/www.fcejs.unsl.edu.ar\/index.php\/puesta-en-marcha-del-proyecto-huertas-comunitarias-estudiantiles-en-el-campus-universitario\/#primaryimage"},"thumbnailUrl":"https:\/\/www.fcejs.unsl.edu.ar\/wp-content\/uploads\/2021\/06\/huertas-estudiantiles-fica-05.jpg","datePublished":"2021-06-03T13:57:18+00:00","dateModified":"2021-09-07T18:20:46+00:00","breadcrumb":{"@id":"https:\/\/www.fcejs.unsl.edu.ar\/index.php\/puesta-en-marcha-del-proyecto-huertas-comunitarias-estudiantiles-en-el-campus-universitario\/#breadcrumb"},"inLanguage":"es-AR","potentialAction":[{"@type":"ReadAction","target":["https:\/\/www.fcejs.unsl.edu.ar\/index.php\/puesta-en-marcha-del-proyecto-huertas-comunitarias-estudiantiles-en-el-campus-universitario\/"]}]},{"@type":"ImageObject","inLanguage":"es-AR","@id":"https:\/\/www.fcejs.unsl.edu.ar\/index.php\/puesta-en-marcha-del-proyecto-huertas-comunitarias-estudiantiles-en-el-campus-universitario\/#primaryimage","url":"https:\/\/www.fcejs.unsl.edu.ar\/wp-content\/uploads\/2021\/06\/huertas-estudiantiles-fica-05.jpg","contentUrl":"https:\/\/www.fcejs.unsl.edu.ar\/wp-content\/uploads\/2021\/06\/huertas-estudiantiles-fica-05.jpg","width":1061,"height":600},{"@type":"BreadcrumbList","@id":"https:\/\/www.fcejs.unsl.edu.ar\/index.php\/puesta-en-marcha-del-proyecto-huertas-comunitarias-estudiantiles-en-el-campus-universitario\/#breadcrumb","itemListElement":[{"@type":"ListItem","position":1,"name":"Inicio","item":"https:\/\/www.fcejs.unsl.edu.ar\/"},{"@type":"ListItem","position":2,"name":"Puesta en marcha del proyecto \u201cHuertas Comunitarias Estudiantiles\u201d en el Campus Universitario"}]},{"@type":"WebSite","@id":"https:\/\/www.fcejs.unsl.edu.ar\/#website","url":"https:\/\/www.fcejs.unsl.edu.ar\/","name":"Facultad de Ciencias Econ\u00f3micas, Jur\u00ed\u00addicas y Sociales","description":"","publisher":{"@id":"https:\/\/www.fcejs.unsl.edu.ar\/#organization"},"potentialAction":[{"@type":"SearchAction","target":{"@type":"EntryPoint","urlTemplate":"https:\/\/www.fcejs.unsl.edu.ar\/?s={search_term_string}"},"query-input":{"@type":"PropertyValueSpecification","valueRequired":true,"valueName":"search_term_string"}}],"inLanguage":"es-AR"},{"@type":"Organization","@id":"https:\/\/www.fcejs.unsl.edu.ar\/#organization","name":"Facultad de Ciencias Econ\u00f3micas, Jur\u00eddicas y Sociales","url":"https:\/\/www.fcejs.unsl.edu.ar\/","logo":{"@type":"ImageObject","inLanguage":"es-AR","@id":"https:\/\/www.fcejs.unsl.edu.ar\/#\/schema\/logo\/image\/","url":"https:\/\/www.fcejs.unsl.edu.ar\/wp-content\/uploads\/2021\/03\/logo-1.jpg","contentUrl":"https:\/\/www.fcejs.unsl.edu.ar\/wp-content\/uploads\/2021\/03\/logo-1.jpg","width":471,"height":146,"caption":"Facultad de Ciencias Econ\u00f3micas, Jur\u00eddicas y Sociales"},"image":{"@id":"https:\/\/www.fcejs.unsl.edu.ar\/#\/schema\/logo\/image\/"},"sameAs":["https:\/\/www.facebook.com\/FCEJS.UNSL\/","https:\/\/x.com\/FCEJSUNSL","https:\/\/www.instagram.com\/fcejs.unsl\/","https:\/\/www.youtube.com\/channel\/UCH-Ut6EaN_X5ogjIQMPe46g\/"]},{"@type":"Person","@id":"https:\/\/www.fcejs.unsl.edu.ar\/#\/schema\/person\/352ee6ed90c3f394c7cb5945f8956d34","name":"DATI"}]}},"jetpack_featured_media_url":"https:\/\/www.fcejs.unsl.edu.ar\/wp-content\/uploads\/2021\/06\/huertas-estudiantiles-fica-05.jpg","_links":{"self":[{"href":"https:\/\/www.fcejs.unsl.edu.ar\/index.php\/wp-json\/wp\/v2\/posts\/3834","targetHints":{"allow":["GET"]}}],"collection":[{"href":"https:\/\/www.fcejs.unsl.edu.ar\/index.php\/wp-json\/wp\/v2\/posts"}],"about":[{"href":"https:\/\/www.fcejs.unsl.edu.ar\/index.php\/wp-json\/wp\/v2\/types\/post"}],"author":[{"embeddable":true,"href":"https:\/\/www.fcejs.unsl.edu.ar\/index.php\/wp-json\/wp\/v2\/users\/9"}],"replies":[{"embeddable":true,"href":"https:\/\/www.fcejs.unsl.edu.ar\/index.php\/wp-json\/wp\/v2\/comments?post=3834"}],"version-history":[{"count":7,"href":"https:\/\/www.fcejs.unsl.edu.ar\/index.php\/wp-json\/wp\/v2\/posts\/3834\/revisions"}],"predecessor-version":[{"id":3884,"href":"https:\/\/www.fcejs.unsl.edu.ar\/index.php\/wp-json\/wp\/v2\/posts\/3834\/revisions\/3884"}],"wp:featuredmedia":[{"embeddable":true,"href":"https:\/\/www.fcejs.unsl.edu.ar\/index.php\/wp-json\/wp\/v2\/media\/3839"}],"wp:attachment":[{"href":"https:\/\/www.fcejs.unsl.edu.ar\/index.php\/wp-json\/wp\/v2\/media?parent=3834"}],"wp:term":[{"taxonomy":"category","embeddable":true,"href":"https:\/\/www.fcejs.unsl.edu.ar\/index.php\/wp-json\/wp\/v2\/categories?post=3834"},{"taxonomy":"post_tag","embeddable":true,"href":"https:\/\/www.fcejs.unsl.edu.ar\/index.php\/wp-json\/wp\/v2\/tags?post=3834"}],"curies":[{"name":"wp","href":"https:\/\/api.w.org\/{rel}","templated":true}]}}