{"id":3811,"date":"2021-09-10T13:10:41","date_gmt":"2021-09-10T16:10:41","guid":{"rendered":"http:\/\/10.101.10.197\/www\/?p=3811"},"modified":"2021-09-20T08:47:41","modified_gmt":"2021-09-20T11:47:41","slug":"ix-congreso-nacional-de-extension-y-viii-jornadas-de-extension-del-mercosur","status":"publish","type":"post","link":"https:\/\/www.fcejs.unsl.edu.ar\/index.php\/ix-congreso-nacional-de-extension-y-viii-jornadas-de-extension-del-mercosur\/","title":{"rendered":"IX Congreso Nacional de Extensi\u00f3n y VIII Jornadas de Extensi\u00f3n del Mercosur"},"content":{"rendered":"<p style=\"background: white; margin: 0cm 0cm 13.5pt; text-align: justify;\"><span style=\"font-size: 13.0pt; font-family: 'Reforma1918','serif'; color: #222222;\">En un nuevo plenario de la red de Extensi\u00f3n Universitaria (REXUNI), y de manera virtual, secretarios y secretarias de Extensi\u00f3n de todas las universidades nacionales confirmaron la fecha y sedes del IX Congreso Nacional de Extensi\u00f3n que se realizar\u00e1 entre el<strong style=\"box-sizing: border-box;\"><span style=\"font-family: 'Reforma1918','serif';\">\u00a014 y el 17 de septiembre de 2021.<\/span><\/strong><\/span><\/p>\n<p style=\"background: white; font-variant-ligatures: normal; font-variant-caps: normal; orphans: 2; text-align: justify; widows: 2; -webkit-text-stroke-width: 0px; text-decoration-thickness: initial; text-decoration-style: initial; text-decoration-color: initial; box-sizing: border-box; word-spacing: 0px; margin: 0cm 0cm 13.5pt;\"><span style=\"font-size: 13.0pt; font-family: 'Reforma1918','serif'; color: #222222;\">El Congreso ser\u00e1 organizado conjuntamente entre la Universidad Nacional del Centro de la Provincia de Buenos Aires (UNICEN), la Universidad Tecnol\u00f3gica Nacional (UTN) y la Universidad de Passo Fundo (UPF \u2013 Brasil).<\/span><\/p>\n<p style=\"background: white; font-variant-ligatures: normal; font-variant-caps: normal; orphans: 2; text-align: justify; widows: 2; -webkit-text-stroke-width: 0px; text-decoration-thickness: initial; text-decoration-style: initial; text-decoration-color: initial; box-sizing: border-box; word-spacing: 0px; margin: 0cm 0cm 13.5pt;\"><span style=\"font-size: 13.0pt; font-family: 'Reforma1918','serif'; color: #222222;\">Todo el congreso se desarrollar\u00e1 de manera virtual y en el caso de que la situaci\u00f3n epidemiol\u00f3gica lo permita, tambi\u00e9n se realizar\u00e1n encuentros presenciales en cada CPREs en simult\u00e1neo durante la semana del congreso.<\/span><\/p>\n<p style=\"background: white; font-variant-ligatures: normal; font-variant-caps: normal; orphans: 2; text-align: justify; widows: 2; -webkit-text-stroke-width: 0px; text-decoration-thickness: initial; text-decoration-style: initial; text-decoration-color: initial; box-sizing: border-box; word-spacing: 0px; margin: 0cm 0cm 13.5pt;\"><span style=\"font-size: 13.0pt; font-family: 'Reforma1918','serif'; color: #222222;\">Adem\u00e1s de los tradicionales paneles centrales de prestigios y destacados conferencistas, los participantes podr\u00e1n presentar trabajos escritos, donde se busque reflexionar sobre la propia pr\u00e1ctica extensionista y participar de las mesas de debate, podr\u00e1n presentar tambi\u00e9n video-experiencias, en donde puedan mostrar de manera \u00e1gil una experiencia particular y tambi\u00e9n podr\u00e1n presentar propuestas de talleres abiertos.<\/span><\/p>\n<p style=\"background: white; font-variant-ligatures: normal; font-variant-caps: normal; orphans: 2; text-align: justify; widows: 2; -webkit-text-stroke-width: 0px; text-decoration-thickness: initial; text-decoration-style: initial; text-decoration-color: initial; box-sizing: border-box; word-spacing: 0px; margin: 0cm 0cm 13.5pt;\"><span style=\"font-size: 13.0pt; font-family: 'Reforma1918','serif'; color: #222222;\">Hasta el 7 de junio se encuentra abierta la recepci\u00f3n de propuestas de talleres, video experiencias y ponencias escritas. Estas fechas podr\u00e1n ser modificadas por la Comisi\u00f3n Organizadora en caso de ser necesario.<\/span><\/p>\n<p style=\"background: white; font-variant-ligatures: normal; font-variant-caps: normal; orphans: 2; text-align: start; widows: 2; -webkit-text-stroke-width: 0px; text-decoration-thickness: initial; text-decoration-style: initial; text-decoration-color: initial; box-sizing: border-box; word-spacing: 0px; margin: 0cm 0cm 13.5pt 0cm;\"><strong style=\"box-sizing: border-box;\"><span style=\"font-size: 13.0pt; font-family: 'Reforma1918','serif'; color: #222222;\">Descargar Circular 1 haciendo click\u00a0<a style=\"box-sizing: border-box; text-decoration-line: none;\" href=\"https:\/\/www.unc.edu.ar\/sites\/default\/files\/I-Circular-IX-Congreso-Nacional-de-Extension-VIII-Jornadas-de-Extension-del-Mercosur.docx_.pdf\" target=\"_blank\" rel=\"noopener\" data-saferedirecturl=\"https:\/\/www.google.com\/url?q=https:\/\/www.unc.edu.ar\/sites\/default\/files\/I-Circular-IX-Congreso-Nacional-de-Extension-VIII-Jornadas-de-Extension-del-Mercosur.docx_.pdf&amp;source=gmail&amp;ust=1622649376308000&amp;usg=AFQjCNE59jjbKjrO-cBBg5_az8BiFwP8Cw\"><span style=\"color: #801646;\">AQUI<\/span><\/a><\/span><\/strong><span style=\"font-size: 13.0pt; font-family: 'Reforma1918','serif'; color: #222222;\"><br style=\"box-sizing: border-box;\" \/><strong style=\"box-sizing: border-box;\"><span style=\"font-family: 'Reforma1918','serif';\">Descargar Circular 2 haciendo click\u00a0<a style=\"box-sizing: border-box; text-decoration-line: none;\" href=\"https:\/\/www.unc.edu.ar\/sites\/default\/files\/2-circular-Congreso-Extension-espanol.pdf\" target=\"_blank\" rel=\"noopener\" data-saferedirecturl=\"https:\/\/www.google.com\/url?q=https:\/\/www.unc.edu.ar\/sites\/default\/files\/2-circular-Congreso-Extension-espanol.pdf&amp;source=gmail&amp;ust=1622649376308000&amp;usg=AFQjCNFZ12xS_oZBzZK8a9QnBOzmoEveLg\"><span style=\"color: #801646;\">AQUI<\/span><\/a><\/span><\/strong><\/span><\/p>\n<p style=\"background: white; font-variant-ligatures: normal; font-variant-caps: normal; orphans: 2; text-align: start; widows: 2; -webkit-text-stroke-width: 0px; text-decoration-thickness: initial; text-decoration-style: initial; text-decoration-color: initial; box-sizing: border-box; word-spacing: 0px; margin: 0cm 0cm 13.5pt 0cm;\"><span style=\"font-size: 13.0pt; font-family: 'Reforma1918','serif'; color: #222222;\">Informes, inscripci\u00f3n y m\u00e1s datos:\u00a0<a style=\"box-sizing: border-box; text-decoration-line: none;\" href=\"https:\/\/web.extension.unicen.edu.ar\/congreso\/\" target=\"_blank\" rel=\"noopener\" data-saferedirecturl=\"https:\/\/www.google.com\/url?q=https:\/\/web.extension.unicen.edu.ar\/congreso\/&amp;source=gmail&amp;ust=1622649376308000&amp;usg=AFQjCNGxnf3z6XxMinBN53Yysfk-L0cJ-g\"><span style=\"color: #801646;\">https:\/\/web.extension.<wbr \/>unicen.edu.ar\/congreso\/<\/span><\/a>\u00a0<\/span><\/p>\n","protected":false},"excerpt":{"rendered":"<p>En un nuevo plenario de la red de Extensi\u00f3n Universitaria (REXUNI), y de manera virtual, secretarios y secretarias de Extensi\u00f3n de todas las universidades nacionales&hellip;<\/p>\n","protected":false},"author":9,"featured_media":3489,"comment_status":"closed","ping_status":"closed","sticky":false,"template":"","format":"standard","meta":{"om_disable_all_campaigns":false,"_monsterinsights_skip_tracking":false,"_monsterinsights_sitenote_active":false,"_monsterinsights_sitenote_note":"","_monsterinsights_sitenote_category":0,"footnotes":""},"categories":[21],"tags":[],"class_list":["post-3811","post","type-post","status-publish","format-standard","has-post-thumbnail","hentry","category-archivadas"],"yoast_head":"<!-- This site is optimized with the Yoast SEO plugin v27.5 - https:\/\/yoast.com\/product\/yoast-seo-wordpress\/ -->\n<title>IX Congreso Nacional de Extensi\u00f3n y VIII Jornadas de Extensi\u00f3n del Mercosur - Facultad de Ciencias Econ\u00f3micas, Jur\u00ed\u00addicas y Sociales<\/title>\n<meta name=\"robots\" content=\"index, follow, max-snippet:-1, max-image-preview:large, max-video-preview:-1\" \/>\n<link rel=\"canonical\" href=\"https:\/\/www.fcejs.unsl.edu.ar\/index.php\/ix-congreso-nacional-de-extension-y-viii-jornadas-de-extension-del-mercosur\/\" \/>\n<meta property=\"og:locale\" content=\"es_ES\" \/>\n<meta property=\"og:type\" content=\"article\" \/>\n<meta property=\"og:title\" content=\"IX Congreso Nacional de Extensi\u00f3n y VIII Jornadas de Extensi\u00f3n del Mercosur - Facultad de Ciencias Econ\u00f3micas, Jur\u00ed\u00addicas y Sociales\" \/>\n<meta property=\"og:description\" content=\"En un nuevo plenario de la red de Extensi\u00f3n Universitaria (REXUNI), y de manera virtual, secretarios y secretarias de Extensi\u00f3n de todas las universidades nacionales&hellip;\" \/>\n<meta property=\"og:url\" content=\"https:\/\/www.fcejs.unsl.edu.ar\/index.php\/ix-congreso-nacional-de-extension-y-viii-jornadas-de-extension-del-mercosur\/\" \/>\n<meta property=\"og:site_name\" content=\"Facultad de Ciencias Econ\u00f3micas, Jur\u00ed\u00addicas y Sociales\" \/>\n<meta property=\"article:publisher\" content=\"https:\/\/www.facebook.com\/FCEJS.UNSL\/\" \/>\n<meta property=\"article:published_time\" content=\"2021-09-10T16:10:41+00:00\" \/>\n<meta property=\"article:modified_time\" content=\"2021-09-20T11:47:41+00:00\" \/>\n<meta property=\"og:image\" content=\"https:\/\/www.fcejs.unsl.edu.ar\/wp-content\/uploads\/2021\/05\/logo-ix-congreso-02.png\" \/>\n\t<meta property=\"og:image:width\" content=\"1275\" \/>\n\t<meta property=\"og:image:height\" content=\"598\" \/>\n\t<meta property=\"og:image:type\" content=\"image\/png\" \/>\n<meta name=\"author\" content=\"DATI\" \/>\n<meta name=\"twitter:card\" content=\"summary_large_image\" \/>\n<meta name=\"twitter:creator\" content=\"@FCEJSUNSL\" \/>\n<meta name=\"twitter:site\" content=\"@FCEJSUNSL\" \/>\n<meta name=\"twitter:label1\" content=\"Escrito por\" \/>\n\t<meta name=\"twitter:data1\" content=\"DATI\" \/>\n\t<meta name=\"twitter:label2\" content=\"Tiempo de lectura\" \/>\n\t<meta name=\"twitter:data2\" content=\"1 minuto\" \/>\n<script type=\"application\/ld+json\" class=\"yoast-schema-graph\">{\"@context\":\"https:\\\/\\\/schema.org\",\"@graph\":[{\"@type\":\"Article\",\"@id\":\"https:\\\/\\\/www.fcejs.unsl.edu.ar\\\/index.php\\\/ix-congreso-nacional-de-extension-y-viii-jornadas-de-extension-del-mercosur\\\/#article\",\"isPartOf\":{\"@id\":\"https:\\\/\\\/www.fcejs.unsl.edu.ar\\\/index.php\\\/ix-congreso-nacional-de-extension-y-viii-jornadas-de-extension-del-mercosur\\\/\"},\"author\":{\"name\":\"DATI\",\"@id\":\"https:\\\/\\\/www.fcejs.unsl.edu.ar\\\/#\\\/schema\\\/person\\\/352ee6ed90c3f394c7cb5945f8956d34\"},\"headline\":\"IX Congreso Nacional de Extensi\u00f3n y VIII Jornadas de Extensi\u00f3n del Mercosur\",\"datePublished\":\"2021-09-10T16:10:41+00:00\",\"dateModified\":\"2021-09-20T11:47:41+00:00\",\"mainEntityOfPage\":{\"@id\":\"https:\\\/\\\/www.fcejs.unsl.edu.ar\\\/index.php\\\/ix-congreso-nacional-de-extension-y-viii-jornadas-de-extension-del-mercosur\\\/\"},\"wordCount\":255,\"publisher\":{\"@id\":\"https:\\\/\\\/www.fcejs.unsl.edu.ar\\\/#organization\"},\"image\":{\"@id\":\"https:\\\/\\\/www.fcejs.unsl.edu.ar\\\/index.php\\\/ix-congreso-nacional-de-extension-y-viii-jornadas-de-extension-del-mercosur\\\/#primaryimage\"},\"thumbnailUrl\":\"https:\\\/\\\/www.fcejs.unsl.edu.ar\\\/wp-content\\\/uploads\\\/2021\\\/05\\\/logo-ix-congreso-02.png\",\"articleSection\":[\"Archivadas\"],\"inLanguage\":\"es-AR\"},{\"@type\":\"WebPage\",\"@id\":\"https:\\\/\\\/www.fcejs.unsl.edu.ar\\\/index.php\\\/ix-congreso-nacional-de-extension-y-viii-jornadas-de-extension-del-mercosur\\\/\",\"url\":\"https:\\\/\\\/www.fcejs.unsl.edu.ar\\\/index.php\\\/ix-congreso-nacional-de-extension-y-viii-jornadas-de-extension-del-mercosur\\\/\",\"name\":\"IX Congreso Nacional de Extensi\u00f3n y VIII Jornadas de Extensi\u00f3n del Mercosur - Facultad de Ciencias Econ\u00f3micas, Jur\u00ed\u00addicas y Sociales\",\"isPartOf\":{\"@id\":\"https:\\\/\\\/www.fcejs.unsl.edu.ar\\\/#website\"},\"primaryImageOfPage\":{\"@id\":\"https:\\\/\\\/www.fcejs.unsl.edu.ar\\\/index.php\\\/ix-congreso-nacional-de-extension-y-viii-jornadas-de-extension-del-mercosur\\\/#primaryimage\"},\"image\":{\"@id\":\"https:\\\/\\\/www.fcejs.unsl.edu.ar\\\/index.php\\\/ix-congreso-nacional-de-extension-y-viii-jornadas-de-extension-del-mercosur\\\/#primaryimage\"},\"thumbnailUrl\":\"https:\\\/\\\/www.fcejs.unsl.edu.ar\\\/wp-content\\\/uploads\\\/2021\\\/05\\\/logo-ix-congreso-02.png\",\"datePublished\":\"2021-09-10T16:10:41+00:00\",\"dateModified\":\"2021-09-20T11:47:41+00:00\",\"breadcrumb\":{\"@id\":\"https:\\\/\\\/www.fcejs.unsl.edu.ar\\\/index.php\\\/ix-congreso-nacional-de-extension-y-viii-jornadas-de-extension-del-mercosur\\\/#breadcrumb\"},\"inLanguage\":\"es-AR\",\"potentialAction\":[{\"@type\":\"ReadAction\",\"target\":[\"https:\\\/\\\/www.fcejs.unsl.edu.ar\\\/index.php\\\/ix-congreso-nacional-de-extension-y-viii-jornadas-de-extension-del-mercosur\\\/\"]}]},{\"@type\":\"ImageObject\",\"inLanguage\":\"es-AR\",\"@id\":\"https:\\\/\\\/www.fcejs.unsl.edu.ar\\\/index.php\\\/ix-congreso-nacional-de-extension-y-viii-jornadas-de-extension-del-mercosur\\\/#primaryimage\",\"url\":\"https:\\\/\\\/www.fcejs.unsl.edu.ar\\\/wp-content\\\/uploads\\\/2021\\\/05\\\/logo-ix-congreso-02.png\",\"contentUrl\":\"https:\\\/\\\/www.fcejs.unsl.edu.ar\\\/wp-content\\\/uploads\\\/2021\\\/05\\\/logo-ix-congreso-02.png\",\"width\":1275,\"height\":598},{\"@type\":\"BreadcrumbList\",\"@id\":\"https:\\\/\\\/www.fcejs.unsl.edu.ar\\\/index.php\\\/ix-congreso-nacional-de-extension-y-viii-jornadas-de-extension-del-mercosur\\\/#breadcrumb\",\"itemListElement\":[{\"@type\":\"ListItem\",\"position\":1,\"name\":\"Inicio\",\"item\":\"https:\\\/\\\/www.fcejs.unsl.edu.ar\\\/\"},{\"@type\":\"ListItem\",\"position\":2,\"name\":\"IX Congreso Nacional de Extensi\u00f3n y VIII Jornadas de Extensi\u00f3n del Mercosur\"}]},{\"@type\":\"WebSite\",\"@id\":\"https:\\\/\\\/www.fcejs.unsl.edu.ar\\\/#website\",\"url\":\"https:\\\/\\\/www.fcejs.unsl.edu.ar\\\/\",\"name\":\"Facultad de Ciencias Econ\u00f3micas, Jur\u00ed\u00addicas y Sociales\",\"description\":\"\",\"publisher\":{\"@id\":\"https:\\\/\\\/www.fcejs.unsl.edu.ar\\\/#organization\"},\"potentialAction\":[{\"@type\":\"SearchAction\",\"target\":{\"@type\":\"EntryPoint\",\"urlTemplate\":\"https:\\\/\\\/www.fcejs.unsl.edu.ar\\\/?s={search_term_string}\"},\"query-input\":{\"@type\":\"PropertyValueSpecification\",\"valueRequired\":true,\"valueName\":\"search_term_string\"}}],\"inLanguage\":\"es-AR\"},{\"@type\":\"Organization\",\"@id\":\"https:\\\/\\\/www.fcejs.unsl.edu.ar\\\/#organization\",\"name\":\"Facultad de Ciencias Econ\u00f3micas, Jur\u00eddicas y Sociales\",\"url\":\"https:\\\/\\\/www.fcejs.unsl.edu.ar\\\/\",\"logo\":{\"@type\":\"ImageObject\",\"inLanguage\":\"es-AR\",\"@id\":\"https:\\\/\\\/www.fcejs.unsl.edu.ar\\\/#\\\/schema\\\/logo\\\/image\\\/\",\"url\":\"https:\\\/\\\/www.fcejs.unsl.edu.ar\\\/wp-content\\\/uploads\\\/2021\\\/03\\\/logo-1.jpg\",\"contentUrl\":\"https:\\\/\\\/www.fcejs.unsl.edu.ar\\\/wp-content\\\/uploads\\\/2021\\\/03\\\/logo-1.jpg\",\"width\":471,\"height\":146,\"caption\":\"Facultad de Ciencias Econ\u00f3micas, Jur\u00eddicas y Sociales\"},\"image\":{\"@id\":\"https:\\\/\\\/www.fcejs.unsl.edu.ar\\\/#\\\/schema\\\/logo\\\/image\\\/\"},\"sameAs\":[\"https:\\\/\\\/www.facebook.com\\\/FCEJS.UNSL\\\/\",\"https:\\\/\\\/x.com\\\/FCEJSUNSL\",\"https:\\\/\\\/www.instagram.com\\\/fcejs.unsl\\\/\",\"https:\\\/\\\/www.youtube.com\\\/channel\\\/UCH-Ut6EaN_X5ogjIQMPe46g\\\/\"]},{\"@type\":\"Person\",\"@id\":\"https:\\\/\\\/www.fcejs.unsl.edu.ar\\\/#\\\/schema\\\/person\\\/352ee6ed90c3f394c7cb5945f8956d34\",\"name\":\"DATI\"}]}<\/script>\n<!-- \/ Yoast SEO plugin. -->","yoast_head_json":{"title":"IX Congreso Nacional de Extensi\u00f3n y VIII Jornadas de Extensi\u00f3n del Mercosur - Facultad de Ciencias Econ\u00f3micas, Jur\u00ed\u00addicas y Sociales","robots":{"index":"index","follow":"follow","max-snippet":"max-snippet:-1","max-image-preview":"max-image-preview:large","max-video-preview":"max-video-preview:-1"},"canonical":"https:\/\/www.fcejs.unsl.edu.ar\/index.php\/ix-congreso-nacional-de-extension-y-viii-jornadas-de-extension-del-mercosur\/","og_locale":"es_ES","og_type":"article","og_title":"IX Congreso Nacional de Extensi\u00f3n y VIII Jornadas de Extensi\u00f3n del Mercosur - Facultad de Ciencias Econ\u00f3micas, Jur\u00ed\u00addicas y Sociales","og_description":"En un nuevo plenario de la red de Extensi\u00f3n Universitaria (REXUNI), y de manera virtual, secretarios y secretarias de Extensi\u00f3n de todas las universidades nacionales&hellip;","og_url":"https:\/\/www.fcejs.unsl.edu.ar\/index.php\/ix-congreso-nacional-de-extension-y-viii-jornadas-de-extension-del-mercosur\/","og_site_name":"Facultad de Ciencias Econ\u00f3micas, Jur\u00ed\u00addicas y Sociales","article_publisher":"https:\/\/www.facebook.com\/FCEJS.UNSL\/","article_published_time":"2021-09-10T16:10:41+00:00","article_modified_time":"2021-09-20T11:47:41+00:00","og_image":[{"width":1275,"height":598,"url":"https:\/\/www.fcejs.unsl.edu.ar\/wp-content\/uploads\/2021\/05\/logo-ix-congreso-02.png","type":"image\/png"}],"author":"DATI","twitter_card":"summary_large_image","twitter_creator":"@FCEJSUNSL","twitter_site":"@FCEJSUNSL","twitter_misc":{"Escrito por":"DATI","Tiempo de lectura":"1 minuto"},"schema":{"@context":"https:\/\/schema.org","@graph":[{"@type":"Article","@id":"https:\/\/www.fcejs.unsl.edu.ar\/index.php\/ix-congreso-nacional-de-extension-y-viii-jornadas-de-extension-del-mercosur\/#article","isPartOf":{"@id":"https:\/\/www.fcejs.unsl.edu.ar\/index.php\/ix-congreso-nacional-de-extension-y-viii-jornadas-de-extension-del-mercosur\/"},"author":{"name":"DATI","@id":"https:\/\/www.fcejs.unsl.edu.ar\/#\/schema\/person\/352ee6ed90c3f394c7cb5945f8956d34"},"headline":"IX Congreso Nacional de Extensi\u00f3n y VIII Jornadas de Extensi\u00f3n del Mercosur","datePublished":"2021-09-10T16:10:41+00:00","dateModified":"2021-09-20T11:47:41+00:00","mainEntityOfPage":{"@id":"https:\/\/www.fcejs.unsl.edu.ar\/index.php\/ix-congreso-nacional-de-extension-y-viii-jornadas-de-extension-del-mercosur\/"},"wordCount":255,"publisher":{"@id":"https:\/\/www.fcejs.unsl.edu.ar\/#organization"},"image":{"@id":"https:\/\/www.fcejs.unsl.edu.ar\/index.php\/ix-congreso-nacional-de-extension-y-viii-jornadas-de-extension-del-mercosur\/#primaryimage"},"thumbnailUrl":"https:\/\/www.fcejs.unsl.edu.ar\/wp-content\/uploads\/2021\/05\/logo-ix-congreso-02.png","articleSection":["Archivadas"],"inLanguage":"es-AR"},{"@type":"WebPage","@id":"https:\/\/www.fcejs.unsl.edu.ar\/index.php\/ix-congreso-nacional-de-extension-y-viii-jornadas-de-extension-del-mercosur\/","url":"https:\/\/www.fcejs.unsl.edu.ar\/index.php\/ix-congreso-nacional-de-extension-y-viii-jornadas-de-extension-del-mercosur\/","name":"IX Congreso Nacional de Extensi\u00f3n y VIII Jornadas de Extensi\u00f3n del Mercosur - Facultad de Ciencias Econ\u00f3micas, Jur\u00ed\u00addicas y Sociales","isPartOf":{"@id":"https:\/\/www.fcejs.unsl.edu.ar\/#website"},"primaryImageOfPage":{"@id":"https:\/\/www.fcejs.unsl.edu.ar\/index.php\/ix-congreso-nacional-de-extension-y-viii-jornadas-de-extension-del-mercosur\/#primaryimage"},"image":{"@id":"https:\/\/www.fcejs.unsl.edu.ar\/index.php\/ix-congreso-nacional-de-extension-y-viii-jornadas-de-extension-del-mercosur\/#primaryimage"},"thumbnailUrl":"https:\/\/www.fcejs.unsl.edu.ar\/wp-content\/uploads\/2021\/05\/logo-ix-congreso-02.png","datePublished":"2021-09-10T16:10:41+00:00","dateModified":"2021-09-20T11:47:41+00:00","breadcrumb":{"@id":"https:\/\/www.fcejs.unsl.edu.ar\/index.php\/ix-congreso-nacional-de-extension-y-viii-jornadas-de-extension-del-mercosur\/#breadcrumb"},"inLanguage":"es-AR","potentialAction":[{"@type":"ReadAction","target":["https:\/\/www.fcejs.unsl.edu.ar\/index.php\/ix-congreso-nacional-de-extension-y-viii-jornadas-de-extension-del-mercosur\/"]}]},{"@type":"ImageObject","inLanguage":"es-AR","@id":"https:\/\/www.fcejs.unsl.edu.ar\/index.php\/ix-congreso-nacional-de-extension-y-viii-jornadas-de-extension-del-mercosur\/#primaryimage","url":"https:\/\/www.fcejs.unsl.edu.ar\/wp-content\/uploads\/2021\/05\/logo-ix-congreso-02.png","contentUrl":"https:\/\/www.fcejs.unsl.edu.ar\/wp-content\/uploads\/2021\/05\/logo-ix-congreso-02.png","width":1275,"height":598},{"@type":"BreadcrumbList","@id":"https:\/\/www.fcejs.unsl.edu.ar\/index.php\/ix-congreso-nacional-de-extension-y-viii-jornadas-de-extension-del-mercosur\/#breadcrumb","itemListElement":[{"@type":"ListItem","position":1,"name":"Inicio","item":"https:\/\/www.fcejs.unsl.edu.ar\/"},{"@type":"ListItem","position":2,"name":"IX Congreso Nacional de Extensi\u00f3n y VIII Jornadas de Extensi\u00f3n del Mercosur"}]},{"@type":"WebSite","@id":"https:\/\/www.fcejs.unsl.edu.ar\/#website","url":"https:\/\/www.fcejs.unsl.edu.ar\/","name":"Facultad de Ciencias Econ\u00f3micas, Jur\u00ed\u00addicas y Sociales","description":"","publisher":{"@id":"https:\/\/www.fcejs.unsl.edu.ar\/#organization"},"potentialAction":[{"@type":"SearchAction","target":{"@type":"EntryPoint","urlTemplate":"https:\/\/www.fcejs.unsl.edu.ar\/?s={search_term_string}"},"query-input":{"@type":"PropertyValueSpecification","valueRequired":true,"valueName":"search_term_string"}}],"inLanguage":"es-AR"},{"@type":"Organization","@id":"https:\/\/www.fcejs.unsl.edu.ar\/#organization","name":"Facultad de Ciencias Econ\u00f3micas, Jur\u00eddicas y Sociales","url":"https:\/\/www.fcejs.unsl.edu.ar\/","logo":{"@type":"ImageObject","inLanguage":"es-AR","@id":"https:\/\/www.fcejs.unsl.edu.ar\/#\/schema\/logo\/image\/","url":"https:\/\/www.fcejs.unsl.edu.ar\/wp-content\/uploads\/2021\/03\/logo-1.jpg","contentUrl":"https:\/\/www.fcejs.unsl.edu.ar\/wp-content\/uploads\/2021\/03\/logo-1.jpg","width":471,"height":146,"caption":"Facultad de Ciencias Econ\u00f3micas, Jur\u00eddicas y Sociales"},"image":{"@id":"https:\/\/www.fcejs.unsl.edu.ar\/#\/schema\/logo\/image\/"},"sameAs":["https:\/\/www.facebook.com\/FCEJS.UNSL\/","https:\/\/x.com\/FCEJSUNSL","https:\/\/www.instagram.com\/fcejs.unsl\/","https:\/\/www.youtube.com\/channel\/UCH-Ut6EaN_X5ogjIQMPe46g\/"]},{"@type":"Person","@id":"https:\/\/www.fcejs.unsl.edu.ar\/#\/schema\/person\/352ee6ed90c3f394c7cb5945f8956d34","name":"DATI"}]}},"jetpack_featured_media_url":"https:\/\/www.fcejs.unsl.edu.ar\/wp-content\/uploads\/2021\/05\/logo-ix-congreso-02.png","_links":{"self":[{"href":"https:\/\/www.fcejs.unsl.edu.ar\/index.php\/wp-json\/wp\/v2\/posts\/3811","targetHints":{"allow":["GET"]}}],"collection":[{"href":"https:\/\/www.fcejs.unsl.edu.ar\/index.php\/wp-json\/wp\/v2\/posts"}],"about":[{"href":"https:\/\/www.fcejs.unsl.edu.ar\/index.php\/wp-json\/wp\/v2\/types\/post"}],"author":[{"embeddable":true,"href":"https:\/\/www.fcejs.unsl.edu.ar\/index.php\/wp-json\/wp\/v2\/users\/9"}],"replies":[{"embeddable":true,"href":"https:\/\/www.fcejs.unsl.edu.ar\/index.php\/wp-json\/wp\/v2\/comments?post=3811"}],"version-history":[{"count":2,"href":"https:\/\/www.fcejs.unsl.edu.ar\/index.php\/wp-json\/wp\/v2\/posts\/3811\/revisions"}],"predecessor-version":[{"id":5325,"href":"https:\/\/www.fcejs.unsl.edu.ar\/index.php\/wp-json\/wp\/v2\/posts\/3811\/revisions\/5325"}],"wp:featuredmedia":[{"embeddable":true,"href":"https:\/\/www.fcejs.unsl.edu.ar\/index.php\/wp-json\/wp\/v2\/media\/3489"}],"wp:attachment":[{"href":"https:\/\/www.fcejs.unsl.edu.ar\/index.php\/wp-json\/wp\/v2\/media?parent=3811"}],"wp:term":[{"taxonomy":"category","embeddable":true,"href":"https:\/\/www.fcejs.unsl.edu.ar\/index.php\/wp-json\/wp\/v2\/categories?post=3811"},{"taxonomy":"post_tag","embeddable":true,"href":"https:\/\/www.fcejs.unsl.edu.ar\/index.php\/wp-json\/wp\/v2\/tags?post=3811"}],"curies":[{"name":"wp","href":"https:\/\/api.w.org\/{rel}","templated":true}]}}