{"id":3784,"date":"2021-05-31T17:10:55","date_gmt":"2021-05-31T20:10:55","guid":{"rendered":"http:\/\/10.101.10.197\/www\/?p=3784"},"modified":"2021-06-10T21:42:02","modified_gmt":"2021-06-11T00:42:02","slug":"informan-los-as-precandidatos-as-a-las-elecciones-dospu-de-com","status":"publish","type":"post","link":"https:\/\/www.fcejs.unsl.edu.ar\/index.php\/informan-los-as-precandidatos-as-a-las-elecciones-dospu-de-com\/","title":{"rendered":"Informan los\/as precandidatos\/as a las elecciones DOSPU-De.Com."},"content":{"rendered":"<p>La Junta Electoral designada por el Directorio de la Direcci\u00f3n de Obra Social para el Personal Universitario (DOSPU) recepcion\u00f3 las listas de candidatos\/as titulares y suplentes para integrar autoridades del Directorio de la DOSPU y Departamento de Complementaci\u00f3n y, Consejo de Auditor\u00eda.<\/p>\n<p>Se informan a continuaci\u00f3n las listas presentadas:<\/p>\n<p><strong>En representaci\u00f3n del sector Jubilados Afiliados a DOSPU \u2013 DECOM<\/strong><\/p>\n<p><strong>Lista Responsabilidad y compromiso<\/strong><br \/>\nDirector\/a titular: Marta Susana Ojeda<br \/>\nPrimer\/a suplente: Ana Mar\u00eda Brigada<br \/>\nSegundo\/a suplente: Lidia del Carmen Unger.<\/p>\n<p><strong>En representaci\u00f3n del claustro nodocente de Villa Mercedes<\/strong><\/p>\n<p><strong>Lista Verde unidad nodocente<\/strong><br \/>\nDirector\/a titular: Daniel Federico Berro<br \/>\nPrimer\/a suplente: M\u00f3nica Graciela Nolte<br \/>\nSegundo\/a suplente: Mar\u00eda Florencia Brocca.<\/p>\n<p><strong>En representaci\u00f3n del claustro docente de Villa Mercedes<\/strong><\/p>\n<p><strong>Lista Salud y compromiso universitario<\/strong><br \/>\nDirector\/a titular: Ivana Romina Muzevich<br \/>\nPrimer\/a suplente: Mat\u00edas Ezequiel Funes<br \/>\nSegundo\/a suplente: Patricia de Lourdes Moran.<\/p>\n<p><strong>En representaci\u00f3n del claustro nodocente de San Luis<\/strong><\/p>\n<p><strong>Lista Verde unidad nodocente<\/strong><br \/>\nDirector\/a titular: Luis Segundo Heredia Rojos<br \/>\nSegundo\/a director\/a titular: Norma Noemi Andrada<br \/>\nPrimer\/a suplente: Andrea Noemi \u00c1vila<br \/>\nSegundo\/a suplente: Sandro Daniel Gil<br \/>\nTercer\/a suplente: Fabio Calder\u00f3n<br \/>\nCuarto\/a suplente: Sergio Gabriel Properzi.<\/p>\n<p><strong>En representaci\u00f3n del claustro docente de San Luis<\/strong><\/p>\n<p><strong>Lista Unidos por DOSPU<\/strong><br \/>\nDirector\/a titular: Carina Roxana Luna<br \/>\nSegundo\/a director\/a titular: Ana Mar\u00eda Pedernera Panelo<br \/>\nPrimer\/a suplente: Hugo Daniel Piola<br \/>\nSegundo\/a suplente: Corina Natalia Abdelahad<br \/>\nTercer\/a suplente: Eliana Soledad Oro Ozan<br \/>\nCuarto\/a suplente: Cecilia Lorena Rodoni.<\/p>\n<p><strong>En representaci\u00f3n de la Escuela Normal Juan Pascual Pringles<\/strong><\/p>\n<p><strong>Lista Unidos por DOSPU<\/strong><br \/>\nDirector\/a titular: Silvina Claudia Vel\u00e1zquez<br \/>\nPrimer\/a suplente: Elva Gabriela Rosell<br \/>\nSegundo\/a suplente: Patricia Liliana D\u00edaz Gui\u00f1az\u00fa.<\/p>\n<p><strong>Para el Consejo de Auditor\u00eda por personal nodocente<\/strong><\/p>\n<p><strong>Lista Verde unidad nodocente<\/strong><br \/>\nTitular: Juan Pascual<br \/>\nSuplente: Guillermo Carlos Scarpuzza.<\/p>\n<p><strong>Para el Consejo de Auditor\u00eda por personal docente<\/strong><\/p>\n<p><strong>Lista Unidos por DOSPU<\/strong><br \/>\nTitular: \u00c1lvaro Andr\u00e9s Lepore<br \/>\nSuplente: Alfredo Gabriel Zambrano.<\/p>\n","protected":false},"excerpt":{"rendered":"<p>La Junta Electoral designada por el Directorio de la Direcci\u00f3n de Obra Social para el Personal Universitario (DOSPU) recepcion\u00f3 las listas de candidatos\/as titulares y&hellip;<\/p>\n","protected":false},"author":9,"featured_media":3785,"comment_status":"closed","ping_status":"closed","sticky":false,"template":"","format":"standard","meta":{"om_disable_all_campaigns":false,"_monsterinsights_skip_tracking":false,"_monsterinsights_sitenote_active":false,"_monsterinsights_sitenote_note":"","_monsterinsights_sitenote_category":0,"footnotes":""},"categories":[21],"tags":[],"class_list":["post-3784","post","type-post","status-publish","format-standard","has-post-thumbnail","hentry","category-archivadas"],"yoast_head":"<!-- This site is optimized with the Yoast SEO plugin v27.4 - https:\/\/yoast.com\/product\/yoast-seo-wordpress\/ -->\n<title>Informan los\/as precandidatos\/as a las elecciones DOSPU-De.Com. - Facultad de Ciencias Econ\u00f3micas, Jur\u00ed\u00addicas y Sociales<\/title>\n<meta name=\"robots\" content=\"index, follow, max-snippet:-1, max-image-preview:large, max-video-preview:-1\" \/>\n<link rel=\"canonical\" href=\"https:\/\/www.fcejs.unsl.edu.ar\/index.php\/informan-los-as-precandidatos-as-a-las-elecciones-dospu-de-com\/\" \/>\n<meta property=\"og:locale\" content=\"es_ES\" \/>\n<meta property=\"og:type\" content=\"article\" \/>\n<meta property=\"og:title\" content=\"Informan los\/as precandidatos\/as a las elecciones DOSPU-De.Com. - Facultad de Ciencias Econ\u00f3micas, Jur\u00ed\u00addicas y Sociales\" \/>\n<meta property=\"og:description\" content=\"La Junta Electoral designada por el Directorio de la Direcci\u00f3n de Obra Social para el Personal Universitario (DOSPU) recepcion\u00f3 las listas de candidatos\/as titulares y&hellip;\" \/>\n<meta property=\"og:url\" content=\"https:\/\/www.fcejs.unsl.edu.ar\/index.php\/informan-los-as-precandidatos-as-a-las-elecciones-dospu-de-com\/\" \/>\n<meta property=\"og:site_name\" content=\"Facultad de Ciencias Econ\u00f3micas, Jur\u00ed\u00addicas y Sociales\" \/>\n<meta property=\"article:publisher\" content=\"https:\/\/www.facebook.com\/FCEJS.UNSL\/\" \/>\n<meta property=\"article:published_time\" content=\"2021-05-31T20:10:55+00:00\" \/>\n<meta property=\"article:modified_time\" content=\"2021-06-11T00:42:02+00:00\" \/>\n<meta property=\"og:image\" content=\"https:\/\/www.fcejs.unsl.edu.ar\/wp-content\/uploads\/2021\/05\/dospu-logo.jpg\" \/>\n\t<meta property=\"og:image:width\" content=\"1061\" \/>\n\t<meta property=\"og:image:height\" content=\"600\" \/>\n\t<meta property=\"og:image:type\" content=\"image\/jpeg\" \/>\n<meta name=\"author\" content=\"DATI\" \/>\n<meta name=\"twitter:card\" content=\"summary_large_image\" \/>\n<meta name=\"twitter:creator\" content=\"@FCEJSUNSL\" \/>\n<meta name=\"twitter:site\" content=\"@FCEJSUNSL\" \/>\n<meta name=\"twitter:label1\" content=\"Escrito por\" \/>\n\t<meta name=\"twitter:data1\" content=\"DATI\" \/>\n\t<meta name=\"twitter:label2\" content=\"Tiempo de lectura\" \/>\n\t<meta name=\"twitter:data2\" content=\"2 minutos\" \/>\n<script type=\"application\/ld+json\" class=\"yoast-schema-graph\">{\"@context\":\"https:\\\/\\\/schema.org\",\"@graph\":[{\"@type\":\"Article\",\"@id\":\"https:\\\/\\\/www.fcejs.unsl.edu.ar\\\/index.php\\\/informan-los-as-precandidatos-as-a-las-elecciones-dospu-de-com\\\/#article\",\"isPartOf\":{\"@id\":\"https:\\\/\\\/www.fcejs.unsl.edu.ar\\\/index.php\\\/informan-los-as-precandidatos-as-a-las-elecciones-dospu-de-com\\\/\"},\"author\":{\"name\":\"DATI\",\"@id\":\"https:\\\/\\\/www.fcejs.unsl.edu.ar\\\/#\\\/schema\\\/person\\\/352ee6ed90c3f394c7cb5945f8956d34\"},\"headline\":\"Informan los\\\/as precandidatos\\\/as a las elecciones DOSPU-De.Com.\",\"datePublished\":\"2021-05-31T20:10:55+00:00\",\"dateModified\":\"2021-06-11T00:42:02+00:00\",\"mainEntityOfPage\":{\"@id\":\"https:\\\/\\\/www.fcejs.unsl.edu.ar\\\/index.php\\\/informan-los-as-precandidatos-as-a-las-elecciones-dospu-de-com\\\/\"},\"wordCount\":349,\"publisher\":{\"@id\":\"https:\\\/\\\/www.fcejs.unsl.edu.ar\\\/#organization\"},\"image\":{\"@id\":\"https:\\\/\\\/www.fcejs.unsl.edu.ar\\\/index.php\\\/informan-los-as-precandidatos-as-a-las-elecciones-dospu-de-com\\\/#primaryimage\"},\"thumbnailUrl\":\"https:\\\/\\\/www.fcejs.unsl.edu.ar\\\/wp-content\\\/uploads\\\/2021\\\/05\\\/dospu-logo.jpg\",\"articleSection\":[\"Archivadas\"],\"inLanguage\":\"es-AR\"},{\"@type\":\"WebPage\",\"@id\":\"https:\\\/\\\/www.fcejs.unsl.edu.ar\\\/index.php\\\/informan-los-as-precandidatos-as-a-las-elecciones-dospu-de-com\\\/\",\"url\":\"https:\\\/\\\/www.fcejs.unsl.edu.ar\\\/index.php\\\/informan-los-as-precandidatos-as-a-las-elecciones-dospu-de-com\\\/\",\"name\":\"Informan los\\\/as precandidatos\\\/as a las elecciones DOSPU-De.Com. - Facultad de Ciencias Econ\u00f3micas, Jur\u00ed\u00addicas y Sociales\",\"isPartOf\":{\"@id\":\"https:\\\/\\\/www.fcejs.unsl.edu.ar\\\/#website\"},\"primaryImageOfPage\":{\"@id\":\"https:\\\/\\\/www.fcejs.unsl.edu.ar\\\/index.php\\\/informan-los-as-precandidatos-as-a-las-elecciones-dospu-de-com\\\/#primaryimage\"},\"image\":{\"@id\":\"https:\\\/\\\/www.fcejs.unsl.edu.ar\\\/index.php\\\/informan-los-as-precandidatos-as-a-las-elecciones-dospu-de-com\\\/#primaryimage\"},\"thumbnailUrl\":\"https:\\\/\\\/www.fcejs.unsl.edu.ar\\\/wp-content\\\/uploads\\\/2021\\\/05\\\/dospu-logo.jpg\",\"datePublished\":\"2021-05-31T20:10:55+00:00\",\"dateModified\":\"2021-06-11T00:42:02+00:00\",\"breadcrumb\":{\"@id\":\"https:\\\/\\\/www.fcejs.unsl.edu.ar\\\/index.php\\\/informan-los-as-precandidatos-as-a-las-elecciones-dospu-de-com\\\/#breadcrumb\"},\"inLanguage\":\"es-AR\",\"potentialAction\":[{\"@type\":\"ReadAction\",\"target\":[\"https:\\\/\\\/www.fcejs.unsl.edu.ar\\\/index.php\\\/informan-los-as-precandidatos-as-a-las-elecciones-dospu-de-com\\\/\"]}]},{\"@type\":\"ImageObject\",\"inLanguage\":\"es-AR\",\"@id\":\"https:\\\/\\\/www.fcejs.unsl.edu.ar\\\/index.php\\\/informan-los-as-precandidatos-as-a-las-elecciones-dospu-de-com\\\/#primaryimage\",\"url\":\"https:\\\/\\\/www.fcejs.unsl.edu.ar\\\/wp-content\\\/uploads\\\/2021\\\/05\\\/dospu-logo.jpg\",\"contentUrl\":\"https:\\\/\\\/www.fcejs.unsl.edu.ar\\\/wp-content\\\/uploads\\\/2021\\\/05\\\/dospu-logo.jpg\",\"width\":1061,\"height\":600},{\"@type\":\"BreadcrumbList\",\"@id\":\"https:\\\/\\\/www.fcejs.unsl.edu.ar\\\/index.php\\\/informan-los-as-precandidatos-as-a-las-elecciones-dospu-de-com\\\/#breadcrumb\",\"itemListElement\":[{\"@type\":\"ListItem\",\"position\":1,\"name\":\"Inicio\",\"item\":\"https:\\\/\\\/www.fcejs.unsl.edu.ar\\\/\"},{\"@type\":\"ListItem\",\"position\":2,\"name\":\"Informan los\\\/as precandidatos\\\/as a las elecciones DOSPU-De.Com.\"}]},{\"@type\":\"WebSite\",\"@id\":\"https:\\\/\\\/www.fcejs.unsl.edu.ar\\\/#website\",\"url\":\"https:\\\/\\\/www.fcejs.unsl.edu.ar\\\/\",\"name\":\"Facultad de Ciencias Econ\u00f3micas, Jur\u00ed\u00addicas y Sociales\",\"description\":\"\",\"publisher\":{\"@id\":\"https:\\\/\\\/www.fcejs.unsl.edu.ar\\\/#organization\"},\"potentialAction\":[{\"@type\":\"SearchAction\",\"target\":{\"@type\":\"EntryPoint\",\"urlTemplate\":\"https:\\\/\\\/www.fcejs.unsl.edu.ar\\\/?s={search_term_string}\"},\"query-input\":{\"@type\":\"PropertyValueSpecification\",\"valueRequired\":true,\"valueName\":\"search_term_string\"}}],\"inLanguage\":\"es-AR\"},{\"@type\":\"Organization\",\"@id\":\"https:\\\/\\\/www.fcejs.unsl.edu.ar\\\/#organization\",\"name\":\"Facultad de Ciencias Econ\u00f3micas, Jur\u00eddicas y Sociales\",\"url\":\"https:\\\/\\\/www.fcejs.unsl.edu.ar\\\/\",\"logo\":{\"@type\":\"ImageObject\",\"inLanguage\":\"es-AR\",\"@id\":\"https:\\\/\\\/www.fcejs.unsl.edu.ar\\\/#\\\/schema\\\/logo\\\/image\\\/\",\"url\":\"https:\\\/\\\/www.fcejs.unsl.edu.ar\\\/wp-content\\\/uploads\\\/2021\\\/03\\\/logo-1.jpg\",\"contentUrl\":\"https:\\\/\\\/www.fcejs.unsl.edu.ar\\\/wp-content\\\/uploads\\\/2021\\\/03\\\/logo-1.jpg\",\"width\":471,\"height\":146,\"caption\":\"Facultad de Ciencias Econ\u00f3micas, Jur\u00eddicas y Sociales\"},\"image\":{\"@id\":\"https:\\\/\\\/www.fcejs.unsl.edu.ar\\\/#\\\/schema\\\/logo\\\/image\\\/\"},\"sameAs\":[\"https:\\\/\\\/www.facebook.com\\\/FCEJS.UNSL\\\/\",\"https:\\\/\\\/x.com\\\/FCEJSUNSL\",\"https:\\\/\\\/www.instagram.com\\\/fcejs.unsl\\\/\",\"https:\\\/\\\/www.youtube.com\\\/channel\\\/UCH-Ut6EaN_X5ogjIQMPe46g\\\/\"]},{\"@type\":\"Person\",\"@id\":\"https:\\\/\\\/www.fcejs.unsl.edu.ar\\\/#\\\/schema\\\/person\\\/352ee6ed90c3f394c7cb5945f8956d34\",\"name\":\"DATI\"}]}<\/script>\n<!-- \/ Yoast SEO plugin. -->","yoast_head_json":{"title":"Informan los\/as precandidatos\/as a las elecciones DOSPU-De.Com. - Facultad de Ciencias Econ\u00f3micas, Jur\u00ed\u00addicas y Sociales","robots":{"index":"index","follow":"follow","max-snippet":"max-snippet:-1","max-image-preview":"max-image-preview:large","max-video-preview":"max-video-preview:-1"},"canonical":"https:\/\/www.fcejs.unsl.edu.ar\/index.php\/informan-los-as-precandidatos-as-a-las-elecciones-dospu-de-com\/","og_locale":"es_ES","og_type":"article","og_title":"Informan los\/as precandidatos\/as a las elecciones DOSPU-De.Com. - Facultad de Ciencias Econ\u00f3micas, Jur\u00ed\u00addicas y Sociales","og_description":"La Junta Electoral designada por el Directorio de la Direcci\u00f3n de Obra Social para el Personal Universitario (DOSPU) recepcion\u00f3 las listas de candidatos\/as titulares y&hellip;","og_url":"https:\/\/www.fcejs.unsl.edu.ar\/index.php\/informan-los-as-precandidatos-as-a-las-elecciones-dospu-de-com\/","og_site_name":"Facultad de Ciencias Econ\u00f3micas, Jur\u00ed\u00addicas y Sociales","article_publisher":"https:\/\/www.facebook.com\/FCEJS.UNSL\/","article_published_time":"2021-05-31T20:10:55+00:00","article_modified_time":"2021-06-11T00:42:02+00:00","og_image":[{"width":1061,"height":600,"url":"https:\/\/www.fcejs.unsl.edu.ar\/wp-content\/uploads\/2021\/05\/dospu-logo.jpg","type":"image\/jpeg"}],"author":"DATI","twitter_card":"summary_large_image","twitter_creator":"@FCEJSUNSL","twitter_site":"@FCEJSUNSL","twitter_misc":{"Escrito por":"DATI","Tiempo de lectura":"2 minutos"},"schema":{"@context":"https:\/\/schema.org","@graph":[{"@type":"Article","@id":"https:\/\/www.fcejs.unsl.edu.ar\/index.php\/informan-los-as-precandidatos-as-a-las-elecciones-dospu-de-com\/#article","isPartOf":{"@id":"https:\/\/www.fcejs.unsl.edu.ar\/index.php\/informan-los-as-precandidatos-as-a-las-elecciones-dospu-de-com\/"},"author":{"name":"DATI","@id":"https:\/\/www.fcejs.unsl.edu.ar\/#\/schema\/person\/352ee6ed90c3f394c7cb5945f8956d34"},"headline":"Informan los\/as precandidatos\/as a las elecciones DOSPU-De.Com.","datePublished":"2021-05-31T20:10:55+00:00","dateModified":"2021-06-11T00:42:02+00:00","mainEntityOfPage":{"@id":"https:\/\/www.fcejs.unsl.edu.ar\/index.php\/informan-los-as-precandidatos-as-a-las-elecciones-dospu-de-com\/"},"wordCount":349,"publisher":{"@id":"https:\/\/www.fcejs.unsl.edu.ar\/#organization"},"image":{"@id":"https:\/\/www.fcejs.unsl.edu.ar\/index.php\/informan-los-as-precandidatos-as-a-las-elecciones-dospu-de-com\/#primaryimage"},"thumbnailUrl":"https:\/\/www.fcejs.unsl.edu.ar\/wp-content\/uploads\/2021\/05\/dospu-logo.jpg","articleSection":["Archivadas"],"inLanguage":"es-AR"},{"@type":"WebPage","@id":"https:\/\/www.fcejs.unsl.edu.ar\/index.php\/informan-los-as-precandidatos-as-a-las-elecciones-dospu-de-com\/","url":"https:\/\/www.fcejs.unsl.edu.ar\/index.php\/informan-los-as-precandidatos-as-a-las-elecciones-dospu-de-com\/","name":"Informan los\/as precandidatos\/as a las elecciones DOSPU-De.Com. - Facultad de Ciencias Econ\u00f3micas, Jur\u00ed\u00addicas y Sociales","isPartOf":{"@id":"https:\/\/www.fcejs.unsl.edu.ar\/#website"},"primaryImageOfPage":{"@id":"https:\/\/www.fcejs.unsl.edu.ar\/index.php\/informan-los-as-precandidatos-as-a-las-elecciones-dospu-de-com\/#primaryimage"},"image":{"@id":"https:\/\/www.fcejs.unsl.edu.ar\/index.php\/informan-los-as-precandidatos-as-a-las-elecciones-dospu-de-com\/#primaryimage"},"thumbnailUrl":"https:\/\/www.fcejs.unsl.edu.ar\/wp-content\/uploads\/2021\/05\/dospu-logo.jpg","datePublished":"2021-05-31T20:10:55+00:00","dateModified":"2021-06-11T00:42:02+00:00","breadcrumb":{"@id":"https:\/\/www.fcejs.unsl.edu.ar\/index.php\/informan-los-as-precandidatos-as-a-las-elecciones-dospu-de-com\/#breadcrumb"},"inLanguage":"es-AR","potentialAction":[{"@type":"ReadAction","target":["https:\/\/www.fcejs.unsl.edu.ar\/index.php\/informan-los-as-precandidatos-as-a-las-elecciones-dospu-de-com\/"]}]},{"@type":"ImageObject","inLanguage":"es-AR","@id":"https:\/\/www.fcejs.unsl.edu.ar\/index.php\/informan-los-as-precandidatos-as-a-las-elecciones-dospu-de-com\/#primaryimage","url":"https:\/\/www.fcejs.unsl.edu.ar\/wp-content\/uploads\/2021\/05\/dospu-logo.jpg","contentUrl":"https:\/\/www.fcejs.unsl.edu.ar\/wp-content\/uploads\/2021\/05\/dospu-logo.jpg","width":1061,"height":600},{"@type":"BreadcrumbList","@id":"https:\/\/www.fcejs.unsl.edu.ar\/index.php\/informan-los-as-precandidatos-as-a-las-elecciones-dospu-de-com\/#breadcrumb","itemListElement":[{"@type":"ListItem","position":1,"name":"Inicio","item":"https:\/\/www.fcejs.unsl.edu.ar\/"},{"@type":"ListItem","position":2,"name":"Informan los\/as precandidatos\/as a las elecciones DOSPU-De.Com."}]},{"@type":"WebSite","@id":"https:\/\/www.fcejs.unsl.edu.ar\/#website","url":"https:\/\/www.fcejs.unsl.edu.ar\/","name":"Facultad de Ciencias Econ\u00f3micas, Jur\u00ed\u00addicas y Sociales","description":"","publisher":{"@id":"https:\/\/www.fcejs.unsl.edu.ar\/#organization"},"potentialAction":[{"@type":"SearchAction","target":{"@type":"EntryPoint","urlTemplate":"https:\/\/www.fcejs.unsl.edu.ar\/?s={search_term_string}"},"query-input":{"@type":"PropertyValueSpecification","valueRequired":true,"valueName":"search_term_string"}}],"inLanguage":"es-AR"},{"@type":"Organization","@id":"https:\/\/www.fcejs.unsl.edu.ar\/#organization","name":"Facultad de Ciencias Econ\u00f3micas, Jur\u00eddicas y Sociales","url":"https:\/\/www.fcejs.unsl.edu.ar\/","logo":{"@type":"ImageObject","inLanguage":"es-AR","@id":"https:\/\/www.fcejs.unsl.edu.ar\/#\/schema\/logo\/image\/","url":"https:\/\/www.fcejs.unsl.edu.ar\/wp-content\/uploads\/2021\/03\/logo-1.jpg","contentUrl":"https:\/\/www.fcejs.unsl.edu.ar\/wp-content\/uploads\/2021\/03\/logo-1.jpg","width":471,"height":146,"caption":"Facultad de Ciencias Econ\u00f3micas, Jur\u00eddicas y Sociales"},"image":{"@id":"https:\/\/www.fcejs.unsl.edu.ar\/#\/schema\/logo\/image\/"},"sameAs":["https:\/\/www.facebook.com\/FCEJS.UNSL\/","https:\/\/x.com\/FCEJSUNSL","https:\/\/www.instagram.com\/fcejs.unsl\/","https:\/\/www.youtube.com\/channel\/UCH-Ut6EaN_X5ogjIQMPe46g\/"]},{"@type":"Person","@id":"https:\/\/www.fcejs.unsl.edu.ar\/#\/schema\/person\/352ee6ed90c3f394c7cb5945f8956d34","name":"DATI"}]}},"jetpack_featured_media_url":"https:\/\/www.fcejs.unsl.edu.ar\/wp-content\/uploads\/2021\/05\/dospu-logo.jpg","_links":{"self":[{"href":"https:\/\/www.fcejs.unsl.edu.ar\/index.php\/wp-json\/wp\/v2\/posts\/3784","targetHints":{"allow":["GET"]}}],"collection":[{"href":"https:\/\/www.fcejs.unsl.edu.ar\/index.php\/wp-json\/wp\/v2\/posts"}],"about":[{"href":"https:\/\/www.fcejs.unsl.edu.ar\/index.php\/wp-json\/wp\/v2\/types\/post"}],"author":[{"embeddable":true,"href":"https:\/\/www.fcejs.unsl.edu.ar\/index.php\/wp-json\/wp\/v2\/users\/9"}],"replies":[{"embeddable":true,"href":"https:\/\/www.fcejs.unsl.edu.ar\/index.php\/wp-json\/wp\/v2\/comments?post=3784"}],"version-history":[{"count":2,"href":"https:\/\/www.fcejs.unsl.edu.ar\/index.php\/wp-json\/wp\/v2\/posts\/3784\/revisions"}],"predecessor-version":[{"id":3979,"href":"https:\/\/www.fcejs.unsl.edu.ar\/index.php\/wp-json\/wp\/v2\/posts\/3784\/revisions\/3979"}],"wp:featuredmedia":[{"embeddable":true,"href":"https:\/\/www.fcejs.unsl.edu.ar\/index.php\/wp-json\/wp\/v2\/media\/3785"}],"wp:attachment":[{"href":"https:\/\/www.fcejs.unsl.edu.ar\/index.php\/wp-json\/wp\/v2\/media?parent=3784"}],"wp:term":[{"taxonomy":"category","embeddable":true,"href":"https:\/\/www.fcejs.unsl.edu.ar\/index.php\/wp-json\/wp\/v2\/categories?post=3784"},{"taxonomy":"post_tag","embeddable":true,"href":"https:\/\/www.fcejs.unsl.edu.ar\/index.php\/wp-json\/wp\/v2\/tags?post=3784"}],"curies":[{"name":"wp","href":"https:\/\/api.w.org\/{rel}","templated":true}]}}