{"id":3775,"date":"2021-05-31T11:52:45","date_gmt":"2021-05-31T14:52:45","guid":{"rendered":"http:\/\/10.101.10.197\/www\/?p=3775"},"modified":"2021-08-02T09:29:25","modified_gmt":"2021-08-02T12:29:25","slug":"ciclo-de-charlas-sobre-autoevaluacion-institucional","status":"publish","type":"post","link":"https:\/\/www.fcejs.unsl.edu.ar\/index.php\/ciclo-de-charlas-sobre-autoevaluacion-institucional\/","title":{"rendered":"Ciclo de Charlas sobre Autoevaluaci\u00f3n Institucional"},"content":{"rendered":"<p>La Subsecretar\u00eda de Acreditaci\u00f3n y Desarrollo Institucional de la UNSL informa que el pr\u00f3ximo jueves 3 de junio de 2021 comienza de forma virtual el Ciclo de Charlas sobre Autoevaluaci\u00f3n Institucional.<\/p>\n<p>Este ciclo se desarrollar\u00e1 el viernes 4, martes 8 y mi\u00e9rcoles 9 de junio. Disertar\u00e1n Adriana Broto, Viviana Macchiarola, Pablo Tovillas y Gabriel Eduardo Ojeda Fosaro.<\/p>\n<p>Los\/as expositores\/as comentar\u00e1n lo que supone desde sus experiencias el proceso de autoevaluaci\u00f3n institucional, qu\u00e9 din\u00e1micas genera, y con qu\u00e9 herramientas, en el orden institucional, cuentan las Universidades Nacionales para llevar adelante este proceso.<\/p>\n<p>Adem\u00e1s, desde sus miradas, contar cu\u00e1les podr\u00edan ser las capacidades instaladas que quedan en las instituciones despu\u00e9s de varios a\u00f1os de autoevaluaci\u00f3n y evaluaci\u00f3n externa y cu\u00e1les podr\u00edan ser las grandes categor\u00edas\/dimensiones\/\u00e1reas estrat\u00e9gicas que pueden identificarse como ejes fundamentales para la transformaci\u00f3n del sistema universitario argentino.<\/p>\n<p>Quienes deseen participar y recibir certificaci\u00f3n, deber\u00e1n inscribirse previamente haciendo clic en el siguiente formulario online.<\/p>\n<p style=\"text-align: center;\"><strong><a href=\"https:\/\/docs.google.com\/forms\/d\/e\/1FAIpQLSfigxovkb4Jgs3vOtXpJRAY0DhEwJsYsfMgfzGoVwso3JZn7w\/viewform\">FORMULARIO DE INSCRIPCI\u00d3N<\/a><\/strong><\/p>\n<p>Programa<\/p>\n<p><strong>Jueves 3 de junio, de 16 a 18 h.<\/strong><\/p>\n<p><strong>Adriana Broto<\/strong><\/p>\n<p>Consultora experta en: Evaluaci\u00f3n Institucional y Planificaci\u00f3n Estrat\u00e9gica de la Educaci\u00f3n Superior. Formulaci\u00f3n y Evaluaci\u00f3n de Planes, Programas y Proyectos Universitarios. Evaluaciones Institucionales. An\u00e1lisis de Sistemas de Gesti\u00f3n Organizacional. Especialidades: Planes Estrat\u00e9gicos. Gesti\u00f3n y Administraci\u00f3n de las Instituciones Universitaria. Indicadores de Desempe\u00f1o. Estad\u00edsticas. Presupuesto y Financiamiento.<\/p>\n<p>Contadora P\u00fablica. Master en Educaci\u00f3n Superior \u2013 Universidad De Palermo. Especialista sobre R\u00e9gimen Financiero Del Sector Publico \u2013 Universidad de Buenos Aires (UBA).<\/p>\n<p>Presentador: Daniel Morano, miembro de la Comisi\u00f3n Central de Autoevaluaci\u00f3n Institucional \u2013 Universidad Nacional de San Luis (UNSL).<\/p>\n<p>Enlace de YouTube <a href=\"https:\/\/www.youtube.com\/watch?v=5bnS4awCqsQ\">aqu\u00ed<\/a>.<\/p>\n<p><strong>Viernes 4 de junio, de 16 a 18 h.<\/strong><\/p>\n<p><strong>Viviana Macchiarola<\/strong><\/p>\n<p>Coordinaci\u00f3n de la Evaluaci\u00f3n Institucional, Universidad Nacional de R\u00edo Cuarto (UNRC).<\/p>\n<p>La formaci\u00f3n de grado y posgrado, la docencia, la investigaci\u00f3n y la extensi\u00f3n se desarrollan en el campo del Planeamiento Educacional, profundizando teor\u00edas y metodolog\u00edas propias de enfoques estrat\u00e9gico-situacionales. Se reconoce experiencia en investigaci\u00f3n aplicada, particularmente, en investigaci\u00f3n evaluativa. Se han dirigido proyectos de investigaci\u00f3n en temas referidos a innovaci\u00f3n y cambio educativo y estudios evaluativos de pol\u00edticas p\u00fablicas de inclusi\u00f3n educativa. que han dado lugar a varias publicaciones de libros y art\u00edculos.<\/p>\n<p>Profesora en Ciencias de la Educaci\u00f3n. Otorgado por Facultad de Ciencias Humanas \u2013 UNRC. Doctora en Educaci\u00f3n, otorgado por Universidad Aut\u00f3noma de Madrid. Especialista en Docencia Universitaria \u2013 UNRC.<\/p>\n<p>Presentadora: Zulma Perassi, decana de la Facultad de Ciencias Humanas \u2013 UNSL.<\/p>\n<p>Enlace de YouTube <a href=\"https:\/\/www.youtube.com\/watch?v=8JtXbv5KAKo\">aqu\u00ed.<\/a><\/p>\n<p><strong>Martes 8 de junio, de 16 a 17:30 h.<\/strong><\/p>\n<p><strong>Pablo Tovillas<\/strong><\/p>\n<p>Director de Evaluaci\u00f3n Institucional de la Comisi\u00f3n Nacional de Evaluaci\u00f3n y Acreditaci\u00f3n Universitaria (CONEAU). Licenciado en Sociolog\u00eda por la Universidad de Buenos Aires.<\/p>\n<p>Magister en Sociolog\u00eda de las Organizaciones por el Institut d\u2019Etudes Politiques de Paris (Sciences Po) y el Centr de Sociologie des Organizations. Docente de Sociolog\u00eda General en la Facultad de Ciencias Sociales de la Universidad de Buenos Aires. Posee experiencia en docencia universitaria de posgrado en instituciones universitarias nacionales e internacionales.<\/p>\n<p>Presentadora: Olinda Gagliardi, subsecretaria de Acreditaci\u00f3n y Desarrollo Institucional \u2013 UNSL.<\/p>\n<p>Enlace de YouTube <a href=\"https:\/\/www.youtube.com\/watch?v=MIRZwEq248E\">aqu\u00ed.<\/a><\/p>\n<p><strong>Mi\u00e9rcoles 9 de junio, de 16 a 18 h.<\/strong><\/p>\n<p><strong>Gabriel Eduardo Ojea Fosaro<\/strong><\/p>\n<p>Evaluaci\u00f3n y Planificaci\u00f3n Educativa. Consultor\u00eda en Educaci\u00f3n Superior Universitaria.<\/p>\n<p>Contador p\u00fablico nacional. Licenciado en Administraci\u00f3n. Egresado de la Facultad de Ciencias Econ\u00f3micas de la Universidad Nacional del Nordeste (UNNE). Especialista en Evaluaci\u00f3n y Gesti\u00f3n Universitaria \u2013 OUI \u2013 Montreal, Canad\u00e1 (1996). Especialista en Evaluaci\u00f3n Econ\u00f3mico-social de Proyectos \u2013 Facultad de Econom\u00eda \u2013 Universidad de Los Andes, Bogot\u00e1, Colombia (2000). Maestr\u00eda en Direcci\u00f3n y Gesti\u00f3n de Centros Educativos \u2013 Departamento de Did\u00e1ctica y Gesti\u00f3n Educativa \u2013 Universitat de Barcelona, Espa\u00f1a.<\/p>\n<p>Ingres\u00f3 a la docencia en la Facultad de Ciencias Econ\u00f3micas de la UNNE en 1973. Realiz\u00f3 toda la carrera docente, siendo Profesor Titular por Concurso desde 1997 hasta 2013. Renuncia para acogerse a los beneficios de la jubilaci\u00f3n como docente investigador DE.<\/p>\n<p>Presentador: V\u00edctor Mori\u00f1igo, Rector de la UNSL.<\/p>\n<p>Enlace de YouTube\u00a0<a href=\"https:\/\/www.youtube.com\/watch?v=cOLf8RJvCls\">aqu\u00ed<\/a>.<\/p>\n","protected":false},"excerpt":{"rendered":"<p>La Subsecretar\u00eda de Acreditaci\u00f3n y Desarrollo Institucional de la UNSL informa que el pr\u00f3ximo jueves 3 de junio de 2021 comienza de forma virtual el&hellip;<\/p>\n","protected":false},"author":9,"featured_media":3776,"comment_status":"closed","ping_status":"closed","sticky":false,"template":"","format":"standard","meta":{"om_disable_all_campaigns":false,"_monsterinsights_skip_tracking":false,"_monsterinsights_sitenote_active":false,"_monsterinsights_sitenote_note":"","_monsterinsights_sitenote_category":0,"footnotes":""},"categories":[21],"tags":[],"class_list":["post-3775","post","type-post","status-publish","format-standard","has-post-thumbnail","hentry","category-archivadas"],"yoast_head":"<!-- This site is optimized with the Yoast SEO plugin v27.5 - https:\/\/yoast.com\/product\/yoast-seo-wordpress\/ -->\n<title>Ciclo de Charlas sobre Autoevaluaci\u00f3n Institucional - Facultad de Ciencias Econ\u00f3micas, Jur\u00ed\u00addicas y Sociales<\/title>\n<meta name=\"robots\" content=\"index, follow, max-snippet:-1, max-image-preview:large, max-video-preview:-1\" \/>\n<link rel=\"canonical\" href=\"https:\/\/www.fcejs.unsl.edu.ar\/index.php\/ciclo-de-charlas-sobre-autoevaluacion-institucional\/\" \/>\n<meta property=\"og:locale\" content=\"es_ES\" \/>\n<meta property=\"og:type\" content=\"article\" \/>\n<meta property=\"og:title\" content=\"Ciclo de Charlas sobre Autoevaluaci\u00f3n Institucional - Facultad de Ciencias Econ\u00f3micas, Jur\u00ed\u00addicas y Sociales\" \/>\n<meta property=\"og:description\" content=\"La Subsecretar\u00eda de Acreditaci\u00f3n y Desarrollo Institucional de la UNSL informa que el pr\u00f3ximo jueves 3 de junio de 2021 comienza de forma virtual el&hellip;\" \/>\n<meta property=\"og:url\" content=\"https:\/\/www.fcejs.unsl.edu.ar\/index.php\/ciclo-de-charlas-sobre-autoevaluacion-institucional\/\" \/>\n<meta property=\"og:site_name\" content=\"Facultad de Ciencias Econ\u00f3micas, Jur\u00ed\u00addicas y Sociales\" \/>\n<meta property=\"article:publisher\" content=\"https:\/\/www.facebook.com\/FCEJS.UNSL\/\" \/>\n<meta property=\"article:published_time\" content=\"2021-05-31T14:52:45+00:00\" \/>\n<meta property=\"article:modified_time\" content=\"2021-08-02T12:29:25+00:00\" \/>\n<meta property=\"og:image\" content=\"https:\/\/www.fcejs.unsl.edu.ar\/wp-content\/uploads\/2021\/05\/rectorado-cartel.jpg\" \/>\n\t<meta property=\"og:image:width\" content=\"1061\" \/>\n\t<meta property=\"og:image:height\" content=\"600\" \/>\n\t<meta property=\"og:image:type\" content=\"image\/jpeg\" \/>\n<meta name=\"author\" content=\"DATI\" \/>\n<meta name=\"twitter:card\" content=\"summary_large_image\" \/>\n<meta name=\"twitter:creator\" content=\"@FCEJSUNSL\" \/>\n<meta name=\"twitter:site\" content=\"@FCEJSUNSL\" \/>\n<meta name=\"twitter:label1\" content=\"Escrito por\" \/>\n\t<meta name=\"twitter:data1\" content=\"DATI\" \/>\n\t<meta name=\"twitter:label2\" content=\"Tiempo de lectura\" \/>\n\t<meta name=\"twitter:data2\" content=\"3 minutos\" \/>\n<script type=\"application\/ld+json\" class=\"yoast-schema-graph\">{\"@context\":\"https:\\\/\\\/schema.org\",\"@graph\":[{\"@type\":\"Article\",\"@id\":\"https:\\\/\\\/www.fcejs.unsl.edu.ar\\\/index.php\\\/ciclo-de-charlas-sobre-autoevaluacion-institucional\\\/#article\",\"isPartOf\":{\"@id\":\"https:\\\/\\\/www.fcejs.unsl.edu.ar\\\/index.php\\\/ciclo-de-charlas-sobre-autoevaluacion-institucional\\\/\"},\"author\":{\"name\":\"DATI\",\"@id\":\"https:\\\/\\\/www.fcejs.unsl.edu.ar\\\/#\\\/schema\\\/person\\\/352ee6ed90c3f394c7cb5945f8956d34\"},\"headline\":\"Ciclo de Charlas sobre Autoevaluaci\u00f3n Institucional\",\"datePublished\":\"2021-05-31T14:52:45+00:00\",\"dateModified\":\"2021-08-02T12:29:25+00:00\",\"mainEntityOfPage\":{\"@id\":\"https:\\\/\\\/www.fcejs.unsl.edu.ar\\\/index.php\\\/ciclo-de-charlas-sobre-autoevaluacion-institucional\\\/\"},\"wordCount\":714,\"publisher\":{\"@id\":\"https:\\\/\\\/www.fcejs.unsl.edu.ar\\\/#organization\"},\"image\":{\"@id\":\"https:\\\/\\\/www.fcejs.unsl.edu.ar\\\/index.php\\\/ciclo-de-charlas-sobre-autoevaluacion-institucional\\\/#primaryimage\"},\"thumbnailUrl\":\"https:\\\/\\\/www.fcejs.unsl.edu.ar\\\/wp-content\\\/uploads\\\/2021\\\/05\\\/rectorado-cartel.jpg\",\"articleSection\":[\"Archivadas\"],\"inLanguage\":\"es-AR\"},{\"@type\":\"WebPage\",\"@id\":\"https:\\\/\\\/www.fcejs.unsl.edu.ar\\\/index.php\\\/ciclo-de-charlas-sobre-autoevaluacion-institucional\\\/\",\"url\":\"https:\\\/\\\/www.fcejs.unsl.edu.ar\\\/index.php\\\/ciclo-de-charlas-sobre-autoevaluacion-institucional\\\/\",\"name\":\"Ciclo de Charlas sobre Autoevaluaci\u00f3n Institucional - Facultad de Ciencias Econ\u00f3micas, Jur\u00ed\u00addicas y Sociales\",\"isPartOf\":{\"@id\":\"https:\\\/\\\/www.fcejs.unsl.edu.ar\\\/#website\"},\"primaryImageOfPage\":{\"@id\":\"https:\\\/\\\/www.fcejs.unsl.edu.ar\\\/index.php\\\/ciclo-de-charlas-sobre-autoevaluacion-institucional\\\/#primaryimage\"},\"image\":{\"@id\":\"https:\\\/\\\/www.fcejs.unsl.edu.ar\\\/index.php\\\/ciclo-de-charlas-sobre-autoevaluacion-institucional\\\/#primaryimage\"},\"thumbnailUrl\":\"https:\\\/\\\/www.fcejs.unsl.edu.ar\\\/wp-content\\\/uploads\\\/2021\\\/05\\\/rectorado-cartel.jpg\",\"datePublished\":\"2021-05-31T14:52:45+00:00\",\"dateModified\":\"2021-08-02T12:29:25+00:00\",\"breadcrumb\":{\"@id\":\"https:\\\/\\\/www.fcejs.unsl.edu.ar\\\/index.php\\\/ciclo-de-charlas-sobre-autoevaluacion-institucional\\\/#breadcrumb\"},\"inLanguage\":\"es-AR\",\"potentialAction\":[{\"@type\":\"ReadAction\",\"target\":[\"https:\\\/\\\/www.fcejs.unsl.edu.ar\\\/index.php\\\/ciclo-de-charlas-sobre-autoevaluacion-institucional\\\/\"]}]},{\"@type\":\"ImageObject\",\"inLanguage\":\"es-AR\",\"@id\":\"https:\\\/\\\/www.fcejs.unsl.edu.ar\\\/index.php\\\/ciclo-de-charlas-sobre-autoevaluacion-institucional\\\/#primaryimage\",\"url\":\"https:\\\/\\\/www.fcejs.unsl.edu.ar\\\/wp-content\\\/uploads\\\/2021\\\/05\\\/rectorado-cartel.jpg\",\"contentUrl\":\"https:\\\/\\\/www.fcejs.unsl.edu.ar\\\/wp-content\\\/uploads\\\/2021\\\/05\\\/rectorado-cartel.jpg\",\"width\":1061,\"height\":600},{\"@type\":\"BreadcrumbList\",\"@id\":\"https:\\\/\\\/www.fcejs.unsl.edu.ar\\\/index.php\\\/ciclo-de-charlas-sobre-autoevaluacion-institucional\\\/#breadcrumb\",\"itemListElement\":[{\"@type\":\"ListItem\",\"position\":1,\"name\":\"Inicio\",\"item\":\"https:\\\/\\\/www.fcejs.unsl.edu.ar\\\/\"},{\"@type\":\"ListItem\",\"position\":2,\"name\":\"Ciclo de Charlas sobre Autoevaluaci\u00f3n Institucional\"}]},{\"@type\":\"WebSite\",\"@id\":\"https:\\\/\\\/www.fcejs.unsl.edu.ar\\\/#website\",\"url\":\"https:\\\/\\\/www.fcejs.unsl.edu.ar\\\/\",\"name\":\"Facultad de Ciencias Econ\u00f3micas, Jur\u00ed\u00addicas y Sociales\",\"description\":\"\",\"publisher\":{\"@id\":\"https:\\\/\\\/www.fcejs.unsl.edu.ar\\\/#organization\"},\"potentialAction\":[{\"@type\":\"SearchAction\",\"target\":{\"@type\":\"EntryPoint\",\"urlTemplate\":\"https:\\\/\\\/www.fcejs.unsl.edu.ar\\\/?s={search_term_string}\"},\"query-input\":{\"@type\":\"PropertyValueSpecification\",\"valueRequired\":true,\"valueName\":\"search_term_string\"}}],\"inLanguage\":\"es-AR\"},{\"@type\":\"Organization\",\"@id\":\"https:\\\/\\\/www.fcejs.unsl.edu.ar\\\/#organization\",\"name\":\"Facultad de Ciencias Econ\u00f3micas, Jur\u00eddicas y Sociales\",\"url\":\"https:\\\/\\\/www.fcejs.unsl.edu.ar\\\/\",\"logo\":{\"@type\":\"ImageObject\",\"inLanguage\":\"es-AR\",\"@id\":\"https:\\\/\\\/www.fcejs.unsl.edu.ar\\\/#\\\/schema\\\/logo\\\/image\\\/\",\"url\":\"https:\\\/\\\/www.fcejs.unsl.edu.ar\\\/wp-content\\\/uploads\\\/2021\\\/03\\\/logo-1.jpg\",\"contentUrl\":\"https:\\\/\\\/www.fcejs.unsl.edu.ar\\\/wp-content\\\/uploads\\\/2021\\\/03\\\/logo-1.jpg\",\"width\":471,\"height\":146,\"caption\":\"Facultad de Ciencias Econ\u00f3micas, Jur\u00eddicas y Sociales\"},\"image\":{\"@id\":\"https:\\\/\\\/www.fcejs.unsl.edu.ar\\\/#\\\/schema\\\/logo\\\/image\\\/\"},\"sameAs\":[\"https:\\\/\\\/www.facebook.com\\\/FCEJS.UNSL\\\/\",\"https:\\\/\\\/x.com\\\/FCEJSUNSL\",\"https:\\\/\\\/www.instagram.com\\\/fcejs.unsl\\\/\",\"https:\\\/\\\/www.youtube.com\\\/channel\\\/UCH-Ut6EaN_X5ogjIQMPe46g\\\/\"]},{\"@type\":\"Person\",\"@id\":\"https:\\\/\\\/www.fcejs.unsl.edu.ar\\\/#\\\/schema\\\/person\\\/352ee6ed90c3f394c7cb5945f8956d34\",\"name\":\"DATI\"}]}<\/script>\n<!-- \/ Yoast SEO plugin. -->","yoast_head_json":{"title":"Ciclo de Charlas sobre Autoevaluaci\u00f3n Institucional - Facultad de Ciencias Econ\u00f3micas, Jur\u00ed\u00addicas y Sociales","robots":{"index":"index","follow":"follow","max-snippet":"max-snippet:-1","max-image-preview":"max-image-preview:large","max-video-preview":"max-video-preview:-1"},"canonical":"https:\/\/www.fcejs.unsl.edu.ar\/index.php\/ciclo-de-charlas-sobre-autoevaluacion-institucional\/","og_locale":"es_ES","og_type":"article","og_title":"Ciclo de Charlas sobre Autoevaluaci\u00f3n Institucional - Facultad de Ciencias Econ\u00f3micas, Jur\u00ed\u00addicas y Sociales","og_description":"La Subsecretar\u00eda de Acreditaci\u00f3n y Desarrollo Institucional de la UNSL informa que el pr\u00f3ximo jueves 3 de junio de 2021 comienza de forma virtual el&hellip;","og_url":"https:\/\/www.fcejs.unsl.edu.ar\/index.php\/ciclo-de-charlas-sobre-autoevaluacion-institucional\/","og_site_name":"Facultad de Ciencias Econ\u00f3micas, Jur\u00ed\u00addicas y Sociales","article_publisher":"https:\/\/www.facebook.com\/FCEJS.UNSL\/","article_published_time":"2021-05-31T14:52:45+00:00","article_modified_time":"2021-08-02T12:29:25+00:00","og_image":[{"width":1061,"height":600,"url":"https:\/\/www.fcejs.unsl.edu.ar\/wp-content\/uploads\/2021\/05\/rectorado-cartel.jpg","type":"image\/jpeg"}],"author":"DATI","twitter_card":"summary_large_image","twitter_creator":"@FCEJSUNSL","twitter_site":"@FCEJSUNSL","twitter_misc":{"Escrito por":"DATI","Tiempo de lectura":"3 minutos"},"schema":{"@context":"https:\/\/schema.org","@graph":[{"@type":"Article","@id":"https:\/\/www.fcejs.unsl.edu.ar\/index.php\/ciclo-de-charlas-sobre-autoevaluacion-institucional\/#article","isPartOf":{"@id":"https:\/\/www.fcejs.unsl.edu.ar\/index.php\/ciclo-de-charlas-sobre-autoevaluacion-institucional\/"},"author":{"name":"DATI","@id":"https:\/\/www.fcejs.unsl.edu.ar\/#\/schema\/person\/352ee6ed90c3f394c7cb5945f8956d34"},"headline":"Ciclo de Charlas sobre Autoevaluaci\u00f3n Institucional","datePublished":"2021-05-31T14:52:45+00:00","dateModified":"2021-08-02T12:29:25+00:00","mainEntityOfPage":{"@id":"https:\/\/www.fcejs.unsl.edu.ar\/index.php\/ciclo-de-charlas-sobre-autoevaluacion-institucional\/"},"wordCount":714,"publisher":{"@id":"https:\/\/www.fcejs.unsl.edu.ar\/#organization"},"image":{"@id":"https:\/\/www.fcejs.unsl.edu.ar\/index.php\/ciclo-de-charlas-sobre-autoevaluacion-institucional\/#primaryimage"},"thumbnailUrl":"https:\/\/www.fcejs.unsl.edu.ar\/wp-content\/uploads\/2021\/05\/rectorado-cartel.jpg","articleSection":["Archivadas"],"inLanguage":"es-AR"},{"@type":"WebPage","@id":"https:\/\/www.fcejs.unsl.edu.ar\/index.php\/ciclo-de-charlas-sobre-autoevaluacion-institucional\/","url":"https:\/\/www.fcejs.unsl.edu.ar\/index.php\/ciclo-de-charlas-sobre-autoevaluacion-institucional\/","name":"Ciclo de Charlas sobre Autoevaluaci\u00f3n Institucional - Facultad de Ciencias Econ\u00f3micas, Jur\u00ed\u00addicas y Sociales","isPartOf":{"@id":"https:\/\/www.fcejs.unsl.edu.ar\/#website"},"primaryImageOfPage":{"@id":"https:\/\/www.fcejs.unsl.edu.ar\/index.php\/ciclo-de-charlas-sobre-autoevaluacion-institucional\/#primaryimage"},"image":{"@id":"https:\/\/www.fcejs.unsl.edu.ar\/index.php\/ciclo-de-charlas-sobre-autoevaluacion-institucional\/#primaryimage"},"thumbnailUrl":"https:\/\/www.fcejs.unsl.edu.ar\/wp-content\/uploads\/2021\/05\/rectorado-cartel.jpg","datePublished":"2021-05-31T14:52:45+00:00","dateModified":"2021-08-02T12:29:25+00:00","breadcrumb":{"@id":"https:\/\/www.fcejs.unsl.edu.ar\/index.php\/ciclo-de-charlas-sobre-autoevaluacion-institucional\/#breadcrumb"},"inLanguage":"es-AR","potentialAction":[{"@type":"ReadAction","target":["https:\/\/www.fcejs.unsl.edu.ar\/index.php\/ciclo-de-charlas-sobre-autoevaluacion-institucional\/"]}]},{"@type":"ImageObject","inLanguage":"es-AR","@id":"https:\/\/www.fcejs.unsl.edu.ar\/index.php\/ciclo-de-charlas-sobre-autoevaluacion-institucional\/#primaryimage","url":"https:\/\/www.fcejs.unsl.edu.ar\/wp-content\/uploads\/2021\/05\/rectorado-cartel.jpg","contentUrl":"https:\/\/www.fcejs.unsl.edu.ar\/wp-content\/uploads\/2021\/05\/rectorado-cartel.jpg","width":1061,"height":600},{"@type":"BreadcrumbList","@id":"https:\/\/www.fcejs.unsl.edu.ar\/index.php\/ciclo-de-charlas-sobre-autoevaluacion-institucional\/#breadcrumb","itemListElement":[{"@type":"ListItem","position":1,"name":"Inicio","item":"https:\/\/www.fcejs.unsl.edu.ar\/"},{"@type":"ListItem","position":2,"name":"Ciclo de Charlas sobre Autoevaluaci\u00f3n Institucional"}]},{"@type":"WebSite","@id":"https:\/\/www.fcejs.unsl.edu.ar\/#website","url":"https:\/\/www.fcejs.unsl.edu.ar\/","name":"Facultad de Ciencias Econ\u00f3micas, Jur\u00ed\u00addicas y Sociales","description":"","publisher":{"@id":"https:\/\/www.fcejs.unsl.edu.ar\/#organization"},"potentialAction":[{"@type":"SearchAction","target":{"@type":"EntryPoint","urlTemplate":"https:\/\/www.fcejs.unsl.edu.ar\/?s={search_term_string}"},"query-input":{"@type":"PropertyValueSpecification","valueRequired":true,"valueName":"search_term_string"}}],"inLanguage":"es-AR"},{"@type":"Organization","@id":"https:\/\/www.fcejs.unsl.edu.ar\/#organization","name":"Facultad de Ciencias Econ\u00f3micas, Jur\u00eddicas y Sociales","url":"https:\/\/www.fcejs.unsl.edu.ar\/","logo":{"@type":"ImageObject","inLanguage":"es-AR","@id":"https:\/\/www.fcejs.unsl.edu.ar\/#\/schema\/logo\/image\/","url":"https:\/\/www.fcejs.unsl.edu.ar\/wp-content\/uploads\/2021\/03\/logo-1.jpg","contentUrl":"https:\/\/www.fcejs.unsl.edu.ar\/wp-content\/uploads\/2021\/03\/logo-1.jpg","width":471,"height":146,"caption":"Facultad de Ciencias Econ\u00f3micas, Jur\u00eddicas y Sociales"},"image":{"@id":"https:\/\/www.fcejs.unsl.edu.ar\/#\/schema\/logo\/image\/"},"sameAs":["https:\/\/www.facebook.com\/FCEJS.UNSL\/","https:\/\/x.com\/FCEJSUNSL","https:\/\/www.instagram.com\/fcejs.unsl\/","https:\/\/www.youtube.com\/channel\/UCH-Ut6EaN_X5ogjIQMPe46g\/"]},{"@type":"Person","@id":"https:\/\/www.fcejs.unsl.edu.ar\/#\/schema\/person\/352ee6ed90c3f394c7cb5945f8956d34","name":"DATI"}]}},"jetpack_featured_media_url":"https:\/\/www.fcejs.unsl.edu.ar\/wp-content\/uploads\/2021\/05\/rectorado-cartel.jpg","_links":{"self":[{"href":"https:\/\/www.fcejs.unsl.edu.ar\/index.php\/wp-json\/wp\/v2\/posts\/3775","targetHints":{"allow":["GET"]}}],"collection":[{"href":"https:\/\/www.fcejs.unsl.edu.ar\/index.php\/wp-json\/wp\/v2\/posts"}],"about":[{"href":"https:\/\/www.fcejs.unsl.edu.ar\/index.php\/wp-json\/wp\/v2\/types\/post"}],"author":[{"embeddable":true,"href":"https:\/\/www.fcejs.unsl.edu.ar\/index.php\/wp-json\/wp\/v2\/users\/9"}],"replies":[{"embeddable":true,"href":"https:\/\/www.fcejs.unsl.edu.ar\/index.php\/wp-json\/wp\/v2\/comments?post=3775"}],"version-history":[{"count":2,"href":"https:\/\/www.fcejs.unsl.edu.ar\/index.php\/wp-json\/wp\/v2\/posts\/3775\/revisions"}],"predecessor-version":[{"id":3794,"href":"https:\/\/www.fcejs.unsl.edu.ar\/index.php\/wp-json\/wp\/v2\/posts\/3775\/revisions\/3794"}],"wp:featuredmedia":[{"embeddable":true,"href":"https:\/\/www.fcejs.unsl.edu.ar\/index.php\/wp-json\/wp\/v2\/media\/3776"}],"wp:attachment":[{"href":"https:\/\/www.fcejs.unsl.edu.ar\/index.php\/wp-json\/wp\/v2\/media?parent=3775"}],"wp:term":[{"taxonomy":"category","embeddable":true,"href":"https:\/\/www.fcejs.unsl.edu.ar\/index.php\/wp-json\/wp\/v2\/categories?post=3775"},{"taxonomy":"post_tag","embeddable":true,"href":"https:\/\/www.fcejs.unsl.edu.ar\/index.php\/wp-json\/wp\/v2\/tags?post=3775"}],"curies":[{"name":"wp","href":"https:\/\/api.w.org\/{rel}","templated":true}]}}