{"id":3769,"date":"2021-05-28T21:14:42","date_gmt":"2021-05-29T00:14:42","guid":{"rendered":"http:\/\/10.101.10.197\/www\/?p=3769"},"modified":"2021-06-10T21:42:06","modified_gmt":"2021-06-11T00:42:06","slug":"academia-nacional-de-derecho-y-ciencias-sociales-de-cordoba-conversatorio-institucional","status":"publish","type":"post","link":"https:\/\/www.fcejs.unsl.edu.ar\/index.php\/academia-nacional-de-derecho-y-ciencias-sociales-de-cordoba-conversatorio-institucional\/","title":{"rendered":"Academia Nacional de Derecho y Ciencias Sociales de C\u00f3rdoba: Conversatorio Institucional"},"content":{"rendered":"<p>Retransmitimos invitaci\u00f3n de la Academia Nacional de Derecho y Ciencias Sociales de C\u00f3rdoba al Conversatorio Institucional que se realizar\u00e1 el d\u00eda 4 de junio de 2021 de 18 a 20h en modalidad virtual a trav\u00e9s de la plataforma Zoom.<\/p>\n<p>En este conversatorio participar\u00e1n Armando Andruet (h), Pascual Alferillo y Mar\u00eda Gabriela \u00c1balos que disertar\u00e1n sobre \u201cFormaci\u00f3n en \u00e9tica judicial\u201d, \u201cCambio social y derecho privado\u201d y \u201cDesaf\u00edos del federalismo en emergencia\u201d respectivamente.<\/p>\n<p>Adem\u00e1s, en este encuentro asumir\u00e1n autoridades del Instituto de la Regi\u00f3n Cuyo, donde se destaca la asunci\u00f3n de la docente de FCEJS, Abg. Patricia Alegre como Secretaria de la Sede Villa Mercedes en reemplazo del Dr. Ra\u00fal E. Bertr\u00e9s y donde participa como miembro titular la Mag. Gabriela Calvo.<\/p>\n<p><a href=\"http:\/\/Retransmitimos invitaci\u00f3n de la Academia Nacional de Derecho y Ciencias Sociales de C\u00f3rdoba al Conversatorio Institucional que se realizar\u00e1 el d\u00eda 4 de junio de 2021 de 18 a 20h en modalidad virtual a trav\u00e9s de la plataforma Zoom. En este conversatorio participar\u00e1n Armando Andruet (h), Pascual Alferillo y Mar\u00eda Gabriela \u00c1balos que disertar\u00e1n sobre \u201cFormaci\u00f3n en \u00e9tica judicial\u201d, \u201cCambio social y derecho privado\u201d y \u201cDesaf\u00edos del federalismo en emergencia\u201d respectivamente. Adem\u00e1s, en este encuentro asumir\u00e1n autoridades del Instituto de la Regi\u00f3n Cuyo, donde se destaca la asunci\u00f3n de la docente de FCEJS, Abg. Patricia Alegre como Secretaria de la Sede Villa Mercedes en reemplazo del Dr. Ra\u00fal E. Bertr\u00e9s y donde participa como miembro titular la Mag. Gabriela Calvo. Inscripci\u00f3n al Conversatorio https:\/\/bit.ly\/3fQIvz2\"><strong>Inscripci\u00f3n al Conversatorio<\/strong><\/a><\/p>\n<p><img fetchpriority=\"high\" decoding=\"async\" class=\"alignnone size-medium wp-image-3771\" src=\"https:\/\/www.fcejs.unsl.edu.ar\/wp-content\/uploads\/2021\/05\/1-4-300x300.jpeg\" alt=\"\" width=\"300\" height=\"300\" srcset=\"https:\/\/www.fcejs.unsl.edu.ar\/wp-content\/uploads\/2021\/05\/1-4-300x300.jpeg 300w, https:\/\/www.fcejs.unsl.edu.ar\/wp-content\/uploads\/2021\/05\/1-4-1024x1024.jpeg 1024w, https:\/\/www.fcejs.unsl.edu.ar\/wp-content\/uploads\/2021\/05\/1-4-150x150.jpeg 150w, https:\/\/www.fcejs.unsl.edu.ar\/wp-content\/uploads\/2021\/05\/1-4-768x768.jpeg 768w, https:\/\/www.fcejs.unsl.edu.ar\/wp-content\/uploads\/2021\/05\/1-4.jpeg 1280w\" sizes=\"(max-width: 300px) 100vw, 300px\" \/><\/p>\n","protected":false},"excerpt":{"rendered":"<p>Retransmitimos invitaci\u00f3n de la Academia Nacional de Derecho y Ciencias Sociales de C\u00f3rdoba al Conversatorio Institucional que se realizar\u00e1 el d\u00eda 4 de junio de&hellip;<\/p>\n","protected":false},"author":9,"featured_media":3770,"comment_status":"closed","ping_status":"closed","sticky":false,"template":"","format":"standard","meta":{"om_disable_all_campaigns":false,"_monsterinsights_skip_tracking":false,"_monsterinsights_sitenote_active":false,"_monsterinsights_sitenote_note":"","_monsterinsights_sitenote_category":0,"footnotes":""},"categories":[21],"tags":[],"class_list":["post-3769","post","type-post","status-publish","format-standard","has-post-thumbnail","hentry","category-archivadas"],"yoast_head":"<!-- This site is optimized with the Yoast SEO plugin v27.4 - https:\/\/yoast.com\/product\/yoast-seo-wordpress\/ -->\n<title>Academia Nacional de Derecho y Ciencias Sociales de C\u00f3rdoba: Conversatorio Institucional - Facultad de Ciencias Econ\u00f3micas, Jur\u00ed\u00addicas y Sociales<\/title>\n<meta name=\"robots\" content=\"index, follow, max-snippet:-1, max-image-preview:large, max-video-preview:-1\" \/>\n<link rel=\"canonical\" href=\"https:\/\/www.fcejs.unsl.edu.ar\/index.php\/academia-nacional-de-derecho-y-ciencias-sociales-de-cordoba-conversatorio-institucional\/\" \/>\n<meta property=\"og:locale\" content=\"es_ES\" \/>\n<meta property=\"og:type\" content=\"article\" \/>\n<meta property=\"og:title\" content=\"Academia Nacional de Derecho y Ciencias Sociales de C\u00f3rdoba: Conversatorio Institucional - Facultad de Ciencias Econ\u00f3micas, Jur\u00ed\u00addicas y Sociales\" \/>\n<meta property=\"og:description\" content=\"Retransmitimos invitaci\u00f3n de la Academia Nacional de Derecho y Ciencias Sociales de C\u00f3rdoba al Conversatorio Institucional que se realizar\u00e1 el d\u00eda 4 de junio de&hellip;\" \/>\n<meta property=\"og:url\" content=\"https:\/\/www.fcejs.unsl.edu.ar\/index.php\/academia-nacional-de-derecho-y-ciencias-sociales-de-cordoba-conversatorio-institucional\/\" \/>\n<meta property=\"og:site_name\" content=\"Facultad de Ciencias Econ\u00f3micas, Jur\u00ed\u00addicas y Sociales\" \/>\n<meta property=\"article:publisher\" content=\"https:\/\/www.facebook.com\/FCEJS.UNSL\/\" \/>\n<meta property=\"article:published_time\" content=\"2021-05-29T00:14:42+00:00\" \/>\n<meta property=\"article:modified_time\" content=\"2021-06-11T00:42:06+00:00\" \/>\n<meta property=\"og:image\" content=\"https:\/\/www.fcejs.unsl.edu.ar\/wp-content\/uploads\/2021\/05\/Captura-1.jpg\" \/>\n\t<meta property=\"og:image:width\" content=\"645\" \/>\n\t<meta property=\"og:image:height\" content=\"223\" \/>\n\t<meta property=\"og:image:type\" content=\"image\/jpeg\" \/>\n<meta name=\"author\" content=\"DATI\" \/>\n<meta name=\"twitter:card\" content=\"summary_large_image\" \/>\n<meta name=\"twitter:creator\" content=\"@FCEJSUNSL\" \/>\n<meta name=\"twitter:site\" content=\"@FCEJSUNSL\" \/>\n<meta name=\"twitter:label1\" content=\"Escrito por\" \/>\n\t<meta name=\"twitter:data1\" content=\"DATI\" \/>\n\t<meta name=\"twitter:label2\" content=\"Tiempo de lectura\" \/>\n\t<meta name=\"twitter:data2\" content=\"1 minuto\" \/>\n<script type=\"application\/ld+json\" class=\"yoast-schema-graph\">{\"@context\":\"https:\\\/\\\/schema.org\",\"@graph\":[{\"@type\":\"Article\",\"@id\":\"https:\\\/\\\/www.fcejs.unsl.edu.ar\\\/index.php\\\/academia-nacional-de-derecho-y-ciencias-sociales-de-cordoba-conversatorio-institucional\\\/#article\",\"isPartOf\":{\"@id\":\"https:\\\/\\\/www.fcejs.unsl.edu.ar\\\/index.php\\\/academia-nacional-de-derecho-y-ciencias-sociales-de-cordoba-conversatorio-institucional\\\/\"},\"author\":{\"name\":\"DATI\",\"@id\":\"https:\\\/\\\/www.fcejs.unsl.edu.ar\\\/#\\\/schema\\\/person\\\/352ee6ed90c3f394c7cb5945f8956d34\"},\"headline\":\"Academia Nacional de Derecho y Ciencias Sociales de C\u00f3rdoba: Conversatorio Institucional\",\"datePublished\":\"2021-05-29T00:14:42+00:00\",\"dateModified\":\"2021-06-11T00:42:06+00:00\",\"mainEntityOfPage\":{\"@id\":\"https:\\\/\\\/www.fcejs.unsl.edu.ar\\\/index.php\\\/academia-nacional-de-derecho-y-ciencias-sociales-de-cordoba-conversatorio-institucional\\\/\"},\"wordCount\":148,\"publisher\":{\"@id\":\"https:\\\/\\\/www.fcejs.unsl.edu.ar\\\/#organization\"},\"image\":{\"@id\":\"https:\\\/\\\/www.fcejs.unsl.edu.ar\\\/index.php\\\/academia-nacional-de-derecho-y-ciencias-sociales-de-cordoba-conversatorio-institucional\\\/#primaryimage\"},\"thumbnailUrl\":\"https:\\\/\\\/www.fcejs.unsl.edu.ar\\\/wp-content\\\/uploads\\\/2021\\\/05\\\/Captura-1.jpg\",\"articleSection\":[\"Archivadas\"],\"inLanguage\":\"es-AR\"},{\"@type\":\"WebPage\",\"@id\":\"https:\\\/\\\/www.fcejs.unsl.edu.ar\\\/index.php\\\/academia-nacional-de-derecho-y-ciencias-sociales-de-cordoba-conversatorio-institucional\\\/\",\"url\":\"https:\\\/\\\/www.fcejs.unsl.edu.ar\\\/index.php\\\/academia-nacional-de-derecho-y-ciencias-sociales-de-cordoba-conversatorio-institucional\\\/\",\"name\":\"Academia Nacional de Derecho y Ciencias Sociales de C\u00f3rdoba: Conversatorio Institucional - Facultad de Ciencias Econ\u00f3micas, Jur\u00ed\u00addicas y Sociales\",\"isPartOf\":{\"@id\":\"https:\\\/\\\/www.fcejs.unsl.edu.ar\\\/#website\"},\"primaryImageOfPage\":{\"@id\":\"https:\\\/\\\/www.fcejs.unsl.edu.ar\\\/index.php\\\/academia-nacional-de-derecho-y-ciencias-sociales-de-cordoba-conversatorio-institucional\\\/#primaryimage\"},\"image\":{\"@id\":\"https:\\\/\\\/www.fcejs.unsl.edu.ar\\\/index.php\\\/academia-nacional-de-derecho-y-ciencias-sociales-de-cordoba-conversatorio-institucional\\\/#primaryimage\"},\"thumbnailUrl\":\"https:\\\/\\\/www.fcejs.unsl.edu.ar\\\/wp-content\\\/uploads\\\/2021\\\/05\\\/Captura-1.jpg\",\"datePublished\":\"2021-05-29T00:14:42+00:00\",\"dateModified\":\"2021-06-11T00:42:06+00:00\",\"breadcrumb\":{\"@id\":\"https:\\\/\\\/www.fcejs.unsl.edu.ar\\\/index.php\\\/academia-nacional-de-derecho-y-ciencias-sociales-de-cordoba-conversatorio-institucional\\\/#breadcrumb\"},\"inLanguage\":\"es-AR\",\"potentialAction\":[{\"@type\":\"ReadAction\",\"target\":[\"https:\\\/\\\/www.fcejs.unsl.edu.ar\\\/index.php\\\/academia-nacional-de-derecho-y-ciencias-sociales-de-cordoba-conversatorio-institucional\\\/\"]}]},{\"@type\":\"ImageObject\",\"inLanguage\":\"es-AR\",\"@id\":\"https:\\\/\\\/www.fcejs.unsl.edu.ar\\\/index.php\\\/academia-nacional-de-derecho-y-ciencias-sociales-de-cordoba-conversatorio-institucional\\\/#primaryimage\",\"url\":\"https:\\\/\\\/www.fcejs.unsl.edu.ar\\\/wp-content\\\/uploads\\\/2021\\\/05\\\/Captura-1.jpg\",\"contentUrl\":\"https:\\\/\\\/www.fcejs.unsl.edu.ar\\\/wp-content\\\/uploads\\\/2021\\\/05\\\/Captura-1.jpg\",\"width\":645,\"height\":223},{\"@type\":\"BreadcrumbList\",\"@id\":\"https:\\\/\\\/www.fcejs.unsl.edu.ar\\\/index.php\\\/academia-nacional-de-derecho-y-ciencias-sociales-de-cordoba-conversatorio-institucional\\\/#breadcrumb\",\"itemListElement\":[{\"@type\":\"ListItem\",\"position\":1,\"name\":\"Inicio\",\"item\":\"https:\\\/\\\/www.fcejs.unsl.edu.ar\\\/\"},{\"@type\":\"ListItem\",\"position\":2,\"name\":\"Academia Nacional de Derecho y Ciencias Sociales de C\u00f3rdoba: Conversatorio Institucional\"}]},{\"@type\":\"WebSite\",\"@id\":\"https:\\\/\\\/www.fcejs.unsl.edu.ar\\\/#website\",\"url\":\"https:\\\/\\\/www.fcejs.unsl.edu.ar\\\/\",\"name\":\"Facultad de Ciencias Econ\u00f3micas, Jur\u00ed\u00addicas y Sociales\",\"description\":\"\",\"publisher\":{\"@id\":\"https:\\\/\\\/www.fcejs.unsl.edu.ar\\\/#organization\"},\"potentialAction\":[{\"@type\":\"SearchAction\",\"target\":{\"@type\":\"EntryPoint\",\"urlTemplate\":\"https:\\\/\\\/www.fcejs.unsl.edu.ar\\\/?s={search_term_string}\"},\"query-input\":{\"@type\":\"PropertyValueSpecification\",\"valueRequired\":true,\"valueName\":\"search_term_string\"}}],\"inLanguage\":\"es-AR\"},{\"@type\":\"Organization\",\"@id\":\"https:\\\/\\\/www.fcejs.unsl.edu.ar\\\/#organization\",\"name\":\"Facultad de Ciencias Econ\u00f3micas, Jur\u00eddicas y Sociales\",\"url\":\"https:\\\/\\\/www.fcejs.unsl.edu.ar\\\/\",\"logo\":{\"@type\":\"ImageObject\",\"inLanguage\":\"es-AR\",\"@id\":\"https:\\\/\\\/www.fcejs.unsl.edu.ar\\\/#\\\/schema\\\/logo\\\/image\\\/\",\"url\":\"https:\\\/\\\/www.fcejs.unsl.edu.ar\\\/wp-content\\\/uploads\\\/2021\\\/03\\\/logo-1.jpg\",\"contentUrl\":\"https:\\\/\\\/www.fcejs.unsl.edu.ar\\\/wp-content\\\/uploads\\\/2021\\\/03\\\/logo-1.jpg\",\"width\":471,\"height\":146,\"caption\":\"Facultad de Ciencias Econ\u00f3micas, Jur\u00eddicas y Sociales\"},\"image\":{\"@id\":\"https:\\\/\\\/www.fcejs.unsl.edu.ar\\\/#\\\/schema\\\/logo\\\/image\\\/\"},\"sameAs\":[\"https:\\\/\\\/www.facebook.com\\\/FCEJS.UNSL\\\/\",\"https:\\\/\\\/x.com\\\/FCEJSUNSL\",\"https:\\\/\\\/www.instagram.com\\\/fcejs.unsl\\\/\",\"https:\\\/\\\/www.youtube.com\\\/channel\\\/UCH-Ut6EaN_X5ogjIQMPe46g\\\/\"]},{\"@type\":\"Person\",\"@id\":\"https:\\\/\\\/www.fcejs.unsl.edu.ar\\\/#\\\/schema\\\/person\\\/352ee6ed90c3f394c7cb5945f8956d34\",\"name\":\"DATI\"}]}<\/script>\n<!-- \/ Yoast SEO plugin. -->","yoast_head_json":{"title":"Academia Nacional de Derecho y Ciencias Sociales de C\u00f3rdoba: Conversatorio Institucional - Facultad de Ciencias Econ\u00f3micas, Jur\u00ed\u00addicas y Sociales","robots":{"index":"index","follow":"follow","max-snippet":"max-snippet:-1","max-image-preview":"max-image-preview:large","max-video-preview":"max-video-preview:-1"},"canonical":"https:\/\/www.fcejs.unsl.edu.ar\/index.php\/academia-nacional-de-derecho-y-ciencias-sociales-de-cordoba-conversatorio-institucional\/","og_locale":"es_ES","og_type":"article","og_title":"Academia Nacional de Derecho y Ciencias Sociales de C\u00f3rdoba: Conversatorio Institucional - Facultad de Ciencias Econ\u00f3micas, Jur\u00ed\u00addicas y Sociales","og_description":"Retransmitimos invitaci\u00f3n de la Academia Nacional de Derecho y Ciencias Sociales de C\u00f3rdoba al Conversatorio Institucional que se realizar\u00e1 el d\u00eda 4 de junio de&hellip;","og_url":"https:\/\/www.fcejs.unsl.edu.ar\/index.php\/academia-nacional-de-derecho-y-ciencias-sociales-de-cordoba-conversatorio-institucional\/","og_site_name":"Facultad de Ciencias Econ\u00f3micas, Jur\u00ed\u00addicas y Sociales","article_publisher":"https:\/\/www.facebook.com\/FCEJS.UNSL\/","article_published_time":"2021-05-29T00:14:42+00:00","article_modified_time":"2021-06-11T00:42:06+00:00","og_image":[{"width":645,"height":223,"url":"https:\/\/www.fcejs.unsl.edu.ar\/wp-content\/uploads\/2021\/05\/Captura-1.jpg","type":"image\/jpeg"}],"author":"DATI","twitter_card":"summary_large_image","twitter_creator":"@FCEJSUNSL","twitter_site":"@FCEJSUNSL","twitter_misc":{"Escrito por":"DATI","Tiempo de lectura":"1 minuto"},"schema":{"@context":"https:\/\/schema.org","@graph":[{"@type":"Article","@id":"https:\/\/www.fcejs.unsl.edu.ar\/index.php\/academia-nacional-de-derecho-y-ciencias-sociales-de-cordoba-conversatorio-institucional\/#article","isPartOf":{"@id":"https:\/\/www.fcejs.unsl.edu.ar\/index.php\/academia-nacional-de-derecho-y-ciencias-sociales-de-cordoba-conversatorio-institucional\/"},"author":{"name":"DATI","@id":"https:\/\/www.fcejs.unsl.edu.ar\/#\/schema\/person\/352ee6ed90c3f394c7cb5945f8956d34"},"headline":"Academia Nacional de Derecho y Ciencias Sociales de C\u00f3rdoba: Conversatorio Institucional","datePublished":"2021-05-29T00:14:42+00:00","dateModified":"2021-06-11T00:42:06+00:00","mainEntityOfPage":{"@id":"https:\/\/www.fcejs.unsl.edu.ar\/index.php\/academia-nacional-de-derecho-y-ciencias-sociales-de-cordoba-conversatorio-institucional\/"},"wordCount":148,"publisher":{"@id":"https:\/\/www.fcejs.unsl.edu.ar\/#organization"},"image":{"@id":"https:\/\/www.fcejs.unsl.edu.ar\/index.php\/academia-nacional-de-derecho-y-ciencias-sociales-de-cordoba-conversatorio-institucional\/#primaryimage"},"thumbnailUrl":"https:\/\/www.fcejs.unsl.edu.ar\/wp-content\/uploads\/2021\/05\/Captura-1.jpg","articleSection":["Archivadas"],"inLanguage":"es-AR"},{"@type":"WebPage","@id":"https:\/\/www.fcejs.unsl.edu.ar\/index.php\/academia-nacional-de-derecho-y-ciencias-sociales-de-cordoba-conversatorio-institucional\/","url":"https:\/\/www.fcejs.unsl.edu.ar\/index.php\/academia-nacional-de-derecho-y-ciencias-sociales-de-cordoba-conversatorio-institucional\/","name":"Academia Nacional de Derecho y Ciencias Sociales de C\u00f3rdoba: Conversatorio Institucional - Facultad de Ciencias Econ\u00f3micas, Jur\u00ed\u00addicas y Sociales","isPartOf":{"@id":"https:\/\/www.fcejs.unsl.edu.ar\/#website"},"primaryImageOfPage":{"@id":"https:\/\/www.fcejs.unsl.edu.ar\/index.php\/academia-nacional-de-derecho-y-ciencias-sociales-de-cordoba-conversatorio-institucional\/#primaryimage"},"image":{"@id":"https:\/\/www.fcejs.unsl.edu.ar\/index.php\/academia-nacional-de-derecho-y-ciencias-sociales-de-cordoba-conversatorio-institucional\/#primaryimage"},"thumbnailUrl":"https:\/\/www.fcejs.unsl.edu.ar\/wp-content\/uploads\/2021\/05\/Captura-1.jpg","datePublished":"2021-05-29T00:14:42+00:00","dateModified":"2021-06-11T00:42:06+00:00","breadcrumb":{"@id":"https:\/\/www.fcejs.unsl.edu.ar\/index.php\/academia-nacional-de-derecho-y-ciencias-sociales-de-cordoba-conversatorio-institucional\/#breadcrumb"},"inLanguage":"es-AR","potentialAction":[{"@type":"ReadAction","target":["https:\/\/www.fcejs.unsl.edu.ar\/index.php\/academia-nacional-de-derecho-y-ciencias-sociales-de-cordoba-conversatorio-institucional\/"]}]},{"@type":"ImageObject","inLanguage":"es-AR","@id":"https:\/\/www.fcejs.unsl.edu.ar\/index.php\/academia-nacional-de-derecho-y-ciencias-sociales-de-cordoba-conversatorio-institucional\/#primaryimage","url":"https:\/\/www.fcejs.unsl.edu.ar\/wp-content\/uploads\/2021\/05\/Captura-1.jpg","contentUrl":"https:\/\/www.fcejs.unsl.edu.ar\/wp-content\/uploads\/2021\/05\/Captura-1.jpg","width":645,"height":223},{"@type":"BreadcrumbList","@id":"https:\/\/www.fcejs.unsl.edu.ar\/index.php\/academia-nacional-de-derecho-y-ciencias-sociales-de-cordoba-conversatorio-institucional\/#breadcrumb","itemListElement":[{"@type":"ListItem","position":1,"name":"Inicio","item":"https:\/\/www.fcejs.unsl.edu.ar\/"},{"@type":"ListItem","position":2,"name":"Academia Nacional de Derecho y Ciencias Sociales de C\u00f3rdoba: Conversatorio Institucional"}]},{"@type":"WebSite","@id":"https:\/\/www.fcejs.unsl.edu.ar\/#website","url":"https:\/\/www.fcejs.unsl.edu.ar\/","name":"Facultad de Ciencias Econ\u00f3micas, Jur\u00ed\u00addicas y Sociales","description":"","publisher":{"@id":"https:\/\/www.fcejs.unsl.edu.ar\/#organization"},"potentialAction":[{"@type":"SearchAction","target":{"@type":"EntryPoint","urlTemplate":"https:\/\/www.fcejs.unsl.edu.ar\/?s={search_term_string}"},"query-input":{"@type":"PropertyValueSpecification","valueRequired":true,"valueName":"search_term_string"}}],"inLanguage":"es-AR"},{"@type":"Organization","@id":"https:\/\/www.fcejs.unsl.edu.ar\/#organization","name":"Facultad de Ciencias Econ\u00f3micas, Jur\u00eddicas y Sociales","url":"https:\/\/www.fcejs.unsl.edu.ar\/","logo":{"@type":"ImageObject","inLanguage":"es-AR","@id":"https:\/\/www.fcejs.unsl.edu.ar\/#\/schema\/logo\/image\/","url":"https:\/\/www.fcejs.unsl.edu.ar\/wp-content\/uploads\/2021\/03\/logo-1.jpg","contentUrl":"https:\/\/www.fcejs.unsl.edu.ar\/wp-content\/uploads\/2021\/03\/logo-1.jpg","width":471,"height":146,"caption":"Facultad de Ciencias Econ\u00f3micas, Jur\u00eddicas y Sociales"},"image":{"@id":"https:\/\/www.fcejs.unsl.edu.ar\/#\/schema\/logo\/image\/"},"sameAs":["https:\/\/www.facebook.com\/FCEJS.UNSL\/","https:\/\/x.com\/FCEJSUNSL","https:\/\/www.instagram.com\/fcejs.unsl\/","https:\/\/www.youtube.com\/channel\/UCH-Ut6EaN_X5ogjIQMPe46g\/"]},{"@type":"Person","@id":"https:\/\/www.fcejs.unsl.edu.ar\/#\/schema\/person\/352ee6ed90c3f394c7cb5945f8956d34","name":"DATI"}]}},"jetpack_featured_media_url":"https:\/\/www.fcejs.unsl.edu.ar\/wp-content\/uploads\/2021\/05\/Captura-1.jpg","_links":{"self":[{"href":"https:\/\/www.fcejs.unsl.edu.ar\/index.php\/wp-json\/wp\/v2\/posts\/3769","targetHints":{"allow":["GET"]}}],"collection":[{"href":"https:\/\/www.fcejs.unsl.edu.ar\/index.php\/wp-json\/wp\/v2\/posts"}],"about":[{"href":"https:\/\/www.fcejs.unsl.edu.ar\/index.php\/wp-json\/wp\/v2\/types\/post"}],"author":[{"embeddable":true,"href":"https:\/\/www.fcejs.unsl.edu.ar\/index.php\/wp-json\/wp\/v2\/users\/9"}],"replies":[{"embeddable":true,"href":"https:\/\/www.fcejs.unsl.edu.ar\/index.php\/wp-json\/wp\/v2\/comments?post=3769"}],"version-history":[{"count":1,"href":"https:\/\/www.fcejs.unsl.edu.ar\/index.php\/wp-json\/wp\/v2\/posts\/3769\/revisions"}],"predecessor-version":[{"id":3772,"href":"https:\/\/www.fcejs.unsl.edu.ar\/index.php\/wp-json\/wp\/v2\/posts\/3769\/revisions\/3772"}],"wp:featuredmedia":[{"embeddable":true,"href":"https:\/\/www.fcejs.unsl.edu.ar\/index.php\/wp-json\/wp\/v2\/media\/3770"}],"wp:attachment":[{"href":"https:\/\/www.fcejs.unsl.edu.ar\/index.php\/wp-json\/wp\/v2\/media?parent=3769"}],"wp:term":[{"taxonomy":"category","embeddable":true,"href":"https:\/\/www.fcejs.unsl.edu.ar\/index.php\/wp-json\/wp\/v2\/categories?post=3769"},{"taxonomy":"post_tag","embeddable":true,"href":"https:\/\/www.fcejs.unsl.edu.ar\/index.php\/wp-json\/wp\/v2\/tags?post=3769"}],"curies":[{"name":"wp","href":"https:\/\/api.w.org\/{rel}","templated":true}]}}