{"id":3729,"date":"2021-06-10T11:45:32","date_gmt":"2021-06-10T14:45:32","guid":{"rendered":"http:\/\/10.101.10.197\/www\/?p=3729"},"modified":"2021-06-22T12:42:30","modified_gmt":"2021-06-22T15:42:30","slug":"en-julio-inicia-el-ciclo-dialogos-urgentes-homenaje-a-alcira-argumedo","status":"publish","type":"post","link":"https:\/\/www.fcejs.unsl.edu.ar\/index.php\/en-julio-inicia-el-ciclo-dialogos-urgentes-homenaje-a-alcira-argumedo\/","title":{"rendered":"En julio inicia el ciclo \u201cDi\u00e1logos Urgentes. Homenaje a Alcira Argumedo\u201d"},"content":{"rendered":"<p>La Secretar\u00eda de Investigaci\u00f3n y Posgrado informa que el pr\u00f3ximo 1 de julio comenzar\u00e1 el ciclo \u201cDi\u00e1logos Urgentes. Homenaje a Alcira Argumedo\u201d, organizado por la Maestr\u00eda en \u201cSociedad e Instituciones\u201d junto al PROICO: 150418. \u201cJuventudes contempor\u00e1neas: pol\u00edticas, desaf\u00edos y tensiones\u201d (UNSL).<\/p>\n<p>Mientras se planificaba esta actividad, se produjo la inesperada y dolorosa noticia de la partida de una referente del mundo acad\u00e9mico quien siempre expres\u00f3 un fuerte compromiso social: la profesora Alcira Argumedo. La actitud coherente e inclaudicable de sus convicciones junto a su tremenda generosidad acad\u00e9mica la coloca como una referente imprescindible para las y los que entienden la estrecha vinculaci\u00f3n entre los \u00e1mbitos cient\u00edficos-tecnol\u00f3gicos y el aporte al desarrollo de sociedades m\u00e1s inclusivas.<\/p>\n<p>Deviene se\u00f1alar a Alcira Argumedo pues ella iba a ser la primera invitada al ciclo. Por tal raz\u00f3n, desde la Maestr\u00eda en Sociedad e Instituciones, se ha decidido enmarcar la actividad en su homenaje. Argumedo integr\u00f3 el Comit\u00e9 Acad\u00e9mico de la carrera y tambi\u00e9n fue docente en la misma.<\/p>\n<p>Este ciclo es abierto al p\u00fablico en general y se llevar\u00e1 de forma virtual mediante la plataforma Zoom y constar\u00e1 de 5 encuentros que tendr\u00e1n lugar el primer jueves de cada mes a las 19 h: 1 de julio; 5 de agosto; 2 de septiembre; 1 de octubre y 4 de noviembre.<\/p>\n<p>Las actividades que comprenden el ciclo \u201cDi\u00e1logos Urgentes\u201d est\u00e1n abierta a las y los preocupados e interesados en compartir encuentros con referentes de distintas \u00e1reas de investigaci\u00f3n e inserci\u00f3n profesional. Tras la exposici\u00f3n de cada una se abrir\u00e1 un espacio para preguntas del p\u00fablico. Se prev\u00e9 la duraci\u00f3n de cada encuentro con un l\u00edmite de 60 minutos.<\/p>\n<p>Este ciclo ser\u00e1 coordinado por la Dra. Graciela Castro y el Mag. Yussef Becher<\/p>\n<p>Participar\u00e1n:<\/p>\n<ul>\n<li>Fernando Peirano<br \/>\nT\u00edtulo de su presentaci\u00f3n: \u201cHacia un nuevo contrato social en ciencia y tecnolog\u00eda. Lecciones que nos deja la pandemia\u201d<\/li>\n<li>Constanza Moreira<br \/>\nEl t\u00edtulo de su presentaci\u00f3n es: \u201cLa impugnaci\u00f3n de la pol\u00edtica en Am\u00e9rica Latina: un proceso truncado de expansi\u00f3n democr\u00e1tica\u201d<\/li>\n<li>Mart\u00edn Schorr<br \/>\nT\u00edtulo de su presentaci\u00f3n: \u201cPandemia y pospandemia: situaci\u00f3n y perspectivas de la econom\u00eda argentina\u201d<\/li>\n<li>Carles Feixa<br \/>\nT\u00edtulo de su presentaci\u00f3n: \u201c\u00bfUna generaci\u00f3n viral? Los j\u00f3venes frente a la pandemia\u201d<\/li>\n<li>Violeta Guyot:<br \/>\nT\u00edtulo de su presentaci\u00f3n: \u201cPandemia y Caja de Pandora&#8221;<\/li>\n<\/ul>\n<p><img fetchpriority=\"high\" decoding=\"async\" class=\"aligncenter size-large wp-image-3730\" src=\"https:\/\/www.fcejs.unsl.edu.ar\/wp-content\/uploads\/2021\/05\/FLYER-ARGUMEDO_02-01-824x1024.jpeg\" alt=\"\" width=\"824\" height=\"1024\" srcset=\"https:\/\/www.fcejs.unsl.edu.ar\/wp-content\/uploads\/2021\/05\/FLYER-ARGUMEDO_02-01-824x1024.jpeg 824w, https:\/\/www.fcejs.unsl.edu.ar\/wp-content\/uploads\/2021\/05\/FLYER-ARGUMEDO_02-01-241x300.jpeg 241w, https:\/\/www.fcejs.unsl.edu.ar\/wp-content\/uploads\/2021\/05\/FLYER-ARGUMEDO_02-01-768x955.jpeg 768w, https:\/\/www.fcejs.unsl.edu.ar\/wp-content\/uploads\/2021\/05\/FLYER-ARGUMEDO_02-01-1236x1536.jpeg 1236w, https:\/\/www.fcejs.unsl.edu.ar\/wp-content\/uploads\/2021\/05\/FLYER-ARGUMEDO_02-01-1647x2048.jpeg 1647w\" sizes=\"(max-width: 824px) 100vw, 824px\" \/><\/p>\n","protected":false},"excerpt":{"rendered":"<p>La Secretar\u00eda de Investigaci\u00f3n y Posgrado informa que el pr\u00f3ximo 1 de julio comenzar\u00e1 el ciclo \u201cDi\u00e1logos Urgentes. Homenaje a Alcira Argumedo\u201d, organizado por la&hellip;<\/p>\n","protected":false},"author":9,"featured_media":3731,"comment_status":"closed","ping_status":"closed","sticky":false,"template":"","format":"standard","meta":{"om_disable_all_campaigns":false,"_monsterinsights_skip_tracking":false,"_monsterinsights_sitenote_active":false,"_monsterinsights_sitenote_note":"","_monsterinsights_sitenote_category":0,"footnotes":""},"categories":[21],"tags":[],"class_list":["post-3729","post","type-post","status-publish","format-standard","has-post-thumbnail","hentry","category-archivadas"],"yoast_head":"<!-- This site is optimized with the Yoast SEO plugin v27.4 - https:\/\/yoast.com\/product\/yoast-seo-wordpress\/ -->\n<title>En julio inicia el ciclo \u201cDi\u00e1logos Urgentes. Homenaje a Alcira Argumedo\u201d - Facultad de Ciencias Econ\u00f3micas, Jur\u00ed\u00addicas y Sociales<\/title>\n<meta name=\"robots\" content=\"index, follow, max-snippet:-1, max-image-preview:large, max-video-preview:-1\" \/>\n<link rel=\"canonical\" href=\"https:\/\/www.fcejs.unsl.edu.ar\/index.php\/en-julio-inicia-el-ciclo-dialogos-urgentes-homenaje-a-alcira-argumedo\/\" \/>\n<meta property=\"og:locale\" content=\"es_ES\" \/>\n<meta property=\"og:type\" content=\"article\" \/>\n<meta property=\"og:title\" content=\"En julio inicia el ciclo \u201cDi\u00e1logos Urgentes. Homenaje a Alcira Argumedo\u201d - Facultad de Ciencias Econ\u00f3micas, Jur\u00ed\u00addicas y Sociales\" \/>\n<meta property=\"og:description\" content=\"La Secretar\u00eda de Investigaci\u00f3n y Posgrado informa que el pr\u00f3ximo 1 de julio comenzar\u00e1 el ciclo \u201cDi\u00e1logos Urgentes. Homenaje a Alcira Argumedo\u201d, organizado por la&hellip;\" \/>\n<meta property=\"og:url\" content=\"https:\/\/www.fcejs.unsl.edu.ar\/index.php\/en-julio-inicia-el-ciclo-dialogos-urgentes-homenaje-a-alcira-argumedo\/\" \/>\n<meta property=\"og:site_name\" content=\"Facultad de Ciencias Econ\u00f3micas, Jur\u00ed\u00addicas y Sociales\" \/>\n<meta property=\"article:publisher\" content=\"https:\/\/www.facebook.com\/FCEJS.UNSL\/\" \/>\n<meta property=\"article:published_time\" content=\"2021-06-10T14:45:32+00:00\" \/>\n<meta property=\"article:modified_time\" content=\"2021-06-22T15:42:30+00:00\" \/>\n<meta property=\"og:image\" content=\"https:\/\/www.fcejs.unsl.edu.ar\/wp-content\/uploads\/2021\/05\/dialogos-urgentes-front.jpg\" \/>\n\t<meta property=\"og:image:width\" content=\"1061\" \/>\n\t<meta property=\"og:image:height\" content=\"600\" \/>\n\t<meta property=\"og:image:type\" content=\"image\/jpeg\" \/>\n<meta name=\"author\" content=\"DATI\" \/>\n<meta name=\"twitter:card\" content=\"summary_large_image\" \/>\n<meta name=\"twitter:creator\" content=\"@FCEJSUNSL\" \/>\n<meta name=\"twitter:site\" content=\"@FCEJSUNSL\" \/>\n<meta name=\"twitter:label1\" content=\"Escrito por\" \/>\n\t<meta name=\"twitter:data1\" content=\"DATI\" \/>\n\t<meta name=\"twitter:label2\" content=\"Tiempo de lectura\" \/>\n\t<meta name=\"twitter:data2\" content=\"2 minutos\" \/>\n<script type=\"application\/ld+json\" class=\"yoast-schema-graph\">{\"@context\":\"https:\\\/\\\/schema.org\",\"@graph\":[{\"@type\":\"Article\",\"@id\":\"https:\\\/\\\/www.fcejs.unsl.edu.ar\\\/index.php\\\/en-julio-inicia-el-ciclo-dialogos-urgentes-homenaje-a-alcira-argumedo\\\/#article\",\"isPartOf\":{\"@id\":\"https:\\\/\\\/www.fcejs.unsl.edu.ar\\\/index.php\\\/en-julio-inicia-el-ciclo-dialogos-urgentes-homenaje-a-alcira-argumedo\\\/\"},\"author\":{\"name\":\"DATI\",\"@id\":\"https:\\\/\\\/www.fcejs.unsl.edu.ar\\\/#\\\/schema\\\/person\\\/352ee6ed90c3f394c7cb5945f8956d34\"},\"headline\":\"En julio inicia el ciclo \u201cDi\u00e1logos Urgentes. Homenaje a Alcira Argumedo\u201d\",\"datePublished\":\"2021-06-10T14:45:32+00:00\",\"dateModified\":\"2021-06-22T15:42:30+00:00\",\"mainEntityOfPage\":{\"@id\":\"https:\\\/\\\/www.fcejs.unsl.edu.ar\\\/index.php\\\/en-julio-inicia-el-ciclo-dialogos-urgentes-homenaje-a-alcira-argumedo\\\/\"},\"wordCount\":426,\"publisher\":{\"@id\":\"https:\\\/\\\/www.fcejs.unsl.edu.ar\\\/#organization\"},\"image\":{\"@id\":\"https:\\\/\\\/www.fcejs.unsl.edu.ar\\\/index.php\\\/en-julio-inicia-el-ciclo-dialogos-urgentes-homenaje-a-alcira-argumedo\\\/#primaryimage\"},\"thumbnailUrl\":\"https:\\\/\\\/www.fcejs.unsl.edu.ar\\\/wp-content\\\/uploads\\\/2021\\\/05\\\/dialogos-urgentes-front.jpg\",\"articleSection\":[\"Archivadas\"],\"inLanguage\":\"es-AR\"},{\"@type\":\"WebPage\",\"@id\":\"https:\\\/\\\/www.fcejs.unsl.edu.ar\\\/index.php\\\/en-julio-inicia-el-ciclo-dialogos-urgentes-homenaje-a-alcira-argumedo\\\/\",\"url\":\"https:\\\/\\\/www.fcejs.unsl.edu.ar\\\/index.php\\\/en-julio-inicia-el-ciclo-dialogos-urgentes-homenaje-a-alcira-argumedo\\\/\",\"name\":\"En julio inicia el ciclo \u201cDi\u00e1logos Urgentes. Homenaje a Alcira Argumedo\u201d - Facultad de Ciencias Econ\u00f3micas, Jur\u00ed\u00addicas y Sociales\",\"isPartOf\":{\"@id\":\"https:\\\/\\\/www.fcejs.unsl.edu.ar\\\/#website\"},\"primaryImageOfPage\":{\"@id\":\"https:\\\/\\\/www.fcejs.unsl.edu.ar\\\/index.php\\\/en-julio-inicia-el-ciclo-dialogos-urgentes-homenaje-a-alcira-argumedo\\\/#primaryimage\"},\"image\":{\"@id\":\"https:\\\/\\\/www.fcejs.unsl.edu.ar\\\/index.php\\\/en-julio-inicia-el-ciclo-dialogos-urgentes-homenaje-a-alcira-argumedo\\\/#primaryimage\"},\"thumbnailUrl\":\"https:\\\/\\\/www.fcejs.unsl.edu.ar\\\/wp-content\\\/uploads\\\/2021\\\/05\\\/dialogos-urgentes-front.jpg\",\"datePublished\":\"2021-06-10T14:45:32+00:00\",\"dateModified\":\"2021-06-22T15:42:30+00:00\",\"breadcrumb\":{\"@id\":\"https:\\\/\\\/www.fcejs.unsl.edu.ar\\\/index.php\\\/en-julio-inicia-el-ciclo-dialogos-urgentes-homenaje-a-alcira-argumedo\\\/#breadcrumb\"},\"inLanguage\":\"es-AR\",\"potentialAction\":[{\"@type\":\"ReadAction\",\"target\":[\"https:\\\/\\\/www.fcejs.unsl.edu.ar\\\/index.php\\\/en-julio-inicia-el-ciclo-dialogos-urgentes-homenaje-a-alcira-argumedo\\\/\"]}]},{\"@type\":\"ImageObject\",\"inLanguage\":\"es-AR\",\"@id\":\"https:\\\/\\\/www.fcejs.unsl.edu.ar\\\/index.php\\\/en-julio-inicia-el-ciclo-dialogos-urgentes-homenaje-a-alcira-argumedo\\\/#primaryimage\",\"url\":\"https:\\\/\\\/www.fcejs.unsl.edu.ar\\\/wp-content\\\/uploads\\\/2021\\\/05\\\/dialogos-urgentes-front.jpg\",\"contentUrl\":\"https:\\\/\\\/www.fcejs.unsl.edu.ar\\\/wp-content\\\/uploads\\\/2021\\\/05\\\/dialogos-urgentes-front.jpg\",\"width\":1061,\"height\":600},{\"@type\":\"BreadcrumbList\",\"@id\":\"https:\\\/\\\/www.fcejs.unsl.edu.ar\\\/index.php\\\/en-julio-inicia-el-ciclo-dialogos-urgentes-homenaje-a-alcira-argumedo\\\/#breadcrumb\",\"itemListElement\":[{\"@type\":\"ListItem\",\"position\":1,\"name\":\"Inicio\",\"item\":\"https:\\\/\\\/www.fcejs.unsl.edu.ar\\\/\"},{\"@type\":\"ListItem\",\"position\":2,\"name\":\"En julio inicia el ciclo \u201cDi\u00e1logos Urgentes. Homenaje a Alcira Argumedo\u201d\"}]},{\"@type\":\"WebSite\",\"@id\":\"https:\\\/\\\/www.fcejs.unsl.edu.ar\\\/#website\",\"url\":\"https:\\\/\\\/www.fcejs.unsl.edu.ar\\\/\",\"name\":\"Facultad de Ciencias Econ\u00f3micas, Jur\u00ed\u00addicas y Sociales\",\"description\":\"\",\"publisher\":{\"@id\":\"https:\\\/\\\/www.fcejs.unsl.edu.ar\\\/#organization\"},\"potentialAction\":[{\"@type\":\"SearchAction\",\"target\":{\"@type\":\"EntryPoint\",\"urlTemplate\":\"https:\\\/\\\/www.fcejs.unsl.edu.ar\\\/?s={search_term_string}\"},\"query-input\":{\"@type\":\"PropertyValueSpecification\",\"valueRequired\":true,\"valueName\":\"search_term_string\"}}],\"inLanguage\":\"es-AR\"},{\"@type\":\"Organization\",\"@id\":\"https:\\\/\\\/www.fcejs.unsl.edu.ar\\\/#organization\",\"name\":\"Facultad de Ciencias Econ\u00f3micas, Jur\u00eddicas y Sociales\",\"url\":\"https:\\\/\\\/www.fcejs.unsl.edu.ar\\\/\",\"logo\":{\"@type\":\"ImageObject\",\"inLanguage\":\"es-AR\",\"@id\":\"https:\\\/\\\/www.fcejs.unsl.edu.ar\\\/#\\\/schema\\\/logo\\\/image\\\/\",\"url\":\"https:\\\/\\\/www.fcejs.unsl.edu.ar\\\/wp-content\\\/uploads\\\/2021\\\/03\\\/logo-1.jpg\",\"contentUrl\":\"https:\\\/\\\/www.fcejs.unsl.edu.ar\\\/wp-content\\\/uploads\\\/2021\\\/03\\\/logo-1.jpg\",\"width\":471,\"height\":146,\"caption\":\"Facultad de Ciencias Econ\u00f3micas, Jur\u00eddicas y Sociales\"},\"image\":{\"@id\":\"https:\\\/\\\/www.fcejs.unsl.edu.ar\\\/#\\\/schema\\\/logo\\\/image\\\/\"},\"sameAs\":[\"https:\\\/\\\/www.facebook.com\\\/FCEJS.UNSL\\\/\",\"https:\\\/\\\/x.com\\\/FCEJSUNSL\",\"https:\\\/\\\/www.instagram.com\\\/fcejs.unsl\\\/\",\"https:\\\/\\\/www.youtube.com\\\/channel\\\/UCH-Ut6EaN_X5ogjIQMPe46g\\\/\"]},{\"@type\":\"Person\",\"@id\":\"https:\\\/\\\/www.fcejs.unsl.edu.ar\\\/#\\\/schema\\\/person\\\/352ee6ed90c3f394c7cb5945f8956d34\",\"name\":\"DATI\"}]}<\/script>\n<!-- \/ Yoast SEO plugin. -->","yoast_head_json":{"title":"En julio inicia el ciclo \u201cDi\u00e1logos Urgentes. Homenaje a Alcira Argumedo\u201d - Facultad de Ciencias Econ\u00f3micas, Jur\u00ed\u00addicas y Sociales","robots":{"index":"index","follow":"follow","max-snippet":"max-snippet:-1","max-image-preview":"max-image-preview:large","max-video-preview":"max-video-preview:-1"},"canonical":"https:\/\/www.fcejs.unsl.edu.ar\/index.php\/en-julio-inicia-el-ciclo-dialogos-urgentes-homenaje-a-alcira-argumedo\/","og_locale":"es_ES","og_type":"article","og_title":"En julio inicia el ciclo \u201cDi\u00e1logos Urgentes. Homenaje a Alcira Argumedo\u201d - Facultad de Ciencias Econ\u00f3micas, Jur\u00ed\u00addicas y Sociales","og_description":"La Secretar\u00eda de Investigaci\u00f3n y Posgrado informa que el pr\u00f3ximo 1 de julio comenzar\u00e1 el ciclo \u201cDi\u00e1logos Urgentes. Homenaje a Alcira Argumedo\u201d, organizado por la&hellip;","og_url":"https:\/\/www.fcejs.unsl.edu.ar\/index.php\/en-julio-inicia-el-ciclo-dialogos-urgentes-homenaje-a-alcira-argumedo\/","og_site_name":"Facultad de Ciencias Econ\u00f3micas, Jur\u00ed\u00addicas y Sociales","article_publisher":"https:\/\/www.facebook.com\/FCEJS.UNSL\/","article_published_time":"2021-06-10T14:45:32+00:00","article_modified_time":"2021-06-22T15:42:30+00:00","og_image":[{"width":1061,"height":600,"url":"https:\/\/www.fcejs.unsl.edu.ar\/wp-content\/uploads\/2021\/05\/dialogos-urgentes-front.jpg","type":"image\/jpeg"}],"author":"DATI","twitter_card":"summary_large_image","twitter_creator":"@FCEJSUNSL","twitter_site":"@FCEJSUNSL","twitter_misc":{"Escrito por":"DATI","Tiempo de lectura":"2 minutos"},"schema":{"@context":"https:\/\/schema.org","@graph":[{"@type":"Article","@id":"https:\/\/www.fcejs.unsl.edu.ar\/index.php\/en-julio-inicia-el-ciclo-dialogos-urgentes-homenaje-a-alcira-argumedo\/#article","isPartOf":{"@id":"https:\/\/www.fcejs.unsl.edu.ar\/index.php\/en-julio-inicia-el-ciclo-dialogos-urgentes-homenaje-a-alcira-argumedo\/"},"author":{"name":"DATI","@id":"https:\/\/www.fcejs.unsl.edu.ar\/#\/schema\/person\/352ee6ed90c3f394c7cb5945f8956d34"},"headline":"En julio inicia el ciclo \u201cDi\u00e1logos Urgentes. Homenaje a Alcira Argumedo\u201d","datePublished":"2021-06-10T14:45:32+00:00","dateModified":"2021-06-22T15:42:30+00:00","mainEntityOfPage":{"@id":"https:\/\/www.fcejs.unsl.edu.ar\/index.php\/en-julio-inicia-el-ciclo-dialogos-urgentes-homenaje-a-alcira-argumedo\/"},"wordCount":426,"publisher":{"@id":"https:\/\/www.fcejs.unsl.edu.ar\/#organization"},"image":{"@id":"https:\/\/www.fcejs.unsl.edu.ar\/index.php\/en-julio-inicia-el-ciclo-dialogos-urgentes-homenaje-a-alcira-argumedo\/#primaryimage"},"thumbnailUrl":"https:\/\/www.fcejs.unsl.edu.ar\/wp-content\/uploads\/2021\/05\/dialogos-urgentes-front.jpg","articleSection":["Archivadas"],"inLanguage":"es-AR"},{"@type":"WebPage","@id":"https:\/\/www.fcejs.unsl.edu.ar\/index.php\/en-julio-inicia-el-ciclo-dialogos-urgentes-homenaje-a-alcira-argumedo\/","url":"https:\/\/www.fcejs.unsl.edu.ar\/index.php\/en-julio-inicia-el-ciclo-dialogos-urgentes-homenaje-a-alcira-argumedo\/","name":"En julio inicia el ciclo \u201cDi\u00e1logos Urgentes. Homenaje a Alcira Argumedo\u201d - Facultad de Ciencias Econ\u00f3micas, Jur\u00ed\u00addicas y Sociales","isPartOf":{"@id":"https:\/\/www.fcejs.unsl.edu.ar\/#website"},"primaryImageOfPage":{"@id":"https:\/\/www.fcejs.unsl.edu.ar\/index.php\/en-julio-inicia-el-ciclo-dialogos-urgentes-homenaje-a-alcira-argumedo\/#primaryimage"},"image":{"@id":"https:\/\/www.fcejs.unsl.edu.ar\/index.php\/en-julio-inicia-el-ciclo-dialogos-urgentes-homenaje-a-alcira-argumedo\/#primaryimage"},"thumbnailUrl":"https:\/\/www.fcejs.unsl.edu.ar\/wp-content\/uploads\/2021\/05\/dialogos-urgentes-front.jpg","datePublished":"2021-06-10T14:45:32+00:00","dateModified":"2021-06-22T15:42:30+00:00","breadcrumb":{"@id":"https:\/\/www.fcejs.unsl.edu.ar\/index.php\/en-julio-inicia-el-ciclo-dialogos-urgentes-homenaje-a-alcira-argumedo\/#breadcrumb"},"inLanguage":"es-AR","potentialAction":[{"@type":"ReadAction","target":["https:\/\/www.fcejs.unsl.edu.ar\/index.php\/en-julio-inicia-el-ciclo-dialogos-urgentes-homenaje-a-alcira-argumedo\/"]}]},{"@type":"ImageObject","inLanguage":"es-AR","@id":"https:\/\/www.fcejs.unsl.edu.ar\/index.php\/en-julio-inicia-el-ciclo-dialogos-urgentes-homenaje-a-alcira-argumedo\/#primaryimage","url":"https:\/\/www.fcejs.unsl.edu.ar\/wp-content\/uploads\/2021\/05\/dialogos-urgentes-front.jpg","contentUrl":"https:\/\/www.fcejs.unsl.edu.ar\/wp-content\/uploads\/2021\/05\/dialogos-urgentes-front.jpg","width":1061,"height":600},{"@type":"BreadcrumbList","@id":"https:\/\/www.fcejs.unsl.edu.ar\/index.php\/en-julio-inicia-el-ciclo-dialogos-urgentes-homenaje-a-alcira-argumedo\/#breadcrumb","itemListElement":[{"@type":"ListItem","position":1,"name":"Inicio","item":"https:\/\/www.fcejs.unsl.edu.ar\/"},{"@type":"ListItem","position":2,"name":"En julio inicia el ciclo \u201cDi\u00e1logos Urgentes. Homenaje a Alcira Argumedo\u201d"}]},{"@type":"WebSite","@id":"https:\/\/www.fcejs.unsl.edu.ar\/#website","url":"https:\/\/www.fcejs.unsl.edu.ar\/","name":"Facultad de Ciencias Econ\u00f3micas, Jur\u00ed\u00addicas y Sociales","description":"","publisher":{"@id":"https:\/\/www.fcejs.unsl.edu.ar\/#organization"},"potentialAction":[{"@type":"SearchAction","target":{"@type":"EntryPoint","urlTemplate":"https:\/\/www.fcejs.unsl.edu.ar\/?s={search_term_string}"},"query-input":{"@type":"PropertyValueSpecification","valueRequired":true,"valueName":"search_term_string"}}],"inLanguage":"es-AR"},{"@type":"Organization","@id":"https:\/\/www.fcejs.unsl.edu.ar\/#organization","name":"Facultad de Ciencias Econ\u00f3micas, Jur\u00eddicas y Sociales","url":"https:\/\/www.fcejs.unsl.edu.ar\/","logo":{"@type":"ImageObject","inLanguage":"es-AR","@id":"https:\/\/www.fcejs.unsl.edu.ar\/#\/schema\/logo\/image\/","url":"https:\/\/www.fcejs.unsl.edu.ar\/wp-content\/uploads\/2021\/03\/logo-1.jpg","contentUrl":"https:\/\/www.fcejs.unsl.edu.ar\/wp-content\/uploads\/2021\/03\/logo-1.jpg","width":471,"height":146,"caption":"Facultad de Ciencias Econ\u00f3micas, Jur\u00eddicas y Sociales"},"image":{"@id":"https:\/\/www.fcejs.unsl.edu.ar\/#\/schema\/logo\/image\/"},"sameAs":["https:\/\/www.facebook.com\/FCEJS.UNSL\/","https:\/\/x.com\/FCEJSUNSL","https:\/\/www.instagram.com\/fcejs.unsl\/","https:\/\/www.youtube.com\/channel\/UCH-Ut6EaN_X5ogjIQMPe46g\/"]},{"@type":"Person","@id":"https:\/\/www.fcejs.unsl.edu.ar\/#\/schema\/person\/352ee6ed90c3f394c7cb5945f8956d34","name":"DATI"}]}},"jetpack_featured_media_url":"https:\/\/www.fcejs.unsl.edu.ar\/wp-content\/uploads\/2021\/05\/dialogos-urgentes-front.jpg","_links":{"self":[{"href":"https:\/\/www.fcejs.unsl.edu.ar\/index.php\/wp-json\/wp\/v2\/posts\/3729","targetHints":{"allow":["GET"]}}],"collection":[{"href":"https:\/\/www.fcejs.unsl.edu.ar\/index.php\/wp-json\/wp\/v2\/posts"}],"about":[{"href":"https:\/\/www.fcejs.unsl.edu.ar\/index.php\/wp-json\/wp\/v2\/types\/post"}],"author":[{"embeddable":true,"href":"https:\/\/www.fcejs.unsl.edu.ar\/index.php\/wp-json\/wp\/v2\/users\/9"}],"replies":[{"embeddable":true,"href":"https:\/\/www.fcejs.unsl.edu.ar\/index.php\/wp-json\/wp\/v2\/comments?post=3729"}],"version-history":[{"count":5,"href":"https:\/\/www.fcejs.unsl.edu.ar\/index.php\/wp-json\/wp\/v2\/posts\/3729\/revisions"}],"predecessor-version":[{"id":3768,"href":"https:\/\/www.fcejs.unsl.edu.ar\/index.php\/wp-json\/wp\/v2\/posts\/3729\/revisions\/3768"}],"wp:featuredmedia":[{"embeddable":true,"href":"https:\/\/www.fcejs.unsl.edu.ar\/index.php\/wp-json\/wp\/v2\/media\/3731"}],"wp:attachment":[{"href":"https:\/\/www.fcejs.unsl.edu.ar\/index.php\/wp-json\/wp\/v2\/media?parent=3729"}],"wp:term":[{"taxonomy":"category","embeddable":true,"href":"https:\/\/www.fcejs.unsl.edu.ar\/index.php\/wp-json\/wp\/v2\/categories?post=3729"},{"taxonomy":"post_tag","embeddable":true,"href":"https:\/\/www.fcejs.unsl.edu.ar\/index.php\/wp-json\/wp\/v2\/tags?post=3729"}],"curies":[{"name":"wp","href":"https:\/\/api.w.org\/{rel}","templated":true}]}}