{"id":3726,"date":"2021-05-28T13:15:17","date_gmt":"2021-05-28T16:15:17","guid":{"rendered":"http:\/\/10.101.10.197\/www\/?p=3726"},"modified":"2021-06-08T12:46:11","modified_gmt":"2021-06-08T15:46:11","slug":"se-realizo-el-xxxv-consejo-plenario-del-consejo-de-decanos-de-ciencias-sociales","status":"publish","type":"post","link":"https:\/\/www.fcejs.unsl.edu.ar\/index.php\/se-realizo-el-xxxv-consejo-plenario-del-consejo-de-decanos-de-ciencias-sociales\/","title":{"rendered":"Se realiz\u00f3 el XXXV Consejo plenario del Consejo de Decanos de Ciencias Sociales"},"content":{"rendered":"<p>Durante los d\u00edas 26 y 27 de mayo de 2021 de 9 a 19 h en modalidad virtual a trav\u00e9s de ZOOM tuvo lugar el <strong>XXXV Consejo plenario del Consejo de Decanos de Ciencias Sociales (CODESOC) <\/strong>bajo el lema<strong> \u201c<\/strong>Balance y perspectivas: Las ciencias sociales ante la pandemia\u201d. En ambas jornadas estuvo presente el Vicedecano de la FCEJS, Lic. Esteban Arias.<\/p>\n<p>El evento organizado por la Escuela IDAES-UNSAM y la Escuela de Pol\u00edtica y Gobierno (EPyG-UNSAM) comenz\u00f3 el mi\u00e9rcoles 26 de mayo a las 9:30h con las siguientes actividades:<\/p>\n<p>Inauguraci\u00f3n de plenario, donde participaron:<\/p>\n<ul>\n<li>Jaime Perczyc (Secretario de Pol\u00edticas Universitarias)<\/li>\n<li>Carlos Greco (Rector UNSAM)<\/li>\n<li>Nuevas Autoridades CODESOC<\/li>\n<\/ul>\n<p>10.00h Aprobaci\u00f3n de actas previas<\/p>\n<p>10.30 a 12.00h Mesa de trabajo:<\/p>\n<p>\u201cDificultades y desaf\u00edos para la construcci\u00f3n de proyectos para las ciencias sociales\u201d con la participaron de:<\/p>\n<ul>\n<li>Cecilia Sleiman (MINCyT)<\/li>\n<li>Guido Giorgi (Agencia I+D+I)<\/li>\n<\/ul>\n<p>y moderaci\u00f3n de:<\/p>\n<ul>\n<li>Ariel Wilkis (Decano IDAES | UNSAM)<\/li>\n<\/ul>\n<p>15.00 a 17.00h Mesa de trabajo:<\/p>\n<p>\u201cDesaf\u00edos pedag\u00f3gicos que nos deja la pandemia en el campo de las ciencias sociales\u201d<\/p>\n<p>Con la coordinaci\u00f3n de:<\/p>\n<ul>\n<li>Zulma Perassi (UNSL)<\/li>\n<li>Gabriela Bergomas (UNER)<\/li>\n<\/ul>\n<p>18.00 a 19.30h se llev\u00f3 a cabo la Conferencia: \u201cCiencias sociales y gesti\u00f3n en tiempos de pandemia\u201d a cargo de la expositora:<\/p>\n<ul>\n<li>Sabina Frederic (Ministra de Seguridad de la Naci\u00f3n)<\/li>\n<\/ul>\n<p>y moderaci\u00f3n de:<\/p>\n<ul>\n<li>Gisela Spasiuk (Decana de Humanidades y Ciencias Sociales, UNAM)<\/li>\n<\/ul>\n<p>Las actividades continuaron el jueves 27 de mayo con los siguientes temas:<\/p>\n<p>9.00 a 12.00h<\/p>\n<p>Discusi\u00f3n y aprobaci\u00f3n Estatuto &#8211; Agenda interna CODESOC 2021<\/p>\n<p>15.00 a 17.00h Mesa de trabajo:<\/p>\n<p>\u201cTrayectorias educativas\u201d<\/p>\n<p>con la coordinaci\u00f3n de:<\/p>\n<ul>\n<li>Gabriela Gamberini (UNICEN)<\/li>\n<li>Patricia Pichl (UNPSJB)<\/li>\n<\/ul>\n<p>De 17.00 a 18.30h Conferencia:<\/p>\n<p>Desigualdades sociales y pandemia.<\/p>\n<p>A prop\u00f3sito del libro \u201cLa \u00bfnueva? estructura social de Am\u00e9rica Latina\u201d<\/p>\n<p>Donde participaron:<\/p>\n<ul>\n<li>Gabriela Benza (UNTREF &#8211; UNSAM)<\/li>\n<li>Gabriel Kessler (UNLP &#8211; UNSAM &#8211; CONICET)<\/li>\n<\/ul>\n<p>bajo la moderaci\u00f3n de:<\/p>\n<ul>\n<li>Ricardo Guti\u00e9rrez (Decano EPyG | UNSAM<\/li>\n<\/ul>\n","protected":false},"excerpt":{"rendered":"<p>Durante los d\u00edas 26 y 27 de mayo de 2021 de 9 a 19 h en modalidad virtual a trav\u00e9s de ZOOM tuvo lugar el&hellip;<\/p>\n","protected":false},"author":9,"featured_media":3741,"comment_status":"closed","ping_status":"closed","sticky":false,"template":"","format":"standard","meta":{"om_disable_all_campaigns":false,"_monsterinsights_skip_tracking":false,"_monsterinsights_sitenote_active":false,"_monsterinsights_sitenote_note":"","_monsterinsights_sitenote_category":0,"footnotes":""},"categories":[21],"tags":[],"class_list":["post-3726","post","type-post","status-publish","format-standard","has-post-thumbnail","hentry","category-archivadas"],"yoast_head":"<!-- This site is optimized with the Yoast SEO plugin v27.4 - https:\/\/yoast.com\/product\/yoast-seo-wordpress\/ -->\n<title>Se realiz\u00f3 el XXXV Consejo plenario del Consejo de Decanos de Ciencias Sociales - Facultad de Ciencias Econ\u00f3micas, Jur\u00ed\u00addicas y Sociales<\/title>\n<meta name=\"robots\" content=\"index, follow, max-snippet:-1, max-image-preview:large, max-video-preview:-1\" \/>\n<link rel=\"canonical\" href=\"https:\/\/www.fcejs.unsl.edu.ar\/index.php\/se-realizo-el-xxxv-consejo-plenario-del-consejo-de-decanos-de-ciencias-sociales\/\" \/>\n<meta property=\"og:locale\" content=\"es_ES\" \/>\n<meta property=\"og:type\" content=\"article\" \/>\n<meta property=\"og:title\" content=\"Se realiz\u00f3 el XXXV Consejo plenario del Consejo de Decanos de Ciencias Sociales - Facultad de Ciencias Econ\u00f3micas, Jur\u00ed\u00addicas y Sociales\" \/>\n<meta property=\"og:description\" content=\"Durante los d\u00edas 26 y 27 de mayo de 2021 de 9 a 19 h en modalidad virtual a trav\u00e9s de ZOOM tuvo lugar el&hellip;\" \/>\n<meta property=\"og:url\" content=\"https:\/\/www.fcejs.unsl.edu.ar\/index.php\/se-realizo-el-xxxv-consejo-plenario-del-consejo-de-decanos-de-ciencias-sociales\/\" \/>\n<meta property=\"og:site_name\" content=\"Facultad de Ciencias Econ\u00f3micas, Jur\u00ed\u00addicas y Sociales\" \/>\n<meta property=\"article:publisher\" content=\"https:\/\/www.facebook.com\/FCEJS.UNSL\/\" \/>\n<meta property=\"article:published_time\" content=\"2021-05-28T16:15:17+00:00\" \/>\n<meta property=\"article:modified_time\" content=\"2021-06-08T15:46:11+00:00\" \/>\n<meta property=\"og:image\" content=\"https:\/\/www.fcejs.unsl.edu.ar\/wp-content\/uploads\/2021\/05\/plenario25-1-.jpg\" \/>\n\t<meta property=\"og:image:width\" content=\"625\" \/>\n\t<meta property=\"og:image:height\" content=\"352\" \/>\n\t<meta property=\"og:image:type\" content=\"image\/jpeg\" \/>\n<meta name=\"author\" content=\"DATI\" \/>\n<meta name=\"twitter:card\" content=\"summary_large_image\" \/>\n<meta name=\"twitter:creator\" content=\"@FCEJSUNSL\" \/>\n<meta name=\"twitter:site\" content=\"@FCEJSUNSL\" \/>\n<meta name=\"twitter:label1\" content=\"Escrito por\" \/>\n\t<meta name=\"twitter:data1\" content=\"DATI\" \/>\n\t<meta name=\"twitter:label2\" content=\"Tiempo de lectura\" \/>\n\t<meta name=\"twitter:data2\" content=\"2 minutos\" \/>\n<script type=\"application\/ld+json\" class=\"yoast-schema-graph\">{\"@context\":\"https:\\\/\\\/schema.org\",\"@graph\":[{\"@type\":\"Article\",\"@id\":\"https:\\\/\\\/www.fcejs.unsl.edu.ar\\\/index.php\\\/se-realizo-el-xxxv-consejo-plenario-del-consejo-de-decanos-de-ciencias-sociales\\\/#article\",\"isPartOf\":{\"@id\":\"https:\\\/\\\/www.fcejs.unsl.edu.ar\\\/index.php\\\/se-realizo-el-xxxv-consejo-plenario-del-consejo-de-decanos-de-ciencias-sociales\\\/\"},\"author\":{\"name\":\"DATI\",\"@id\":\"https:\\\/\\\/www.fcejs.unsl.edu.ar\\\/#\\\/schema\\\/person\\\/352ee6ed90c3f394c7cb5945f8956d34\"},\"headline\":\"Se realiz\u00f3 el XXXV Consejo plenario del Consejo de Decanos de Ciencias Sociales\",\"datePublished\":\"2021-05-28T16:15:17+00:00\",\"dateModified\":\"2021-06-08T15:46:11+00:00\",\"mainEntityOfPage\":{\"@id\":\"https:\\\/\\\/www.fcejs.unsl.edu.ar\\\/index.php\\\/se-realizo-el-xxxv-consejo-plenario-del-consejo-de-decanos-de-ciencias-sociales\\\/\"},\"wordCount\":330,\"publisher\":{\"@id\":\"https:\\\/\\\/www.fcejs.unsl.edu.ar\\\/#organization\"},\"image\":{\"@id\":\"https:\\\/\\\/www.fcejs.unsl.edu.ar\\\/index.php\\\/se-realizo-el-xxxv-consejo-plenario-del-consejo-de-decanos-de-ciencias-sociales\\\/#primaryimage\"},\"thumbnailUrl\":\"https:\\\/\\\/www.fcejs.unsl.edu.ar\\\/wp-content\\\/uploads\\\/2021\\\/05\\\/plenario25-1-.jpg\",\"articleSection\":[\"Archivadas\"],\"inLanguage\":\"es-AR\"},{\"@type\":\"WebPage\",\"@id\":\"https:\\\/\\\/www.fcejs.unsl.edu.ar\\\/index.php\\\/se-realizo-el-xxxv-consejo-plenario-del-consejo-de-decanos-de-ciencias-sociales\\\/\",\"url\":\"https:\\\/\\\/www.fcejs.unsl.edu.ar\\\/index.php\\\/se-realizo-el-xxxv-consejo-plenario-del-consejo-de-decanos-de-ciencias-sociales\\\/\",\"name\":\"Se realiz\u00f3 el XXXV Consejo plenario del Consejo de Decanos de Ciencias Sociales - Facultad de Ciencias Econ\u00f3micas, Jur\u00ed\u00addicas y Sociales\",\"isPartOf\":{\"@id\":\"https:\\\/\\\/www.fcejs.unsl.edu.ar\\\/#website\"},\"primaryImageOfPage\":{\"@id\":\"https:\\\/\\\/www.fcejs.unsl.edu.ar\\\/index.php\\\/se-realizo-el-xxxv-consejo-plenario-del-consejo-de-decanos-de-ciencias-sociales\\\/#primaryimage\"},\"image\":{\"@id\":\"https:\\\/\\\/www.fcejs.unsl.edu.ar\\\/index.php\\\/se-realizo-el-xxxv-consejo-plenario-del-consejo-de-decanos-de-ciencias-sociales\\\/#primaryimage\"},\"thumbnailUrl\":\"https:\\\/\\\/www.fcejs.unsl.edu.ar\\\/wp-content\\\/uploads\\\/2021\\\/05\\\/plenario25-1-.jpg\",\"datePublished\":\"2021-05-28T16:15:17+00:00\",\"dateModified\":\"2021-06-08T15:46:11+00:00\",\"breadcrumb\":{\"@id\":\"https:\\\/\\\/www.fcejs.unsl.edu.ar\\\/index.php\\\/se-realizo-el-xxxv-consejo-plenario-del-consejo-de-decanos-de-ciencias-sociales\\\/#breadcrumb\"},\"inLanguage\":\"es-AR\",\"potentialAction\":[{\"@type\":\"ReadAction\",\"target\":[\"https:\\\/\\\/www.fcejs.unsl.edu.ar\\\/index.php\\\/se-realizo-el-xxxv-consejo-plenario-del-consejo-de-decanos-de-ciencias-sociales\\\/\"]}]},{\"@type\":\"ImageObject\",\"inLanguage\":\"es-AR\",\"@id\":\"https:\\\/\\\/www.fcejs.unsl.edu.ar\\\/index.php\\\/se-realizo-el-xxxv-consejo-plenario-del-consejo-de-decanos-de-ciencias-sociales\\\/#primaryimage\",\"url\":\"https:\\\/\\\/www.fcejs.unsl.edu.ar\\\/wp-content\\\/uploads\\\/2021\\\/05\\\/plenario25-1-.jpg\",\"contentUrl\":\"https:\\\/\\\/www.fcejs.unsl.edu.ar\\\/wp-content\\\/uploads\\\/2021\\\/05\\\/plenario25-1-.jpg\",\"width\":625,\"height\":352},{\"@type\":\"BreadcrumbList\",\"@id\":\"https:\\\/\\\/www.fcejs.unsl.edu.ar\\\/index.php\\\/se-realizo-el-xxxv-consejo-plenario-del-consejo-de-decanos-de-ciencias-sociales\\\/#breadcrumb\",\"itemListElement\":[{\"@type\":\"ListItem\",\"position\":1,\"name\":\"Inicio\",\"item\":\"https:\\\/\\\/www.fcejs.unsl.edu.ar\\\/\"},{\"@type\":\"ListItem\",\"position\":2,\"name\":\"Se realiz\u00f3 el XXXV Consejo plenario del Consejo de Decanos de Ciencias Sociales\"}]},{\"@type\":\"WebSite\",\"@id\":\"https:\\\/\\\/www.fcejs.unsl.edu.ar\\\/#website\",\"url\":\"https:\\\/\\\/www.fcejs.unsl.edu.ar\\\/\",\"name\":\"Facultad de Ciencias Econ\u00f3micas, Jur\u00ed\u00addicas y Sociales\",\"description\":\"\",\"publisher\":{\"@id\":\"https:\\\/\\\/www.fcejs.unsl.edu.ar\\\/#organization\"},\"potentialAction\":[{\"@type\":\"SearchAction\",\"target\":{\"@type\":\"EntryPoint\",\"urlTemplate\":\"https:\\\/\\\/www.fcejs.unsl.edu.ar\\\/?s={search_term_string}\"},\"query-input\":{\"@type\":\"PropertyValueSpecification\",\"valueRequired\":true,\"valueName\":\"search_term_string\"}}],\"inLanguage\":\"es-AR\"},{\"@type\":\"Organization\",\"@id\":\"https:\\\/\\\/www.fcejs.unsl.edu.ar\\\/#organization\",\"name\":\"Facultad de Ciencias Econ\u00f3micas, Jur\u00eddicas y Sociales\",\"url\":\"https:\\\/\\\/www.fcejs.unsl.edu.ar\\\/\",\"logo\":{\"@type\":\"ImageObject\",\"inLanguage\":\"es-AR\",\"@id\":\"https:\\\/\\\/www.fcejs.unsl.edu.ar\\\/#\\\/schema\\\/logo\\\/image\\\/\",\"url\":\"https:\\\/\\\/www.fcejs.unsl.edu.ar\\\/wp-content\\\/uploads\\\/2021\\\/03\\\/logo-1.jpg\",\"contentUrl\":\"https:\\\/\\\/www.fcejs.unsl.edu.ar\\\/wp-content\\\/uploads\\\/2021\\\/03\\\/logo-1.jpg\",\"width\":471,\"height\":146,\"caption\":\"Facultad de Ciencias Econ\u00f3micas, Jur\u00eddicas y Sociales\"},\"image\":{\"@id\":\"https:\\\/\\\/www.fcejs.unsl.edu.ar\\\/#\\\/schema\\\/logo\\\/image\\\/\"},\"sameAs\":[\"https:\\\/\\\/www.facebook.com\\\/FCEJS.UNSL\\\/\",\"https:\\\/\\\/x.com\\\/FCEJSUNSL\",\"https:\\\/\\\/www.instagram.com\\\/fcejs.unsl\\\/\",\"https:\\\/\\\/www.youtube.com\\\/channel\\\/UCH-Ut6EaN_X5ogjIQMPe46g\\\/\"]},{\"@type\":\"Person\",\"@id\":\"https:\\\/\\\/www.fcejs.unsl.edu.ar\\\/#\\\/schema\\\/person\\\/352ee6ed90c3f394c7cb5945f8956d34\",\"name\":\"DATI\"}]}<\/script>\n<!-- \/ Yoast SEO plugin. -->","yoast_head_json":{"title":"Se realiz\u00f3 el XXXV Consejo plenario del Consejo de Decanos de Ciencias Sociales - Facultad de Ciencias Econ\u00f3micas, Jur\u00ed\u00addicas y Sociales","robots":{"index":"index","follow":"follow","max-snippet":"max-snippet:-1","max-image-preview":"max-image-preview:large","max-video-preview":"max-video-preview:-1"},"canonical":"https:\/\/www.fcejs.unsl.edu.ar\/index.php\/se-realizo-el-xxxv-consejo-plenario-del-consejo-de-decanos-de-ciencias-sociales\/","og_locale":"es_ES","og_type":"article","og_title":"Se realiz\u00f3 el XXXV Consejo plenario del Consejo de Decanos de Ciencias Sociales - Facultad de Ciencias Econ\u00f3micas, Jur\u00ed\u00addicas y Sociales","og_description":"Durante los d\u00edas 26 y 27 de mayo de 2021 de 9 a 19 h en modalidad virtual a trav\u00e9s de ZOOM tuvo lugar el&hellip;","og_url":"https:\/\/www.fcejs.unsl.edu.ar\/index.php\/se-realizo-el-xxxv-consejo-plenario-del-consejo-de-decanos-de-ciencias-sociales\/","og_site_name":"Facultad de Ciencias Econ\u00f3micas, Jur\u00ed\u00addicas y Sociales","article_publisher":"https:\/\/www.facebook.com\/FCEJS.UNSL\/","article_published_time":"2021-05-28T16:15:17+00:00","article_modified_time":"2021-06-08T15:46:11+00:00","og_image":[{"width":625,"height":352,"url":"https:\/\/www.fcejs.unsl.edu.ar\/wp-content\/uploads\/2021\/05\/plenario25-1-.jpg","type":"image\/jpeg"}],"author":"DATI","twitter_card":"summary_large_image","twitter_creator":"@FCEJSUNSL","twitter_site":"@FCEJSUNSL","twitter_misc":{"Escrito por":"DATI","Tiempo de lectura":"2 minutos"},"schema":{"@context":"https:\/\/schema.org","@graph":[{"@type":"Article","@id":"https:\/\/www.fcejs.unsl.edu.ar\/index.php\/se-realizo-el-xxxv-consejo-plenario-del-consejo-de-decanos-de-ciencias-sociales\/#article","isPartOf":{"@id":"https:\/\/www.fcejs.unsl.edu.ar\/index.php\/se-realizo-el-xxxv-consejo-plenario-del-consejo-de-decanos-de-ciencias-sociales\/"},"author":{"name":"DATI","@id":"https:\/\/www.fcejs.unsl.edu.ar\/#\/schema\/person\/352ee6ed90c3f394c7cb5945f8956d34"},"headline":"Se realiz\u00f3 el XXXV Consejo plenario del Consejo de Decanos de Ciencias Sociales","datePublished":"2021-05-28T16:15:17+00:00","dateModified":"2021-06-08T15:46:11+00:00","mainEntityOfPage":{"@id":"https:\/\/www.fcejs.unsl.edu.ar\/index.php\/se-realizo-el-xxxv-consejo-plenario-del-consejo-de-decanos-de-ciencias-sociales\/"},"wordCount":330,"publisher":{"@id":"https:\/\/www.fcejs.unsl.edu.ar\/#organization"},"image":{"@id":"https:\/\/www.fcejs.unsl.edu.ar\/index.php\/se-realizo-el-xxxv-consejo-plenario-del-consejo-de-decanos-de-ciencias-sociales\/#primaryimage"},"thumbnailUrl":"https:\/\/www.fcejs.unsl.edu.ar\/wp-content\/uploads\/2021\/05\/plenario25-1-.jpg","articleSection":["Archivadas"],"inLanguage":"es-AR"},{"@type":"WebPage","@id":"https:\/\/www.fcejs.unsl.edu.ar\/index.php\/se-realizo-el-xxxv-consejo-plenario-del-consejo-de-decanos-de-ciencias-sociales\/","url":"https:\/\/www.fcejs.unsl.edu.ar\/index.php\/se-realizo-el-xxxv-consejo-plenario-del-consejo-de-decanos-de-ciencias-sociales\/","name":"Se realiz\u00f3 el XXXV Consejo plenario del Consejo de Decanos de Ciencias Sociales - Facultad de Ciencias Econ\u00f3micas, Jur\u00ed\u00addicas y Sociales","isPartOf":{"@id":"https:\/\/www.fcejs.unsl.edu.ar\/#website"},"primaryImageOfPage":{"@id":"https:\/\/www.fcejs.unsl.edu.ar\/index.php\/se-realizo-el-xxxv-consejo-plenario-del-consejo-de-decanos-de-ciencias-sociales\/#primaryimage"},"image":{"@id":"https:\/\/www.fcejs.unsl.edu.ar\/index.php\/se-realizo-el-xxxv-consejo-plenario-del-consejo-de-decanos-de-ciencias-sociales\/#primaryimage"},"thumbnailUrl":"https:\/\/www.fcejs.unsl.edu.ar\/wp-content\/uploads\/2021\/05\/plenario25-1-.jpg","datePublished":"2021-05-28T16:15:17+00:00","dateModified":"2021-06-08T15:46:11+00:00","breadcrumb":{"@id":"https:\/\/www.fcejs.unsl.edu.ar\/index.php\/se-realizo-el-xxxv-consejo-plenario-del-consejo-de-decanos-de-ciencias-sociales\/#breadcrumb"},"inLanguage":"es-AR","potentialAction":[{"@type":"ReadAction","target":["https:\/\/www.fcejs.unsl.edu.ar\/index.php\/se-realizo-el-xxxv-consejo-plenario-del-consejo-de-decanos-de-ciencias-sociales\/"]}]},{"@type":"ImageObject","inLanguage":"es-AR","@id":"https:\/\/www.fcejs.unsl.edu.ar\/index.php\/se-realizo-el-xxxv-consejo-plenario-del-consejo-de-decanos-de-ciencias-sociales\/#primaryimage","url":"https:\/\/www.fcejs.unsl.edu.ar\/wp-content\/uploads\/2021\/05\/plenario25-1-.jpg","contentUrl":"https:\/\/www.fcejs.unsl.edu.ar\/wp-content\/uploads\/2021\/05\/plenario25-1-.jpg","width":625,"height":352},{"@type":"BreadcrumbList","@id":"https:\/\/www.fcejs.unsl.edu.ar\/index.php\/se-realizo-el-xxxv-consejo-plenario-del-consejo-de-decanos-de-ciencias-sociales\/#breadcrumb","itemListElement":[{"@type":"ListItem","position":1,"name":"Inicio","item":"https:\/\/www.fcejs.unsl.edu.ar\/"},{"@type":"ListItem","position":2,"name":"Se realiz\u00f3 el XXXV Consejo plenario del Consejo de Decanos de Ciencias Sociales"}]},{"@type":"WebSite","@id":"https:\/\/www.fcejs.unsl.edu.ar\/#website","url":"https:\/\/www.fcejs.unsl.edu.ar\/","name":"Facultad de Ciencias Econ\u00f3micas, Jur\u00ed\u00addicas y Sociales","description":"","publisher":{"@id":"https:\/\/www.fcejs.unsl.edu.ar\/#organization"},"potentialAction":[{"@type":"SearchAction","target":{"@type":"EntryPoint","urlTemplate":"https:\/\/www.fcejs.unsl.edu.ar\/?s={search_term_string}"},"query-input":{"@type":"PropertyValueSpecification","valueRequired":true,"valueName":"search_term_string"}}],"inLanguage":"es-AR"},{"@type":"Organization","@id":"https:\/\/www.fcejs.unsl.edu.ar\/#organization","name":"Facultad de Ciencias Econ\u00f3micas, Jur\u00eddicas y Sociales","url":"https:\/\/www.fcejs.unsl.edu.ar\/","logo":{"@type":"ImageObject","inLanguage":"es-AR","@id":"https:\/\/www.fcejs.unsl.edu.ar\/#\/schema\/logo\/image\/","url":"https:\/\/www.fcejs.unsl.edu.ar\/wp-content\/uploads\/2021\/03\/logo-1.jpg","contentUrl":"https:\/\/www.fcejs.unsl.edu.ar\/wp-content\/uploads\/2021\/03\/logo-1.jpg","width":471,"height":146,"caption":"Facultad de Ciencias Econ\u00f3micas, Jur\u00eddicas y Sociales"},"image":{"@id":"https:\/\/www.fcejs.unsl.edu.ar\/#\/schema\/logo\/image\/"},"sameAs":["https:\/\/www.facebook.com\/FCEJS.UNSL\/","https:\/\/x.com\/FCEJSUNSL","https:\/\/www.instagram.com\/fcejs.unsl\/","https:\/\/www.youtube.com\/channel\/UCH-Ut6EaN_X5ogjIQMPe46g\/"]},{"@type":"Person","@id":"https:\/\/www.fcejs.unsl.edu.ar\/#\/schema\/person\/352ee6ed90c3f394c7cb5945f8956d34","name":"DATI"}]}},"jetpack_featured_media_url":"https:\/\/www.fcejs.unsl.edu.ar\/wp-content\/uploads\/2021\/05\/plenario25-1-.jpg","_links":{"self":[{"href":"https:\/\/www.fcejs.unsl.edu.ar\/index.php\/wp-json\/wp\/v2\/posts\/3726","targetHints":{"allow":["GET"]}}],"collection":[{"href":"https:\/\/www.fcejs.unsl.edu.ar\/index.php\/wp-json\/wp\/v2\/posts"}],"about":[{"href":"https:\/\/www.fcejs.unsl.edu.ar\/index.php\/wp-json\/wp\/v2\/types\/post"}],"author":[{"embeddable":true,"href":"https:\/\/www.fcejs.unsl.edu.ar\/index.php\/wp-json\/wp\/v2\/users\/9"}],"replies":[{"embeddable":true,"href":"https:\/\/www.fcejs.unsl.edu.ar\/index.php\/wp-json\/wp\/v2\/comments?post=3726"}],"version-history":[{"count":1,"href":"https:\/\/www.fcejs.unsl.edu.ar\/index.php\/wp-json\/wp\/v2\/posts\/3726\/revisions"}],"predecessor-version":[{"id":3728,"href":"https:\/\/www.fcejs.unsl.edu.ar\/index.php\/wp-json\/wp\/v2\/posts\/3726\/revisions\/3728"}],"wp:featuredmedia":[{"embeddable":true,"href":"https:\/\/www.fcejs.unsl.edu.ar\/index.php\/wp-json\/wp\/v2\/media\/3741"}],"wp:attachment":[{"href":"https:\/\/www.fcejs.unsl.edu.ar\/index.php\/wp-json\/wp\/v2\/media?parent=3726"}],"wp:term":[{"taxonomy":"category","embeddable":true,"href":"https:\/\/www.fcejs.unsl.edu.ar\/index.php\/wp-json\/wp\/v2\/categories?post=3726"},{"taxonomy":"post_tag","embeddable":true,"href":"https:\/\/www.fcejs.unsl.edu.ar\/index.php\/wp-json\/wp\/v2\/tags?post=3726"}],"curies":[{"name":"wp","href":"https:\/\/api.w.org\/{rel}","templated":true}]}}