{"id":3708,"date":"2021-05-27T10:34:14","date_gmt":"2021-05-27T13:34:14","guid":{"rendered":"http:\/\/10.101.10.197\/www\/?p=3708"},"modified":"2021-06-16T10:40:52","modified_gmt":"2021-06-16T13:40:52","slug":"vii-festival-internacional-de-la-palabra-en-escena","status":"publish","type":"post","link":"https:\/\/www.fcejs.unsl.edu.ar\/index.php\/vii-festival-internacional-de-la-palabra-en-escena\/","title":{"rendered":"VII Festival Internacional de la Palabra en Escena"},"content":{"rendered":"<p>La s\u00e9ptima edici\u00f3n del Festival Internacional de la Palabra en Escena \u201cHaceres que convoca el Chorrillero\u201d se realizar\u00e1 en formato virtual del 12 al 20 de junio pr\u00f3ximos. Ya est\u00e1 abierta la inscripci\u00f3n a los Talleres Intensivos.<\/p>\n<p><strong>Revenir-Grupo de Teatro<\/strong>\u00a0comienza a so\u00f1ar un festival all\u00e1 por el a\u00f1o 2014, pens\u00e1ndolo y capacit\u00e1ndose como grupo; y en 2015 lo pudo concretar. \u201cHace siete a\u00f1os consecutivos que venimos trabajando con mucha pasi\u00f3n y amor por llevar a cabo un evento internacional sobre las artes esc\u00e9nicas. No podemos creer todos los espect\u00e1culos, artistas, maestros\/as y momentos m\u00e1gicos que compartimos en estos a\u00f1os\u201d, comenta la Lic. Daiana Calabrese.<\/p>\n<p><strong><em>De San Luis para el mundo<\/em><\/strong><\/p>\n<p>En las seis ediciones anteriores participaron compa\u00f1\u00edas, investigadores, maestros\/as, pedagogos\/as teatrales y artistas de: Colombia, M\u00e9xico, Italia, Brasil, Venezuela, Espa\u00f1a, Chile, Uruguay, Bolivia, Bosnia, Cuba, Per\u00fa, Ecuador, Colombia, Canad\u00e1 y de Argentina (diferentes localidades de Buenos Aires, C\u00f3rdoba, Mendoza, Neuqu\u00e9n, Chubut y San Luis).<\/p>\n<p>La trayectoria de estos a\u00f1os ha logrado que el\u00a0<strong><a href=\"http:\/\/lapalabraenescena.com\/\">Festival Internacional de la Palabra en Escena<\/a><\/strong>\u00a0sea declarado de\u00a0<strong>Inter\u00e9s Nacional<\/strong>\u00a0por la C\u00e1mara de Diputados de la Naci\u00f3n, por su valor educativo y cultural; de\u00a0<strong>Inter\u00e9s Legislativo Provincial y Cultural<\/strong>\u00a0por la C\u00e1mara de Diputados de la provincia de San Luis, por cumplir con su doble objetivo de contribuir al desarrollo del Teatro en San Luis y ayudar a la formaci\u00f3n mediante el lenguaje art\u00edstico, favoreciendo el perfeccionamiento de una persona creativa, expresiva y comunicada; y de\u00a0<strong>Inter\u00e9s Legislativo<\/strong>\u00a0por el Concejo Deliberante de la ciudad de San Luis en los a\u00f1os 2016, 2017, 2018 y 2019. Adem\u00e1s, cuenta con el\u00a0<strong>Aval Institucional de la Universidad Nacional de San Luis<\/strong>\u00a0(UNSL)\u00a02017-2019; de la Secretar\u00eda de Extensi\u00f3n Universitaria (SEU) 2017-2019; y del Rectorado de la UNSL 2020.<\/p>\n<p>Las actrices, investigadoras, docentes y miembros de Revenir-Grupo de Teatro se han capacitado de forma constante para poder posicionar al Festival como el evento internacional independiente de las artes esc\u00e9nicas m\u00e1s importante de la regi\u00f3n de Cuyo.<\/p>\n<p>La s\u00e9ptima edici\u00f3n se llevar\u00e1 a cabo del 12 al 20 de junio y participar\u00e1n compa\u00f1\u00edas e investigadores de:\u00a0<strong>Ecuador, Italia, Chile, Colombia, Uruguay, Bolivia, M\u00e9xico y Argentina<\/strong>, con un abanico de actividades libres y gratuitas: clases magistrales, entrevistas, espect\u00e1culos y variet\u00e9s; que se desarrollar\u00e1n v\u00eda\u00a0<em>streaming<\/em>\u00a0a trav\u00e9s de la\u00a0<a href=\"https:\/\/www.facebook.com\/festivalinternacionaldelapalabraenescena\"><strong>Fanpage del evento<\/strong><\/a>.<\/p>\n<p>Tambi\u00e9n se llevar\u00e1n a cabo\u00a0<strong>3 talleres intensivos de capacitaci\u00f3n<\/strong>\u00a0que contar\u00e1n con la entrega de certificados y para los cuales se solicita una colaboraci\u00f3n simb\u00f3lica, de acuerdo a las posibilidades de cada participante.<\/p>\n<p><strong>Taller: Palabra Vertebral<\/strong><\/p>\n<p><em>Espacio comunitario de creaci\u00f3n literaria.<\/em><\/p>\n<p>Destinado especialmente a profesores de lengua espa\u00f1ola, docentes, artistas, etc.<\/p>\n<p>D\u00eda: lunes 14 de junio<\/p>\n<p>Docente: Janneth Rico Preciado, poeta, escritora, actriz de teatro y cantante.<\/p>\n<p>Pa\u00eds: Colombia<\/p>\n<p>Horas:<\/p>\n<p>19 a 21 hs (Argentina)<\/p>\n<p>17 a 19 hs (M\u00e9xico y Colombia)<\/p>\n<p>18 a 20 hs (Chile)<\/p>\n<p><strong>Taller: Dos horas de sabidur\u00eda que nunca aplicar\u00e1s a tu vida cotidiana<\/strong><\/p>\n<p><em>Taller intensivo de Humor<\/em><\/p>\n<p>D\u00eda: martes 15 de junio<\/p>\n<p>Docente: Javicho Soria, actor, director, dramaturgo y guionista.Pa\u00eds: Bolivia<\/p>\n<p>Horas:<\/p>\n<p>19 a 21 hs (Argentina)<\/p>\n<p>17 a 19 hs (M\u00e9xico y Colombia)<\/p>\n<p>18 a 20 hs (Chile)<\/p>\n<p><strong>Taller: Estado Payasx<\/strong><\/p>\n<p><em>Taller de clown para personas con y sin experiencia payasa<\/em><\/p>\n<p>D\u00eda: mi\u00e9rcoles 16 de junio<\/p>\n<p>Docentes: Cintia Axt y Mariano Mart\u00ednez, de la Compa\u00f1\u00eda D&#8217;Zoquetes.<\/p>\n<p>Pa\u00eds: Argentina, CABA<\/p>\n<p>Horas:<\/p>\n<p>19 a 21 hs (Argentina)<\/p>\n<p>17 a 19 hs (M\u00e9xico y Colombia)<\/p>\n<p>18 a 20 hs (Chile)<\/p>\n<p>Para saber m\u00e1s sobre cada taller e inscripci\u00f3n ingresar al\u00a0<strong><a href=\"https:\/\/docs.google.com\/forms\/d\/e\/1FAIpQLSdrwXBB6STRNeXPPNwcVWaPEE33KqHJHtBFandMEeZgGWf0QQ\/viewform\">Formulario de Inscripci\u00f3n<\/a><\/strong>.<\/p>\n<p><strong>Web<\/strong>:\u00a0<strong><a href=\"http:\/\/www.lapalabraenescena.com\/\">www.lapalabraenescena.com<\/a><br \/>\n<\/strong><strong>Facebook<\/strong>:\u00a0<strong><a href=\"https:\/\/www.facebook.com\/festivalinternacionaldelapalabraenescena\">festivalinternacionaldelapalabraenescena<\/a><br \/>\nInstagram<\/strong>:\u00a0<strong><a href=\"https:\/\/www.instagram.com\/lapalabraenescena\">@lapalabraenescena<\/a><\/strong><\/p>\n<p>Revenir agradece al Instituto Nacional del Teatro (INT) y a Extensi\u00f3n Universitaria de la UNSL por hacer posible la realizaci\u00f3n del evento.<\/p>\n","protected":false},"excerpt":{"rendered":"<p>La s\u00e9ptima edici\u00f3n del Festival Internacional de la Palabra en Escena \u201cHaceres que convoca el Chorrillero\u201d se realizar\u00e1 en formato virtual del 12 al 20&hellip;<\/p>\n","protected":false},"author":9,"featured_media":3709,"comment_status":"closed","ping_status":"closed","sticky":false,"template":"","format":"standard","meta":{"om_disable_all_campaigns":false,"_monsterinsights_skip_tracking":false,"_monsterinsights_sitenote_active":false,"_monsterinsights_sitenote_note":"","_monsterinsights_sitenote_category":0,"footnotes":""},"categories":[21],"tags":[],"class_list":["post-3708","post","type-post","status-publish","format-standard","has-post-thumbnail","hentry","category-archivadas"],"yoast_head":"<!-- This site is optimized with the Yoast SEO plugin v27.5 - https:\/\/yoast.com\/product\/yoast-seo-wordpress\/ -->\n<title>VII Festival Internacional de la Palabra en Escena - Facultad de Ciencias Econ\u00f3micas, Jur\u00ed\u00addicas y Sociales<\/title>\n<meta name=\"robots\" content=\"index, follow, max-snippet:-1, max-image-preview:large, max-video-preview:-1\" \/>\n<link rel=\"canonical\" href=\"https:\/\/www.fcejs.unsl.edu.ar\/index.php\/vii-festival-internacional-de-la-palabra-en-escena\/\" \/>\n<meta property=\"og:locale\" content=\"es_ES\" \/>\n<meta property=\"og:type\" content=\"article\" \/>\n<meta property=\"og:title\" content=\"VII Festival Internacional de la Palabra en Escena - Facultad de Ciencias Econ\u00f3micas, Jur\u00ed\u00addicas y Sociales\" \/>\n<meta property=\"og:description\" content=\"La s\u00e9ptima edici\u00f3n del Festival Internacional de la Palabra en Escena \u201cHaceres que convoca el Chorrillero\u201d se realizar\u00e1 en formato virtual del 12 al 20&hellip;\" \/>\n<meta property=\"og:url\" content=\"https:\/\/www.fcejs.unsl.edu.ar\/index.php\/vii-festival-internacional-de-la-palabra-en-escena\/\" \/>\n<meta property=\"og:site_name\" content=\"Facultad de Ciencias Econ\u00f3micas, Jur\u00ed\u00addicas y Sociales\" \/>\n<meta property=\"article:publisher\" content=\"https:\/\/www.facebook.com\/FCEJS.UNSL\/\" \/>\n<meta property=\"article:published_time\" content=\"2021-05-27T13:34:14+00:00\" \/>\n<meta property=\"article:modified_time\" content=\"2021-06-16T13:40:52+00:00\" \/>\n<meta property=\"og:image\" content=\"https:\/\/www.fcejs.unsl.edu.ar\/wp-content\/uploads\/2021\/05\/festival_de_la_palabra1.jpg\" \/>\n\t<meta property=\"og:image:width\" content=\"1000\" \/>\n\t<meta property=\"og:image:height\" content=\"600\" \/>\n\t<meta property=\"og:image:type\" content=\"image\/jpeg\" \/>\n<meta name=\"author\" content=\"DATI\" \/>\n<meta name=\"twitter:card\" content=\"summary_large_image\" \/>\n<meta name=\"twitter:creator\" content=\"@FCEJSUNSL\" \/>\n<meta name=\"twitter:site\" content=\"@FCEJSUNSL\" \/>\n<meta name=\"twitter:label1\" content=\"Escrito por\" \/>\n\t<meta name=\"twitter:data1\" content=\"DATI\" \/>\n\t<meta name=\"twitter:label2\" content=\"Tiempo de lectura\" \/>\n\t<meta name=\"twitter:data2\" content=\"3 minutos\" \/>\n<script type=\"application\/ld+json\" class=\"yoast-schema-graph\">{\"@context\":\"https:\\\/\\\/schema.org\",\"@graph\":[{\"@type\":\"Article\",\"@id\":\"https:\\\/\\\/www.fcejs.unsl.edu.ar\\\/index.php\\\/vii-festival-internacional-de-la-palabra-en-escena\\\/#article\",\"isPartOf\":{\"@id\":\"https:\\\/\\\/www.fcejs.unsl.edu.ar\\\/index.php\\\/vii-festival-internacional-de-la-palabra-en-escena\\\/\"},\"author\":{\"name\":\"DATI\",\"@id\":\"https:\\\/\\\/www.fcejs.unsl.edu.ar\\\/#\\\/schema\\\/person\\\/352ee6ed90c3f394c7cb5945f8956d34\"},\"headline\":\"VII Festival Internacional de la Palabra en Escena\",\"datePublished\":\"2021-05-27T13:34:14+00:00\",\"dateModified\":\"2021-06-16T13:40:52+00:00\",\"mainEntityOfPage\":{\"@id\":\"https:\\\/\\\/www.fcejs.unsl.edu.ar\\\/index.php\\\/vii-festival-internacional-de-la-palabra-en-escena\\\/\"},\"wordCount\":664,\"publisher\":{\"@id\":\"https:\\\/\\\/www.fcejs.unsl.edu.ar\\\/#organization\"},\"image\":{\"@id\":\"https:\\\/\\\/www.fcejs.unsl.edu.ar\\\/index.php\\\/vii-festival-internacional-de-la-palabra-en-escena\\\/#primaryimage\"},\"thumbnailUrl\":\"https:\\\/\\\/www.fcejs.unsl.edu.ar\\\/wp-content\\\/uploads\\\/2021\\\/05\\\/festival_de_la_palabra1.jpg\",\"articleSection\":[\"Archivadas\"],\"inLanguage\":\"es-AR\"},{\"@type\":\"WebPage\",\"@id\":\"https:\\\/\\\/www.fcejs.unsl.edu.ar\\\/index.php\\\/vii-festival-internacional-de-la-palabra-en-escena\\\/\",\"url\":\"https:\\\/\\\/www.fcejs.unsl.edu.ar\\\/index.php\\\/vii-festival-internacional-de-la-palabra-en-escena\\\/\",\"name\":\"VII Festival Internacional de la Palabra en Escena - Facultad de Ciencias Econ\u00f3micas, Jur\u00ed\u00addicas y Sociales\",\"isPartOf\":{\"@id\":\"https:\\\/\\\/www.fcejs.unsl.edu.ar\\\/#website\"},\"primaryImageOfPage\":{\"@id\":\"https:\\\/\\\/www.fcejs.unsl.edu.ar\\\/index.php\\\/vii-festival-internacional-de-la-palabra-en-escena\\\/#primaryimage\"},\"image\":{\"@id\":\"https:\\\/\\\/www.fcejs.unsl.edu.ar\\\/index.php\\\/vii-festival-internacional-de-la-palabra-en-escena\\\/#primaryimage\"},\"thumbnailUrl\":\"https:\\\/\\\/www.fcejs.unsl.edu.ar\\\/wp-content\\\/uploads\\\/2021\\\/05\\\/festival_de_la_palabra1.jpg\",\"datePublished\":\"2021-05-27T13:34:14+00:00\",\"dateModified\":\"2021-06-16T13:40:52+00:00\",\"breadcrumb\":{\"@id\":\"https:\\\/\\\/www.fcejs.unsl.edu.ar\\\/index.php\\\/vii-festival-internacional-de-la-palabra-en-escena\\\/#breadcrumb\"},\"inLanguage\":\"es-AR\",\"potentialAction\":[{\"@type\":\"ReadAction\",\"target\":[\"https:\\\/\\\/www.fcejs.unsl.edu.ar\\\/index.php\\\/vii-festival-internacional-de-la-palabra-en-escena\\\/\"]}]},{\"@type\":\"ImageObject\",\"inLanguage\":\"es-AR\",\"@id\":\"https:\\\/\\\/www.fcejs.unsl.edu.ar\\\/index.php\\\/vii-festival-internacional-de-la-palabra-en-escena\\\/#primaryimage\",\"url\":\"https:\\\/\\\/www.fcejs.unsl.edu.ar\\\/wp-content\\\/uploads\\\/2021\\\/05\\\/festival_de_la_palabra1.jpg\",\"contentUrl\":\"https:\\\/\\\/www.fcejs.unsl.edu.ar\\\/wp-content\\\/uploads\\\/2021\\\/05\\\/festival_de_la_palabra1.jpg\",\"width\":1000,\"height\":600},{\"@type\":\"BreadcrumbList\",\"@id\":\"https:\\\/\\\/www.fcejs.unsl.edu.ar\\\/index.php\\\/vii-festival-internacional-de-la-palabra-en-escena\\\/#breadcrumb\",\"itemListElement\":[{\"@type\":\"ListItem\",\"position\":1,\"name\":\"Inicio\",\"item\":\"https:\\\/\\\/www.fcejs.unsl.edu.ar\\\/\"},{\"@type\":\"ListItem\",\"position\":2,\"name\":\"VII Festival Internacional de la Palabra en Escena\"}]},{\"@type\":\"WebSite\",\"@id\":\"https:\\\/\\\/www.fcejs.unsl.edu.ar\\\/#website\",\"url\":\"https:\\\/\\\/www.fcejs.unsl.edu.ar\\\/\",\"name\":\"Facultad de Ciencias Econ\u00f3micas, Jur\u00ed\u00addicas y Sociales\",\"description\":\"\",\"publisher\":{\"@id\":\"https:\\\/\\\/www.fcejs.unsl.edu.ar\\\/#organization\"},\"potentialAction\":[{\"@type\":\"SearchAction\",\"target\":{\"@type\":\"EntryPoint\",\"urlTemplate\":\"https:\\\/\\\/www.fcejs.unsl.edu.ar\\\/?s={search_term_string}\"},\"query-input\":{\"@type\":\"PropertyValueSpecification\",\"valueRequired\":true,\"valueName\":\"search_term_string\"}}],\"inLanguage\":\"es-AR\"},{\"@type\":\"Organization\",\"@id\":\"https:\\\/\\\/www.fcejs.unsl.edu.ar\\\/#organization\",\"name\":\"Facultad de Ciencias Econ\u00f3micas, Jur\u00eddicas y Sociales\",\"url\":\"https:\\\/\\\/www.fcejs.unsl.edu.ar\\\/\",\"logo\":{\"@type\":\"ImageObject\",\"inLanguage\":\"es-AR\",\"@id\":\"https:\\\/\\\/www.fcejs.unsl.edu.ar\\\/#\\\/schema\\\/logo\\\/image\\\/\",\"url\":\"https:\\\/\\\/www.fcejs.unsl.edu.ar\\\/wp-content\\\/uploads\\\/2021\\\/03\\\/logo-1.jpg\",\"contentUrl\":\"https:\\\/\\\/www.fcejs.unsl.edu.ar\\\/wp-content\\\/uploads\\\/2021\\\/03\\\/logo-1.jpg\",\"width\":471,\"height\":146,\"caption\":\"Facultad de Ciencias Econ\u00f3micas, Jur\u00eddicas y Sociales\"},\"image\":{\"@id\":\"https:\\\/\\\/www.fcejs.unsl.edu.ar\\\/#\\\/schema\\\/logo\\\/image\\\/\"},\"sameAs\":[\"https:\\\/\\\/www.facebook.com\\\/FCEJS.UNSL\\\/\",\"https:\\\/\\\/x.com\\\/FCEJSUNSL\",\"https:\\\/\\\/www.instagram.com\\\/fcejs.unsl\\\/\",\"https:\\\/\\\/www.youtube.com\\\/channel\\\/UCH-Ut6EaN_X5ogjIQMPe46g\\\/\"]},{\"@type\":\"Person\",\"@id\":\"https:\\\/\\\/www.fcejs.unsl.edu.ar\\\/#\\\/schema\\\/person\\\/352ee6ed90c3f394c7cb5945f8956d34\",\"name\":\"DATI\"}]}<\/script>\n<!-- \/ Yoast SEO plugin. -->","yoast_head_json":{"title":"VII Festival Internacional de la Palabra en Escena - Facultad de Ciencias Econ\u00f3micas, Jur\u00ed\u00addicas y Sociales","robots":{"index":"index","follow":"follow","max-snippet":"max-snippet:-1","max-image-preview":"max-image-preview:large","max-video-preview":"max-video-preview:-1"},"canonical":"https:\/\/www.fcejs.unsl.edu.ar\/index.php\/vii-festival-internacional-de-la-palabra-en-escena\/","og_locale":"es_ES","og_type":"article","og_title":"VII Festival Internacional de la Palabra en Escena - Facultad de Ciencias Econ\u00f3micas, Jur\u00ed\u00addicas y Sociales","og_description":"La s\u00e9ptima edici\u00f3n del Festival Internacional de la Palabra en Escena \u201cHaceres que convoca el Chorrillero\u201d se realizar\u00e1 en formato virtual del 12 al 20&hellip;","og_url":"https:\/\/www.fcejs.unsl.edu.ar\/index.php\/vii-festival-internacional-de-la-palabra-en-escena\/","og_site_name":"Facultad de Ciencias Econ\u00f3micas, Jur\u00ed\u00addicas y Sociales","article_publisher":"https:\/\/www.facebook.com\/FCEJS.UNSL\/","article_published_time":"2021-05-27T13:34:14+00:00","article_modified_time":"2021-06-16T13:40:52+00:00","og_image":[{"width":1000,"height":600,"url":"https:\/\/www.fcejs.unsl.edu.ar\/wp-content\/uploads\/2021\/05\/festival_de_la_palabra1.jpg","type":"image\/jpeg"}],"author":"DATI","twitter_card":"summary_large_image","twitter_creator":"@FCEJSUNSL","twitter_site":"@FCEJSUNSL","twitter_misc":{"Escrito por":"DATI","Tiempo de lectura":"3 minutos"},"schema":{"@context":"https:\/\/schema.org","@graph":[{"@type":"Article","@id":"https:\/\/www.fcejs.unsl.edu.ar\/index.php\/vii-festival-internacional-de-la-palabra-en-escena\/#article","isPartOf":{"@id":"https:\/\/www.fcejs.unsl.edu.ar\/index.php\/vii-festival-internacional-de-la-palabra-en-escena\/"},"author":{"name":"DATI","@id":"https:\/\/www.fcejs.unsl.edu.ar\/#\/schema\/person\/352ee6ed90c3f394c7cb5945f8956d34"},"headline":"VII Festival Internacional de la Palabra en Escena","datePublished":"2021-05-27T13:34:14+00:00","dateModified":"2021-06-16T13:40:52+00:00","mainEntityOfPage":{"@id":"https:\/\/www.fcejs.unsl.edu.ar\/index.php\/vii-festival-internacional-de-la-palabra-en-escena\/"},"wordCount":664,"publisher":{"@id":"https:\/\/www.fcejs.unsl.edu.ar\/#organization"},"image":{"@id":"https:\/\/www.fcejs.unsl.edu.ar\/index.php\/vii-festival-internacional-de-la-palabra-en-escena\/#primaryimage"},"thumbnailUrl":"https:\/\/www.fcejs.unsl.edu.ar\/wp-content\/uploads\/2021\/05\/festival_de_la_palabra1.jpg","articleSection":["Archivadas"],"inLanguage":"es-AR"},{"@type":"WebPage","@id":"https:\/\/www.fcejs.unsl.edu.ar\/index.php\/vii-festival-internacional-de-la-palabra-en-escena\/","url":"https:\/\/www.fcejs.unsl.edu.ar\/index.php\/vii-festival-internacional-de-la-palabra-en-escena\/","name":"VII Festival Internacional de la Palabra en Escena - Facultad de Ciencias Econ\u00f3micas, Jur\u00ed\u00addicas y Sociales","isPartOf":{"@id":"https:\/\/www.fcejs.unsl.edu.ar\/#website"},"primaryImageOfPage":{"@id":"https:\/\/www.fcejs.unsl.edu.ar\/index.php\/vii-festival-internacional-de-la-palabra-en-escena\/#primaryimage"},"image":{"@id":"https:\/\/www.fcejs.unsl.edu.ar\/index.php\/vii-festival-internacional-de-la-palabra-en-escena\/#primaryimage"},"thumbnailUrl":"https:\/\/www.fcejs.unsl.edu.ar\/wp-content\/uploads\/2021\/05\/festival_de_la_palabra1.jpg","datePublished":"2021-05-27T13:34:14+00:00","dateModified":"2021-06-16T13:40:52+00:00","breadcrumb":{"@id":"https:\/\/www.fcejs.unsl.edu.ar\/index.php\/vii-festival-internacional-de-la-palabra-en-escena\/#breadcrumb"},"inLanguage":"es-AR","potentialAction":[{"@type":"ReadAction","target":["https:\/\/www.fcejs.unsl.edu.ar\/index.php\/vii-festival-internacional-de-la-palabra-en-escena\/"]}]},{"@type":"ImageObject","inLanguage":"es-AR","@id":"https:\/\/www.fcejs.unsl.edu.ar\/index.php\/vii-festival-internacional-de-la-palabra-en-escena\/#primaryimage","url":"https:\/\/www.fcejs.unsl.edu.ar\/wp-content\/uploads\/2021\/05\/festival_de_la_palabra1.jpg","contentUrl":"https:\/\/www.fcejs.unsl.edu.ar\/wp-content\/uploads\/2021\/05\/festival_de_la_palabra1.jpg","width":1000,"height":600},{"@type":"BreadcrumbList","@id":"https:\/\/www.fcejs.unsl.edu.ar\/index.php\/vii-festival-internacional-de-la-palabra-en-escena\/#breadcrumb","itemListElement":[{"@type":"ListItem","position":1,"name":"Inicio","item":"https:\/\/www.fcejs.unsl.edu.ar\/"},{"@type":"ListItem","position":2,"name":"VII Festival Internacional de la Palabra en Escena"}]},{"@type":"WebSite","@id":"https:\/\/www.fcejs.unsl.edu.ar\/#website","url":"https:\/\/www.fcejs.unsl.edu.ar\/","name":"Facultad de Ciencias Econ\u00f3micas, Jur\u00ed\u00addicas y Sociales","description":"","publisher":{"@id":"https:\/\/www.fcejs.unsl.edu.ar\/#organization"},"potentialAction":[{"@type":"SearchAction","target":{"@type":"EntryPoint","urlTemplate":"https:\/\/www.fcejs.unsl.edu.ar\/?s={search_term_string}"},"query-input":{"@type":"PropertyValueSpecification","valueRequired":true,"valueName":"search_term_string"}}],"inLanguage":"es-AR"},{"@type":"Organization","@id":"https:\/\/www.fcejs.unsl.edu.ar\/#organization","name":"Facultad de Ciencias Econ\u00f3micas, Jur\u00eddicas y Sociales","url":"https:\/\/www.fcejs.unsl.edu.ar\/","logo":{"@type":"ImageObject","inLanguage":"es-AR","@id":"https:\/\/www.fcejs.unsl.edu.ar\/#\/schema\/logo\/image\/","url":"https:\/\/www.fcejs.unsl.edu.ar\/wp-content\/uploads\/2021\/03\/logo-1.jpg","contentUrl":"https:\/\/www.fcejs.unsl.edu.ar\/wp-content\/uploads\/2021\/03\/logo-1.jpg","width":471,"height":146,"caption":"Facultad de Ciencias Econ\u00f3micas, Jur\u00eddicas y Sociales"},"image":{"@id":"https:\/\/www.fcejs.unsl.edu.ar\/#\/schema\/logo\/image\/"},"sameAs":["https:\/\/www.facebook.com\/FCEJS.UNSL\/","https:\/\/x.com\/FCEJSUNSL","https:\/\/www.instagram.com\/fcejs.unsl\/","https:\/\/www.youtube.com\/channel\/UCH-Ut6EaN_X5ogjIQMPe46g\/"]},{"@type":"Person","@id":"https:\/\/www.fcejs.unsl.edu.ar\/#\/schema\/person\/352ee6ed90c3f394c7cb5945f8956d34","name":"DATI"}]}},"jetpack_featured_media_url":"https:\/\/www.fcejs.unsl.edu.ar\/wp-content\/uploads\/2021\/05\/festival_de_la_palabra1.jpg","_links":{"self":[{"href":"https:\/\/www.fcejs.unsl.edu.ar\/index.php\/wp-json\/wp\/v2\/posts\/3708","targetHints":{"allow":["GET"]}}],"collection":[{"href":"https:\/\/www.fcejs.unsl.edu.ar\/index.php\/wp-json\/wp\/v2\/posts"}],"about":[{"href":"https:\/\/www.fcejs.unsl.edu.ar\/index.php\/wp-json\/wp\/v2\/types\/post"}],"author":[{"embeddable":true,"href":"https:\/\/www.fcejs.unsl.edu.ar\/index.php\/wp-json\/wp\/v2\/users\/9"}],"replies":[{"embeddable":true,"href":"https:\/\/www.fcejs.unsl.edu.ar\/index.php\/wp-json\/wp\/v2\/comments?post=3708"}],"version-history":[{"count":1,"href":"https:\/\/www.fcejs.unsl.edu.ar\/index.php\/wp-json\/wp\/v2\/posts\/3708\/revisions"}],"predecessor-version":[{"id":3710,"href":"https:\/\/www.fcejs.unsl.edu.ar\/index.php\/wp-json\/wp\/v2\/posts\/3708\/revisions\/3710"}],"wp:featuredmedia":[{"embeddable":true,"href":"https:\/\/www.fcejs.unsl.edu.ar\/index.php\/wp-json\/wp\/v2\/media\/3709"}],"wp:attachment":[{"href":"https:\/\/www.fcejs.unsl.edu.ar\/index.php\/wp-json\/wp\/v2\/media?parent=3708"}],"wp:term":[{"taxonomy":"category","embeddable":true,"href":"https:\/\/www.fcejs.unsl.edu.ar\/index.php\/wp-json\/wp\/v2\/categories?post=3708"},{"taxonomy":"post_tag","embeddable":true,"href":"https:\/\/www.fcejs.unsl.edu.ar\/index.php\/wp-json\/wp\/v2\/tags?post=3708"}],"curies":[{"name":"wp","href":"https:\/\/api.w.org\/{rel}","templated":true}]}}