{"id":3693,"date":"2021-05-24T20:21:00","date_gmt":"2021-05-24T23:21:00","guid":{"rendered":"http:\/\/10.101.10.197\/www\/?p=3693"},"modified":"2021-06-16T10:41:32","modified_gmt":"2021-06-16T13:41:32","slug":"comienza-el-ciclo-virtual-cerebro-y-mujer-ii-mitos-realidades-distintas-perspectivas","status":"publish","type":"post","link":"https:\/\/www.fcejs.unsl.edu.ar\/index.php\/comienza-el-ciclo-virtual-cerebro-y-mujer-ii-mitos-realidades-distintas-perspectivas\/","title":{"rendered":"Comienza el ciclo virtual \u201cCerebro y Mujer II: Mitos, Realidades, Distintas Perspectivas\u201d"},"content":{"rendered":"<p>La Unidad Ejecutora de Estudios en Neurociencias y Sistemas Complejos (ENyS, CONICET-HEC-UNAJ) y la Red Argentina de G\u00e9nero, Ciencia y Tecnolog\u00eda (RAGCyT), invitan a participar de la Segunda Edici\u00f3n de &#8220;Cerebro y Mujer&#8221;, un ciclo de conferencias quincenales que se llevar\u00e1n a cabo virtualmente entre mayo y noviembre de 2021, los viernes de 18 a 20h.<\/p>\n<p>El ciclo dar\u00e1 comienzo este viernes 28 de mayo y finalizar\u00e1 el viernes 26 de noviembre de 2021.<\/p>\n<p>El evento es abierto, gratuito y requiere<strong><a href=\"https:\/\/docs.google.com\/forms\/d\/e\/1FAIpQLSeauKlEbZWmQauy4lFQ-eUsRTpJT4oKKjwM20zZ0KJe4vOxFA\/viewform\"> inscripci\u00f3n previa<\/a><\/strong>. Se entregar\u00e1n certificados a quienes lo soliciten.<\/p>\n<p><a href=\"https:\/\/drive.google.com\/file\/d\/174_StmkczeY0tcz9nTptVddzoByJbXgs\/view?usp=sharing\" target=\"_blank\" rel=\"noopener\"><strong>Programa de encuentros<\/strong><\/a><\/p>\n<p>En este ciclo se va a contar qu\u00e9 hacen las mujeres con su cerebro, y tambi\u00e9n c\u00f3mo funciona, c\u00f3mo siente, c\u00f3mo construye, c\u00f3mo se defiende y produce. Se compartir\u00e1n experiencias, investigaciones y saberes desde las propias pr\u00e1cticas en los trabajos, territorios, comunidades, espacios sociales, hospitales y universidades, laboratorios de investigaci\u00f3n, lugares de toma de decisiones, oficinas de planificaci\u00f3n de pol\u00edticas p\u00fablicas en ciencia y t\u00e9cnica, espacios de producci\u00f3n art\u00edstica, cient\u00edfica y social, donde se desempe\u00f1an.<\/p>\n<p><img fetchpriority=\"high\" decoding=\"async\" class=\"alignnone  wp-image-4420 alignleft\" src=\"https:\/\/enys.conicet.gov.ar\/wp-content\/uploads\/sites\/63\/2021\/04\/CYM_Disertantes_2_Chicote.jpg\" sizes=\"(max-width: 253px) 100vw, 253px\" srcset=\"https:\/\/enys.conicet.gov.ar\/wp-content\/uploads\/sites\/63\/2021\/04\/CYM_Disertantes_2_Chicote.jpg 253w, https:\/\/enys.conicet.gov.ar\/wp-content\/uploads\/sites\/63\/2021\/04\/CYM_Disertantes_2_Chicote-123x300.jpg 123w\" alt=\"\" width=\"201\" height=\"491\" \/><img decoding=\"async\" class=\"alignnone  wp-image-4421 alignleft\" src=\"https:\/\/enys.conicet.gov.ar\/wp-content\/uploads\/sites\/63\/2021\/04\/CYM_Disertantes_3_Millan.jpg\" sizes=\"(max-width: 253px) 100vw, 253px\" srcset=\"https:\/\/enys.conicet.gov.ar\/wp-content\/uploads\/sites\/63\/2021\/04\/CYM_Disertantes_3_Millan.jpg 253w, https:\/\/enys.conicet.gov.ar\/wp-content\/uploads\/sites\/63\/2021\/04\/CYM_Disertantes_3_Millan-123x300.jpg 123w\" alt=\"\" width=\"201\" height=\"491\" \/><img decoding=\"async\" class=\"alignnone  wp-image-4422 alignleft\" src=\"https:\/\/enys.conicet.gov.ar\/wp-content\/uploads\/sites\/63\/2021\/04\/CYM_Disertantes_1_Hynes.jpg\" sizes=\"(max-width: 253px) 100vw, 253px\" srcset=\"https:\/\/enys.conicet.gov.ar\/wp-content\/uploads\/sites\/63\/2021\/04\/CYM_Disertantes_1_Hynes.jpg 253w, https:\/\/enys.conicet.gov.ar\/wp-content\/uploads\/sites\/63\/2021\/04\/CYM_Disertantes_1_Hynes-123x300.jpg 123w\" alt=\"\" width=\"200\" height=\"489\" \/><img loading=\"lazy\" decoding=\"async\" class=\"alignnone  wp-image-4423 alignleft\" src=\"https:\/\/enys.conicet.gov.ar\/wp-content\/uploads\/sites\/63\/2021\/04\/CYM_Disertantes_4_Kochen.jpg\" sizes=\"(max-width: 253px) 100vw, 253px\" srcset=\"https:\/\/enys.conicet.gov.ar\/wp-content\/uploads\/sites\/63\/2021\/04\/CYM_Disertantes_4_Kochen.jpg 253w, https:\/\/enys.conicet.gov.ar\/wp-content\/uploads\/sites\/63\/2021\/04\/CYM_Disertantes_4_Kochen-123x300.jpg 123w\" alt=\"\" width=\"200\" height=\"488\" \/><\/p>\n<p>&nbsp;<\/p>\n<p>&nbsp;<\/p>\n<p>&nbsp;<\/p>\n<p>&nbsp;<\/p>\n<p>&nbsp;<\/p>\n<p>&nbsp;<\/p>\n<p>&nbsp;<\/p>\n<p>&nbsp;<\/p>\n<p>&nbsp;<\/p>\n<p>&nbsp;<\/p>\n<p>&nbsp;<\/p>\n<p>&nbsp;<\/p>\n<p>&nbsp;<\/p>\n<p>Es importante seguir luchando para que la inclusi\u00f3n de las mujeres en la ciencia sea equitativa, que no se las discrimine, ni se las invisibilice, que m\u00e1s mujeres se incorporen en el sector, sin necesidad de sortear techos de cristal o de hormig\u00f3n, sin resolver falsas opciones que las obliguen a falsas elecciones.<\/p>\n<p>Para volver a escuchar a las mujeres que intervinieron en la Primera Edici\u00f3n del ciclo, se puede visitar el siguiente enlace: <strong><span id=\"OBJ_PREFIX_DWT73_com_zimbra_url\" class=\"Object\"><span id=\"OBJ_PREFIX_DWT74_com_zimbra_url\" class=\"Object\"><a href=\"https:\/\/enys.conicet.gov.ar\/cobertura-audiovisual-completa-de-la-4o-jornada-de-ciencia-y-arte-cerebro-y-mujer\/\" target=\"_blank\" rel=\"noopener\">https:\/\/enys.conicet.gov.ar\/cobertura-audiovisual-completa-de-la-4o-jornada-de-ciencia-y-arte-cerebro-y-mujer\/<\/a><\/span><\/span>.<\/strong><\/p>\n<p>Unidad Ejecutora de Estudios en Neurociencias y Sistemas Complejos (ENyS, CONICET-HEC-UNAJ),\u00a0<strong><span id=\"OBJ_PREFIX_DWT76_com_zimbra_url\" class=\"Object\"><span id=\"OBJ_PREFIX_DWT77_com_zimbra_url\" class=\"Object\"><a href=\"https:\/\/enys.conicet.gov.ar\/\" target=\"_blank\" rel=\"noopener\">https:\/\/enys.conicet.gov.ar\/<\/a><\/span><\/span><\/strong><\/p>\n<p>Red Argentina de G\u00e9nero, Ciencia y Tecnolog\u00eda (RAGCyT),\u00a0<strong><span id=\"OBJ_PREFIX_DWT78_com_zimbra_url\" class=\"Object\"><span id=\"OBJ_PREFIX_DWT79_com_zimbra_url\" class=\"Object\"><a href=\"http:\/\/www.ragcyt.org.ar\/\" target=\"_blank\" rel=\"noopener\">http:\/\/www.ragcyt.org.ar<\/a><\/span><\/span><\/strong><\/p>\n<p>&nbsp;<\/p>\n<p>&nbsp;<\/p>\n<p>&nbsp;<\/p>\n<p><strong>Cerebro y Mujer II<\/strong><\/p>\n<p><strong>Coordina:<\/strong><br \/>\nSilvia Kochen<\/p>\n<p><strong>Organizan:<\/strong><br \/>\nMagdalena Biota<br \/>\nVictoria Cano Colazo<br \/>\nMariel Bleger<br \/>\nLara Primosich<\/p>\n<p><strong>Participan:<\/strong><\/p>\n<p>Adriana Serquis, F\u00edsica, CONICET &#8211; CNEA<br \/>\nAgostina Mileo, Comunicadora Cient\u00edfica, Univ. Nac. Tres de Feb.<br \/>\nAna Franchi, Presidenta del CONICET &#8211; Presidenta de la RAGCyT<br \/>\nAna Ramos, Antrop\u00f3loga, Directora Grupo GEMA &#8211; CONICET &#8211; Univ. R. Negro<br \/>\nAnah\u00ed Ray\u00e9n Marilu\u00e1n, Cantante y Compositora Mapuche<br \/>\nAndrea Gamarnik, Vir\u00f3loga, Directora Lab. Virolog\u00eda Molecular, Fundaci\u00f3n Leloir &#8211; CONICET<br \/>\nAzul Hermida, Lic. en Relaciones Internacionales, Gerencia de Recursos Humanos del CONICET<br \/>\nCarla Cabral, Sociedad, T\u00e9cnolog\u00eda y G\u00e9nero, Universidade Federal do Rio Grande do Norte, Brasil<br \/>\nCarolina Gaillard, Diputada de la Naci\u00f3n<br \/>\nCecilia Danesi, Abogada, UBA, Programa Nacional Ciencia y Justicia del CONICET<br \/>\nClara Cantore, M\u00fasica, Proyecto M\u00fasica por la Ciencia<br \/>\nClaudia Briones, Antrop\u00f3loga, Inv. del CONICET &#8211; IIDyPCa, Univ. Nac. R\u00edo Negro<br \/>\nCynthia Jeppesen, Gerenta de Evaluaci\u00f3n y Planificaci\u00f3n del CONICET<br \/>\nDanila Su\u00e1rez Tom\u00e9, Fil\u00f3sofa, G\u00e9nero y Conocimiento, UBA &#8211; CONICET<br \/>\nDiana Maff\u00eda, Fil\u00f3sofa, UBA &#8211; Directora Observatorio de G\u00e9nero, Consejo de la Magistratura de la Ciudad de Buenos Aires<br \/>\nDiana Su\u00e1rez, Economista, Econom\u00eda del Conocimiento, Univ. Nac. Gral. Sarmiento<br \/>\nDolores Sol\u00e1, Cantante<br \/>\nDora Barrancos, Soci\u00f3loga CONICET, Presidenta Consejo Asesor Ministerio de las Mujeres, G\u00e9neros y Diversidad de la Naci\u00f3n Argentina, Asesora Presidencial<br \/>\nElizabeth G\u00f3mez Alcorta, Ministra de las Mujeres, G\u00e9neros y Diversidad de la Naci\u00f3n<br \/>\n\u00c9rica Hynes, Diputada Provincial por Santa Fe<br \/>\nEstela D\u00edaz, Ministra de las Mujeres, G\u00e9neros y Diversidad, Pcia de Bs. As.<br \/>\nEulalia P\u00e9rez Sede\u00f1o, Fil\u00f3sofa, Departamento de Ciencia, Tecnolog\u00eda y Sociedad del Instituto de Filosof\u00eda del Consejo Superior de Investigaciones Cient\u00edficas de Espa\u00f1a<br \/>\nFlorencia Florent\u00edn, Derecho y Ciencia Pol\u00edtica, Univ. Nac. de la Matanza<br \/>\nGladys Kochen, Subsecretaria de Planeamiento, Ministerio de Educaci\u00f3n de la Naci\u00f3n<br \/>\nGloria Chicote, Especialista en literatura, Directora CCT CONICET La Plata<br \/>\nGloria Dubner, Astrof\u00edsica, CONICET<br \/>\nJimena Barbeito, Bioantrop\u00f3loga, ENyS (CONICET-HEC-UNAJ)<br \/>\nJulia Cricco, Bi\u00f3loga, Instituto de Biolog\u00eda Molecular y Celular de Rosario (CONICET &#8211; ROSARIO)<br \/>\nJuliana Cassataro, Biotecn\u00f3loga, UNSAM &#8211; CONICET<br \/>\nLiliana Sacco, Gerenta de Desarrollo Cient\u00edfico y Tecnol\u00f3gico del CONICET<br \/>\nLilliam \u00c1lvarez, F\u00edsico-Matem\u00e1tica, Academia de Ciencias, Cuba<br \/>\nLuc\u00eda Ciccia, Neurobi\u00f3loga, G\u00e9nero, Univ. Nac. de M\u00e9xico<br \/>\nMar\u00eda Eugenia Pedreira, Bi\u00f3loga, UBA &#8211; IFIByNE CONICET<br \/>\nMar\u00eda Margaret L\u00f3pes, Ge\u00f3loga, Muse\u00f3loga, Univ. de S\u00e3o Paulo, Brasil<br \/>\nMar\u00eda Peralta, Vice Decana de la Fac. Ingenier\u00eda, Univ. del Centro, Red Matilda<br \/>\nMar\u00eda Pessina, Presidenta del Congreso Ciencia, T\u00e9cnica y G\u00e9nero 2021, Ecuador<br \/>\nMar\u00eda P\u00eda L\u00f3pez, Soci\u00f3loga y Ensayista, Univ. Nac. Gral. Sarmiento<br \/>\nMar\u00eda Soledad Gori, Divulgadora Cient\u00edfica, Miembro del grupo &#8220;Ciencia Anti Fake News&#8221; &#8211; CONICET<br \/>\nMariana Carbajal, Periodista Especializada en Tem\u00e1ticas de G\u00e9nero, P\u00e1gina\/12<br \/>\nMariana G\u00f3mez, Antrop\u00f3loga, CONICET<br \/>\nMarisa Herrera, Abogada Especialista Derecho de Familia, Inv. CONICET<br \/>\nMoira Mill\u00e1n, Weychafe Mapuche, Movimiento de Mujeres Ind\u00edgenas por el Buen Vivir<br \/>\nNatalia Matewecki, Historiadora del Arte, Especialista en Bioarte, UNLP &#8211; UNA<br \/>\nNora B\u00e4r, Periodista Cient\u00edfica, La Naci\u00f3n<br \/>\nNorma Bl\u00e1zquez Graf, Fil\u00f3sofa Feminista, Univ. Nac. de M\u00e9xico<br \/>\nPatricia G\u00f3mez, Polit\u00f3loga, RAGCyT<br \/>\nPaula Gonz\u00e1lez, Bioantrop\u00f3loga, ENyS (CONICET-HEC-UNAJ)<br \/>\nSilvia Kochen, Neurocient\u00edfica y Documentalista, ENyS (CONICET-HEC-UNAJ)<br \/>\nValeria Rom\u00e1n, Periodista Cient\u00edfica<br \/>\nVera \u00c1lvarez, Ingeniera, CONICET &#8211; Centro Cient\u00edfico Tecnol\u00f3gico Mar del Plata &#8211; INTEMA &#8211; INQUISUR<br \/>\nYolanda Ursa, Coordinadora Proyecto G\u00e9nero, Ciencia, Tecnolog\u00eda e Innovaci\u00f3n, Uni\u00f3n Europea, Proyecto Leadership<\/p>\n","protected":false},"excerpt":{"rendered":"<p>La Unidad Ejecutora de Estudios en Neurociencias y Sistemas Complejos (ENyS, CONICET-HEC-UNAJ) y la Red Argentina de G\u00e9nero, Ciencia y Tecnolog\u00eda (RAGCyT), invitan a participar&hellip;<\/p>\n","protected":false},"author":9,"featured_media":3694,"comment_status":"closed","ping_status":"closed","sticky":false,"template":"","format":"standard","meta":{"om_disable_all_campaigns":false,"_monsterinsights_skip_tracking":false,"_monsterinsights_sitenote_active":false,"_monsterinsights_sitenote_note":"","_monsterinsights_sitenote_category":0,"footnotes":""},"categories":[21],"tags":[],"class_list":["post-3693","post","type-post","status-publish","format-standard","has-post-thumbnail","hentry","category-archivadas"],"yoast_head":"<!-- This site is optimized with the Yoast SEO plugin v27.5 - https:\/\/yoast.com\/product\/yoast-seo-wordpress\/ -->\n<title>Comienza el ciclo virtual \u201cCerebro y Mujer II: Mitos, Realidades, Distintas Perspectivas\u201d - Facultad de Ciencias Econ\u00f3micas, Jur\u00ed\u00addicas y Sociales<\/title>\n<meta name=\"robots\" content=\"index, follow, max-snippet:-1, max-image-preview:large, max-video-preview:-1\" \/>\n<link rel=\"canonical\" href=\"https:\/\/www.fcejs.unsl.edu.ar\/index.php\/comienza-el-ciclo-virtual-cerebro-y-mujer-ii-mitos-realidades-distintas-perspectivas\/\" \/>\n<meta property=\"og:locale\" content=\"es_ES\" \/>\n<meta property=\"og:type\" content=\"article\" \/>\n<meta property=\"og:title\" content=\"Comienza el ciclo virtual \u201cCerebro y Mujer II: Mitos, Realidades, Distintas Perspectivas\u201d - Facultad de Ciencias Econ\u00f3micas, Jur\u00ed\u00addicas y Sociales\" \/>\n<meta property=\"og:description\" content=\"La Unidad Ejecutora de Estudios en Neurociencias y Sistemas Complejos (ENyS, CONICET-HEC-UNAJ) y la Red Argentina de G\u00e9nero, Ciencia y Tecnolog\u00eda (RAGCyT), invitan a participar&hellip;\" \/>\n<meta property=\"og:url\" content=\"https:\/\/www.fcejs.unsl.edu.ar\/index.php\/comienza-el-ciclo-virtual-cerebro-y-mujer-ii-mitos-realidades-distintas-perspectivas\/\" \/>\n<meta property=\"og:site_name\" content=\"Facultad de Ciencias Econ\u00f3micas, Jur\u00ed\u00addicas y Sociales\" \/>\n<meta property=\"article:publisher\" content=\"https:\/\/www.facebook.com\/FCEJS.UNSL\/\" \/>\n<meta property=\"article:published_time\" content=\"2021-05-24T23:21:00+00:00\" \/>\n<meta property=\"article:modified_time\" content=\"2021-06-16T13:41:32+00:00\" \/>\n<meta property=\"og:image\" content=\"https:\/\/www.fcejs.unsl.edu.ar\/wp-content\/uploads\/2021\/05\/1-2.jpeg\" \/>\n\t<meta property=\"og:image:width\" content=\"1080\" \/>\n\t<meta property=\"og:image:height\" content=\"1080\" \/>\n\t<meta property=\"og:image:type\" content=\"image\/jpeg\" \/>\n<meta name=\"author\" content=\"DATI\" \/>\n<meta name=\"twitter:card\" content=\"summary_large_image\" \/>\n<meta name=\"twitter:creator\" content=\"@FCEJSUNSL\" \/>\n<meta name=\"twitter:site\" content=\"@FCEJSUNSL\" \/>\n<meta name=\"twitter:label1\" content=\"Escrito por\" \/>\n\t<meta name=\"twitter:data1\" content=\"DATI\" \/>\n\t<meta name=\"twitter:label2\" content=\"Tiempo de lectura\" \/>\n\t<meta name=\"twitter:data2\" content=\"5 minutos\" \/>\n<script type=\"application\/ld+json\" class=\"yoast-schema-graph\">{\"@context\":\"https:\\\/\\\/schema.org\",\"@graph\":[{\"@type\":\"Article\",\"@id\":\"https:\\\/\\\/www.fcejs.unsl.edu.ar\\\/index.php\\\/comienza-el-ciclo-virtual-cerebro-y-mujer-ii-mitos-realidades-distintas-perspectivas\\\/#article\",\"isPartOf\":{\"@id\":\"https:\\\/\\\/www.fcejs.unsl.edu.ar\\\/index.php\\\/comienza-el-ciclo-virtual-cerebro-y-mujer-ii-mitos-realidades-distintas-perspectivas\\\/\"},\"author\":{\"name\":\"DATI\",\"@id\":\"https:\\\/\\\/www.fcejs.unsl.edu.ar\\\/#\\\/schema\\\/person\\\/352ee6ed90c3f394c7cb5945f8956d34\"},\"headline\":\"Comienza el ciclo virtual \u201cCerebro y Mujer II: Mitos, Realidades, Distintas Perspectivas\u201d\",\"datePublished\":\"2021-05-24T23:21:00+00:00\",\"dateModified\":\"2021-06-16T13:41:32+00:00\",\"mainEntityOfPage\":{\"@id\":\"https:\\\/\\\/www.fcejs.unsl.edu.ar\\\/index.php\\\/comienza-el-ciclo-virtual-cerebro-y-mujer-ii-mitos-realidades-distintas-perspectivas\\\/\"},\"wordCount\":952,\"publisher\":{\"@id\":\"https:\\\/\\\/www.fcejs.unsl.edu.ar\\\/#organization\"},\"image\":{\"@id\":\"https:\\\/\\\/www.fcejs.unsl.edu.ar\\\/index.php\\\/comienza-el-ciclo-virtual-cerebro-y-mujer-ii-mitos-realidades-distintas-perspectivas\\\/#primaryimage\"},\"thumbnailUrl\":\"https:\\\/\\\/www.fcejs.unsl.edu.ar\\\/wp-content\\\/uploads\\\/2021\\\/05\\\/1-2.jpeg\",\"articleSection\":[\"Archivadas\"],\"inLanguage\":\"es-AR\"},{\"@type\":\"WebPage\",\"@id\":\"https:\\\/\\\/www.fcejs.unsl.edu.ar\\\/index.php\\\/comienza-el-ciclo-virtual-cerebro-y-mujer-ii-mitos-realidades-distintas-perspectivas\\\/\",\"url\":\"https:\\\/\\\/www.fcejs.unsl.edu.ar\\\/index.php\\\/comienza-el-ciclo-virtual-cerebro-y-mujer-ii-mitos-realidades-distintas-perspectivas\\\/\",\"name\":\"Comienza el ciclo virtual \u201cCerebro y Mujer II: Mitos, Realidades, Distintas Perspectivas\u201d - Facultad de Ciencias Econ\u00f3micas, Jur\u00ed\u00addicas y Sociales\",\"isPartOf\":{\"@id\":\"https:\\\/\\\/www.fcejs.unsl.edu.ar\\\/#website\"},\"primaryImageOfPage\":{\"@id\":\"https:\\\/\\\/www.fcejs.unsl.edu.ar\\\/index.php\\\/comienza-el-ciclo-virtual-cerebro-y-mujer-ii-mitos-realidades-distintas-perspectivas\\\/#primaryimage\"},\"image\":{\"@id\":\"https:\\\/\\\/www.fcejs.unsl.edu.ar\\\/index.php\\\/comienza-el-ciclo-virtual-cerebro-y-mujer-ii-mitos-realidades-distintas-perspectivas\\\/#primaryimage\"},\"thumbnailUrl\":\"https:\\\/\\\/www.fcejs.unsl.edu.ar\\\/wp-content\\\/uploads\\\/2021\\\/05\\\/1-2.jpeg\",\"datePublished\":\"2021-05-24T23:21:00+00:00\",\"dateModified\":\"2021-06-16T13:41:32+00:00\",\"breadcrumb\":{\"@id\":\"https:\\\/\\\/www.fcejs.unsl.edu.ar\\\/index.php\\\/comienza-el-ciclo-virtual-cerebro-y-mujer-ii-mitos-realidades-distintas-perspectivas\\\/#breadcrumb\"},\"inLanguage\":\"es-AR\",\"potentialAction\":[{\"@type\":\"ReadAction\",\"target\":[\"https:\\\/\\\/www.fcejs.unsl.edu.ar\\\/index.php\\\/comienza-el-ciclo-virtual-cerebro-y-mujer-ii-mitos-realidades-distintas-perspectivas\\\/\"]}]},{\"@type\":\"ImageObject\",\"inLanguage\":\"es-AR\",\"@id\":\"https:\\\/\\\/www.fcejs.unsl.edu.ar\\\/index.php\\\/comienza-el-ciclo-virtual-cerebro-y-mujer-ii-mitos-realidades-distintas-perspectivas\\\/#primaryimage\",\"url\":\"https:\\\/\\\/www.fcejs.unsl.edu.ar\\\/wp-content\\\/uploads\\\/2021\\\/05\\\/1-2.jpeg\",\"contentUrl\":\"https:\\\/\\\/www.fcejs.unsl.edu.ar\\\/wp-content\\\/uploads\\\/2021\\\/05\\\/1-2.jpeg\",\"width\":1080,\"height\":1080},{\"@type\":\"BreadcrumbList\",\"@id\":\"https:\\\/\\\/www.fcejs.unsl.edu.ar\\\/index.php\\\/comienza-el-ciclo-virtual-cerebro-y-mujer-ii-mitos-realidades-distintas-perspectivas\\\/#breadcrumb\",\"itemListElement\":[{\"@type\":\"ListItem\",\"position\":1,\"name\":\"Inicio\",\"item\":\"https:\\\/\\\/www.fcejs.unsl.edu.ar\\\/\"},{\"@type\":\"ListItem\",\"position\":2,\"name\":\"Comienza el ciclo virtual \u201cCerebro y Mujer II: Mitos, Realidades, Distintas Perspectivas\u201d\"}]},{\"@type\":\"WebSite\",\"@id\":\"https:\\\/\\\/www.fcejs.unsl.edu.ar\\\/#website\",\"url\":\"https:\\\/\\\/www.fcejs.unsl.edu.ar\\\/\",\"name\":\"Facultad de Ciencias Econ\u00f3micas, Jur\u00ed\u00addicas y Sociales\",\"description\":\"\",\"publisher\":{\"@id\":\"https:\\\/\\\/www.fcejs.unsl.edu.ar\\\/#organization\"},\"potentialAction\":[{\"@type\":\"SearchAction\",\"target\":{\"@type\":\"EntryPoint\",\"urlTemplate\":\"https:\\\/\\\/www.fcejs.unsl.edu.ar\\\/?s={search_term_string}\"},\"query-input\":{\"@type\":\"PropertyValueSpecification\",\"valueRequired\":true,\"valueName\":\"search_term_string\"}}],\"inLanguage\":\"es-AR\"},{\"@type\":\"Organization\",\"@id\":\"https:\\\/\\\/www.fcejs.unsl.edu.ar\\\/#organization\",\"name\":\"Facultad de Ciencias Econ\u00f3micas, Jur\u00eddicas y Sociales\",\"url\":\"https:\\\/\\\/www.fcejs.unsl.edu.ar\\\/\",\"logo\":{\"@type\":\"ImageObject\",\"inLanguage\":\"es-AR\",\"@id\":\"https:\\\/\\\/www.fcejs.unsl.edu.ar\\\/#\\\/schema\\\/logo\\\/image\\\/\",\"url\":\"https:\\\/\\\/www.fcejs.unsl.edu.ar\\\/wp-content\\\/uploads\\\/2021\\\/03\\\/logo-1.jpg\",\"contentUrl\":\"https:\\\/\\\/www.fcejs.unsl.edu.ar\\\/wp-content\\\/uploads\\\/2021\\\/03\\\/logo-1.jpg\",\"width\":471,\"height\":146,\"caption\":\"Facultad de Ciencias Econ\u00f3micas, Jur\u00eddicas y Sociales\"},\"image\":{\"@id\":\"https:\\\/\\\/www.fcejs.unsl.edu.ar\\\/#\\\/schema\\\/logo\\\/image\\\/\"},\"sameAs\":[\"https:\\\/\\\/www.facebook.com\\\/FCEJS.UNSL\\\/\",\"https:\\\/\\\/x.com\\\/FCEJSUNSL\",\"https:\\\/\\\/www.instagram.com\\\/fcejs.unsl\\\/\",\"https:\\\/\\\/www.youtube.com\\\/channel\\\/UCH-Ut6EaN_X5ogjIQMPe46g\\\/\"]},{\"@type\":\"Person\",\"@id\":\"https:\\\/\\\/www.fcejs.unsl.edu.ar\\\/#\\\/schema\\\/person\\\/352ee6ed90c3f394c7cb5945f8956d34\",\"name\":\"DATI\"}]}<\/script>\n<!-- \/ Yoast SEO plugin. -->","yoast_head_json":{"title":"Comienza el ciclo virtual \u201cCerebro y Mujer II: Mitos, Realidades, Distintas Perspectivas\u201d - Facultad de Ciencias Econ\u00f3micas, Jur\u00ed\u00addicas y Sociales","robots":{"index":"index","follow":"follow","max-snippet":"max-snippet:-1","max-image-preview":"max-image-preview:large","max-video-preview":"max-video-preview:-1"},"canonical":"https:\/\/www.fcejs.unsl.edu.ar\/index.php\/comienza-el-ciclo-virtual-cerebro-y-mujer-ii-mitos-realidades-distintas-perspectivas\/","og_locale":"es_ES","og_type":"article","og_title":"Comienza el ciclo virtual \u201cCerebro y Mujer II: Mitos, Realidades, Distintas Perspectivas\u201d - Facultad de Ciencias Econ\u00f3micas, Jur\u00ed\u00addicas y Sociales","og_description":"La Unidad Ejecutora de Estudios en Neurociencias y Sistemas Complejos (ENyS, CONICET-HEC-UNAJ) y la Red Argentina de G\u00e9nero, Ciencia y Tecnolog\u00eda (RAGCyT), invitan a participar&hellip;","og_url":"https:\/\/www.fcejs.unsl.edu.ar\/index.php\/comienza-el-ciclo-virtual-cerebro-y-mujer-ii-mitos-realidades-distintas-perspectivas\/","og_site_name":"Facultad de Ciencias Econ\u00f3micas, Jur\u00ed\u00addicas y Sociales","article_publisher":"https:\/\/www.facebook.com\/FCEJS.UNSL\/","article_published_time":"2021-05-24T23:21:00+00:00","article_modified_time":"2021-06-16T13:41:32+00:00","og_image":[{"width":1080,"height":1080,"url":"https:\/\/www.fcejs.unsl.edu.ar\/wp-content\/uploads\/2021\/05\/1-2.jpeg","type":"image\/jpeg"}],"author":"DATI","twitter_card":"summary_large_image","twitter_creator":"@FCEJSUNSL","twitter_site":"@FCEJSUNSL","twitter_misc":{"Escrito por":"DATI","Tiempo de lectura":"5 minutos"},"schema":{"@context":"https:\/\/schema.org","@graph":[{"@type":"Article","@id":"https:\/\/www.fcejs.unsl.edu.ar\/index.php\/comienza-el-ciclo-virtual-cerebro-y-mujer-ii-mitos-realidades-distintas-perspectivas\/#article","isPartOf":{"@id":"https:\/\/www.fcejs.unsl.edu.ar\/index.php\/comienza-el-ciclo-virtual-cerebro-y-mujer-ii-mitos-realidades-distintas-perspectivas\/"},"author":{"name":"DATI","@id":"https:\/\/www.fcejs.unsl.edu.ar\/#\/schema\/person\/352ee6ed90c3f394c7cb5945f8956d34"},"headline":"Comienza el ciclo virtual \u201cCerebro y Mujer II: Mitos, Realidades, Distintas Perspectivas\u201d","datePublished":"2021-05-24T23:21:00+00:00","dateModified":"2021-06-16T13:41:32+00:00","mainEntityOfPage":{"@id":"https:\/\/www.fcejs.unsl.edu.ar\/index.php\/comienza-el-ciclo-virtual-cerebro-y-mujer-ii-mitos-realidades-distintas-perspectivas\/"},"wordCount":952,"publisher":{"@id":"https:\/\/www.fcejs.unsl.edu.ar\/#organization"},"image":{"@id":"https:\/\/www.fcejs.unsl.edu.ar\/index.php\/comienza-el-ciclo-virtual-cerebro-y-mujer-ii-mitos-realidades-distintas-perspectivas\/#primaryimage"},"thumbnailUrl":"https:\/\/www.fcejs.unsl.edu.ar\/wp-content\/uploads\/2021\/05\/1-2.jpeg","articleSection":["Archivadas"],"inLanguage":"es-AR"},{"@type":"WebPage","@id":"https:\/\/www.fcejs.unsl.edu.ar\/index.php\/comienza-el-ciclo-virtual-cerebro-y-mujer-ii-mitos-realidades-distintas-perspectivas\/","url":"https:\/\/www.fcejs.unsl.edu.ar\/index.php\/comienza-el-ciclo-virtual-cerebro-y-mujer-ii-mitos-realidades-distintas-perspectivas\/","name":"Comienza el ciclo virtual \u201cCerebro y Mujer II: Mitos, Realidades, Distintas Perspectivas\u201d - Facultad de Ciencias Econ\u00f3micas, Jur\u00ed\u00addicas y Sociales","isPartOf":{"@id":"https:\/\/www.fcejs.unsl.edu.ar\/#website"},"primaryImageOfPage":{"@id":"https:\/\/www.fcejs.unsl.edu.ar\/index.php\/comienza-el-ciclo-virtual-cerebro-y-mujer-ii-mitos-realidades-distintas-perspectivas\/#primaryimage"},"image":{"@id":"https:\/\/www.fcejs.unsl.edu.ar\/index.php\/comienza-el-ciclo-virtual-cerebro-y-mujer-ii-mitos-realidades-distintas-perspectivas\/#primaryimage"},"thumbnailUrl":"https:\/\/www.fcejs.unsl.edu.ar\/wp-content\/uploads\/2021\/05\/1-2.jpeg","datePublished":"2021-05-24T23:21:00+00:00","dateModified":"2021-06-16T13:41:32+00:00","breadcrumb":{"@id":"https:\/\/www.fcejs.unsl.edu.ar\/index.php\/comienza-el-ciclo-virtual-cerebro-y-mujer-ii-mitos-realidades-distintas-perspectivas\/#breadcrumb"},"inLanguage":"es-AR","potentialAction":[{"@type":"ReadAction","target":["https:\/\/www.fcejs.unsl.edu.ar\/index.php\/comienza-el-ciclo-virtual-cerebro-y-mujer-ii-mitos-realidades-distintas-perspectivas\/"]}]},{"@type":"ImageObject","inLanguage":"es-AR","@id":"https:\/\/www.fcejs.unsl.edu.ar\/index.php\/comienza-el-ciclo-virtual-cerebro-y-mujer-ii-mitos-realidades-distintas-perspectivas\/#primaryimage","url":"https:\/\/www.fcejs.unsl.edu.ar\/wp-content\/uploads\/2021\/05\/1-2.jpeg","contentUrl":"https:\/\/www.fcejs.unsl.edu.ar\/wp-content\/uploads\/2021\/05\/1-2.jpeg","width":1080,"height":1080},{"@type":"BreadcrumbList","@id":"https:\/\/www.fcejs.unsl.edu.ar\/index.php\/comienza-el-ciclo-virtual-cerebro-y-mujer-ii-mitos-realidades-distintas-perspectivas\/#breadcrumb","itemListElement":[{"@type":"ListItem","position":1,"name":"Inicio","item":"https:\/\/www.fcejs.unsl.edu.ar\/"},{"@type":"ListItem","position":2,"name":"Comienza el ciclo virtual \u201cCerebro y Mujer II: Mitos, Realidades, Distintas Perspectivas\u201d"}]},{"@type":"WebSite","@id":"https:\/\/www.fcejs.unsl.edu.ar\/#website","url":"https:\/\/www.fcejs.unsl.edu.ar\/","name":"Facultad de Ciencias Econ\u00f3micas, Jur\u00ed\u00addicas y Sociales","description":"","publisher":{"@id":"https:\/\/www.fcejs.unsl.edu.ar\/#organization"},"potentialAction":[{"@type":"SearchAction","target":{"@type":"EntryPoint","urlTemplate":"https:\/\/www.fcejs.unsl.edu.ar\/?s={search_term_string}"},"query-input":{"@type":"PropertyValueSpecification","valueRequired":true,"valueName":"search_term_string"}}],"inLanguage":"es-AR"},{"@type":"Organization","@id":"https:\/\/www.fcejs.unsl.edu.ar\/#organization","name":"Facultad de Ciencias Econ\u00f3micas, Jur\u00eddicas y Sociales","url":"https:\/\/www.fcejs.unsl.edu.ar\/","logo":{"@type":"ImageObject","inLanguage":"es-AR","@id":"https:\/\/www.fcejs.unsl.edu.ar\/#\/schema\/logo\/image\/","url":"https:\/\/www.fcejs.unsl.edu.ar\/wp-content\/uploads\/2021\/03\/logo-1.jpg","contentUrl":"https:\/\/www.fcejs.unsl.edu.ar\/wp-content\/uploads\/2021\/03\/logo-1.jpg","width":471,"height":146,"caption":"Facultad de Ciencias Econ\u00f3micas, Jur\u00eddicas y Sociales"},"image":{"@id":"https:\/\/www.fcejs.unsl.edu.ar\/#\/schema\/logo\/image\/"},"sameAs":["https:\/\/www.facebook.com\/FCEJS.UNSL\/","https:\/\/x.com\/FCEJSUNSL","https:\/\/www.instagram.com\/fcejs.unsl\/","https:\/\/www.youtube.com\/channel\/UCH-Ut6EaN_X5ogjIQMPe46g\/"]},{"@type":"Person","@id":"https:\/\/www.fcejs.unsl.edu.ar\/#\/schema\/person\/352ee6ed90c3f394c7cb5945f8956d34","name":"DATI"}]}},"jetpack_featured_media_url":"https:\/\/www.fcejs.unsl.edu.ar\/wp-content\/uploads\/2021\/05\/1-2.jpeg","_links":{"self":[{"href":"https:\/\/www.fcejs.unsl.edu.ar\/index.php\/wp-json\/wp\/v2\/posts\/3693","targetHints":{"allow":["GET"]}}],"collection":[{"href":"https:\/\/www.fcejs.unsl.edu.ar\/index.php\/wp-json\/wp\/v2\/posts"}],"about":[{"href":"https:\/\/www.fcejs.unsl.edu.ar\/index.php\/wp-json\/wp\/v2\/types\/post"}],"author":[{"embeddable":true,"href":"https:\/\/www.fcejs.unsl.edu.ar\/index.php\/wp-json\/wp\/v2\/users\/9"}],"replies":[{"embeddable":true,"href":"https:\/\/www.fcejs.unsl.edu.ar\/index.php\/wp-json\/wp\/v2\/comments?post=3693"}],"version-history":[{"count":12,"href":"https:\/\/www.fcejs.unsl.edu.ar\/index.php\/wp-json\/wp\/v2\/posts\/3693\/revisions"}],"predecessor-version":[{"id":3724,"href":"https:\/\/www.fcejs.unsl.edu.ar\/index.php\/wp-json\/wp\/v2\/posts\/3693\/revisions\/3724"}],"wp:featuredmedia":[{"embeddable":true,"href":"https:\/\/www.fcejs.unsl.edu.ar\/index.php\/wp-json\/wp\/v2\/media\/3694"}],"wp:attachment":[{"href":"https:\/\/www.fcejs.unsl.edu.ar\/index.php\/wp-json\/wp\/v2\/media?parent=3693"}],"wp:term":[{"taxonomy":"category","embeddable":true,"href":"https:\/\/www.fcejs.unsl.edu.ar\/index.php\/wp-json\/wp\/v2\/categories?post=3693"},{"taxonomy":"post_tag","embeddable":true,"href":"https:\/\/www.fcejs.unsl.edu.ar\/index.php\/wp-json\/wp\/v2\/tags?post=3693"}],"curies":[{"name":"wp","href":"https:\/\/api.w.org\/{rel}","templated":true}]}}