{"id":3687,"date":"2021-05-22T21:32:35","date_gmt":"2021-05-23T00:32:35","guid":{"rendered":"http:\/\/10.101.10.197\/www\/?p=3687"},"modified":"2021-06-02T11:13:04","modified_gmt":"2021-06-02T14:13:04","slug":"atencion-mesa-de-entrada-durante-la-suspension-de-actividades-presenciales-los-dias-26-27-y-28-de-mayo","status":"publish","type":"post","link":"https:\/\/www.fcejs.unsl.edu.ar\/index.php\/atencion-mesa-de-entrada-durante-la-suspension-de-actividades-presenciales-los-dias-26-27-y-28-de-mayo\/","title":{"rendered":"Atenci\u00f3n Mesa de Entrada durante la suspensi\u00f3n de actividades presenciales los d\u00edas 26, 27 y 28 de mayo"},"content":{"rendered":"<p>La Secretar\u00eda General comunica a toda la comunidad universitaria de la FCEJS que, atento haberse dictado recientemente la Resoluci\u00f3n R. N\u00b0 689\/2021, mediante la cual se dispone la suspensi\u00f3n de actividades presenciales en todo el \u00e1mbito de la Universidad Nacional de San Luis, la atenci\u00f3n al p\u00fablico del Departamento de Mesa de Entrada de nuestra facultad ser\u00e1 de manera virtual durante los d\u00edas 26, 27 y 28 de mayo de 2021 en el horario de 8 a 13h.<\/p>\n<p>A tal fin, toda persona que necesite iniciar cualquier tipo de tr\u00e1mite deber\u00e1 remitir un correo electr\u00f3nico a la direcci\u00f3n: <strong>mesadeentradas.fcejs@gmail.com<\/strong><\/p>\n<p>En el correo electr\u00f3nico que se remita, se deber\u00e1 adjuntar en formato PDF el escrito y\/o documentaci\u00f3n que se requiera ingresar, el cual deber\u00e1 ser presentado en soporte papel el d\u00eda y hora que oportunamente se les asigne, cuando se restablezcan las actividades presenciales en el \u00e1mbito de nuestra Universidad.<\/p>\n<p>Finalmente, se pone en conocimiento que los plazos administrativos no han sido suspendidos.<\/p>\n","protected":false},"excerpt":{"rendered":"<p>La Secretar\u00eda General comunica a toda la comunidad universitaria de la FCEJS que, atento haberse dictado recientemente la Resoluci\u00f3n R. N\u00b0 689\/2021, mediante la cual&hellip;<\/p>\n","protected":false},"author":9,"featured_media":0,"comment_status":"closed","ping_status":"closed","sticky":false,"template":"","format":"standard","meta":{"om_disable_all_campaigns":false,"_monsterinsights_skip_tracking":false,"_monsterinsights_sitenote_active":false,"_monsterinsights_sitenote_note":"","_monsterinsights_sitenote_category":0,"footnotes":""},"categories":[21],"tags":[],"class_list":["post-3687","post","type-post","status-publish","format-standard","hentry","category-archivadas"],"yoast_head":"<!-- This site is optimized with the Yoast SEO plugin v27.5 - https:\/\/yoast.com\/product\/yoast-seo-wordpress\/ -->\n<title>Atenci\u00f3n Mesa de Entrada durante la suspensi\u00f3n de actividades presenciales los d\u00edas 26, 27 y 28 de mayo - Facultad de Ciencias Econ\u00f3micas, Jur\u00ed\u00addicas y Sociales<\/title>\n<meta name=\"robots\" content=\"index, follow, max-snippet:-1, max-image-preview:large, max-video-preview:-1\" \/>\n<link rel=\"canonical\" href=\"https:\/\/www.fcejs.unsl.edu.ar\/index.php\/atencion-mesa-de-entrada-durante-la-suspension-de-actividades-presenciales-los-dias-26-27-y-28-de-mayo\/\" \/>\n<meta property=\"og:locale\" content=\"es_ES\" \/>\n<meta property=\"og:type\" content=\"article\" \/>\n<meta property=\"og:title\" content=\"Atenci\u00f3n Mesa de Entrada durante la suspensi\u00f3n de actividades presenciales los d\u00edas 26, 27 y 28 de mayo - Facultad de Ciencias Econ\u00f3micas, Jur\u00ed\u00addicas y Sociales\" \/>\n<meta property=\"og:description\" content=\"La Secretar\u00eda General comunica a toda la comunidad universitaria de la FCEJS que, atento haberse dictado recientemente la Resoluci\u00f3n R. N\u00b0 689\/2021, mediante la cual&hellip;\" \/>\n<meta property=\"og:url\" content=\"https:\/\/www.fcejs.unsl.edu.ar\/index.php\/atencion-mesa-de-entrada-durante-la-suspension-de-actividades-presenciales-los-dias-26-27-y-28-de-mayo\/\" \/>\n<meta property=\"og:site_name\" content=\"Facultad de Ciencias Econ\u00f3micas, Jur\u00ed\u00addicas y Sociales\" \/>\n<meta property=\"article:publisher\" content=\"https:\/\/www.facebook.com\/FCEJS.UNSL\/\" \/>\n<meta property=\"article:published_time\" content=\"2021-05-23T00:32:35+00:00\" \/>\n<meta property=\"article:modified_time\" content=\"2021-06-02T14:13:04+00:00\" \/>\n<meta name=\"author\" content=\"DATI\" \/>\n<meta name=\"twitter:card\" content=\"summary_large_image\" \/>\n<meta name=\"twitter:creator\" content=\"@FCEJSUNSL\" \/>\n<meta name=\"twitter:site\" content=\"@FCEJSUNSL\" \/>\n<meta name=\"twitter:label1\" content=\"Escrito por\" \/>\n\t<meta name=\"twitter:data1\" content=\"DATI\" \/>\n\t<meta name=\"twitter:label2\" content=\"Tiempo de lectura\" \/>\n\t<meta name=\"twitter:data2\" content=\"1 minuto\" \/>\n<script type=\"application\/ld+json\" class=\"yoast-schema-graph\">{\"@context\":\"https:\\\/\\\/schema.org\",\"@graph\":[{\"@type\":\"Article\",\"@id\":\"https:\\\/\\\/www.fcejs.unsl.edu.ar\\\/index.php\\\/atencion-mesa-de-entrada-durante-la-suspension-de-actividades-presenciales-los-dias-26-27-y-28-de-mayo\\\/#article\",\"isPartOf\":{\"@id\":\"https:\\\/\\\/www.fcejs.unsl.edu.ar\\\/index.php\\\/atencion-mesa-de-entrada-durante-la-suspension-de-actividades-presenciales-los-dias-26-27-y-28-de-mayo\\\/\"},\"author\":{\"name\":\"DATI\",\"@id\":\"https:\\\/\\\/www.fcejs.unsl.edu.ar\\\/#\\\/schema\\\/person\\\/352ee6ed90c3f394c7cb5945f8956d34\"},\"headline\":\"Atenci\u00f3n Mesa de Entrada durante la suspensi\u00f3n de actividades presenciales los d\u00edas 26, 27 y 28 de mayo\",\"datePublished\":\"2021-05-23T00:32:35+00:00\",\"dateModified\":\"2021-06-02T14:13:04+00:00\",\"mainEntityOfPage\":{\"@id\":\"https:\\\/\\\/www.fcejs.unsl.edu.ar\\\/index.php\\\/atencion-mesa-de-entrada-durante-la-suspension-de-actividades-presenciales-los-dias-26-27-y-28-de-mayo\\\/\"},\"wordCount\":190,\"publisher\":{\"@id\":\"https:\\\/\\\/www.fcejs.unsl.edu.ar\\\/#organization\"},\"articleSection\":[\"Archivadas\"],\"inLanguage\":\"es-AR\"},{\"@type\":\"WebPage\",\"@id\":\"https:\\\/\\\/www.fcejs.unsl.edu.ar\\\/index.php\\\/atencion-mesa-de-entrada-durante-la-suspension-de-actividades-presenciales-los-dias-26-27-y-28-de-mayo\\\/\",\"url\":\"https:\\\/\\\/www.fcejs.unsl.edu.ar\\\/index.php\\\/atencion-mesa-de-entrada-durante-la-suspension-de-actividades-presenciales-los-dias-26-27-y-28-de-mayo\\\/\",\"name\":\"Atenci\u00f3n Mesa de Entrada durante la suspensi\u00f3n de actividades presenciales los d\u00edas 26, 27 y 28 de mayo - Facultad de Ciencias Econ\u00f3micas, Jur\u00ed\u00addicas y Sociales\",\"isPartOf\":{\"@id\":\"https:\\\/\\\/www.fcejs.unsl.edu.ar\\\/#website\"},\"datePublished\":\"2021-05-23T00:32:35+00:00\",\"dateModified\":\"2021-06-02T14:13:04+00:00\",\"breadcrumb\":{\"@id\":\"https:\\\/\\\/www.fcejs.unsl.edu.ar\\\/index.php\\\/atencion-mesa-de-entrada-durante-la-suspension-de-actividades-presenciales-los-dias-26-27-y-28-de-mayo\\\/#breadcrumb\"},\"inLanguage\":\"es-AR\",\"potentialAction\":[{\"@type\":\"ReadAction\",\"target\":[\"https:\\\/\\\/www.fcejs.unsl.edu.ar\\\/index.php\\\/atencion-mesa-de-entrada-durante-la-suspension-de-actividades-presenciales-los-dias-26-27-y-28-de-mayo\\\/\"]}]},{\"@type\":\"BreadcrumbList\",\"@id\":\"https:\\\/\\\/www.fcejs.unsl.edu.ar\\\/index.php\\\/atencion-mesa-de-entrada-durante-la-suspension-de-actividades-presenciales-los-dias-26-27-y-28-de-mayo\\\/#breadcrumb\",\"itemListElement\":[{\"@type\":\"ListItem\",\"position\":1,\"name\":\"Inicio\",\"item\":\"https:\\\/\\\/www.fcejs.unsl.edu.ar\\\/\"},{\"@type\":\"ListItem\",\"position\":2,\"name\":\"Atenci\u00f3n Mesa de Entrada durante la suspensi\u00f3n de actividades presenciales los d\u00edas 26, 27 y 28 de mayo\"}]},{\"@type\":\"WebSite\",\"@id\":\"https:\\\/\\\/www.fcejs.unsl.edu.ar\\\/#website\",\"url\":\"https:\\\/\\\/www.fcejs.unsl.edu.ar\\\/\",\"name\":\"Facultad de Ciencias Econ\u00f3micas, Jur\u00ed\u00addicas y Sociales\",\"description\":\"\",\"publisher\":{\"@id\":\"https:\\\/\\\/www.fcejs.unsl.edu.ar\\\/#organization\"},\"potentialAction\":[{\"@type\":\"SearchAction\",\"target\":{\"@type\":\"EntryPoint\",\"urlTemplate\":\"https:\\\/\\\/www.fcejs.unsl.edu.ar\\\/?s={search_term_string}\"},\"query-input\":{\"@type\":\"PropertyValueSpecification\",\"valueRequired\":true,\"valueName\":\"search_term_string\"}}],\"inLanguage\":\"es-AR\"},{\"@type\":\"Organization\",\"@id\":\"https:\\\/\\\/www.fcejs.unsl.edu.ar\\\/#organization\",\"name\":\"Facultad de Ciencias Econ\u00f3micas, Jur\u00eddicas y Sociales\",\"url\":\"https:\\\/\\\/www.fcejs.unsl.edu.ar\\\/\",\"logo\":{\"@type\":\"ImageObject\",\"inLanguage\":\"es-AR\",\"@id\":\"https:\\\/\\\/www.fcejs.unsl.edu.ar\\\/#\\\/schema\\\/logo\\\/image\\\/\",\"url\":\"https:\\\/\\\/www.fcejs.unsl.edu.ar\\\/wp-content\\\/uploads\\\/2021\\\/03\\\/logo-1.jpg\",\"contentUrl\":\"https:\\\/\\\/www.fcejs.unsl.edu.ar\\\/wp-content\\\/uploads\\\/2021\\\/03\\\/logo-1.jpg\",\"width\":471,\"height\":146,\"caption\":\"Facultad de Ciencias Econ\u00f3micas, Jur\u00eddicas y Sociales\"},\"image\":{\"@id\":\"https:\\\/\\\/www.fcejs.unsl.edu.ar\\\/#\\\/schema\\\/logo\\\/image\\\/\"},\"sameAs\":[\"https:\\\/\\\/www.facebook.com\\\/FCEJS.UNSL\\\/\",\"https:\\\/\\\/x.com\\\/FCEJSUNSL\",\"https:\\\/\\\/www.instagram.com\\\/fcejs.unsl\\\/\",\"https:\\\/\\\/www.youtube.com\\\/channel\\\/UCH-Ut6EaN_X5ogjIQMPe46g\\\/\"]},{\"@type\":\"Person\",\"@id\":\"https:\\\/\\\/www.fcejs.unsl.edu.ar\\\/#\\\/schema\\\/person\\\/352ee6ed90c3f394c7cb5945f8956d34\",\"name\":\"DATI\"}]}<\/script>\n<!-- \/ Yoast SEO plugin. -->","yoast_head_json":{"title":"Atenci\u00f3n Mesa de Entrada durante la suspensi\u00f3n de actividades presenciales los d\u00edas 26, 27 y 28 de mayo - Facultad de Ciencias Econ\u00f3micas, Jur\u00ed\u00addicas y Sociales","robots":{"index":"index","follow":"follow","max-snippet":"max-snippet:-1","max-image-preview":"max-image-preview:large","max-video-preview":"max-video-preview:-1"},"canonical":"https:\/\/www.fcejs.unsl.edu.ar\/index.php\/atencion-mesa-de-entrada-durante-la-suspension-de-actividades-presenciales-los-dias-26-27-y-28-de-mayo\/","og_locale":"es_ES","og_type":"article","og_title":"Atenci\u00f3n Mesa de Entrada durante la suspensi\u00f3n de actividades presenciales los d\u00edas 26, 27 y 28 de mayo - Facultad de Ciencias Econ\u00f3micas, Jur\u00ed\u00addicas y Sociales","og_description":"La Secretar\u00eda General comunica a toda la comunidad universitaria de la FCEJS que, atento haberse dictado recientemente la Resoluci\u00f3n R. N\u00b0 689\/2021, mediante la cual&hellip;","og_url":"https:\/\/www.fcejs.unsl.edu.ar\/index.php\/atencion-mesa-de-entrada-durante-la-suspension-de-actividades-presenciales-los-dias-26-27-y-28-de-mayo\/","og_site_name":"Facultad de Ciencias Econ\u00f3micas, Jur\u00ed\u00addicas y Sociales","article_publisher":"https:\/\/www.facebook.com\/FCEJS.UNSL\/","article_published_time":"2021-05-23T00:32:35+00:00","article_modified_time":"2021-06-02T14:13:04+00:00","author":"DATI","twitter_card":"summary_large_image","twitter_creator":"@FCEJSUNSL","twitter_site":"@FCEJSUNSL","twitter_misc":{"Escrito por":"DATI","Tiempo de lectura":"1 minuto"},"schema":{"@context":"https:\/\/schema.org","@graph":[{"@type":"Article","@id":"https:\/\/www.fcejs.unsl.edu.ar\/index.php\/atencion-mesa-de-entrada-durante-la-suspension-de-actividades-presenciales-los-dias-26-27-y-28-de-mayo\/#article","isPartOf":{"@id":"https:\/\/www.fcejs.unsl.edu.ar\/index.php\/atencion-mesa-de-entrada-durante-la-suspension-de-actividades-presenciales-los-dias-26-27-y-28-de-mayo\/"},"author":{"name":"DATI","@id":"https:\/\/www.fcejs.unsl.edu.ar\/#\/schema\/person\/352ee6ed90c3f394c7cb5945f8956d34"},"headline":"Atenci\u00f3n Mesa de Entrada durante la suspensi\u00f3n de actividades presenciales los d\u00edas 26, 27 y 28 de mayo","datePublished":"2021-05-23T00:32:35+00:00","dateModified":"2021-06-02T14:13:04+00:00","mainEntityOfPage":{"@id":"https:\/\/www.fcejs.unsl.edu.ar\/index.php\/atencion-mesa-de-entrada-durante-la-suspension-de-actividades-presenciales-los-dias-26-27-y-28-de-mayo\/"},"wordCount":190,"publisher":{"@id":"https:\/\/www.fcejs.unsl.edu.ar\/#organization"},"articleSection":["Archivadas"],"inLanguage":"es-AR"},{"@type":"WebPage","@id":"https:\/\/www.fcejs.unsl.edu.ar\/index.php\/atencion-mesa-de-entrada-durante-la-suspension-de-actividades-presenciales-los-dias-26-27-y-28-de-mayo\/","url":"https:\/\/www.fcejs.unsl.edu.ar\/index.php\/atencion-mesa-de-entrada-durante-la-suspension-de-actividades-presenciales-los-dias-26-27-y-28-de-mayo\/","name":"Atenci\u00f3n Mesa de Entrada durante la suspensi\u00f3n de actividades presenciales los d\u00edas 26, 27 y 28 de mayo - Facultad de Ciencias Econ\u00f3micas, Jur\u00ed\u00addicas y Sociales","isPartOf":{"@id":"https:\/\/www.fcejs.unsl.edu.ar\/#website"},"datePublished":"2021-05-23T00:32:35+00:00","dateModified":"2021-06-02T14:13:04+00:00","breadcrumb":{"@id":"https:\/\/www.fcejs.unsl.edu.ar\/index.php\/atencion-mesa-de-entrada-durante-la-suspension-de-actividades-presenciales-los-dias-26-27-y-28-de-mayo\/#breadcrumb"},"inLanguage":"es-AR","potentialAction":[{"@type":"ReadAction","target":["https:\/\/www.fcejs.unsl.edu.ar\/index.php\/atencion-mesa-de-entrada-durante-la-suspension-de-actividades-presenciales-los-dias-26-27-y-28-de-mayo\/"]}]},{"@type":"BreadcrumbList","@id":"https:\/\/www.fcejs.unsl.edu.ar\/index.php\/atencion-mesa-de-entrada-durante-la-suspension-de-actividades-presenciales-los-dias-26-27-y-28-de-mayo\/#breadcrumb","itemListElement":[{"@type":"ListItem","position":1,"name":"Inicio","item":"https:\/\/www.fcejs.unsl.edu.ar\/"},{"@type":"ListItem","position":2,"name":"Atenci\u00f3n Mesa de Entrada durante la suspensi\u00f3n de actividades presenciales los d\u00edas 26, 27 y 28 de mayo"}]},{"@type":"WebSite","@id":"https:\/\/www.fcejs.unsl.edu.ar\/#website","url":"https:\/\/www.fcejs.unsl.edu.ar\/","name":"Facultad de Ciencias Econ\u00f3micas, Jur\u00ed\u00addicas y Sociales","description":"","publisher":{"@id":"https:\/\/www.fcejs.unsl.edu.ar\/#organization"},"potentialAction":[{"@type":"SearchAction","target":{"@type":"EntryPoint","urlTemplate":"https:\/\/www.fcejs.unsl.edu.ar\/?s={search_term_string}"},"query-input":{"@type":"PropertyValueSpecification","valueRequired":true,"valueName":"search_term_string"}}],"inLanguage":"es-AR"},{"@type":"Organization","@id":"https:\/\/www.fcejs.unsl.edu.ar\/#organization","name":"Facultad de Ciencias Econ\u00f3micas, Jur\u00eddicas y Sociales","url":"https:\/\/www.fcejs.unsl.edu.ar\/","logo":{"@type":"ImageObject","inLanguage":"es-AR","@id":"https:\/\/www.fcejs.unsl.edu.ar\/#\/schema\/logo\/image\/","url":"https:\/\/www.fcejs.unsl.edu.ar\/wp-content\/uploads\/2021\/03\/logo-1.jpg","contentUrl":"https:\/\/www.fcejs.unsl.edu.ar\/wp-content\/uploads\/2021\/03\/logo-1.jpg","width":471,"height":146,"caption":"Facultad de Ciencias Econ\u00f3micas, Jur\u00eddicas y Sociales"},"image":{"@id":"https:\/\/www.fcejs.unsl.edu.ar\/#\/schema\/logo\/image\/"},"sameAs":["https:\/\/www.facebook.com\/FCEJS.UNSL\/","https:\/\/x.com\/FCEJSUNSL","https:\/\/www.instagram.com\/fcejs.unsl\/","https:\/\/www.youtube.com\/channel\/UCH-Ut6EaN_X5ogjIQMPe46g\/"]},{"@type":"Person","@id":"https:\/\/www.fcejs.unsl.edu.ar\/#\/schema\/person\/352ee6ed90c3f394c7cb5945f8956d34","name":"DATI"}]}},"jetpack_featured_media_url":"","_links":{"self":[{"href":"https:\/\/www.fcejs.unsl.edu.ar\/index.php\/wp-json\/wp\/v2\/posts\/3687","targetHints":{"allow":["GET"]}}],"collection":[{"href":"https:\/\/www.fcejs.unsl.edu.ar\/index.php\/wp-json\/wp\/v2\/posts"}],"about":[{"href":"https:\/\/www.fcejs.unsl.edu.ar\/index.php\/wp-json\/wp\/v2\/types\/post"}],"author":[{"embeddable":true,"href":"https:\/\/www.fcejs.unsl.edu.ar\/index.php\/wp-json\/wp\/v2\/users\/9"}],"replies":[{"embeddable":true,"href":"https:\/\/www.fcejs.unsl.edu.ar\/index.php\/wp-json\/wp\/v2\/comments?post=3687"}],"version-history":[{"count":1,"href":"https:\/\/www.fcejs.unsl.edu.ar\/index.php\/wp-json\/wp\/v2\/posts\/3687\/revisions"}],"predecessor-version":[{"id":3688,"href":"https:\/\/www.fcejs.unsl.edu.ar\/index.php\/wp-json\/wp\/v2\/posts\/3687\/revisions\/3688"}],"wp:attachment":[{"href":"https:\/\/www.fcejs.unsl.edu.ar\/index.php\/wp-json\/wp\/v2\/media?parent=3687"}],"wp:term":[{"taxonomy":"category","embeddable":true,"href":"https:\/\/www.fcejs.unsl.edu.ar\/index.php\/wp-json\/wp\/v2\/categories?post=3687"},{"taxonomy":"post_tag","embeddable":true,"href":"https:\/\/www.fcejs.unsl.edu.ar\/index.php\/wp-json\/wp\/v2\/tags?post=3687"}],"curies":[{"name":"wp","href":"https:\/\/api.w.org\/{rel}","templated":true}]}}