{"id":3678,"date":"2021-05-21T10:44:50","date_gmt":"2021-05-21T13:44:50","guid":{"rendered":"http:\/\/10.101.10.197\/www\/?p=3678"},"modified":"2021-07-01T10:42:58","modified_gmt":"2021-07-01T13:42:58","slug":"convocatoria-del-ciecti-para-estadias-temporarias-de-investigacion","status":"publish","type":"post","link":"https:\/\/www.fcejs.unsl.edu.ar\/index.php\/convocatoria-del-ciecti-para-estadias-temporarias-de-investigacion\/","title":{"rendered":"Convocatoria del CIECTI para estad\u00edas temporarias de investigaci\u00f3n"},"content":{"rendered":"<p>El Centro Interdisciplinario de Estudios en Ciencia, Tecnolog\u00eda e Innovaci\u00f3n (CIECTI) convoca a graduadas\/os universitarias\/os a postularse para acceder a una estad\u00eda de investigaci\u00f3n y formaci\u00f3n por seis meses en el marco de las actividades regulares de la instituci\u00f3n. El per\u00edodo de postulaci\u00f3n se extiende desde el 20\/5 hasta el 11\/6\/2021 y la estad\u00eda se cumplir\u00e1 entre el 1\/7 y el 31\/12\/2021. El CIECTI seleccionar\u00e1 dos postulantes, quienes tendr\u00e1n una dedicaci\u00f3n a tiempo completo y percibir\u00e1n durante el per\u00edodo de la estad\u00eda una asignaci\u00f3n est\u00edmulo mensual de $60.000 (pesos sesenta mil). Las personas seleccionadas deber\u00e1n estar disponibles para iniciar sus actividades el 1\/7\/2021.<\/p>\n<p>Las \u00e1reas tem\u00e1ticas y los equipos de investigaci\u00f3n en que las personas seleccionadas prestar\u00e1n su colaboraci\u00f3n ser\u00e1n, tentativamente: a) estudios de evaluaci\u00f3n de desempe\u00f1o e impacto de programas p\u00fablicos de Ciencia, tecnolog\u00eda e innovaci\u00f3n (CTI); b) estudios sobre la din\u00e1mica de la productividad en la econom\u00eda argentina; c) estudios sobre digitalizaci\u00f3n y gesti\u00f3n de datos p\u00fablicos y de investigaci\u00f3n. Si bien las actividades se desarrollar\u00e1n mayormente a trav\u00e9s de plataformas virtuales, en caso de que las condiciones sanitarias lo permitan se evaluar\u00e1 la posibilidad de sostener jornadas presenciales.<\/p>\n<p>El CIECTI es un centro de investigaci\u00f3n especializado en el dise\u00f1o y evaluaci\u00f3n de pol\u00edticas p\u00fablicas, con \u00e9nfasis en al campo de la Ciencia, Tecnolog\u00eda e Innovaci\u00f3n (CTI). Su personal est\u00e1 integrado por profesionales e investigadoras\/es que acreditan una amplia trayectoria acad\u00e9mica y profesional.<\/p>\n<p>Adem\u00e1s de estudios en tem\u00e1ticas vinculadas a la CTI, desarrolla tareas de asesoramiento y asistencia t\u00e9cnica al Ministerio de Ciencia, Tecnolog\u00eda e Innovaci\u00f3n, a la Agencia I+D+i y a otros organismos p\u00fablicos e integra la Red ISPA (Investigaciones Socioecon\u00f3micas P\u00fablicas de la Argentina). Sus actividades y publicaciones pueden ser consultadas en www.ciecti.org.ar.<\/p>\n<p>Condiciones de postulaci\u00f3n:<br \/>\n\u2022 Graduadas\/os universitarias\/os, preferentemente en Ciencias Sociales, Econom\u00eda o carreras vinculadas a las ciencias de datos.<br \/>\n\u2022 Preferentemente, estudiantes de programas de posgrado en tem\u00e1ticas vinculadas al Desarrollo y a la CTI;<br \/>\n\u2022 Preferentemente, graduadas\/os con experiencia en el uso de programas estad\u00edsticos y de procesamiento de bases de datos o en la aplicaci\u00f3n de t\u00e9cnicas de investigaci\u00f3n cualitativa;<br \/>\n\u2022 Preferentemente, graduadas\/os con experiencia de participaci\u00f3n en proyectos de investigaci\u00f3n acreditados.<br \/>\nLas personas interesadas deber\u00e1n enviar su postulaci\u00f3n por correo electr\u00f3nico a info@ciecti.org.ar, indicando en el &lt;asunto&gt; \u201cPRESENTACI\u00d3N PARA ESTAD\u00cdA DE INVESTIGACI\u00d3N\u201d y adjuntando la siguiente documentaci\u00f3n:<br \/>\n\u2022 Un CV actualizado, detallando \u201cDatos personales y de contacto\u201d, \u201cFormaci\u00f3n\u201d (grado, posgrado, capacitaci\u00f3n), \u201cAntecedentes acad\u00e9micos\u201d (investigaci\u00f3n, publicaciones, congresos, docencia, becas) y \u201cAntecedentes profesionales\u201d;<br \/>\n\u2022 Una nota breve de expresi\u00f3n de inter\u00e9s, en la que se manifiesten las motivaciones principales para presentarse a la convocatoria;<br \/>\n\u2022 Preferentemente, datos de contacto de personas que puedan dar referencias del desempe\u00f1o profesional o acad\u00e9mico.<\/p>\n<p>EL CIECTI ANUNCIAR\u00c1 LA SELECCI\u00d3N A TRAV\u00c9S DE SU P\u00c1GINA WEB ANTES DEL 01\/07\/21<\/p>\n","protected":false},"excerpt":{"rendered":"<p>El Centro Interdisciplinario de Estudios en Ciencia, Tecnolog\u00eda e Innovaci\u00f3n (CIECTI) convoca a graduadas\/os universitarias\/os a postularse para acceder a una estad\u00eda de investigaci\u00f3n y&hellip;<\/p>\n","protected":false},"author":9,"featured_media":3679,"comment_status":"closed","ping_status":"closed","sticky":false,"template":"","format":"standard","meta":{"om_disable_all_campaigns":false,"_monsterinsights_skip_tracking":false,"_monsterinsights_sitenote_active":false,"_monsterinsights_sitenote_note":"","_monsterinsights_sitenote_category":0,"footnotes":""},"categories":[21],"tags":[],"class_list":["post-3678","post","type-post","status-publish","format-standard","has-post-thumbnail","hentry","category-archivadas"],"yoast_head":"<!-- This site is optimized with the Yoast SEO plugin v27.5 - https:\/\/yoast.com\/product\/yoast-seo-wordpress\/ -->\n<title>Convocatoria del CIECTI para estad\u00edas temporarias de investigaci\u00f3n - Facultad de Ciencias Econ\u00f3micas, Jur\u00ed\u00addicas y Sociales<\/title>\n<meta name=\"robots\" content=\"index, follow, max-snippet:-1, max-image-preview:large, max-video-preview:-1\" \/>\n<link rel=\"canonical\" href=\"https:\/\/www.fcejs.unsl.edu.ar\/index.php\/convocatoria-del-ciecti-para-estadias-temporarias-de-investigacion\/\" \/>\n<meta property=\"og:locale\" content=\"es_ES\" \/>\n<meta property=\"og:type\" content=\"article\" \/>\n<meta property=\"og:title\" content=\"Convocatoria del CIECTI para estad\u00edas temporarias de investigaci\u00f3n - Facultad de Ciencias Econ\u00f3micas, Jur\u00ed\u00addicas y Sociales\" \/>\n<meta property=\"og:description\" content=\"El Centro Interdisciplinario de Estudios en Ciencia, Tecnolog\u00eda e Innovaci\u00f3n (CIECTI) convoca a graduadas\/os universitarias\/os a postularse para acceder a una estad\u00eda de investigaci\u00f3n y&hellip;\" \/>\n<meta property=\"og:url\" content=\"https:\/\/www.fcejs.unsl.edu.ar\/index.php\/convocatoria-del-ciecti-para-estadias-temporarias-de-investigacion\/\" \/>\n<meta property=\"og:site_name\" content=\"Facultad de Ciencias Econ\u00f3micas, Jur\u00ed\u00addicas y Sociales\" \/>\n<meta property=\"article:publisher\" content=\"https:\/\/www.facebook.com\/FCEJS.UNSL\/\" \/>\n<meta property=\"article:published_time\" content=\"2021-05-21T13:44:50+00:00\" \/>\n<meta property=\"article:modified_time\" content=\"2021-07-01T13:42:58+00:00\" \/>\n<meta property=\"og:image\" content=\"https:\/\/www.fcejs.unsl.edu.ar\/wp-content\/uploads\/2021\/05\/syt.png\" \/>\n\t<meta property=\"og:image:width\" content=\"1061\" \/>\n\t<meta property=\"og:image:height\" content=\"600\" \/>\n\t<meta property=\"og:image:type\" content=\"image\/png\" \/>\n<meta name=\"author\" content=\"DATI\" \/>\n<meta name=\"twitter:card\" content=\"summary_large_image\" \/>\n<meta name=\"twitter:creator\" content=\"@FCEJSUNSL\" \/>\n<meta name=\"twitter:site\" content=\"@FCEJSUNSL\" \/>\n<meta name=\"twitter:label1\" content=\"Escrito por\" \/>\n\t<meta name=\"twitter:data1\" content=\"DATI\" \/>\n\t<meta name=\"twitter:label2\" content=\"Tiempo de lectura\" \/>\n\t<meta name=\"twitter:data2\" content=\"3 minutos\" \/>\n<script type=\"application\/ld+json\" class=\"yoast-schema-graph\">{\"@context\":\"https:\\\/\\\/schema.org\",\"@graph\":[{\"@type\":\"Article\",\"@id\":\"https:\\\/\\\/www.fcejs.unsl.edu.ar\\\/index.php\\\/convocatoria-del-ciecti-para-estadias-temporarias-de-investigacion\\\/#article\",\"isPartOf\":{\"@id\":\"https:\\\/\\\/www.fcejs.unsl.edu.ar\\\/index.php\\\/convocatoria-del-ciecti-para-estadias-temporarias-de-investigacion\\\/\"},\"author\":{\"name\":\"DATI\",\"@id\":\"https:\\\/\\\/www.fcejs.unsl.edu.ar\\\/#\\\/schema\\\/person\\\/352ee6ed90c3f394c7cb5945f8956d34\"},\"headline\":\"Convocatoria del CIECTI para estad\u00edas temporarias de investigaci\u00f3n\",\"datePublished\":\"2021-05-21T13:44:50+00:00\",\"dateModified\":\"2021-07-01T13:42:58+00:00\",\"mainEntityOfPage\":{\"@id\":\"https:\\\/\\\/www.fcejs.unsl.edu.ar\\\/index.php\\\/convocatoria-del-ciecti-para-estadias-temporarias-de-investigacion\\\/\"},\"wordCount\":553,\"publisher\":{\"@id\":\"https:\\\/\\\/www.fcejs.unsl.edu.ar\\\/#organization\"},\"image\":{\"@id\":\"https:\\\/\\\/www.fcejs.unsl.edu.ar\\\/index.php\\\/convocatoria-del-ciecti-para-estadias-temporarias-de-investigacion\\\/#primaryimage\"},\"thumbnailUrl\":\"https:\\\/\\\/www.fcejs.unsl.edu.ar\\\/wp-content\\\/uploads\\\/2021\\\/05\\\/syt.png\",\"articleSection\":[\"Archivadas\"],\"inLanguage\":\"es-AR\"},{\"@type\":\"WebPage\",\"@id\":\"https:\\\/\\\/www.fcejs.unsl.edu.ar\\\/index.php\\\/convocatoria-del-ciecti-para-estadias-temporarias-de-investigacion\\\/\",\"url\":\"https:\\\/\\\/www.fcejs.unsl.edu.ar\\\/index.php\\\/convocatoria-del-ciecti-para-estadias-temporarias-de-investigacion\\\/\",\"name\":\"Convocatoria del CIECTI para estad\u00edas temporarias de investigaci\u00f3n - Facultad de Ciencias Econ\u00f3micas, Jur\u00ed\u00addicas y Sociales\",\"isPartOf\":{\"@id\":\"https:\\\/\\\/www.fcejs.unsl.edu.ar\\\/#website\"},\"primaryImageOfPage\":{\"@id\":\"https:\\\/\\\/www.fcejs.unsl.edu.ar\\\/index.php\\\/convocatoria-del-ciecti-para-estadias-temporarias-de-investigacion\\\/#primaryimage\"},\"image\":{\"@id\":\"https:\\\/\\\/www.fcejs.unsl.edu.ar\\\/index.php\\\/convocatoria-del-ciecti-para-estadias-temporarias-de-investigacion\\\/#primaryimage\"},\"thumbnailUrl\":\"https:\\\/\\\/www.fcejs.unsl.edu.ar\\\/wp-content\\\/uploads\\\/2021\\\/05\\\/syt.png\",\"datePublished\":\"2021-05-21T13:44:50+00:00\",\"dateModified\":\"2021-07-01T13:42:58+00:00\",\"breadcrumb\":{\"@id\":\"https:\\\/\\\/www.fcejs.unsl.edu.ar\\\/index.php\\\/convocatoria-del-ciecti-para-estadias-temporarias-de-investigacion\\\/#breadcrumb\"},\"inLanguage\":\"es-AR\",\"potentialAction\":[{\"@type\":\"ReadAction\",\"target\":[\"https:\\\/\\\/www.fcejs.unsl.edu.ar\\\/index.php\\\/convocatoria-del-ciecti-para-estadias-temporarias-de-investigacion\\\/\"]}]},{\"@type\":\"ImageObject\",\"inLanguage\":\"es-AR\",\"@id\":\"https:\\\/\\\/www.fcejs.unsl.edu.ar\\\/index.php\\\/convocatoria-del-ciecti-para-estadias-temporarias-de-investigacion\\\/#primaryimage\",\"url\":\"https:\\\/\\\/www.fcejs.unsl.edu.ar\\\/wp-content\\\/uploads\\\/2021\\\/05\\\/syt.png\",\"contentUrl\":\"https:\\\/\\\/www.fcejs.unsl.edu.ar\\\/wp-content\\\/uploads\\\/2021\\\/05\\\/syt.png\",\"width\":1061,\"height\":600},{\"@type\":\"BreadcrumbList\",\"@id\":\"https:\\\/\\\/www.fcejs.unsl.edu.ar\\\/index.php\\\/convocatoria-del-ciecti-para-estadias-temporarias-de-investigacion\\\/#breadcrumb\",\"itemListElement\":[{\"@type\":\"ListItem\",\"position\":1,\"name\":\"Inicio\",\"item\":\"https:\\\/\\\/www.fcejs.unsl.edu.ar\\\/\"},{\"@type\":\"ListItem\",\"position\":2,\"name\":\"Convocatoria del CIECTI para estad\u00edas temporarias de investigaci\u00f3n\"}]},{\"@type\":\"WebSite\",\"@id\":\"https:\\\/\\\/www.fcejs.unsl.edu.ar\\\/#website\",\"url\":\"https:\\\/\\\/www.fcejs.unsl.edu.ar\\\/\",\"name\":\"Facultad de Ciencias Econ\u00f3micas, Jur\u00ed\u00addicas y Sociales\",\"description\":\"\",\"publisher\":{\"@id\":\"https:\\\/\\\/www.fcejs.unsl.edu.ar\\\/#organization\"},\"potentialAction\":[{\"@type\":\"SearchAction\",\"target\":{\"@type\":\"EntryPoint\",\"urlTemplate\":\"https:\\\/\\\/www.fcejs.unsl.edu.ar\\\/?s={search_term_string}\"},\"query-input\":{\"@type\":\"PropertyValueSpecification\",\"valueRequired\":true,\"valueName\":\"search_term_string\"}}],\"inLanguage\":\"es-AR\"},{\"@type\":\"Organization\",\"@id\":\"https:\\\/\\\/www.fcejs.unsl.edu.ar\\\/#organization\",\"name\":\"Facultad de Ciencias Econ\u00f3micas, Jur\u00eddicas y Sociales\",\"url\":\"https:\\\/\\\/www.fcejs.unsl.edu.ar\\\/\",\"logo\":{\"@type\":\"ImageObject\",\"inLanguage\":\"es-AR\",\"@id\":\"https:\\\/\\\/www.fcejs.unsl.edu.ar\\\/#\\\/schema\\\/logo\\\/image\\\/\",\"url\":\"https:\\\/\\\/www.fcejs.unsl.edu.ar\\\/wp-content\\\/uploads\\\/2021\\\/03\\\/logo-1.jpg\",\"contentUrl\":\"https:\\\/\\\/www.fcejs.unsl.edu.ar\\\/wp-content\\\/uploads\\\/2021\\\/03\\\/logo-1.jpg\",\"width\":471,\"height\":146,\"caption\":\"Facultad de Ciencias Econ\u00f3micas, Jur\u00eddicas y Sociales\"},\"image\":{\"@id\":\"https:\\\/\\\/www.fcejs.unsl.edu.ar\\\/#\\\/schema\\\/logo\\\/image\\\/\"},\"sameAs\":[\"https:\\\/\\\/www.facebook.com\\\/FCEJS.UNSL\\\/\",\"https:\\\/\\\/x.com\\\/FCEJSUNSL\",\"https:\\\/\\\/www.instagram.com\\\/fcejs.unsl\\\/\",\"https:\\\/\\\/www.youtube.com\\\/channel\\\/UCH-Ut6EaN_X5ogjIQMPe46g\\\/\"]},{\"@type\":\"Person\",\"@id\":\"https:\\\/\\\/www.fcejs.unsl.edu.ar\\\/#\\\/schema\\\/person\\\/352ee6ed90c3f394c7cb5945f8956d34\",\"name\":\"DATI\"}]}<\/script>\n<!-- \/ Yoast SEO plugin. -->","yoast_head_json":{"title":"Convocatoria del CIECTI para estad\u00edas temporarias de investigaci\u00f3n - Facultad de Ciencias Econ\u00f3micas, Jur\u00ed\u00addicas y Sociales","robots":{"index":"index","follow":"follow","max-snippet":"max-snippet:-1","max-image-preview":"max-image-preview:large","max-video-preview":"max-video-preview:-1"},"canonical":"https:\/\/www.fcejs.unsl.edu.ar\/index.php\/convocatoria-del-ciecti-para-estadias-temporarias-de-investigacion\/","og_locale":"es_ES","og_type":"article","og_title":"Convocatoria del CIECTI para estad\u00edas temporarias de investigaci\u00f3n - Facultad de Ciencias Econ\u00f3micas, Jur\u00ed\u00addicas y Sociales","og_description":"El Centro Interdisciplinario de Estudios en Ciencia, Tecnolog\u00eda e Innovaci\u00f3n (CIECTI) convoca a graduadas\/os universitarias\/os a postularse para acceder a una estad\u00eda de investigaci\u00f3n y&hellip;","og_url":"https:\/\/www.fcejs.unsl.edu.ar\/index.php\/convocatoria-del-ciecti-para-estadias-temporarias-de-investigacion\/","og_site_name":"Facultad de Ciencias Econ\u00f3micas, Jur\u00ed\u00addicas y Sociales","article_publisher":"https:\/\/www.facebook.com\/FCEJS.UNSL\/","article_published_time":"2021-05-21T13:44:50+00:00","article_modified_time":"2021-07-01T13:42:58+00:00","og_image":[{"width":1061,"height":600,"url":"https:\/\/www.fcejs.unsl.edu.ar\/wp-content\/uploads\/2021\/05\/syt.png","type":"image\/png"}],"author":"DATI","twitter_card":"summary_large_image","twitter_creator":"@FCEJSUNSL","twitter_site":"@FCEJSUNSL","twitter_misc":{"Escrito por":"DATI","Tiempo de lectura":"3 minutos"},"schema":{"@context":"https:\/\/schema.org","@graph":[{"@type":"Article","@id":"https:\/\/www.fcejs.unsl.edu.ar\/index.php\/convocatoria-del-ciecti-para-estadias-temporarias-de-investigacion\/#article","isPartOf":{"@id":"https:\/\/www.fcejs.unsl.edu.ar\/index.php\/convocatoria-del-ciecti-para-estadias-temporarias-de-investigacion\/"},"author":{"name":"DATI","@id":"https:\/\/www.fcejs.unsl.edu.ar\/#\/schema\/person\/352ee6ed90c3f394c7cb5945f8956d34"},"headline":"Convocatoria del CIECTI para estad\u00edas temporarias de investigaci\u00f3n","datePublished":"2021-05-21T13:44:50+00:00","dateModified":"2021-07-01T13:42:58+00:00","mainEntityOfPage":{"@id":"https:\/\/www.fcejs.unsl.edu.ar\/index.php\/convocatoria-del-ciecti-para-estadias-temporarias-de-investigacion\/"},"wordCount":553,"publisher":{"@id":"https:\/\/www.fcejs.unsl.edu.ar\/#organization"},"image":{"@id":"https:\/\/www.fcejs.unsl.edu.ar\/index.php\/convocatoria-del-ciecti-para-estadias-temporarias-de-investigacion\/#primaryimage"},"thumbnailUrl":"https:\/\/www.fcejs.unsl.edu.ar\/wp-content\/uploads\/2021\/05\/syt.png","articleSection":["Archivadas"],"inLanguage":"es-AR"},{"@type":"WebPage","@id":"https:\/\/www.fcejs.unsl.edu.ar\/index.php\/convocatoria-del-ciecti-para-estadias-temporarias-de-investigacion\/","url":"https:\/\/www.fcejs.unsl.edu.ar\/index.php\/convocatoria-del-ciecti-para-estadias-temporarias-de-investigacion\/","name":"Convocatoria del CIECTI para estad\u00edas temporarias de investigaci\u00f3n - Facultad de Ciencias Econ\u00f3micas, Jur\u00ed\u00addicas y Sociales","isPartOf":{"@id":"https:\/\/www.fcejs.unsl.edu.ar\/#website"},"primaryImageOfPage":{"@id":"https:\/\/www.fcejs.unsl.edu.ar\/index.php\/convocatoria-del-ciecti-para-estadias-temporarias-de-investigacion\/#primaryimage"},"image":{"@id":"https:\/\/www.fcejs.unsl.edu.ar\/index.php\/convocatoria-del-ciecti-para-estadias-temporarias-de-investigacion\/#primaryimage"},"thumbnailUrl":"https:\/\/www.fcejs.unsl.edu.ar\/wp-content\/uploads\/2021\/05\/syt.png","datePublished":"2021-05-21T13:44:50+00:00","dateModified":"2021-07-01T13:42:58+00:00","breadcrumb":{"@id":"https:\/\/www.fcejs.unsl.edu.ar\/index.php\/convocatoria-del-ciecti-para-estadias-temporarias-de-investigacion\/#breadcrumb"},"inLanguage":"es-AR","potentialAction":[{"@type":"ReadAction","target":["https:\/\/www.fcejs.unsl.edu.ar\/index.php\/convocatoria-del-ciecti-para-estadias-temporarias-de-investigacion\/"]}]},{"@type":"ImageObject","inLanguage":"es-AR","@id":"https:\/\/www.fcejs.unsl.edu.ar\/index.php\/convocatoria-del-ciecti-para-estadias-temporarias-de-investigacion\/#primaryimage","url":"https:\/\/www.fcejs.unsl.edu.ar\/wp-content\/uploads\/2021\/05\/syt.png","contentUrl":"https:\/\/www.fcejs.unsl.edu.ar\/wp-content\/uploads\/2021\/05\/syt.png","width":1061,"height":600},{"@type":"BreadcrumbList","@id":"https:\/\/www.fcejs.unsl.edu.ar\/index.php\/convocatoria-del-ciecti-para-estadias-temporarias-de-investigacion\/#breadcrumb","itemListElement":[{"@type":"ListItem","position":1,"name":"Inicio","item":"https:\/\/www.fcejs.unsl.edu.ar\/"},{"@type":"ListItem","position":2,"name":"Convocatoria del CIECTI para estad\u00edas temporarias de investigaci\u00f3n"}]},{"@type":"WebSite","@id":"https:\/\/www.fcejs.unsl.edu.ar\/#website","url":"https:\/\/www.fcejs.unsl.edu.ar\/","name":"Facultad de Ciencias Econ\u00f3micas, Jur\u00ed\u00addicas y Sociales","description":"","publisher":{"@id":"https:\/\/www.fcejs.unsl.edu.ar\/#organization"},"potentialAction":[{"@type":"SearchAction","target":{"@type":"EntryPoint","urlTemplate":"https:\/\/www.fcejs.unsl.edu.ar\/?s={search_term_string}"},"query-input":{"@type":"PropertyValueSpecification","valueRequired":true,"valueName":"search_term_string"}}],"inLanguage":"es-AR"},{"@type":"Organization","@id":"https:\/\/www.fcejs.unsl.edu.ar\/#organization","name":"Facultad de Ciencias Econ\u00f3micas, Jur\u00eddicas y Sociales","url":"https:\/\/www.fcejs.unsl.edu.ar\/","logo":{"@type":"ImageObject","inLanguage":"es-AR","@id":"https:\/\/www.fcejs.unsl.edu.ar\/#\/schema\/logo\/image\/","url":"https:\/\/www.fcejs.unsl.edu.ar\/wp-content\/uploads\/2021\/03\/logo-1.jpg","contentUrl":"https:\/\/www.fcejs.unsl.edu.ar\/wp-content\/uploads\/2021\/03\/logo-1.jpg","width":471,"height":146,"caption":"Facultad de Ciencias Econ\u00f3micas, Jur\u00eddicas y Sociales"},"image":{"@id":"https:\/\/www.fcejs.unsl.edu.ar\/#\/schema\/logo\/image\/"},"sameAs":["https:\/\/www.facebook.com\/FCEJS.UNSL\/","https:\/\/x.com\/FCEJSUNSL","https:\/\/www.instagram.com\/fcejs.unsl\/","https:\/\/www.youtube.com\/channel\/UCH-Ut6EaN_X5ogjIQMPe46g\/"]},{"@type":"Person","@id":"https:\/\/www.fcejs.unsl.edu.ar\/#\/schema\/person\/352ee6ed90c3f394c7cb5945f8956d34","name":"DATI"}]}},"jetpack_featured_media_url":"https:\/\/www.fcejs.unsl.edu.ar\/wp-content\/uploads\/2021\/05\/syt.png","_links":{"self":[{"href":"https:\/\/www.fcejs.unsl.edu.ar\/index.php\/wp-json\/wp\/v2\/posts\/3678","targetHints":{"allow":["GET"]}}],"collection":[{"href":"https:\/\/www.fcejs.unsl.edu.ar\/index.php\/wp-json\/wp\/v2\/posts"}],"about":[{"href":"https:\/\/www.fcejs.unsl.edu.ar\/index.php\/wp-json\/wp\/v2\/types\/post"}],"author":[{"embeddable":true,"href":"https:\/\/www.fcejs.unsl.edu.ar\/index.php\/wp-json\/wp\/v2\/users\/9"}],"replies":[{"embeddable":true,"href":"https:\/\/www.fcejs.unsl.edu.ar\/index.php\/wp-json\/wp\/v2\/comments?post=3678"}],"version-history":[{"count":1,"href":"https:\/\/www.fcejs.unsl.edu.ar\/index.php\/wp-json\/wp\/v2\/posts\/3678\/revisions"}],"predecessor-version":[{"id":3680,"href":"https:\/\/www.fcejs.unsl.edu.ar\/index.php\/wp-json\/wp\/v2\/posts\/3678\/revisions\/3680"}],"wp:featuredmedia":[{"embeddable":true,"href":"https:\/\/www.fcejs.unsl.edu.ar\/index.php\/wp-json\/wp\/v2\/media\/3679"}],"wp:attachment":[{"href":"https:\/\/www.fcejs.unsl.edu.ar\/index.php\/wp-json\/wp\/v2\/media?parent=3678"}],"wp:term":[{"taxonomy":"category","embeddable":true,"href":"https:\/\/www.fcejs.unsl.edu.ar\/index.php\/wp-json\/wp\/v2\/categories?post=3678"},{"taxonomy":"post_tag","embeddable":true,"href":"https:\/\/www.fcejs.unsl.edu.ar\/index.php\/wp-json\/wp\/v2\/tags?post=3678"}],"curies":[{"name":"wp","href":"https:\/\/api.w.org\/{rel}","templated":true}]}}