{"id":3675,"date":"2021-07-29T09:36:04","date_gmt":"2021-07-29T12:36:04","guid":{"rendered":"http:\/\/10.101.10.197\/www\/?p=3675"},"modified":"2021-09-02T08:58:43","modified_gmt":"2021-09-02T11:58:43","slug":"convocatoria-al-primer-numero-de-entre-lazos","status":"publish","type":"post","link":"https:\/\/www.fcejs.unsl.edu.ar\/index.php\/convocatoria-al-primer-numero-de-entre-lazos\/","title":{"rendered":"Convocatoria al primer n\u00famero de Entre-Lazos"},"content":{"rendered":"<p>La Secretar\u00eda de Extensi\u00f3n Universitaria de la UNSL informa que se encuentra abierta la convocatoria al primer n\u00famero de la revista digital y de acceso abierto\u00a0<em>Entre-Lazos<\/em>. La recepci\u00f3n de art\u00edculos cierra el 6 de agosto.<\/p>\n<p>La revista de Extensi\u00f3n Universitaria\u00a0<em>Entre-Lazos<\/em>\u00a0fue creada con el prop\u00f3sito de generar un espacio de comunicaci\u00f3n p\u00fablica de vinculaci\u00f3n con la comunidad, que promueva la reflexi\u00f3n cr\u00edtica de las experiencias m\u00faltiples que conforman la Extensi\u00f3n Universitaria, en tanto funci\u00f3n sustantiva de compromiso social de las universidades p\u00fablicas, y el fortalecimiento del di\u00e1logo de saberes entre Universidad y territorios, y entre las unidades acad\u00e9micas de la Universidad Nacional de San Luis (UNSL).<\/p>\n<p>La revista ser\u00e1 publicada en el\u00a0<a href=\"http:\/\/unsl.edu.ar\/\">sitio web de la UNSL<\/a>. Se organizar\u00e1 en publicaciones semestrales que reunir\u00e1n\u00a0<strong>contribuciones originales e in\u00e9ditas de experiencias, metodolog\u00edas y tecnolog\u00edas para el desarrollo social y comunitario<\/strong>; propiciar\u00e1 debates acad\u00e9micos, resultados de investigaciones en diversas tem\u00e1ticas de inter\u00e9s social y propuestas te\u00f3ricas referidas a la Extensi\u00f3n Universitaria. Propone el abordaje de temas de inter\u00e9s social, que surgen desde de los integrantes de la comunidad universitaria, a partir de los distintos espacios de ense\u00f1ar y aprender, o de la misma sociedad civil, contribuyendo al desarrollo personal y colectivo.<\/p>\n<p>El eje central del primer n\u00famero es\u00a0<strong>\u201cLa Extensi\u00f3n en territorios in\u00e9ditos: di\u00e1logos de saberes y nuevos tejidos sociales\u201d<\/strong>. Se divide en las siguientes secciones:<\/p>\n<p>&#8211;\u00a0<strong>Editorial<\/strong>. En esta secci\u00f3n se publicar\u00e1 un art\u00edculo cuya autor\u00eda estar\u00e1 bajo la responsabilidad de un miembro del cuerpo editorial de la Revista. En este espacio se abrir\u00e1 el debate sobre el\/los tema\/s tratados en la publicaci\u00f3n de cada n\u00famero. En general se tratar\u00e1 de opini\u00f3n institucional para discutir y resolver problem\u00e1ticas en torno a la extensi\u00f3n universitaria.<\/p>\n<p>&#8211;\u00a0\u00a0<strong>Art\u00edculos de reflexi\u00f3n desde las pr\u00e1cticas de extensi\u00f3n<\/strong>. Esta secci\u00f3n busca poner de relieve las reflexiones que emergen desde las pr\u00e1cticas y los procesos que sostienen el trabajo conjunto entre universidad y comunidad. Particularmente, aspira a dar lugar a las experiencias que se desarrollan a nivel local como estrategia de fortalecimiento de la extensi\u00f3n en la UNSL. Podr\u00e1n conformar esta secci\u00f3n relatos, sistematizaci\u00f3n de experiencias, evaluaciones<em>\u00a0<\/em>de los resultados con sentido cr\u00edtico y superador, entre otros.<\/p>\n<p>&#8211;\u00a0\u00a0<strong>Art\u00edculos de reflexi\u00f3n y producci\u00f3n te\u00f3rica<\/strong>. Esta secci\u00f3n estar\u00e1 formada por art\u00edculos sugeridos por el equipo Editorial de la revista. Las\/os contribuyentes podr\u00e1n ser referentes de universidades, centros educativos y diversas entidades del Pa\u00eds o de la Regi\u00f3n.<\/p>\n<p>&#8211;\u00a0\u00a0<strong>Divulgaci\u00f3n<\/strong>. En esta secci\u00f3n se publicar\u00e1n art\u00edculos period\u00edsticos que recaben informaci\u00f3n sobre eventos y reuniones extensionistas que fortalezcan las redes interuniversitarias e intersectoriales, con el prop\u00f3sito de difundir estas actividades para conocimiento de la comunidad.<\/p>\n<p>&#8211;\u00a0<strong>\u00a0Expresiones abiertas<\/strong>: En esta secci\u00f3n podr\u00e1n ser incorporadas entrevistas a diferentes actores sociales, informes sobre tem\u00e1ticas y\/o problem\u00e1ticas de relevancia social a nivel local, producciones culturales y expresiones art\u00edsticas que surgen desde las experiencias de Extensi\u00f3n de la UNSL y dimensiones socioculturales de los distintos colectivos sociales.<\/p>\n<p>Se priorizar\u00e1 la difusi\u00f3n de conocimientos desarrollados en las actividades extensionistas de la UNSL, pero tambi\u00e9n brindar\u00e1 un espacio para la comunicaci\u00f3n de conocimientos te\u00f3ricos, ensayos y trabajos de extensi\u00f3n producidos en otros centros nacionales o internacionales.<\/p>\n<p><strong>Recepci\u00f3n de trabajos<\/strong>: hasta el viernes 6 de agosto de 2021, v\u00eda e-mail a\u00a0<a href=\"mailto:unslneu@gmail.com\">unslneu@gmail.com<\/a><\/p>\n<p><strong>Informaci\u00f3n detallada:<\/strong>\u00a0<a href=\"http:\/\/digesto.unsl.edu.ar\/docs\/202104\/20210414131841_22493.pdf\">Resoluci\u00f3n Rectoral N\u00ba 333\/21<\/a><\/p>\n","protected":false},"excerpt":{"rendered":"<p>La Secretar\u00eda de Extensi\u00f3n Universitaria de la UNSL informa que se encuentra abierta la convocatoria al primer n\u00famero de la revista digital y de acceso&hellip;<\/p>\n","protected":false},"author":9,"featured_media":3676,"comment_status":"closed","ping_status":"closed","sticky":false,"template":"","format":"standard","meta":{"om_disable_all_campaigns":false,"_monsterinsights_skip_tracking":false,"_monsterinsights_sitenote_active":false,"_monsterinsights_sitenote_note":"","_monsterinsights_sitenote_category":0,"footnotes":""},"categories":[21],"tags":[],"class_list":["post-3675","post","type-post","status-publish","format-standard","has-post-thumbnail","hentry","category-archivadas"],"yoast_head":"<!-- This site is optimized with the Yoast SEO plugin v27.5 - https:\/\/yoast.com\/product\/yoast-seo-wordpress\/ -->\n<title>Convocatoria al primer n\u00famero de Entre-Lazos - Facultad de Ciencias Econ\u00f3micas, Jur\u00ed\u00addicas y Sociales<\/title>\n<meta name=\"robots\" content=\"index, follow, max-snippet:-1, max-image-preview:large, max-video-preview:-1\" \/>\n<link rel=\"canonical\" href=\"https:\/\/www.fcejs.unsl.edu.ar\/index.php\/convocatoria-al-primer-numero-de-entre-lazos\/\" \/>\n<meta property=\"og:locale\" content=\"es_ES\" \/>\n<meta property=\"og:type\" content=\"article\" \/>\n<meta property=\"og:title\" content=\"Convocatoria al primer n\u00famero de Entre-Lazos - Facultad de Ciencias Econ\u00f3micas, Jur\u00ed\u00addicas y Sociales\" \/>\n<meta property=\"og:description\" content=\"La Secretar\u00eda de Extensi\u00f3n Universitaria de la UNSL informa que se encuentra abierta la convocatoria al primer n\u00famero de la revista digital y de acceso&hellip;\" \/>\n<meta property=\"og:url\" content=\"https:\/\/www.fcejs.unsl.edu.ar\/index.php\/convocatoria-al-primer-numero-de-entre-lazos\/\" \/>\n<meta property=\"og:site_name\" content=\"Facultad de Ciencias Econ\u00f3micas, Jur\u00ed\u00addicas y Sociales\" \/>\n<meta property=\"article:publisher\" content=\"https:\/\/www.facebook.com\/FCEJS.UNSL\/\" \/>\n<meta property=\"article:published_time\" content=\"2021-07-29T12:36:04+00:00\" \/>\n<meta property=\"article:modified_time\" content=\"2021-09-02T11:58:43+00:00\" \/>\n<meta property=\"og:image\" content=\"https:\/\/www.fcejs.unsl.edu.ar\/wp-content\/uploads\/2021\/05\/1-3.jpg\" \/>\n\t<meta property=\"og:image:width\" content=\"930\" \/>\n\t<meta property=\"og:image:height\" content=\"600\" \/>\n\t<meta property=\"og:image:type\" content=\"image\/jpeg\" \/>\n<meta name=\"author\" content=\"DATI\" \/>\n<meta name=\"twitter:card\" content=\"summary_large_image\" \/>\n<meta name=\"twitter:creator\" content=\"@FCEJSUNSL\" \/>\n<meta name=\"twitter:site\" content=\"@FCEJSUNSL\" \/>\n<meta name=\"twitter:label1\" content=\"Escrito por\" \/>\n\t<meta name=\"twitter:data1\" content=\"DATI\" \/>\n\t<meta name=\"twitter:label2\" content=\"Tiempo de lectura\" \/>\n\t<meta name=\"twitter:data2\" content=\"3 minutos\" \/>\n<script type=\"application\/ld+json\" class=\"yoast-schema-graph\">{\"@context\":\"https:\\\/\\\/schema.org\",\"@graph\":[{\"@type\":\"Article\",\"@id\":\"https:\\\/\\\/www.fcejs.unsl.edu.ar\\\/index.php\\\/convocatoria-al-primer-numero-de-entre-lazos\\\/#article\",\"isPartOf\":{\"@id\":\"https:\\\/\\\/www.fcejs.unsl.edu.ar\\\/index.php\\\/convocatoria-al-primer-numero-de-entre-lazos\\\/\"},\"author\":{\"name\":\"DATI\",\"@id\":\"https:\\\/\\\/www.fcejs.unsl.edu.ar\\\/#\\\/schema\\\/person\\\/352ee6ed90c3f394c7cb5945f8956d34\"},\"headline\":\"Convocatoria al primer n\u00famero de Entre-Lazos\",\"datePublished\":\"2021-07-29T12:36:04+00:00\",\"dateModified\":\"2021-09-02T11:58:43+00:00\",\"mainEntityOfPage\":{\"@id\":\"https:\\\/\\\/www.fcejs.unsl.edu.ar\\\/index.php\\\/convocatoria-al-primer-numero-de-entre-lazos\\\/\"},\"wordCount\":635,\"publisher\":{\"@id\":\"https:\\\/\\\/www.fcejs.unsl.edu.ar\\\/#organization\"},\"image\":{\"@id\":\"https:\\\/\\\/www.fcejs.unsl.edu.ar\\\/index.php\\\/convocatoria-al-primer-numero-de-entre-lazos\\\/#primaryimage\"},\"thumbnailUrl\":\"https:\\\/\\\/www.fcejs.unsl.edu.ar\\\/wp-content\\\/uploads\\\/2021\\\/05\\\/1-3.jpg\",\"articleSection\":[\"Archivadas\"],\"inLanguage\":\"es-AR\"},{\"@type\":\"WebPage\",\"@id\":\"https:\\\/\\\/www.fcejs.unsl.edu.ar\\\/index.php\\\/convocatoria-al-primer-numero-de-entre-lazos\\\/\",\"url\":\"https:\\\/\\\/www.fcejs.unsl.edu.ar\\\/index.php\\\/convocatoria-al-primer-numero-de-entre-lazos\\\/\",\"name\":\"Convocatoria al primer n\u00famero de Entre-Lazos - Facultad de Ciencias Econ\u00f3micas, Jur\u00ed\u00addicas y Sociales\",\"isPartOf\":{\"@id\":\"https:\\\/\\\/www.fcejs.unsl.edu.ar\\\/#website\"},\"primaryImageOfPage\":{\"@id\":\"https:\\\/\\\/www.fcejs.unsl.edu.ar\\\/index.php\\\/convocatoria-al-primer-numero-de-entre-lazos\\\/#primaryimage\"},\"image\":{\"@id\":\"https:\\\/\\\/www.fcejs.unsl.edu.ar\\\/index.php\\\/convocatoria-al-primer-numero-de-entre-lazos\\\/#primaryimage\"},\"thumbnailUrl\":\"https:\\\/\\\/www.fcejs.unsl.edu.ar\\\/wp-content\\\/uploads\\\/2021\\\/05\\\/1-3.jpg\",\"datePublished\":\"2021-07-29T12:36:04+00:00\",\"dateModified\":\"2021-09-02T11:58:43+00:00\",\"breadcrumb\":{\"@id\":\"https:\\\/\\\/www.fcejs.unsl.edu.ar\\\/index.php\\\/convocatoria-al-primer-numero-de-entre-lazos\\\/#breadcrumb\"},\"inLanguage\":\"es-AR\",\"potentialAction\":[{\"@type\":\"ReadAction\",\"target\":[\"https:\\\/\\\/www.fcejs.unsl.edu.ar\\\/index.php\\\/convocatoria-al-primer-numero-de-entre-lazos\\\/\"]}]},{\"@type\":\"ImageObject\",\"inLanguage\":\"es-AR\",\"@id\":\"https:\\\/\\\/www.fcejs.unsl.edu.ar\\\/index.php\\\/convocatoria-al-primer-numero-de-entre-lazos\\\/#primaryimage\",\"url\":\"https:\\\/\\\/www.fcejs.unsl.edu.ar\\\/wp-content\\\/uploads\\\/2021\\\/05\\\/1-3.jpg\",\"contentUrl\":\"https:\\\/\\\/www.fcejs.unsl.edu.ar\\\/wp-content\\\/uploads\\\/2021\\\/05\\\/1-3.jpg\",\"width\":930,\"height\":600},{\"@type\":\"BreadcrumbList\",\"@id\":\"https:\\\/\\\/www.fcejs.unsl.edu.ar\\\/index.php\\\/convocatoria-al-primer-numero-de-entre-lazos\\\/#breadcrumb\",\"itemListElement\":[{\"@type\":\"ListItem\",\"position\":1,\"name\":\"Inicio\",\"item\":\"https:\\\/\\\/www.fcejs.unsl.edu.ar\\\/\"},{\"@type\":\"ListItem\",\"position\":2,\"name\":\"Convocatoria al primer n\u00famero de Entre-Lazos\"}]},{\"@type\":\"WebSite\",\"@id\":\"https:\\\/\\\/www.fcejs.unsl.edu.ar\\\/#website\",\"url\":\"https:\\\/\\\/www.fcejs.unsl.edu.ar\\\/\",\"name\":\"Facultad de Ciencias Econ\u00f3micas, Jur\u00ed\u00addicas y Sociales\",\"description\":\"\",\"publisher\":{\"@id\":\"https:\\\/\\\/www.fcejs.unsl.edu.ar\\\/#organization\"},\"potentialAction\":[{\"@type\":\"SearchAction\",\"target\":{\"@type\":\"EntryPoint\",\"urlTemplate\":\"https:\\\/\\\/www.fcejs.unsl.edu.ar\\\/?s={search_term_string}\"},\"query-input\":{\"@type\":\"PropertyValueSpecification\",\"valueRequired\":true,\"valueName\":\"search_term_string\"}}],\"inLanguage\":\"es-AR\"},{\"@type\":\"Organization\",\"@id\":\"https:\\\/\\\/www.fcejs.unsl.edu.ar\\\/#organization\",\"name\":\"Facultad de Ciencias Econ\u00f3micas, Jur\u00eddicas y Sociales\",\"url\":\"https:\\\/\\\/www.fcejs.unsl.edu.ar\\\/\",\"logo\":{\"@type\":\"ImageObject\",\"inLanguage\":\"es-AR\",\"@id\":\"https:\\\/\\\/www.fcejs.unsl.edu.ar\\\/#\\\/schema\\\/logo\\\/image\\\/\",\"url\":\"https:\\\/\\\/www.fcejs.unsl.edu.ar\\\/wp-content\\\/uploads\\\/2021\\\/03\\\/logo-1.jpg\",\"contentUrl\":\"https:\\\/\\\/www.fcejs.unsl.edu.ar\\\/wp-content\\\/uploads\\\/2021\\\/03\\\/logo-1.jpg\",\"width\":471,\"height\":146,\"caption\":\"Facultad de Ciencias Econ\u00f3micas, Jur\u00eddicas y Sociales\"},\"image\":{\"@id\":\"https:\\\/\\\/www.fcejs.unsl.edu.ar\\\/#\\\/schema\\\/logo\\\/image\\\/\"},\"sameAs\":[\"https:\\\/\\\/www.facebook.com\\\/FCEJS.UNSL\\\/\",\"https:\\\/\\\/x.com\\\/FCEJSUNSL\",\"https:\\\/\\\/www.instagram.com\\\/fcejs.unsl\\\/\",\"https:\\\/\\\/www.youtube.com\\\/channel\\\/UCH-Ut6EaN_X5ogjIQMPe46g\\\/\"]},{\"@type\":\"Person\",\"@id\":\"https:\\\/\\\/www.fcejs.unsl.edu.ar\\\/#\\\/schema\\\/person\\\/352ee6ed90c3f394c7cb5945f8956d34\",\"name\":\"DATI\"}]}<\/script>\n<!-- \/ Yoast SEO plugin. -->","yoast_head_json":{"title":"Convocatoria al primer n\u00famero de Entre-Lazos - Facultad de Ciencias Econ\u00f3micas, Jur\u00ed\u00addicas y Sociales","robots":{"index":"index","follow":"follow","max-snippet":"max-snippet:-1","max-image-preview":"max-image-preview:large","max-video-preview":"max-video-preview:-1"},"canonical":"https:\/\/www.fcejs.unsl.edu.ar\/index.php\/convocatoria-al-primer-numero-de-entre-lazos\/","og_locale":"es_ES","og_type":"article","og_title":"Convocatoria al primer n\u00famero de Entre-Lazos - Facultad de Ciencias Econ\u00f3micas, Jur\u00ed\u00addicas y Sociales","og_description":"La Secretar\u00eda de Extensi\u00f3n Universitaria de la UNSL informa que se encuentra abierta la convocatoria al primer n\u00famero de la revista digital y de acceso&hellip;","og_url":"https:\/\/www.fcejs.unsl.edu.ar\/index.php\/convocatoria-al-primer-numero-de-entre-lazos\/","og_site_name":"Facultad de Ciencias Econ\u00f3micas, Jur\u00ed\u00addicas y Sociales","article_publisher":"https:\/\/www.facebook.com\/FCEJS.UNSL\/","article_published_time":"2021-07-29T12:36:04+00:00","article_modified_time":"2021-09-02T11:58:43+00:00","og_image":[{"width":930,"height":600,"url":"https:\/\/www.fcejs.unsl.edu.ar\/wp-content\/uploads\/2021\/05\/1-3.jpg","type":"image\/jpeg"}],"author":"DATI","twitter_card":"summary_large_image","twitter_creator":"@FCEJSUNSL","twitter_site":"@FCEJSUNSL","twitter_misc":{"Escrito por":"DATI","Tiempo de lectura":"3 minutos"},"schema":{"@context":"https:\/\/schema.org","@graph":[{"@type":"Article","@id":"https:\/\/www.fcejs.unsl.edu.ar\/index.php\/convocatoria-al-primer-numero-de-entre-lazos\/#article","isPartOf":{"@id":"https:\/\/www.fcejs.unsl.edu.ar\/index.php\/convocatoria-al-primer-numero-de-entre-lazos\/"},"author":{"name":"DATI","@id":"https:\/\/www.fcejs.unsl.edu.ar\/#\/schema\/person\/352ee6ed90c3f394c7cb5945f8956d34"},"headline":"Convocatoria al primer n\u00famero de Entre-Lazos","datePublished":"2021-07-29T12:36:04+00:00","dateModified":"2021-09-02T11:58:43+00:00","mainEntityOfPage":{"@id":"https:\/\/www.fcejs.unsl.edu.ar\/index.php\/convocatoria-al-primer-numero-de-entre-lazos\/"},"wordCount":635,"publisher":{"@id":"https:\/\/www.fcejs.unsl.edu.ar\/#organization"},"image":{"@id":"https:\/\/www.fcejs.unsl.edu.ar\/index.php\/convocatoria-al-primer-numero-de-entre-lazos\/#primaryimage"},"thumbnailUrl":"https:\/\/www.fcejs.unsl.edu.ar\/wp-content\/uploads\/2021\/05\/1-3.jpg","articleSection":["Archivadas"],"inLanguage":"es-AR"},{"@type":"WebPage","@id":"https:\/\/www.fcejs.unsl.edu.ar\/index.php\/convocatoria-al-primer-numero-de-entre-lazos\/","url":"https:\/\/www.fcejs.unsl.edu.ar\/index.php\/convocatoria-al-primer-numero-de-entre-lazos\/","name":"Convocatoria al primer n\u00famero de Entre-Lazos - Facultad de Ciencias Econ\u00f3micas, Jur\u00ed\u00addicas y Sociales","isPartOf":{"@id":"https:\/\/www.fcejs.unsl.edu.ar\/#website"},"primaryImageOfPage":{"@id":"https:\/\/www.fcejs.unsl.edu.ar\/index.php\/convocatoria-al-primer-numero-de-entre-lazos\/#primaryimage"},"image":{"@id":"https:\/\/www.fcejs.unsl.edu.ar\/index.php\/convocatoria-al-primer-numero-de-entre-lazos\/#primaryimage"},"thumbnailUrl":"https:\/\/www.fcejs.unsl.edu.ar\/wp-content\/uploads\/2021\/05\/1-3.jpg","datePublished":"2021-07-29T12:36:04+00:00","dateModified":"2021-09-02T11:58:43+00:00","breadcrumb":{"@id":"https:\/\/www.fcejs.unsl.edu.ar\/index.php\/convocatoria-al-primer-numero-de-entre-lazos\/#breadcrumb"},"inLanguage":"es-AR","potentialAction":[{"@type":"ReadAction","target":["https:\/\/www.fcejs.unsl.edu.ar\/index.php\/convocatoria-al-primer-numero-de-entre-lazos\/"]}]},{"@type":"ImageObject","inLanguage":"es-AR","@id":"https:\/\/www.fcejs.unsl.edu.ar\/index.php\/convocatoria-al-primer-numero-de-entre-lazos\/#primaryimage","url":"https:\/\/www.fcejs.unsl.edu.ar\/wp-content\/uploads\/2021\/05\/1-3.jpg","contentUrl":"https:\/\/www.fcejs.unsl.edu.ar\/wp-content\/uploads\/2021\/05\/1-3.jpg","width":930,"height":600},{"@type":"BreadcrumbList","@id":"https:\/\/www.fcejs.unsl.edu.ar\/index.php\/convocatoria-al-primer-numero-de-entre-lazos\/#breadcrumb","itemListElement":[{"@type":"ListItem","position":1,"name":"Inicio","item":"https:\/\/www.fcejs.unsl.edu.ar\/"},{"@type":"ListItem","position":2,"name":"Convocatoria al primer n\u00famero de Entre-Lazos"}]},{"@type":"WebSite","@id":"https:\/\/www.fcejs.unsl.edu.ar\/#website","url":"https:\/\/www.fcejs.unsl.edu.ar\/","name":"Facultad de Ciencias Econ\u00f3micas, Jur\u00ed\u00addicas y Sociales","description":"","publisher":{"@id":"https:\/\/www.fcejs.unsl.edu.ar\/#organization"},"potentialAction":[{"@type":"SearchAction","target":{"@type":"EntryPoint","urlTemplate":"https:\/\/www.fcejs.unsl.edu.ar\/?s={search_term_string}"},"query-input":{"@type":"PropertyValueSpecification","valueRequired":true,"valueName":"search_term_string"}}],"inLanguage":"es-AR"},{"@type":"Organization","@id":"https:\/\/www.fcejs.unsl.edu.ar\/#organization","name":"Facultad de Ciencias Econ\u00f3micas, Jur\u00eddicas y Sociales","url":"https:\/\/www.fcejs.unsl.edu.ar\/","logo":{"@type":"ImageObject","inLanguage":"es-AR","@id":"https:\/\/www.fcejs.unsl.edu.ar\/#\/schema\/logo\/image\/","url":"https:\/\/www.fcejs.unsl.edu.ar\/wp-content\/uploads\/2021\/03\/logo-1.jpg","contentUrl":"https:\/\/www.fcejs.unsl.edu.ar\/wp-content\/uploads\/2021\/03\/logo-1.jpg","width":471,"height":146,"caption":"Facultad de Ciencias Econ\u00f3micas, Jur\u00eddicas y Sociales"},"image":{"@id":"https:\/\/www.fcejs.unsl.edu.ar\/#\/schema\/logo\/image\/"},"sameAs":["https:\/\/www.facebook.com\/FCEJS.UNSL\/","https:\/\/x.com\/FCEJSUNSL","https:\/\/www.instagram.com\/fcejs.unsl\/","https:\/\/www.youtube.com\/channel\/UCH-Ut6EaN_X5ogjIQMPe46g\/"]},{"@type":"Person","@id":"https:\/\/www.fcejs.unsl.edu.ar\/#\/schema\/person\/352ee6ed90c3f394c7cb5945f8956d34","name":"DATI"}]}},"jetpack_featured_media_url":"https:\/\/www.fcejs.unsl.edu.ar\/wp-content\/uploads\/2021\/05\/1-3.jpg","_links":{"self":[{"href":"https:\/\/www.fcejs.unsl.edu.ar\/index.php\/wp-json\/wp\/v2\/posts\/3675","targetHints":{"allow":["GET"]}}],"collection":[{"href":"https:\/\/www.fcejs.unsl.edu.ar\/index.php\/wp-json\/wp\/v2\/posts"}],"about":[{"href":"https:\/\/www.fcejs.unsl.edu.ar\/index.php\/wp-json\/wp\/v2\/types\/post"}],"author":[{"embeddable":true,"href":"https:\/\/www.fcejs.unsl.edu.ar\/index.php\/wp-json\/wp\/v2\/users\/9"}],"replies":[{"embeddable":true,"href":"https:\/\/www.fcejs.unsl.edu.ar\/index.php\/wp-json\/wp\/v2\/comments?post=3675"}],"version-history":[{"count":1,"href":"https:\/\/www.fcejs.unsl.edu.ar\/index.php\/wp-json\/wp\/v2\/posts\/3675\/revisions"}],"predecessor-version":[{"id":3677,"href":"https:\/\/www.fcejs.unsl.edu.ar\/index.php\/wp-json\/wp\/v2\/posts\/3675\/revisions\/3677"}],"wp:featuredmedia":[{"embeddable":true,"href":"https:\/\/www.fcejs.unsl.edu.ar\/index.php\/wp-json\/wp\/v2\/media\/3676"}],"wp:attachment":[{"href":"https:\/\/www.fcejs.unsl.edu.ar\/index.php\/wp-json\/wp\/v2\/media?parent=3675"}],"wp:term":[{"taxonomy":"category","embeddable":true,"href":"https:\/\/www.fcejs.unsl.edu.ar\/index.php\/wp-json\/wp\/v2\/categories?post=3675"},{"taxonomy":"post_tag","embeddable":true,"href":"https:\/\/www.fcejs.unsl.edu.ar\/index.php\/wp-json\/wp\/v2\/tags?post=3675"}],"curies":[{"name":"wp","href":"https:\/\/api.w.org\/{rel}","templated":true}]}}