{"id":3625,"date":"2021-05-18T11:15:21","date_gmt":"2021-05-18T14:15:21","guid":{"rendered":"http:\/\/10.101.10.197\/www\/?p=3625"},"modified":"2021-09-20T11:21:50","modified_gmt":"2021-09-20T14:21:50","slug":"la-fcejs-establece-un-nuevo-vinculo-academico-con-la-municipalidad-de-villa-mercedes","status":"publish","type":"post","link":"https:\/\/www.fcejs.unsl.edu.ar\/index.php\/la-fcejs-establece-un-nuevo-vinculo-academico-con-la-municipalidad-de-villa-mercedes\/","title":{"rendered":"La FCEJS establece un nuevo vinculo acad\u00e9mico con la Municipalidad de Villa Mercedes."},"content":{"rendered":"<p>En la tarde del lunes 17 de mayo, en el Sal\u00f3n Azul de la Municipalidad de Villa Mercedes tuvo lugar la firma de un nuevo Convenio Espec\u00edfico de Trabajo, que tiene por finalidad el dictado de la primera Diplomatura de Extensi\u00f3n denominada: \u201cDiplomatura en Econom\u00eda Social, Solidaria y Comunitaria\u201d. En representaci\u00f3n de ambas instituciones, firmaron este convenio el Intendente, Abg. Maximiliano Frontera y el Decano de la FCEJS, Mag. Marcelo Casabene, ante la presencia reducida de autoridades municipales y de la facultad.<\/p>\n<p>Esta diplomatura de extensi\u00f3n es destinada a Trabajadoras\/es de la Econom\u00eda Social, Solidaria y Comunitaria de la ciudad de Villa Mercedes. Brinda\u00a0 un cr\u00e9dito de 180 horas reloj; una estructura de tres m\u00f3dulos y una duraci\u00f3n de tres meses. A cupo completo, el dictado se iniciar\u00e1 de forma virtual este martes 18 de mayo a las 17:30h. a trav\u00e9s de plataforma Meet de Google.<\/p>\n<p>El equipo docente que estar\u00e1 a cargo del dictado de los m\u00f3dulos est\u00e1 formado por el Mag. Alberto P\u00e9rez, el Lic. Esp. Jorge Giuliani, el Abg. Alberto Mariani, el Abg. Manuel Castillo y el Lic. Esp. Juan Norberto Carena, siendo el Coordinador docente el Lic. Esp. Juan Carena.<\/p>\n<p><img fetchpriority=\"high\" decoding=\"async\" class=\"aligncenter wp-image-3627 size-full\" src=\"https:\/\/www.fcejs.unsl.edu.ar\/wp-content\/uploads\/2021\/05\/firma-convenio-muni-02.jpg\" alt=\"\" width=\"1061\" height=\"600\" srcset=\"https:\/\/www.fcejs.unsl.edu.ar\/wp-content\/uploads\/2021\/05\/firma-convenio-muni-02.jpg 1061w, https:\/\/www.fcejs.unsl.edu.ar\/wp-content\/uploads\/2021\/05\/firma-convenio-muni-02-300x170.jpg 300w, https:\/\/www.fcejs.unsl.edu.ar\/wp-content\/uploads\/2021\/05\/firma-convenio-muni-02-1024x579.jpg 1024w, https:\/\/www.fcejs.unsl.edu.ar\/wp-content\/uploads\/2021\/05\/firma-convenio-muni-02-768x434.jpg 768w\" sizes=\"(max-width: 1061px) 100vw, 1061px\" \/><\/p>\n<p>Durante el acto, el Decano destac\u00f3 que la inscripci\u00f3n super\u00f3 las previsiones, ya que se anotaron para cursar m\u00e1s de 120 emprendedores. \u201cTenemos un cupo de 70 asistentes, pero ya estamos pensando en una segunda etapa de dictado de la Diplomatura dirigida a los queden sin poder hacerla en esta oportunidad\u201d, anunci\u00f3 Casabene. Por \u00faltimo, agradeci\u00f3 especialmente el trabajo de la secretar\u00eda de Extensi\u00f3n Universitaria de la facultad, Lic. Marcela Calder\u00f3n, por la obtenci\u00f3n de la reglamentaci\u00f3n de la Diplomatura, aprobada en forma por un\u00e1nime por los integrantes del Consejo Directivo de la FCEJS.<\/p>\n","protected":false},"excerpt":{"rendered":"<p>En la tarde del lunes 17 de mayo, en el Sal\u00f3n Azul de la Municipalidad de Villa Mercedes tuvo lugar la firma de un nuevo&hellip;<\/p>\n","protected":false},"author":9,"featured_media":3626,"comment_status":"closed","ping_status":"closed","sticky":false,"template":"","format":"standard","meta":{"om_disable_all_campaigns":false,"_monsterinsights_skip_tracking":false,"_monsterinsights_sitenote_active":false,"_monsterinsights_sitenote_note":"","_monsterinsights_sitenote_category":0,"footnotes":""},"categories":[1],"tags":[],"class_list":["post-3625","post","type-post","status-publish","format-standard","has-post-thumbnail","hentry","category-noticias"],"yoast_head":"<!-- This site is optimized with the Yoast SEO plugin v27.4 - https:\/\/yoast.com\/product\/yoast-seo-wordpress\/ -->\n<title>La FCEJS establece un nuevo vinculo acad\u00e9mico con la Municipalidad de Villa Mercedes. - Facultad de Ciencias Econ\u00f3micas, Jur\u00ed\u00addicas y Sociales<\/title>\n<meta name=\"robots\" content=\"index, follow, max-snippet:-1, max-image-preview:large, max-video-preview:-1\" \/>\n<link rel=\"canonical\" href=\"https:\/\/www.fcejs.unsl.edu.ar\/index.php\/la-fcejs-establece-un-nuevo-vinculo-academico-con-la-municipalidad-de-villa-mercedes\/\" \/>\n<meta property=\"og:locale\" content=\"es_ES\" \/>\n<meta property=\"og:type\" content=\"article\" \/>\n<meta property=\"og:title\" content=\"La FCEJS establece un nuevo vinculo acad\u00e9mico con la Municipalidad de Villa Mercedes. - Facultad de Ciencias Econ\u00f3micas, Jur\u00ed\u00addicas y Sociales\" \/>\n<meta property=\"og:description\" content=\"En la tarde del lunes 17 de mayo, en el Sal\u00f3n Azul de la Municipalidad de Villa Mercedes tuvo lugar la firma de un nuevo&hellip;\" \/>\n<meta property=\"og:url\" content=\"https:\/\/www.fcejs.unsl.edu.ar\/index.php\/la-fcejs-establece-un-nuevo-vinculo-academico-con-la-municipalidad-de-villa-mercedes\/\" \/>\n<meta property=\"og:site_name\" content=\"Facultad de Ciencias Econ\u00f3micas, Jur\u00ed\u00addicas y Sociales\" \/>\n<meta property=\"article:publisher\" content=\"https:\/\/www.facebook.com\/FCEJS.UNSL\/\" \/>\n<meta property=\"article:published_time\" content=\"2021-05-18T14:15:21+00:00\" \/>\n<meta property=\"article:modified_time\" content=\"2021-09-20T14:21:50+00:00\" \/>\n<meta property=\"og:image\" content=\"https:\/\/www.fcejs.unsl.edu.ar\/wp-content\/uploads\/2021\/05\/firma-convenio-muni.jpg\" \/>\n\t<meta property=\"og:image:width\" content=\"1058\" \/>\n\t<meta property=\"og:image:height\" content=\"594\" \/>\n\t<meta property=\"og:image:type\" content=\"image\/jpeg\" \/>\n<meta name=\"author\" content=\"DATI\" \/>\n<meta name=\"twitter:card\" content=\"summary_large_image\" \/>\n<meta name=\"twitter:creator\" content=\"@FCEJSUNSL\" \/>\n<meta name=\"twitter:site\" content=\"@FCEJSUNSL\" \/>\n<meta name=\"twitter:label1\" content=\"Escrito por\" \/>\n\t<meta name=\"twitter:data1\" content=\"DATI\" \/>\n\t<meta name=\"twitter:label2\" content=\"Tiempo de lectura\" \/>\n\t<meta name=\"twitter:data2\" content=\"2 minutos\" \/>\n<script type=\"application\/ld+json\" class=\"yoast-schema-graph\">{\"@context\":\"https:\\\/\\\/schema.org\",\"@graph\":[{\"@type\":\"Article\",\"@id\":\"https:\\\/\\\/www.fcejs.unsl.edu.ar\\\/index.php\\\/la-fcejs-establece-un-nuevo-vinculo-academico-con-la-municipalidad-de-villa-mercedes\\\/#article\",\"isPartOf\":{\"@id\":\"https:\\\/\\\/www.fcejs.unsl.edu.ar\\\/index.php\\\/la-fcejs-establece-un-nuevo-vinculo-academico-con-la-municipalidad-de-villa-mercedes\\\/\"},\"author\":{\"name\":\"DATI\",\"@id\":\"https:\\\/\\\/www.fcejs.unsl.edu.ar\\\/#\\\/schema\\\/person\\\/352ee6ed90c3f394c7cb5945f8956d34\"},\"headline\":\"La FCEJS establece un nuevo vinculo acad\u00e9mico con la Municipalidad de Villa Mercedes.\",\"datePublished\":\"2021-05-18T14:15:21+00:00\",\"dateModified\":\"2021-09-20T14:21:50+00:00\",\"mainEntityOfPage\":{\"@id\":\"https:\\\/\\\/www.fcejs.unsl.edu.ar\\\/index.php\\\/la-fcejs-establece-un-nuevo-vinculo-academico-con-la-municipalidad-de-villa-mercedes\\\/\"},\"wordCount\":319,\"publisher\":{\"@id\":\"https:\\\/\\\/www.fcejs.unsl.edu.ar\\\/#organization\"},\"image\":{\"@id\":\"https:\\\/\\\/www.fcejs.unsl.edu.ar\\\/index.php\\\/la-fcejs-establece-un-nuevo-vinculo-academico-con-la-municipalidad-de-villa-mercedes\\\/#primaryimage\"},\"thumbnailUrl\":\"https:\\\/\\\/www.fcejs.unsl.edu.ar\\\/wp-content\\\/uploads\\\/2021\\\/05\\\/firma-convenio-muni.jpg\",\"articleSection\":[\"Noticias\"],\"inLanguage\":\"es-AR\"},{\"@type\":\"WebPage\",\"@id\":\"https:\\\/\\\/www.fcejs.unsl.edu.ar\\\/index.php\\\/la-fcejs-establece-un-nuevo-vinculo-academico-con-la-municipalidad-de-villa-mercedes\\\/\",\"url\":\"https:\\\/\\\/www.fcejs.unsl.edu.ar\\\/index.php\\\/la-fcejs-establece-un-nuevo-vinculo-academico-con-la-municipalidad-de-villa-mercedes\\\/\",\"name\":\"La FCEJS establece un nuevo vinculo acad\u00e9mico con la Municipalidad de Villa Mercedes. - Facultad de Ciencias Econ\u00f3micas, Jur\u00ed\u00addicas y Sociales\",\"isPartOf\":{\"@id\":\"https:\\\/\\\/www.fcejs.unsl.edu.ar\\\/#website\"},\"primaryImageOfPage\":{\"@id\":\"https:\\\/\\\/www.fcejs.unsl.edu.ar\\\/index.php\\\/la-fcejs-establece-un-nuevo-vinculo-academico-con-la-municipalidad-de-villa-mercedes\\\/#primaryimage\"},\"image\":{\"@id\":\"https:\\\/\\\/www.fcejs.unsl.edu.ar\\\/index.php\\\/la-fcejs-establece-un-nuevo-vinculo-academico-con-la-municipalidad-de-villa-mercedes\\\/#primaryimage\"},\"thumbnailUrl\":\"https:\\\/\\\/www.fcejs.unsl.edu.ar\\\/wp-content\\\/uploads\\\/2021\\\/05\\\/firma-convenio-muni.jpg\",\"datePublished\":\"2021-05-18T14:15:21+00:00\",\"dateModified\":\"2021-09-20T14:21:50+00:00\",\"breadcrumb\":{\"@id\":\"https:\\\/\\\/www.fcejs.unsl.edu.ar\\\/index.php\\\/la-fcejs-establece-un-nuevo-vinculo-academico-con-la-municipalidad-de-villa-mercedes\\\/#breadcrumb\"},\"inLanguage\":\"es-AR\",\"potentialAction\":[{\"@type\":\"ReadAction\",\"target\":[\"https:\\\/\\\/www.fcejs.unsl.edu.ar\\\/index.php\\\/la-fcejs-establece-un-nuevo-vinculo-academico-con-la-municipalidad-de-villa-mercedes\\\/\"]}]},{\"@type\":\"ImageObject\",\"inLanguage\":\"es-AR\",\"@id\":\"https:\\\/\\\/www.fcejs.unsl.edu.ar\\\/index.php\\\/la-fcejs-establece-un-nuevo-vinculo-academico-con-la-municipalidad-de-villa-mercedes\\\/#primaryimage\",\"url\":\"https:\\\/\\\/www.fcejs.unsl.edu.ar\\\/wp-content\\\/uploads\\\/2021\\\/05\\\/firma-convenio-muni.jpg\",\"contentUrl\":\"https:\\\/\\\/www.fcejs.unsl.edu.ar\\\/wp-content\\\/uploads\\\/2021\\\/05\\\/firma-convenio-muni.jpg\",\"width\":1058,\"height\":594},{\"@type\":\"BreadcrumbList\",\"@id\":\"https:\\\/\\\/www.fcejs.unsl.edu.ar\\\/index.php\\\/la-fcejs-establece-un-nuevo-vinculo-academico-con-la-municipalidad-de-villa-mercedes\\\/#breadcrumb\",\"itemListElement\":[{\"@type\":\"ListItem\",\"position\":1,\"name\":\"Inicio\",\"item\":\"https:\\\/\\\/www.fcejs.unsl.edu.ar\\\/\"},{\"@type\":\"ListItem\",\"position\":2,\"name\":\"La FCEJS establece un nuevo vinculo acad\u00e9mico con la Municipalidad de Villa Mercedes.\"}]},{\"@type\":\"WebSite\",\"@id\":\"https:\\\/\\\/www.fcejs.unsl.edu.ar\\\/#website\",\"url\":\"https:\\\/\\\/www.fcejs.unsl.edu.ar\\\/\",\"name\":\"Facultad de Ciencias Econ\u00f3micas, Jur\u00ed\u00addicas y Sociales\",\"description\":\"\",\"publisher\":{\"@id\":\"https:\\\/\\\/www.fcejs.unsl.edu.ar\\\/#organization\"},\"potentialAction\":[{\"@type\":\"SearchAction\",\"target\":{\"@type\":\"EntryPoint\",\"urlTemplate\":\"https:\\\/\\\/www.fcejs.unsl.edu.ar\\\/?s={search_term_string}\"},\"query-input\":{\"@type\":\"PropertyValueSpecification\",\"valueRequired\":true,\"valueName\":\"search_term_string\"}}],\"inLanguage\":\"es-AR\"},{\"@type\":\"Organization\",\"@id\":\"https:\\\/\\\/www.fcejs.unsl.edu.ar\\\/#organization\",\"name\":\"Facultad de Ciencias Econ\u00f3micas, Jur\u00eddicas y Sociales\",\"url\":\"https:\\\/\\\/www.fcejs.unsl.edu.ar\\\/\",\"logo\":{\"@type\":\"ImageObject\",\"inLanguage\":\"es-AR\",\"@id\":\"https:\\\/\\\/www.fcejs.unsl.edu.ar\\\/#\\\/schema\\\/logo\\\/image\\\/\",\"url\":\"https:\\\/\\\/www.fcejs.unsl.edu.ar\\\/wp-content\\\/uploads\\\/2021\\\/03\\\/logo-1.jpg\",\"contentUrl\":\"https:\\\/\\\/www.fcejs.unsl.edu.ar\\\/wp-content\\\/uploads\\\/2021\\\/03\\\/logo-1.jpg\",\"width\":471,\"height\":146,\"caption\":\"Facultad de Ciencias Econ\u00f3micas, Jur\u00eddicas y Sociales\"},\"image\":{\"@id\":\"https:\\\/\\\/www.fcejs.unsl.edu.ar\\\/#\\\/schema\\\/logo\\\/image\\\/\"},\"sameAs\":[\"https:\\\/\\\/www.facebook.com\\\/FCEJS.UNSL\\\/\",\"https:\\\/\\\/x.com\\\/FCEJSUNSL\",\"https:\\\/\\\/www.instagram.com\\\/fcejs.unsl\\\/\",\"https:\\\/\\\/www.youtube.com\\\/channel\\\/UCH-Ut6EaN_X5ogjIQMPe46g\\\/\"]},{\"@type\":\"Person\",\"@id\":\"https:\\\/\\\/www.fcejs.unsl.edu.ar\\\/#\\\/schema\\\/person\\\/352ee6ed90c3f394c7cb5945f8956d34\",\"name\":\"DATI\"}]}<\/script>\n<!-- \/ Yoast SEO plugin. -->","yoast_head_json":{"title":"La FCEJS establece un nuevo vinculo acad\u00e9mico con la Municipalidad de Villa Mercedes. - Facultad de Ciencias Econ\u00f3micas, Jur\u00ed\u00addicas y Sociales","robots":{"index":"index","follow":"follow","max-snippet":"max-snippet:-1","max-image-preview":"max-image-preview:large","max-video-preview":"max-video-preview:-1"},"canonical":"https:\/\/www.fcejs.unsl.edu.ar\/index.php\/la-fcejs-establece-un-nuevo-vinculo-academico-con-la-municipalidad-de-villa-mercedes\/","og_locale":"es_ES","og_type":"article","og_title":"La FCEJS establece un nuevo vinculo acad\u00e9mico con la Municipalidad de Villa Mercedes. - Facultad de Ciencias Econ\u00f3micas, Jur\u00ed\u00addicas y Sociales","og_description":"En la tarde del lunes 17 de mayo, en el Sal\u00f3n Azul de la Municipalidad de Villa Mercedes tuvo lugar la firma de un nuevo&hellip;","og_url":"https:\/\/www.fcejs.unsl.edu.ar\/index.php\/la-fcejs-establece-un-nuevo-vinculo-academico-con-la-municipalidad-de-villa-mercedes\/","og_site_name":"Facultad de Ciencias Econ\u00f3micas, Jur\u00ed\u00addicas y Sociales","article_publisher":"https:\/\/www.facebook.com\/FCEJS.UNSL\/","article_published_time":"2021-05-18T14:15:21+00:00","article_modified_time":"2021-09-20T14:21:50+00:00","og_image":[{"width":1058,"height":594,"url":"https:\/\/www.fcejs.unsl.edu.ar\/wp-content\/uploads\/2021\/05\/firma-convenio-muni.jpg","type":"image\/jpeg"}],"author":"DATI","twitter_card":"summary_large_image","twitter_creator":"@FCEJSUNSL","twitter_site":"@FCEJSUNSL","twitter_misc":{"Escrito por":"DATI","Tiempo de lectura":"2 minutos"},"schema":{"@context":"https:\/\/schema.org","@graph":[{"@type":"Article","@id":"https:\/\/www.fcejs.unsl.edu.ar\/index.php\/la-fcejs-establece-un-nuevo-vinculo-academico-con-la-municipalidad-de-villa-mercedes\/#article","isPartOf":{"@id":"https:\/\/www.fcejs.unsl.edu.ar\/index.php\/la-fcejs-establece-un-nuevo-vinculo-academico-con-la-municipalidad-de-villa-mercedes\/"},"author":{"name":"DATI","@id":"https:\/\/www.fcejs.unsl.edu.ar\/#\/schema\/person\/352ee6ed90c3f394c7cb5945f8956d34"},"headline":"La FCEJS establece un nuevo vinculo acad\u00e9mico con la Municipalidad de Villa Mercedes.","datePublished":"2021-05-18T14:15:21+00:00","dateModified":"2021-09-20T14:21:50+00:00","mainEntityOfPage":{"@id":"https:\/\/www.fcejs.unsl.edu.ar\/index.php\/la-fcejs-establece-un-nuevo-vinculo-academico-con-la-municipalidad-de-villa-mercedes\/"},"wordCount":319,"publisher":{"@id":"https:\/\/www.fcejs.unsl.edu.ar\/#organization"},"image":{"@id":"https:\/\/www.fcejs.unsl.edu.ar\/index.php\/la-fcejs-establece-un-nuevo-vinculo-academico-con-la-municipalidad-de-villa-mercedes\/#primaryimage"},"thumbnailUrl":"https:\/\/www.fcejs.unsl.edu.ar\/wp-content\/uploads\/2021\/05\/firma-convenio-muni.jpg","articleSection":["Noticias"],"inLanguage":"es-AR"},{"@type":"WebPage","@id":"https:\/\/www.fcejs.unsl.edu.ar\/index.php\/la-fcejs-establece-un-nuevo-vinculo-academico-con-la-municipalidad-de-villa-mercedes\/","url":"https:\/\/www.fcejs.unsl.edu.ar\/index.php\/la-fcejs-establece-un-nuevo-vinculo-academico-con-la-municipalidad-de-villa-mercedes\/","name":"La FCEJS establece un nuevo vinculo acad\u00e9mico con la Municipalidad de Villa Mercedes. - Facultad de Ciencias Econ\u00f3micas, Jur\u00ed\u00addicas y Sociales","isPartOf":{"@id":"https:\/\/www.fcejs.unsl.edu.ar\/#website"},"primaryImageOfPage":{"@id":"https:\/\/www.fcejs.unsl.edu.ar\/index.php\/la-fcejs-establece-un-nuevo-vinculo-academico-con-la-municipalidad-de-villa-mercedes\/#primaryimage"},"image":{"@id":"https:\/\/www.fcejs.unsl.edu.ar\/index.php\/la-fcejs-establece-un-nuevo-vinculo-academico-con-la-municipalidad-de-villa-mercedes\/#primaryimage"},"thumbnailUrl":"https:\/\/www.fcejs.unsl.edu.ar\/wp-content\/uploads\/2021\/05\/firma-convenio-muni.jpg","datePublished":"2021-05-18T14:15:21+00:00","dateModified":"2021-09-20T14:21:50+00:00","breadcrumb":{"@id":"https:\/\/www.fcejs.unsl.edu.ar\/index.php\/la-fcejs-establece-un-nuevo-vinculo-academico-con-la-municipalidad-de-villa-mercedes\/#breadcrumb"},"inLanguage":"es-AR","potentialAction":[{"@type":"ReadAction","target":["https:\/\/www.fcejs.unsl.edu.ar\/index.php\/la-fcejs-establece-un-nuevo-vinculo-academico-con-la-municipalidad-de-villa-mercedes\/"]}]},{"@type":"ImageObject","inLanguage":"es-AR","@id":"https:\/\/www.fcejs.unsl.edu.ar\/index.php\/la-fcejs-establece-un-nuevo-vinculo-academico-con-la-municipalidad-de-villa-mercedes\/#primaryimage","url":"https:\/\/www.fcejs.unsl.edu.ar\/wp-content\/uploads\/2021\/05\/firma-convenio-muni.jpg","contentUrl":"https:\/\/www.fcejs.unsl.edu.ar\/wp-content\/uploads\/2021\/05\/firma-convenio-muni.jpg","width":1058,"height":594},{"@type":"BreadcrumbList","@id":"https:\/\/www.fcejs.unsl.edu.ar\/index.php\/la-fcejs-establece-un-nuevo-vinculo-academico-con-la-municipalidad-de-villa-mercedes\/#breadcrumb","itemListElement":[{"@type":"ListItem","position":1,"name":"Inicio","item":"https:\/\/www.fcejs.unsl.edu.ar\/"},{"@type":"ListItem","position":2,"name":"La FCEJS establece un nuevo vinculo acad\u00e9mico con la Municipalidad de Villa Mercedes."}]},{"@type":"WebSite","@id":"https:\/\/www.fcejs.unsl.edu.ar\/#website","url":"https:\/\/www.fcejs.unsl.edu.ar\/","name":"Facultad de Ciencias Econ\u00f3micas, Jur\u00ed\u00addicas y Sociales","description":"","publisher":{"@id":"https:\/\/www.fcejs.unsl.edu.ar\/#organization"},"potentialAction":[{"@type":"SearchAction","target":{"@type":"EntryPoint","urlTemplate":"https:\/\/www.fcejs.unsl.edu.ar\/?s={search_term_string}"},"query-input":{"@type":"PropertyValueSpecification","valueRequired":true,"valueName":"search_term_string"}}],"inLanguage":"es-AR"},{"@type":"Organization","@id":"https:\/\/www.fcejs.unsl.edu.ar\/#organization","name":"Facultad de Ciencias Econ\u00f3micas, Jur\u00eddicas y Sociales","url":"https:\/\/www.fcejs.unsl.edu.ar\/","logo":{"@type":"ImageObject","inLanguage":"es-AR","@id":"https:\/\/www.fcejs.unsl.edu.ar\/#\/schema\/logo\/image\/","url":"https:\/\/www.fcejs.unsl.edu.ar\/wp-content\/uploads\/2021\/03\/logo-1.jpg","contentUrl":"https:\/\/www.fcejs.unsl.edu.ar\/wp-content\/uploads\/2021\/03\/logo-1.jpg","width":471,"height":146,"caption":"Facultad de Ciencias Econ\u00f3micas, Jur\u00eddicas y Sociales"},"image":{"@id":"https:\/\/www.fcejs.unsl.edu.ar\/#\/schema\/logo\/image\/"},"sameAs":["https:\/\/www.facebook.com\/FCEJS.UNSL\/","https:\/\/x.com\/FCEJSUNSL","https:\/\/www.instagram.com\/fcejs.unsl\/","https:\/\/www.youtube.com\/channel\/UCH-Ut6EaN_X5ogjIQMPe46g\/"]},{"@type":"Person","@id":"https:\/\/www.fcejs.unsl.edu.ar\/#\/schema\/person\/352ee6ed90c3f394c7cb5945f8956d34","name":"DATI"}]}},"jetpack_featured_media_url":"https:\/\/www.fcejs.unsl.edu.ar\/wp-content\/uploads\/2021\/05\/firma-convenio-muni.jpg","_links":{"self":[{"href":"https:\/\/www.fcejs.unsl.edu.ar\/index.php\/wp-json\/wp\/v2\/posts\/3625","targetHints":{"allow":["GET"]}}],"collection":[{"href":"https:\/\/www.fcejs.unsl.edu.ar\/index.php\/wp-json\/wp\/v2\/posts"}],"about":[{"href":"https:\/\/www.fcejs.unsl.edu.ar\/index.php\/wp-json\/wp\/v2\/types\/post"}],"author":[{"embeddable":true,"href":"https:\/\/www.fcejs.unsl.edu.ar\/index.php\/wp-json\/wp\/v2\/users\/9"}],"replies":[{"embeddable":true,"href":"https:\/\/www.fcejs.unsl.edu.ar\/index.php\/wp-json\/wp\/v2\/comments?post=3625"}],"version-history":[{"count":10,"href":"https:\/\/www.fcejs.unsl.edu.ar\/index.php\/wp-json\/wp\/v2\/posts\/3625\/revisions"}],"predecessor-version":[{"id":3656,"href":"https:\/\/www.fcejs.unsl.edu.ar\/index.php\/wp-json\/wp\/v2\/posts\/3625\/revisions\/3656"}],"wp:featuredmedia":[{"embeddable":true,"href":"https:\/\/www.fcejs.unsl.edu.ar\/index.php\/wp-json\/wp\/v2\/media\/3626"}],"wp:attachment":[{"href":"https:\/\/www.fcejs.unsl.edu.ar\/index.php\/wp-json\/wp\/v2\/media?parent=3625"}],"wp:term":[{"taxonomy":"category","embeddable":true,"href":"https:\/\/www.fcejs.unsl.edu.ar\/index.php\/wp-json\/wp\/v2\/categories?post=3625"},{"taxonomy":"post_tag","embeddable":true,"href":"https:\/\/www.fcejs.unsl.edu.ar\/index.php\/wp-json\/wp\/v2\/tags?post=3625"}],"curies":[{"name":"wp","href":"https:\/\/api.w.org\/{rel}","templated":true}]}}