{"id":3608,"date":"2021-05-17T10:07:37","date_gmt":"2021-05-17T13:07:37","guid":{"rendered":"http:\/\/10.101.10.197\/www\/?p=3608"},"modified":"2021-11-16T08:48:36","modified_gmt":"2021-11-16T11:48:36","slug":"aceptaron-al-equipo-de-la-fcejs-unsl-que-participara-de-la-1-edicion-de-la-competencia-federal-de-arbitraje-ambiental-cfaa","status":"publish","type":"post","link":"https:\/\/www.fcejs.unsl.edu.ar\/index.php\/aceptaron-al-equipo-de-la-fcejs-unsl-que-participara-de-la-1-edicion-de-la-competencia-federal-de-arbitraje-ambiental-cfaa\/","title":{"rendered":"Aceptaron al equipo de la FCEJS-UNSL que participar\u00e1 de la 1\u00b0 Edici\u00f3n de la Competencia  Federal de Arbitraje Ambiental (CFAA)"},"content":{"rendered":"<p>El Comit\u00e9 Organizador de la CFAA admiti\u00f3 a los estudiantes que integran el equipo de la carrera de abogac\u00eda de la FCEJS que participar\u00e1 de la 1\u00b0 Edici\u00f3n de la Competencia Federal de Arbitraje Ambiental, organizada por la Facultad de Derecho de la UBA y que se realizar\u00e1 durante el mes de noviembre de 2021.<\/p>\n<p>El Comit\u00e9 les di\u00f3 la bienvenida y comenz\u00f3 a entregar material con informaci\u00f3n sobre jurisprudencia, normativa, doctrina e informaci\u00f3n general sobre el caso con el cual deber\u00e1n trabajar.<\/p>\n<p>El equipo que representa a la FCEJS est\u00e1 integrado por Jos\u00e9 Ignacio D\u00f3mine, Mar\u00eda I\u00f1aki Echeverr\u00eda y Roxana Elizabeth Roca Aguilera.<\/p>\n","protected":false},"excerpt":{"rendered":"<p>El Comit\u00e9 Organizador de la CFAA admiti\u00f3 a los estudiantes que integran el equipo de la carrera de abogac\u00eda de la FCEJS que participar\u00e1 de&hellip;<\/p>\n","protected":false},"author":9,"featured_media":3493,"comment_status":"closed","ping_status":"closed","sticky":false,"template":"","format":"standard","meta":{"om_disable_all_campaigns":false,"_monsterinsights_skip_tracking":false,"_monsterinsights_sitenote_active":false,"_monsterinsights_sitenote_note":"","_monsterinsights_sitenote_category":0,"footnotes":""},"categories":[1],"tags":[],"class_list":["post-3608","post","type-post","status-publish","format-standard","has-post-thumbnail","hentry","category-noticias"],"yoast_head":"<!-- This site is optimized with the Yoast SEO plugin v27.4 - https:\/\/yoast.com\/product\/yoast-seo-wordpress\/ -->\n<title>Aceptaron al equipo de la FCEJS-UNSL que participar\u00e1 de la 1\u00b0 Edici\u00f3n de la Competencia Federal de Arbitraje Ambiental (CFAA) - Facultad de Ciencias Econ\u00f3micas, Jur\u00ed\u00addicas y Sociales<\/title>\n<meta name=\"robots\" content=\"index, follow, max-snippet:-1, max-image-preview:large, max-video-preview:-1\" \/>\n<link rel=\"canonical\" href=\"https:\/\/www.fcejs.unsl.edu.ar\/index.php\/aceptaron-al-equipo-de-la-fcejs-unsl-que-participara-de-la-1-edicion-de-la-competencia-federal-de-arbitraje-ambiental-cfaa\/\" \/>\n<meta property=\"og:locale\" content=\"es_ES\" \/>\n<meta property=\"og:type\" content=\"article\" \/>\n<meta property=\"og:title\" content=\"Aceptaron al equipo de la FCEJS-UNSL que participar\u00e1 de la 1\u00b0 Edici\u00f3n de la Competencia Federal de Arbitraje Ambiental (CFAA) - Facultad de Ciencias Econ\u00f3micas, Jur\u00ed\u00addicas y Sociales\" \/>\n<meta property=\"og:description\" content=\"El Comit\u00e9 Organizador de la CFAA admiti\u00f3 a los estudiantes que integran el equipo de la carrera de abogac\u00eda de la FCEJS que participar\u00e1 de&hellip;\" \/>\n<meta property=\"og:url\" content=\"https:\/\/www.fcejs.unsl.edu.ar\/index.php\/aceptaron-al-equipo-de-la-fcejs-unsl-que-participara-de-la-1-edicion-de-la-competencia-federal-de-arbitraje-ambiental-cfaa\/\" \/>\n<meta property=\"og:site_name\" content=\"Facultad de Ciencias Econ\u00f3micas, Jur\u00ed\u00addicas y Sociales\" \/>\n<meta property=\"article:publisher\" content=\"https:\/\/www.facebook.com\/FCEJS.UNSL\/\" \/>\n<meta property=\"article:published_time\" content=\"2021-05-17T13:07:37+00:00\" \/>\n<meta property=\"article:modified_time\" content=\"2021-11-16T11:48:36+00:00\" \/>\n<meta property=\"og:image\" content=\"https:\/\/www.fcejs.unsl.edu.ar\/wp-content\/uploads\/2021\/05\/arbitraje-03.jpg\" \/>\n\t<meta property=\"og:image:width\" content=\"1054\" \/>\n\t<meta property=\"og:image:height\" content=\"594\" \/>\n\t<meta property=\"og:image:type\" content=\"image\/jpeg\" \/>\n<meta name=\"author\" content=\"DATI\" \/>\n<meta name=\"twitter:card\" content=\"summary_large_image\" \/>\n<meta name=\"twitter:creator\" content=\"@FCEJSUNSL\" \/>\n<meta name=\"twitter:site\" content=\"@FCEJSUNSL\" \/>\n<meta name=\"twitter:label1\" content=\"Escrito por\" \/>\n\t<meta name=\"twitter:data1\" content=\"DATI\" \/>\n\t<meta name=\"twitter:label2\" content=\"Tiempo de lectura\" \/>\n\t<meta name=\"twitter:data2\" content=\"1 minuto\" \/>\n<script type=\"application\/ld+json\" class=\"yoast-schema-graph\">{\"@context\":\"https:\\\/\\\/schema.org\",\"@graph\":[{\"@type\":\"Article\",\"@id\":\"https:\\\/\\\/www.fcejs.unsl.edu.ar\\\/index.php\\\/aceptaron-al-equipo-de-la-fcejs-unsl-que-participara-de-la-1-edicion-de-la-competencia-federal-de-arbitraje-ambiental-cfaa\\\/#article\",\"isPartOf\":{\"@id\":\"https:\\\/\\\/www.fcejs.unsl.edu.ar\\\/index.php\\\/aceptaron-al-equipo-de-la-fcejs-unsl-que-participara-de-la-1-edicion-de-la-competencia-federal-de-arbitraje-ambiental-cfaa\\\/\"},\"author\":{\"name\":\"DATI\",\"@id\":\"https:\\\/\\\/www.fcejs.unsl.edu.ar\\\/#\\\/schema\\\/person\\\/352ee6ed90c3f394c7cb5945f8956d34\"},\"headline\":\"Aceptaron al equipo de la FCEJS-UNSL que participar\u00e1 de la 1\u00b0 Edici\u00f3n de la Competencia Federal de Arbitraje Ambiental (CFAA)\",\"datePublished\":\"2021-05-17T13:07:37+00:00\",\"dateModified\":\"2021-11-16T11:48:36+00:00\",\"mainEntityOfPage\":{\"@id\":\"https:\\\/\\\/www.fcejs.unsl.edu.ar\\\/index.php\\\/aceptaron-al-equipo-de-la-fcejs-unsl-que-participara-de-la-1-edicion-de-la-competencia-federal-de-arbitraje-ambiental-cfaa\\\/\"},\"wordCount\":131,\"publisher\":{\"@id\":\"https:\\\/\\\/www.fcejs.unsl.edu.ar\\\/#organization\"},\"image\":{\"@id\":\"https:\\\/\\\/www.fcejs.unsl.edu.ar\\\/index.php\\\/aceptaron-al-equipo-de-la-fcejs-unsl-que-participara-de-la-1-edicion-de-la-competencia-federal-de-arbitraje-ambiental-cfaa\\\/#primaryimage\"},\"thumbnailUrl\":\"https:\\\/\\\/www.fcejs.unsl.edu.ar\\\/wp-content\\\/uploads\\\/2021\\\/05\\\/arbitraje-03.jpg\",\"articleSection\":[\"Noticias\"],\"inLanguage\":\"es-AR\"},{\"@type\":\"WebPage\",\"@id\":\"https:\\\/\\\/www.fcejs.unsl.edu.ar\\\/index.php\\\/aceptaron-al-equipo-de-la-fcejs-unsl-que-participara-de-la-1-edicion-de-la-competencia-federal-de-arbitraje-ambiental-cfaa\\\/\",\"url\":\"https:\\\/\\\/www.fcejs.unsl.edu.ar\\\/index.php\\\/aceptaron-al-equipo-de-la-fcejs-unsl-que-participara-de-la-1-edicion-de-la-competencia-federal-de-arbitraje-ambiental-cfaa\\\/\",\"name\":\"Aceptaron al equipo de la FCEJS-UNSL que participar\u00e1 de la 1\u00b0 Edici\u00f3n de la Competencia Federal de Arbitraje Ambiental (CFAA) - Facultad de Ciencias Econ\u00f3micas, Jur\u00ed\u00addicas y Sociales\",\"isPartOf\":{\"@id\":\"https:\\\/\\\/www.fcejs.unsl.edu.ar\\\/#website\"},\"primaryImageOfPage\":{\"@id\":\"https:\\\/\\\/www.fcejs.unsl.edu.ar\\\/index.php\\\/aceptaron-al-equipo-de-la-fcejs-unsl-que-participara-de-la-1-edicion-de-la-competencia-federal-de-arbitraje-ambiental-cfaa\\\/#primaryimage\"},\"image\":{\"@id\":\"https:\\\/\\\/www.fcejs.unsl.edu.ar\\\/index.php\\\/aceptaron-al-equipo-de-la-fcejs-unsl-que-participara-de-la-1-edicion-de-la-competencia-federal-de-arbitraje-ambiental-cfaa\\\/#primaryimage\"},\"thumbnailUrl\":\"https:\\\/\\\/www.fcejs.unsl.edu.ar\\\/wp-content\\\/uploads\\\/2021\\\/05\\\/arbitraje-03.jpg\",\"datePublished\":\"2021-05-17T13:07:37+00:00\",\"dateModified\":\"2021-11-16T11:48:36+00:00\",\"breadcrumb\":{\"@id\":\"https:\\\/\\\/www.fcejs.unsl.edu.ar\\\/index.php\\\/aceptaron-al-equipo-de-la-fcejs-unsl-que-participara-de-la-1-edicion-de-la-competencia-federal-de-arbitraje-ambiental-cfaa\\\/#breadcrumb\"},\"inLanguage\":\"es-AR\",\"potentialAction\":[{\"@type\":\"ReadAction\",\"target\":[\"https:\\\/\\\/www.fcejs.unsl.edu.ar\\\/index.php\\\/aceptaron-al-equipo-de-la-fcejs-unsl-que-participara-de-la-1-edicion-de-la-competencia-federal-de-arbitraje-ambiental-cfaa\\\/\"]}]},{\"@type\":\"ImageObject\",\"inLanguage\":\"es-AR\",\"@id\":\"https:\\\/\\\/www.fcejs.unsl.edu.ar\\\/index.php\\\/aceptaron-al-equipo-de-la-fcejs-unsl-que-participara-de-la-1-edicion-de-la-competencia-federal-de-arbitraje-ambiental-cfaa\\\/#primaryimage\",\"url\":\"https:\\\/\\\/www.fcejs.unsl.edu.ar\\\/wp-content\\\/uploads\\\/2021\\\/05\\\/arbitraje-03.jpg\",\"contentUrl\":\"https:\\\/\\\/www.fcejs.unsl.edu.ar\\\/wp-content\\\/uploads\\\/2021\\\/05\\\/arbitraje-03.jpg\",\"width\":1054,\"height\":594},{\"@type\":\"BreadcrumbList\",\"@id\":\"https:\\\/\\\/www.fcejs.unsl.edu.ar\\\/index.php\\\/aceptaron-al-equipo-de-la-fcejs-unsl-que-participara-de-la-1-edicion-de-la-competencia-federal-de-arbitraje-ambiental-cfaa\\\/#breadcrumb\",\"itemListElement\":[{\"@type\":\"ListItem\",\"position\":1,\"name\":\"Inicio\",\"item\":\"https:\\\/\\\/www.fcejs.unsl.edu.ar\\\/\"},{\"@type\":\"ListItem\",\"position\":2,\"name\":\"Aceptaron al equipo de la FCEJS-UNSL que participar\u00e1 de la 1\u00b0 Edici\u00f3n de la Competencia Federal de Arbitraje Ambiental (CFAA)\"}]},{\"@type\":\"WebSite\",\"@id\":\"https:\\\/\\\/www.fcejs.unsl.edu.ar\\\/#website\",\"url\":\"https:\\\/\\\/www.fcejs.unsl.edu.ar\\\/\",\"name\":\"Facultad de Ciencias Econ\u00f3micas, Jur\u00ed\u00addicas y Sociales\",\"description\":\"\",\"publisher\":{\"@id\":\"https:\\\/\\\/www.fcejs.unsl.edu.ar\\\/#organization\"},\"potentialAction\":[{\"@type\":\"SearchAction\",\"target\":{\"@type\":\"EntryPoint\",\"urlTemplate\":\"https:\\\/\\\/www.fcejs.unsl.edu.ar\\\/?s={search_term_string}\"},\"query-input\":{\"@type\":\"PropertyValueSpecification\",\"valueRequired\":true,\"valueName\":\"search_term_string\"}}],\"inLanguage\":\"es-AR\"},{\"@type\":\"Organization\",\"@id\":\"https:\\\/\\\/www.fcejs.unsl.edu.ar\\\/#organization\",\"name\":\"Facultad de Ciencias Econ\u00f3micas, Jur\u00eddicas y Sociales\",\"url\":\"https:\\\/\\\/www.fcejs.unsl.edu.ar\\\/\",\"logo\":{\"@type\":\"ImageObject\",\"inLanguage\":\"es-AR\",\"@id\":\"https:\\\/\\\/www.fcejs.unsl.edu.ar\\\/#\\\/schema\\\/logo\\\/image\\\/\",\"url\":\"https:\\\/\\\/www.fcejs.unsl.edu.ar\\\/wp-content\\\/uploads\\\/2021\\\/03\\\/logo-1.jpg\",\"contentUrl\":\"https:\\\/\\\/www.fcejs.unsl.edu.ar\\\/wp-content\\\/uploads\\\/2021\\\/03\\\/logo-1.jpg\",\"width\":471,\"height\":146,\"caption\":\"Facultad de Ciencias Econ\u00f3micas, Jur\u00eddicas y Sociales\"},\"image\":{\"@id\":\"https:\\\/\\\/www.fcejs.unsl.edu.ar\\\/#\\\/schema\\\/logo\\\/image\\\/\"},\"sameAs\":[\"https:\\\/\\\/www.facebook.com\\\/FCEJS.UNSL\\\/\",\"https:\\\/\\\/x.com\\\/FCEJSUNSL\",\"https:\\\/\\\/www.instagram.com\\\/fcejs.unsl\\\/\",\"https:\\\/\\\/www.youtube.com\\\/channel\\\/UCH-Ut6EaN_X5ogjIQMPe46g\\\/\"]},{\"@type\":\"Person\",\"@id\":\"https:\\\/\\\/www.fcejs.unsl.edu.ar\\\/#\\\/schema\\\/person\\\/352ee6ed90c3f394c7cb5945f8956d34\",\"name\":\"DATI\"}]}<\/script>\n<!-- \/ Yoast SEO plugin. -->","yoast_head_json":{"title":"Aceptaron al equipo de la FCEJS-UNSL que participar\u00e1 de la 1\u00b0 Edici\u00f3n de la Competencia Federal de Arbitraje Ambiental (CFAA) - Facultad de Ciencias Econ\u00f3micas, Jur\u00ed\u00addicas y Sociales","robots":{"index":"index","follow":"follow","max-snippet":"max-snippet:-1","max-image-preview":"max-image-preview:large","max-video-preview":"max-video-preview:-1"},"canonical":"https:\/\/www.fcejs.unsl.edu.ar\/index.php\/aceptaron-al-equipo-de-la-fcejs-unsl-que-participara-de-la-1-edicion-de-la-competencia-federal-de-arbitraje-ambiental-cfaa\/","og_locale":"es_ES","og_type":"article","og_title":"Aceptaron al equipo de la FCEJS-UNSL que participar\u00e1 de la 1\u00b0 Edici\u00f3n de la Competencia Federal de Arbitraje Ambiental (CFAA) - Facultad de Ciencias Econ\u00f3micas, Jur\u00ed\u00addicas y Sociales","og_description":"El Comit\u00e9 Organizador de la CFAA admiti\u00f3 a los estudiantes que integran el equipo de la carrera de abogac\u00eda de la FCEJS que participar\u00e1 de&hellip;","og_url":"https:\/\/www.fcejs.unsl.edu.ar\/index.php\/aceptaron-al-equipo-de-la-fcejs-unsl-que-participara-de-la-1-edicion-de-la-competencia-federal-de-arbitraje-ambiental-cfaa\/","og_site_name":"Facultad de Ciencias Econ\u00f3micas, Jur\u00ed\u00addicas y Sociales","article_publisher":"https:\/\/www.facebook.com\/FCEJS.UNSL\/","article_published_time":"2021-05-17T13:07:37+00:00","article_modified_time":"2021-11-16T11:48:36+00:00","og_image":[{"width":1054,"height":594,"url":"https:\/\/www.fcejs.unsl.edu.ar\/wp-content\/uploads\/2021\/05\/arbitraje-03.jpg","type":"image\/jpeg"}],"author":"DATI","twitter_card":"summary_large_image","twitter_creator":"@FCEJSUNSL","twitter_site":"@FCEJSUNSL","twitter_misc":{"Escrito por":"DATI","Tiempo de lectura":"1 minuto"},"schema":{"@context":"https:\/\/schema.org","@graph":[{"@type":"Article","@id":"https:\/\/www.fcejs.unsl.edu.ar\/index.php\/aceptaron-al-equipo-de-la-fcejs-unsl-que-participara-de-la-1-edicion-de-la-competencia-federal-de-arbitraje-ambiental-cfaa\/#article","isPartOf":{"@id":"https:\/\/www.fcejs.unsl.edu.ar\/index.php\/aceptaron-al-equipo-de-la-fcejs-unsl-que-participara-de-la-1-edicion-de-la-competencia-federal-de-arbitraje-ambiental-cfaa\/"},"author":{"name":"DATI","@id":"https:\/\/www.fcejs.unsl.edu.ar\/#\/schema\/person\/352ee6ed90c3f394c7cb5945f8956d34"},"headline":"Aceptaron al equipo de la FCEJS-UNSL que participar\u00e1 de la 1\u00b0 Edici\u00f3n de la Competencia Federal de Arbitraje Ambiental (CFAA)","datePublished":"2021-05-17T13:07:37+00:00","dateModified":"2021-11-16T11:48:36+00:00","mainEntityOfPage":{"@id":"https:\/\/www.fcejs.unsl.edu.ar\/index.php\/aceptaron-al-equipo-de-la-fcejs-unsl-que-participara-de-la-1-edicion-de-la-competencia-federal-de-arbitraje-ambiental-cfaa\/"},"wordCount":131,"publisher":{"@id":"https:\/\/www.fcejs.unsl.edu.ar\/#organization"},"image":{"@id":"https:\/\/www.fcejs.unsl.edu.ar\/index.php\/aceptaron-al-equipo-de-la-fcejs-unsl-que-participara-de-la-1-edicion-de-la-competencia-federal-de-arbitraje-ambiental-cfaa\/#primaryimage"},"thumbnailUrl":"https:\/\/www.fcejs.unsl.edu.ar\/wp-content\/uploads\/2021\/05\/arbitraje-03.jpg","articleSection":["Noticias"],"inLanguage":"es-AR"},{"@type":"WebPage","@id":"https:\/\/www.fcejs.unsl.edu.ar\/index.php\/aceptaron-al-equipo-de-la-fcejs-unsl-que-participara-de-la-1-edicion-de-la-competencia-federal-de-arbitraje-ambiental-cfaa\/","url":"https:\/\/www.fcejs.unsl.edu.ar\/index.php\/aceptaron-al-equipo-de-la-fcejs-unsl-que-participara-de-la-1-edicion-de-la-competencia-federal-de-arbitraje-ambiental-cfaa\/","name":"Aceptaron al equipo de la FCEJS-UNSL que participar\u00e1 de la 1\u00b0 Edici\u00f3n de la Competencia Federal de Arbitraje Ambiental (CFAA) - Facultad de Ciencias Econ\u00f3micas, Jur\u00ed\u00addicas y Sociales","isPartOf":{"@id":"https:\/\/www.fcejs.unsl.edu.ar\/#website"},"primaryImageOfPage":{"@id":"https:\/\/www.fcejs.unsl.edu.ar\/index.php\/aceptaron-al-equipo-de-la-fcejs-unsl-que-participara-de-la-1-edicion-de-la-competencia-federal-de-arbitraje-ambiental-cfaa\/#primaryimage"},"image":{"@id":"https:\/\/www.fcejs.unsl.edu.ar\/index.php\/aceptaron-al-equipo-de-la-fcejs-unsl-que-participara-de-la-1-edicion-de-la-competencia-federal-de-arbitraje-ambiental-cfaa\/#primaryimage"},"thumbnailUrl":"https:\/\/www.fcejs.unsl.edu.ar\/wp-content\/uploads\/2021\/05\/arbitraje-03.jpg","datePublished":"2021-05-17T13:07:37+00:00","dateModified":"2021-11-16T11:48:36+00:00","breadcrumb":{"@id":"https:\/\/www.fcejs.unsl.edu.ar\/index.php\/aceptaron-al-equipo-de-la-fcejs-unsl-que-participara-de-la-1-edicion-de-la-competencia-federal-de-arbitraje-ambiental-cfaa\/#breadcrumb"},"inLanguage":"es-AR","potentialAction":[{"@type":"ReadAction","target":["https:\/\/www.fcejs.unsl.edu.ar\/index.php\/aceptaron-al-equipo-de-la-fcejs-unsl-que-participara-de-la-1-edicion-de-la-competencia-federal-de-arbitraje-ambiental-cfaa\/"]}]},{"@type":"ImageObject","inLanguage":"es-AR","@id":"https:\/\/www.fcejs.unsl.edu.ar\/index.php\/aceptaron-al-equipo-de-la-fcejs-unsl-que-participara-de-la-1-edicion-de-la-competencia-federal-de-arbitraje-ambiental-cfaa\/#primaryimage","url":"https:\/\/www.fcejs.unsl.edu.ar\/wp-content\/uploads\/2021\/05\/arbitraje-03.jpg","contentUrl":"https:\/\/www.fcejs.unsl.edu.ar\/wp-content\/uploads\/2021\/05\/arbitraje-03.jpg","width":1054,"height":594},{"@type":"BreadcrumbList","@id":"https:\/\/www.fcejs.unsl.edu.ar\/index.php\/aceptaron-al-equipo-de-la-fcejs-unsl-que-participara-de-la-1-edicion-de-la-competencia-federal-de-arbitraje-ambiental-cfaa\/#breadcrumb","itemListElement":[{"@type":"ListItem","position":1,"name":"Inicio","item":"https:\/\/www.fcejs.unsl.edu.ar\/"},{"@type":"ListItem","position":2,"name":"Aceptaron al equipo de la FCEJS-UNSL que participar\u00e1 de la 1\u00b0 Edici\u00f3n de la Competencia Federal de Arbitraje Ambiental (CFAA)"}]},{"@type":"WebSite","@id":"https:\/\/www.fcejs.unsl.edu.ar\/#website","url":"https:\/\/www.fcejs.unsl.edu.ar\/","name":"Facultad de Ciencias Econ\u00f3micas, Jur\u00ed\u00addicas y Sociales","description":"","publisher":{"@id":"https:\/\/www.fcejs.unsl.edu.ar\/#organization"},"potentialAction":[{"@type":"SearchAction","target":{"@type":"EntryPoint","urlTemplate":"https:\/\/www.fcejs.unsl.edu.ar\/?s={search_term_string}"},"query-input":{"@type":"PropertyValueSpecification","valueRequired":true,"valueName":"search_term_string"}}],"inLanguage":"es-AR"},{"@type":"Organization","@id":"https:\/\/www.fcejs.unsl.edu.ar\/#organization","name":"Facultad de Ciencias Econ\u00f3micas, Jur\u00eddicas y Sociales","url":"https:\/\/www.fcejs.unsl.edu.ar\/","logo":{"@type":"ImageObject","inLanguage":"es-AR","@id":"https:\/\/www.fcejs.unsl.edu.ar\/#\/schema\/logo\/image\/","url":"https:\/\/www.fcejs.unsl.edu.ar\/wp-content\/uploads\/2021\/03\/logo-1.jpg","contentUrl":"https:\/\/www.fcejs.unsl.edu.ar\/wp-content\/uploads\/2021\/03\/logo-1.jpg","width":471,"height":146,"caption":"Facultad de Ciencias Econ\u00f3micas, Jur\u00eddicas y Sociales"},"image":{"@id":"https:\/\/www.fcejs.unsl.edu.ar\/#\/schema\/logo\/image\/"},"sameAs":["https:\/\/www.facebook.com\/FCEJS.UNSL\/","https:\/\/x.com\/FCEJSUNSL","https:\/\/www.instagram.com\/fcejs.unsl\/","https:\/\/www.youtube.com\/channel\/UCH-Ut6EaN_X5ogjIQMPe46g\/"]},{"@type":"Person","@id":"https:\/\/www.fcejs.unsl.edu.ar\/#\/schema\/person\/352ee6ed90c3f394c7cb5945f8956d34","name":"DATI"}]}},"jetpack_featured_media_url":"https:\/\/www.fcejs.unsl.edu.ar\/wp-content\/uploads\/2021\/05\/arbitraje-03.jpg","_links":{"self":[{"href":"https:\/\/www.fcejs.unsl.edu.ar\/index.php\/wp-json\/wp\/v2\/posts\/3608","targetHints":{"allow":["GET"]}}],"collection":[{"href":"https:\/\/www.fcejs.unsl.edu.ar\/index.php\/wp-json\/wp\/v2\/posts"}],"about":[{"href":"https:\/\/www.fcejs.unsl.edu.ar\/index.php\/wp-json\/wp\/v2\/types\/post"}],"author":[{"embeddable":true,"href":"https:\/\/www.fcejs.unsl.edu.ar\/index.php\/wp-json\/wp\/v2\/users\/9"}],"replies":[{"embeddable":true,"href":"https:\/\/www.fcejs.unsl.edu.ar\/index.php\/wp-json\/wp\/v2\/comments?post=3608"}],"version-history":[{"count":1,"href":"https:\/\/www.fcejs.unsl.edu.ar\/index.php\/wp-json\/wp\/v2\/posts\/3608\/revisions"}],"predecessor-version":[{"id":3609,"href":"https:\/\/www.fcejs.unsl.edu.ar\/index.php\/wp-json\/wp\/v2\/posts\/3608\/revisions\/3609"}],"wp:featuredmedia":[{"embeddable":true,"href":"https:\/\/www.fcejs.unsl.edu.ar\/index.php\/wp-json\/wp\/v2\/media\/3493"}],"wp:attachment":[{"href":"https:\/\/www.fcejs.unsl.edu.ar\/index.php\/wp-json\/wp\/v2\/media?parent=3608"}],"wp:term":[{"taxonomy":"category","embeddable":true,"href":"https:\/\/www.fcejs.unsl.edu.ar\/index.php\/wp-json\/wp\/v2\/categories?post=3608"},{"taxonomy":"post_tag","embeddable":true,"href":"https:\/\/www.fcejs.unsl.edu.ar\/index.php\/wp-json\/wp\/v2\/tags?post=3608"}],"curies":[{"name":"wp","href":"https:\/\/api.w.org\/{rel}","templated":true}]}}