{"id":3560,"date":"2021-05-13T12:34:43","date_gmt":"2021-05-13T15:34:43","guid":{"rendered":"http:\/\/10.101.10.197\/www\/?p=3560"},"modified":"2021-05-17T09:14:28","modified_gmt":"2021-05-17T12:14:28","slug":"experto-disertara-sobre-crecimiento-economico-y-sostenibilidad-medioambiental","status":"publish","type":"post","link":"https:\/\/www.fcejs.unsl.edu.ar\/index.php\/experto-disertara-sobre-crecimiento-economico-y-sostenibilidad-medioambiental\/","title":{"rendered":"Experto disertar\u00e1 sobre crecimiento econ\u00f3mico y sostenibilidad medioambiental"},"content":{"rendered":"<p>En el marco de un nuevo aniversario de la Universidad Nacional de San Luis (UNSL), el Dr. Josep Burgaya brindar\u00e1 una Conferencia desde Barcelona, Espa\u00f1a. Ser\u00e1 el s\u00e1bado 15 de mayo a las 9:00 horas y podr\u00e1 seguirse en vivo desde el <a href=\"https:\/\/youtu.be\/D41O5sdzEzY\"><strong>Canal de YouTube de UNSL TV<\/strong><\/a><strong>.<\/strong><\/p>\n<p>Bajo el nombre\u00a0<em>Crecimiento econ\u00f3mico y sostenibilidad medioambiental. Hacer las cosas bien, ya no es suficiente<\/em>, el experto expondr\u00e1 durante 30 minutos. La Conferencia ser\u00e1 presentada por la Dra. Roxana Lobos de la Facultad de Ciencias Econ\u00f3micas, Jur\u00eddicas y Sociales (FCEJS). Luego de su exposici\u00f3n, el rector C.P.N V\u00edctor Mori\u00f1igo, mantendr\u00e1 un di\u00e1logo con el Dr. Burgaya.<\/p>\n<p>La actividad contar\u00e1 con una inscripci\u00f3n previa y se entregar\u00e1n certificados. Qui\u00e9nes deseen ser parte, podr\u00e1n anotarse a trav\u00e9s del siguiente<strong>\u00a0<a href=\"https:\/\/forms.gle\/NkYJ3e5Nfr5XtPiK7\">enlace<\/a><\/strong>.<\/p>\n<p><strong>Sobre el Dr. Josep Burgaya<\/strong><\/p>\n<p>Es Doctor en Historia Contempor\u00e1nea (UAB), Decano de la Facultad de Empresa y Comunicaci\u00f3n de la Universidad Central de Catalu\u00f1a (Uvic). Como profesor titular, ha impartido las materias de Historia Econ\u00f3mica en Ciencias Empresariales y Administraci\u00f3n y Direcci\u00f3n de Empresas, Evoluci\u00f3n del Pensamiento Contempor\u00e1neo y Estructura del Sistema de Comunicaci\u00f3n en los Grados de Periodismo, Comunicaci\u00f3n Audiovisual; de Econom\u00eda en Publicidad y Relaciones P\u00fablicas, y la asignatura Organizaciones Internacionales Pol\u00edticas y Econ\u00f3micas en la Licenciatura de Traducci\u00f3n e Interpretaci\u00f3n.<\/p>\n<p>Fue impulsor de la creaci\u00f3n de la Facultad, y fue su decano entre 1997-2003, adem\u00e1s de miembro del Patronato de su entidad titular (FUB). Entre 2003 y 2011 ha estado en la administraci\u00f3n p\u00fablica, siendo Teniente de Alcalde de Econom\u00eda y Hacienda del Ayuntamiento de Vic y Presidente del Instituto Municipal de Promoci\u00f3n y Econom\u00eda (IMPEVIC), gestionando un presupuesto de m\u00e1s de 40 millones de Euros anuales, creando incubadoras de empresas y sistemas de apoyo a emprendedores e impulsando la creaci\u00f3n de un Parque de la Innovaci\u00f3n y el Conocimiento.<\/p>\n<p>A nivel empresarial, ha sido Consejero-Delegado de una empresa de recogida de residuos, Presidente del consorcio de gesti\u00f3n de un vertedero de residuos (OR\u00cdS). Ha publicado centenares de art\u00edculos sobre temas de historia, econom\u00eda, empresa, turismo, universidades y pol\u00edtica; y ha participado como profesor invitado en diversos cursos y seminarios en universidades de Espa\u00f1a y de Am\u00e9rica Latina.<\/p>\n<p>Foto e informaci\u00f3n de trayectoria: extra\u00edda de la web<\/p>\n","protected":false},"excerpt":{"rendered":"<p>En el marco de un nuevo aniversario de la Universidad Nacional de San Luis (UNSL), el Dr. Josep Burgaya brindar\u00e1 una Conferencia desde Barcelona, Espa\u00f1a.&hellip;<\/p>\n","protected":false},"author":9,"featured_media":3561,"comment_status":"closed","ping_status":"closed","sticky":false,"template":"","format":"standard","meta":{"om_disable_all_campaigns":false,"_monsterinsights_skip_tracking":false,"_monsterinsights_sitenote_active":false,"_monsterinsights_sitenote_note":"","_monsterinsights_sitenote_category":0,"footnotes":""},"categories":[21],"tags":[],"class_list":["post-3560","post","type-post","status-publish","format-standard","has-post-thumbnail","hentry","category-archivadas"],"yoast_head":"<!-- This site is optimized with the Yoast SEO plugin v27.4 - https:\/\/yoast.com\/product\/yoast-seo-wordpress\/ -->\n<title>Experto disertar\u00e1 sobre crecimiento econ\u00f3mico y sostenibilidad medioambiental - Facultad de Ciencias Econ\u00f3micas, Jur\u00ed\u00addicas y Sociales<\/title>\n<meta name=\"robots\" content=\"index, follow, max-snippet:-1, max-image-preview:large, max-video-preview:-1\" \/>\n<link rel=\"canonical\" href=\"https:\/\/www.fcejs.unsl.edu.ar\/index.php\/experto-disertara-sobre-crecimiento-economico-y-sostenibilidad-medioambiental\/\" \/>\n<meta property=\"og:locale\" content=\"es_ES\" \/>\n<meta property=\"og:type\" content=\"article\" \/>\n<meta property=\"og:title\" content=\"Experto disertar\u00e1 sobre crecimiento econ\u00f3mico y sostenibilidad medioambiental - Facultad de Ciencias Econ\u00f3micas, Jur\u00ed\u00addicas y Sociales\" \/>\n<meta property=\"og:description\" content=\"En el marco de un nuevo aniversario de la Universidad Nacional de San Luis (UNSL), el Dr. Josep Burgaya brindar\u00e1 una Conferencia desde Barcelona, Espa\u00f1a.&hellip;\" \/>\n<meta property=\"og:url\" content=\"https:\/\/www.fcejs.unsl.edu.ar\/index.php\/experto-disertara-sobre-crecimiento-economico-y-sostenibilidad-medioambiental\/\" \/>\n<meta property=\"og:site_name\" content=\"Facultad de Ciencias Econ\u00f3micas, Jur\u00ed\u00addicas y Sociales\" \/>\n<meta property=\"article:publisher\" content=\"https:\/\/www.facebook.com\/FCEJS.UNSL\/\" \/>\n<meta property=\"article:published_time\" content=\"2021-05-13T15:34:43+00:00\" \/>\n<meta property=\"article:modified_time\" content=\"2021-05-17T12:14:28+00:00\" \/>\n<meta property=\"og:image\" content=\"https:\/\/www.fcejs.unsl.edu.ar\/wp-content\/uploads\/2021\/05\/burgaya-1000x600-1.jpg\" \/>\n\t<meta property=\"og:image:width\" content=\"1000\" \/>\n\t<meta property=\"og:image:height\" content=\"600\" \/>\n\t<meta property=\"og:image:type\" content=\"image\/jpeg\" \/>\n<meta name=\"author\" content=\"DATI\" \/>\n<meta name=\"twitter:card\" content=\"summary_large_image\" \/>\n<meta name=\"twitter:creator\" content=\"@FCEJSUNSL\" \/>\n<meta name=\"twitter:site\" content=\"@FCEJSUNSL\" \/>\n<meta name=\"twitter:label1\" content=\"Escrito por\" \/>\n\t<meta name=\"twitter:data1\" content=\"DATI\" \/>\n\t<meta name=\"twitter:label2\" content=\"Tiempo de lectura\" \/>\n\t<meta name=\"twitter:data2\" content=\"2 minutos\" \/>\n<script type=\"application\/ld+json\" class=\"yoast-schema-graph\">{\"@context\":\"https:\\\/\\\/schema.org\",\"@graph\":[{\"@type\":\"Article\",\"@id\":\"https:\\\/\\\/www.fcejs.unsl.edu.ar\\\/index.php\\\/experto-disertara-sobre-crecimiento-economico-y-sostenibilidad-medioambiental\\\/#article\",\"isPartOf\":{\"@id\":\"https:\\\/\\\/www.fcejs.unsl.edu.ar\\\/index.php\\\/experto-disertara-sobre-crecimiento-economico-y-sostenibilidad-medioambiental\\\/\"},\"author\":{\"name\":\"DATI\",\"@id\":\"https:\\\/\\\/www.fcejs.unsl.edu.ar\\\/#\\\/schema\\\/person\\\/352ee6ed90c3f394c7cb5945f8956d34\"},\"headline\":\"Experto disertar\u00e1 sobre crecimiento econ\u00f3mico y sostenibilidad medioambiental\",\"datePublished\":\"2021-05-13T15:34:43+00:00\",\"dateModified\":\"2021-05-17T12:14:28+00:00\",\"mainEntityOfPage\":{\"@id\":\"https:\\\/\\\/www.fcejs.unsl.edu.ar\\\/index.php\\\/experto-disertara-sobre-crecimiento-economico-y-sostenibilidad-medioambiental\\\/\"},\"wordCount\":422,\"publisher\":{\"@id\":\"https:\\\/\\\/www.fcejs.unsl.edu.ar\\\/#organization\"},\"image\":{\"@id\":\"https:\\\/\\\/www.fcejs.unsl.edu.ar\\\/index.php\\\/experto-disertara-sobre-crecimiento-economico-y-sostenibilidad-medioambiental\\\/#primaryimage\"},\"thumbnailUrl\":\"https:\\\/\\\/www.fcejs.unsl.edu.ar\\\/wp-content\\\/uploads\\\/2021\\\/05\\\/burgaya-1000x600-1.jpg\",\"articleSection\":[\"Archivadas\"],\"inLanguage\":\"es-AR\"},{\"@type\":\"WebPage\",\"@id\":\"https:\\\/\\\/www.fcejs.unsl.edu.ar\\\/index.php\\\/experto-disertara-sobre-crecimiento-economico-y-sostenibilidad-medioambiental\\\/\",\"url\":\"https:\\\/\\\/www.fcejs.unsl.edu.ar\\\/index.php\\\/experto-disertara-sobre-crecimiento-economico-y-sostenibilidad-medioambiental\\\/\",\"name\":\"Experto disertar\u00e1 sobre crecimiento econ\u00f3mico y sostenibilidad medioambiental - Facultad de Ciencias Econ\u00f3micas, Jur\u00ed\u00addicas y Sociales\",\"isPartOf\":{\"@id\":\"https:\\\/\\\/www.fcejs.unsl.edu.ar\\\/#website\"},\"primaryImageOfPage\":{\"@id\":\"https:\\\/\\\/www.fcejs.unsl.edu.ar\\\/index.php\\\/experto-disertara-sobre-crecimiento-economico-y-sostenibilidad-medioambiental\\\/#primaryimage\"},\"image\":{\"@id\":\"https:\\\/\\\/www.fcejs.unsl.edu.ar\\\/index.php\\\/experto-disertara-sobre-crecimiento-economico-y-sostenibilidad-medioambiental\\\/#primaryimage\"},\"thumbnailUrl\":\"https:\\\/\\\/www.fcejs.unsl.edu.ar\\\/wp-content\\\/uploads\\\/2021\\\/05\\\/burgaya-1000x600-1.jpg\",\"datePublished\":\"2021-05-13T15:34:43+00:00\",\"dateModified\":\"2021-05-17T12:14:28+00:00\",\"breadcrumb\":{\"@id\":\"https:\\\/\\\/www.fcejs.unsl.edu.ar\\\/index.php\\\/experto-disertara-sobre-crecimiento-economico-y-sostenibilidad-medioambiental\\\/#breadcrumb\"},\"inLanguage\":\"es-AR\",\"potentialAction\":[{\"@type\":\"ReadAction\",\"target\":[\"https:\\\/\\\/www.fcejs.unsl.edu.ar\\\/index.php\\\/experto-disertara-sobre-crecimiento-economico-y-sostenibilidad-medioambiental\\\/\"]}]},{\"@type\":\"ImageObject\",\"inLanguage\":\"es-AR\",\"@id\":\"https:\\\/\\\/www.fcejs.unsl.edu.ar\\\/index.php\\\/experto-disertara-sobre-crecimiento-economico-y-sostenibilidad-medioambiental\\\/#primaryimage\",\"url\":\"https:\\\/\\\/www.fcejs.unsl.edu.ar\\\/wp-content\\\/uploads\\\/2021\\\/05\\\/burgaya-1000x600-1.jpg\",\"contentUrl\":\"https:\\\/\\\/www.fcejs.unsl.edu.ar\\\/wp-content\\\/uploads\\\/2021\\\/05\\\/burgaya-1000x600-1.jpg\",\"width\":1000,\"height\":600},{\"@type\":\"BreadcrumbList\",\"@id\":\"https:\\\/\\\/www.fcejs.unsl.edu.ar\\\/index.php\\\/experto-disertara-sobre-crecimiento-economico-y-sostenibilidad-medioambiental\\\/#breadcrumb\",\"itemListElement\":[{\"@type\":\"ListItem\",\"position\":1,\"name\":\"Inicio\",\"item\":\"https:\\\/\\\/www.fcejs.unsl.edu.ar\\\/\"},{\"@type\":\"ListItem\",\"position\":2,\"name\":\"Experto disertar\u00e1 sobre crecimiento econ\u00f3mico y sostenibilidad medioambiental\"}]},{\"@type\":\"WebSite\",\"@id\":\"https:\\\/\\\/www.fcejs.unsl.edu.ar\\\/#website\",\"url\":\"https:\\\/\\\/www.fcejs.unsl.edu.ar\\\/\",\"name\":\"Facultad de Ciencias Econ\u00f3micas, Jur\u00ed\u00addicas y Sociales\",\"description\":\"\",\"publisher\":{\"@id\":\"https:\\\/\\\/www.fcejs.unsl.edu.ar\\\/#organization\"},\"potentialAction\":[{\"@type\":\"SearchAction\",\"target\":{\"@type\":\"EntryPoint\",\"urlTemplate\":\"https:\\\/\\\/www.fcejs.unsl.edu.ar\\\/?s={search_term_string}\"},\"query-input\":{\"@type\":\"PropertyValueSpecification\",\"valueRequired\":true,\"valueName\":\"search_term_string\"}}],\"inLanguage\":\"es-AR\"},{\"@type\":\"Organization\",\"@id\":\"https:\\\/\\\/www.fcejs.unsl.edu.ar\\\/#organization\",\"name\":\"Facultad de Ciencias Econ\u00f3micas, Jur\u00eddicas y Sociales\",\"url\":\"https:\\\/\\\/www.fcejs.unsl.edu.ar\\\/\",\"logo\":{\"@type\":\"ImageObject\",\"inLanguage\":\"es-AR\",\"@id\":\"https:\\\/\\\/www.fcejs.unsl.edu.ar\\\/#\\\/schema\\\/logo\\\/image\\\/\",\"url\":\"https:\\\/\\\/www.fcejs.unsl.edu.ar\\\/wp-content\\\/uploads\\\/2021\\\/03\\\/logo-1.jpg\",\"contentUrl\":\"https:\\\/\\\/www.fcejs.unsl.edu.ar\\\/wp-content\\\/uploads\\\/2021\\\/03\\\/logo-1.jpg\",\"width\":471,\"height\":146,\"caption\":\"Facultad de Ciencias Econ\u00f3micas, Jur\u00eddicas y Sociales\"},\"image\":{\"@id\":\"https:\\\/\\\/www.fcejs.unsl.edu.ar\\\/#\\\/schema\\\/logo\\\/image\\\/\"},\"sameAs\":[\"https:\\\/\\\/www.facebook.com\\\/FCEJS.UNSL\\\/\",\"https:\\\/\\\/x.com\\\/FCEJSUNSL\",\"https:\\\/\\\/www.instagram.com\\\/fcejs.unsl\\\/\",\"https:\\\/\\\/www.youtube.com\\\/channel\\\/UCH-Ut6EaN_X5ogjIQMPe46g\\\/\"]},{\"@type\":\"Person\",\"@id\":\"https:\\\/\\\/www.fcejs.unsl.edu.ar\\\/#\\\/schema\\\/person\\\/352ee6ed90c3f394c7cb5945f8956d34\",\"name\":\"DATI\"}]}<\/script>\n<!-- \/ Yoast SEO plugin. -->","yoast_head_json":{"title":"Experto disertar\u00e1 sobre crecimiento econ\u00f3mico y sostenibilidad medioambiental - Facultad de Ciencias Econ\u00f3micas, Jur\u00ed\u00addicas y Sociales","robots":{"index":"index","follow":"follow","max-snippet":"max-snippet:-1","max-image-preview":"max-image-preview:large","max-video-preview":"max-video-preview:-1"},"canonical":"https:\/\/www.fcejs.unsl.edu.ar\/index.php\/experto-disertara-sobre-crecimiento-economico-y-sostenibilidad-medioambiental\/","og_locale":"es_ES","og_type":"article","og_title":"Experto disertar\u00e1 sobre crecimiento econ\u00f3mico y sostenibilidad medioambiental - Facultad de Ciencias Econ\u00f3micas, Jur\u00ed\u00addicas y Sociales","og_description":"En el marco de un nuevo aniversario de la Universidad Nacional de San Luis (UNSL), el Dr. Josep Burgaya brindar\u00e1 una Conferencia desde Barcelona, Espa\u00f1a.&hellip;","og_url":"https:\/\/www.fcejs.unsl.edu.ar\/index.php\/experto-disertara-sobre-crecimiento-economico-y-sostenibilidad-medioambiental\/","og_site_name":"Facultad de Ciencias Econ\u00f3micas, Jur\u00ed\u00addicas y Sociales","article_publisher":"https:\/\/www.facebook.com\/FCEJS.UNSL\/","article_published_time":"2021-05-13T15:34:43+00:00","article_modified_time":"2021-05-17T12:14:28+00:00","og_image":[{"width":1000,"height":600,"url":"https:\/\/www.fcejs.unsl.edu.ar\/wp-content\/uploads\/2021\/05\/burgaya-1000x600-1.jpg","type":"image\/jpeg"}],"author":"DATI","twitter_card":"summary_large_image","twitter_creator":"@FCEJSUNSL","twitter_site":"@FCEJSUNSL","twitter_misc":{"Escrito por":"DATI","Tiempo de lectura":"2 minutos"},"schema":{"@context":"https:\/\/schema.org","@graph":[{"@type":"Article","@id":"https:\/\/www.fcejs.unsl.edu.ar\/index.php\/experto-disertara-sobre-crecimiento-economico-y-sostenibilidad-medioambiental\/#article","isPartOf":{"@id":"https:\/\/www.fcejs.unsl.edu.ar\/index.php\/experto-disertara-sobre-crecimiento-economico-y-sostenibilidad-medioambiental\/"},"author":{"name":"DATI","@id":"https:\/\/www.fcejs.unsl.edu.ar\/#\/schema\/person\/352ee6ed90c3f394c7cb5945f8956d34"},"headline":"Experto disertar\u00e1 sobre crecimiento econ\u00f3mico y sostenibilidad medioambiental","datePublished":"2021-05-13T15:34:43+00:00","dateModified":"2021-05-17T12:14:28+00:00","mainEntityOfPage":{"@id":"https:\/\/www.fcejs.unsl.edu.ar\/index.php\/experto-disertara-sobre-crecimiento-economico-y-sostenibilidad-medioambiental\/"},"wordCount":422,"publisher":{"@id":"https:\/\/www.fcejs.unsl.edu.ar\/#organization"},"image":{"@id":"https:\/\/www.fcejs.unsl.edu.ar\/index.php\/experto-disertara-sobre-crecimiento-economico-y-sostenibilidad-medioambiental\/#primaryimage"},"thumbnailUrl":"https:\/\/www.fcejs.unsl.edu.ar\/wp-content\/uploads\/2021\/05\/burgaya-1000x600-1.jpg","articleSection":["Archivadas"],"inLanguage":"es-AR"},{"@type":"WebPage","@id":"https:\/\/www.fcejs.unsl.edu.ar\/index.php\/experto-disertara-sobre-crecimiento-economico-y-sostenibilidad-medioambiental\/","url":"https:\/\/www.fcejs.unsl.edu.ar\/index.php\/experto-disertara-sobre-crecimiento-economico-y-sostenibilidad-medioambiental\/","name":"Experto disertar\u00e1 sobre crecimiento econ\u00f3mico y sostenibilidad medioambiental - Facultad de Ciencias Econ\u00f3micas, Jur\u00ed\u00addicas y Sociales","isPartOf":{"@id":"https:\/\/www.fcejs.unsl.edu.ar\/#website"},"primaryImageOfPage":{"@id":"https:\/\/www.fcejs.unsl.edu.ar\/index.php\/experto-disertara-sobre-crecimiento-economico-y-sostenibilidad-medioambiental\/#primaryimage"},"image":{"@id":"https:\/\/www.fcejs.unsl.edu.ar\/index.php\/experto-disertara-sobre-crecimiento-economico-y-sostenibilidad-medioambiental\/#primaryimage"},"thumbnailUrl":"https:\/\/www.fcejs.unsl.edu.ar\/wp-content\/uploads\/2021\/05\/burgaya-1000x600-1.jpg","datePublished":"2021-05-13T15:34:43+00:00","dateModified":"2021-05-17T12:14:28+00:00","breadcrumb":{"@id":"https:\/\/www.fcejs.unsl.edu.ar\/index.php\/experto-disertara-sobre-crecimiento-economico-y-sostenibilidad-medioambiental\/#breadcrumb"},"inLanguage":"es-AR","potentialAction":[{"@type":"ReadAction","target":["https:\/\/www.fcejs.unsl.edu.ar\/index.php\/experto-disertara-sobre-crecimiento-economico-y-sostenibilidad-medioambiental\/"]}]},{"@type":"ImageObject","inLanguage":"es-AR","@id":"https:\/\/www.fcejs.unsl.edu.ar\/index.php\/experto-disertara-sobre-crecimiento-economico-y-sostenibilidad-medioambiental\/#primaryimage","url":"https:\/\/www.fcejs.unsl.edu.ar\/wp-content\/uploads\/2021\/05\/burgaya-1000x600-1.jpg","contentUrl":"https:\/\/www.fcejs.unsl.edu.ar\/wp-content\/uploads\/2021\/05\/burgaya-1000x600-1.jpg","width":1000,"height":600},{"@type":"BreadcrumbList","@id":"https:\/\/www.fcejs.unsl.edu.ar\/index.php\/experto-disertara-sobre-crecimiento-economico-y-sostenibilidad-medioambiental\/#breadcrumb","itemListElement":[{"@type":"ListItem","position":1,"name":"Inicio","item":"https:\/\/www.fcejs.unsl.edu.ar\/"},{"@type":"ListItem","position":2,"name":"Experto disertar\u00e1 sobre crecimiento econ\u00f3mico y sostenibilidad medioambiental"}]},{"@type":"WebSite","@id":"https:\/\/www.fcejs.unsl.edu.ar\/#website","url":"https:\/\/www.fcejs.unsl.edu.ar\/","name":"Facultad de Ciencias Econ\u00f3micas, Jur\u00ed\u00addicas y Sociales","description":"","publisher":{"@id":"https:\/\/www.fcejs.unsl.edu.ar\/#organization"},"potentialAction":[{"@type":"SearchAction","target":{"@type":"EntryPoint","urlTemplate":"https:\/\/www.fcejs.unsl.edu.ar\/?s={search_term_string}"},"query-input":{"@type":"PropertyValueSpecification","valueRequired":true,"valueName":"search_term_string"}}],"inLanguage":"es-AR"},{"@type":"Organization","@id":"https:\/\/www.fcejs.unsl.edu.ar\/#organization","name":"Facultad de Ciencias Econ\u00f3micas, Jur\u00eddicas y Sociales","url":"https:\/\/www.fcejs.unsl.edu.ar\/","logo":{"@type":"ImageObject","inLanguage":"es-AR","@id":"https:\/\/www.fcejs.unsl.edu.ar\/#\/schema\/logo\/image\/","url":"https:\/\/www.fcejs.unsl.edu.ar\/wp-content\/uploads\/2021\/03\/logo-1.jpg","contentUrl":"https:\/\/www.fcejs.unsl.edu.ar\/wp-content\/uploads\/2021\/03\/logo-1.jpg","width":471,"height":146,"caption":"Facultad de Ciencias Econ\u00f3micas, Jur\u00eddicas y Sociales"},"image":{"@id":"https:\/\/www.fcejs.unsl.edu.ar\/#\/schema\/logo\/image\/"},"sameAs":["https:\/\/www.facebook.com\/FCEJS.UNSL\/","https:\/\/x.com\/FCEJSUNSL","https:\/\/www.instagram.com\/fcejs.unsl\/","https:\/\/www.youtube.com\/channel\/UCH-Ut6EaN_X5ogjIQMPe46g\/"]},{"@type":"Person","@id":"https:\/\/www.fcejs.unsl.edu.ar\/#\/schema\/person\/352ee6ed90c3f394c7cb5945f8956d34","name":"DATI"}]}},"jetpack_featured_media_url":"https:\/\/www.fcejs.unsl.edu.ar\/wp-content\/uploads\/2021\/05\/burgaya-1000x600-1.jpg","_links":{"self":[{"href":"https:\/\/www.fcejs.unsl.edu.ar\/index.php\/wp-json\/wp\/v2\/posts\/3560","targetHints":{"allow":["GET"]}}],"collection":[{"href":"https:\/\/www.fcejs.unsl.edu.ar\/index.php\/wp-json\/wp\/v2\/posts"}],"about":[{"href":"https:\/\/www.fcejs.unsl.edu.ar\/index.php\/wp-json\/wp\/v2\/types\/post"}],"author":[{"embeddable":true,"href":"https:\/\/www.fcejs.unsl.edu.ar\/index.php\/wp-json\/wp\/v2\/users\/9"}],"replies":[{"embeddable":true,"href":"https:\/\/www.fcejs.unsl.edu.ar\/index.php\/wp-json\/wp\/v2\/comments?post=3560"}],"version-history":[{"count":1,"href":"https:\/\/www.fcejs.unsl.edu.ar\/index.php\/wp-json\/wp\/v2\/posts\/3560\/revisions"}],"predecessor-version":[{"id":3562,"href":"https:\/\/www.fcejs.unsl.edu.ar\/index.php\/wp-json\/wp\/v2\/posts\/3560\/revisions\/3562"}],"wp:featuredmedia":[{"embeddable":true,"href":"https:\/\/www.fcejs.unsl.edu.ar\/index.php\/wp-json\/wp\/v2\/media\/3561"}],"wp:attachment":[{"href":"https:\/\/www.fcejs.unsl.edu.ar\/index.php\/wp-json\/wp\/v2\/media?parent=3560"}],"wp:term":[{"taxonomy":"category","embeddable":true,"href":"https:\/\/www.fcejs.unsl.edu.ar\/index.php\/wp-json\/wp\/v2\/categories?post=3560"},{"taxonomy":"post_tag","embeddable":true,"href":"https:\/\/www.fcejs.unsl.edu.ar\/index.php\/wp-json\/wp\/v2\/tags?post=3560"}],"curies":[{"name":"wp","href":"https:\/\/api.w.org\/{rel}","templated":true}]}}